{"id":10032,"date":"2025-06-15T01:52:14","date_gmt":"2025-06-15T01:52:14","guid":{"rendered":"https:\/\/realidadturistica.com\/realtur\/?p=10032"},"modified":"2025-06-15T01:52:16","modified_gmt":"2025-06-15T01:52:16","slug":"sefotur-impulsa-el-fortalecimiento-turistico-de-valladolid-como-pueblo-magico","status":"publish","type":"post","link":"https:\/\/realidadturistica.com\/realtur\/sefotur-impulsa-el-fortalecimiento-turistico-de-valladolid-como-pueblo-magico\/","title":{"rendered":"Sefotur impulsa el fortalecimiento tur\u00edstico de Valladolid como Pueblo M\u00e1gico"},"content":{"rendered":"\n<p class=\"wp-block-yoast-seo-estimated-reading-time yoast-reading-time__wrapper\"><span class=\"yoast-reading-time__icon\"><svg aria-hidden=\"true\" focusable=\"false\" data-icon=\"clock\" width=\"20\" height=\"20\" fill=\"none\" stroke=\"currentColor\" style=\"display:inline-block;vertical-align:-0.1em\" role=\"img\" xmlns=\"http:\/\/www.w3.org\/2000\/svg\" viewBox=\"0 0 24 24\"><path stroke-linecap=\"round\" stroke-linejoin=\"round\" stroke-width=\"2\" d=\"M12 8v4l3 3m6-3a9 9 0 11-18 0 9 9 0 0118 0z\"><\/path><\/svg><\/span><span class=\"yoast-reading-time__spacer\" style=\"display:inline-block;width:1em\"><\/span><span class=\"yoast-reading-time__descriptive-text\">Estimated reading time: <\/span><span class=\"yoast-reading-time__reading-time\">3<\/span><span class=\"yoast-reading-time__time-unit\"> minutos<\/span><\/p>\n\n\n\n<p>Instalan Comit\u00e9 Ciudadano y Consejo Consultivo Municipal para consolidar el desarrollo tur\u00edstico de ese destino.<\/p>\n\n\n\n<p>Como parte de la estrategia nacional y estatal para fortalecer los Pueblos M\u00e1gicos, la Secretar\u00eda de Fomento Tur\u00edstico (Sefotur) encabez\u00f3 la instalaci\u00f3n del Comit\u00e9 Ciudadano del Pueblo M\u00e1gico de Valladolid y el Consejo Consultivo Municipal de Turismo, con el objetivo de consolidar el desarrollo tur\u00edstico sostenible del municipio.<\/p>\n\n\n\n<p>Durante el acto, que tuvo lugar en el Sal\u00f3n de los Murales del Palacio Municipal, el titular de Sefotur, Dar\u00edo Flota Ocampo, y el alcalde de Valladolid, Homero Novelo Burgos, destacaron la importancia de la participaci\u00f3n ciudadana y la colaboraci\u00f3n institucional como pilares del fortalecimiento tur\u00edstico.<\/p>\n\n\n\n<figure class=\"wp-block-gallery has-nested-images columns-default is-cropped wp-block-gallery-1 is-layout-flex wp-block-gallery-is-layout-flex\">\n<figure class=\"wp-block-image size-large\"><img fetchpriority=\"high\" decoding=\"async\" width=\"1024\" height=\"683\" data-id=\"10034\" src=\"https:\/\/realidadturistica.com\/realtur\/wp-content\/uploads\/2025\/06\/Unknown1-6-1024x683.jpeg\" alt=\"\" class=\"wp-image-10034\" srcset=\"https:\/\/realidadturistica.com\/realtur\/wp-content\/uploads\/2025\/06\/Unknown1-6-1024x683.jpeg 1024w, https:\/\/realidadturistica.com\/realtur\/wp-content\/uploads\/2025\/06\/Unknown1-6-300x200.jpeg 300w, https:\/\/realidadturistica.com\/realtur\/wp-content\/uploads\/2025\/06\/Unknown1-6-768x512.jpeg 768w, https:\/\/realidadturistica.com\/realtur\/wp-content\/uploads\/2025\/06\/Unknown1-6-1536x1024.jpeg 1536w, https:\/\/realidadturistica.com\/realtur\/wp-content\/uploads\/2025\/06\/Unknown1-6-1170x780.jpeg 1170w, https:\/\/realidadturistica.com\/realtur\/wp-content\/uploads\/2025\/06\/Unknown1-6-585x390.jpeg 585w, https:\/\/realidadturistica.com\/realtur\/wp-content\/uploads\/2025\/06\/Unknown1-6-263x175.jpeg 263w, https:\/\/realidadturistica.com\/realtur\/wp-content\/uploads\/2025\/06\/Unknown1-6.jpeg 1600w\" sizes=\"(max-width: 1024px) 100vw, 1024px\" \/><\/figure>\n\n\n\n<figure class=\"wp-block-image size-large\"><img decoding=\"async\" width=\"1024\" height=\"698\" data-id=\"10035\" src=\"https:\/\/realidadturistica.com\/realtur\/wp-content\/uploads\/2025\/06\/Unknownp-1-1024x698.jpeg\" alt=\"\" class=\"wp-image-10035\" srcset=\"https:\/\/realidadturistica.com\/realtur\/wp-content\/uploads\/2025\/06\/Unknownp-1-1024x698.jpeg 1024w, https:\/\/realidadturistica.com\/realtur\/wp-content\/uploads\/2025\/06\/Unknownp-1-300x205.jpeg 300w, https:\/\/realidadturistica.com\/realtur\/wp-content\/uploads\/2025\/06\/Unknownp-1-768x524.jpeg 768w, https:\/\/realidadturistica.com\/realtur\/wp-content\/uploads\/2025\/06\/Unknownp-1-1536x1047.jpeg 1536w, https:\/\/realidadturistica.com\/realtur\/wp-content\/uploads\/2025\/06\/Unknownp-1-1170x798.jpeg 1170w, https:\/\/realidadturistica.com\/realtur\/wp-content\/uploads\/2025\/06\/Unknownp-1-585x399.jpeg 585w, https:\/\/realidadturistica.com\/realtur\/wp-content\/uploads\/2025\/06\/Unknownp-1.jpeg 1600w\" sizes=\"(max-width: 1024px) 100vw, 1024px\" \/><\/figure>\n<\/figure>\n\n\n\n<p>Estas acciones forman parte de la Estrategia Nacional de Fortalecimiento de los Pueblos M\u00e1gicos, impulsada por la Secretar\u00eda de Turismo federal (SECTUR), y se alinean con los objetivos del Plan Estatal de Desarrollo Renacimiento Maya 2024-2030 del Gobierno de Yucat\u00e1n.<\/p>\n\n\n\n<p>El Comit\u00e9 Ciudadano, integrado por representantes de la sociedad civil, tendr\u00e1 la misi\u00f3n de coordinar y supervisar las estrategias de desarrollo tur\u00edstico, econ\u00f3mico y cultural del municipio.<\/p>\n\n\n\n<p>A su vez, el Consejo Consultivo Municipal, conformado por autoridades locales, empresarios, acad\u00e9micos y organismos p\u00fablicos y privados, fungir\u00e1 como \u00f3rgano asesor en materia tur\u00edstica.<\/p>\n\n\n\n<figure class=\"wp-block-image size-large\"><img decoding=\"async\" width=\"1024\" height=\"683\" src=\"https:\/\/realidadturistica.com\/realtur\/wp-content\/uploads\/2025\/06\/Unknown2-4-1024x683.jpeg\" alt=\"\" class=\"wp-image-10036\" srcset=\"https:\/\/realidadturistica.com\/realtur\/wp-content\/uploads\/2025\/06\/Unknown2-4-1024x683.jpeg 1024w, https:\/\/realidadturistica.com\/realtur\/wp-content\/uploads\/2025\/06\/Unknown2-4-300x200.jpeg 300w, https:\/\/realidadturistica.com\/realtur\/wp-content\/uploads\/2025\/06\/Unknown2-4-768x512.jpeg 768w, https:\/\/realidadturistica.com\/realtur\/wp-content\/uploads\/2025\/06\/Unknown2-4-1536x1024.jpeg 1536w, https:\/\/realidadturistica.com\/realtur\/wp-content\/uploads\/2025\/06\/Unknown2-4-1170x780.jpeg 1170w, https:\/\/realidadturistica.com\/realtur\/wp-content\/uploads\/2025\/06\/Unknown2-4-585x390.jpeg 585w, https:\/\/realidadturistica.com\/realtur\/wp-content\/uploads\/2025\/06\/Unknown2-4-263x175.jpeg 263w, https:\/\/realidadturistica.com\/realtur\/wp-content\/uploads\/2025\/06\/Unknown2-4.jpeg 1600w\" sizes=\"(max-width: 1024px) 100vw, 1024px\" \/><\/figure>\n\n\n\n<p>En este marco, se anunci\u00f3 tambi\u00e9n que Valladolid cuenta ya con la autorizaci\u00f3n oficial para el uso del logo de la marca Pueblos M\u00e1gicos, tras la firma del convenio correspondiente con SECTUR.<\/p>\n\n\n\n<p>La instalaci\u00f3n de ambos \u00f3rganos representa un paso clave para refrendar el nombramiento de Valladolid como Pueblo M\u00e1gico y avanzar hacia una clasificaci\u00f3n m\u00e1s alta dentro del sistema nacional, fortaleciendo su posici\u00f3n como destino tur\u00edstico de relevancia regional y nacional.<\/p>\n\n\n\n<p>Sefotur<\/p>\n","protected":false},"excerpt":{"rendered":"<p>Instalan Comit\u00e9 Ciudadano y Consejo Consultivo Municipal para consolidar el desarrollo tur\u00edstico de ese destino. Como parte de la estrategia nacional y estatal para fortalecer&hellip;<\/p>\n","protected":false},"author":2,"featured_media":10033,"comment_status":"open","ping_status":"closed","sticky":false,"template":"","format":"standard","meta":{"content-type":"","_lmt_disableupdate":"","_lmt_disable":"","footnotes":""},"categories":[4],"tags":[],"class_list":["post-10032","post","type-post","status-publish","format-standard","has-post-thumbnail","hentry","category-destinos"],"yoast_head":"<!-- This site is optimized with the Yoast SEO Premium plugin v27.4 (Yoast SEO v27.5) - https:\/\/yoast.com\/product\/yoast-seo-premium-wordpress\/ -->\n<title>Sefotur impulsa el fortalecimiento tur\u00edstico de Valladolid como Pueblo M\u00e1gico - Realidad Tur\u00edstica<\/title>\n<meta name=\"robots\" content=\"index, follow, max-snippet:-1, max-image-preview:large, max-video-preview:-1\" \/>\n<link rel=\"canonical\" href=\"https:\/\/realidadturistica.com\/realtur\/sefotur-impulsa-el-fortalecimiento-turistico-de-valladolid-como-pueblo-magico\/\" \/>\n<meta property=\"og:locale\" content=\"es_ES\" \/>\n<meta property=\"og:type\" content=\"article\" \/>\n<meta property=\"og:title\" content=\"Sefotur impulsa el fortalecimiento tur\u00edstico de Valladolid como Pueblo M\u00e1gico\" \/>\n<meta property=\"og:description\" content=\"Instalan Comit\u00e9 Ciudadano y Consejo Consultivo Municipal para consolidar el desarrollo tur\u00edstico de ese destino. Como parte de la estrategia nacional y estatal para fortalecer&hellip;\" \/>\n<meta property=\"og:url\" content=\"https:\/\/realidadturistica.com\/realtur\/sefotur-impulsa-el-fortalecimiento-turistico-de-valladolid-como-pueblo-magico\/\" \/>\n<meta property=\"og:site_name\" content=\"Realidad Tur\u00edstica\" \/>\n<meta property=\"article:publisher\" content=\"https:\/\/www.facebook.com\/realidadturistica\" \/>\n<meta property=\"article:published_time\" content=\"2025-06-15T01:52:14+00:00\" \/>\n<meta property=\"article:modified_time\" content=\"2025-06-15T01:52:16+00:00\" \/>\n<meta property=\"og:image\" content=\"https:\/\/realidadturistica.com\/realtur\/wp-content\/uploads\/2025\/06\/Unknown-4.jpeg\" \/>\n\t<meta property=\"og:image:width\" content=\"1600\" \/>\n\t<meta property=\"og:image:height\" content=\"1067\" \/>\n\t<meta property=\"og:image:type\" content=\"image\/jpeg\" \/>\n<meta name=\"author\" content=\"Editor\" \/>\n<meta name=\"twitter:card\" content=\"summary_large_image\" \/>\n<meta name=\"twitter:label1\" content=\"Escrito por\" \/>\n\t<meta name=\"twitter:data1\" content=\"Editor\" \/>\n\t<meta name=\"twitter:label2\" content=\"Tiempo de lectura\" \/>\n\t<meta name=\"twitter:data2\" content=\"3 minutos\" \/>\n<script type=\"application\/ld+json\" class=\"yoast-schema-graph\">{\"@context\":\"https:\\\/\\\/schema.org\",\"@graph\":[{\"@type\":\"Article\",\"@id\":\"https:\\\/\\\/realidadturistica.com\\\/realtur\\\/sefotur-impulsa-el-fortalecimiento-turistico-de-valladolid-como-pueblo-magico\\\/#article\",\"isPartOf\":{\"@id\":\"https:\\\/\\\/realidadturistica.com\\\/realtur\\\/sefotur-impulsa-el-fortalecimiento-turistico-de-valladolid-como-pueblo-magico\\\/\"},\"author\":{\"name\":\"Editor\",\"@id\":\"https:\\\/\\\/realidadturistica.com\\\/realtur\\\/#\\\/schema\\\/person\\\/ade671191202490fcf08ab21590de73e\"},\"headline\":\"Sefotur impulsa el fortalecimiento tur\u00edstico de Valladolid como Pueblo M\u00e1gico\",\"datePublished\":\"2025-06-15T01:52:14+00:00\",\"dateModified\":\"2025-06-15T01:52:16+00:00\",\"mainEntityOfPage\":{\"@id\":\"https:\\\/\\\/realidadturistica.com\\\/realtur\\\/sefotur-impulsa-el-fortalecimiento-turistico-de-valladolid-como-pueblo-magico\\\/\"},\"wordCount\":320,\"commentCount\":0,\"publisher\":{\"@id\":\"https:\\\/\\\/realidadturistica.com\\\/realtur\\\/#organization\"},\"image\":{\"@id\":\"https:\\\/\\\/realidadturistica.com\\\/realtur\\\/sefotur-impulsa-el-fortalecimiento-turistico-de-valladolid-como-pueblo-magico\\\/#primaryimage\"},\"thumbnailUrl\":\"https:\\\/\\\/realidadturistica.com\\\/realtur\\\/wp-content\\\/uploads\\\/2025\\\/06\\\/Unknown-4.jpeg\",\"articleSection\":[\"Destinos M\u00e1gicos\"],\"inLanguage\":\"es\",\"potentialAction\":[{\"@type\":\"CommentAction\",\"name\":\"Comment\",\"target\":[\"https:\\\/\\\/realidadturistica.com\\\/realtur\\\/sefotur-impulsa-el-fortalecimiento-turistico-de-valladolid-como-pueblo-magico\\\/#respond\"]}]},{\"@type\":\"WebPage\",\"@id\":\"https:\\\/\\\/realidadturistica.com\\\/realtur\\\/sefotur-impulsa-el-fortalecimiento-turistico-de-valladolid-como-pueblo-magico\\\/\",\"url\":\"https:\\\/\\\/realidadturistica.com\\\/realtur\\\/sefotur-impulsa-el-fortalecimiento-turistico-de-valladolid-como-pueblo-magico\\\/\",\"name\":\"Sefotur impulsa el fortalecimiento tur\u00edstico de Valladolid como Pueblo M\u00e1gico - Realidad Tur\u00edstica\",\"isPartOf\":{\"@id\":\"https:\\\/\\\/realidadturistica.com\\\/realtur\\\/#website\"},\"primaryImageOfPage\":{\"@id\":\"https:\\\/\\\/realidadturistica.com\\\/realtur\\\/sefotur-impulsa-el-fortalecimiento-turistico-de-valladolid-como-pueblo-magico\\\/#primaryimage\"},\"image\":{\"@id\":\"https:\\\/\\\/realidadturistica.com\\\/realtur\\\/sefotur-impulsa-el-fortalecimiento-turistico-de-valladolid-como-pueblo-magico\\\/#primaryimage\"},\"thumbnailUrl\":\"https:\\\/\\\/realidadturistica.com\\\/realtur\\\/wp-content\\\/uploads\\\/2025\\\/06\\\/Unknown-4.jpeg\",\"datePublished\":\"2025-06-15T01:52:14+00:00\",\"dateModified\":\"2025-06-15T01:52:16+00:00\",\"breadcrumb\":{\"@id\":\"https:\\\/\\\/realidadturistica.com\\\/realtur\\\/sefotur-impulsa-el-fortalecimiento-turistico-de-valladolid-como-pueblo-magico\\\/#breadcrumb\"},\"inLanguage\":\"es\",\"potentialAction\":[{\"@type\":\"ReadAction\",\"target\":[\"https:\\\/\\\/realidadturistica.com\\\/realtur\\\/sefotur-impulsa-el-fortalecimiento-turistico-de-valladolid-como-pueblo-magico\\\/\"]}]},{\"@type\":\"ImageObject\",\"inLanguage\":\"es\",\"@id\":\"https:\\\/\\\/realidadturistica.com\\\/realtur\\\/sefotur-impulsa-el-fortalecimiento-turistico-de-valladolid-como-pueblo-magico\\\/#primaryimage\",\"url\":\"https:\\\/\\\/realidadturistica.com\\\/realtur\\\/wp-content\\\/uploads\\\/2025\\\/06\\\/Unknown-4.jpeg\",\"contentUrl\":\"https:\\\/\\\/realidadturistica.com\\\/realtur\\\/wp-content\\\/uploads\\\/2025\\\/06\\\/Unknown-4.jpeg\",\"width\":1600,\"height\":1067},{\"@type\":\"BreadcrumbList\",\"@id\":\"https:\\\/\\\/realidadturistica.com\\\/realtur\\\/sefotur-impulsa-el-fortalecimiento-turistico-de-valladolid-como-pueblo-magico\\\/#breadcrumb\",\"itemListElement\":[{\"@type\":\"ListItem\",\"position\":1,\"name\":\"Portada\",\"item\":\"https:\\\/\\\/realidadturistica.com\\\/realtur\\\/\"},{\"@type\":\"ListItem\",\"position\":2,\"name\":\"Sefotur impulsa el fortalecimiento tur\u00edstico de Valladolid como Pueblo M\u00e1gico\"}]},{\"@type\":\"WebSite\",\"@id\":\"https:\\\/\\\/realidadturistica.com\\\/realtur\\\/#website\",\"url\":\"https:\\\/\\\/realidadturistica.com\\\/realtur\\\/\",\"name\":\"Realidad Tur\u00edstica\",\"description\":\"\",\"publisher\":{\"@id\":\"https:\\\/\\\/realidadturistica.com\\\/realtur\\\/#organization\"},\"potentialAction\":[{\"@type\":\"SearchAction\",\"target\":{\"@type\":\"EntryPoint\",\"urlTemplate\":\"https:\\\/\\\/realidadturistica.com\\\/realtur\\\/?s={search_term_string}\"},\"query-input\":{\"@type\":\"PropertyValueSpecification\",\"valueRequired\":true,\"valueName\":\"search_term_string\"}}],\"inLanguage\":\"es\"},{\"@type\":\"Organization\",\"@id\":\"https:\\\/\\\/realidadturistica.com\\\/realtur\\\/#organization\",\"name\":\"Realidad Tur\u00edstica\",\"url\":\"https:\\\/\\\/realidadturistica.com\\\/realtur\\\/\",\"logo\":{\"@type\":\"ImageObject\",\"inLanguage\":\"es\",\"@id\":\"https:\\\/\\\/realidadturistica.com\\\/realtur\\\/#\\\/schema\\\/logo\\\/image\\\/\",\"url\":\"https:\\\/\\\/realidadturistica.com\\\/realtur\\\/wp-content\\\/uploads\\\/2021\\\/12\\\/logotipo-realidad-turistica.png\",\"contentUrl\":\"https:\\\/\\\/realidadturistica.com\\\/realtur\\\/wp-content\\\/uploads\\\/2021\\\/12\\\/logotipo-realidad-turistica.png\",\"width\":1382,\"height\":629,\"caption\":\"Realidad Tur\u00edstica\"},\"image\":{\"@id\":\"https:\\\/\\\/realidadturistica.com\\\/realtur\\\/#\\\/schema\\\/logo\\\/image\\\/\"},\"sameAs\":[\"https:\\\/\\\/www.facebook.com\\\/realidadturistica\",\"https:\\\/\\\/www.instagram.com\\\/realidad_turistica\\\/\"]},{\"@type\":\"Person\",\"@id\":\"https:\\\/\\\/realidadturistica.com\\\/realtur\\\/#\\\/schema\\\/person\\\/ade671191202490fcf08ab21590de73e\",\"name\":\"Editor\",\"image\":{\"@type\":\"ImageObject\",\"inLanguage\":\"es\",\"@id\":\"https:\\\/\\\/realidadturistica.com\\\/realtur\\\/wp-content\\\/uploads\\\/2023\\\/09\\\/Editor_avatar_1693668634-96x96.png\",\"url\":\"https:\\\/\\\/realidadturistica.com\\\/realtur\\\/wp-content\\\/uploads\\\/2023\\\/09\\\/Editor_avatar_1693668634-96x96.png\",\"contentUrl\":\"https:\\\/\\\/realidadturistica.com\\\/realtur\\\/wp-content\\\/uploads\\\/2023\\\/09\\\/Editor_avatar_1693668634-96x96.png\",\"caption\":\"Editor\"},\"sameAs\":[\"https:\\\/\\\/realidadturistica.com\\\/realtur\"],\"url\":\"https:\\\/\\\/realidadturistica.com\\\/realtur\\\/author\\\/editor2\\\/\"}]}<\/script>\n<!-- \/ Yoast SEO Premium plugin. -->","yoast_head_json":{"title":"Sefotur impulsa el fortalecimiento tur\u00edstico de Valladolid como Pueblo M\u00e1gico - Realidad Tur\u00edstica","robots":{"index":"index","follow":"follow","max-snippet":"max-snippet:-1","max-image-preview":"max-image-preview:large","max-video-preview":"max-video-preview:-1"},"canonical":"https:\/\/realidadturistica.com\/realtur\/sefotur-impulsa-el-fortalecimiento-turistico-de-valladolid-como-pueblo-magico\/","og_locale":"es_ES","og_type":"article","og_title":"Sefotur impulsa el fortalecimiento tur\u00edstico de Valladolid como Pueblo M\u00e1gico","og_description":"Instalan Comit\u00e9 Ciudadano y Consejo Consultivo Municipal para consolidar el desarrollo tur\u00edstico de ese destino. Como parte de la estrategia nacional y estatal para fortalecer&hellip;","og_url":"https:\/\/realidadturistica.com\/realtur\/sefotur-impulsa-el-fortalecimiento-turistico-de-valladolid-como-pueblo-magico\/","og_site_name":"Realidad Tur\u00edstica","article_publisher":"https:\/\/www.facebook.com\/realidadturistica","article_published_time":"2025-06-15T01:52:14+00:00","article_modified_time":"2025-06-15T01:52:16+00:00","og_image":[{"width":1600,"height":1067,"url":"https:\/\/realidadturistica.com\/realtur\/wp-content\/uploads\/2025\/06\/Unknown-4.jpeg","type":"image\/jpeg"}],"author":"Editor","twitter_card":"summary_large_image","twitter_misc":{"Escrito por":"Editor","Tiempo de lectura":"3 minutos"},"schema":{"@context":"https:\/\/schema.org","@graph":[{"@type":"Article","@id":"https:\/\/realidadturistica.com\/realtur\/sefotur-impulsa-el-fortalecimiento-turistico-de-valladolid-como-pueblo-magico\/#article","isPartOf":{"@id":"https:\/\/realidadturistica.com\/realtur\/sefotur-impulsa-el-fortalecimiento-turistico-de-valladolid-como-pueblo-magico\/"},"author":{"name":"Editor","@id":"https:\/\/realidadturistica.com\/realtur\/#\/schema\/person\/ade671191202490fcf08ab21590de73e"},"headline":"Sefotur impulsa el fortalecimiento tur\u00edstico de Valladolid como Pueblo M\u00e1gico","datePublished":"2025-06-15T01:52:14+00:00","dateModified":"2025-06-15T01:52:16+00:00","mainEntityOfPage":{"@id":"https:\/\/realidadturistica.com\/realtur\/sefotur-impulsa-el-fortalecimiento-turistico-de-valladolid-como-pueblo-magico\/"},"wordCount":320,"commentCount":0,"publisher":{"@id":"https:\/\/realidadturistica.com\/realtur\/#organization"},"image":{"@id":"https:\/\/realidadturistica.com\/realtur\/sefotur-impulsa-el-fortalecimiento-turistico-de-valladolid-como-pueblo-magico\/#primaryimage"},"thumbnailUrl":"https:\/\/realidadturistica.com\/realtur\/wp-content\/uploads\/2025\/06\/Unknown-4.jpeg","articleSection":["Destinos M\u00e1gicos"],"inLanguage":"es","potentialAction":[{"@type":"CommentAction","name":"Comment","target":["https:\/\/realidadturistica.com\/realtur\/sefotur-impulsa-el-fortalecimiento-turistico-de-valladolid-como-pueblo-magico\/#respond"]}]},{"@type":"WebPage","@id":"https:\/\/realidadturistica.com\/realtur\/sefotur-impulsa-el-fortalecimiento-turistico-de-valladolid-como-pueblo-magico\/","url":"https:\/\/realidadturistica.com\/realtur\/sefotur-impulsa-el-fortalecimiento-turistico-de-valladolid-como-pueblo-magico\/","name":"Sefotur impulsa el fortalecimiento tur\u00edstico de Valladolid como Pueblo M\u00e1gico - Realidad Tur\u00edstica","isPartOf":{"@id":"https:\/\/realidadturistica.com\/realtur\/#website"},"primaryImageOfPage":{"@id":"https:\/\/realidadturistica.com\/realtur\/sefotur-impulsa-el-fortalecimiento-turistico-de-valladolid-como-pueblo-magico\/#primaryimage"},"image":{"@id":"https:\/\/realidadturistica.com\/realtur\/sefotur-impulsa-el-fortalecimiento-turistico-de-valladolid-como-pueblo-magico\/#primaryimage"},"thumbnailUrl":"https:\/\/realidadturistica.com\/realtur\/wp-content\/uploads\/2025\/06\/Unknown-4.jpeg","datePublished":"2025-06-15T01:52:14+00:00","dateModified":"2025-06-15T01:52:16+00:00","breadcrumb":{"@id":"https:\/\/realidadturistica.com\/realtur\/sefotur-impulsa-el-fortalecimiento-turistico-de-valladolid-como-pueblo-magico\/#breadcrumb"},"inLanguage":"es","potentialAction":[{"@type":"ReadAction","target":["https:\/\/realidadturistica.com\/realtur\/sefotur-impulsa-el-fortalecimiento-turistico-de-valladolid-como-pueblo-magico\/"]}]},{"@type":"ImageObject","inLanguage":"es","@id":"https:\/\/realidadturistica.com\/realtur\/sefotur-impulsa-el-fortalecimiento-turistico-de-valladolid-como-pueblo-magico\/#primaryimage","url":"https:\/\/realidadturistica.com\/realtur\/wp-content\/uploads\/2025\/06\/Unknown-4.jpeg","contentUrl":"https:\/\/realidadturistica.com\/realtur\/wp-content\/uploads\/2025\/06\/Unknown-4.jpeg","width":1600,"height":1067},{"@type":"BreadcrumbList","@id":"https:\/\/realidadturistica.com\/realtur\/sefotur-impulsa-el-fortalecimiento-turistico-de-valladolid-como-pueblo-magico\/#breadcrumb","itemListElement":[{"@type":"ListItem","position":1,"name":"Portada","item":"https:\/\/realidadturistica.com\/realtur\/"},{"@type":"ListItem","position":2,"name":"Sefotur impulsa el fortalecimiento tur\u00edstico de Valladolid como Pueblo M\u00e1gico"}]},{"@type":"WebSite","@id":"https:\/\/realidadturistica.com\/realtur\/#website","url":"https:\/\/realidadturistica.com\/realtur\/","name":"Realidad Tur\u00edstica","description":"","publisher":{"@id":"https:\/\/realidadturistica.com\/realtur\/#organization"},"potentialAction":[{"@type":"SearchAction","target":{"@type":"EntryPoint","urlTemplate":"https:\/\/realidadturistica.com\/realtur\/?s={search_term_string}"},"query-input":{"@type":"PropertyValueSpecification","valueRequired":true,"valueName":"search_term_string"}}],"inLanguage":"es"},{"@type":"Organization","@id":"https:\/\/realidadturistica.com\/realtur\/#organization","name":"Realidad Tur\u00edstica","url":"https:\/\/realidadturistica.com\/realtur\/","logo":{"@type":"ImageObject","inLanguage":"es","@id":"https:\/\/realidadturistica.com\/realtur\/#\/schema\/logo\/image\/","url":"https:\/\/realidadturistica.com\/realtur\/wp-content\/uploads\/2021\/12\/logotipo-realidad-turistica.png","contentUrl":"https:\/\/realidadturistica.com\/realtur\/wp-content\/uploads\/2021\/12\/logotipo-realidad-turistica.png","width":1382,"height":629,"caption":"Realidad Tur\u00edstica"},"image":{"@id":"https:\/\/realidadturistica.com\/realtur\/#\/schema\/logo\/image\/"},"sameAs":["https:\/\/www.facebook.com\/realidadturistica","https:\/\/www.instagram.com\/realidad_turistica\/"]},{"@type":"Person","@id":"https:\/\/realidadturistica.com\/realtur\/#\/schema\/person\/ade671191202490fcf08ab21590de73e","name":"Editor","image":{"@type":"ImageObject","inLanguage":"es","@id":"https:\/\/realidadturistica.com\/realtur\/wp-content\/uploads\/2023\/09\/Editor_avatar_1693668634-96x96.png","url":"https:\/\/realidadturistica.com\/realtur\/wp-content\/uploads\/2023\/09\/Editor_avatar_1693668634-96x96.png","contentUrl":"https:\/\/realidadturistica.com\/realtur\/wp-content\/uploads\/2023\/09\/Editor_avatar_1693668634-96x96.png","caption":"Editor"},"sameAs":["https:\/\/realidadturistica.com\/realtur"],"url":"https:\/\/realidadturistica.com\/realtur\/author\/editor2\/"}]}},"_links":{"self":[{"href":"https:\/\/realidadturistica.com\/realtur\/wp-json\/wp\/v2\/posts\/10032","targetHints":{"allow":["GET"]}}],"collection":[{"href":"https:\/\/realidadturistica.com\/realtur\/wp-json\/wp\/v2\/posts"}],"about":[{"href":"https:\/\/realidadturistica.com\/realtur\/wp-json\/wp\/v2\/types\/post"}],"author":[{"embeddable":true,"href":"https:\/\/realidadturistica.com\/realtur\/wp-json\/wp\/v2\/users\/2"}],"replies":[{"embeddable":true,"href":"https:\/\/realidadturistica.com\/realtur\/wp-json\/wp\/v2\/comments?post=10032"}],"version-history":[{"count":1,"href":"https:\/\/realidadturistica.com\/realtur\/wp-json\/wp\/v2\/posts\/10032\/revisions"}],"predecessor-version":[{"id":10037,"href":"https:\/\/realidadturistica.com\/realtur\/wp-json\/wp\/v2\/posts\/10032\/revisions\/10037"}],"wp:featuredmedia":[{"embeddable":true,"href":"https:\/\/realidadturistica.com\/realtur\/wp-json\/wp\/v2\/media\/10033"}],"wp:attachment":[{"href":"https:\/\/realidadturistica.com\/realtur\/wp-json\/wp\/v2\/media?parent=10032"}],"wp:term":[{"taxonomy":"category","embeddable":true,"href":"https:\/\/realidadturistica.com\/realtur\/wp-json\/wp\/v2\/categories?post=10032"},{"taxonomy":"post_tag","embeddable":true,"href":"https:\/\/realidadturistica.com\/realtur\/wp-json\/wp\/v2\/tags?post=10032"}],"curies":[{"name":"wp","href":"https:\/\/api.w.org\/{rel}","templated":true}]}}