{"id":10133,"date":"2025-06-26T03:12:32","date_gmt":"2025-06-26T03:12:32","guid":{"rendered":"https:\/\/realidadturistica.com\/realtur\/?p=10133"},"modified":"2025-06-26T03:12:34","modified_gmt":"2025-06-26T03:12:34","slug":"mani-refuerza-vocacion-turistica-como-pueblo-magico-con-participacion-ciudadana","status":"publish","type":"post","link":"https:\/\/realidadturistica.com\/realtur\/mani-refuerza-vocacion-turistica-como-pueblo-magico-con-participacion-ciudadana\/","title":{"rendered":"Man\u00ed refuerza vocaci\u00f3n tur\u00edstica como Pueblo M\u00e1gico con participaci\u00f3n ciudadana"},"content":{"rendered":"\n<p class=\"wp-block-yoast-seo-estimated-reading-time yoast-reading-time__wrapper\"><span class=\"yoast-reading-time__icon\"><svg aria-hidden=\"true\" focusable=\"false\" data-icon=\"clock\" width=\"20\" height=\"20\" fill=\"none\" stroke=\"currentColor\" style=\"display:inline-block;vertical-align:-0.1em\" role=\"img\" xmlns=\"http:\/\/www.w3.org\/2000\/svg\" viewBox=\"0 0 24 24\"><path stroke-linecap=\"round\" stroke-linejoin=\"round\" stroke-width=\"2\" d=\"M12 8v4l3 3m6-3a9 9 0 11-18 0 9 9 0 0118 0z\"><\/path><\/svg><\/span><span class=\"yoast-reading-time__spacer\" style=\"display:inline-block;width:1em\"><\/span><span class=\"yoast-reading-time__descriptive-text\">Estimated reading time: <\/span><span class=\"yoast-reading-time__reading-time\">3<\/span><span class=\"yoast-reading-time__time-unit\"> minutos<\/span><\/p>\n\n\n\n<p>\u00b7&nbsp;&nbsp;&nbsp;&nbsp;&nbsp; Sefotur impulsa el desarrollo sostenible del turismo de los Pueblos M\u00e1gicos, a trav\u00e9s de la instalaci\u00f3n de \u00f3rganos estrat\u00e9gicos en los municipios con esta distinci\u00f3n.<\/p>\n\n\n\n<p>Con el objetivo de posicionar a los Pueblos M\u00e1gicos como ejes del desarrollo regional, el Gobierno del Renacimiento Maya instal\u00f3 en Man\u00ed el Comit\u00e9 Ciudadano de Pueblo M\u00e1gico y el Consejo Consultivo Municipal de Turismo, \u00f3rganos que fortalecer\u00e1n la planeaci\u00f3n, gobernanza y proyecci\u00f3n tur\u00edstica del municipio.<\/p>\n\n\n\n<p>El Comit\u00e9 Ciudadano, conformado por habitantes y actores clave de la localidad, tendr\u00e1 como tarea proponer, coordinar y evaluar las acciones de desarrollo tur\u00edstico, mientras que el Consejo Consultivo Municipal ser\u00e1 una instancia de di\u00e1logo y planeaci\u00f3n entre autoridades, empresarios, academia y organizaciones sociales para avanzar con visi\u00f3n integral en la consolidaci\u00f3n de Man\u00ed como destino tur\u00edstico.<\/p>\n\n\n\n<figure class=\"wp-block-gallery has-nested-images columns-default is-cropped wp-block-gallery-1 is-layout-flex wp-block-gallery-is-layout-flex\">\n<figure class=\"wp-block-image size-large\"><img fetchpriority=\"high\" decoding=\"async\" width=\"1024\" height=\"682\" data-id=\"10135\" src=\"https:\/\/realidadturistica.com\/realtur\/wp-content\/uploads\/2025\/06\/Unknown1-10-1024x682.jpeg\" alt=\"\" class=\"wp-image-10135\" srcset=\"https:\/\/realidadturistica.com\/realtur\/wp-content\/uploads\/2025\/06\/Unknown1-10-1024x682.jpeg 1024w, https:\/\/realidadturistica.com\/realtur\/wp-content\/uploads\/2025\/06\/Unknown1-10-300x200.jpeg 300w, https:\/\/realidadturistica.com\/realtur\/wp-content\/uploads\/2025\/06\/Unknown1-10-768x512.jpeg 768w, https:\/\/realidadturistica.com\/realtur\/wp-content\/uploads\/2025\/06\/Unknown1-10-1536x1024.jpeg 1536w, https:\/\/realidadturistica.com\/realtur\/wp-content\/uploads\/2025\/06\/Unknown1-10-2048x1365.jpeg 2048w, https:\/\/realidadturistica.com\/realtur\/wp-content\/uploads\/2025\/06\/Unknown1-10-1920x1280.jpeg 1920w, https:\/\/realidadturistica.com\/realtur\/wp-content\/uploads\/2025\/06\/Unknown1-10-1170x780.jpeg 1170w, https:\/\/realidadturistica.com\/realtur\/wp-content\/uploads\/2025\/06\/Unknown1-10-585x390.jpeg 585w, https:\/\/realidadturistica.com\/realtur\/wp-content\/uploads\/2025\/06\/Unknown1-10-263x175.jpeg 263w\" sizes=\"(max-width: 1024px) 100vw, 1024px\" \/><\/figure>\n\n\n\n<figure class=\"wp-block-image size-large\"><img decoding=\"async\" width=\"1024\" height=\"682\" data-id=\"10136\" src=\"https:\/\/realidadturistica.com\/realtur\/wp-content\/uploads\/2025\/06\/Unknown2-7-1024x682.jpeg\" alt=\"\" class=\"wp-image-10136\" srcset=\"https:\/\/realidadturistica.com\/realtur\/wp-content\/uploads\/2025\/06\/Unknown2-7-1024x682.jpeg 1024w, https:\/\/realidadturistica.com\/realtur\/wp-content\/uploads\/2025\/06\/Unknown2-7-300x200.jpeg 300w, https:\/\/realidadturistica.com\/realtur\/wp-content\/uploads\/2025\/06\/Unknown2-7-768x512.jpeg 768w, https:\/\/realidadturistica.com\/realtur\/wp-content\/uploads\/2025\/06\/Unknown2-7-1536x1023.jpeg 1536w, https:\/\/realidadturistica.com\/realtur\/wp-content\/uploads\/2025\/06\/Unknown2-7-1170x780.jpeg 1170w, https:\/\/realidadturistica.com\/realtur\/wp-content\/uploads\/2025\/06\/Unknown2-7-585x390.jpeg 585w, https:\/\/realidadturistica.com\/realtur\/wp-content\/uploads\/2025\/06\/Unknown2-7-263x175.jpeg 263w, https:\/\/realidadturistica.com\/realtur\/wp-content\/uploads\/2025\/06\/Unknown2-7.jpeg 1600w\" sizes=\"(max-width: 1024px) 100vw, 1024px\" \/><\/figure>\n<\/figure>\n\n\n\n<p>La instalaci\u00f3n de ambos \u00f3rganos representa un paso estrat\u00e9gico para que Man\u00ed no solo conserve su nombramiento como Pueblo M\u00e1gico, obtenido en 2020, sino tambi\u00e9n para aspirar a una mejor clasificaci\u00f3n a nivel nacional, con base en criterios de gobernanza, calidad tur\u00edstica y preservaci\u00f3n del patrimonio cultural y natural.<\/p>\n\n\n\n<p>Durante el evento, que se realiz\u00f3 en los bajos del Palacio Municipal, el subsecretario de Desarrollo Tur\u00edstico Sustentable de la Secretar\u00eda de Fomento Tur\u00edstico (Sefotur), Ra\u00fal Paz Noriega, y el alcalde Fredi Evaristo Interi\u00e1n Boj\u00f3rquez, coincidieron en que estos mecanismos de participaci\u00f3n permitir\u00e1n dar seguimiento puntual a los requerimientos de la Secretar\u00eda de Turismo federal para el fortalecimiento del programa, generando beneficios directos a la comunidad y nuevas oportunidades para prestadores de servicios tur\u00edsticos.<\/p>\n\n\n\n<p>Despu\u00e9s del acto protocolario, se realiz\u00f3 un recorrido por sitios emblem\u00e1ticos como el Ex Convento de San Miguel Arc\u00e1ngel y el Museo-Tienda del Bordado Maya Yucateco, ejemplo del gran valor hist\u00f3rico, cultural y artesanal de la localidad.<\/p>\n\n\n\n<figure class=\"wp-block-gallery has-nested-images columns-default is-cropped wp-block-gallery-2 is-layout-flex wp-block-gallery-is-layout-flex\">\n<figure class=\"wp-block-image size-large\"><img decoding=\"async\" width=\"1024\" height=\"682\" data-id=\"10138\" src=\"https:\/\/realidadturistica.com\/realtur\/wp-content\/uploads\/2025\/06\/Unknown3-7-1024x682.jpeg\" alt=\"\" class=\"wp-image-10138\" srcset=\"https:\/\/realidadturistica.com\/realtur\/wp-content\/uploads\/2025\/06\/Unknown3-7-1024x682.jpeg 1024w, https:\/\/realidadturistica.com\/realtur\/wp-content\/uploads\/2025\/06\/Unknown3-7-300x200.jpeg 300w, https:\/\/realidadturistica.com\/realtur\/wp-content\/uploads\/2025\/06\/Unknown3-7-768x512.jpeg 768w, https:\/\/realidadturistica.com\/realtur\/wp-content\/uploads\/2025\/06\/Unknown3-7-1536x1023.jpeg 1536w, https:\/\/realidadturistica.com\/realtur\/wp-content\/uploads\/2025\/06\/Unknown3-7-1170x780.jpeg 1170w, https:\/\/realidadturistica.com\/realtur\/wp-content\/uploads\/2025\/06\/Unknown3-7-585x390.jpeg 585w, https:\/\/realidadturistica.com\/realtur\/wp-content\/uploads\/2025\/06\/Unknown3-7-263x175.jpeg 263w, https:\/\/realidadturistica.com\/realtur\/wp-content\/uploads\/2025\/06\/Unknown3-7.jpeg 1600w\" sizes=\"(max-width: 1024px) 100vw, 1024px\" \/><\/figure>\n\n\n\n<figure class=\"wp-block-image size-large\"><img loading=\"lazy\" decoding=\"async\" width=\"1024\" height=\"682\" data-id=\"10137\" src=\"https:\/\/realidadturistica.com\/realtur\/wp-content\/uploads\/2025\/06\/Unknown4-5-1024x682.jpeg\" alt=\"\" class=\"wp-image-10137\" srcset=\"https:\/\/realidadturistica.com\/realtur\/wp-content\/uploads\/2025\/06\/Unknown4-5-1024x682.jpeg 1024w, https:\/\/realidadturistica.com\/realtur\/wp-content\/uploads\/2025\/06\/Unknown4-5-300x200.jpeg 300w, https:\/\/realidadturistica.com\/realtur\/wp-content\/uploads\/2025\/06\/Unknown4-5-768x512.jpeg 768w, https:\/\/realidadturistica.com\/realtur\/wp-content\/uploads\/2025\/06\/Unknown4-5-1536x1023.jpeg 1536w, https:\/\/realidadturistica.com\/realtur\/wp-content\/uploads\/2025\/06\/Unknown4-5-1170x780.jpeg 1170w, https:\/\/realidadturistica.com\/realtur\/wp-content\/uploads\/2025\/06\/Unknown4-5-585x390.jpeg 585w, https:\/\/realidadturistica.com\/realtur\/wp-content\/uploads\/2025\/06\/Unknown4-5-263x175.jpeg 263w, https:\/\/realidadturistica.com\/realtur\/wp-content\/uploads\/2025\/06\/Unknown4-5.jpeg 1600w\" sizes=\"(max-width: 1024px) 100vw, 1024px\" \/><\/figure>\n<\/figure>\n\n\n\n<p>Con esta acci\u00f3n, que se suma a las instalaciones previas de dichos organismos en Valladolid, y a las que seguir\u00e1n en las siguientes semanas Izamal, Motul, Espita, Sisal del municipio de Hunucm\u00e1 y Tekax,<\/p>\n\n\n\n<p>Sefotur reafirma su compromiso de acompa\u00f1ar a los siete Pueblos M\u00e1gicos de Yucat\u00e1n en la construcci\u00f3n de un modelo tur\u00edstico m\u00e1s participativo, resiliente y con impacto positivo en las familias que integran este sector.<\/p>\n\n\n\n<p>Sefotur<\/p>\n","protected":false},"excerpt":{"rendered":"<p>\u00b7&nbsp;&nbsp;&nbsp;&nbsp;&nbsp; Sefotur impulsa el desarrollo sostenible del turismo de los Pueblos M\u00e1gicos, a trav\u00e9s de la instalaci\u00f3n de \u00f3rganos estrat\u00e9gicos en los municipios con esta&hellip;<\/p>\n","protected":false},"author":2,"featured_media":10134,"comment_status":"open","ping_status":"closed","sticky":false,"template":"","format":"standard","meta":{"content-type":"","_lmt_disableupdate":"","_lmt_disable":"","footnotes":""},"categories":[4],"tags":[],"class_list":["post-10133","post","type-post","status-publish","format-standard","has-post-thumbnail","hentry","category-destinos"],"yoast_head":"<!-- This site is optimized with the Yoast SEO Premium plugin v27.4 (Yoast SEO v27.5) - https:\/\/yoast.com\/product\/yoast-seo-premium-wordpress\/ -->\n<title>Man\u00ed refuerza vocaci\u00f3n tur\u00edstica como Pueblo M\u00e1gico con participaci\u00f3n ciudadana - Realidad Tur\u00edstica<\/title>\n<meta name=\"robots\" content=\"index, follow, max-snippet:-1, max-image-preview:large, max-video-preview:-1\" \/>\n<link rel=\"canonical\" href=\"https:\/\/realidadturistica.com\/realtur\/mani-refuerza-vocacion-turistica-como-pueblo-magico-con-participacion-ciudadana\/\" \/>\n<meta property=\"og:locale\" content=\"es_ES\" \/>\n<meta property=\"og:type\" content=\"article\" \/>\n<meta property=\"og:title\" content=\"Man\u00ed refuerza vocaci\u00f3n tur\u00edstica como Pueblo M\u00e1gico con participaci\u00f3n ciudadana\" \/>\n<meta property=\"og:description\" content=\"\u00b7&nbsp;&nbsp;&nbsp;&nbsp;&nbsp; Sefotur impulsa el desarrollo sostenible del turismo de los Pueblos M\u00e1gicos, a trav\u00e9s de la instalaci\u00f3n de \u00f3rganos estrat\u00e9gicos en los municipios con esta&hellip;\" \/>\n<meta property=\"og:url\" content=\"https:\/\/realidadturistica.com\/realtur\/mani-refuerza-vocacion-turistica-como-pueblo-magico-con-participacion-ciudadana\/\" \/>\n<meta property=\"og:site_name\" content=\"Realidad Tur\u00edstica\" \/>\n<meta property=\"article:publisher\" content=\"https:\/\/www.facebook.com\/realidadturistica\" \/>\n<meta property=\"article:published_time\" content=\"2025-06-26T03:12:32+00:00\" \/>\n<meta property=\"article:modified_time\" content=\"2025-06-26T03:12:34+00:00\" \/>\n<meta property=\"og:image\" content=\"https:\/\/realidadturistica.com\/realtur\/wp-content\/uploads\/2025\/06\/Unknown-9.jpeg\" \/>\n\t<meta property=\"og:image:width\" content=\"1600\" \/>\n\t<meta property=\"og:image:height\" content=\"1066\" \/>\n\t<meta property=\"og:image:type\" content=\"image\/jpeg\" \/>\n<meta name=\"author\" content=\"Editor\" \/>\n<meta name=\"twitter:card\" content=\"summary_large_image\" \/>\n<meta name=\"twitter:label1\" content=\"Escrito por\" \/>\n\t<meta name=\"twitter:data1\" content=\"Editor\" \/>\n\t<meta name=\"twitter:label2\" content=\"Tiempo de lectura\" \/>\n\t<meta name=\"twitter:data2\" content=\"3 minutos\" \/>\n<script type=\"application\/ld+json\" class=\"yoast-schema-graph\">{\"@context\":\"https:\\\/\\\/schema.org\",\"@graph\":[{\"@type\":\"Article\",\"@id\":\"https:\\\/\\\/realidadturistica.com\\\/realtur\\\/mani-refuerza-vocacion-turistica-como-pueblo-magico-con-participacion-ciudadana\\\/#article\",\"isPartOf\":{\"@id\":\"https:\\\/\\\/realidadturistica.com\\\/realtur\\\/mani-refuerza-vocacion-turistica-como-pueblo-magico-con-participacion-ciudadana\\\/\"},\"author\":{\"name\":\"Editor\",\"@id\":\"https:\\\/\\\/realidadturistica.com\\\/realtur\\\/#\\\/schema\\\/person\\\/ade671191202490fcf08ab21590de73e\"},\"headline\":\"Man\u00ed refuerza vocaci\u00f3n tur\u00edstica como Pueblo M\u00e1gico con participaci\u00f3n ciudadana\",\"datePublished\":\"2025-06-26T03:12:32+00:00\",\"dateModified\":\"2025-06-26T03:12:34+00:00\",\"mainEntityOfPage\":{\"@id\":\"https:\\\/\\\/realidadturistica.com\\\/realtur\\\/mani-refuerza-vocacion-turistica-como-pueblo-magico-con-participacion-ciudadana\\\/\"},\"wordCount\":425,\"commentCount\":0,\"publisher\":{\"@id\":\"https:\\\/\\\/realidadturistica.com\\\/realtur\\\/#organization\"},\"image\":{\"@id\":\"https:\\\/\\\/realidadturistica.com\\\/realtur\\\/mani-refuerza-vocacion-turistica-como-pueblo-magico-con-participacion-ciudadana\\\/#primaryimage\"},\"thumbnailUrl\":\"https:\\\/\\\/realidadturistica.com\\\/realtur\\\/wp-content\\\/uploads\\\/2025\\\/06\\\/Unknown-9.jpeg\",\"articleSection\":[\"Destinos M\u00e1gicos\"],\"inLanguage\":\"es\",\"potentialAction\":[{\"@type\":\"CommentAction\",\"name\":\"Comment\",\"target\":[\"https:\\\/\\\/realidadturistica.com\\\/realtur\\\/mani-refuerza-vocacion-turistica-como-pueblo-magico-con-participacion-ciudadana\\\/#respond\"]}]},{\"@type\":\"WebPage\",\"@id\":\"https:\\\/\\\/realidadturistica.com\\\/realtur\\\/mani-refuerza-vocacion-turistica-como-pueblo-magico-con-participacion-ciudadana\\\/\",\"url\":\"https:\\\/\\\/realidadturistica.com\\\/realtur\\\/mani-refuerza-vocacion-turistica-como-pueblo-magico-con-participacion-ciudadana\\\/\",\"name\":\"Man\u00ed refuerza vocaci\u00f3n tur\u00edstica como Pueblo M\u00e1gico con participaci\u00f3n ciudadana - Realidad Tur\u00edstica\",\"isPartOf\":{\"@id\":\"https:\\\/\\\/realidadturistica.com\\\/realtur\\\/#website\"},\"primaryImageOfPage\":{\"@id\":\"https:\\\/\\\/realidadturistica.com\\\/realtur\\\/mani-refuerza-vocacion-turistica-como-pueblo-magico-con-participacion-ciudadana\\\/#primaryimage\"},\"image\":{\"@id\":\"https:\\\/\\\/realidadturistica.com\\\/realtur\\\/mani-refuerza-vocacion-turistica-como-pueblo-magico-con-participacion-ciudadana\\\/#primaryimage\"},\"thumbnailUrl\":\"https:\\\/\\\/realidadturistica.com\\\/realtur\\\/wp-content\\\/uploads\\\/2025\\\/06\\\/Unknown-9.jpeg\",\"datePublished\":\"2025-06-26T03:12:32+00:00\",\"dateModified\":\"2025-06-26T03:12:34+00:00\",\"breadcrumb\":{\"@id\":\"https:\\\/\\\/realidadturistica.com\\\/realtur\\\/mani-refuerza-vocacion-turistica-como-pueblo-magico-con-participacion-ciudadana\\\/#breadcrumb\"},\"inLanguage\":\"es\",\"potentialAction\":[{\"@type\":\"ReadAction\",\"target\":[\"https:\\\/\\\/realidadturistica.com\\\/realtur\\\/mani-refuerza-vocacion-turistica-como-pueblo-magico-con-participacion-ciudadana\\\/\"]}]},{\"@type\":\"ImageObject\",\"inLanguage\":\"es\",\"@id\":\"https:\\\/\\\/realidadturistica.com\\\/realtur\\\/mani-refuerza-vocacion-turistica-como-pueblo-magico-con-participacion-ciudadana\\\/#primaryimage\",\"url\":\"https:\\\/\\\/realidadturistica.com\\\/realtur\\\/wp-content\\\/uploads\\\/2025\\\/06\\\/Unknown-9.jpeg\",\"contentUrl\":\"https:\\\/\\\/realidadturistica.com\\\/realtur\\\/wp-content\\\/uploads\\\/2025\\\/06\\\/Unknown-9.jpeg\",\"width\":1600,\"height\":1066},{\"@type\":\"BreadcrumbList\",\"@id\":\"https:\\\/\\\/realidadturistica.com\\\/realtur\\\/mani-refuerza-vocacion-turistica-como-pueblo-magico-con-participacion-ciudadana\\\/#breadcrumb\",\"itemListElement\":[{\"@type\":\"ListItem\",\"position\":1,\"name\":\"Portada\",\"item\":\"https:\\\/\\\/realidadturistica.com\\\/realtur\\\/\"},{\"@type\":\"ListItem\",\"position\":2,\"name\":\"Man\u00ed refuerza vocaci\u00f3n tur\u00edstica como Pueblo M\u00e1gico con participaci\u00f3n ciudadana\"}]},{\"@type\":\"WebSite\",\"@id\":\"https:\\\/\\\/realidadturistica.com\\\/realtur\\\/#website\",\"url\":\"https:\\\/\\\/realidadturistica.com\\\/realtur\\\/\",\"name\":\"Realidad Tur\u00edstica\",\"description\":\"\",\"publisher\":{\"@id\":\"https:\\\/\\\/realidadturistica.com\\\/realtur\\\/#organization\"},\"potentialAction\":[{\"@type\":\"SearchAction\",\"target\":{\"@type\":\"EntryPoint\",\"urlTemplate\":\"https:\\\/\\\/realidadturistica.com\\\/realtur\\\/?s={search_term_string}\"},\"query-input\":{\"@type\":\"PropertyValueSpecification\",\"valueRequired\":true,\"valueName\":\"search_term_string\"}}],\"inLanguage\":\"es\"},{\"@type\":\"Organization\",\"@id\":\"https:\\\/\\\/realidadturistica.com\\\/realtur\\\/#organization\",\"name\":\"Realidad Tur\u00edstica\",\"url\":\"https:\\\/\\\/realidadturistica.com\\\/realtur\\\/\",\"logo\":{\"@type\":\"ImageObject\",\"inLanguage\":\"es\",\"@id\":\"https:\\\/\\\/realidadturistica.com\\\/realtur\\\/#\\\/schema\\\/logo\\\/image\\\/\",\"url\":\"https:\\\/\\\/realidadturistica.com\\\/realtur\\\/wp-content\\\/uploads\\\/2021\\\/12\\\/logotipo-realidad-turistica.png\",\"contentUrl\":\"https:\\\/\\\/realidadturistica.com\\\/realtur\\\/wp-content\\\/uploads\\\/2021\\\/12\\\/logotipo-realidad-turistica.png\",\"width\":1382,\"height\":629,\"caption\":\"Realidad Tur\u00edstica\"},\"image\":{\"@id\":\"https:\\\/\\\/realidadturistica.com\\\/realtur\\\/#\\\/schema\\\/logo\\\/image\\\/\"},\"sameAs\":[\"https:\\\/\\\/www.facebook.com\\\/realidadturistica\",\"https:\\\/\\\/www.instagram.com\\\/realidad_turistica\\\/\"]},{\"@type\":\"Person\",\"@id\":\"https:\\\/\\\/realidadturistica.com\\\/realtur\\\/#\\\/schema\\\/person\\\/ade671191202490fcf08ab21590de73e\",\"name\":\"Editor\",\"image\":{\"@type\":\"ImageObject\",\"inLanguage\":\"es\",\"@id\":\"https:\\\/\\\/realidadturistica.com\\\/realtur\\\/wp-content\\\/uploads\\\/2023\\\/09\\\/Editor_avatar_1693668634-96x96.png\",\"url\":\"https:\\\/\\\/realidadturistica.com\\\/realtur\\\/wp-content\\\/uploads\\\/2023\\\/09\\\/Editor_avatar_1693668634-96x96.png\",\"contentUrl\":\"https:\\\/\\\/realidadturistica.com\\\/realtur\\\/wp-content\\\/uploads\\\/2023\\\/09\\\/Editor_avatar_1693668634-96x96.png\",\"caption\":\"Editor\"},\"sameAs\":[\"https:\\\/\\\/realidadturistica.com\\\/realtur\"],\"url\":\"https:\\\/\\\/realidadturistica.com\\\/realtur\\\/author\\\/editor2\\\/\"}]}<\/script>\n<!-- \/ Yoast SEO Premium plugin. -->","yoast_head_json":{"title":"Man\u00ed refuerza vocaci\u00f3n tur\u00edstica como Pueblo M\u00e1gico con participaci\u00f3n ciudadana - Realidad Tur\u00edstica","robots":{"index":"index","follow":"follow","max-snippet":"max-snippet:-1","max-image-preview":"max-image-preview:large","max-video-preview":"max-video-preview:-1"},"canonical":"https:\/\/realidadturistica.com\/realtur\/mani-refuerza-vocacion-turistica-como-pueblo-magico-con-participacion-ciudadana\/","og_locale":"es_ES","og_type":"article","og_title":"Man\u00ed refuerza vocaci\u00f3n tur\u00edstica como Pueblo M\u00e1gico con participaci\u00f3n ciudadana","og_description":"\u00b7&nbsp;&nbsp;&nbsp;&nbsp;&nbsp; Sefotur impulsa el desarrollo sostenible del turismo de los Pueblos M\u00e1gicos, a trav\u00e9s de la instalaci\u00f3n de \u00f3rganos estrat\u00e9gicos en los municipios con esta&hellip;","og_url":"https:\/\/realidadturistica.com\/realtur\/mani-refuerza-vocacion-turistica-como-pueblo-magico-con-participacion-ciudadana\/","og_site_name":"Realidad Tur\u00edstica","article_publisher":"https:\/\/www.facebook.com\/realidadturistica","article_published_time":"2025-06-26T03:12:32+00:00","article_modified_time":"2025-06-26T03:12:34+00:00","og_image":[{"width":1600,"height":1066,"url":"https:\/\/realidadturistica.com\/realtur\/wp-content\/uploads\/2025\/06\/Unknown-9.jpeg","type":"image\/jpeg"}],"author":"Editor","twitter_card":"summary_large_image","twitter_misc":{"Escrito por":"Editor","Tiempo de lectura":"3 minutos"},"schema":{"@context":"https:\/\/schema.org","@graph":[{"@type":"Article","@id":"https:\/\/realidadturistica.com\/realtur\/mani-refuerza-vocacion-turistica-como-pueblo-magico-con-participacion-ciudadana\/#article","isPartOf":{"@id":"https:\/\/realidadturistica.com\/realtur\/mani-refuerza-vocacion-turistica-como-pueblo-magico-con-participacion-ciudadana\/"},"author":{"name":"Editor","@id":"https:\/\/realidadturistica.com\/realtur\/#\/schema\/person\/ade671191202490fcf08ab21590de73e"},"headline":"Man\u00ed refuerza vocaci\u00f3n tur\u00edstica como Pueblo M\u00e1gico con participaci\u00f3n ciudadana","datePublished":"2025-06-26T03:12:32+00:00","dateModified":"2025-06-26T03:12:34+00:00","mainEntityOfPage":{"@id":"https:\/\/realidadturistica.com\/realtur\/mani-refuerza-vocacion-turistica-como-pueblo-magico-con-participacion-ciudadana\/"},"wordCount":425,"commentCount":0,"publisher":{"@id":"https:\/\/realidadturistica.com\/realtur\/#organization"},"image":{"@id":"https:\/\/realidadturistica.com\/realtur\/mani-refuerza-vocacion-turistica-como-pueblo-magico-con-participacion-ciudadana\/#primaryimage"},"thumbnailUrl":"https:\/\/realidadturistica.com\/realtur\/wp-content\/uploads\/2025\/06\/Unknown-9.jpeg","articleSection":["Destinos M\u00e1gicos"],"inLanguage":"es","potentialAction":[{"@type":"CommentAction","name":"Comment","target":["https:\/\/realidadturistica.com\/realtur\/mani-refuerza-vocacion-turistica-como-pueblo-magico-con-participacion-ciudadana\/#respond"]}]},{"@type":"WebPage","@id":"https:\/\/realidadturistica.com\/realtur\/mani-refuerza-vocacion-turistica-como-pueblo-magico-con-participacion-ciudadana\/","url":"https:\/\/realidadturistica.com\/realtur\/mani-refuerza-vocacion-turistica-como-pueblo-magico-con-participacion-ciudadana\/","name":"Man\u00ed refuerza vocaci\u00f3n tur\u00edstica como Pueblo M\u00e1gico con participaci\u00f3n ciudadana - Realidad Tur\u00edstica","isPartOf":{"@id":"https:\/\/realidadturistica.com\/realtur\/#website"},"primaryImageOfPage":{"@id":"https:\/\/realidadturistica.com\/realtur\/mani-refuerza-vocacion-turistica-como-pueblo-magico-con-participacion-ciudadana\/#primaryimage"},"image":{"@id":"https:\/\/realidadturistica.com\/realtur\/mani-refuerza-vocacion-turistica-como-pueblo-magico-con-participacion-ciudadana\/#primaryimage"},"thumbnailUrl":"https:\/\/realidadturistica.com\/realtur\/wp-content\/uploads\/2025\/06\/Unknown-9.jpeg","datePublished":"2025-06-26T03:12:32+00:00","dateModified":"2025-06-26T03:12:34+00:00","breadcrumb":{"@id":"https:\/\/realidadturistica.com\/realtur\/mani-refuerza-vocacion-turistica-como-pueblo-magico-con-participacion-ciudadana\/#breadcrumb"},"inLanguage":"es","potentialAction":[{"@type":"ReadAction","target":["https:\/\/realidadturistica.com\/realtur\/mani-refuerza-vocacion-turistica-como-pueblo-magico-con-participacion-ciudadana\/"]}]},{"@type":"ImageObject","inLanguage":"es","@id":"https:\/\/realidadturistica.com\/realtur\/mani-refuerza-vocacion-turistica-como-pueblo-magico-con-participacion-ciudadana\/#primaryimage","url":"https:\/\/realidadturistica.com\/realtur\/wp-content\/uploads\/2025\/06\/Unknown-9.jpeg","contentUrl":"https:\/\/realidadturistica.com\/realtur\/wp-content\/uploads\/2025\/06\/Unknown-9.jpeg","width":1600,"height":1066},{"@type":"BreadcrumbList","@id":"https:\/\/realidadturistica.com\/realtur\/mani-refuerza-vocacion-turistica-como-pueblo-magico-con-participacion-ciudadana\/#breadcrumb","itemListElement":[{"@type":"ListItem","position":1,"name":"Portada","item":"https:\/\/realidadturistica.com\/realtur\/"},{"@type":"ListItem","position":2,"name":"Man\u00ed refuerza vocaci\u00f3n tur\u00edstica como Pueblo M\u00e1gico con participaci\u00f3n ciudadana"}]},{"@type":"WebSite","@id":"https:\/\/realidadturistica.com\/realtur\/#website","url":"https:\/\/realidadturistica.com\/realtur\/","name":"Realidad Tur\u00edstica","description":"","publisher":{"@id":"https:\/\/realidadturistica.com\/realtur\/#organization"},"potentialAction":[{"@type":"SearchAction","target":{"@type":"EntryPoint","urlTemplate":"https:\/\/realidadturistica.com\/realtur\/?s={search_term_string}"},"query-input":{"@type":"PropertyValueSpecification","valueRequired":true,"valueName":"search_term_string"}}],"inLanguage":"es"},{"@type":"Organization","@id":"https:\/\/realidadturistica.com\/realtur\/#organization","name":"Realidad Tur\u00edstica","url":"https:\/\/realidadturistica.com\/realtur\/","logo":{"@type":"ImageObject","inLanguage":"es","@id":"https:\/\/realidadturistica.com\/realtur\/#\/schema\/logo\/image\/","url":"https:\/\/realidadturistica.com\/realtur\/wp-content\/uploads\/2021\/12\/logotipo-realidad-turistica.png","contentUrl":"https:\/\/realidadturistica.com\/realtur\/wp-content\/uploads\/2021\/12\/logotipo-realidad-turistica.png","width":1382,"height":629,"caption":"Realidad Tur\u00edstica"},"image":{"@id":"https:\/\/realidadturistica.com\/realtur\/#\/schema\/logo\/image\/"},"sameAs":["https:\/\/www.facebook.com\/realidadturistica","https:\/\/www.instagram.com\/realidad_turistica\/"]},{"@type":"Person","@id":"https:\/\/realidadturistica.com\/realtur\/#\/schema\/person\/ade671191202490fcf08ab21590de73e","name":"Editor","image":{"@type":"ImageObject","inLanguage":"es","@id":"https:\/\/realidadturistica.com\/realtur\/wp-content\/uploads\/2023\/09\/Editor_avatar_1693668634-96x96.png","url":"https:\/\/realidadturistica.com\/realtur\/wp-content\/uploads\/2023\/09\/Editor_avatar_1693668634-96x96.png","contentUrl":"https:\/\/realidadturistica.com\/realtur\/wp-content\/uploads\/2023\/09\/Editor_avatar_1693668634-96x96.png","caption":"Editor"},"sameAs":["https:\/\/realidadturistica.com\/realtur"],"url":"https:\/\/realidadturistica.com\/realtur\/author\/editor2\/"}]}},"_links":{"self":[{"href":"https:\/\/realidadturistica.com\/realtur\/wp-json\/wp\/v2\/posts\/10133","targetHints":{"allow":["GET"]}}],"collection":[{"href":"https:\/\/realidadturistica.com\/realtur\/wp-json\/wp\/v2\/posts"}],"about":[{"href":"https:\/\/realidadturistica.com\/realtur\/wp-json\/wp\/v2\/types\/post"}],"author":[{"embeddable":true,"href":"https:\/\/realidadturistica.com\/realtur\/wp-json\/wp\/v2\/users\/2"}],"replies":[{"embeddable":true,"href":"https:\/\/realidadturistica.com\/realtur\/wp-json\/wp\/v2\/comments?post=10133"}],"version-history":[{"count":1,"href":"https:\/\/realidadturistica.com\/realtur\/wp-json\/wp\/v2\/posts\/10133\/revisions"}],"predecessor-version":[{"id":10139,"href":"https:\/\/realidadturistica.com\/realtur\/wp-json\/wp\/v2\/posts\/10133\/revisions\/10139"}],"wp:featuredmedia":[{"embeddable":true,"href":"https:\/\/realidadturistica.com\/realtur\/wp-json\/wp\/v2\/media\/10134"}],"wp:attachment":[{"href":"https:\/\/realidadturistica.com\/realtur\/wp-json\/wp\/v2\/media?parent=10133"}],"wp:term":[{"taxonomy":"category","embeddable":true,"href":"https:\/\/realidadturistica.com\/realtur\/wp-json\/wp\/v2\/categories?post=10133"},{"taxonomy":"post_tag","embeddable":true,"href":"https:\/\/realidadturistica.com\/realtur\/wp-json\/wp\/v2\/tags?post=10133"}],"curies":[{"name":"wp","href":"https:\/\/api.w.org\/{rel}","templated":true}]}}