{"id":10347,"date":"2025-07-24T13:28:55","date_gmt":"2025-07-24T13:28:55","guid":{"rendered":"https:\/\/realidadturistica.com\/realtur\/?p=10347"},"modified":"2025-07-24T13:28:58","modified_gmt":"2025-07-24T13:28:58","slug":"abre-registro-26a-mitm-europe-mice-business-madrid-18-20-enero","status":"publish","type":"post","link":"https:\/\/realidadturistica.com\/realtur\/abre-registro-26a-mitm-europe-mice-business-madrid-18-20-enero\/","title":{"rendered":"Abre registro: 26\u00aa MITM Europe \u2013 MICE &amp; Business \u2013 Madrid, 18-20 enero"},"content":{"rendered":"\n<p class=\"wp-block-yoast-seo-estimated-reading-time yoast-reading-time__wrapper\"><span class=\"yoast-reading-time__icon\"><svg aria-hidden=\"true\" focusable=\"false\" data-icon=\"clock\" width=\"20\" height=\"20\" fill=\"none\" stroke=\"currentColor\" style=\"display:inline-block;vertical-align:-0.1em\" role=\"img\" xmlns=\"http:\/\/www.w3.org\/2000\/svg\" viewBox=\"0 0 24 24\"><path stroke-linecap=\"round\" stroke-linejoin=\"round\" stroke-width=\"2\" d=\"M12 8v4l3 3m6-3a9 9 0 11-18 0 9 9 0 0118 0z\"><\/path><\/svg><\/span><span class=\"yoast-reading-time__spacer\" style=\"display:inline-block;width:1em\"><\/span><span class=\"yoast-reading-time__descriptive-text\">Estimated reading time: <\/span><span class=\"yoast-reading-time__reading-time\">2<\/span><span class=\"yoast-reading-time__time-unit\"> minutos<\/span><\/p>\n\n\n\n<p>Espa\u00f1a. La feria internacional MICE B2B m\u00e1s antigua de Europa regresa a Madrid, del 18 al 20 de enero de 2026, para celebrar su vigesimosexta edici\u00f3n y la reuni\u00f3n MICE m\u00e1s importante pre-Fitur.<\/p>\n\n\n\n<p>La anterior edici\u00f3n concluy\u00f3 exitosamente en enero de 2025 con la participaci\u00f3n de m\u00e1s de 130 empresas de 29 pa\u00edses. Recibi\u00f3 m\u00e1s de 500 inscripciones de compradores provenientes de 60 pa\u00edses, generando gran inter\u00e9s de los proveedores que contrataron el 100% del espacio disponible. MITM Events, empresa organizadora y pionera en la organizaci\u00f3n de ferias B2B de turismo MICE y Cultural desde 1997, espera entre 500 y 800 inscripciones, de las cuales seleccionar\u00e1 hasta 60 empresas con mayor potencial de negocio para participar.<\/p>\n\n\n\n<p>MITM Europe \u2013 MICE &amp; Business \u2013 se celebrar\u00e1 en Rafaelhoteles Atocha, hotel sede y patrocinador oficial del evento, que cuenta con una vasta experiencia en el sector MICE. Cuenta con 245 habitaciones, 8 salones y 9 salas de subcomisi\u00f3n \u2013 desde 26 m2 hasta 730 m2, todos con luz natural. Un restaurante-lounge y un jard\u00edn espectacular completan la oferta garantizando el \u00e9xito de cualquier evento MICE. Adem\u00e1s cuenta con una situaci\u00f3n privilegiada gracias a su cercan\u00eda al Tri\u00e1ngulo del Arte \u2013 ruta de los museos \u2013 y la estaci\u00f3n de AVE Madrid-Puerta de Atocha.<\/p>\n\n\n\n<p>El programa del evento ofrece una agenda de hasta 30 citas preestablecidas con compradores rigurosamente seleccionados, complementado con un fabuloso programa de networking donde crear sinergias con directores y ejecutivos con poder de decisi\u00f3n.<\/p>\n\n\n\n<p>MITM Europe \u2013 MICE &amp; Business \u2013 se ha realizado en veintiuna ciudades de ocho pa\u00edses, y re\u00fane alrededor de 120 participantes provenientes de 25 pa\u00edses, todos ellos directivos y ejecutivos de empresas corporativas, agencias de incentivo, asociaciones internacionales, event planners, organizadores de congresos, agencias de lujo y tour-operadores con enfoque MICE.<\/p>\n\n\n\n<p>&nbsp;GSAR Marketing, empresa organizadora, es una empresa de marketing tur\u00edstico global que forma parte del Grupo Convenco: primer \u201cIncentive House\u201d de Espa\u00f1a fundada hace 52 a\u00f1os, en 1973. Desde 1997, GSAR Marketing produce sus propias ferias internacionales especializadas en Turismo Cultural y en el sector MICE. Ferias interactivas pioneras en B2B en Europa, Las Am\u00e9ricas y El Caribe. Hasta la fecha se han realizado 63 exitosas ediciones en 38 ciudades de 18 pa\u00edses.<\/p>\n\n\n\n<p>Para m\u00e1s informaci\u00f3n: sales@mitmevents.com |&nbsp; +34 915 414 307<\/p>\n","protected":false},"excerpt":{"rendered":"<p>Espa\u00f1a. La feria internacional MICE B2B m\u00e1s antigua de Europa regresa a Madrid, del 18 al 20 de enero de 2026, para celebrar su vigesimosexta&hellip;<\/p>\n","protected":false},"author":2,"featured_media":10348,"comment_status":"open","ping_status":"closed","sticky":false,"template":"","format":"standard","meta":{"content-type":"","_lmt_disableupdate":"","_lmt_disable":"","footnotes":""},"categories":[5],"tags":[],"class_list":["post-10347","post","type-post","status-publish","format-standard","has-post-thumbnail","hentry","category-mice"],"yoast_head":"<!-- This site is optimized with the Yoast SEO Premium plugin v27.4 (Yoast SEO v27.5) - https:\/\/yoast.com\/product\/yoast-seo-premium-wordpress\/ -->\n<title>Abre registro: 26\u00aa MITM Europe \u2013 MICE &amp; Business \u2013 Madrid, 18-20 enero - Realidad Tur\u00edstica<\/title>\n<meta name=\"robots\" content=\"index, follow, max-snippet:-1, max-image-preview:large, max-video-preview:-1\" \/>\n<link rel=\"canonical\" href=\"https:\/\/realidadturistica.com\/realtur\/abre-registro-26a-mitm-europe-mice-business-madrid-18-20-enero\/\" \/>\n<meta property=\"og:locale\" content=\"es_ES\" \/>\n<meta property=\"og:type\" content=\"article\" \/>\n<meta property=\"og:title\" content=\"Abre registro: 26\u00aa MITM Europe \u2013 MICE &amp; Business \u2013 Madrid, 18-20 enero\" \/>\n<meta property=\"og:description\" content=\"Espa\u00f1a. La feria internacional MICE B2B m\u00e1s antigua de Europa regresa a Madrid, del 18 al 20 de enero de 2026, para celebrar su vigesimosexta&hellip;\" \/>\n<meta property=\"og:url\" content=\"https:\/\/realidadturistica.com\/realtur\/abre-registro-26a-mitm-europe-mice-business-madrid-18-20-enero\/\" \/>\n<meta property=\"og:site_name\" content=\"Realidad Tur\u00edstica\" \/>\n<meta property=\"article:publisher\" content=\"https:\/\/www.facebook.com\/realidadturistica\" \/>\n<meta property=\"article:published_time\" content=\"2025-07-24T13:28:55+00:00\" \/>\n<meta property=\"article:modified_time\" content=\"2025-07-24T13:28:58+00:00\" \/>\n<meta property=\"og:image\" content=\"https:\/\/realidadturistica.com\/realtur\/wp-content\/uploads\/2025\/07\/Abre-registro.jpg\" \/>\n\t<meta property=\"og:image:width\" content=\"1000\" \/>\n\t<meta property=\"og:image:height\" content=\"667\" \/>\n\t<meta property=\"og:image:type\" content=\"image\/jpeg\" \/>\n<meta name=\"author\" content=\"Editor\" \/>\n<meta name=\"twitter:card\" content=\"summary_large_image\" \/>\n<meta name=\"twitter:label1\" content=\"Escrito por\" \/>\n\t<meta name=\"twitter:data1\" content=\"Editor\" \/>\n\t<meta name=\"twitter:label2\" content=\"Tiempo de lectura\" \/>\n\t<meta name=\"twitter:data2\" content=\"2 minutos\" \/>\n<script type=\"application\/ld+json\" class=\"yoast-schema-graph\">{\"@context\":\"https:\\\/\\\/schema.org\",\"@graph\":[{\"@type\":\"Article\",\"@id\":\"https:\\\/\\\/realidadturistica.com\\\/realtur\\\/abre-registro-26a-mitm-europe-mice-business-madrid-18-20-enero\\\/#article\",\"isPartOf\":{\"@id\":\"https:\\\/\\\/realidadturistica.com\\\/realtur\\\/abre-registro-26a-mitm-europe-mice-business-madrid-18-20-enero\\\/\"},\"author\":{\"name\":\"Editor\",\"@id\":\"https:\\\/\\\/realidadturistica.com\\\/realtur\\\/#\\\/schema\\\/person\\\/ade671191202490fcf08ab21590de73e\"},\"headline\":\"Abre registro: 26\u00aa MITM Europe \u2013 MICE &amp; Business \u2013 Madrid, 18-20 enero\",\"datePublished\":\"2025-07-24T13:28:55+00:00\",\"dateModified\":\"2025-07-24T13:28:58+00:00\",\"mainEntityOfPage\":{\"@id\":\"https:\\\/\\\/realidadturistica.com\\\/realtur\\\/abre-registro-26a-mitm-europe-mice-business-madrid-18-20-enero\\\/\"},\"wordCount\":392,\"commentCount\":0,\"publisher\":{\"@id\":\"https:\\\/\\\/realidadturistica.com\\\/realtur\\\/#organization\"},\"image\":{\"@id\":\"https:\\\/\\\/realidadturistica.com\\\/realtur\\\/abre-registro-26a-mitm-europe-mice-business-madrid-18-20-enero\\\/#primaryimage\"},\"thumbnailUrl\":\"https:\\\/\\\/realidadturistica.com\\\/realtur\\\/wp-content\\\/uploads\\\/2025\\\/07\\\/Abre-registro.jpg\",\"articleSection\":[\"MICE\"],\"inLanguage\":\"es\",\"potentialAction\":[{\"@type\":\"CommentAction\",\"name\":\"Comment\",\"target\":[\"https:\\\/\\\/realidadturistica.com\\\/realtur\\\/abre-registro-26a-mitm-europe-mice-business-madrid-18-20-enero\\\/#respond\"]}]},{\"@type\":\"WebPage\",\"@id\":\"https:\\\/\\\/realidadturistica.com\\\/realtur\\\/abre-registro-26a-mitm-europe-mice-business-madrid-18-20-enero\\\/\",\"url\":\"https:\\\/\\\/realidadturistica.com\\\/realtur\\\/abre-registro-26a-mitm-europe-mice-business-madrid-18-20-enero\\\/\",\"name\":\"Abre registro: 26\u00aa MITM Europe \u2013 MICE &amp; Business \u2013 Madrid, 18-20 enero - Realidad Tur\u00edstica\",\"isPartOf\":{\"@id\":\"https:\\\/\\\/realidadturistica.com\\\/realtur\\\/#website\"},\"primaryImageOfPage\":{\"@id\":\"https:\\\/\\\/realidadturistica.com\\\/realtur\\\/abre-registro-26a-mitm-europe-mice-business-madrid-18-20-enero\\\/#primaryimage\"},\"image\":{\"@id\":\"https:\\\/\\\/realidadturistica.com\\\/realtur\\\/abre-registro-26a-mitm-europe-mice-business-madrid-18-20-enero\\\/#primaryimage\"},\"thumbnailUrl\":\"https:\\\/\\\/realidadturistica.com\\\/realtur\\\/wp-content\\\/uploads\\\/2025\\\/07\\\/Abre-registro.jpg\",\"datePublished\":\"2025-07-24T13:28:55+00:00\",\"dateModified\":\"2025-07-24T13:28:58+00:00\",\"breadcrumb\":{\"@id\":\"https:\\\/\\\/realidadturistica.com\\\/realtur\\\/abre-registro-26a-mitm-europe-mice-business-madrid-18-20-enero\\\/#breadcrumb\"},\"inLanguage\":\"es\",\"potentialAction\":[{\"@type\":\"ReadAction\",\"target\":[\"https:\\\/\\\/realidadturistica.com\\\/realtur\\\/abre-registro-26a-mitm-europe-mice-business-madrid-18-20-enero\\\/\"]}]},{\"@type\":\"ImageObject\",\"inLanguage\":\"es\",\"@id\":\"https:\\\/\\\/realidadturistica.com\\\/realtur\\\/abre-registro-26a-mitm-europe-mice-business-madrid-18-20-enero\\\/#primaryimage\",\"url\":\"https:\\\/\\\/realidadturistica.com\\\/realtur\\\/wp-content\\\/uploads\\\/2025\\\/07\\\/Abre-registro.jpg\",\"contentUrl\":\"https:\\\/\\\/realidadturistica.com\\\/realtur\\\/wp-content\\\/uploads\\\/2025\\\/07\\\/Abre-registro.jpg\",\"width\":1000,\"height\":667},{\"@type\":\"BreadcrumbList\",\"@id\":\"https:\\\/\\\/realidadturistica.com\\\/realtur\\\/abre-registro-26a-mitm-europe-mice-business-madrid-18-20-enero\\\/#breadcrumb\",\"itemListElement\":[{\"@type\":\"ListItem\",\"position\":1,\"name\":\"Portada\",\"item\":\"https:\\\/\\\/realidadturistica.com\\\/realtur\\\/\"},{\"@type\":\"ListItem\",\"position\":2,\"name\":\"Abre registro: 26\u00aa MITM Europe \u2013 MICE &amp; Business \u2013 Madrid, 18-20 enero\"}]},{\"@type\":\"WebSite\",\"@id\":\"https:\\\/\\\/realidadturistica.com\\\/realtur\\\/#website\",\"url\":\"https:\\\/\\\/realidadturistica.com\\\/realtur\\\/\",\"name\":\"Realidad Tur\u00edstica\",\"description\":\"\",\"publisher\":{\"@id\":\"https:\\\/\\\/realidadturistica.com\\\/realtur\\\/#organization\"},\"potentialAction\":[{\"@type\":\"SearchAction\",\"target\":{\"@type\":\"EntryPoint\",\"urlTemplate\":\"https:\\\/\\\/realidadturistica.com\\\/realtur\\\/?s={search_term_string}\"},\"query-input\":{\"@type\":\"PropertyValueSpecification\",\"valueRequired\":true,\"valueName\":\"search_term_string\"}}],\"inLanguage\":\"es\"},{\"@type\":\"Organization\",\"@id\":\"https:\\\/\\\/realidadturistica.com\\\/realtur\\\/#organization\",\"name\":\"Realidad Tur\u00edstica\",\"url\":\"https:\\\/\\\/realidadturistica.com\\\/realtur\\\/\",\"logo\":{\"@type\":\"ImageObject\",\"inLanguage\":\"es\",\"@id\":\"https:\\\/\\\/realidadturistica.com\\\/realtur\\\/#\\\/schema\\\/logo\\\/image\\\/\",\"url\":\"https:\\\/\\\/realidadturistica.com\\\/realtur\\\/wp-content\\\/uploads\\\/2021\\\/12\\\/logotipo-realidad-turistica.png\",\"contentUrl\":\"https:\\\/\\\/realidadturistica.com\\\/realtur\\\/wp-content\\\/uploads\\\/2021\\\/12\\\/logotipo-realidad-turistica.png\",\"width\":1382,\"height\":629,\"caption\":\"Realidad Tur\u00edstica\"},\"image\":{\"@id\":\"https:\\\/\\\/realidadturistica.com\\\/realtur\\\/#\\\/schema\\\/logo\\\/image\\\/\"},\"sameAs\":[\"https:\\\/\\\/www.facebook.com\\\/realidadturistica\",\"https:\\\/\\\/www.instagram.com\\\/realidad_turistica\\\/\"]},{\"@type\":\"Person\",\"@id\":\"https:\\\/\\\/realidadturistica.com\\\/realtur\\\/#\\\/schema\\\/person\\\/ade671191202490fcf08ab21590de73e\",\"name\":\"Editor\",\"image\":{\"@type\":\"ImageObject\",\"inLanguage\":\"es\",\"@id\":\"https:\\\/\\\/realidadturistica.com\\\/realtur\\\/wp-content\\\/uploads\\\/2023\\\/09\\\/Editor_avatar_1693668634-96x96.png\",\"url\":\"https:\\\/\\\/realidadturistica.com\\\/realtur\\\/wp-content\\\/uploads\\\/2023\\\/09\\\/Editor_avatar_1693668634-96x96.png\",\"contentUrl\":\"https:\\\/\\\/realidadturistica.com\\\/realtur\\\/wp-content\\\/uploads\\\/2023\\\/09\\\/Editor_avatar_1693668634-96x96.png\",\"caption\":\"Editor\"},\"sameAs\":[\"https:\\\/\\\/realidadturistica.com\\\/realtur\"],\"url\":\"https:\\\/\\\/realidadturistica.com\\\/realtur\\\/author\\\/editor2\\\/\"}]}<\/script>\n<!-- \/ Yoast SEO Premium plugin. -->","yoast_head_json":{"title":"Abre registro: 26\u00aa MITM Europe \u2013 MICE &amp; Business \u2013 Madrid, 18-20 enero - Realidad Tur\u00edstica","robots":{"index":"index","follow":"follow","max-snippet":"max-snippet:-1","max-image-preview":"max-image-preview:large","max-video-preview":"max-video-preview:-1"},"canonical":"https:\/\/realidadturistica.com\/realtur\/abre-registro-26a-mitm-europe-mice-business-madrid-18-20-enero\/","og_locale":"es_ES","og_type":"article","og_title":"Abre registro: 26\u00aa MITM Europe \u2013 MICE &amp; Business \u2013 Madrid, 18-20 enero","og_description":"Espa\u00f1a. La feria internacional MICE B2B m\u00e1s antigua de Europa regresa a Madrid, del 18 al 20 de enero de 2026, para celebrar su vigesimosexta&hellip;","og_url":"https:\/\/realidadturistica.com\/realtur\/abre-registro-26a-mitm-europe-mice-business-madrid-18-20-enero\/","og_site_name":"Realidad Tur\u00edstica","article_publisher":"https:\/\/www.facebook.com\/realidadturistica","article_published_time":"2025-07-24T13:28:55+00:00","article_modified_time":"2025-07-24T13:28:58+00:00","og_image":[{"width":1000,"height":667,"url":"https:\/\/realidadturistica.com\/realtur\/wp-content\/uploads\/2025\/07\/Abre-registro.jpg","type":"image\/jpeg"}],"author":"Editor","twitter_card":"summary_large_image","twitter_misc":{"Escrito por":"Editor","Tiempo de lectura":"2 minutos"},"schema":{"@context":"https:\/\/schema.org","@graph":[{"@type":"Article","@id":"https:\/\/realidadturistica.com\/realtur\/abre-registro-26a-mitm-europe-mice-business-madrid-18-20-enero\/#article","isPartOf":{"@id":"https:\/\/realidadturistica.com\/realtur\/abre-registro-26a-mitm-europe-mice-business-madrid-18-20-enero\/"},"author":{"name":"Editor","@id":"https:\/\/realidadturistica.com\/realtur\/#\/schema\/person\/ade671191202490fcf08ab21590de73e"},"headline":"Abre registro: 26\u00aa MITM Europe \u2013 MICE &amp; Business \u2013 Madrid, 18-20 enero","datePublished":"2025-07-24T13:28:55+00:00","dateModified":"2025-07-24T13:28:58+00:00","mainEntityOfPage":{"@id":"https:\/\/realidadturistica.com\/realtur\/abre-registro-26a-mitm-europe-mice-business-madrid-18-20-enero\/"},"wordCount":392,"commentCount":0,"publisher":{"@id":"https:\/\/realidadturistica.com\/realtur\/#organization"},"image":{"@id":"https:\/\/realidadturistica.com\/realtur\/abre-registro-26a-mitm-europe-mice-business-madrid-18-20-enero\/#primaryimage"},"thumbnailUrl":"https:\/\/realidadturistica.com\/realtur\/wp-content\/uploads\/2025\/07\/Abre-registro.jpg","articleSection":["MICE"],"inLanguage":"es","potentialAction":[{"@type":"CommentAction","name":"Comment","target":["https:\/\/realidadturistica.com\/realtur\/abre-registro-26a-mitm-europe-mice-business-madrid-18-20-enero\/#respond"]}]},{"@type":"WebPage","@id":"https:\/\/realidadturistica.com\/realtur\/abre-registro-26a-mitm-europe-mice-business-madrid-18-20-enero\/","url":"https:\/\/realidadturistica.com\/realtur\/abre-registro-26a-mitm-europe-mice-business-madrid-18-20-enero\/","name":"Abre registro: 26\u00aa MITM Europe \u2013 MICE &amp; Business \u2013 Madrid, 18-20 enero - Realidad Tur\u00edstica","isPartOf":{"@id":"https:\/\/realidadturistica.com\/realtur\/#website"},"primaryImageOfPage":{"@id":"https:\/\/realidadturistica.com\/realtur\/abre-registro-26a-mitm-europe-mice-business-madrid-18-20-enero\/#primaryimage"},"image":{"@id":"https:\/\/realidadturistica.com\/realtur\/abre-registro-26a-mitm-europe-mice-business-madrid-18-20-enero\/#primaryimage"},"thumbnailUrl":"https:\/\/realidadturistica.com\/realtur\/wp-content\/uploads\/2025\/07\/Abre-registro.jpg","datePublished":"2025-07-24T13:28:55+00:00","dateModified":"2025-07-24T13:28:58+00:00","breadcrumb":{"@id":"https:\/\/realidadturistica.com\/realtur\/abre-registro-26a-mitm-europe-mice-business-madrid-18-20-enero\/#breadcrumb"},"inLanguage":"es","potentialAction":[{"@type":"ReadAction","target":["https:\/\/realidadturistica.com\/realtur\/abre-registro-26a-mitm-europe-mice-business-madrid-18-20-enero\/"]}]},{"@type":"ImageObject","inLanguage":"es","@id":"https:\/\/realidadturistica.com\/realtur\/abre-registro-26a-mitm-europe-mice-business-madrid-18-20-enero\/#primaryimage","url":"https:\/\/realidadturistica.com\/realtur\/wp-content\/uploads\/2025\/07\/Abre-registro.jpg","contentUrl":"https:\/\/realidadturistica.com\/realtur\/wp-content\/uploads\/2025\/07\/Abre-registro.jpg","width":1000,"height":667},{"@type":"BreadcrumbList","@id":"https:\/\/realidadturistica.com\/realtur\/abre-registro-26a-mitm-europe-mice-business-madrid-18-20-enero\/#breadcrumb","itemListElement":[{"@type":"ListItem","position":1,"name":"Portada","item":"https:\/\/realidadturistica.com\/realtur\/"},{"@type":"ListItem","position":2,"name":"Abre registro: 26\u00aa MITM Europe \u2013 MICE &amp; Business \u2013 Madrid, 18-20 enero"}]},{"@type":"WebSite","@id":"https:\/\/realidadturistica.com\/realtur\/#website","url":"https:\/\/realidadturistica.com\/realtur\/","name":"Realidad Tur\u00edstica","description":"","publisher":{"@id":"https:\/\/realidadturistica.com\/realtur\/#organization"},"potentialAction":[{"@type":"SearchAction","target":{"@type":"EntryPoint","urlTemplate":"https:\/\/realidadturistica.com\/realtur\/?s={search_term_string}"},"query-input":{"@type":"PropertyValueSpecification","valueRequired":true,"valueName":"search_term_string"}}],"inLanguage":"es"},{"@type":"Organization","@id":"https:\/\/realidadturistica.com\/realtur\/#organization","name":"Realidad Tur\u00edstica","url":"https:\/\/realidadturistica.com\/realtur\/","logo":{"@type":"ImageObject","inLanguage":"es","@id":"https:\/\/realidadturistica.com\/realtur\/#\/schema\/logo\/image\/","url":"https:\/\/realidadturistica.com\/realtur\/wp-content\/uploads\/2021\/12\/logotipo-realidad-turistica.png","contentUrl":"https:\/\/realidadturistica.com\/realtur\/wp-content\/uploads\/2021\/12\/logotipo-realidad-turistica.png","width":1382,"height":629,"caption":"Realidad Tur\u00edstica"},"image":{"@id":"https:\/\/realidadturistica.com\/realtur\/#\/schema\/logo\/image\/"},"sameAs":["https:\/\/www.facebook.com\/realidadturistica","https:\/\/www.instagram.com\/realidad_turistica\/"]},{"@type":"Person","@id":"https:\/\/realidadturistica.com\/realtur\/#\/schema\/person\/ade671191202490fcf08ab21590de73e","name":"Editor","image":{"@type":"ImageObject","inLanguage":"es","@id":"https:\/\/realidadturistica.com\/realtur\/wp-content\/uploads\/2023\/09\/Editor_avatar_1693668634-96x96.png","url":"https:\/\/realidadturistica.com\/realtur\/wp-content\/uploads\/2023\/09\/Editor_avatar_1693668634-96x96.png","contentUrl":"https:\/\/realidadturistica.com\/realtur\/wp-content\/uploads\/2023\/09\/Editor_avatar_1693668634-96x96.png","caption":"Editor"},"sameAs":["https:\/\/realidadturistica.com\/realtur"],"url":"https:\/\/realidadturistica.com\/realtur\/author\/editor2\/"}]}},"_links":{"self":[{"href":"https:\/\/realidadturistica.com\/realtur\/wp-json\/wp\/v2\/posts\/10347","targetHints":{"allow":["GET"]}}],"collection":[{"href":"https:\/\/realidadturistica.com\/realtur\/wp-json\/wp\/v2\/posts"}],"about":[{"href":"https:\/\/realidadturistica.com\/realtur\/wp-json\/wp\/v2\/types\/post"}],"author":[{"embeddable":true,"href":"https:\/\/realidadturistica.com\/realtur\/wp-json\/wp\/v2\/users\/2"}],"replies":[{"embeddable":true,"href":"https:\/\/realidadturistica.com\/realtur\/wp-json\/wp\/v2\/comments?post=10347"}],"version-history":[{"count":1,"href":"https:\/\/realidadturistica.com\/realtur\/wp-json\/wp\/v2\/posts\/10347\/revisions"}],"predecessor-version":[{"id":10349,"href":"https:\/\/realidadturistica.com\/realtur\/wp-json\/wp\/v2\/posts\/10347\/revisions\/10349"}],"wp:featuredmedia":[{"embeddable":true,"href":"https:\/\/realidadturistica.com\/realtur\/wp-json\/wp\/v2\/media\/10348"}],"wp:attachment":[{"href":"https:\/\/realidadturistica.com\/realtur\/wp-json\/wp\/v2\/media?parent=10347"}],"wp:term":[{"taxonomy":"category","embeddable":true,"href":"https:\/\/realidadturistica.com\/realtur\/wp-json\/wp\/v2\/categories?post=10347"},{"taxonomy":"post_tag","embeddable":true,"href":"https:\/\/realidadturistica.com\/realtur\/wp-json\/wp\/v2\/tags?post=10347"}],"curies":[{"name":"wp","href":"https:\/\/api.w.org\/{rel}","templated":true}]}}