{"id":10360,"date":"2025-07-31T20:19:29","date_gmt":"2025-07-31T20:19:29","guid":{"rendered":"https:\/\/realidadturistica.com\/realtur\/?p=10360"},"modified":"2025-07-31T20:19:31","modified_gmt":"2025-07-31T20:19:31","slug":"enjoy-travel-group-celebra-el-exito-del-primer-famtrip-orgullo-caribeno-en-cuba-junto-a-be-proud-y-mgm-muthu-hotels","status":"publish","type":"post","link":"https:\/\/realidadturistica.com\/realtur\/enjoy-travel-group-celebra-el-exito-del-primer-famtrip-orgullo-caribeno-en-cuba-junto-a-be-proud-y-mgm-muthu-hotels\/","title":{"rendered":"Enjoy Travel Group celebra el \u00e9xito del primer FamTrip \u201cOrgullo Caribe\u00f1o\u201d en Cuba, junto a Be Proud y MGM Muthu Hotels"},"content":{"rendered":"\n<p class=\"wp-block-yoast-seo-estimated-reading-time yoast-reading-time__wrapper\"><span class=\"yoast-reading-time__icon\"><svg aria-hidden=\"true\" focusable=\"false\" data-icon=\"clock\" width=\"20\" height=\"20\" fill=\"none\" stroke=\"currentColor\" style=\"display:inline-block;vertical-align:-0.1em\" role=\"img\" xmlns=\"http:\/\/www.w3.org\/2000\/svg\" viewBox=\"0 0 24 24\"><path stroke-linecap=\"round\" stroke-linejoin=\"round\" stroke-width=\"2\" d=\"M12 8v4l3 3m6-3a9 9 0 11-18 0 9 9 0 0118 0z\"><\/path><\/svg><\/span><span class=\"yoast-reading-time__spacer\" style=\"display:inline-block;width:1em\"><\/span><span class=\"yoast-reading-time__descriptive-text\">Estimated reading time: <\/span><span class=\"yoast-reading-time__reading-time\">3<\/span><span class=\"yoast-reading-time__time-unit\"> minutos<\/span><\/p>\n\n\n\n<p>Cuba. Del 22 al 29 de julio de 2025, <a href=\"https:\/\/www.enjoytravelgroup.com\/\">Enjoy Travel Group<\/a> realiz\u00f3 su primer FamTrip enfocado al segmento LGBT+, una experiencia pionera que reuni\u00f3 a 28 agentes de viajes en un recorrido por La Habana y Cayo Guillermo, bajo el nombre \u201cOrgullo Caribe\u00f1o\u201d. Esta iniciativa fue posible gracias a la colaboraci\u00f3n estrat\u00e9gica con Be Proud y el respaldo excepcional de la cadena MGM Muthu Hotels, en especial del Gran Muthu Rainbow Hotel, que ofreci\u00f3 instalaciones, hospitalidad y experiencias dise\u00f1adas para celebrar la diversidad.<\/p>\n\n\n\n<figure class=\"wp-block-gallery has-nested-images columns-default is-cropped wp-block-gallery-1 is-layout-flex wp-block-gallery-is-layout-flex\">\n<figure class=\"wp-block-image size-large\"><img fetchpriority=\"high\" decoding=\"async\" width=\"1024\" height=\"473\" data-id=\"10362\" src=\"https:\/\/realidadturistica.com\/realtur\/wp-content\/uploads\/2025\/07\/Unknown-6-1024x473.jpeg\" alt=\"\" class=\"wp-image-10362\" srcset=\"https:\/\/realidadturistica.com\/realtur\/wp-content\/uploads\/2025\/07\/Unknown-6-1024x473.jpeg 1024w, https:\/\/realidadturistica.com\/realtur\/wp-content\/uploads\/2025\/07\/Unknown-6-300x139.jpeg 300w, https:\/\/realidadturistica.com\/realtur\/wp-content\/uploads\/2025\/07\/Unknown-6-768x355.jpeg 768w, https:\/\/realidadturistica.com\/realtur\/wp-content\/uploads\/2025\/07\/Unknown-6-1536x709.jpeg 1536w, https:\/\/realidadturistica.com\/realtur\/wp-content\/uploads\/2025\/07\/Unknown-6-1170x540.jpeg 1170w, https:\/\/realidadturistica.com\/realtur\/wp-content\/uploads\/2025\/07\/Unknown-6-585x270.jpeg 585w, https:\/\/realidadturistica.com\/realtur\/wp-content\/uploads\/2025\/07\/Unknown-6.jpeg 1600w\" sizes=\"(max-width: 1024px) 100vw, 1024px\" \/><\/figure>\n\n\n\n<figure class=\"wp-block-image size-large\"><img decoding=\"async\" width=\"1024\" height=\"473\" data-id=\"10363\" src=\"https:\/\/realidadturistica.com\/realtur\/wp-content\/uploads\/2025\/07\/Unknown1-6-1024x473.jpeg\" alt=\"\" class=\"wp-image-10363\" srcset=\"https:\/\/realidadturistica.com\/realtur\/wp-content\/uploads\/2025\/07\/Unknown1-6-1024x473.jpeg 1024w, https:\/\/realidadturistica.com\/realtur\/wp-content\/uploads\/2025\/07\/Unknown1-6-300x139.jpeg 300w, https:\/\/realidadturistica.com\/realtur\/wp-content\/uploads\/2025\/07\/Unknown1-6-768x355.jpeg 768w, https:\/\/realidadturistica.com\/realtur\/wp-content\/uploads\/2025\/07\/Unknown1-6-1536x709.jpeg 1536w, https:\/\/realidadturistica.com\/realtur\/wp-content\/uploads\/2025\/07\/Unknown1-6-1170x540.jpeg 1170w, https:\/\/realidadturistica.com\/realtur\/wp-content\/uploads\/2025\/07\/Unknown1-6-585x270.jpeg 585w, https:\/\/realidadturistica.com\/realtur\/wp-content\/uploads\/2025\/07\/Unknown1-6.jpeg 1600w\" sizes=\"(max-width: 1024px) 100vw, 1024px\" \/><\/figure>\n<\/figure>\n\n\n\n<p>Durante ocho d\u00edas, los participantes vivieron prospecciones, excursiones, degustaciones y momentos de conexi\u00f3n profesional, en un entorno que combin\u00f3 inclusi\u00f3n, lujo y cultura caribe\u00f1a. El Gran Muthu Rainbow Hotel fue clave en la realizaci\u00f3n del evento, brindando espacios seguros, entretenimiento exclusivo y una atm\u00f3sfera vibrante que refleja su compromiso con el turismo diverso.<\/p>\n\n\n\n<p>Norma Alejandro, Directora Comercial de <a href=\"https:\/\/www.enjoytravelgroup.com\/\">Enjoy Travel Group<\/a> en M\u00e9xico, expres\u00f3 con entusiasmo: \u201cEste FamTrip marca un antes y un despu\u00e9s en nuestra forma de conectar con los agentes y con los viajeros. Apostamos por experiencias aut\u00e9nticas, inclusivas y transformadoras. Cuba nos recibi\u00f3 con los brazos abiertos, y Muthu Hotels nos dio el escenario perfecto para demostrar que el turismo tambi\u00e9n puede ser un motor de respeto y orgullo.\u201d<\/p>\n\n\n\n<p>Por su parte, Ra\u00fal, representante de Be Proud, declar\u00f3: \u201cContamos con el respaldo de tres grandes aliados comerciales: <a href=\"https:\/\/www.enjoytravelgroup.com\/\">Enjoy Travel Group<\/a>, Potentur y MGM Muthu Hotels, quienes han confiado en nuestra visi\u00f3n desde el inicio y comparten nuestro compromiso con la inclusi\u00f3n y la excelencia.\u201d<\/p>\n\n\n\n<figure class=\"wp-block-gallery has-nested-images columns-default is-cropped wp-block-gallery-2 is-layout-flex wp-block-gallery-is-layout-flex\">\n<figure class=\"wp-block-image size-large\"><img decoding=\"async\" width=\"1024\" height=\"472\" data-id=\"10366\" src=\"https:\/\/realidadturistica.com\/realtur\/wp-content\/uploads\/2025\/07\/Unknown3-5-1024x472.jpeg\" alt=\"\" class=\"wp-image-10366\" srcset=\"https:\/\/realidadturistica.com\/realtur\/wp-content\/uploads\/2025\/07\/Unknown3-5-1024x472.jpeg 1024w, https:\/\/realidadturistica.com\/realtur\/wp-content\/uploads\/2025\/07\/Unknown3-5-300x138.jpeg 300w, https:\/\/realidadturistica.com\/realtur\/wp-content\/uploads\/2025\/07\/Unknown3-5-768x354.jpeg 768w, https:\/\/realidadturistica.com\/realtur\/wp-content\/uploads\/2025\/07\/Unknown3-5-1536x708.jpeg 1536w, https:\/\/realidadturistica.com\/realtur\/wp-content\/uploads\/2025\/07\/Unknown3-5-1170x539.jpeg 1170w, https:\/\/realidadturistica.com\/realtur\/wp-content\/uploads\/2025\/07\/Unknown3-5-585x269.jpeg 585w, https:\/\/realidadturistica.com\/realtur\/wp-content\/uploads\/2025\/07\/Unknown3-5.jpeg 1600w\" sizes=\"(max-width: 1024px) 100vw, 1024px\" \/><\/figure>\n<\/figure>\n\n\n\n<p>Con esta acci\u00f3n, <a href=\"https:\/\/www.enjoytravelgroup.com\/\">Enjoy Travel Group<\/a> reafirma su liderazgo en la creaci\u00f3n de experiencias tur\u00edsticas con prop\u00f3sito, y abre la puerta a nuevas iniciativas que celebren la diversidad en todos sus colores.<\/p>\n\n\n\n<p>Fuente: <a href=\"https:\/\/www.enjoytravelgroup.com\/\">Enjoy Travel Group<\/a><\/p>\n","protected":false},"excerpt":{"rendered":"<p>Cuba. Del 22 al 29 de julio de 2025, Enjoy Travel Group realiz\u00f3 su primer FamTrip enfocado al segmento LGBT+, una experiencia pionera que reuni\u00f3&hellip;<\/p>\n","protected":false},"author":2,"featured_media":10361,"comment_status":"open","ping_status":"closed","sticky":false,"template":"","format":"standard","meta":{"content-type":"","_lmt_disableupdate":"","_lmt_disable":"","footnotes":""},"categories":[6],"tags":[],"class_list":["post-10360","post","type-post","status-publish","format-standard","has-post-thumbnail","hentry","category-turismo"],"yoast_head":"<!-- This site is optimized with the Yoast SEO Premium plugin v27.4 (Yoast SEO v27.5) - https:\/\/yoast.com\/product\/yoast-seo-premium-wordpress\/ -->\n<title>Enjoy Travel Group celebra el \u00e9xito del primer FamTrip \u201cOrgullo Caribe\u00f1o\u201d en Cuba, junto a Be Proud y MGM Muthu Hotels - Realidad Tur\u00edstica<\/title>\n<meta name=\"robots\" content=\"index, follow, max-snippet:-1, max-image-preview:large, max-video-preview:-1\" \/>\n<link rel=\"canonical\" href=\"https:\/\/realidadturistica.com\/realtur\/enjoy-travel-group-celebra-el-exito-del-primer-famtrip-orgullo-caribeno-en-cuba-junto-a-be-proud-y-mgm-muthu-hotels\/\" \/>\n<meta property=\"og:locale\" content=\"es_ES\" \/>\n<meta property=\"og:type\" content=\"article\" \/>\n<meta property=\"og:title\" content=\"Enjoy Travel Group celebra el \u00e9xito del primer FamTrip \u201cOrgullo Caribe\u00f1o\u201d en Cuba, junto a Be Proud y MGM Muthu Hotels\" \/>\n<meta property=\"og:description\" content=\"Cuba. Del 22 al 29 de julio de 2025, Enjoy Travel Group realiz\u00f3 su primer FamTrip enfocado al segmento LGBT+, una experiencia pionera que reuni\u00f3&hellip;\" \/>\n<meta property=\"og:url\" content=\"https:\/\/realidadturistica.com\/realtur\/enjoy-travel-group-celebra-el-exito-del-primer-famtrip-orgullo-caribeno-en-cuba-junto-a-be-proud-y-mgm-muthu-hotels\/\" \/>\n<meta property=\"og:site_name\" content=\"Realidad Tur\u00edstica\" \/>\n<meta property=\"article:publisher\" content=\"https:\/\/www.facebook.com\/realidadturistica\" \/>\n<meta property=\"article:published_time\" content=\"2025-07-31T20:19:29+00:00\" \/>\n<meta property=\"article:modified_time\" content=\"2025-07-31T20:19:31+00:00\" \/>\n<meta property=\"og:image\" content=\"https:\/\/realidadturistica.com\/realtur\/wp-content\/uploads\/2025\/07\/Unknown4-2.jpeg\" \/>\n\t<meta property=\"og:image:width\" content=\"1600\" \/>\n\t<meta property=\"og:image:height\" content=\"1066\" \/>\n\t<meta property=\"og:image:type\" content=\"image\/jpeg\" \/>\n<meta name=\"author\" content=\"Editor\" \/>\n<meta name=\"twitter:card\" content=\"summary_large_image\" \/>\n<meta name=\"twitter:label1\" content=\"Escrito por\" \/>\n\t<meta name=\"twitter:data1\" content=\"Editor\" \/>\n\t<meta name=\"twitter:label2\" content=\"Tiempo de lectura\" \/>\n\t<meta name=\"twitter:data2\" content=\"3 minutos\" \/>\n<script type=\"application\/ld+json\" class=\"yoast-schema-graph\">{\"@context\":\"https:\\\/\\\/schema.org\",\"@graph\":[{\"@type\":\"Article\",\"@id\":\"https:\\\/\\\/realidadturistica.com\\\/realtur\\\/enjoy-travel-group-celebra-el-exito-del-primer-famtrip-orgullo-caribeno-en-cuba-junto-a-be-proud-y-mgm-muthu-hotels\\\/#article\",\"isPartOf\":{\"@id\":\"https:\\\/\\\/realidadturistica.com\\\/realtur\\\/enjoy-travel-group-celebra-el-exito-del-primer-famtrip-orgullo-caribeno-en-cuba-junto-a-be-proud-y-mgm-muthu-hotels\\\/\"},\"author\":{\"name\":\"Editor\",\"@id\":\"https:\\\/\\\/realidadturistica.com\\\/realtur\\\/#\\\/schema\\\/person\\\/ade671191202490fcf08ab21590de73e\"},\"headline\":\"Enjoy Travel Group celebra el \u00e9xito del primer FamTrip \u201cOrgullo Caribe\u00f1o\u201d en Cuba, junto a Be Proud y MGM Muthu Hotels\",\"datePublished\":\"2025-07-31T20:19:29+00:00\",\"dateModified\":\"2025-07-31T20:19:31+00:00\",\"mainEntityOfPage\":{\"@id\":\"https:\\\/\\\/realidadturistica.com\\\/realtur\\\/enjoy-travel-group-celebra-el-exito-del-primer-famtrip-orgullo-caribeno-en-cuba-junto-a-be-proud-y-mgm-muthu-hotels\\\/\"},\"wordCount\":330,\"commentCount\":0,\"publisher\":{\"@id\":\"https:\\\/\\\/realidadturistica.com\\\/realtur\\\/#organization\"},\"image\":{\"@id\":\"https:\\\/\\\/realidadturistica.com\\\/realtur\\\/enjoy-travel-group-celebra-el-exito-del-primer-famtrip-orgullo-caribeno-en-cuba-junto-a-be-proud-y-mgm-muthu-hotels\\\/#primaryimage\"},\"thumbnailUrl\":\"https:\\\/\\\/realidadturistica.com\\\/realtur\\\/wp-content\\\/uploads\\\/2025\\\/07\\\/Unknown4-2.jpeg\",\"articleSection\":[\"Turismo\"],\"inLanguage\":\"es\",\"potentialAction\":[{\"@type\":\"CommentAction\",\"name\":\"Comment\",\"target\":[\"https:\\\/\\\/realidadturistica.com\\\/realtur\\\/enjoy-travel-group-celebra-el-exito-del-primer-famtrip-orgullo-caribeno-en-cuba-junto-a-be-proud-y-mgm-muthu-hotels\\\/#respond\"]}]},{\"@type\":\"WebPage\",\"@id\":\"https:\\\/\\\/realidadturistica.com\\\/realtur\\\/enjoy-travel-group-celebra-el-exito-del-primer-famtrip-orgullo-caribeno-en-cuba-junto-a-be-proud-y-mgm-muthu-hotels\\\/\",\"url\":\"https:\\\/\\\/realidadturistica.com\\\/realtur\\\/enjoy-travel-group-celebra-el-exito-del-primer-famtrip-orgullo-caribeno-en-cuba-junto-a-be-proud-y-mgm-muthu-hotels\\\/\",\"name\":\"Enjoy Travel Group celebra el \u00e9xito del primer FamTrip \u201cOrgullo Caribe\u00f1o\u201d en Cuba, junto a Be Proud y MGM Muthu Hotels - Realidad Tur\u00edstica\",\"isPartOf\":{\"@id\":\"https:\\\/\\\/realidadturistica.com\\\/realtur\\\/#website\"},\"primaryImageOfPage\":{\"@id\":\"https:\\\/\\\/realidadturistica.com\\\/realtur\\\/enjoy-travel-group-celebra-el-exito-del-primer-famtrip-orgullo-caribeno-en-cuba-junto-a-be-proud-y-mgm-muthu-hotels\\\/#primaryimage\"},\"image\":{\"@id\":\"https:\\\/\\\/realidadturistica.com\\\/realtur\\\/enjoy-travel-group-celebra-el-exito-del-primer-famtrip-orgullo-caribeno-en-cuba-junto-a-be-proud-y-mgm-muthu-hotels\\\/#primaryimage\"},\"thumbnailUrl\":\"https:\\\/\\\/realidadturistica.com\\\/realtur\\\/wp-content\\\/uploads\\\/2025\\\/07\\\/Unknown4-2.jpeg\",\"datePublished\":\"2025-07-31T20:19:29+00:00\",\"dateModified\":\"2025-07-31T20:19:31+00:00\",\"breadcrumb\":{\"@id\":\"https:\\\/\\\/realidadturistica.com\\\/realtur\\\/enjoy-travel-group-celebra-el-exito-del-primer-famtrip-orgullo-caribeno-en-cuba-junto-a-be-proud-y-mgm-muthu-hotels\\\/#breadcrumb\"},\"inLanguage\":\"es\",\"potentialAction\":[{\"@type\":\"ReadAction\",\"target\":[\"https:\\\/\\\/realidadturistica.com\\\/realtur\\\/enjoy-travel-group-celebra-el-exito-del-primer-famtrip-orgullo-caribeno-en-cuba-junto-a-be-proud-y-mgm-muthu-hotels\\\/\"]}]},{\"@type\":\"ImageObject\",\"inLanguage\":\"es\",\"@id\":\"https:\\\/\\\/realidadturistica.com\\\/realtur\\\/enjoy-travel-group-celebra-el-exito-del-primer-famtrip-orgullo-caribeno-en-cuba-junto-a-be-proud-y-mgm-muthu-hotels\\\/#primaryimage\",\"url\":\"https:\\\/\\\/realidadturistica.com\\\/realtur\\\/wp-content\\\/uploads\\\/2025\\\/07\\\/Unknown4-2.jpeg\",\"contentUrl\":\"https:\\\/\\\/realidadturistica.com\\\/realtur\\\/wp-content\\\/uploads\\\/2025\\\/07\\\/Unknown4-2.jpeg\",\"width\":1600,\"height\":1066},{\"@type\":\"BreadcrumbList\",\"@id\":\"https:\\\/\\\/realidadturistica.com\\\/realtur\\\/enjoy-travel-group-celebra-el-exito-del-primer-famtrip-orgullo-caribeno-en-cuba-junto-a-be-proud-y-mgm-muthu-hotels\\\/#breadcrumb\",\"itemListElement\":[{\"@type\":\"ListItem\",\"position\":1,\"name\":\"Portada\",\"item\":\"https:\\\/\\\/realidadturistica.com\\\/realtur\\\/\"},{\"@type\":\"ListItem\",\"position\":2,\"name\":\"Enjoy Travel Group celebra el \u00e9xito del primer FamTrip \u201cOrgullo Caribe\u00f1o\u201d en Cuba, junto a Be Proud y MGM Muthu Hotels\"}]},{\"@type\":\"WebSite\",\"@id\":\"https:\\\/\\\/realidadturistica.com\\\/realtur\\\/#website\",\"url\":\"https:\\\/\\\/realidadturistica.com\\\/realtur\\\/\",\"name\":\"Realidad Tur\u00edstica\",\"description\":\"\",\"publisher\":{\"@id\":\"https:\\\/\\\/realidadturistica.com\\\/realtur\\\/#organization\"},\"potentialAction\":[{\"@type\":\"SearchAction\",\"target\":{\"@type\":\"EntryPoint\",\"urlTemplate\":\"https:\\\/\\\/realidadturistica.com\\\/realtur\\\/?s={search_term_string}\"},\"query-input\":{\"@type\":\"PropertyValueSpecification\",\"valueRequired\":true,\"valueName\":\"search_term_string\"}}],\"inLanguage\":\"es\"},{\"@type\":\"Organization\",\"@id\":\"https:\\\/\\\/realidadturistica.com\\\/realtur\\\/#organization\",\"name\":\"Realidad Tur\u00edstica\",\"url\":\"https:\\\/\\\/realidadturistica.com\\\/realtur\\\/\",\"logo\":{\"@type\":\"ImageObject\",\"inLanguage\":\"es\",\"@id\":\"https:\\\/\\\/realidadturistica.com\\\/realtur\\\/#\\\/schema\\\/logo\\\/image\\\/\",\"url\":\"https:\\\/\\\/realidadturistica.com\\\/realtur\\\/wp-content\\\/uploads\\\/2021\\\/12\\\/logotipo-realidad-turistica.png\",\"contentUrl\":\"https:\\\/\\\/realidadturistica.com\\\/realtur\\\/wp-content\\\/uploads\\\/2021\\\/12\\\/logotipo-realidad-turistica.png\",\"width\":1382,\"height\":629,\"caption\":\"Realidad Tur\u00edstica\"},\"image\":{\"@id\":\"https:\\\/\\\/realidadturistica.com\\\/realtur\\\/#\\\/schema\\\/logo\\\/image\\\/\"},\"sameAs\":[\"https:\\\/\\\/www.facebook.com\\\/realidadturistica\",\"https:\\\/\\\/www.instagram.com\\\/realidad_turistica\\\/\"]},{\"@type\":\"Person\",\"@id\":\"https:\\\/\\\/realidadturistica.com\\\/realtur\\\/#\\\/schema\\\/person\\\/ade671191202490fcf08ab21590de73e\",\"name\":\"Editor\",\"image\":{\"@type\":\"ImageObject\",\"inLanguage\":\"es\",\"@id\":\"https:\\\/\\\/realidadturistica.com\\\/realtur\\\/wp-content\\\/uploads\\\/2023\\\/09\\\/Editor_avatar_1693668634-96x96.png\",\"url\":\"https:\\\/\\\/realidadturistica.com\\\/realtur\\\/wp-content\\\/uploads\\\/2023\\\/09\\\/Editor_avatar_1693668634-96x96.png\",\"contentUrl\":\"https:\\\/\\\/realidadturistica.com\\\/realtur\\\/wp-content\\\/uploads\\\/2023\\\/09\\\/Editor_avatar_1693668634-96x96.png\",\"caption\":\"Editor\"},\"sameAs\":[\"https:\\\/\\\/realidadturistica.com\\\/realtur\"],\"url\":\"https:\\\/\\\/realidadturistica.com\\\/realtur\\\/author\\\/editor2\\\/\"}]}<\/script>\n<!-- \/ Yoast SEO Premium plugin. -->","yoast_head_json":{"title":"Enjoy Travel Group celebra el \u00e9xito del primer FamTrip \u201cOrgullo Caribe\u00f1o\u201d en Cuba, junto a Be Proud y MGM Muthu Hotels - Realidad Tur\u00edstica","robots":{"index":"index","follow":"follow","max-snippet":"max-snippet:-1","max-image-preview":"max-image-preview:large","max-video-preview":"max-video-preview:-1"},"canonical":"https:\/\/realidadturistica.com\/realtur\/enjoy-travel-group-celebra-el-exito-del-primer-famtrip-orgullo-caribeno-en-cuba-junto-a-be-proud-y-mgm-muthu-hotels\/","og_locale":"es_ES","og_type":"article","og_title":"Enjoy Travel Group celebra el \u00e9xito del primer FamTrip \u201cOrgullo Caribe\u00f1o\u201d en Cuba, junto a Be Proud y MGM Muthu Hotels","og_description":"Cuba. Del 22 al 29 de julio de 2025, Enjoy Travel Group realiz\u00f3 su primer FamTrip enfocado al segmento LGBT+, una experiencia pionera que reuni\u00f3&hellip;","og_url":"https:\/\/realidadturistica.com\/realtur\/enjoy-travel-group-celebra-el-exito-del-primer-famtrip-orgullo-caribeno-en-cuba-junto-a-be-proud-y-mgm-muthu-hotels\/","og_site_name":"Realidad Tur\u00edstica","article_publisher":"https:\/\/www.facebook.com\/realidadturistica","article_published_time":"2025-07-31T20:19:29+00:00","article_modified_time":"2025-07-31T20:19:31+00:00","og_image":[{"width":1600,"height":1066,"url":"https:\/\/realidadturistica.com\/realtur\/wp-content\/uploads\/2025\/07\/Unknown4-2.jpeg","type":"image\/jpeg"}],"author":"Editor","twitter_card":"summary_large_image","twitter_misc":{"Escrito por":"Editor","Tiempo de lectura":"3 minutos"},"schema":{"@context":"https:\/\/schema.org","@graph":[{"@type":"Article","@id":"https:\/\/realidadturistica.com\/realtur\/enjoy-travel-group-celebra-el-exito-del-primer-famtrip-orgullo-caribeno-en-cuba-junto-a-be-proud-y-mgm-muthu-hotels\/#article","isPartOf":{"@id":"https:\/\/realidadturistica.com\/realtur\/enjoy-travel-group-celebra-el-exito-del-primer-famtrip-orgullo-caribeno-en-cuba-junto-a-be-proud-y-mgm-muthu-hotels\/"},"author":{"name":"Editor","@id":"https:\/\/realidadturistica.com\/realtur\/#\/schema\/person\/ade671191202490fcf08ab21590de73e"},"headline":"Enjoy Travel Group celebra el \u00e9xito del primer FamTrip \u201cOrgullo Caribe\u00f1o\u201d en Cuba, junto a Be Proud y MGM Muthu Hotels","datePublished":"2025-07-31T20:19:29+00:00","dateModified":"2025-07-31T20:19:31+00:00","mainEntityOfPage":{"@id":"https:\/\/realidadturistica.com\/realtur\/enjoy-travel-group-celebra-el-exito-del-primer-famtrip-orgullo-caribeno-en-cuba-junto-a-be-proud-y-mgm-muthu-hotels\/"},"wordCount":330,"commentCount":0,"publisher":{"@id":"https:\/\/realidadturistica.com\/realtur\/#organization"},"image":{"@id":"https:\/\/realidadturistica.com\/realtur\/enjoy-travel-group-celebra-el-exito-del-primer-famtrip-orgullo-caribeno-en-cuba-junto-a-be-proud-y-mgm-muthu-hotels\/#primaryimage"},"thumbnailUrl":"https:\/\/realidadturistica.com\/realtur\/wp-content\/uploads\/2025\/07\/Unknown4-2.jpeg","articleSection":["Turismo"],"inLanguage":"es","potentialAction":[{"@type":"CommentAction","name":"Comment","target":["https:\/\/realidadturistica.com\/realtur\/enjoy-travel-group-celebra-el-exito-del-primer-famtrip-orgullo-caribeno-en-cuba-junto-a-be-proud-y-mgm-muthu-hotels\/#respond"]}]},{"@type":"WebPage","@id":"https:\/\/realidadturistica.com\/realtur\/enjoy-travel-group-celebra-el-exito-del-primer-famtrip-orgullo-caribeno-en-cuba-junto-a-be-proud-y-mgm-muthu-hotels\/","url":"https:\/\/realidadturistica.com\/realtur\/enjoy-travel-group-celebra-el-exito-del-primer-famtrip-orgullo-caribeno-en-cuba-junto-a-be-proud-y-mgm-muthu-hotels\/","name":"Enjoy Travel Group celebra el \u00e9xito del primer FamTrip \u201cOrgullo Caribe\u00f1o\u201d en Cuba, junto a Be Proud y MGM Muthu Hotels - Realidad Tur\u00edstica","isPartOf":{"@id":"https:\/\/realidadturistica.com\/realtur\/#website"},"primaryImageOfPage":{"@id":"https:\/\/realidadturistica.com\/realtur\/enjoy-travel-group-celebra-el-exito-del-primer-famtrip-orgullo-caribeno-en-cuba-junto-a-be-proud-y-mgm-muthu-hotels\/#primaryimage"},"image":{"@id":"https:\/\/realidadturistica.com\/realtur\/enjoy-travel-group-celebra-el-exito-del-primer-famtrip-orgullo-caribeno-en-cuba-junto-a-be-proud-y-mgm-muthu-hotels\/#primaryimage"},"thumbnailUrl":"https:\/\/realidadturistica.com\/realtur\/wp-content\/uploads\/2025\/07\/Unknown4-2.jpeg","datePublished":"2025-07-31T20:19:29+00:00","dateModified":"2025-07-31T20:19:31+00:00","breadcrumb":{"@id":"https:\/\/realidadturistica.com\/realtur\/enjoy-travel-group-celebra-el-exito-del-primer-famtrip-orgullo-caribeno-en-cuba-junto-a-be-proud-y-mgm-muthu-hotels\/#breadcrumb"},"inLanguage":"es","potentialAction":[{"@type":"ReadAction","target":["https:\/\/realidadturistica.com\/realtur\/enjoy-travel-group-celebra-el-exito-del-primer-famtrip-orgullo-caribeno-en-cuba-junto-a-be-proud-y-mgm-muthu-hotels\/"]}]},{"@type":"ImageObject","inLanguage":"es","@id":"https:\/\/realidadturistica.com\/realtur\/enjoy-travel-group-celebra-el-exito-del-primer-famtrip-orgullo-caribeno-en-cuba-junto-a-be-proud-y-mgm-muthu-hotels\/#primaryimage","url":"https:\/\/realidadturistica.com\/realtur\/wp-content\/uploads\/2025\/07\/Unknown4-2.jpeg","contentUrl":"https:\/\/realidadturistica.com\/realtur\/wp-content\/uploads\/2025\/07\/Unknown4-2.jpeg","width":1600,"height":1066},{"@type":"BreadcrumbList","@id":"https:\/\/realidadturistica.com\/realtur\/enjoy-travel-group-celebra-el-exito-del-primer-famtrip-orgullo-caribeno-en-cuba-junto-a-be-proud-y-mgm-muthu-hotels\/#breadcrumb","itemListElement":[{"@type":"ListItem","position":1,"name":"Portada","item":"https:\/\/realidadturistica.com\/realtur\/"},{"@type":"ListItem","position":2,"name":"Enjoy Travel Group celebra el \u00e9xito del primer FamTrip \u201cOrgullo Caribe\u00f1o\u201d en Cuba, junto a Be Proud y MGM Muthu Hotels"}]},{"@type":"WebSite","@id":"https:\/\/realidadturistica.com\/realtur\/#website","url":"https:\/\/realidadturistica.com\/realtur\/","name":"Realidad Tur\u00edstica","description":"","publisher":{"@id":"https:\/\/realidadturistica.com\/realtur\/#organization"},"potentialAction":[{"@type":"SearchAction","target":{"@type":"EntryPoint","urlTemplate":"https:\/\/realidadturistica.com\/realtur\/?s={search_term_string}"},"query-input":{"@type":"PropertyValueSpecification","valueRequired":true,"valueName":"search_term_string"}}],"inLanguage":"es"},{"@type":"Organization","@id":"https:\/\/realidadturistica.com\/realtur\/#organization","name":"Realidad Tur\u00edstica","url":"https:\/\/realidadturistica.com\/realtur\/","logo":{"@type":"ImageObject","inLanguage":"es","@id":"https:\/\/realidadturistica.com\/realtur\/#\/schema\/logo\/image\/","url":"https:\/\/realidadturistica.com\/realtur\/wp-content\/uploads\/2021\/12\/logotipo-realidad-turistica.png","contentUrl":"https:\/\/realidadturistica.com\/realtur\/wp-content\/uploads\/2021\/12\/logotipo-realidad-turistica.png","width":1382,"height":629,"caption":"Realidad Tur\u00edstica"},"image":{"@id":"https:\/\/realidadturistica.com\/realtur\/#\/schema\/logo\/image\/"},"sameAs":["https:\/\/www.facebook.com\/realidadturistica","https:\/\/www.instagram.com\/realidad_turistica\/"]},{"@type":"Person","@id":"https:\/\/realidadturistica.com\/realtur\/#\/schema\/person\/ade671191202490fcf08ab21590de73e","name":"Editor","image":{"@type":"ImageObject","inLanguage":"es","@id":"https:\/\/realidadturistica.com\/realtur\/wp-content\/uploads\/2023\/09\/Editor_avatar_1693668634-96x96.png","url":"https:\/\/realidadturistica.com\/realtur\/wp-content\/uploads\/2023\/09\/Editor_avatar_1693668634-96x96.png","contentUrl":"https:\/\/realidadturistica.com\/realtur\/wp-content\/uploads\/2023\/09\/Editor_avatar_1693668634-96x96.png","caption":"Editor"},"sameAs":["https:\/\/realidadturistica.com\/realtur"],"url":"https:\/\/realidadturistica.com\/realtur\/author\/editor2\/"}]}},"_links":{"self":[{"href":"https:\/\/realidadturistica.com\/realtur\/wp-json\/wp\/v2\/posts\/10360","targetHints":{"allow":["GET"]}}],"collection":[{"href":"https:\/\/realidadturistica.com\/realtur\/wp-json\/wp\/v2\/posts"}],"about":[{"href":"https:\/\/realidadturistica.com\/realtur\/wp-json\/wp\/v2\/types\/post"}],"author":[{"embeddable":true,"href":"https:\/\/realidadturistica.com\/realtur\/wp-json\/wp\/v2\/users\/2"}],"replies":[{"embeddable":true,"href":"https:\/\/realidadturistica.com\/realtur\/wp-json\/wp\/v2\/comments?post=10360"}],"version-history":[{"count":2,"href":"https:\/\/realidadturistica.com\/realtur\/wp-json\/wp\/v2\/posts\/10360\/revisions"}],"predecessor-version":[{"id":10368,"href":"https:\/\/realidadturistica.com\/realtur\/wp-json\/wp\/v2\/posts\/10360\/revisions\/10368"}],"wp:featuredmedia":[{"embeddable":true,"href":"https:\/\/realidadturistica.com\/realtur\/wp-json\/wp\/v2\/media\/10361"}],"wp:attachment":[{"href":"https:\/\/realidadturistica.com\/realtur\/wp-json\/wp\/v2\/media?parent=10360"}],"wp:term":[{"taxonomy":"category","embeddable":true,"href":"https:\/\/realidadturistica.com\/realtur\/wp-json\/wp\/v2\/categories?post=10360"},{"taxonomy":"post_tag","embeddable":true,"href":"https:\/\/realidadturistica.com\/realtur\/wp-json\/wp\/v2\/tags?post=10360"}],"curies":[{"name":"wp","href":"https:\/\/api.w.org\/{rel}","templated":true}]}}