{"id":10369,"date":"2025-07-31T20:24:36","date_gmt":"2025-07-31T20:24:36","guid":{"rendered":"https:\/\/realidadturistica.com\/realtur\/?p=10369"},"modified":"2025-07-31T20:24:38","modified_gmt":"2025-07-31T20:24:38","slug":"yucatan-se-suma-a-campana-nacional-para-proteger-a-sus-visitantes","status":"publish","type":"post","link":"https:\/\/realidadturistica.com\/realtur\/yucatan-se-suma-a-campana-nacional-para-proteger-a-sus-visitantes\/","title":{"rendered":"Yucat\u00e1n se suma a campa\u00f1a nacional para proteger a sus visitantes"},"content":{"rendered":"\n<p class=\"wp-block-yoast-seo-estimated-reading-time yoast-reading-time__wrapper\"><span class=\"yoast-reading-time__icon\"><svg aria-hidden=\"true\" focusable=\"false\" data-icon=\"clock\" width=\"20\" height=\"20\" fill=\"none\" stroke=\"currentColor\" style=\"display:inline-block;vertical-align:-0.1em\" role=\"img\" xmlns=\"http:\/\/www.w3.org\/2000\/svg\" viewBox=\"0 0 24 24\"><path stroke-linecap=\"round\" stroke-linejoin=\"round\" stroke-width=\"2\" d=\"M12 8v4l3 3m6-3a9 9 0 11-18 0 9 9 0 0118 0z\"><\/path><\/svg><\/span><span class=\"yoast-reading-time__spacer\" style=\"display:inline-block;width:1em\"><\/span><span class=\"yoast-reading-time__descriptive-text\">Estimated reading time: <\/span><span class=\"yoast-reading-time__reading-time\">4<\/span><span class=\"yoast-reading-time__time-unit\"> minutos<\/span><\/p>\n\n\n\n<p>M\u00e9xico. Ante la llegada de m\u00e1s de 400 mil turistas, el Gobierno del Renacimiento Maya se integr\u00f3 a la campa\u00f1a \u201cVerifica y Viaja\u201d para fomentar un turismo informado, seguro y libre de fraudes digitales.<\/p>\n\n\n\n<p>Con el objetivo de proteger a quienes visitan el estado durante esta temporada vacacional, la administraci\u00f3n que encabeza el Gobernador Joaqu\u00edn D\u00edaz Mena se suma a la campa\u00f1a nacional \u201cVerifica y viaja\u201d, una iniciativa orientada a fomentar la compra informada de servicios tur\u00edsticos y fortalecer la confianza de los viajeros, en una temporada en la que se espera la llegada de m\u00e1s de 400 mil turistas con pernocta a Yucat\u00e1n.<\/p>\n\n\n\n<figure class=\"wp-block-gallery has-nested-images columns-default is-cropped wp-block-gallery-1 is-layout-flex wp-block-gallery-is-layout-flex\">\n<figure class=\"wp-block-image size-large\"><img fetchpriority=\"high\" decoding=\"async\" width=\"1024\" height=\"683\" data-id=\"10371\" src=\"https:\/\/realidadturistica.com\/realtur\/wp-content\/uploads\/2025\/07\/Yucatan1-1024x683.jpeg\" alt=\"\" class=\"wp-image-10371\" srcset=\"https:\/\/realidadturistica.com\/realtur\/wp-content\/uploads\/2025\/07\/Yucatan1-1024x683.jpeg 1024w, https:\/\/realidadturistica.com\/realtur\/wp-content\/uploads\/2025\/07\/Yucatan1-300x200.jpeg 300w, https:\/\/realidadturistica.com\/realtur\/wp-content\/uploads\/2025\/07\/Yucatan1-768x512.jpeg 768w, https:\/\/realidadturistica.com\/realtur\/wp-content\/uploads\/2025\/07\/Yucatan1-585x390.jpeg 585w, https:\/\/realidadturistica.com\/realtur\/wp-content\/uploads\/2025\/07\/Yucatan1-263x175.jpeg 263w, https:\/\/realidadturistica.com\/realtur\/wp-content\/uploads\/2025\/07\/Yucatan1.jpeg 1151w\" sizes=\"(max-width: 1024px) 100vw, 1024px\" \/><\/figure>\n\n\n\n<figure class=\"wp-block-image size-large\"><img decoding=\"async\" width=\"1024\" height=\"683\" data-id=\"10372\" src=\"https:\/\/realidadturistica.com\/realtur\/wp-content\/uploads\/2025\/07\/Yucatan3-1024x683.jpeg\" alt=\"\" class=\"wp-image-10372\" srcset=\"https:\/\/realidadturistica.com\/realtur\/wp-content\/uploads\/2025\/07\/Yucatan3-1024x683.jpeg 1024w, https:\/\/realidadturistica.com\/realtur\/wp-content\/uploads\/2025\/07\/Yucatan3-300x200.jpeg 300w, https:\/\/realidadturistica.com\/realtur\/wp-content\/uploads\/2025\/07\/Yucatan3-768x512.jpeg 768w, https:\/\/realidadturistica.com\/realtur\/wp-content\/uploads\/2025\/07\/Yucatan3-585x390.jpeg 585w, https:\/\/realidadturistica.com\/realtur\/wp-content\/uploads\/2025\/07\/Yucatan3-263x175.jpeg 263w, https:\/\/realidadturistica.com\/realtur\/wp-content\/uploads\/2025\/07\/Yucatan3.jpeg 1151w\" sizes=\"(max-width: 1024px) 100vw, 1024px\" \/><\/figure>\n<\/figure>\n\n\n\n<p>Impulsada por la Uni\u00f3n de Secretarias y Secretarios de Turismo de M\u00e9xico (Asetur), en coordinaci\u00f3n con la Secretar\u00eda de Turismo del Gobierno Federal, esta estrategia nacional tiene como objetivo prevenir fraudes en plataformas digitales, ofreciendo herramientas pr\u00e1cticas a los usuarios para reconocer proveedores tur\u00edsticos confiables.<\/p>\n\n\n\n<p>La campa\u00f1a, que se difunde a trav\u00e9s de las redes sociales oficiales de las 32 entidades del pa\u00eds, orienta a las y los viajeros sobre tres pasos clave para evitar fraudes al momento de adquirir servicios tur\u00edsticos en l\u00ednea<\/p>\n\n\n\n<p>El primero es validar la reputaci\u00f3n de la agencia o proveedor mediante rese\u00f1as y comentarios de otros usuarios; luego, verificar que est\u00e9n registrados en el Registro Nacional y Estatal de Turismo, consultando la p\u00e1gina oficial correspondiente de cada entidad; y finalmente, revisar cuidadosamente los m\u00e9todos de pago, evitando realizar dep\u00f3sitos a cuentas personales o utilizar enlaces compartidos a trav\u00e9s de redes sociales o aplicaciones de mensajer\u00eda.<\/p>\n\n\n\n<p>La Secretar\u00eda de Fomento Tur\u00edstico (Sefotur) inform\u00f3 que durante los meses de julio y agosto se prev\u00e9 una alta afluencia de visitantes, atra\u00eddos por la riqueza cultural, natural y gastron\u00f3mica de Yucat\u00e1n. A nivel nacional, la Secretar\u00eda de Turismo federal estima m\u00e1s de 48 millones de turistas durante este periodo vacacional.<\/p>\n\n\n\n<p>Ante este importante flujo tur\u00edstico, las acciones de prevenci\u00f3n cobran relevancia, por ello la Procuradur\u00eda Federal del Consumidor (Profeco) ha emitido alertas sobre los denominados \u201cviajes fantasmas\u201d, una forma de fraude que afecta a quienes adquieren paquetes tur\u00edsticos a trav\u00e9s de plataformas no verificadas.<\/p>\n\n\n\n<figure class=\"wp-block-gallery has-nested-images columns-default is-cropped wp-block-gallery-2 is-layout-flex wp-block-gallery-is-layout-flex\">\n<figure class=\"wp-block-image size-large\"><img decoding=\"async\" width=\"1024\" height=\"683\" data-id=\"10374\" src=\"https:\/\/realidadturistica.com\/realtur\/wp-content\/uploads\/2025\/07\/Yucatan5-1024x683.jpeg\" alt=\"\" class=\"wp-image-10374\" srcset=\"https:\/\/realidadturistica.com\/realtur\/wp-content\/uploads\/2025\/07\/Yucatan5-1024x683.jpeg 1024w, https:\/\/realidadturistica.com\/realtur\/wp-content\/uploads\/2025\/07\/Yucatan5-300x200.jpeg 300w, https:\/\/realidadturistica.com\/realtur\/wp-content\/uploads\/2025\/07\/Yucatan5-768x512.jpeg 768w, https:\/\/realidadturistica.com\/realtur\/wp-content\/uploads\/2025\/07\/Yucatan5-585x390.jpeg 585w, https:\/\/realidadturistica.com\/realtur\/wp-content\/uploads\/2025\/07\/Yucatan5-263x175.jpeg 263w, https:\/\/realidadturistica.com\/realtur\/wp-content\/uploads\/2025\/07\/Yucatan5.jpeg 1152w\" sizes=\"(max-width: 1024px) 100vw, 1024px\" \/><\/figure>\n\n\n\n<figure class=\"wp-block-image size-large\"><img loading=\"lazy\" decoding=\"async\" width=\"1024\" height=\"683\" data-id=\"10373\" src=\"https:\/\/realidadturistica.com\/realtur\/wp-content\/uploads\/2025\/07\/Yucatan6-1024x683.jpeg\" alt=\"\" class=\"wp-image-10373\" srcset=\"https:\/\/realidadturistica.com\/realtur\/wp-content\/uploads\/2025\/07\/Yucatan6-1024x683.jpeg 1024w, https:\/\/realidadturistica.com\/realtur\/wp-content\/uploads\/2025\/07\/Yucatan6-300x200.jpeg 300w, https:\/\/realidadturistica.com\/realtur\/wp-content\/uploads\/2025\/07\/Yucatan6-768x512.jpeg 768w, https:\/\/realidadturistica.com\/realtur\/wp-content\/uploads\/2025\/07\/Yucatan6-585x390.jpeg 585w, https:\/\/realidadturistica.com\/realtur\/wp-content\/uploads\/2025\/07\/Yucatan6-263x175.jpeg 263w, https:\/\/realidadturistica.com\/realtur\/wp-content\/uploads\/2025\/07\/Yucatan6.jpeg 1151w\" sizes=\"(max-width: 1024px) 100vw, 1024px\" \/><\/figure>\n<\/figure>\n\n\n\n<p>La campa\u00f1a \u201cVerifica y viaja\u201d es presidida a nivel nacional por el secretario de Turismo de Quintana Roo, Bernardo Cueto Riestra, y en Yucat\u00e1n, la estrategia cuenta con el respaldo del titular de la Sefotur, Dar\u00edo Flota Ocampo, quien refrend\u00f3 el compromiso del estado con un turismo responsable, seguro y transparente.<\/p>\n\n\n\n<p>Con estas acciones, Yucat\u00e1n contribuye a consolidar la imagen de M\u00e9xico como un destino hospitalario y confiable, en l\u00ednea con los principios del Renacimiento Maya: desarrollo con bienestar, sustentabilidad y respeto por quienes visitan nuestra tierra.<\/p>\n\n\n\n<p>Sefotur<\/p>\n","protected":false},"excerpt":{"rendered":"<p>M\u00e9xico. Ante la llegada de m\u00e1s de 400 mil turistas, el Gobierno del Renacimiento Maya se integr\u00f3 a la campa\u00f1a \u201cVerifica y Viaja\u201d para fomentar&hellip;<\/p>\n","protected":false},"author":2,"featured_media":10370,"comment_status":"open","ping_status":"closed","sticky":false,"template":"","format":"standard","meta":{"content-type":"","_lmt_disableupdate":"","_lmt_disable":"","footnotes":""},"categories":[4],"tags":[],"class_list":["post-10369","post","type-post","status-publish","format-standard","has-post-thumbnail","hentry","category-destinos"],"yoast_head":"<!-- This site is optimized with the Yoast SEO Premium plugin v27.4 (Yoast SEO v27.5) - https:\/\/yoast.com\/product\/yoast-seo-premium-wordpress\/ -->\n<title>Yucat\u00e1n se suma a campa\u00f1a nacional para proteger a sus visitantes - Realidad Tur\u00edstica<\/title>\n<meta name=\"robots\" content=\"index, follow, max-snippet:-1, max-image-preview:large, max-video-preview:-1\" \/>\n<link rel=\"canonical\" href=\"https:\/\/realidadturistica.com\/realtur\/yucatan-se-suma-a-campana-nacional-para-proteger-a-sus-visitantes\/\" \/>\n<meta property=\"og:locale\" content=\"es_ES\" \/>\n<meta property=\"og:type\" content=\"article\" \/>\n<meta property=\"og:title\" content=\"Yucat\u00e1n se suma a campa\u00f1a nacional para proteger a sus visitantes\" \/>\n<meta property=\"og:description\" content=\"M\u00e9xico. Ante la llegada de m\u00e1s de 400 mil turistas, el Gobierno del Renacimiento Maya se integr\u00f3 a la campa\u00f1a \u201cVerifica y Viaja\u201d para fomentar&hellip;\" \/>\n<meta property=\"og:url\" content=\"https:\/\/realidadturistica.com\/realtur\/yucatan-se-suma-a-campana-nacional-para-proteger-a-sus-visitantes\/\" \/>\n<meta property=\"og:site_name\" content=\"Realidad Tur\u00edstica\" \/>\n<meta property=\"article:publisher\" content=\"https:\/\/www.facebook.com\/realidadturistica\" \/>\n<meta property=\"article:published_time\" content=\"2025-07-31T20:24:36+00:00\" \/>\n<meta property=\"article:modified_time\" content=\"2025-07-31T20:24:38+00:00\" \/>\n<meta property=\"og:image\" content=\"https:\/\/realidadturistica.com\/realtur\/wp-content\/uploads\/2025\/07\/Yucatan2.jpeg\" \/>\n\t<meta property=\"og:image:width\" content=\"1151\" \/>\n\t<meta property=\"og:image:height\" content=\"768\" \/>\n\t<meta property=\"og:image:type\" content=\"image\/jpeg\" \/>\n<meta name=\"author\" content=\"Editor\" \/>\n<meta name=\"twitter:card\" content=\"summary_large_image\" \/>\n<meta name=\"twitter:label1\" content=\"Escrito por\" \/>\n\t<meta name=\"twitter:data1\" content=\"Editor\" \/>\n\t<meta name=\"twitter:label2\" content=\"Tiempo de lectura\" \/>\n\t<meta name=\"twitter:data2\" content=\"4 minutos\" \/>\n<script type=\"application\/ld+json\" class=\"yoast-schema-graph\">{\"@context\":\"https:\\\/\\\/schema.org\",\"@graph\":[{\"@type\":\"Article\",\"@id\":\"https:\\\/\\\/realidadturistica.com\\\/realtur\\\/yucatan-se-suma-a-campana-nacional-para-proteger-a-sus-visitantes\\\/#article\",\"isPartOf\":{\"@id\":\"https:\\\/\\\/realidadturistica.com\\\/realtur\\\/yucatan-se-suma-a-campana-nacional-para-proteger-a-sus-visitantes\\\/\"},\"author\":{\"name\":\"Editor\",\"@id\":\"https:\\\/\\\/realidadturistica.com\\\/realtur\\\/#\\\/schema\\\/person\\\/ade671191202490fcf08ab21590de73e\"},\"headline\":\"Yucat\u00e1n se suma a campa\u00f1a nacional para proteger a sus visitantes\",\"datePublished\":\"2025-07-31T20:24:36+00:00\",\"dateModified\":\"2025-07-31T20:24:38+00:00\",\"mainEntityOfPage\":{\"@id\":\"https:\\\/\\\/realidadturistica.com\\\/realtur\\\/yucatan-se-suma-a-campana-nacional-para-proteger-a-sus-visitantes\\\/\"},\"wordCount\":497,\"commentCount\":0,\"publisher\":{\"@id\":\"https:\\\/\\\/realidadturistica.com\\\/realtur\\\/#organization\"},\"image\":{\"@id\":\"https:\\\/\\\/realidadturistica.com\\\/realtur\\\/yucatan-se-suma-a-campana-nacional-para-proteger-a-sus-visitantes\\\/#primaryimage\"},\"thumbnailUrl\":\"https:\\\/\\\/realidadturistica.com\\\/realtur\\\/wp-content\\\/uploads\\\/2025\\\/07\\\/Yucatan2.jpeg\",\"articleSection\":[\"Destinos M\u00e1gicos\"],\"inLanguage\":\"es\",\"potentialAction\":[{\"@type\":\"CommentAction\",\"name\":\"Comment\",\"target\":[\"https:\\\/\\\/realidadturistica.com\\\/realtur\\\/yucatan-se-suma-a-campana-nacional-para-proteger-a-sus-visitantes\\\/#respond\"]}]},{\"@type\":\"WebPage\",\"@id\":\"https:\\\/\\\/realidadturistica.com\\\/realtur\\\/yucatan-se-suma-a-campana-nacional-para-proteger-a-sus-visitantes\\\/\",\"url\":\"https:\\\/\\\/realidadturistica.com\\\/realtur\\\/yucatan-se-suma-a-campana-nacional-para-proteger-a-sus-visitantes\\\/\",\"name\":\"Yucat\u00e1n se suma a campa\u00f1a nacional para proteger a sus visitantes - Realidad Tur\u00edstica\",\"isPartOf\":{\"@id\":\"https:\\\/\\\/realidadturistica.com\\\/realtur\\\/#website\"},\"primaryImageOfPage\":{\"@id\":\"https:\\\/\\\/realidadturistica.com\\\/realtur\\\/yucatan-se-suma-a-campana-nacional-para-proteger-a-sus-visitantes\\\/#primaryimage\"},\"image\":{\"@id\":\"https:\\\/\\\/realidadturistica.com\\\/realtur\\\/yucatan-se-suma-a-campana-nacional-para-proteger-a-sus-visitantes\\\/#primaryimage\"},\"thumbnailUrl\":\"https:\\\/\\\/realidadturistica.com\\\/realtur\\\/wp-content\\\/uploads\\\/2025\\\/07\\\/Yucatan2.jpeg\",\"datePublished\":\"2025-07-31T20:24:36+00:00\",\"dateModified\":\"2025-07-31T20:24:38+00:00\",\"breadcrumb\":{\"@id\":\"https:\\\/\\\/realidadturistica.com\\\/realtur\\\/yucatan-se-suma-a-campana-nacional-para-proteger-a-sus-visitantes\\\/#breadcrumb\"},\"inLanguage\":\"es\",\"potentialAction\":[{\"@type\":\"ReadAction\",\"target\":[\"https:\\\/\\\/realidadturistica.com\\\/realtur\\\/yucatan-se-suma-a-campana-nacional-para-proteger-a-sus-visitantes\\\/\"]}]},{\"@type\":\"ImageObject\",\"inLanguage\":\"es\",\"@id\":\"https:\\\/\\\/realidadturistica.com\\\/realtur\\\/yucatan-se-suma-a-campana-nacional-para-proteger-a-sus-visitantes\\\/#primaryimage\",\"url\":\"https:\\\/\\\/realidadturistica.com\\\/realtur\\\/wp-content\\\/uploads\\\/2025\\\/07\\\/Yucatan2.jpeg\",\"contentUrl\":\"https:\\\/\\\/realidadturistica.com\\\/realtur\\\/wp-content\\\/uploads\\\/2025\\\/07\\\/Yucatan2.jpeg\",\"width\":1151,\"height\":768},{\"@type\":\"BreadcrumbList\",\"@id\":\"https:\\\/\\\/realidadturistica.com\\\/realtur\\\/yucatan-se-suma-a-campana-nacional-para-proteger-a-sus-visitantes\\\/#breadcrumb\",\"itemListElement\":[{\"@type\":\"ListItem\",\"position\":1,\"name\":\"Portada\",\"item\":\"https:\\\/\\\/realidadturistica.com\\\/realtur\\\/\"},{\"@type\":\"ListItem\",\"position\":2,\"name\":\"Yucat\u00e1n se suma a campa\u00f1a nacional para proteger a sus visitantes\"}]},{\"@type\":\"WebSite\",\"@id\":\"https:\\\/\\\/realidadturistica.com\\\/realtur\\\/#website\",\"url\":\"https:\\\/\\\/realidadturistica.com\\\/realtur\\\/\",\"name\":\"Realidad Tur\u00edstica\",\"description\":\"\",\"publisher\":{\"@id\":\"https:\\\/\\\/realidadturistica.com\\\/realtur\\\/#organization\"},\"potentialAction\":[{\"@type\":\"SearchAction\",\"target\":{\"@type\":\"EntryPoint\",\"urlTemplate\":\"https:\\\/\\\/realidadturistica.com\\\/realtur\\\/?s={search_term_string}\"},\"query-input\":{\"@type\":\"PropertyValueSpecification\",\"valueRequired\":true,\"valueName\":\"search_term_string\"}}],\"inLanguage\":\"es\"},{\"@type\":\"Organization\",\"@id\":\"https:\\\/\\\/realidadturistica.com\\\/realtur\\\/#organization\",\"name\":\"Realidad Tur\u00edstica\",\"url\":\"https:\\\/\\\/realidadturistica.com\\\/realtur\\\/\",\"logo\":{\"@type\":\"ImageObject\",\"inLanguage\":\"es\",\"@id\":\"https:\\\/\\\/realidadturistica.com\\\/realtur\\\/#\\\/schema\\\/logo\\\/image\\\/\",\"url\":\"https:\\\/\\\/realidadturistica.com\\\/realtur\\\/wp-content\\\/uploads\\\/2021\\\/12\\\/logotipo-realidad-turistica.png\",\"contentUrl\":\"https:\\\/\\\/realidadturistica.com\\\/realtur\\\/wp-content\\\/uploads\\\/2021\\\/12\\\/logotipo-realidad-turistica.png\",\"width\":1382,\"height\":629,\"caption\":\"Realidad Tur\u00edstica\"},\"image\":{\"@id\":\"https:\\\/\\\/realidadturistica.com\\\/realtur\\\/#\\\/schema\\\/logo\\\/image\\\/\"},\"sameAs\":[\"https:\\\/\\\/www.facebook.com\\\/realidadturistica\",\"https:\\\/\\\/www.instagram.com\\\/realidad_turistica\\\/\"]},{\"@type\":\"Person\",\"@id\":\"https:\\\/\\\/realidadturistica.com\\\/realtur\\\/#\\\/schema\\\/person\\\/ade671191202490fcf08ab21590de73e\",\"name\":\"Editor\",\"image\":{\"@type\":\"ImageObject\",\"inLanguage\":\"es\",\"@id\":\"https:\\\/\\\/realidadturistica.com\\\/realtur\\\/wp-content\\\/uploads\\\/2023\\\/09\\\/Editor_avatar_1693668634-96x96.png\",\"url\":\"https:\\\/\\\/realidadturistica.com\\\/realtur\\\/wp-content\\\/uploads\\\/2023\\\/09\\\/Editor_avatar_1693668634-96x96.png\",\"contentUrl\":\"https:\\\/\\\/realidadturistica.com\\\/realtur\\\/wp-content\\\/uploads\\\/2023\\\/09\\\/Editor_avatar_1693668634-96x96.png\",\"caption\":\"Editor\"},\"sameAs\":[\"https:\\\/\\\/realidadturistica.com\\\/realtur\"],\"url\":\"https:\\\/\\\/realidadturistica.com\\\/realtur\\\/author\\\/editor2\\\/\"}]}<\/script>\n<!-- \/ Yoast SEO Premium plugin. -->","yoast_head_json":{"title":"Yucat\u00e1n se suma a campa\u00f1a nacional para proteger a sus visitantes - Realidad Tur\u00edstica","robots":{"index":"index","follow":"follow","max-snippet":"max-snippet:-1","max-image-preview":"max-image-preview:large","max-video-preview":"max-video-preview:-1"},"canonical":"https:\/\/realidadturistica.com\/realtur\/yucatan-se-suma-a-campana-nacional-para-proteger-a-sus-visitantes\/","og_locale":"es_ES","og_type":"article","og_title":"Yucat\u00e1n se suma a campa\u00f1a nacional para proteger a sus visitantes","og_description":"M\u00e9xico. Ante la llegada de m\u00e1s de 400 mil turistas, el Gobierno del Renacimiento Maya se integr\u00f3 a la campa\u00f1a \u201cVerifica y Viaja\u201d para fomentar&hellip;","og_url":"https:\/\/realidadturistica.com\/realtur\/yucatan-se-suma-a-campana-nacional-para-proteger-a-sus-visitantes\/","og_site_name":"Realidad Tur\u00edstica","article_publisher":"https:\/\/www.facebook.com\/realidadturistica","article_published_time":"2025-07-31T20:24:36+00:00","article_modified_time":"2025-07-31T20:24:38+00:00","og_image":[{"width":1151,"height":768,"url":"https:\/\/realidadturistica.com\/realtur\/wp-content\/uploads\/2025\/07\/Yucatan2.jpeg","type":"image\/jpeg"}],"author":"Editor","twitter_card":"summary_large_image","twitter_misc":{"Escrito por":"Editor","Tiempo de lectura":"4 minutos"},"schema":{"@context":"https:\/\/schema.org","@graph":[{"@type":"Article","@id":"https:\/\/realidadturistica.com\/realtur\/yucatan-se-suma-a-campana-nacional-para-proteger-a-sus-visitantes\/#article","isPartOf":{"@id":"https:\/\/realidadturistica.com\/realtur\/yucatan-se-suma-a-campana-nacional-para-proteger-a-sus-visitantes\/"},"author":{"name":"Editor","@id":"https:\/\/realidadturistica.com\/realtur\/#\/schema\/person\/ade671191202490fcf08ab21590de73e"},"headline":"Yucat\u00e1n se suma a campa\u00f1a nacional para proteger a sus visitantes","datePublished":"2025-07-31T20:24:36+00:00","dateModified":"2025-07-31T20:24:38+00:00","mainEntityOfPage":{"@id":"https:\/\/realidadturistica.com\/realtur\/yucatan-se-suma-a-campana-nacional-para-proteger-a-sus-visitantes\/"},"wordCount":497,"commentCount":0,"publisher":{"@id":"https:\/\/realidadturistica.com\/realtur\/#organization"},"image":{"@id":"https:\/\/realidadturistica.com\/realtur\/yucatan-se-suma-a-campana-nacional-para-proteger-a-sus-visitantes\/#primaryimage"},"thumbnailUrl":"https:\/\/realidadturistica.com\/realtur\/wp-content\/uploads\/2025\/07\/Yucatan2.jpeg","articleSection":["Destinos M\u00e1gicos"],"inLanguage":"es","potentialAction":[{"@type":"CommentAction","name":"Comment","target":["https:\/\/realidadturistica.com\/realtur\/yucatan-se-suma-a-campana-nacional-para-proteger-a-sus-visitantes\/#respond"]}]},{"@type":"WebPage","@id":"https:\/\/realidadturistica.com\/realtur\/yucatan-se-suma-a-campana-nacional-para-proteger-a-sus-visitantes\/","url":"https:\/\/realidadturistica.com\/realtur\/yucatan-se-suma-a-campana-nacional-para-proteger-a-sus-visitantes\/","name":"Yucat\u00e1n se suma a campa\u00f1a nacional para proteger a sus visitantes - Realidad Tur\u00edstica","isPartOf":{"@id":"https:\/\/realidadturistica.com\/realtur\/#website"},"primaryImageOfPage":{"@id":"https:\/\/realidadturistica.com\/realtur\/yucatan-se-suma-a-campana-nacional-para-proteger-a-sus-visitantes\/#primaryimage"},"image":{"@id":"https:\/\/realidadturistica.com\/realtur\/yucatan-se-suma-a-campana-nacional-para-proteger-a-sus-visitantes\/#primaryimage"},"thumbnailUrl":"https:\/\/realidadturistica.com\/realtur\/wp-content\/uploads\/2025\/07\/Yucatan2.jpeg","datePublished":"2025-07-31T20:24:36+00:00","dateModified":"2025-07-31T20:24:38+00:00","breadcrumb":{"@id":"https:\/\/realidadturistica.com\/realtur\/yucatan-se-suma-a-campana-nacional-para-proteger-a-sus-visitantes\/#breadcrumb"},"inLanguage":"es","potentialAction":[{"@type":"ReadAction","target":["https:\/\/realidadturistica.com\/realtur\/yucatan-se-suma-a-campana-nacional-para-proteger-a-sus-visitantes\/"]}]},{"@type":"ImageObject","inLanguage":"es","@id":"https:\/\/realidadturistica.com\/realtur\/yucatan-se-suma-a-campana-nacional-para-proteger-a-sus-visitantes\/#primaryimage","url":"https:\/\/realidadturistica.com\/realtur\/wp-content\/uploads\/2025\/07\/Yucatan2.jpeg","contentUrl":"https:\/\/realidadturistica.com\/realtur\/wp-content\/uploads\/2025\/07\/Yucatan2.jpeg","width":1151,"height":768},{"@type":"BreadcrumbList","@id":"https:\/\/realidadturistica.com\/realtur\/yucatan-se-suma-a-campana-nacional-para-proteger-a-sus-visitantes\/#breadcrumb","itemListElement":[{"@type":"ListItem","position":1,"name":"Portada","item":"https:\/\/realidadturistica.com\/realtur\/"},{"@type":"ListItem","position":2,"name":"Yucat\u00e1n se suma a campa\u00f1a nacional para proteger a sus visitantes"}]},{"@type":"WebSite","@id":"https:\/\/realidadturistica.com\/realtur\/#website","url":"https:\/\/realidadturistica.com\/realtur\/","name":"Realidad Tur\u00edstica","description":"","publisher":{"@id":"https:\/\/realidadturistica.com\/realtur\/#organization"},"potentialAction":[{"@type":"SearchAction","target":{"@type":"EntryPoint","urlTemplate":"https:\/\/realidadturistica.com\/realtur\/?s={search_term_string}"},"query-input":{"@type":"PropertyValueSpecification","valueRequired":true,"valueName":"search_term_string"}}],"inLanguage":"es"},{"@type":"Organization","@id":"https:\/\/realidadturistica.com\/realtur\/#organization","name":"Realidad Tur\u00edstica","url":"https:\/\/realidadturistica.com\/realtur\/","logo":{"@type":"ImageObject","inLanguage":"es","@id":"https:\/\/realidadturistica.com\/realtur\/#\/schema\/logo\/image\/","url":"https:\/\/realidadturistica.com\/realtur\/wp-content\/uploads\/2021\/12\/logotipo-realidad-turistica.png","contentUrl":"https:\/\/realidadturistica.com\/realtur\/wp-content\/uploads\/2021\/12\/logotipo-realidad-turistica.png","width":1382,"height":629,"caption":"Realidad Tur\u00edstica"},"image":{"@id":"https:\/\/realidadturistica.com\/realtur\/#\/schema\/logo\/image\/"},"sameAs":["https:\/\/www.facebook.com\/realidadturistica","https:\/\/www.instagram.com\/realidad_turistica\/"]},{"@type":"Person","@id":"https:\/\/realidadturistica.com\/realtur\/#\/schema\/person\/ade671191202490fcf08ab21590de73e","name":"Editor","image":{"@type":"ImageObject","inLanguage":"es","@id":"https:\/\/realidadturistica.com\/realtur\/wp-content\/uploads\/2023\/09\/Editor_avatar_1693668634-96x96.png","url":"https:\/\/realidadturistica.com\/realtur\/wp-content\/uploads\/2023\/09\/Editor_avatar_1693668634-96x96.png","contentUrl":"https:\/\/realidadturistica.com\/realtur\/wp-content\/uploads\/2023\/09\/Editor_avatar_1693668634-96x96.png","caption":"Editor"},"sameAs":["https:\/\/realidadturistica.com\/realtur"],"url":"https:\/\/realidadturistica.com\/realtur\/author\/editor2\/"}]}},"_links":{"self":[{"href":"https:\/\/realidadturistica.com\/realtur\/wp-json\/wp\/v2\/posts\/10369","targetHints":{"allow":["GET"]}}],"collection":[{"href":"https:\/\/realidadturistica.com\/realtur\/wp-json\/wp\/v2\/posts"}],"about":[{"href":"https:\/\/realidadturistica.com\/realtur\/wp-json\/wp\/v2\/types\/post"}],"author":[{"embeddable":true,"href":"https:\/\/realidadturistica.com\/realtur\/wp-json\/wp\/v2\/users\/2"}],"replies":[{"embeddable":true,"href":"https:\/\/realidadturistica.com\/realtur\/wp-json\/wp\/v2\/comments?post=10369"}],"version-history":[{"count":1,"href":"https:\/\/realidadturistica.com\/realtur\/wp-json\/wp\/v2\/posts\/10369\/revisions"}],"predecessor-version":[{"id":10375,"href":"https:\/\/realidadturistica.com\/realtur\/wp-json\/wp\/v2\/posts\/10369\/revisions\/10375"}],"wp:featuredmedia":[{"embeddable":true,"href":"https:\/\/realidadturistica.com\/realtur\/wp-json\/wp\/v2\/media\/10370"}],"wp:attachment":[{"href":"https:\/\/realidadturistica.com\/realtur\/wp-json\/wp\/v2\/media?parent=10369"}],"wp:term":[{"taxonomy":"category","embeddable":true,"href":"https:\/\/realidadturistica.com\/realtur\/wp-json\/wp\/v2\/categories?post=10369"},{"taxonomy":"post_tag","embeddable":true,"href":"https:\/\/realidadturistica.com\/realtur\/wp-json\/wp\/v2\/tags?post=10369"}],"curies":[{"name":"wp","href":"https:\/\/api.w.org\/{rel}","templated":true}]}}