{"id":10652,"date":"2025-09-07T03:11:47","date_gmt":"2025-09-07T03:11:47","guid":{"rendered":"https:\/\/realidadturistica.com\/realtur\/?p=10652"},"modified":"2025-09-07T03:11:50","modified_gmt":"2025-09-07T03:11:50","slug":"gran-caribe-hoteles-organiza-la-1ra-edicion-de-su-evento-profesional","status":"publish","type":"post","link":"https:\/\/realidadturistica.com\/realtur\/gran-caribe-hoteles-organiza-la-1ra-edicion-de-su-evento-profesional\/","title":{"rendered":"Gran Caribe Hoteles organiza la 1ra edici\u00f3n de su evento profesional"},"content":{"rendered":"\n<p class=\"wp-block-yoast-seo-estimated-reading-time yoast-reading-time__wrapper\"><span class=\"yoast-reading-time__icon\"><svg aria-hidden=\"true\" focusable=\"false\" data-icon=\"clock\" width=\"20\" height=\"20\" fill=\"none\" stroke=\"currentColor\" style=\"display:inline-block;vertical-align:-0.1em\" role=\"img\" xmlns=\"http:\/\/www.w3.org\/2000\/svg\" viewBox=\"0 0 24 24\"><path stroke-linecap=\"round\" stroke-linejoin=\"round\" stroke-width=\"2\" d=\"M12 8v4l3 3m6-3a9 9 0 11-18 0 9 9 0 0118 0z\"><\/path><\/svg><\/span><span class=\"yoast-reading-time__spacer\" style=\"display:inline-block;width:1em\"><\/span><span class=\"yoast-reading-time__descriptive-text\">Estimated reading time: <\/span><span class=\"yoast-reading-time__reading-time\">2<\/span><span class=\"yoast-reading-time__time-unit\"> minutos<\/span><\/p>\n\n\n\n<p>El grupo hotelero Gran Caribe lanza, por primera vez, un evento profesional propio dedicado a los agentes de viajes.<\/p>\n\n\n\n<p>\u00abExperiencias Gran Caribe\u00bb, ha sido el nombre escogido, en esta ocasi\u00f3n, por el prestigioso grupo hotelero, para propiciar un espacio \u00fanico de encuentros profesionales con turoperadores, redes de ventas, compa\u00f1\u00edas a\u00e9reas, agencias receptivas nacionales y la prensa especializada.<\/p>\n\n\n\n<p>El evento, que se desarrollar\u00e1 entre los d\u00edas 22 y 25 de octubre y que tendr\u00e1 como sede principal, en La Habana, al emblem\u00e1tico Hotel Nacional de Cuba y a varios hoteles en Varadero, tendr\u00e1 como objetivos fundamentales: la formaci\u00f3n de los agentes de viajes a trav\u00e9s de presentaciones y \u00abworkshops\u00bb, la prospecci\u00f3n del producto Gran Caribe tanto propio como gestionado por cadenas extranjeras de renombre, la actualizaci\u00f3n de las novedades y, un elemento distintivo de otros eventos que se desarrollan en el pa\u00eds; ser\u00e1 un programa enriquecido con la inmersi\u00f3n de los agentes de viajes en las experiencias que ofrecen los hoteles de Gran Caribe en la Habana y Varadero y que van desde clases de cocteler\u00eda cl\u00e1sica cubana hasta actividades relacionadas a la sostenibilidad y el cuidado de las playas.<\/p>\n\n\n\n<p>#GranCaribeExperiences ser\u00e1 el hashtag utilizado en las redes sociales para promocionar el evento.<\/p>\n\n\n\n<p>Como colof\u00f3n, el grupo hotelero se propone realizar el lanzamiento su nueva campa\u00f1a promocional para incentivar las ventas de la pr\u00f3xima temporada de invierno.<\/p>\n\n\n\n<p>El Grupo Hotelero Gran Caribe posee instalaciones ubicadas en los polos tur\u00edsticos m\u00e1s importantes del pa\u00eds. Hoteles cl\u00e1sicos, hist\u00f3ricos, de riqueza arquitect\u00f3nica singular y monumentos nacionales. Algunos bajo la modalidad Todo Incluido situados mayormente en la primera l\u00ednea de las mejores playas y otras ubicadas en bellos parajes v\u00edrgenes de los cayos m\u00e1s distintivos de Cuba. Ofrece todo un abanico de productos con exclusivas opciones de centros nocturnos y restaurantes de la alta cocina criolla e internacional; facilidades para organizar eventos y reuniones de negocios de primer nivel.<\/p>\n\n\n\n<p>Contacto: Neylan Hern\u00e1ndez Guerra, Especialista de Promoci\u00f3n<\/p>\n\n\n\n<p>neylan@grancaribe.gca.tur.cu&nbsp;&nbsp;&nbsp;<\/p>\n\n\n\n<p>Sitio web: <a href=\"https:\/\/www.grancaribehotels.com\">https:\/\/www.grancaribehotels.com<\/a><\/p>\n\n\n\n<p><\/p>\n","protected":false},"excerpt":{"rendered":"<p>El grupo hotelero Gran Caribe lanza, por primera vez, un evento profesional propio dedicado a los agentes de viajes. \u00abExperiencias Gran Caribe\u00bb, ha sido el&hellip;<\/p>\n","protected":false},"author":2,"featured_media":10653,"comment_status":"open","ping_status":"closed","sticky":false,"template":"","format":"standard","meta":{"content-type":"","_lmt_disableupdate":"","_lmt_disable":"","footnotes":""},"categories":[5],"tags":[],"class_list":["post-10652","post","type-post","status-publish","format-standard","has-post-thumbnail","hentry","category-mice"],"yoast_head":"<!-- This site is optimized with the Yoast SEO Premium plugin v27.4 (Yoast SEO v27.5) - https:\/\/yoast.com\/product\/yoast-seo-premium-wordpress\/ -->\n<title>Gran Caribe Hoteles organiza la 1ra edici\u00f3n de su evento profesional - Realidad Tur\u00edstica<\/title>\n<meta name=\"robots\" content=\"index, follow, max-snippet:-1, max-image-preview:large, max-video-preview:-1\" \/>\n<link rel=\"canonical\" href=\"https:\/\/realidadturistica.com\/realtur\/gran-caribe-hoteles-organiza-la-1ra-edicion-de-su-evento-profesional\/\" \/>\n<meta property=\"og:locale\" content=\"es_ES\" \/>\n<meta property=\"og:type\" content=\"article\" \/>\n<meta property=\"og:title\" content=\"Gran Caribe Hoteles organiza la 1ra edici\u00f3n de su evento profesional\" \/>\n<meta property=\"og:description\" content=\"El grupo hotelero Gran Caribe lanza, por primera vez, un evento profesional propio dedicado a los agentes de viajes. \u00abExperiencias Gran Caribe\u00bb, ha sido el&hellip;\" \/>\n<meta property=\"og:url\" content=\"https:\/\/realidadturistica.com\/realtur\/gran-caribe-hoteles-organiza-la-1ra-edicion-de-su-evento-profesional\/\" \/>\n<meta property=\"og:site_name\" content=\"Realidad Tur\u00edstica\" \/>\n<meta property=\"article:publisher\" content=\"https:\/\/www.facebook.com\/realidadturistica\" \/>\n<meta property=\"article:published_time\" content=\"2025-09-07T03:11:47+00:00\" \/>\n<meta property=\"article:modified_time\" content=\"2025-09-07T03:11:50+00:00\" \/>\n<meta property=\"og:image\" content=\"https:\/\/realidadturistica.com\/realtur\/wp-content\/uploads\/2025\/09\/WhatsApp-Image-2025-09-05-at-3.01.28-p.m.jpeg\" \/>\n\t<meta property=\"og:image:width\" content=\"1600\" \/>\n\t<meta property=\"og:image:height\" content=\"1067\" \/>\n\t<meta property=\"og:image:type\" content=\"image\/jpeg\" \/>\n<meta name=\"author\" content=\"Editor\" \/>\n<meta name=\"twitter:card\" content=\"summary_large_image\" \/>\n<meta name=\"twitter:label1\" content=\"Escrito por\" \/>\n\t<meta name=\"twitter:data1\" content=\"Editor\" \/>\n\t<meta name=\"twitter:label2\" content=\"Tiempo de lectura\" \/>\n\t<meta name=\"twitter:data2\" content=\"2 minutos\" \/>\n<script type=\"application\/ld+json\" class=\"yoast-schema-graph\">{\"@context\":\"https:\\\/\\\/schema.org\",\"@graph\":[{\"@type\":\"Article\",\"@id\":\"https:\\\/\\\/realidadturistica.com\\\/realtur\\\/gran-caribe-hoteles-organiza-la-1ra-edicion-de-su-evento-profesional\\\/#article\",\"isPartOf\":{\"@id\":\"https:\\\/\\\/realidadturistica.com\\\/realtur\\\/gran-caribe-hoteles-organiza-la-1ra-edicion-de-su-evento-profesional\\\/\"},\"author\":{\"name\":\"Editor\",\"@id\":\"https:\\\/\\\/realidadturistica.com\\\/realtur\\\/#\\\/schema\\\/person\\\/ade671191202490fcf08ab21590de73e\"},\"headline\":\"Gran Caribe Hoteles organiza la 1ra edici\u00f3n de su evento profesional\",\"datePublished\":\"2025-09-07T03:11:47+00:00\",\"dateModified\":\"2025-09-07T03:11:50+00:00\",\"mainEntityOfPage\":{\"@id\":\"https:\\\/\\\/realidadturistica.com\\\/realtur\\\/gran-caribe-hoteles-organiza-la-1ra-edicion-de-su-evento-profesional\\\/\"},\"wordCount\":376,\"commentCount\":0,\"publisher\":{\"@id\":\"https:\\\/\\\/realidadturistica.com\\\/realtur\\\/#organization\"},\"image\":{\"@id\":\"https:\\\/\\\/realidadturistica.com\\\/realtur\\\/gran-caribe-hoteles-organiza-la-1ra-edicion-de-su-evento-profesional\\\/#primaryimage\"},\"thumbnailUrl\":\"https:\\\/\\\/realidadturistica.com\\\/realtur\\\/wp-content\\\/uploads\\\/2025\\\/09\\\/WhatsApp-Image-2025-09-05-at-3.01.28-p.m.jpeg\",\"articleSection\":[\"MICE\"],\"inLanguage\":\"es\",\"potentialAction\":[{\"@type\":\"CommentAction\",\"name\":\"Comment\",\"target\":[\"https:\\\/\\\/realidadturistica.com\\\/realtur\\\/gran-caribe-hoteles-organiza-la-1ra-edicion-de-su-evento-profesional\\\/#respond\"]}]},{\"@type\":\"WebPage\",\"@id\":\"https:\\\/\\\/realidadturistica.com\\\/realtur\\\/gran-caribe-hoteles-organiza-la-1ra-edicion-de-su-evento-profesional\\\/\",\"url\":\"https:\\\/\\\/realidadturistica.com\\\/realtur\\\/gran-caribe-hoteles-organiza-la-1ra-edicion-de-su-evento-profesional\\\/\",\"name\":\"Gran Caribe Hoteles organiza la 1ra edici\u00f3n de su evento profesional - Realidad Tur\u00edstica\",\"isPartOf\":{\"@id\":\"https:\\\/\\\/realidadturistica.com\\\/realtur\\\/#website\"},\"primaryImageOfPage\":{\"@id\":\"https:\\\/\\\/realidadturistica.com\\\/realtur\\\/gran-caribe-hoteles-organiza-la-1ra-edicion-de-su-evento-profesional\\\/#primaryimage\"},\"image\":{\"@id\":\"https:\\\/\\\/realidadturistica.com\\\/realtur\\\/gran-caribe-hoteles-organiza-la-1ra-edicion-de-su-evento-profesional\\\/#primaryimage\"},\"thumbnailUrl\":\"https:\\\/\\\/realidadturistica.com\\\/realtur\\\/wp-content\\\/uploads\\\/2025\\\/09\\\/WhatsApp-Image-2025-09-05-at-3.01.28-p.m.jpeg\",\"datePublished\":\"2025-09-07T03:11:47+00:00\",\"dateModified\":\"2025-09-07T03:11:50+00:00\",\"breadcrumb\":{\"@id\":\"https:\\\/\\\/realidadturistica.com\\\/realtur\\\/gran-caribe-hoteles-organiza-la-1ra-edicion-de-su-evento-profesional\\\/#breadcrumb\"},\"inLanguage\":\"es\",\"potentialAction\":[{\"@type\":\"ReadAction\",\"target\":[\"https:\\\/\\\/realidadturistica.com\\\/realtur\\\/gran-caribe-hoteles-organiza-la-1ra-edicion-de-su-evento-profesional\\\/\"]}]},{\"@type\":\"ImageObject\",\"inLanguage\":\"es\",\"@id\":\"https:\\\/\\\/realidadturistica.com\\\/realtur\\\/gran-caribe-hoteles-organiza-la-1ra-edicion-de-su-evento-profesional\\\/#primaryimage\",\"url\":\"https:\\\/\\\/realidadturistica.com\\\/realtur\\\/wp-content\\\/uploads\\\/2025\\\/09\\\/WhatsApp-Image-2025-09-05-at-3.01.28-p.m.jpeg\",\"contentUrl\":\"https:\\\/\\\/realidadturistica.com\\\/realtur\\\/wp-content\\\/uploads\\\/2025\\\/09\\\/WhatsApp-Image-2025-09-05-at-3.01.28-p.m.jpeg\",\"width\":1600,\"height\":1067},{\"@type\":\"BreadcrumbList\",\"@id\":\"https:\\\/\\\/realidadturistica.com\\\/realtur\\\/gran-caribe-hoteles-organiza-la-1ra-edicion-de-su-evento-profesional\\\/#breadcrumb\",\"itemListElement\":[{\"@type\":\"ListItem\",\"position\":1,\"name\":\"Portada\",\"item\":\"https:\\\/\\\/realidadturistica.com\\\/realtur\\\/\"},{\"@type\":\"ListItem\",\"position\":2,\"name\":\"Gran Caribe Hoteles organiza la 1ra edici\u00f3n de su evento profesional\"}]},{\"@type\":\"WebSite\",\"@id\":\"https:\\\/\\\/realidadturistica.com\\\/realtur\\\/#website\",\"url\":\"https:\\\/\\\/realidadturistica.com\\\/realtur\\\/\",\"name\":\"Realidad Tur\u00edstica\",\"description\":\"\",\"publisher\":{\"@id\":\"https:\\\/\\\/realidadturistica.com\\\/realtur\\\/#organization\"},\"potentialAction\":[{\"@type\":\"SearchAction\",\"target\":{\"@type\":\"EntryPoint\",\"urlTemplate\":\"https:\\\/\\\/realidadturistica.com\\\/realtur\\\/?s={search_term_string}\"},\"query-input\":{\"@type\":\"PropertyValueSpecification\",\"valueRequired\":true,\"valueName\":\"search_term_string\"}}],\"inLanguage\":\"es\"},{\"@type\":\"Organization\",\"@id\":\"https:\\\/\\\/realidadturistica.com\\\/realtur\\\/#organization\",\"name\":\"Realidad Tur\u00edstica\",\"url\":\"https:\\\/\\\/realidadturistica.com\\\/realtur\\\/\",\"logo\":{\"@type\":\"ImageObject\",\"inLanguage\":\"es\",\"@id\":\"https:\\\/\\\/realidadturistica.com\\\/realtur\\\/#\\\/schema\\\/logo\\\/image\\\/\",\"url\":\"https:\\\/\\\/realidadturistica.com\\\/realtur\\\/wp-content\\\/uploads\\\/2021\\\/12\\\/logotipo-realidad-turistica.png\",\"contentUrl\":\"https:\\\/\\\/realidadturistica.com\\\/realtur\\\/wp-content\\\/uploads\\\/2021\\\/12\\\/logotipo-realidad-turistica.png\",\"width\":1382,\"height\":629,\"caption\":\"Realidad Tur\u00edstica\"},\"image\":{\"@id\":\"https:\\\/\\\/realidadturistica.com\\\/realtur\\\/#\\\/schema\\\/logo\\\/image\\\/\"},\"sameAs\":[\"https:\\\/\\\/www.facebook.com\\\/realidadturistica\",\"https:\\\/\\\/www.instagram.com\\\/realidad_turistica\\\/\"]},{\"@type\":\"Person\",\"@id\":\"https:\\\/\\\/realidadturistica.com\\\/realtur\\\/#\\\/schema\\\/person\\\/ade671191202490fcf08ab21590de73e\",\"name\":\"Editor\",\"image\":{\"@type\":\"ImageObject\",\"inLanguage\":\"es\",\"@id\":\"https:\\\/\\\/realidadturistica.com\\\/realtur\\\/wp-content\\\/uploads\\\/2023\\\/09\\\/Editor_avatar_1693668634-96x96.png\",\"url\":\"https:\\\/\\\/realidadturistica.com\\\/realtur\\\/wp-content\\\/uploads\\\/2023\\\/09\\\/Editor_avatar_1693668634-96x96.png\",\"contentUrl\":\"https:\\\/\\\/realidadturistica.com\\\/realtur\\\/wp-content\\\/uploads\\\/2023\\\/09\\\/Editor_avatar_1693668634-96x96.png\",\"caption\":\"Editor\"},\"sameAs\":[\"https:\\\/\\\/realidadturistica.com\\\/realtur\"],\"url\":\"https:\\\/\\\/realidadturistica.com\\\/realtur\\\/author\\\/editor2\\\/\"}]}<\/script>\n<!-- \/ Yoast SEO Premium plugin. -->","yoast_head_json":{"title":"Gran Caribe Hoteles organiza la 1ra edici\u00f3n de su evento profesional - Realidad Tur\u00edstica","robots":{"index":"index","follow":"follow","max-snippet":"max-snippet:-1","max-image-preview":"max-image-preview:large","max-video-preview":"max-video-preview:-1"},"canonical":"https:\/\/realidadturistica.com\/realtur\/gran-caribe-hoteles-organiza-la-1ra-edicion-de-su-evento-profesional\/","og_locale":"es_ES","og_type":"article","og_title":"Gran Caribe Hoteles organiza la 1ra edici\u00f3n de su evento profesional","og_description":"El grupo hotelero Gran Caribe lanza, por primera vez, un evento profesional propio dedicado a los agentes de viajes. \u00abExperiencias Gran Caribe\u00bb, ha sido el&hellip;","og_url":"https:\/\/realidadturistica.com\/realtur\/gran-caribe-hoteles-organiza-la-1ra-edicion-de-su-evento-profesional\/","og_site_name":"Realidad Tur\u00edstica","article_publisher":"https:\/\/www.facebook.com\/realidadturistica","article_published_time":"2025-09-07T03:11:47+00:00","article_modified_time":"2025-09-07T03:11:50+00:00","og_image":[{"width":1600,"height":1067,"url":"https:\/\/realidadturistica.com\/realtur\/wp-content\/uploads\/2025\/09\/WhatsApp-Image-2025-09-05-at-3.01.28-p.m.jpeg","type":"image\/jpeg"}],"author":"Editor","twitter_card":"summary_large_image","twitter_misc":{"Escrito por":"Editor","Tiempo de lectura":"2 minutos"},"schema":{"@context":"https:\/\/schema.org","@graph":[{"@type":"Article","@id":"https:\/\/realidadturistica.com\/realtur\/gran-caribe-hoteles-organiza-la-1ra-edicion-de-su-evento-profesional\/#article","isPartOf":{"@id":"https:\/\/realidadturistica.com\/realtur\/gran-caribe-hoteles-organiza-la-1ra-edicion-de-su-evento-profesional\/"},"author":{"name":"Editor","@id":"https:\/\/realidadturistica.com\/realtur\/#\/schema\/person\/ade671191202490fcf08ab21590de73e"},"headline":"Gran Caribe Hoteles organiza la 1ra edici\u00f3n de su evento profesional","datePublished":"2025-09-07T03:11:47+00:00","dateModified":"2025-09-07T03:11:50+00:00","mainEntityOfPage":{"@id":"https:\/\/realidadturistica.com\/realtur\/gran-caribe-hoteles-organiza-la-1ra-edicion-de-su-evento-profesional\/"},"wordCount":376,"commentCount":0,"publisher":{"@id":"https:\/\/realidadturistica.com\/realtur\/#organization"},"image":{"@id":"https:\/\/realidadturistica.com\/realtur\/gran-caribe-hoteles-organiza-la-1ra-edicion-de-su-evento-profesional\/#primaryimage"},"thumbnailUrl":"https:\/\/realidadturistica.com\/realtur\/wp-content\/uploads\/2025\/09\/WhatsApp-Image-2025-09-05-at-3.01.28-p.m.jpeg","articleSection":["MICE"],"inLanguage":"es","potentialAction":[{"@type":"CommentAction","name":"Comment","target":["https:\/\/realidadturistica.com\/realtur\/gran-caribe-hoteles-organiza-la-1ra-edicion-de-su-evento-profesional\/#respond"]}]},{"@type":"WebPage","@id":"https:\/\/realidadturistica.com\/realtur\/gran-caribe-hoteles-organiza-la-1ra-edicion-de-su-evento-profesional\/","url":"https:\/\/realidadturistica.com\/realtur\/gran-caribe-hoteles-organiza-la-1ra-edicion-de-su-evento-profesional\/","name":"Gran Caribe Hoteles organiza la 1ra edici\u00f3n de su evento profesional - Realidad Tur\u00edstica","isPartOf":{"@id":"https:\/\/realidadturistica.com\/realtur\/#website"},"primaryImageOfPage":{"@id":"https:\/\/realidadturistica.com\/realtur\/gran-caribe-hoteles-organiza-la-1ra-edicion-de-su-evento-profesional\/#primaryimage"},"image":{"@id":"https:\/\/realidadturistica.com\/realtur\/gran-caribe-hoteles-organiza-la-1ra-edicion-de-su-evento-profesional\/#primaryimage"},"thumbnailUrl":"https:\/\/realidadturistica.com\/realtur\/wp-content\/uploads\/2025\/09\/WhatsApp-Image-2025-09-05-at-3.01.28-p.m.jpeg","datePublished":"2025-09-07T03:11:47+00:00","dateModified":"2025-09-07T03:11:50+00:00","breadcrumb":{"@id":"https:\/\/realidadturistica.com\/realtur\/gran-caribe-hoteles-organiza-la-1ra-edicion-de-su-evento-profesional\/#breadcrumb"},"inLanguage":"es","potentialAction":[{"@type":"ReadAction","target":["https:\/\/realidadturistica.com\/realtur\/gran-caribe-hoteles-organiza-la-1ra-edicion-de-su-evento-profesional\/"]}]},{"@type":"ImageObject","inLanguage":"es","@id":"https:\/\/realidadturistica.com\/realtur\/gran-caribe-hoteles-organiza-la-1ra-edicion-de-su-evento-profesional\/#primaryimage","url":"https:\/\/realidadturistica.com\/realtur\/wp-content\/uploads\/2025\/09\/WhatsApp-Image-2025-09-05-at-3.01.28-p.m.jpeg","contentUrl":"https:\/\/realidadturistica.com\/realtur\/wp-content\/uploads\/2025\/09\/WhatsApp-Image-2025-09-05-at-3.01.28-p.m.jpeg","width":1600,"height":1067},{"@type":"BreadcrumbList","@id":"https:\/\/realidadturistica.com\/realtur\/gran-caribe-hoteles-organiza-la-1ra-edicion-de-su-evento-profesional\/#breadcrumb","itemListElement":[{"@type":"ListItem","position":1,"name":"Portada","item":"https:\/\/realidadturistica.com\/realtur\/"},{"@type":"ListItem","position":2,"name":"Gran Caribe Hoteles organiza la 1ra edici\u00f3n de su evento profesional"}]},{"@type":"WebSite","@id":"https:\/\/realidadturistica.com\/realtur\/#website","url":"https:\/\/realidadturistica.com\/realtur\/","name":"Realidad Tur\u00edstica","description":"","publisher":{"@id":"https:\/\/realidadturistica.com\/realtur\/#organization"},"potentialAction":[{"@type":"SearchAction","target":{"@type":"EntryPoint","urlTemplate":"https:\/\/realidadturistica.com\/realtur\/?s={search_term_string}"},"query-input":{"@type":"PropertyValueSpecification","valueRequired":true,"valueName":"search_term_string"}}],"inLanguage":"es"},{"@type":"Organization","@id":"https:\/\/realidadturistica.com\/realtur\/#organization","name":"Realidad Tur\u00edstica","url":"https:\/\/realidadturistica.com\/realtur\/","logo":{"@type":"ImageObject","inLanguage":"es","@id":"https:\/\/realidadturistica.com\/realtur\/#\/schema\/logo\/image\/","url":"https:\/\/realidadturistica.com\/realtur\/wp-content\/uploads\/2021\/12\/logotipo-realidad-turistica.png","contentUrl":"https:\/\/realidadturistica.com\/realtur\/wp-content\/uploads\/2021\/12\/logotipo-realidad-turistica.png","width":1382,"height":629,"caption":"Realidad Tur\u00edstica"},"image":{"@id":"https:\/\/realidadturistica.com\/realtur\/#\/schema\/logo\/image\/"},"sameAs":["https:\/\/www.facebook.com\/realidadturistica","https:\/\/www.instagram.com\/realidad_turistica\/"]},{"@type":"Person","@id":"https:\/\/realidadturistica.com\/realtur\/#\/schema\/person\/ade671191202490fcf08ab21590de73e","name":"Editor","image":{"@type":"ImageObject","inLanguage":"es","@id":"https:\/\/realidadturistica.com\/realtur\/wp-content\/uploads\/2023\/09\/Editor_avatar_1693668634-96x96.png","url":"https:\/\/realidadturistica.com\/realtur\/wp-content\/uploads\/2023\/09\/Editor_avatar_1693668634-96x96.png","contentUrl":"https:\/\/realidadturistica.com\/realtur\/wp-content\/uploads\/2023\/09\/Editor_avatar_1693668634-96x96.png","caption":"Editor"},"sameAs":["https:\/\/realidadturistica.com\/realtur"],"url":"https:\/\/realidadturistica.com\/realtur\/author\/editor2\/"}]}},"_links":{"self":[{"href":"https:\/\/realidadturistica.com\/realtur\/wp-json\/wp\/v2\/posts\/10652","targetHints":{"allow":["GET"]}}],"collection":[{"href":"https:\/\/realidadturistica.com\/realtur\/wp-json\/wp\/v2\/posts"}],"about":[{"href":"https:\/\/realidadturistica.com\/realtur\/wp-json\/wp\/v2\/types\/post"}],"author":[{"embeddable":true,"href":"https:\/\/realidadturistica.com\/realtur\/wp-json\/wp\/v2\/users\/2"}],"replies":[{"embeddable":true,"href":"https:\/\/realidadturistica.com\/realtur\/wp-json\/wp\/v2\/comments?post=10652"}],"version-history":[{"count":1,"href":"https:\/\/realidadturistica.com\/realtur\/wp-json\/wp\/v2\/posts\/10652\/revisions"}],"predecessor-version":[{"id":10654,"href":"https:\/\/realidadturistica.com\/realtur\/wp-json\/wp\/v2\/posts\/10652\/revisions\/10654"}],"wp:featuredmedia":[{"embeddable":true,"href":"https:\/\/realidadturistica.com\/realtur\/wp-json\/wp\/v2\/media\/10653"}],"wp:attachment":[{"href":"https:\/\/realidadturistica.com\/realtur\/wp-json\/wp\/v2\/media?parent=10652"}],"wp:term":[{"taxonomy":"category","embeddable":true,"href":"https:\/\/realidadturistica.com\/realtur\/wp-json\/wp\/v2\/categories?post=10652"},{"taxonomy":"post_tag","embeddable":true,"href":"https:\/\/realidadturistica.com\/realtur\/wp-json\/wp\/v2\/tags?post=10652"}],"curies":[{"name":"wp","href":"https:\/\/api.w.org\/{rel}","templated":true}]}}