{"id":10665,"date":"2025-09-09T02:52:09","date_gmt":"2025-09-09T02:52:09","guid":{"rendered":"https:\/\/realidadturistica.com\/realtur\/?p=10665"},"modified":"2025-09-09T02:52:11","modified_gmt":"2025-09-09T02:52:11","slug":"se-consolida-crecimiento-turistico-de-yucatan","status":"publish","type":"post","link":"https:\/\/realidadturistica.com\/realtur\/se-consolida-crecimiento-turistico-de-yucatan\/","title":{"rendered":"Se consolida crecimiento tur\u00edstico de Yucat\u00e1n"},"content":{"rendered":"\n<p class=\"wp-block-yoast-seo-estimated-reading-time yoast-reading-time__wrapper\"><span class=\"yoast-reading-time__icon\"><svg aria-hidden=\"true\" focusable=\"false\" data-icon=\"clock\" width=\"20\" height=\"20\" fill=\"none\" stroke=\"currentColor\" style=\"display:inline-block;vertical-align:-0.1em\" role=\"img\" xmlns=\"http:\/\/www.w3.org\/2000\/svg\" viewBox=\"0 0 24 24\"><path stroke-linecap=\"round\" stroke-linejoin=\"round\" stroke-width=\"2\" d=\"M12 8v4l3 3m6-3a9 9 0 11-18 0 9 9 0 0118 0z\"><\/path><\/svg><\/span><span class=\"yoast-reading-time__spacer\" style=\"display:inline-block;width:1em\"><\/span><span class=\"yoast-reading-time__descriptive-text\">Estimated reading time: <\/span><span class=\"yoast-reading-time__reading-time\">3<\/span><span class=\"yoast-reading-time__time-unit\"> minutos<\/span><\/p>\n\n\n\n<p>M\u00e9xico. De enero a julio de 2025, el estado registr\u00f3 un aumento del 11% en turistas con pernocta respecto al mismo periodo de 2024, seg\u00fan Datatur.<\/p>\n\n\n\n<p>Yucat\u00e1n contin\u00faa afianz\u00e1ndose como uno de los destinos tur\u00edsticos m\u00e1s atractivos de M\u00e9xico, registrando en julio un repunte significativo en la llegada de visitantes con pernocta.<\/p>\n\n\n\n<figure class=\"wp-block-image size-large\"><img fetchpriority=\"high\" decoding=\"async\" width=\"1024\" height=\"683\" src=\"https:\/\/realidadturistica.com\/realtur\/wp-content\/uploads\/2025\/09\/Unknown1-1-1024x683.jpeg\" alt=\"\" class=\"wp-image-10667\" srcset=\"https:\/\/realidadturistica.com\/realtur\/wp-content\/uploads\/2025\/09\/Unknown1-1-1024x683.jpeg 1024w, https:\/\/realidadturistica.com\/realtur\/wp-content\/uploads\/2025\/09\/Unknown1-1-300x200.jpeg 300w, https:\/\/realidadturistica.com\/realtur\/wp-content\/uploads\/2025\/09\/Unknown1-1-768x512.jpeg 768w, https:\/\/realidadturistica.com\/realtur\/wp-content\/uploads\/2025\/09\/Unknown1-1-1536x1024.jpeg 1536w, https:\/\/realidadturistica.com\/realtur\/wp-content\/uploads\/2025\/09\/Unknown1-1-1170x780.jpeg 1170w, https:\/\/realidadturistica.com\/realtur\/wp-content\/uploads\/2025\/09\/Unknown1-1-585x390.jpeg 585w, https:\/\/realidadturistica.com\/realtur\/wp-content\/uploads\/2025\/09\/Unknown1-1-263x175.jpeg 263w, https:\/\/realidadturistica.com\/realtur\/wp-content\/uploads\/2025\/09\/Unknown1-1.jpeg 1600w\" sizes=\"(max-width: 1024px) 100vw, 1024px\" \/><\/figure>\n\n\n\n<p>De acuerdo con informaci\u00f3n de Datatur, m\u00e1s de 246 mil turistas se hospedaron en alg\u00fan establecimiento del estado, lo que representa un incremento del 20.2% respecto al mismo mes de 2024.<\/p>\n\n\n\n<p>Este crecimiento es resultado de las estrategias de promoci\u00f3n implementadas por el Gobierno del Renacimiento Maya, a trav\u00e9s de la Secretar\u00eda de Fomento Tur\u00edstico (Sefotur), que mantiene campa\u00f1as activas a nivel local, nacional e internacional para destacar la riqueza cultural, gastron\u00f3mica y natural de la entidad.<\/p>\n\n\n\n<p>En el acumulado de enero a julio de 2025, Yucat\u00e1n recibi\u00f3 1,543,105 turistas con pernocta, lo que representa un aumento del 11% frente al mismo periodo de 2024, cuando se reportaron 1,390,612 visitantes.<\/p>\n\n\n\n<p>En M\u00e9rida, la ocupaci\u00f3n hotelera alcanz\u00f3 un promedio de 59.9%, es decir, 5.5 puntos porcentuales m\u00e1s que en julio de 2024. A nivel estatal, la ocupaci\u00f3n se ubic\u00f3 en 55%, con un incremento de 2.9 puntos porcentuales respecto al a\u00f1o anterior.<\/p>\n\n\n\n<p>El crecimiento se reflej\u00f3 tambi\u00e9n en la llegada de turistas internacionales, que sumaron 48,556 personas, un incremento del 25.1% en comparaci\u00f3n con el mismo mes del a\u00f1o pasado. Por su parte, el turismo nacional alcanz\u00f3 los 197,549 visitantes, con un crecimiento del 19%.<\/p>\n\n\n\n<figure class=\"wp-block-gallery has-nested-images columns-default is-cropped wp-block-gallery-1 is-layout-flex wp-block-gallery-is-layout-flex\">\n<figure class=\"wp-block-image size-large\"><img decoding=\"async\" width=\"1024\" height=\"682\" data-id=\"10668\" src=\"https:\/\/realidadturistica.com\/realtur\/wp-content\/uploads\/2025\/09\/Unknown-1-1024x682.jpeg\" alt=\"\" class=\"wp-image-10668\" srcset=\"https:\/\/realidadturistica.com\/realtur\/wp-content\/uploads\/2025\/09\/Unknown-1-1024x682.jpeg 1024w, https:\/\/realidadturistica.com\/realtur\/wp-content\/uploads\/2025\/09\/Unknown-1-300x200.jpeg 300w, https:\/\/realidadturistica.com\/realtur\/wp-content\/uploads\/2025\/09\/Unknown-1-768x512.jpeg 768w, https:\/\/realidadturistica.com\/realtur\/wp-content\/uploads\/2025\/09\/Unknown-1-1536x1023.jpeg 1536w, https:\/\/realidadturistica.com\/realtur\/wp-content\/uploads\/2025\/09\/Unknown-1-1170x780.jpeg 1170w, https:\/\/realidadturistica.com\/realtur\/wp-content\/uploads\/2025\/09\/Unknown-1-585x390.jpeg 585w, https:\/\/realidadturistica.com\/realtur\/wp-content\/uploads\/2025\/09\/Unknown-1-263x175.jpeg 263w, https:\/\/realidadturistica.com\/realtur\/wp-content\/uploads\/2025\/09\/Unknown-1.jpeg 1600w\" sizes=\"(max-width: 1024px) 100vw, 1024px\" \/><\/figure>\n\n\n\n<figure class=\"wp-block-image size-large\"><img decoding=\"async\" width=\"1024\" height=\"683\" data-id=\"10669\" src=\"https:\/\/realidadturistica.com\/realtur\/wp-content\/uploads\/2025\/09\/Unknown4-1-1024x683.jpeg\" alt=\"\" class=\"wp-image-10669\" srcset=\"https:\/\/realidadturistica.com\/realtur\/wp-content\/uploads\/2025\/09\/Unknown4-1-1024x683.jpeg 1024w, https:\/\/realidadturistica.com\/realtur\/wp-content\/uploads\/2025\/09\/Unknown4-1-300x200.jpeg 300w, https:\/\/realidadturistica.com\/realtur\/wp-content\/uploads\/2025\/09\/Unknown4-1-768x512.jpeg 768w, https:\/\/realidadturistica.com\/realtur\/wp-content\/uploads\/2025\/09\/Unknown4-1-1536x1024.jpeg 1536w, https:\/\/realidadturistica.com\/realtur\/wp-content\/uploads\/2025\/09\/Unknown4-1-1170x780.jpeg 1170w, https:\/\/realidadturistica.com\/realtur\/wp-content\/uploads\/2025\/09\/Unknown4-1-585x390.jpeg 585w, https:\/\/realidadturistica.com\/realtur\/wp-content\/uploads\/2025\/09\/Unknown4-1-263x175.jpeg 263w, https:\/\/realidadturistica.com\/realtur\/wp-content\/uploads\/2025\/09\/Unknown4-1.jpeg 1600w\" sizes=\"(max-width: 1024px) 100vw, 1024px\" \/><\/figure>\n<\/figure>\n\n\n\n<p>A este dinamismo se suman los registros hist\u00f3ricos del Aeropuerto Internacional de M\u00e9rida \u201cManuel Crescencio Rej\u00f3n\u201d, que en julio report\u00f3 351,297 pasajeros, la cifra m\u00e1s alta registrada para un solo mes desde su apertura. Este resultado representa un aumento del 9.9% respecto a julio del a\u00f1o anterior. En el acumulado de enero a julio, el tr\u00e1fico a\u00e9reo alcanz\u00f3 2,212,255 pasajeros, con un crecimiento del 5%.<\/p>\n\n\n\n<p>Con estas cifras, Yucat\u00e1n reafirma su liderazgo y posicionamiento como un destino tur\u00edstico en constante crecimiento, con una proyecci\u00f3n nacional e internacional cada vez m\u00e1s s\u00f3lida.<\/p>\n\n\n\n<p>&nbsp;Sefotur.<\/p>\n","protected":false},"excerpt":{"rendered":"<p>M\u00e9xico. De enero a julio de 2025, el estado registr\u00f3 un aumento del 11% en turistas con pernocta respecto al mismo periodo de 2024, seg\u00fan&hellip;<\/p>\n","protected":false},"author":2,"featured_media":10666,"comment_status":"open","ping_status":"closed","sticky":false,"template":"","format":"standard","meta":{"content-type":"","_lmt_disableupdate":"","_lmt_disable":"","footnotes":""},"categories":[6],"tags":[],"class_list":["post-10665","post","type-post","status-publish","format-standard","has-post-thumbnail","hentry","category-turismo"],"yoast_head":"<!-- This site is optimized with the Yoast SEO Premium plugin v27.4 (Yoast SEO v27.5) - https:\/\/yoast.com\/product\/yoast-seo-premium-wordpress\/ -->\n<title>Se consolida crecimiento tur\u00edstico de Yucat\u00e1n - Realidad Tur\u00edstica<\/title>\n<meta name=\"robots\" content=\"index, follow, max-snippet:-1, max-image-preview:large, max-video-preview:-1\" \/>\n<link rel=\"canonical\" href=\"https:\/\/realidadturistica.com\/realtur\/se-consolida-crecimiento-turistico-de-yucatan\/\" \/>\n<meta property=\"og:locale\" content=\"es_ES\" \/>\n<meta property=\"og:type\" content=\"article\" \/>\n<meta property=\"og:title\" content=\"Se consolida crecimiento tur\u00edstico de Yucat\u00e1n\" \/>\n<meta property=\"og:description\" content=\"M\u00e9xico. De enero a julio de 2025, el estado registr\u00f3 un aumento del 11% en turistas con pernocta respecto al mismo periodo de 2024, seg\u00fan&hellip;\" \/>\n<meta property=\"og:url\" content=\"https:\/\/realidadturistica.com\/realtur\/se-consolida-crecimiento-turistico-de-yucatan\/\" \/>\n<meta property=\"og:site_name\" content=\"Realidad Tur\u00edstica\" \/>\n<meta property=\"article:publisher\" content=\"https:\/\/www.facebook.com\/realidadturistica\" \/>\n<meta property=\"article:published_time\" content=\"2025-09-09T02:52:09+00:00\" \/>\n<meta property=\"article:modified_time\" content=\"2025-09-09T02:52:11+00:00\" \/>\n<meta property=\"og:image\" content=\"https:\/\/realidadturistica.com\/realtur\/wp-content\/uploads\/2025\/09\/Unknown2-1.jpeg\" \/>\n\t<meta property=\"og:image:width\" content=\"1600\" \/>\n\t<meta property=\"og:image:height\" content=\"1068\" \/>\n\t<meta property=\"og:image:type\" content=\"image\/jpeg\" \/>\n<meta name=\"author\" content=\"Editor\" \/>\n<meta name=\"twitter:card\" content=\"summary_large_image\" \/>\n<meta name=\"twitter:label1\" content=\"Escrito por\" \/>\n\t<meta name=\"twitter:data1\" content=\"Editor\" \/>\n\t<meta name=\"twitter:label2\" content=\"Tiempo de lectura\" \/>\n\t<meta name=\"twitter:data2\" content=\"3 minutos\" \/>\n<script type=\"application\/ld+json\" class=\"yoast-schema-graph\">{\"@context\":\"https:\\\/\\\/schema.org\",\"@graph\":[{\"@type\":\"Article\",\"@id\":\"https:\\\/\\\/realidadturistica.com\\\/realtur\\\/se-consolida-crecimiento-turistico-de-yucatan\\\/#article\",\"isPartOf\":{\"@id\":\"https:\\\/\\\/realidadturistica.com\\\/realtur\\\/se-consolida-crecimiento-turistico-de-yucatan\\\/\"},\"author\":{\"name\":\"Editor\",\"@id\":\"https:\\\/\\\/realidadturistica.com\\\/realtur\\\/#\\\/schema\\\/person\\\/ade671191202490fcf08ab21590de73e\"},\"headline\":\"Se consolida crecimiento tur\u00edstico de Yucat\u00e1n\",\"datePublished\":\"2025-09-09T02:52:09+00:00\",\"dateModified\":\"2025-09-09T02:52:11+00:00\",\"mainEntityOfPage\":{\"@id\":\"https:\\\/\\\/realidadturistica.com\\\/realtur\\\/se-consolida-crecimiento-turistico-de-yucatan\\\/\"},\"wordCount\":365,\"commentCount\":0,\"publisher\":{\"@id\":\"https:\\\/\\\/realidadturistica.com\\\/realtur\\\/#organization\"},\"image\":{\"@id\":\"https:\\\/\\\/realidadturistica.com\\\/realtur\\\/se-consolida-crecimiento-turistico-de-yucatan\\\/#primaryimage\"},\"thumbnailUrl\":\"https:\\\/\\\/realidadturistica.com\\\/realtur\\\/wp-content\\\/uploads\\\/2025\\\/09\\\/Unknown2-1.jpeg\",\"articleSection\":[\"Turismo\"],\"inLanguage\":\"es\",\"potentialAction\":[{\"@type\":\"CommentAction\",\"name\":\"Comment\",\"target\":[\"https:\\\/\\\/realidadturistica.com\\\/realtur\\\/se-consolida-crecimiento-turistico-de-yucatan\\\/#respond\"]}]},{\"@type\":\"WebPage\",\"@id\":\"https:\\\/\\\/realidadturistica.com\\\/realtur\\\/se-consolida-crecimiento-turistico-de-yucatan\\\/\",\"url\":\"https:\\\/\\\/realidadturistica.com\\\/realtur\\\/se-consolida-crecimiento-turistico-de-yucatan\\\/\",\"name\":\"Se consolida crecimiento tur\u00edstico de Yucat\u00e1n - Realidad Tur\u00edstica\",\"isPartOf\":{\"@id\":\"https:\\\/\\\/realidadturistica.com\\\/realtur\\\/#website\"},\"primaryImageOfPage\":{\"@id\":\"https:\\\/\\\/realidadturistica.com\\\/realtur\\\/se-consolida-crecimiento-turistico-de-yucatan\\\/#primaryimage\"},\"image\":{\"@id\":\"https:\\\/\\\/realidadturistica.com\\\/realtur\\\/se-consolida-crecimiento-turistico-de-yucatan\\\/#primaryimage\"},\"thumbnailUrl\":\"https:\\\/\\\/realidadturistica.com\\\/realtur\\\/wp-content\\\/uploads\\\/2025\\\/09\\\/Unknown2-1.jpeg\",\"datePublished\":\"2025-09-09T02:52:09+00:00\",\"dateModified\":\"2025-09-09T02:52:11+00:00\",\"breadcrumb\":{\"@id\":\"https:\\\/\\\/realidadturistica.com\\\/realtur\\\/se-consolida-crecimiento-turistico-de-yucatan\\\/#breadcrumb\"},\"inLanguage\":\"es\",\"potentialAction\":[{\"@type\":\"ReadAction\",\"target\":[\"https:\\\/\\\/realidadturistica.com\\\/realtur\\\/se-consolida-crecimiento-turistico-de-yucatan\\\/\"]}]},{\"@type\":\"ImageObject\",\"inLanguage\":\"es\",\"@id\":\"https:\\\/\\\/realidadturistica.com\\\/realtur\\\/se-consolida-crecimiento-turistico-de-yucatan\\\/#primaryimage\",\"url\":\"https:\\\/\\\/realidadturistica.com\\\/realtur\\\/wp-content\\\/uploads\\\/2025\\\/09\\\/Unknown2-1.jpeg\",\"contentUrl\":\"https:\\\/\\\/realidadturistica.com\\\/realtur\\\/wp-content\\\/uploads\\\/2025\\\/09\\\/Unknown2-1.jpeg\",\"width\":1600,\"height\":1068},{\"@type\":\"BreadcrumbList\",\"@id\":\"https:\\\/\\\/realidadturistica.com\\\/realtur\\\/se-consolida-crecimiento-turistico-de-yucatan\\\/#breadcrumb\",\"itemListElement\":[{\"@type\":\"ListItem\",\"position\":1,\"name\":\"Portada\",\"item\":\"https:\\\/\\\/realidadturistica.com\\\/realtur\\\/\"},{\"@type\":\"ListItem\",\"position\":2,\"name\":\"Se consolida crecimiento tur\u00edstico de Yucat\u00e1n\"}]},{\"@type\":\"WebSite\",\"@id\":\"https:\\\/\\\/realidadturistica.com\\\/realtur\\\/#website\",\"url\":\"https:\\\/\\\/realidadturistica.com\\\/realtur\\\/\",\"name\":\"Realidad Tur\u00edstica\",\"description\":\"\",\"publisher\":{\"@id\":\"https:\\\/\\\/realidadturistica.com\\\/realtur\\\/#organization\"},\"potentialAction\":[{\"@type\":\"SearchAction\",\"target\":{\"@type\":\"EntryPoint\",\"urlTemplate\":\"https:\\\/\\\/realidadturistica.com\\\/realtur\\\/?s={search_term_string}\"},\"query-input\":{\"@type\":\"PropertyValueSpecification\",\"valueRequired\":true,\"valueName\":\"search_term_string\"}}],\"inLanguage\":\"es\"},{\"@type\":\"Organization\",\"@id\":\"https:\\\/\\\/realidadturistica.com\\\/realtur\\\/#organization\",\"name\":\"Realidad Tur\u00edstica\",\"url\":\"https:\\\/\\\/realidadturistica.com\\\/realtur\\\/\",\"logo\":{\"@type\":\"ImageObject\",\"inLanguage\":\"es\",\"@id\":\"https:\\\/\\\/realidadturistica.com\\\/realtur\\\/#\\\/schema\\\/logo\\\/image\\\/\",\"url\":\"https:\\\/\\\/realidadturistica.com\\\/realtur\\\/wp-content\\\/uploads\\\/2021\\\/12\\\/logotipo-realidad-turistica.png\",\"contentUrl\":\"https:\\\/\\\/realidadturistica.com\\\/realtur\\\/wp-content\\\/uploads\\\/2021\\\/12\\\/logotipo-realidad-turistica.png\",\"width\":1382,\"height\":629,\"caption\":\"Realidad Tur\u00edstica\"},\"image\":{\"@id\":\"https:\\\/\\\/realidadturistica.com\\\/realtur\\\/#\\\/schema\\\/logo\\\/image\\\/\"},\"sameAs\":[\"https:\\\/\\\/www.facebook.com\\\/realidadturistica\",\"https:\\\/\\\/www.instagram.com\\\/realidad_turistica\\\/\"]},{\"@type\":\"Person\",\"@id\":\"https:\\\/\\\/realidadturistica.com\\\/realtur\\\/#\\\/schema\\\/person\\\/ade671191202490fcf08ab21590de73e\",\"name\":\"Editor\",\"image\":{\"@type\":\"ImageObject\",\"inLanguage\":\"es\",\"@id\":\"https:\\\/\\\/realidadturistica.com\\\/realtur\\\/wp-content\\\/uploads\\\/2023\\\/09\\\/Editor_avatar_1693668634-96x96.png\",\"url\":\"https:\\\/\\\/realidadturistica.com\\\/realtur\\\/wp-content\\\/uploads\\\/2023\\\/09\\\/Editor_avatar_1693668634-96x96.png\",\"contentUrl\":\"https:\\\/\\\/realidadturistica.com\\\/realtur\\\/wp-content\\\/uploads\\\/2023\\\/09\\\/Editor_avatar_1693668634-96x96.png\",\"caption\":\"Editor\"},\"sameAs\":[\"https:\\\/\\\/realidadturistica.com\\\/realtur\"],\"url\":\"https:\\\/\\\/realidadturistica.com\\\/realtur\\\/author\\\/editor2\\\/\"}]}<\/script>\n<!-- \/ Yoast SEO Premium plugin. -->","yoast_head_json":{"title":"Se consolida crecimiento tur\u00edstico de Yucat\u00e1n - Realidad Tur\u00edstica","robots":{"index":"index","follow":"follow","max-snippet":"max-snippet:-1","max-image-preview":"max-image-preview:large","max-video-preview":"max-video-preview:-1"},"canonical":"https:\/\/realidadturistica.com\/realtur\/se-consolida-crecimiento-turistico-de-yucatan\/","og_locale":"es_ES","og_type":"article","og_title":"Se consolida crecimiento tur\u00edstico de Yucat\u00e1n","og_description":"M\u00e9xico. De enero a julio de 2025, el estado registr\u00f3 un aumento del 11% en turistas con pernocta respecto al mismo periodo de 2024, seg\u00fan&hellip;","og_url":"https:\/\/realidadturistica.com\/realtur\/se-consolida-crecimiento-turistico-de-yucatan\/","og_site_name":"Realidad Tur\u00edstica","article_publisher":"https:\/\/www.facebook.com\/realidadturistica","article_published_time":"2025-09-09T02:52:09+00:00","article_modified_time":"2025-09-09T02:52:11+00:00","og_image":[{"width":1600,"height":1068,"url":"https:\/\/realidadturistica.com\/realtur\/wp-content\/uploads\/2025\/09\/Unknown2-1.jpeg","type":"image\/jpeg"}],"author":"Editor","twitter_card":"summary_large_image","twitter_misc":{"Escrito por":"Editor","Tiempo de lectura":"3 minutos"},"schema":{"@context":"https:\/\/schema.org","@graph":[{"@type":"Article","@id":"https:\/\/realidadturistica.com\/realtur\/se-consolida-crecimiento-turistico-de-yucatan\/#article","isPartOf":{"@id":"https:\/\/realidadturistica.com\/realtur\/se-consolida-crecimiento-turistico-de-yucatan\/"},"author":{"name":"Editor","@id":"https:\/\/realidadturistica.com\/realtur\/#\/schema\/person\/ade671191202490fcf08ab21590de73e"},"headline":"Se consolida crecimiento tur\u00edstico de Yucat\u00e1n","datePublished":"2025-09-09T02:52:09+00:00","dateModified":"2025-09-09T02:52:11+00:00","mainEntityOfPage":{"@id":"https:\/\/realidadturistica.com\/realtur\/se-consolida-crecimiento-turistico-de-yucatan\/"},"wordCount":365,"commentCount":0,"publisher":{"@id":"https:\/\/realidadturistica.com\/realtur\/#organization"},"image":{"@id":"https:\/\/realidadturistica.com\/realtur\/se-consolida-crecimiento-turistico-de-yucatan\/#primaryimage"},"thumbnailUrl":"https:\/\/realidadturistica.com\/realtur\/wp-content\/uploads\/2025\/09\/Unknown2-1.jpeg","articleSection":["Turismo"],"inLanguage":"es","potentialAction":[{"@type":"CommentAction","name":"Comment","target":["https:\/\/realidadturistica.com\/realtur\/se-consolida-crecimiento-turistico-de-yucatan\/#respond"]}]},{"@type":"WebPage","@id":"https:\/\/realidadturistica.com\/realtur\/se-consolida-crecimiento-turistico-de-yucatan\/","url":"https:\/\/realidadturistica.com\/realtur\/se-consolida-crecimiento-turistico-de-yucatan\/","name":"Se consolida crecimiento tur\u00edstico de Yucat\u00e1n - Realidad Tur\u00edstica","isPartOf":{"@id":"https:\/\/realidadturistica.com\/realtur\/#website"},"primaryImageOfPage":{"@id":"https:\/\/realidadturistica.com\/realtur\/se-consolida-crecimiento-turistico-de-yucatan\/#primaryimage"},"image":{"@id":"https:\/\/realidadturistica.com\/realtur\/se-consolida-crecimiento-turistico-de-yucatan\/#primaryimage"},"thumbnailUrl":"https:\/\/realidadturistica.com\/realtur\/wp-content\/uploads\/2025\/09\/Unknown2-1.jpeg","datePublished":"2025-09-09T02:52:09+00:00","dateModified":"2025-09-09T02:52:11+00:00","breadcrumb":{"@id":"https:\/\/realidadturistica.com\/realtur\/se-consolida-crecimiento-turistico-de-yucatan\/#breadcrumb"},"inLanguage":"es","potentialAction":[{"@type":"ReadAction","target":["https:\/\/realidadturistica.com\/realtur\/se-consolida-crecimiento-turistico-de-yucatan\/"]}]},{"@type":"ImageObject","inLanguage":"es","@id":"https:\/\/realidadturistica.com\/realtur\/se-consolida-crecimiento-turistico-de-yucatan\/#primaryimage","url":"https:\/\/realidadturistica.com\/realtur\/wp-content\/uploads\/2025\/09\/Unknown2-1.jpeg","contentUrl":"https:\/\/realidadturistica.com\/realtur\/wp-content\/uploads\/2025\/09\/Unknown2-1.jpeg","width":1600,"height":1068},{"@type":"BreadcrumbList","@id":"https:\/\/realidadturistica.com\/realtur\/se-consolida-crecimiento-turistico-de-yucatan\/#breadcrumb","itemListElement":[{"@type":"ListItem","position":1,"name":"Portada","item":"https:\/\/realidadturistica.com\/realtur\/"},{"@type":"ListItem","position":2,"name":"Se consolida crecimiento tur\u00edstico de Yucat\u00e1n"}]},{"@type":"WebSite","@id":"https:\/\/realidadturistica.com\/realtur\/#website","url":"https:\/\/realidadturistica.com\/realtur\/","name":"Realidad Tur\u00edstica","description":"","publisher":{"@id":"https:\/\/realidadturistica.com\/realtur\/#organization"},"potentialAction":[{"@type":"SearchAction","target":{"@type":"EntryPoint","urlTemplate":"https:\/\/realidadturistica.com\/realtur\/?s={search_term_string}"},"query-input":{"@type":"PropertyValueSpecification","valueRequired":true,"valueName":"search_term_string"}}],"inLanguage":"es"},{"@type":"Organization","@id":"https:\/\/realidadturistica.com\/realtur\/#organization","name":"Realidad Tur\u00edstica","url":"https:\/\/realidadturistica.com\/realtur\/","logo":{"@type":"ImageObject","inLanguage":"es","@id":"https:\/\/realidadturistica.com\/realtur\/#\/schema\/logo\/image\/","url":"https:\/\/realidadturistica.com\/realtur\/wp-content\/uploads\/2021\/12\/logotipo-realidad-turistica.png","contentUrl":"https:\/\/realidadturistica.com\/realtur\/wp-content\/uploads\/2021\/12\/logotipo-realidad-turistica.png","width":1382,"height":629,"caption":"Realidad Tur\u00edstica"},"image":{"@id":"https:\/\/realidadturistica.com\/realtur\/#\/schema\/logo\/image\/"},"sameAs":["https:\/\/www.facebook.com\/realidadturistica","https:\/\/www.instagram.com\/realidad_turistica\/"]},{"@type":"Person","@id":"https:\/\/realidadturistica.com\/realtur\/#\/schema\/person\/ade671191202490fcf08ab21590de73e","name":"Editor","image":{"@type":"ImageObject","inLanguage":"es","@id":"https:\/\/realidadturistica.com\/realtur\/wp-content\/uploads\/2023\/09\/Editor_avatar_1693668634-96x96.png","url":"https:\/\/realidadturistica.com\/realtur\/wp-content\/uploads\/2023\/09\/Editor_avatar_1693668634-96x96.png","contentUrl":"https:\/\/realidadturistica.com\/realtur\/wp-content\/uploads\/2023\/09\/Editor_avatar_1693668634-96x96.png","caption":"Editor"},"sameAs":["https:\/\/realidadturistica.com\/realtur"],"url":"https:\/\/realidadturistica.com\/realtur\/author\/editor2\/"}]}},"_links":{"self":[{"href":"https:\/\/realidadturistica.com\/realtur\/wp-json\/wp\/v2\/posts\/10665","targetHints":{"allow":["GET"]}}],"collection":[{"href":"https:\/\/realidadturistica.com\/realtur\/wp-json\/wp\/v2\/posts"}],"about":[{"href":"https:\/\/realidadturistica.com\/realtur\/wp-json\/wp\/v2\/types\/post"}],"author":[{"embeddable":true,"href":"https:\/\/realidadturistica.com\/realtur\/wp-json\/wp\/v2\/users\/2"}],"replies":[{"embeddable":true,"href":"https:\/\/realidadturistica.com\/realtur\/wp-json\/wp\/v2\/comments?post=10665"}],"version-history":[{"count":1,"href":"https:\/\/realidadturistica.com\/realtur\/wp-json\/wp\/v2\/posts\/10665\/revisions"}],"predecessor-version":[{"id":10670,"href":"https:\/\/realidadturistica.com\/realtur\/wp-json\/wp\/v2\/posts\/10665\/revisions\/10670"}],"wp:featuredmedia":[{"embeddable":true,"href":"https:\/\/realidadturistica.com\/realtur\/wp-json\/wp\/v2\/media\/10666"}],"wp:attachment":[{"href":"https:\/\/realidadturistica.com\/realtur\/wp-json\/wp\/v2\/media?parent=10665"}],"wp:term":[{"taxonomy":"category","embeddable":true,"href":"https:\/\/realidadturistica.com\/realtur\/wp-json\/wp\/v2\/categories?post=10665"},{"taxonomy":"post_tag","embeddable":true,"href":"https:\/\/realidadturistica.com\/realtur\/wp-json\/wp\/v2\/tags?post=10665"}],"curies":[{"name":"wp","href":"https:\/\/api.w.org\/{rel}","templated":true}]}}