{"id":10697,"date":"2025-09-11T16:20:58","date_gmt":"2025-09-11T16:20:58","guid":{"rendered":"https:\/\/realidadturistica.com\/realtur\/?p=10697"},"modified":"2025-09-11T16:21:01","modified_gmt":"2025-09-11T16:21:01","slug":"se-presento-en-mexico-el-plan-de-eventos-de-cuba-para-el-periodo-2025-2026","status":"publish","type":"post","link":"https:\/\/realidadturistica.com\/realtur\/se-presento-en-mexico-el-plan-de-eventos-de-cuba-para-el-periodo-2025-2026\/","title":{"rendered":"Se present\u00f3 en M\u00e9xico el Plan de Eventos de Cuba para el periodo 2025-2026"},"content":{"rendered":"\n<p class=\"wp-block-yoast-seo-estimated-reading-time yoast-reading-time__wrapper\"><span class=\"yoast-reading-time__icon\"><svg aria-hidden=\"true\" focusable=\"false\" data-icon=\"clock\" width=\"20\" height=\"20\" fill=\"none\" stroke=\"currentColor\" style=\"display:inline-block;vertical-align:-0.1em\" role=\"img\" xmlns=\"http:\/\/www.w3.org\/2000\/svg\" viewBox=\"0 0 24 24\"><path stroke-linecap=\"round\" stroke-linejoin=\"round\" stroke-width=\"2\" d=\"M12 8v4l3 3m6-3a9 9 0 11-18 0 9 9 0 0118 0z\"><\/path><\/svg><\/span><span class=\"yoast-reading-time__spacer\" style=\"display:inline-block;width:1em\"><\/span><span class=\"yoast-reading-time__descriptive-text\">Estimated reading time: <\/span><span class=\"yoast-reading-time__reading-time\">3<\/span><span class=\"yoast-reading-time__time-unit\"> minutos<\/span><\/p>\n\n\n\n<p>Cuba. Con la presencia de unas 60 personas de agencias de viajes, prensa especializada, e invitados, adem\u00e1s de una trasmisi\u00f3n online en vivo para todo M\u00e9xico, se present\u00f3 este mi\u00e9rcoles 10 de septiembre en la Embajada de Cuba en el pa\u00eds azteca el Plan de Eventos 2025-2026<\/p>\n\n\n\n<p>Xonia Beltr\u00e1n, consejera del ministerio de Turismo de Cuba en M\u00e9xico hizo una presentaci\u00f3n detallada del producto tur\u00edstico cubano, destacando las potencialidades que tiene Cuba para el turismo de eventos e incentivo, un segmento que ha ido ganando terreno y donde Cuba cuenta con una importante infraestructura y una extensa experiencia.<\/p>\n\n\n\n<p>Entre los eventos m\u00e1s relevantes del plan para el periodo 2025-2026 destacan la Feria Internacional de Turismo (FITCuba 2026), considerada una de las principales bolsas tur\u00edsticas de la regi\u00f3n, la Feria Internacional de La Habana, evento comercial donde se dan cita un numeroso grupo de empresa y hombres de negocios en busca de oportunidades comerciales, el torneo internacional Cuba Golf en el balneario de Varadero, el evento Salud Para Todos, donde se exponen los principales logros de la medicina cubana y la atenci\u00f3n personalizada que se brinda en las diferentes especialidades, destac\u00e1ndose el turismo de salud y bienestar, una nueva modalidad que combina la relajaci\u00f3n con la atenci\u00f3n m\u00e9dica en instalaciones tur\u00edsticas de la isla, el evento Universidad para Todos, que desde su creaci\u00f3n\u00a0 ha despertado un marcado inter\u00e9s y donde la delegaci\u00f3n de M\u00e9xico que participa cada a\u00f1o es la m\u00e1s numerosa. El Plan de Eventos 2025-2026 incluye una gran variedad de congresos, ferias, eventos cient\u00edficos y deportivos, que abarcan todos los sectores de la sociedad cubana.<\/p>\n\n\n\n<figure class=\"wp-block-gallery has-nested-images columns-default is-cropped wp-block-gallery-1 is-layout-flex wp-block-gallery-is-layout-flex\">\n<figure class=\"wp-block-image size-large\"><img fetchpriority=\"high\" decoding=\"async\" width=\"928\" height=\"974\" data-id=\"10703\" src=\"https:\/\/realidadturistica.com\/realtur\/wp-content\/uploads\/2025\/09\/Diana-2.png\" alt=\"\" class=\"wp-image-10703\" srcset=\"https:\/\/realidadturistica.com\/realtur\/wp-content\/uploads\/2025\/09\/Diana-2.png 928w, https:\/\/realidadturistica.com\/realtur\/wp-content\/uploads\/2025\/09\/Diana-2-286x300.png 286w, https:\/\/realidadturistica.com\/realtur\/wp-content\/uploads\/2025\/09\/Diana-2-768x806.png 768w, https:\/\/realidadturistica.com\/realtur\/wp-content\/uploads\/2025\/09\/Diana-2-585x614.png 585w\" sizes=\"(max-width: 928px) 100vw, 928px\" \/><figcaption class=\"wp-element-caption\">Xonia Beltr\u00e1n, delegada de Turismo de Cuba<\/figcaption><\/figure>\n\n\n\n<figure class=\"wp-block-image size-large\"><img decoding=\"async\" width=\"768\" height=\"1024\" data-id=\"10704\" src=\"https:\/\/realidadturistica.com\/realtur\/wp-content\/uploads\/2025\/09\/IMG-20250910-WA0006-2-768x1024.jpg\" alt=\"\" class=\"wp-image-10704\" srcset=\"https:\/\/realidadturistica.com\/realtur\/wp-content\/uploads\/2025\/09\/IMG-20250910-WA0006-2-768x1024.jpg 768w, https:\/\/realidadturistica.com\/realtur\/wp-content\/uploads\/2025\/09\/IMG-20250910-WA0006-2-225x300.jpg 225w, https:\/\/realidadturistica.com\/realtur\/wp-content\/uploads\/2025\/09\/IMG-20250910-WA0006-2-1152x1536.jpg 1152w, https:\/\/realidadturistica.com\/realtur\/wp-content\/uploads\/2025\/09\/IMG-20250910-WA0006-2-1536x2048.jpg 1536w, https:\/\/realidadturistica.com\/realtur\/wp-content\/uploads\/2025\/09\/IMG-20250910-WA0006-2-1170x1560.jpg 1170w, https:\/\/realidadturistica.com\/realtur\/wp-content\/uploads\/2025\/09\/IMG-20250910-WA0006-2-585x780.jpg 585w, https:\/\/realidadturistica.com\/realtur\/wp-content\/uploads\/2025\/09\/IMG-20250910-WA0006-2.jpg 1920w\" sizes=\"(max-width: 768px) 100vw, 768px\" \/><figcaption class=\"wp-element-caption\">Embajador de Cuba en M\u00e9xico, Marcos Rodr\u00edguez Costa<\/figcaption><\/figure>\n<\/figure>\n\n\n\n<p>La presentaci\u00f3n estuvo acompa\u00f1ada por diapositivas y videos de los diferentes programas previsto para este a\u00f1o y el venidero, con una detallada explicaci\u00f3n.<\/p>\n\n\n\n<p>Estuvieron presentes en el lanzamiento el embajador de Cuba en M\u00e9xico, Marcos Rodr\u00edguez Costa, Rosa \u00c1lvarez, consejera de Educaci\u00f3n, Katia Alonso, consejera econ\u00f3mico comercial, y Diana Falc\u00f3n, gerente de Prelasa Tour.<\/p>\n\n\n\n<p>Para mayor informaci\u00f3n del Plan de Eventos puede consultar este link:<\/p>\n\n\n\n<p><a href=\"https:\/\/www.cuba.travel\/Portals\/0\/Documentos%20PDF\/Calendario%20de%20eventos%202025%20espa%C3%B1ol.pdf?ver=vJSVrfRcT9Inhy0WsOyXbg%3D%3D\">https:\/\/www.cuba.travel\/Portals\/0\/Documentos%20PDF\/Calendario%20de%20eventos%202025%20espa%C3%B1ol.pdf?ver=vJSVrfRcT9Inhy0WsOyXbg%3D%3D<\/a><\/p>\n\n\n\n<p>Realidad Tur\u00edstica<\/p>\n","protected":false},"excerpt":{"rendered":"<p>Cuba. Con la presencia de unas 60 personas de agencias de viajes, prensa especializada, e invitados, adem\u00e1s de una trasmisi\u00f3n online en vivo para todo&hellip;<\/p>\n","protected":false},"author":2,"featured_media":10698,"comment_status":"open","ping_status":"closed","sticky":false,"template":"","format":"standard","meta":{"content-type":"","_lmt_disableupdate":"","_lmt_disable":"","footnotes":""},"categories":[5],"tags":[],"class_list":["post-10697","post","type-post","status-publish","format-standard","has-post-thumbnail","hentry","category-mice"],"yoast_head":"<!-- This site is optimized with the Yoast SEO Premium plugin v27.4 (Yoast SEO v27.4) - https:\/\/yoast.com\/product\/yoast-seo-premium-wordpress\/ -->\n<title>Se present\u00f3 en M\u00e9xico el Plan de Eventos de Cuba para el periodo 2025-2026 - Realidad Tur\u00edstica<\/title>\n<meta name=\"robots\" content=\"index, follow, max-snippet:-1, max-image-preview:large, max-video-preview:-1\" \/>\n<link rel=\"canonical\" href=\"https:\/\/realidadturistica.com\/realtur\/se-presento-en-mexico-el-plan-de-eventos-de-cuba-para-el-periodo-2025-2026\/\" \/>\n<meta property=\"og:locale\" content=\"es_ES\" \/>\n<meta property=\"og:type\" content=\"article\" \/>\n<meta property=\"og:title\" content=\"Se present\u00f3 en M\u00e9xico el Plan de Eventos de Cuba para el periodo 2025-2026\" \/>\n<meta property=\"og:description\" content=\"Cuba. Con la presencia de unas 60 personas de agencias de viajes, prensa especializada, e invitados, adem\u00e1s de una trasmisi\u00f3n online en vivo para todo&hellip;\" \/>\n<meta property=\"og:url\" content=\"https:\/\/realidadturistica.com\/realtur\/se-presento-en-mexico-el-plan-de-eventos-de-cuba-para-el-periodo-2025-2026\/\" \/>\n<meta property=\"og:site_name\" content=\"Realidad Tur\u00edstica\" \/>\n<meta property=\"article:publisher\" content=\"https:\/\/www.facebook.com\/realidadturistica\" \/>\n<meta property=\"article:published_time\" content=\"2025-09-11T16:20:58+00:00\" \/>\n<meta property=\"article:modified_time\" content=\"2025-09-11T16:21:01+00:00\" \/>\n<meta property=\"og:image\" content=\"https:\/\/realidadturistica.com\/realtur\/wp-content\/uploads\/2025\/09\/IMG-20250910-WA0003.png\" \/>\n\t<meta property=\"og:image:width\" content=\"1280\" \/>\n\t<meta property=\"og:image:height\" content=\"960\" \/>\n\t<meta property=\"og:image:type\" content=\"image\/png\" \/>\n<meta name=\"author\" content=\"Editor\" \/>\n<meta name=\"twitter:card\" content=\"summary_large_image\" \/>\n<meta name=\"twitter:label1\" content=\"Escrito por\" \/>\n\t<meta name=\"twitter:data1\" content=\"Editor\" \/>\n\t<meta name=\"twitter:label2\" content=\"Tiempo de lectura\" \/>\n\t<meta name=\"twitter:data2\" content=\"3 minutos\" \/>\n<script type=\"application\/ld+json\" class=\"yoast-schema-graph\">{\"@context\":\"https:\\\/\\\/schema.org\",\"@graph\":[{\"@type\":\"Article\",\"@id\":\"https:\\\/\\\/realidadturistica.com\\\/realtur\\\/se-presento-en-mexico-el-plan-de-eventos-de-cuba-para-el-periodo-2025-2026\\\/#article\",\"isPartOf\":{\"@id\":\"https:\\\/\\\/realidadturistica.com\\\/realtur\\\/se-presento-en-mexico-el-plan-de-eventos-de-cuba-para-el-periodo-2025-2026\\\/\"},\"author\":{\"name\":\"Editor\",\"@id\":\"https:\\\/\\\/realidadturistica.com\\\/realtur\\\/#\\\/schema\\\/person\\\/ade671191202490fcf08ab21590de73e\"},\"headline\":\"Se present\u00f3 en M\u00e9xico el Plan de Eventos de Cuba para el periodo 2025-2026\",\"datePublished\":\"2025-09-11T16:20:58+00:00\",\"dateModified\":\"2025-09-11T16:21:01+00:00\",\"mainEntityOfPage\":{\"@id\":\"https:\\\/\\\/realidadturistica.com\\\/realtur\\\/se-presento-en-mexico-el-plan-de-eventos-de-cuba-para-el-periodo-2025-2026\\\/\"},\"wordCount\":424,\"commentCount\":0,\"publisher\":{\"@id\":\"https:\\\/\\\/realidadturistica.com\\\/realtur\\\/#organization\"},\"image\":{\"@id\":\"https:\\\/\\\/realidadturistica.com\\\/realtur\\\/se-presento-en-mexico-el-plan-de-eventos-de-cuba-para-el-periodo-2025-2026\\\/#primaryimage\"},\"thumbnailUrl\":\"https:\\\/\\\/realidadturistica.com\\\/realtur\\\/wp-content\\\/uploads\\\/2025\\\/09\\\/IMG-20250910-WA0003.png\",\"articleSection\":[\"MICE\"],\"inLanguage\":\"es\",\"potentialAction\":[{\"@type\":\"CommentAction\",\"name\":\"Comment\",\"target\":[\"https:\\\/\\\/realidadturistica.com\\\/realtur\\\/se-presento-en-mexico-el-plan-de-eventos-de-cuba-para-el-periodo-2025-2026\\\/#respond\"]}]},{\"@type\":\"WebPage\",\"@id\":\"https:\\\/\\\/realidadturistica.com\\\/realtur\\\/se-presento-en-mexico-el-plan-de-eventos-de-cuba-para-el-periodo-2025-2026\\\/\",\"url\":\"https:\\\/\\\/realidadturistica.com\\\/realtur\\\/se-presento-en-mexico-el-plan-de-eventos-de-cuba-para-el-periodo-2025-2026\\\/\",\"name\":\"Se present\u00f3 en M\u00e9xico el Plan de Eventos de Cuba para el periodo 2025-2026 - Realidad Tur\u00edstica\",\"isPartOf\":{\"@id\":\"https:\\\/\\\/realidadturistica.com\\\/realtur\\\/#website\"},\"primaryImageOfPage\":{\"@id\":\"https:\\\/\\\/realidadturistica.com\\\/realtur\\\/se-presento-en-mexico-el-plan-de-eventos-de-cuba-para-el-periodo-2025-2026\\\/#primaryimage\"},\"image\":{\"@id\":\"https:\\\/\\\/realidadturistica.com\\\/realtur\\\/se-presento-en-mexico-el-plan-de-eventos-de-cuba-para-el-periodo-2025-2026\\\/#primaryimage\"},\"thumbnailUrl\":\"https:\\\/\\\/realidadturistica.com\\\/realtur\\\/wp-content\\\/uploads\\\/2025\\\/09\\\/IMG-20250910-WA0003.png\",\"datePublished\":\"2025-09-11T16:20:58+00:00\",\"dateModified\":\"2025-09-11T16:21:01+00:00\",\"breadcrumb\":{\"@id\":\"https:\\\/\\\/realidadturistica.com\\\/realtur\\\/se-presento-en-mexico-el-plan-de-eventos-de-cuba-para-el-periodo-2025-2026\\\/#breadcrumb\"},\"inLanguage\":\"es\",\"potentialAction\":[{\"@type\":\"ReadAction\",\"target\":[\"https:\\\/\\\/realidadturistica.com\\\/realtur\\\/se-presento-en-mexico-el-plan-de-eventos-de-cuba-para-el-periodo-2025-2026\\\/\"]}]},{\"@type\":\"ImageObject\",\"inLanguage\":\"es\",\"@id\":\"https:\\\/\\\/realidadturistica.com\\\/realtur\\\/se-presento-en-mexico-el-plan-de-eventos-de-cuba-para-el-periodo-2025-2026\\\/#primaryimage\",\"url\":\"https:\\\/\\\/realidadturistica.com\\\/realtur\\\/wp-content\\\/uploads\\\/2025\\\/09\\\/IMG-20250910-WA0003.png\",\"contentUrl\":\"https:\\\/\\\/realidadturistica.com\\\/realtur\\\/wp-content\\\/uploads\\\/2025\\\/09\\\/IMG-20250910-WA0003.png\",\"width\":1280,\"height\":960},{\"@type\":\"BreadcrumbList\",\"@id\":\"https:\\\/\\\/realidadturistica.com\\\/realtur\\\/se-presento-en-mexico-el-plan-de-eventos-de-cuba-para-el-periodo-2025-2026\\\/#breadcrumb\",\"itemListElement\":[{\"@type\":\"ListItem\",\"position\":1,\"name\":\"Portada\",\"item\":\"https:\\\/\\\/realidadturistica.com\\\/realtur\\\/\"},{\"@type\":\"ListItem\",\"position\":2,\"name\":\"Se present\u00f3 en M\u00e9xico el Plan de Eventos de Cuba para el periodo 2025-2026\"}]},{\"@type\":\"WebSite\",\"@id\":\"https:\\\/\\\/realidadturistica.com\\\/realtur\\\/#website\",\"url\":\"https:\\\/\\\/realidadturistica.com\\\/realtur\\\/\",\"name\":\"Realidad Tur\u00edstica\",\"description\":\"\",\"publisher\":{\"@id\":\"https:\\\/\\\/realidadturistica.com\\\/realtur\\\/#organization\"},\"potentialAction\":[{\"@type\":\"SearchAction\",\"target\":{\"@type\":\"EntryPoint\",\"urlTemplate\":\"https:\\\/\\\/realidadturistica.com\\\/realtur\\\/?s={search_term_string}\"},\"query-input\":{\"@type\":\"PropertyValueSpecification\",\"valueRequired\":true,\"valueName\":\"search_term_string\"}}],\"inLanguage\":\"es\"},{\"@type\":\"Organization\",\"@id\":\"https:\\\/\\\/realidadturistica.com\\\/realtur\\\/#organization\",\"name\":\"Realidad Tur\u00edstica\",\"url\":\"https:\\\/\\\/realidadturistica.com\\\/realtur\\\/\",\"logo\":{\"@type\":\"ImageObject\",\"inLanguage\":\"es\",\"@id\":\"https:\\\/\\\/realidadturistica.com\\\/realtur\\\/#\\\/schema\\\/logo\\\/image\\\/\",\"url\":\"https:\\\/\\\/realidadturistica.com\\\/realtur\\\/wp-content\\\/uploads\\\/2021\\\/12\\\/logotipo-realidad-turistica.png\",\"contentUrl\":\"https:\\\/\\\/realidadturistica.com\\\/realtur\\\/wp-content\\\/uploads\\\/2021\\\/12\\\/logotipo-realidad-turistica.png\",\"width\":1382,\"height\":629,\"caption\":\"Realidad Tur\u00edstica\"},\"image\":{\"@id\":\"https:\\\/\\\/realidadturistica.com\\\/realtur\\\/#\\\/schema\\\/logo\\\/image\\\/\"},\"sameAs\":[\"https:\\\/\\\/www.facebook.com\\\/realidadturistica\",\"https:\\\/\\\/www.instagram.com\\\/realidad_turistica\\\/\"]},{\"@type\":\"Person\",\"@id\":\"https:\\\/\\\/realidadturistica.com\\\/realtur\\\/#\\\/schema\\\/person\\\/ade671191202490fcf08ab21590de73e\",\"name\":\"Editor\",\"image\":{\"@type\":\"ImageObject\",\"inLanguage\":\"es\",\"@id\":\"https:\\\/\\\/realidadturistica.com\\\/realtur\\\/wp-content\\\/uploads\\\/2023\\\/09\\\/Editor_avatar_1693668634-96x96.png\",\"url\":\"https:\\\/\\\/realidadturistica.com\\\/realtur\\\/wp-content\\\/uploads\\\/2023\\\/09\\\/Editor_avatar_1693668634-96x96.png\",\"contentUrl\":\"https:\\\/\\\/realidadturistica.com\\\/realtur\\\/wp-content\\\/uploads\\\/2023\\\/09\\\/Editor_avatar_1693668634-96x96.png\",\"caption\":\"Editor\"},\"sameAs\":[\"https:\\\/\\\/realidadturistica.com\\\/realtur\"],\"url\":\"https:\\\/\\\/realidadturistica.com\\\/realtur\\\/author\\\/editor2\\\/\"}]}<\/script>\n<!-- \/ Yoast SEO Premium plugin. -->","yoast_head_json":{"title":"Se present\u00f3 en M\u00e9xico el Plan de Eventos de Cuba para el periodo 2025-2026 - Realidad Tur\u00edstica","robots":{"index":"index","follow":"follow","max-snippet":"max-snippet:-1","max-image-preview":"max-image-preview:large","max-video-preview":"max-video-preview:-1"},"canonical":"https:\/\/realidadturistica.com\/realtur\/se-presento-en-mexico-el-plan-de-eventos-de-cuba-para-el-periodo-2025-2026\/","og_locale":"es_ES","og_type":"article","og_title":"Se present\u00f3 en M\u00e9xico el Plan de Eventos de Cuba para el periodo 2025-2026","og_description":"Cuba. Con la presencia de unas 60 personas de agencias de viajes, prensa especializada, e invitados, adem\u00e1s de una trasmisi\u00f3n online en vivo para todo&hellip;","og_url":"https:\/\/realidadturistica.com\/realtur\/se-presento-en-mexico-el-plan-de-eventos-de-cuba-para-el-periodo-2025-2026\/","og_site_name":"Realidad Tur\u00edstica","article_publisher":"https:\/\/www.facebook.com\/realidadturistica","article_published_time":"2025-09-11T16:20:58+00:00","article_modified_time":"2025-09-11T16:21:01+00:00","og_image":[{"width":1280,"height":960,"url":"https:\/\/realidadturistica.com\/realtur\/wp-content\/uploads\/2025\/09\/IMG-20250910-WA0003.png","type":"image\/png"}],"author":"Editor","twitter_card":"summary_large_image","twitter_misc":{"Escrito por":"Editor","Tiempo de lectura":"3 minutos"},"schema":{"@context":"https:\/\/schema.org","@graph":[{"@type":"Article","@id":"https:\/\/realidadturistica.com\/realtur\/se-presento-en-mexico-el-plan-de-eventos-de-cuba-para-el-periodo-2025-2026\/#article","isPartOf":{"@id":"https:\/\/realidadturistica.com\/realtur\/se-presento-en-mexico-el-plan-de-eventos-de-cuba-para-el-periodo-2025-2026\/"},"author":{"name":"Editor","@id":"https:\/\/realidadturistica.com\/realtur\/#\/schema\/person\/ade671191202490fcf08ab21590de73e"},"headline":"Se present\u00f3 en M\u00e9xico el Plan de Eventos de Cuba para el periodo 2025-2026","datePublished":"2025-09-11T16:20:58+00:00","dateModified":"2025-09-11T16:21:01+00:00","mainEntityOfPage":{"@id":"https:\/\/realidadturistica.com\/realtur\/se-presento-en-mexico-el-plan-de-eventos-de-cuba-para-el-periodo-2025-2026\/"},"wordCount":424,"commentCount":0,"publisher":{"@id":"https:\/\/realidadturistica.com\/realtur\/#organization"},"image":{"@id":"https:\/\/realidadturistica.com\/realtur\/se-presento-en-mexico-el-plan-de-eventos-de-cuba-para-el-periodo-2025-2026\/#primaryimage"},"thumbnailUrl":"https:\/\/realidadturistica.com\/realtur\/wp-content\/uploads\/2025\/09\/IMG-20250910-WA0003.png","articleSection":["MICE"],"inLanguage":"es","potentialAction":[{"@type":"CommentAction","name":"Comment","target":["https:\/\/realidadturistica.com\/realtur\/se-presento-en-mexico-el-plan-de-eventos-de-cuba-para-el-periodo-2025-2026\/#respond"]}]},{"@type":"WebPage","@id":"https:\/\/realidadturistica.com\/realtur\/se-presento-en-mexico-el-plan-de-eventos-de-cuba-para-el-periodo-2025-2026\/","url":"https:\/\/realidadturistica.com\/realtur\/se-presento-en-mexico-el-plan-de-eventos-de-cuba-para-el-periodo-2025-2026\/","name":"Se present\u00f3 en M\u00e9xico el Plan de Eventos de Cuba para el periodo 2025-2026 - Realidad Tur\u00edstica","isPartOf":{"@id":"https:\/\/realidadturistica.com\/realtur\/#website"},"primaryImageOfPage":{"@id":"https:\/\/realidadturistica.com\/realtur\/se-presento-en-mexico-el-plan-de-eventos-de-cuba-para-el-periodo-2025-2026\/#primaryimage"},"image":{"@id":"https:\/\/realidadturistica.com\/realtur\/se-presento-en-mexico-el-plan-de-eventos-de-cuba-para-el-periodo-2025-2026\/#primaryimage"},"thumbnailUrl":"https:\/\/realidadturistica.com\/realtur\/wp-content\/uploads\/2025\/09\/IMG-20250910-WA0003.png","datePublished":"2025-09-11T16:20:58+00:00","dateModified":"2025-09-11T16:21:01+00:00","breadcrumb":{"@id":"https:\/\/realidadturistica.com\/realtur\/se-presento-en-mexico-el-plan-de-eventos-de-cuba-para-el-periodo-2025-2026\/#breadcrumb"},"inLanguage":"es","potentialAction":[{"@type":"ReadAction","target":["https:\/\/realidadturistica.com\/realtur\/se-presento-en-mexico-el-plan-de-eventos-de-cuba-para-el-periodo-2025-2026\/"]}]},{"@type":"ImageObject","inLanguage":"es","@id":"https:\/\/realidadturistica.com\/realtur\/se-presento-en-mexico-el-plan-de-eventos-de-cuba-para-el-periodo-2025-2026\/#primaryimage","url":"https:\/\/realidadturistica.com\/realtur\/wp-content\/uploads\/2025\/09\/IMG-20250910-WA0003.png","contentUrl":"https:\/\/realidadturistica.com\/realtur\/wp-content\/uploads\/2025\/09\/IMG-20250910-WA0003.png","width":1280,"height":960},{"@type":"BreadcrumbList","@id":"https:\/\/realidadturistica.com\/realtur\/se-presento-en-mexico-el-plan-de-eventos-de-cuba-para-el-periodo-2025-2026\/#breadcrumb","itemListElement":[{"@type":"ListItem","position":1,"name":"Portada","item":"https:\/\/realidadturistica.com\/realtur\/"},{"@type":"ListItem","position":2,"name":"Se present\u00f3 en M\u00e9xico el Plan de Eventos de Cuba para el periodo 2025-2026"}]},{"@type":"WebSite","@id":"https:\/\/realidadturistica.com\/realtur\/#website","url":"https:\/\/realidadturistica.com\/realtur\/","name":"Realidad Tur\u00edstica","description":"","publisher":{"@id":"https:\/\/realidadturistica.com\/realtur\/#organization"},"potentialAction":[{"@type":"SearchAction","target":{"@type":"EntryPoint","urlTemplate":"https:\/\/realidadturistica.com\/realtur\/?s={search_term_string}"},"query-input":{"@type":"PropertyValueSpecification","valueRequired":true,"valueName":"search_term_string"}}],"inLanguage":"es"},{"@type":"Organization","@id":"https:\/\/realidadturistica.com\/realtur\/#organization","name":"Realidad Tur\u00edstica","url":"https:\/\/realidadturistica.com\/realtur\/","logo":{"@type":"ImageObject","inLanguage":"es","@id":"https:\/\/realidadturistica.com\/realtur\/#\/schema\/logo\/image\/","url":"https:\/\/realidadturistica.com\/realtur\/wp-content\/uploads\/2021\/12\/logotipo-realidad-turistica.png","contentUrl":"https:\/\/realidadturistica.com\/realtur\/wp-content\/uploads\/2021\/12\/logotipo-realidad-turistica.png","width":1382,"height":629,"caption":"Realidad Tur\u00edstica"},"image":{"@id":"https:\/\/realidadturistica.com\/realtur\/#\/schema\/logo\/image\/"},"sameAs":["https:\/\/www.facebook.com\/realidadturistica","https:\/\/www.instagram.com\/realidad_turistica\/"]},{"@type":"Person","@id":"https:\/\/realidadturistica.com\/realtur\/#\/schema\/person\/ade671191202490fcf08ab21590de73e","name":"Editor","image":{"@type":"ImageObject","inLanguage":"es","@id":"https:\/\/realidadturistica.com\/realtur\/wp-content\/uploads\/2023\/09\/Editor_avatar_1693668634-96x96.png","url":"https:\/\/realidadturistica.com\/realtur\/wp-content\/uploads\/2023\/09\/Editor_avatar_1693668634-96x96.png","contentUrl":"https:\/\/realidadturistica.com\/realtur\/wp-content\/uploads\/2023\/09\/Editor_avatar_1693668634-96x96.png","caption":"Editor"},"sameAs":["https:\/\/realidadturistica.com\/realtur"],"url":"https:\/\/realidadturistica.com\/realtur\/author\/editor2\/"}]}},"_links":{"self":[{"href":"https:\/\/realidadturistica.com\/realtur\/wp-json\/wp\/v2\/posts\/10697","targetHints":{"allow":["GET"]}}],"collection":[{"href":"https:\/\/realidadturistica.com\/realtur\/wp-json\/wp\/v2\/posts"}],"about":[{"href":"https:\/\/realidadturistica.com\/realtur\/wp-json\/wp\/v2\/types\/post"}],"author":[{"embeddable":true,"href":"https:\/\/realidadturistica.com\/realtur\/wp-json\/wp\/v2\/users\/2"}],"replies":[{"embeddable":true,"href":"https:\/\/realidadturistica.com\/realtur\/wp-json\/wp\/v2\/comments?post=10697"}],"version-history":[{"count":1,"href":"https:\/\/realidadturistica.com\/realtur\/wp-json\/wp\/v2\/posts\/10697\/revisions"}],"predecessor-version":[{"id":10705,"href":"https:\/\/realidadturistica.com\/realtur\/wp-json\/wp\/v2\/posts\/10697\/revisions\/10705"}],"wp:featuredmedia":[{"embeddable":true,"href":"https:\/\/realidadturistica.com\/realtur\/wp-json\/wp\/v2\/media\/10698"}],"wp:attachment":[{"href":"https:\/\/realidadturistica.com\/realtur\/wp-json\/wp\/v2\/media?parent=10697"}],"wp:term":[{"taxonomy":"category","embeddable":true,"href":"https:\/\/realidadturistica.com\/realtur\/wp-json\/wp\/v2\/categories?post=10697"},{"taxonomy":"post_tag","embeddable":true,"href":"https:\/\/realidadturistica.com\/realtur\/wp-json\/wp\/v2\/tags?post=10697"}],"curies":[{"name":"wp","href":"https:\/\/api.w.org\/{rel}","templated":true}]}}