{"id":10708,"date":"2025-09-12T15:32:28","date_gmt":"2025-09-12T15:32:28","guid":{"rendered":"https:\/\/realidadturistica.com\/realtur\/?p=10708"},"modified":"2025-09-12T15:32:30","modified_gmt":"2025-09-12T15:32:30","slug":"inaugurada-la-15-edicion-del-festival-internacional-varadero-gourmet","status":"publish","type":"post","link":"https:\/\/realidadturistica.com\/realtur\/inaugurada-la-15-edicion-del-festival-internacional-varadero-gourmet\/","title":{"rendered":"Inaugurada la 15 edici\u00f3n del Festival Internacional Varadero Gourmet"},"content":{"rendered":"\n<p class=\"wp-block-yoast-seo-estimated-reading-time yoast-reading-time__wrapper\"><span class=\"yoast-reading-time__icon\"><svg aria-hidden=\"true\" focusable=\"false\" data-icon=\"clock\" width=\"20\" height=\"20\" fill=\"none\" stroke=\"currentColor\" style=\"display:inline-block;vertical-align:-0.1em\" role=\"img\" xmlns=\"http:\/\/www.w3.org\/2000\/svg\" viewBox=\"0 0 24 24\"><path stroke-linecap=\"round\" stroke-linejoin=\"round\" stroke-width=\"2\" d=\"M12 8v4l3 3m6-3a9 9 0 11-18 0 9 9 0 0118 0z\"><\/path><\/svg><\/span><span class=\"yoast-reading-time__spacer\" style=\"display:inline-block;width:1em\"><\/span><span class=\"yoast-reading-time__descriptive-text\">Estimated reading time: <\/span><span class=\"yoast-reading-time__reading-time\">3<\/span><span class=\"yoast-reading-time__time-unit\"> minutos<\/span><\/p>\n\n\n\n<p>Cuba. En el Centro de Convenciones Plaza Am\u00e9rica del balneario m\u00e1s famoso de Cuba abri\u00f3 sus puertas un evento que promueve la actualizaci\u00f3n de conocimientos, el intercambio entre profesionales y la confrontaci\u00f3n amistosa sobre habilidades y pr\u00e1cticas del arte culinario: la edici\u00f3n 15 del Varadero Gourmet.<\/p>\n\n\n\n<p>Con el tema \u201cSabores sin fronteras. La magia de la cocina fusi\u00f3n con alma cubana\u201d, este certamen pretende lograr que las tradiciones culinarias cubanas, las de la familia, las de la infancia, se socialicen y puedan internacionalizarse.<\/p>\n\n\n\n<figure class=\"wp-block-gallery has-nested-images columns-default is-cropped wp-block-gallery-1 is-layout-flex wp-block-gallery-is-layout-flex\">\n<figure class=\"wp-block-image size-large\"><img fetchpriority=\"high\" decoding=\"async\" width=\"1024\" height=\"917\" data-id=\"10710\" src=\"https:\/\/realidadturistica.com\/realtur\/wp-content\/uploads\/2025\/09\/Inaugurada1-1024x917.jpg\" alt=\"\" class=\"wp-image-10710\" srcset=\"https:\/\/realidadturistica.com\/realtur\/wp-content\/uploads\/2025\/09\/Inaugurada1-1024x917.jpg 1024w, https:\/\/realidadturistica.com\/realtur\/wp-content\/uploads\/2025\/09\/Inaugurada1-300x269.jpg 300w, https:\/\/realidadturistica.com\/realtur\/wp-content\/uploads\/2025\/09\/Inaugurada1-768x688.jpg 768w, https:\/\/realidadturistica.com\/realtur\/wp-content\/uploads\/2025\/09\/Inaugurada1-585x524.jpg 585w, https:\/\/realidadturistica.com\/realtur\/wp-content\/uploads\/2025\/09\/Inaugurada1.jpg 1080w\" sizes=\"(max-width: 1024px) 100vw, 1024px\" \/><figcaption class=\"wp-element-caption\">Adalberto Venero, vicemiistro del Mintur<\/figcaption><\/figure>\n\n\n\n<figure class=\"wp-block-image size-large\"><img decoding=\"async\" width=\"1020\" height=\"765\" data-id=\"10711\" src=\"https:\/\/realidadturistica.com\/realtur\/wp-content\/uploads\/2025\/09\/Inaugurada2.jpg\" alt=\"\" class=\"wp-image-10711\" srcset=\"https:\/\/realidadturistica.com\/realtur\/wp-content\/uploads\/2025\/09\/Inaugurada2.jpg 1020w, https:\/\/realidadturistica.com\/realtur\/wp-content\/uploads\/2025\/09\/Inaugurada2-300x225.jpg 300w, https:\/\/realidadturistica.com\/realtur\/wp-content\/uploads\/2025\/09\/Inaugurada2-768x576.jpg 768w, https:\/\/realidadturistica.com\/realtur\/wp-content\/uploads\/2025\/09\/Inaugurada2-585x439.jpg 585w\" sizes=\"(max-width: 1020px) 100vw, 1020px\" \/><figcaption class=\"wp-element-caption\">L\u00e1zaro Dari\u00e9n Casabella, director de Palmares<\/figcaption><\/figure>\n<\/figure>\n\n\n\n<p>Al dejar inaugurado el evento, L\u00e1zaro Dari\u00e9n Casabella, Director General de la Empresa Extrahotelera Palmares S.A y presidente del Comit\u00e9 Organizador&nbsp; del evento se\u00f1al\u00f3 que \u201cla magia de que una receta pueda tener una historia de viajes de sue\u00f1os y de encuentros, y en el centro de la fusi\u00f3n late el alma cubana que lo impregna de todo, eso pretende ser con esp\u00edritu renovado este Varadero Gourmet que llega a su 15 edici\u00f3n\u201d.<\/p>\n\n\n\n<p>Por su parte al intervenir para declarar oficialmente abiertas las sesiones, Alberto Venero Lemus, viceministro de Turismo, dijo que \u201cesas son las experiencias que demanda el turismo internacional, esas que son aut\u00f3ctonas que conforman nuestra herencia, nuestra ra\u00edz, nuestra historia, nuestra cultura\u201d. Asimismo, anunci\u00f3 el 1er Taller Internacional de Franquicias organizado por Palmares, dedicado a explorar oportunidades de negocios, la estandarizaci\u00f3n de la calidad y el potencial de llevar la cocina cubana y de fusi\u00f3n al mundo, a trav\u00e9s de un modelo comercial que son las franquicias\u201d.<\/p>\n\n\n\n<p>A la sesi\u00f3n de apertura asistieron Liubersy P\u00e9rez, Presidenta del Grupo&nbsp; Empresarial CUBASOL, junto al delegado del turismo en el polo, Luis Mart\u00ednez y el Presidente de la Federaci\u00f3n Culinaria de Cuba, el chef Sergio Eduardo Chinea.<\/p>\n\n\n\n<figure class=\"wp-block-gallery has-nested-images columns-default is-cropped wp-block-gallery-2 is-layout-flex wp-block-gallery-is-layout-flex\">\n<figure class=\"wp-block-image size-large\"><img decoding=\"async\" width=\"1020\" height=\"765\" data-id=\"10712\" src=\"https:\/\/realidadturistica.com\/realtur\/wp-content\/uploads\/2025\/09\/Unknown-2.jpeg\" alt=\"\" class=\"wp-image-10712\" srcset=\"https:\/\/realidadturistica.com\/realtur\/wp-content\/uploads\/2025\/09\/Unknown-2.jpeg 1020w, https:\/\/realidadturistica.com\/realtur\/wp-content\/uploads\/2025\/09\/Unknown-2-300x225.jpeg 300w, https:\/\/realidadturistica.com\/realtur\/wp-content\/uploads\/2025\/09\/Unknown-2-768x576.jpeg 768w, https:\/\/realidadturistica.com\/realtur\/wp-content\/uploads\/2025\/09\/Unknown-2-585x439.jpeg 585w\" sizes=\"(max-width: 1020px) 100vw, 1020px\" \/><figcaption class=\"wp-element-caption\">Maestros de la cocina cubana, participantes en el evento<\/figcaption><\/figure>\n<\/figure>\n\n\n\n<p>Como parte del programa del primer d\u00eda los participantes escucharon&nbsp; la conferencia magistral \u201cDos cocinas: cubana y espa\u00f1ola y su fusi\u00f3n que ofreci\u00f3 Miguel Angel Jim\u00e9nez, Chef Corporativo del grupo hotelero Iberostar en Cuba. Otras de las actividades previstas fueron: la masterclass \u201ccasabe: el arte de hacer casabe por el chef Omar Rodr\u00edguez Jim\u00e9nez del restaurante La Filarm\u00f3nica; la competencia de animaci\u00f3n del grupo hotelero Gran Caribe; la competencia de cocina; el panel \u201cgastronom\u00eda inclusiva. Delicias para compartir\u00bb y la degustaci\u00f3n de una canch\u00e1nchara gigante para cerrar el primer d\u00eda.<\/p>\n\n\n\n<p>Hasta el 13 de septiembre, los participantes podr\u00e1n disfrutar de clases magistrales, competencias, presentaciones, maridajes en esta significativa cita de la cultura gastron\u00f3mica.<\/p>\n\n\n\n<p><a href=\"https:\/\/newsinamerica.com\/pdcc\/turismo\/2025\/inaugurada-la-15-edicion-del-festival-internacional-varadero-gourmet\/\">Peri\u00f3dico Digital Centroamericano y del Caribe<\/a><\/p>\n\n\n\n<p><\/p>\n","protected":false},"excerpt":{"rendered":"<p>Cuba. En el Centro de Convenciones Plaza Am\u00e9rica del balneario m\u00e1s famoso de Cuba abri\u00f3 sus puertas un evento que promueve la actualizaci\u00f3n de conocimientos,&hellip;<\/p>\n","protected":false},"author":2,"featured_media":10709,"comment_status":"open","ping_status":"closed","sticky":false,"template":"","format":"standard","meta":{"content-type":"","_lmt_disableupdate":"","_lmt_disable":"","footnotes":""},"categories":[3],"tags":[],"class_list":["post-10708","post","type-post","status-publish","format-standard","has-post-thumbnail","hentry","category-cocina"],"yoast_head":"<!-- This site is optimized with the Yoast SEO Premium plugin v27.4 (Yoast SEO v27.4) - https:\/\/yoast.com\/product\/yoast-seo-premium-wordpress\/ -->\n<title>Inaugurada la 15 edici\u00f3n del Festival Internacional Varadero Gourmet - Realidad Tur\u00edstica<\/title>\n<meta name=\"robots\" content=\"index, follow, max-snippet:-1, max-image-preview:large, max-video-preview:-1\" \/>\n<link rel=\"canonical\" href=\"https:\/\/realidadturistica.com\/realtur\/inaugurada-la-15-edicion-del-festival-internacional-varadero-gourmet\/\" \/>\n<meta property=\"og:locale\" content=\"es_ES\" \/>\n<meta property=\"og:type\" content=\"article\" \/>\n<meta property=\"og:title\" content=\"Inaugurada la 15 edici\u00f3n del Festival Internacional Varadero Gourmet\" \/>\n<meta property=\"og:description\" content=\"Cuba. En el Centro de Convenciones Plaza Am\u00e9rica del balneario m\u00e1s famoso de Cuba abri\u00f3 sus puertas un evento que promueve la actualizaci\u00f3n de conocimientos,&hellip;\" \/>\n<meta property=\"og:url\" content=\"https:\/\/realidadturistica.com\/realtur\/inaugurada-la-15-edicion-del-festival-internacional-varadero-gourmet\/\" \/>\n<meta property=\"og:site_name\" content=\"Realidad Tur\u00edstica\" \/>\n<meta property=\"article:publisher\" content=\"https:\/\/www.facebook.com\/realidadturistica\" \/>\n<meta property=\"article:published_time\" content=\"2025-09-12T15:32:28+00:00\" \/>\n<meta property=\"article:modified_time\" content=\"2025-09-12T15:32:30+00:00\" \/>\n<meta property=\"og:image\" content=\"https:\/\/realidadturistica.com\/realtur\/wp-content\/uploads\/2025\/09\/Inaugurada-la-15.jpg\" \/>\n\t<meta property=\"og:image:width\" content=\"1020\" \/>\n\t<meta property=\"og:image:height\" content=\"765\" \/>\n\t<meta property=\"og:image:type\" content=\"image\/jpeg\" \/>\n<meta name=\"author\" content=\"Editor\" \/>\n<meta name=\"twitter:card\" content=\"summary_large_image\" \/>\n<meta name=\"twitter:label1\" content=\"Escrito por\" \/>\n\t<meta name=\"twitter:data1\" content=\"Editor\" \/>\n\t<meta name=\"twitter:label2\" content=\"Tiempo de lectura\" \/>\n\t<meta name=\"twitter:data2\" content=\"3 minutos\" \/>\n<script type=\"application\/ld+json\" class=\"yoast-schema-graph\">{\"@context\":\"https:\\\/\\\/schema.org\",\"@graph\":[{\"@type\":\"Article\",\"@id\":\"https:\\\/\\\/realidadturistica.com\\\/realtur\\\/inaugurada-la-15-edicion-del-festival-internacional-varadero-gourmet\\\/#article\",\"isPartOf\":{\"@id\":\"https:\\\/\\\/realidadturistica.com\\\/realtur\\\/inaugurada-la-15-edicion-del-festival-internacional-varadero-gourmet\\\/\"},\"author\":{\"name\":\"Editor\",\"@id\":\"https:\\\/\\\/realidadturistica.com\\\/realtur\\\/#\\\/schema\\\/person\\\/ade671191202490fcf08ab21590de73e\"},\"headline\":\"Inaugurada la 15 edici\u00f3n del Festival Internacional Varadero Gourmet\",\"datePublished\":\"2025-09-12T15:32:28+00:00\",\"dateModified\":\"2025-09-12T15:32:30+00:00\",\"mainEntityOfPage\":{\"@id\":\"https:\\\/\\\/realidadturistica.com\\\/realtur\\\/inaugurada-la-15-edicion-del-festival-internacional-varadero-gourmet\\\/\"},\"wordCount\":473,\"commentCount\":0,\"publisher\":{\"@id\":\"https:\\\/\\\/realidadturistica.com\\\/realtur\\\/#organization\"},\"image\":{\"@id\":\"https:\\\/\\\/realidadturistica.com\\\/realtur\\\/inaugurada-la-15-edicion-del-festival-internacional-varadero-gourmet\\\/#primaryimage\"},\"thumbnailUrl\":\"https:\\\/\\\/realidadturistica.com\\\/realtur\\\/wp-content\\\/uploads\\\/2025\\\/09\\\/Inaugurada-la-15.jpg\",\"articleSection\":[\"Rinc\u00f3n de Cocina\"],\"inLanguage\":\"es\",\"potentialAction\":[{\"@type\":\"CommentAction\",\"name\":\"Comment\",\"target\":[\"https:\\\/\\\/realidadturistica.com\\\/realtur\\\/inaugurada-la-15-edicion-del-festival-internacional-varadero-gourmet\\\/#respond\"]}]},{\"@type\":\"WebPage\",\"@id\":\"https:\\\/\\\/realidadturistica.com\\\/realtur\\\/inaugurada-la-15-edicion-del-festival-internacional-varadero-gourmet\\\/\",\"url\":\"https:\\\/\\\/realidadturistica.com\\\/realtur\\\/inaugurada-la-15-edicion-del-festival-internacional-varadero-gourmet\\\/\",\"name\":\"Inaugurada la 15 edici\u00f3n del Festival Internacional Varadero Gourmet - Realidad Tur\u00edstica\",\"isPartOf\":{\"@id\":\"https:\\\/\\\/realidadturistica.com\\\/realtur\\\/#website\"},\"primaryImageOfPage\":{\"@id\":\"https:\\\/\\\/realidadturistica.com\\\/realtur\\\/inaugurada-la-15-edicion-del-festival-internacional-varadero-gourmet\\\/#primaryimage\"},\"image\":{\"@id\":\"https:\\\/\\\/realidadturistica.com\\\/realtur\\\/inaugurada-la-15-edicion-del-festival-internacional-varadero-gourmet\\\/#primaryimage\"},\"thumbnailUrl\":\"https:\\\/\\\/realidadturistica.com\\\/realtur\\\/wp-content\\\/uploads\\\/2025\\\/09\\\/Inaugurada-la-15.jpg\",\"datePublished\":\"2025-09-12T15:32:28+00:00\",\"dateModified\":\"2025-09-12T15:32:30+00:00\",\"breadcrumb\":{\"@id\":\"https:\\\/\\\/realidadturistica.com\\\/realtur\\\/inaugurada-la-15-edicion-del-festival-internacional-varadero-gourmet\\\/#breadcrumb\"},\"inLanguage\":\"es\",\"potentialAction\":[{\"@type\":\"ReadAction\",\"target\":[\"https:\\\/\\\/realidadturistica.com\\\/realtur\\\/inaugurada-la-15-edicion-del-festival-internacional-varadero-gourmet\\\/\"]}]},{\"@type\":\"ImageObject\",\"inLanguage\":\"es\",\"@id\":\"https:\\\/\\\/realidadturistica.com\\\/realtur\\\/inaugurada-la-15-edicion-del-festival-internacional-varadero-gourmet\\\/#primaryimage\",\"url\":\"https:\\\/\\\/realidadturistica.com\\\/realtur\\\/wp-content\\\/uploads\\\/2025\\\/09\\\/Inaugurada-la-15.jpg\",\"contentUrl\":\"https:\\\/\\\/realidadturistica.com\\\/realtur\\\/wp-content\\\/uploads\\\/2025\\\/09\\\/Inaugurada-la-15.jpg\",\"width\":1020,\"height\":765},{\"@type\":\"BreadcrumbList\",\"@id\":\"https:\\\/\\\/realidadturistica.com\\\/realtur\\\/inaugurada-la-15-edicion-del-festival-internacional-varadero-gourmet\\\/#breadcrumb\",\"itemListElement\":[{\"@type\":\"ListItem\",\"position\":1,\"name\":\"Portada\",\"item\":\"https:\\\/\\\/realidadturistica.com\\\/realtur\\\/\"},{\"@type\":\"ListItem\",\"position\":2,\"name\":\"Inaugurada la 15 edici\u00f3n del Festival Internacional Varadero Gourmet\"}]},{\"@type\":\"WebSite\",\"@id\":\"https:\\\/\\\/realidadturistica.com\\\/realtur\\\/#website\",\"url\":\"https:\\\/\\\/realidadturistica.com\\\/realtur\\\/\",\"name\":\"Realidad Tur\u00edstica\",\"description\":\"\",\"publisher\":{\"@id\":\"https:\\\/\\\/realidadturistica.com\\\/realtur\\\/#organization\"},\"potentialAction\":[{\"@type\":\"SearchAction\",\"target\":{\"@type\":\"EntryPoint\",\"urlTemplate\":\"https:\\\/\\\/realidadturistica.com\\\/realtur\\\/?s={search_term_string}\"},\"query-input\":{\"@type\":\"PropertyValueSpecification\",\"valueRequired\":true,\"valueName\":\"search_term_string\"}}],\"inLanguage\":\"es\"},{\"@type\":\"Organization\",\"@id\":\"https:\\\/\\\/realidadturistica.com\\\/realtur\\\/#organization\",\"name\":\"Realidad Tur\u00edstica\",\"url\":\"https:\\\/\\\/realidadturistica.com\\\/realtur\\\/\",\"logo\":{\"@type\":\"ImageObject\",\"inLanguage\":\"es\",\"@id\":\"https:\\\/\\\/realidadturistica.com\\\/realtur\\\/#\\\/schema\\\/logo\\\/image\\\/\",\"url\":\"https:\\\/\\\/realidadturistica.com\\\/realtur\\\/wp-content\\\/uploads\\\/2021\\\/12\\\/logotipo-realidad-turistica.png\",\"contentUrl\":\"https:\\\/\\\/realidadturistica.com\\\/realtur\\\/wp-content\\\/uploads\\\/2021\\\/12\\\/logotipo-realidad-turistica.png\",\"width\":1382,\"height\":629,\"caption\":\"Realidad Tur\u00edstica\"},\"image\":{\"@id\":\"https:\\\/\\\/realidadturistica.com\\\/realtur\\\/#\\\/schema\\\/logo\\\/image\\\/\"},\"sameAs\":[\"https:\\\/\\\/www.facebook.com\\\/realidadturistica\",\"https:\\\/\\\/www.instagram.com\\\/realidad_turistica\\\/\"]},{\"@type\":\"Person\",\"@id\":\"https:\\\/\\\/realidadturistica.com\\\/realtur\\\/#\\\/schema\\\/person\\\/ade671191202490fcf08ab21590de73e\",\"name\":\"Editor\",\"image\":{\"@type\":\"ImageObject\",\"inLanguage\":\"es\",\"@id\":\"https:\\\/\\\/realidadturistica.com\\\/realtur\\\/wp-content\\\/uploads\\\/2023\\\/09\\\/Editor_avatar_1693668634-96x96.png\",\"url\":\"https:\\\/\\\/realidadturistica.com\\\/realtur\\\/wp-content\\\/uploads\\\/2023\\\/09\\\/Editor_avatar_1693668634-96x96.png\",\"contentUrl\":\"https:\\\/\\\/realidadturistica.com\\\/realtur\\\/wp-content\\\/uploads\\\/2023\\\/09\\\/Editor_avatar_1693668634-96x96.png\",\"caption\":\"Editor\"},\"sameAs\":[\"https:\\\/\\\/realidadturistica.com\\\/realtur\"],\"url\":\"https:\\\/\\\/realidadturistica.com\\\/realtur\\\/author\\\/editor2\\\/\"}]}<\/script>\n<!-- \/ Yoast SEO Premium plugin. -->","yoast_head_json":{"title":"Inaugurada la 15 edici\u00f3n del Festival Internacional Varadero Gourmet - Realidad Tur\u00edstica","robots":{"index":"index","follow":"follow","max-snippet":"max-snippet:-1","max-image-preview":"max-image-preview:large","max-video-preview":"max-video-preview:-1"},"canonical":"https:\/\/realidadturistica.com\/realtur\/inaugurada-la-15-edicion-del-festival-internacional-varadero-gourmet\/","og_locale":"es_ES","og_type":"article","og_title":"Inaugurada la 15 edici\u00f3n del Festival Internacional Varadero Gourmet","og_description":"Cuba. En el Centro de Convenciones Plaza Am\u00e9rica del balneario m\u00e1s famoso de Cuba abri\u00f3 sus puertas un evento que promueve la actualizaci\u00f3n de conocimientos,&hellip;","og_url":"https:\/\/realidadturistica.com\/realtur\/inaugurada-la-15-edicion-del-festival-internacional-varadero-gourmet\/","og_site_name":"Realidad Tur\u00edstica","article_publisher":"https:\/\/www.facebook.com\/realidadturistica","article_published_time":"2025-09-12T15:32:28+00:00","article_modified_time":"2025-09-12T15:32:30+00:00","og_image":[{"width":1020,"height":765,"url":"https:\/\/realidadturistica.com\/realtur\/wp-content\/uploads\/2025\/09\/Inaugurada-la-15.jpg","type":"image\/jpeg"}],"author":"Editor","twitter_card":"summary_large_image","twitter_misc":{"Escrito por":"Editor","Tiempo de lectura":"3 minutos"},"schema":{"@context":"https:\/\/schema.org","@graph":[{"@type":"Article","@id":"https:\/\/realidadturistica.com\/realtur\/inaugurada-la-15-edicion-del-festival-internacional-varadero-gourmet\/#article","isPartOf":{"@id":"https:\/\/realidadturistica.com\/realtur\/inaugurada-la-15-edicion-del-festival-internacional-varadero-gourmet\/"},"author":{"name":"Editor","@id":"https:\/\/realidadturistica.com\/realtur\/#\/schema\/person\/ade671191202490fcf08ab21590de73e"},"headline":"Inaugurada la 15 edici\u00f3n del Festival Internacional Varadero Gourmet","datePublished":"2025-09-12T15:32:28+00:00","dateModified":"2025-09-12T15:32:30+00:00","mainEntityOfPage":{"@id":"https:\/\/realidadturistica.com\/realtur\/inaugurada-la-15-edicion-del-festival-internacional-varadero-gourmet\/"},"wordCount":473,"commentCount":0,"publisher":{"@id":"https:\/\/realidadturistica.com\/realtur\/#organization"},"image":{"@id":"https:\/\/realidadturistica.com\/realtur\/inaugurada-la-15-edicion-del-festival-internacional-varadero-gourmet\/#primaryimage"},"thumbnailUrl":"https:\/\/realidadturistica.com\/realtur\/wp-content\/uploads\/2025\/09\/Inaugurada-la-15.jpg","articleSection":["Rinc\u00f3n de Cocina"],"inLanguage":"es","potentialAction":[{"@type":"CommentAction","name":"Comment","target":["https:\/\/realidadturistica.com\/realtur\/inaugurada-la-15-edicion-del-festival-internacional-varadero-gourmet\/#respond"]}]},{"@type":"WebPage","@id":"https:\/\/realidadturistica.com\/realtur\/inaugurada-la-15-edicion-del-festival-internacional-varadero-gourmet\/","url":"https:\/\/realidadturistica.com\/realtur\/inaugurada-la-15-edicion-del-festival-internacional-varadero-gourmet\/","name":"Inaugurada la 15 edici\u00f3n del Festival Internacional Varadero Gourmet - Realidad Tur\u00edstica","isPartOf":{"@id":"https:\/\/realidadturistica.com\/realtur\/#website"},"primaryImageOfPage":{"@id":"https:\/\/realidadturistica.com\/realtur\/inaugurada-la-15-edicion-del-festival-internacional-varadero-gourmet\/#primaryimage"},"image":{"@id":"https:\/\/realidadturistica.com\/realtur\/inaugurada-la-15-edicion-del-festival-internacional-varadero-gourmet\/#primaryimage"},"thumbnailUrl":"https:\/\/realidadturistica.com\/realtur\/wp-content\/uploads\/2025\/09\/Inaugurada-la-15.jpg","datePublished":"2025-09-12T15:32:28+00:00","dateModified":"2025-09-12T15:32:30+00:00","breadcrumb":{"@id":"https:\/\/realidadturistica.com\/realtur\/inaugurada-la-15-edicion-del-festival-internacional-varadero-gourmet\/#breadcrumb"},"inLanguage":"es","potentialAction":[{"@type":"ReadAction","target":["https:\/\/realidadturistica.com\/realtur\/inaugurada-la-15-edicion-del-festival-internacional-varadero-gourmet\/"]}]},{"@type":"ImageObject","inLanguage":"es","@id":"https:\/\/realidadturistica.com\/realtur\/inaugurada-la-15-edicion-del-festival-internacional-varadero-gourmet\/#primaryimage","url":"https:\/\/realidadturistica.com\/realtur\/wp-content\/uploads\/2025\/09\/Inaugurada-la-15.jpg","contentUrl":"https:\/\/realidadturistica.com\/realtur\/wp-content\/uploads\/2025\/09\/Inaugurada-la-15.jpg","width":1020,"height":765},{"@type":"BreadcrumbList","@id":"https:\/\/realidadturistica.com\/realtur\/inaugurada-la-15-edicion-del-festival-internacional-varadero-gourmet\/#breadcrumb","itemListElement":[{"@type":"ListItem","position":1,"name":"Portada","item":"https:\/\/realidadturistica.com\/realtur\/"},{"@type":"ListItem","position":2,"name":"Inaugurada la 15 edici\u00f3n del Festival Internacional Varadero Gourmet"}]},{"@type":"WebSite","@id":"https:\/\/realidadturistica.com\/realtur\/#website","url":"https:\/\/realidadturistica.com\/realtur\/","name":"Realidad Tur\u00edstica","description":"","publisher":{"@id":"https:\/\/realidadturistica.com\/realtur\/#organization"},"potentialAction":[{"@type":"SearchAction","target":{"@type":"EntryPoint","urlTemplate":"https:\/\/realidadturistica.com\/realtur\/?s={search_term_string}"},"query-input":{"@type":"PropertyValueSpecification","valueRequired":true,"valueName":"search_term_string"}}],"inLanguage":"es"},{"@type":"Organization","@id":"https:\/\/realidadturistica.com\/realtur\/#organization","name":"Realidad Tur\u00edstica","url":"https:\/\/realidadturistica.com\/realtur\/","logo":{"@type":"ImageObject","inLanguage":"es","@id":"https:\/\/realidadturistica.com\/realtur\/#\/schema\/logo\/image\/","url":"https:\/\/realidadturistica.com\/realtur\/wp-content\/uploads\/2021\/12\/logotipo-realidad-turistica.png","contentUrl":"https:\/\/realidadturistica.com\/realtur\/wp-content\/uploads\/2021\/12\/logotipo-realidad-turistica.png","width":1382,"height":629,"caption":"Realidad Tur\u00edstica"},"image":{"@id":"https:\/\/realidadturistica.com\/realtur\/#\/schema\/logo\/image\/"},"sameAs":["https:\/\/www.facebook.com\/realidadturistica","https:\/\/www.instagram.com\/realidad_turistica\/"]},{"@type":"Person","@id":"https:\/\/realidadturistica.com\/realtur\/#\/schema\/person\/ade671191202490fcf08ab21590de73e","name":"Editor","image":{"@type":"ImageObject","inLanguage":"es","@id":"https:\/\/realidadturistica.com\/realtur\/wp-content\/uploads\/2023\/09\/Editor_avatar_1693668634-96x96.png","url":"https:\/\/realidadturistica.com\/realtur\/wp-content\/uploads\/2023\/09\/Editor_avatar_1693668634-96x96.png","contentUrl":"https:\/\/realidadturistica.com\/realtur\/wp-content\/uploads\/2023\/09\/Editor_avatar_1693668634-96x96.png","caption":"Editor"},"sameAs":["https:\/\/realidadturistica.com\/realtur"],"url":"https:\/\/realidadturistica.com\/realtur\/author\/editor2\/"}]}},"_links":{"self":[{"href":"https:\/\/realidadturistica.com\/realtur\/wp-json\/wp\/v2\/posts\/10708","targetHints":{"allow":["GET"]}}],"collection":[{"href":"https:\/\/realidadturistica.com\/realtur\/wp-json\/wp\/v2\/posts"}],"about":[{"href":"https:\/\/realidadturistica.com\/realtur\/wp-json\/wp\/v2\/types\/post"}],"author":[{"embeddable":true,"href":"https:\/\/realidadturistica.com\/realtur\/wp-json\/wp\/v2\/users\/2"}],"replies":[{"embeddable":true,"href":"https:\/\/realidadturistica.com\/realtur\/wp-json\/wp\/v2\/comments?post=10708"}],"version-history":[{"count":2,"href":"https:\/\/realidadturistica.com\/realtur\/wp-json\/wp\/v2\/posts\/10708\/revisions"}],"predecessor-version":[{"id":10715,"href":"https:\/\/realidadturistica.com\/realtur\/wp-json\/wp\/v2\/posts\/10708\/revisions\/10715"}],"wp:featuredmedia":[{"embeddable":true,"href":"https:\/\/realidadturistica.com\/realtur\/wp-json\/wp\/v2\/media\/10709"}],"wp:attachment":[{"href":"https:\/\/realidadturistica.com\/realtur\/wp-json\/wp\/v2\/media?parent=10708"}],"wp:term":[{"taxonomy":"category","embeddable":true,"href":"https:\/\/realidadturistica.com\/realtur\/wp-json\/wp\/v2\/categories?post=10708"},{"taxonomy":"post_tag","embeddable":true,"href":"https:\/\/realidadturistica.com\/realtur\/wp-json\/wp\/v2\/tags?post=10708"}],"curies":[{"name":"wp","href":"https:\/\/api.w.org\/{rel}","templated":true}]}}