{"id":10716,"date":"2025-09-12T15:53:26","date_gmt":"2025-09-12T15:53:26","guid":{"rendered":"https:\/\/realidadturistica.com\/realtur\/?p=10716"},"modified":"2025-09-12T15:53:28","modified_gmt":"2025-09-12T15:53:28","slug":"yucatan-en-el-catalogo-de-experiencias-de-turismo-comunitario-viajes-por-el-mundo-maya","status":"publish","type":"post","link":"https:\/\/realidadturistica.com\/realtur\/yucatan-en-el-catalogo-de-experiencias-de-turismo-comunitario-viajes-por-el-mundo-maya\/","title":{"rendered":"Yucat\u00e1n en el cat\u00e1logo de experiencias de turismo comunitario \u201cViajes por el Mundo Maya\u201d"},"content":{"rendered":"\n<p class=\"wp-block-yoast-seo-estimated-reading-time yoast-reading-time__wrapper\"><span class=\"yoast-reading-time__icon\"><svg aria-hidden=\"true\" focusable=\"false\" data-icon=\"clock\" width=\"20\" height=\"20\" fill=\"none\" stroke=\"currentColor\" style=\"display:inline-block;vertical-align:-0.1em\" role=\"img\" xmlns=\"http:\/\/www.w3.org\/2000\/svg\" viewBox=\"0 0 24 24\"><path stroke-linecap=\"round\" stroke-linejoin=\"round\" stroke-width=\"2\" d=\"M12 8v4l3 3m6-3a9 9 0 11-18 0 9 9 0 0118 0z\"><\/path><\/svg><\/span><span class=\"yoast-reading-time__spacer\" style=\"display:inline-block;width:1em\"><\/span><span class=\"yoast-reading-time__descriptive-text\">Estimated reading time: <\/span><span class=\"yoast-reading-time__reading-time\">4<\/span><span class=\"yoast-reading-time__time-unit\"> minutos<\/span><\/p>\n\n\n\n<p>M\u00e9xico. Con 11 propuestas que forman parte de las rutas interestatales Puuc y Guerra de Castas, la entidad se consolida como referente en turismo comunitario y sostenible.<\/p>\n\n\n\n<p>Con 11 propuestas de turismo comunitario que ponen en valor la autenticidad de la cocina yucateca, la sabidur\u00eda de los meliponarios, el bordado y las riquezas naturales \u00fanicas de la entidad, Yucat\u00e1n destaca en el cat\u00e1logo \u201cViajes por el Mundo Maya\u201d, que integra experiencias de cinco estados de esta regi\u00f3n.<\/p>\n\n\n\n<figure class=\"wp-block-image size-large\"><img fetchpriority=\"high\" decoding=\"async\" width=\"1024\" height=\"585\" src=\"https:\/\/realidadturistica.com\/realtur\/wp-content\/uploads\/2025\/09\/Unknown-3-1024x585.jpeg\" alt=\"\" class=\"wp-image-10718\" srcset=\"https:\/\/realidadturistica.com\/realtur\/wp-content\/uploads\/2025\/09\/Unknown-3-1024x585.jpeg 1024w, https:\/\/realidadturistica.com\/realtur\/wp-content\/uploads\/2025\/09\/Unknown-3-300x171.jpeg 300w, https:\/\/realidadturistica.com\/realtur\/wp-content\/uploads\/2025\/09\/Unknown-3-768x439.jpeg 768w, https:\/\/realidadturistica.com\/realtur\/wp-content\/uploads\/2025\/09\/Unknown-3-1536x877.jpeg 1536w, https:\/\/realidadturistica.com\/realtur\/wp-content\/uploads\/2025\/09\/Unknown-3-1170x668.jpeg 1170w, https:\/\/realidadturistica.com\/realtur\/wp-content\/uploads\/2025\/09\/Unknown-3-585x334.jpeg 585w, https:\/\/realidadturistica.com\/realtur\/wp-content\/uploads\/2025\/09\/Unknown-3.jpeg 1600w\" sizes=\"(max-width: 1024px) 100vw, 1024px\" \/><\/figure>\n\n\n\n<p>La presentaci\u00f3n tuvo lugar en la localidad de Tihosuco, municipio de Felipe Carrillo Puerto, Quintana Roo, encabezada por la secretaria de Turismo (Sectur) del Gobierno de M\u00e9xico, Josefina Rodr\u00edguez Zamora, junto con la gobernadora del estado anfitri\u00f3n, Mara Lezama Espinosa, representantes de la Unesco en M\u00e9xico y de la Organizaci\u00f3n Mundo Maya, as\u00ed como autoridades estatales y municipales.<\/p>\n\n\n\n<p>En representaci\u00f3n del Gobierno de Joaqu\u00edn D\u00edaz Mena, asisti\u00f3 el subsecretario de Desarrollo Tur\u00edstico Sustentable, Ra\u00fal Paz Noriega, quien atestigu\u00f3 la presentaci\u00f3n en la que Yucat\u00e1n figura como ejemplo de buenas pr\u00e1cticas de turismo comunitario.<\/p>\n\n\n\n<figure class=\"wp-block-image size-large\"><img decoding=\"async\" width=\"1024\" height=\"685\" src=\"https:\/\/realidadturistica.com\/realtur\/wp-content\/uploads\/2025\/09\/Yucatan-en-1024x685.jpg\" alt=\"\" class=\"wp-image-10719\" srcset=\"https:\/\/realidadturistica.com\/realtur\/wp-content\/uploads\/2025\/09\/Yucatan-en-1024x685.jpg 1024w, https:\/\/realidadturistica.com\/realtur\/wp-content\/uploads\/2025\/09\/Yucatan-en-300x201.jpg 300w, https:\/\/realidadturistica.com\/realtur\/wp-content\/uploads\/2025\/09\/Yucatan-en-768x514.jpg 768w, https:\/\/realidadturistica.com\/realtur\/wp-content\/uploads\/2025\/09\/Yucatan-en-1536x1028.jpg 1536w, https:\/\/realidadturistica.com\/realtur\/wp-content\/uploads\/2025\/09\/Yucatan-en-1170x783.jpg 1170w, https:\/\/realidadturistica.com\/realtur\/wp-content\/uploads\/2025\/09\/Yucatan-en-585x392.jpg 585w, https:\/\/realidadturistica.com\/realtur\/wp-content\/uploads\/2025\/09\/Yucatan-en-263x175.jpg 263w, https:\/\/realidadturistica.com\/realtur\/wp-content\/uploads\/2025\/09\/Yucatan-en.jpg 1600w\" sizes=\"(max-width: 1024px) 100vw, 1024px\" \/><\/figure>\n\n\n\n<p>El cat\u00e1logo de experiencias tur\u00edsticas \u201cViajes por el Mundo Maya\u201d, disponible en la plataforma visitmexico.com, re\u00fane 42 propuestas aut\u00e9nticas que conforman las Rutas Tur\u00edsticas Interestatales: Ruta Guerra de Castas (Quintana Roo-Yucat\u00e1n), Ruta Arqueol\u00f3gica del Sur (Quintana Roo-Campeche), Ruta Puuc (Yucat\u00e1n-Campeche) y Ruta Sierra (Tabasco-Chiapas).<\/p>\n\n\n\n<p>Por parte de Yucat\u00e1n destacan el recorrido por las&nbsp;grutas Aktun Usil de Maxcan\u00fa, la&nbsp;gastronom\u00eda ancestral en la Aldea Xbatun de Valladolid, la&nbsp;artesan\u00eda de barro en Uayma, los&nbsp;talleres de cacao de Caricoa Chocolate, el&nbsp;cenote Zazil Tunich en Valladolid&nbsp;y el&nbsp;Centro Etnogastron\u00f3mico Ya\u2019axch\u00e9 de Halach\u00f3.<\/p>\n\n\n\n<p>Tambi\u00e9n se resaltan el&nbsp;taller artesanal Cuch Holoch en Halach\u00f3, las&nbsp;Grutas Chocantes de Tekax, el&nbsp;Meliponario Lol-Ha de Man\u00ed, actividades en la&nbsp;localidad de San Agust\u00edn, Tekax, y la&nbsp;cocina de Xa\u2019 Anil Naj en Santa Elena.<\/p>\n\n\n\n<figure class=\"wp-block-image size-large\"><img decoding=\"async\" width=\"1024\" height=\"682\" src=\"https:\/\/realidadturistica.com\/realtur\/wp-content\/uploads\/2025\/09\/Yucatan-1024x682.jpg\" alt=\"\" class=\"wp-image-10720\" srcset=\"https:\/\/realidadturistica.com\/realtur\/wp-content\/uploads\/2025\/09\/Yucatan-1024x682.jpg 1024w, https:\/\/realidadturistica.com\/realtur\/wp-content\/uploads\/2025\/09\/Yucatan-300x200.jpg 300w, https:\/\/realidadturistica.com\/realtur\/wp-content\/uploads\/2025\/09\/Yucatan-768x512.jpg 768w, https:\/\/realidadturistica.com\/realtur\/wp-content\/uploads\/2025\/09\/Yucatan-1536x1024.jpg 1536w, https:\/\/realidadturistica.com\/realtur\/wp-content\/uploads\/2025\/09\/Yucatan-2048x1365.jpg 2048w, https:\/\/realidadturistica.com\/realtur\/wp-content\/uploads\/2025\/09\/Yucatan-1920x1280.jpg 1920w, https:\/\/realidadturistica.com\/realtur\/wp-content\/uploads\/2025\/09\/Yucatan-1170x780.jpg 1170w, https:\/\/realidadturistica.com\/realtur\/wp-content\/uploads\/2025\/09\/Yucatan-585x390.jpg 585w, https:\/\/realidadturistica.com\/realtur\/wp-content\/uploads\/2025\/09\/Yucatan-263x175.jpg 263w\" sizes=\"(max-width: 1024px) 100vw, 1024px\" \/><\/figure>\n\n\n\n<p>Durante el evento, la titular de Sectur destac\u00f3 que M\u00e9xico es el primer pa\u00eds en contar con un cat\u00e1logo de experiencias tur\u00edsticas avalado por la Unesco, que re\u00fane 42 propuestas de 37 localidades de cinco estados de la regi\u00f3n Mundo Maya.<\/p>\n\n\n\n<p>Por su parte, el representante de la Unesco en M\u00e9xico, Andr\u00e9s Morales, explic\u00f3 que para la integraci\u00f3n de este producto se evaluaron 100 iniciativas bajo ocho criterios, entre ellos gesti\u00f3n comunitaria, autenticidad, inclusi\u00f3n de mujeres, derrama econ\u00f3mica local, impacto sostenible y valor cultural del patrimonio.<\/p>\n\n\n\n<p>Sostuvo que el cat\u00e1logo es resultado de un trabajo coordinado entre las secretar\u00edas de Turismo de Campeche, Chiapas, Tabasco, Quintana Roo y Yucat\u00e1n, en colaboraci\u00f3n con la Unesco, con el prop\u00f3sito de impulsar experiencias aut\u00e9nticas que generen beneficios directos para las comunidades.<\/p>\n\n\n\n<p>Previo a la presentaci\u00f3n, se realiz\u00f3 en el Museo de la Guerra de Castas, la 38\u00aa Reuni\u00f3n de la Alianza Mundo Maya M\u00e9xico, con la participaci\u00f3n de Ana Beatriz Gonz\u00e1lez de la Roca, secretaria t\u00e9cnica permanente de la Organizaci\u00f3n Mundo Maya.<\/p>\n\n\n\n<figure class=\"wp-block-image size-large\"><img loading=\"lazy\" decoding=\"async\" width=\"1024\" height=\"682\" src=\"https:\/\/realidadturistica.com\/realtur\/wp-content\/uploads\/2025\/09\/Yucatan1-1024x682.jpg\" alt=\"\" class=\"wp-image-10721\" srcset=\"https:\/\/realidadturistica.com\/realtur\/wp-content\/uploads\/2025\/09\/Yucatan1-1024x682.jpg 1024w, https:\/\/realidadturistica.com\/realtur\/wp-content\/uploads\/2025\/09\/Yucatan1-300x200.jpg 300w, https:\/\/realidadturistica.com\/realtur\/wp-content\/uploads\/2025\/09\/Yucatan1-768x512.jpg 768w, https:\/\/realidadturistica.com\/realtur\/wp-content\/uploads\/2025\/09\/Yucatan1-1536x1024.jpg 1536w, https:\/\/realidadturistica.com\/realtur\/wp-content\/uploads\/2025\/09\/Yucatan1-2048x1365.jpg 2048w, https:\/\/realidadturistica.com\/realtur\/wp-content\/uploads\/2025\/09\/Yucatan1-1920x1280.jpg 1920w, https:\/\/realidadturistica.com\/realtur\/wp-content\/uploads\/2025\/09\/Yucatan1-1170x780.jpg 1170w, https:\/\/realidadturistica.com\/realtur\/wp-content\/uploads\/2025\/09\/Yucatan1-585x390.jpg 585w, https:\/\/realidadturistica.com\/realtur\/wp-content\/uploads\/2025\/09\/Yucatan1-263x175.jpg 263w\" sizes=\"(max-width: 1024px) 100vw, 1024px\" \/><\/figure>\n\n\n\n<p>En este encuentro se confirm\u00f3 que el cat\u00e1logo estar\u00e1 disponible en formato digital en Visit M\u00e9xico y se compartieron avances de la Feria Tur\u00edstica del Mundo Maya K\u2019\u00ediwik, que se realizar\u00e1 en junio de 2026 en M\u00e9rida.<\/p>\n\n\n\n<p>Ese mismo a\u00f1o, M\u00e9xico asumir\u00e1 la presidencia pro tempore de la Organizaci\u00f3n Mundo Maya y, en coordinaci\u00f3n con Guatemala, Belice, El Salvador y Honduras, buscar\u00e1 extender los beneficios del turismo comunitario a toda la regi\u00f3n.<\/p>\n\n\n\n<p>&nbsp;Sefotur<\/p>\n","protected":false},"excerpt":{"rendered":"<p>M\u00e9xico. Con 11 propuestas que forman parte de las rutas interestatales Puuc y Guerra de Castas, la entidad se consolida como referente en turismo comunitario&hellip;<\/p>\n","protected":false},"author":2,"featured_media":10717,"comment_status":"open","ping_status":"closed","sticky":false,"template":"","format":"standard","meta":{"content-type":"","_lmt_disableupdate":"","_lmt_disable":"","footnotes":""},"categories":[4],"tags":[],"class_list":["post-10716","post","type-post","status-publish","format-standard","has-post-thumbnail","hentry","category-destinos"],"yoast_head":"<!-- This site is optimized with the Yoast SEO Premium plugin v27.4 (Yoast SEO v27.4) - https:\/\/yoast.com\/product\/yoast-seo-premium-wordpress\/ -->\n<title>Yucat\u00e1n en el cat\u00e1logo de experiencias de turismo comunitario \u201cViajes por el Mundo Maya\u201d - Realidad Tur\u00edstica<\/title>\n<meta name=\"robots\" content=\"index, follow, max-snippet:-1, max-image-preview:large, max-video-preview:-1\" \/>\n<link rel=\"canonical\" href=\"https:\/\/realidadturistica.com\/realtur\/yucatan-en-el-catalogo-de-experiencias-de-turismo-comunitario-viajes-por-el-mundo-maya\/\" \/>\n<meta property=\"og:locale\" content=\"es_ES\" \/>\n<meta property=\"og:type\" content=\"article\" \/>\n<meta property=\"og:title\" content=\"Yucat\u00e1n en el cat\u00e1logo de experiencias de turismo comunitario \u201cViajes por el Mundo Maya\u201d\" \/>\n<meta property=\"og:description\" content=\"M\u00e9xico. Con 11 propuestas que forman parte de las rutas interestatales Puuc y Guerra de Castas, la entidad se consolida como referente en turismo comunitario&hellip;\" \/>\n<meta property=\"og:url\" content=\"https:\/\/realidadturistica.com\/realtur\/yucatan-en-el-catalogo-de-experiencias-de-turismo-comunitario-viajes-por-el-mundo-maya\/\" \/>\n<meta property=\"og:site_name\" content=\"Realidad Tur\u00edstica\" \/>\n<meta property=\"article:publisher\" content=\"https:\/\/www.facebook.com\/realidadturistica\" \/>\n<meta property=\"article:published_time\" content=\"2025-09-12T15:53:26+00:00\" \/>\n<meta property=\"article:modified_time\" content=\"2025-09-12T15:53:28+00:00\" \/>\n<meta property=\"og:image\" content=\"https:\/\/realidadturistica.com\/realtur\/wp-content\/uploads\/2025\/09\/Yucatan-principal.jpg\" \/>\n\t<meta property=\"og:image:width\" content=\"1600\" \/>\n\t<meta property=\"og:image:height\" content=\"1066\" \/>\n\t<meta property=\"og:image:type\" content=\"image\/jpeg\" \/>\n<meta name=\"author\" content=\"Editor\" \/>\n<meta name=\"twitter:card\" content=\"summary_large_image\" \/>\n<meta name=\"twitter:label1\" content=\"Escrito por\" \/>\n\t<meta name=\"twitter:data1\" content=\"Editor\" \/>\n\t<meta name=\"twitter:label2\" content=\"Tiempo de lectura\" \/>\n\t<meta name=\"twitter:data2\" content=\"4 minutos\" \/>\n<script type=\"application\/ld+json\" class=\"yoast-schema-graph\">{\"@context\":\"https:\\\/\\\/schema.org\",\"@graph\":[{\"@type\":\"Article\",\"@id\":\"https:\\\/\\\/realidadturistica.com\\\/realtur\\\/yucatan-en-el-catalogo-de-experiencias-de-turismo-comunitario-viajes-por-el-mundo-maya\\\/#article\",\"isPartOf\":{\"@id\":\"https:\\\/\\\/realidadturistica.com\\\/realtur\\\/yucatan-en-el-catalogo-de-experiencias-de-turismo-comunitario-viajes-por-el-mundo-maya\\\/\"},\"author\":{\"name\":\"Editor\",\"@id\":\"https:\\\/\\\/realidadturistica.com\\\/realtur\\\/#\\\/schema\\\/person\\\/ade671191202490fcf08ab21590de73e\"},\"headline\":\"Yucat\u00e1n en el cat\u00e1logo de experiencias de turismo comunitario \u201cViajes por el Mundo Maya\u201d\",\"datePublished\":\"2025-09-12T15:53:26+00:00\",\"dateModified\":\"2025-09-12T15:53:28+00:00\",\"mainEntityOfPage\":{\"@id\":\"https:\\\/\\\/realidadturistica.com\\\/realtur\\\/yucatan-en-el-catalogo-de-experiencias-de-turismo-comunitario-viajes-por-el-mundo-maya\\\/\"},\"wordCount\":638,\"commentCount\":0,\"publisher\":{\"@id\":\"https:\\\/\\\/realidadturistica.com\\\/realtur\\\/#organization\"},\"image\":{\"@id\":\"https:\\\/\\\/realidadturistica.com\\\/realtur\\\/yucatan-en-el-catalogo-de-experiencias-de-turismo-comunitario-viajes-por-el-mundo-maya\\\/#primaryimage\"},\"thumbnailUrl\":\"https:\\\/\\\/realidadturistica.com\\\/realtur\\\/wp-content\\\/uploads\\\/2025\\\/09\\\/Yucatan-principal.jpg\",\"articleSection\":[\"Destinos M\u00e1gicos\"],\"inLanguage\":\"es\",\"potentialAction\":[{\"@type\":\"CommentAction\",\"name\":\"Comment\",\"target\":[\"https:\\\/\\\/realidadturistica.com\\\/realtur\\\/yucatan-en-el-catalogo-de-experiencias-de-turismo-comunitario-viajes-por-el-mundo-maya\\\/#respond\"]}]},{\"@type\":\"WebPage\",\"@id\":\"https:\\\/\\\/realidadturistica.com\\\/realtur\\\/yucatan-en-el-catalogo-de-experiencias-de-turismo-comunitario-viajes-por-el-mundo-maya\\\/\",\"url\":\"https:\\\/\\\/realidadturistica.com\\\/realtur\\\/yucatan-en-el-catalogo-de-experiencias-de-turismo-comunitario-viajes-por-el-mundo-maya\\\/\",\"name\":\"Yucat\u00e1n en el cat\u00e1logo de experiencias de turismo comunitario \u201cViajes por el Mundo Maya\u201d - Realidad Tur\u00edstica\",\"isPartOf\":{\"@id\":\"https:\\\/\\\/realidadturistica.com\\\/realtur\\\/#website\"},\"primaryImageOfPage\":{\"@id\":\"https:\\\/\\\/realidadturistica.com\\\/realtur\\\/yucatan-en-el-catalogo-de-experiencias-de-turismo-comunitario-viajes-por-el-mundo-maya\\\/#primaryimage\"},\"image\":{\"@id\":\"https:\\\/\\\/realidadturistica.com\\\/realtur\\\/yucatan-en-el-catalogo-de-experiencias-de-turismo-comunitario-viajes-por-el-mundo-maya\\\/#primaryimage\"},\"thumbnailUrl\":\"https:\\\/\\\/realidadturistica.com\\\/realtur\\\/wp-content\\\/uploads\\\/2025\\\/09\\\/Yucatan-principal.jpg\",\"datePublished\":\"2025-09-12T15:53:26+00:00\",\"dateModified\":\"2025-09-12T15:53:28+00:00\",\"breadcrumb\":{\"@id\":\"https:\\\/\\\/realidadturistica.com\\\/realtur\\\/yucatan-en-el-catalogo-de-experiencias-de-turismo-comunitario-viajes-por-el-mundo-maya\\\/#breadcrumb\"},\"inLanguage\":\"es\",\"potentialAction\":[{\"@type\":\"ReadAction\",\"target\":[\"https:\\\/\\\/realidadturistica.com\\\/realtur\\\/yucatan-en-el-catalogo-de-experiencias-de-turismo-comunitario-viajes-por-el-mundo-maya\\\/\"]}]},{\"@type\":\"ImageObject\",\"inLanguage\":\"es\",\"@id\":\"https:\\\/\\\/realidadturistica.com\\\/realtur\\\/yucatan-en-el-catalogo-de-experiencias-de-turismo-comunitario-viajes-por-el-mundo-maya\\\/#primaryimage\",\"url\":\"https:\\\/\\\/realidadturistica.com\\\/realtur\\\/wp-content\\\/uploads\\\/2025\\\/09\\\/Yucatan-principal.jpg\",\"contentUrl\":\"https:\\\/\\\/realidadturistica.com\\\/realtur\\\/wp-content\\\/uploads\\\/2025\\\/09\\\/Yucatan-principal.jpg\",\"width\":1600,\"height\":1066},{\"@type\":\"BreadcrumbList\",\"@id\":\"https:\\\/\\\/realidadturistica.com\\\/realtur\\\/yucatan-en-el-catalogo-de-experiencias-de-turismo-comunitario-viajes-por-el-mundo-maya\\\/#breadcrumb\",\"itemListElement\":[{\"@type\":\"ListItem\",\"position\":1,\"name\":\"Portada\",\"item\":\"https:\\\/\\\/realidadturistica.com\\\/realtur\\\/\"},{\"@type\":\"ListItem\",\"position\":2,\"name\":\"Yucat\u00e1n en el cat\u00e1logo de experiencias de turismo comunitario \u201cViajes por el Mundo Maya\u201d\"}]},{\"@type\":\"WebSite\",\"@id\":\"https:\\\/\\\/realidadturistica.com\\\/realtur\\\/#website\",\"url\":\"https:\\\/\\\/realidadturistica.com\\\/realtur\\\/\",\"name\":\"Realidad Tur\u00edstica\",\"description\":\"\",\"publisher\":{\"@id\":\"https:\\\/\\\/realidadturistica.com\\\/realtur\\\/#organization\"},\"potentialAction\":[{\"@type\":\"SearchAction\",\"target\":{\"@type\":\"EntryPoint\",\"urlTemplate\":\"https:\\\/\\\/realidadturistica.com\\\/realtur\\\/?s={search_term_string}\"},\"query-input\":{\"@type\":\"PropertyValueSpecification\",\"valueRequired\":true,\"valueName\":\"search_term_string\"}}],\"inLanguage\":\"es\"},{\"@type\":\"Organization\",\"@id\":\"https:\\\/\\\/realidadturistica.com\\\/realtur\\\/#organization\",\"name\":\"Realidad Tur\u00edstica\",\"url\":\"https:\\\/\\\/realidadturistica.com\\\/realtur\\\/\",\"logo\":{\"@type\":\"ImageObject\",\"inLanguage\":\"es\",\"@id\":\"https:\\\/\\\/realidadturistica.com\\\/realtur\\\/#\\\/schema\\\/logo\\\/image\\\/\",\"url\":\"https:\\\/\\\/realidadturistica.com\\\/realtur\\\/wp-content\\\/uploads\\\/2021\\\/12\\\/logotipo-realidad-turistica.png\",\"contentUrl\":\"https:\\\/\\\/realidadturistica.com\\\/realtur\\\/wp-content\\\/uploads\\\/2021\\\/12\\\/logotipo-realidad-turistica.png\",\"width\":1382,\"height\":629,\"caption\":\"Realidad Tur\u00edstica\"},\"image\":{\"@id\":\"https:\\\/\\\/realidadturistica.com\\\/realtur\\\/#\\\/schema\\\/logo\\\/image\\\/\"},\"sameAs\":[\"https:\\\/\\\/www.facebook.com\\\/realidadturistica\",\"https:\\\/\\\/www.instagram.com\\\/realidad_turistica\\\/\"]},{\"@type\":\"Person\",\"@id\":\"https:\\\/\\\/realidadturistica.com\\\/realtur\\\/#\\\/schema\\\/person\\\/ade671191202490fcf08ab21590de73e\",\"name\":\"Editor\",\"image\":{\"@type\":\"ImageObject\",\"inLanguage\":\"es\",\"@id\":\"https:\\\/\\\/realidadturistica.com\\\/realtur\\\/wp-content\\\/uploads\\\/2023\\\/09\\\/Editor_avatar_1693668634-96x96.png\",\"url\":\"https:\\\/\\\/realidadturistica.com\\\/realtur\\\/wp-content\\\/uploads\\\/2023\\\/09\\\/Editor_avatar_1693668634-96x96.png\",\"contentUrl\":\"https:\\\/\\\/realidadturistica.com\\\/realtur\\\/wp-content\\\/uploads\\\/2023\\\/09\\\/Editor_avatar_1693668634-96x96.png\",\"caption\":\"Editor\"},\"sameAs\":[\"https:\\\/\\\/realidadturistica.com\\\/realtur\"],\"url\":\"https:\\\/\\\/realidadturistica.com\\\/realtur\\\/author\\\/editor2\\\/\"}]}<\/script>\n<!-- \/ Yoast SEO Premium plugin. -->","yoast_head_json":{"title":"Yucat\u00e1n en el cat\u00e1logo de experiencias de turismo comunitario \u201cViajes por el Mundo Maya\u201d - Realidad Tur\u00edstica","robots":{"index":"index","follow":"follow","max-snippet":"max-snippet:-1","max-image-preview":"max-image-preview:large","max-video-preview":"max-video-preview:-1"},"canonical":"https:\/\/realidadturistica.com\/realtur\/yucatan-en-el-catalogo-de-experiencias-de-turismo-comunitario-viajes-por-el-mundo-maya\/","og_locale":"es_ES","og_type":"article","og_title":"Yucat\u00e1n en el cat\u00e1logo de experiencias de turismo comunitario \u201cViajes por el Mundo Maya\u201d","og_description":"M\u00e9xico. Con 11 propuestas que forman parte de las rutas interestatales Puuc y Guerra de Castas, la entidad se consolida como referente en turismo comunitario&hellip;","og_url":"https:\/\/realidadturistica.com\/realtur\/yucatan-en-el-catalogo-de-experiencias-de-turismo-comunitario-viajes-por-el-mundo-maya\/","og_site_name":"Realidad Tur\u00edstica","article_publisher":"https:\/\/www.facebook.com\/realidadturistica","article_published_time":"2025-09-12T15:53:26+00:00","article_modified_time":"2025-09-12T15:53:28+00:00","og_image":[{"width":1600,"height":1066,"url":"https:\/\/realidadturistica.com\/realtur\/wp-content\/uploads\/2025\/09\/Yucatan-principal.jpg","type":"image\/jpeg"}],"author":"Editor","twitter_card":"summary_large_image","twitter_misc":{"Escrito por":"Editor","Tiempo de lectura":"4 minutos"},"schema":{"@context":"https:\/\/schema.org","@graph":[{"@type":"Article","@id":"https:\/\/realidadturistica.com\/realtur\/yucatan-en-el-catalogo-de-experiencias-de-turismo-comunitario-viajes-por-el-mundo-maya\/#article","isPartOf":{"@id":"https:\/\/realidadturistica.com\/realtur\/yucatan-en-el-catalogo-de-experiencias-de-turismo-comunitario-viajes-por-el-mundo-maya\/"},"author":{"name":"Editor","@id":"https:\/\/realidadturistica.com\/realtur\/#\/schema\/person\/ade671191202490fcf08ab21590de73e"},"headline":"Yucat\u00e1n en el cat\u00e1logo de experiencias de turismo comunitario \u201cViajes por el Mundo Maya\u201d","datePublished":"2025-09-12T15:53:26+00:00","dateModified":"2025-09-12T15:53:28+00:00","mainEntityOfPage":{"@id":"https:\/\/realidadturistica.com\/realtur\/yucatan-en-el-catalogo-de-experiencias-de-turismo-comunitario-viajes-por-el-mundo-maya\/"},"wordCount":638,"commentCount":0,"publisher":{"@id":"https:\/\/realidadturistica.com\/realtur\/#organization"},"image":{"@id":"https:\/\/realidadturistica.com\/realtur\/yucatan-en-el-catalogo-de-experiencias-de-turismo-comunitario-viajes-por-el-mundo-maya\/#primaryimage"},"thumbnailUrl":"https:\/\/realidadturistica.com\/realtur\/wp-content\/uploads\/2025\/09\/Yucatan-principal.jpg","articleSection":["Destinos M\u00e1gicos"],"inLanguage":"es","potentialAction":[{"@type":"CommentAction","name":"Comment","target":["https:\/\/realidadturistica.com\/realtur\/yucatan-en-el-catalogo-de-experiencias-de-turismo-comunitario-viajes-por-el-mundo-maya\/#respond"]}]},{"@type":"WebPage","@id":"https:\/\/realidadturistica.com\/realtur\/yucatan-en-el-catalogo-de-experiencias-de-turismo-comunitario-viajes-por-el-mundo-maya\/","url":"https:\/\/realidadturistica.com\/realtur\/yucatan-en-el-catalogo-de-experiencias-de-turismo-comunitario-viajes-por-el-mundo-maya\/","name":"Yucat\u00e1n en el cat\u00e1logo de experiencias de turismo comunitario \u201cViajes por el Mundo Maya\u201d - Realidad Tur\u00edstica","isPartOf":{"@id":"https:\/\/realidadturistica.com\/realtur\/#website"},"primaryImageOfPage":{"@id":"https:\/\/realidadturistica.com\/realtur\/yucatan-en-el-catalogo-de-experiencias-de-turismo-comunitario-viajes-por-el-mundo-maya\/#primaryimage"},"image":{"@id":"https:\/\/realidadturistica.com\/realtur\/yucatan-en-el-catalogo-de-experiencias-de-turismo-comunitario-viajes-por-el-mundo-maya\/#primaryimage"},"thumbnailUrl":"https:\/\/realidadturistica.com\/realtur\/wp-content\/uploads\/2025\/09\/Yucatan-principal.jpg","datePublished":"2025-09-12T15:53:26+00:00","dateModified":"2025-09-12T15:53:28+00:00","breadcrumb":{"@id":"https:\/\/realidadturistica.com\/realtur\/yucatan-en-el-catalogo-de-experiencias-de-turismo-comunitario-viajes-por-el-mundo-maya\/#breadcrumb"},"inLanguage":"es","potentialAction":[{"@type":"ReadAction","target":["https:\/\/realidadturistica.com\/realtur\/yucatan-en-el-catalogo-de-experiencias-de-turismo-comunitario-viajes-por-el-mundo-maya\/"]}]},{"@type":"ImageObject","inLanguage":"es","@id":"https:\/\/realidadturistica.com\/realtur\/yucatan-en-el-catalogo-de-experiencias-de-turismo-comunitario-viajes-por-el-mundo-maya\/#primaryimage","url":"https:\/\/realidadturistica.com\/realtur\/wp-content\/uploads\/2025\/09\/Yucatan-principal.jpg","contentUrl":"https:\/\/realidadturistica.com\/realtur\/wp-content\/uploads\/2025\/09\/Yucatan-principal.jpg","width":1600,"height":1066},{"@type":"BreadcrumbList","@id":"https:\/\/realidadturistica.com\/realtur\/yucatan-en-el-catalogo-de-experiencias-de-turismo-comunitario-viajes-por-el-mundo-maya\/#breadcrumb","itemListElement":[{"@type":"ListItem","position":1,"name":"Portada","item":"https:\/\/realidadturistica.com\/realtur\/"},{"@type":"ListItem","position":2,"name":"Yucat\u00e1n en el cat\u00e1logo de experiencias de turismo comunitario \u201cViajes por el Mundo Maya\u201d"}]},{"@type":"WebSite","@id":"https:\/\/realidadturistica.com\/realtur\/#website","url":"https:\/\/realidadturistica.com\/realtur\/","name":"Realidad Tur\u00edstica","description":"","publisher":{"@id":"https:\/\/realidadturistica.com\/realtur\/#organization"},"potentialAction":[{"@type":"SearchAction","target":{"@type":"EntryPoint","urlTemplate":"https:\/\/realidadturistica.com\/realtur\/?s={search_term_string}"},"query-input":{"@type":"PropertyValueSpecification","valueRequired":true,"valueName":"search_term_string"}}],"inLanguage":"es"},{"@type":"Organization","@id":"https:\/\/realidadturistica.com\/realtur\/#organization","name":"Realidad Tur\u00edstica","url":"https:\/\/realidadturistica.com\/realtur\/","logo":{"@type":"ImageObject","inLanguage":"es","@id":"https:\/\/realidadturistica.com\/realtur\/#\/schema\/logo\/image\/","url":"https:\/\/realidadturistica.com\/realtur\/wp-content\/uploads\/2021\/12\/logotipo-realidad-turistica.png","contentUrl":"https:\/\/realidadturistica.com\/realtur\/wp-content\/uploads\/2021\/12\/logotipo-realidad-turistica.png","width":1382,"height":629,"caption":"Realidad Tur\u00edstica"},"image":{"@id":"https:\/\/realidadturistica.com\/realtur\/#\/schema\/logo\/image\/"},"sameAs":["https:\/\/www.facebook.com\/realidadturistica","https:\/\/www.instagram.com\/realidad_turistica\/"]},{"@type":"Person","@id":"https:\/\/realidadturistica.com\/realtur\/#\/schema\/person\/ade671191202490fcf08ab21590de73e","name":"Editor","image":{"@type":"ImageObject","inLanguage":"es","@id":"https:\/\/realidadturistica.com\/realtur\/wp-content\/uploads\/2023\/09\/Editor_avatar_1693668634-96x96.png","url":"https:\/\/realidadturistica.com\/realtur\/wp-content\/uploads\/2023\/09\/Editor_avatar_1693668634-96x96.png","contentUrl":"https:\/\/realidadturistica.com\/realtur\/wp-content\/uploads\/2023\/09\/Editor_avatar_1693668634-96x96.png","caption":"Editor"},"sameAs":["https:\/\/realidadturistica.com\/realtur"],"url":"https:\/\/realidadturistica.com\/realtur\/author\/editor2\/"}]}},"_links":{"self":[{"href":"https:\/\/realidadturistica.com\/realtur\/wp-json\/wp\/v2\/posts\/10716","targetHints":{"allow":["GET"]}}],"collection":[{"href":"https:\/\/realidadturistica.com\/realtur\/wp-json\/wp\/v2\/posts"}],"about":[{"href":"https:\/\/realidadturistica.com\/realtur\/wp-json\/wp\/v2\/types\/post"}],"author":[{"embeddable":true,"href":"https:\/\/realidadturistica.com\/realtur\/wp-json\/wp\/v2\/users\/2"}],"replies":[{"embeddable":true,"href":"https:\/\/realidadturistica.com\/realtur\/wp-json\/wp\/v2\/comments?post=10716"}],"version-history":[{"count":1,"href":"https:\/\/realidadturistica.com\/realtur\/wp-json\/wp\/v2\/posts\/10716\/revisions"}],"predecessor-version":[{"id":10722,"href":"https:\/\/realidadturistica.com\/realtur\/wp-json\/wp\/v2\/posts\/10716\/revisions\/10722"}],"wp:featuredmedia":[{"embeddable":true,"href":"https:\/\/realidadturistica.com\/realtur\/wp-json\/wp\/v2\/media\/10717"}],"wp:attachment":[{"href":"https:\/\/realidadturistica.com\/realtur\/wp-json\/wp\/v2\/media?parent=10716"}],"wp:term":[{"taxonomy":"category","embeddable":true,"href":"https:\/\/realidadturistica.com\/realtur\/wp-json\/wp\/v2\/categories?post=10716"},{"taxonomy":"post_tag","embeddable":true,"href":"https:\/\/realidadturistica.com\/realtur\/wp-json\/wp\/v2\/tags?post=10716"}],"curies":[{"name":"wp","href":"https:\/\/api.w.org\/{rel}","templated":true}]}}