{"id":10724,"date":"2025-09-13T04:35:19","date_gmt":"2025-09-13T04:35:19","guid":{"rendered":"https:\/\/realidadturistica.com\/realtur\/?p=10724"},"modified":"2025-09-13T04:35:22","modified_gmt":"2025-09-13T04:35:22","slug":"todo-listo-en-varadero-para-la-iv-edicion-de-la-travesia-de-aguas-abiertas-gran-retto-2025","status":"publish","type":"post","link":"https:\/\/realidadturistica.com\/realtur\/todo-listo-en-varadero-para-la-iv-edicion-de-la-travesia-de-aguas-abiertas-gran-retto-2025\/","title":{"rendered":"Todo listo en Varadero para la IV edici\u00f3n de la Traves\u00eda de Aguas Abiertas Gran Retto 2025"},"content":{"rendered":"\n<p class=\"wp-block-yoast-seo-estimated-reading-time yoast-reading-time__wrapper\"><span class=\"yoast-reading-time__icon\"><svg aria-hidden=\"true\" focusable=\"false\" data-icon=\"clock\" width=\"20\" height=\"20\" fill=\"none\" stroke=\"currentColor\" style=\"display:inline-block;vertical-align:-0.1em\" role=\"img\" xmlns=\"http:\/\/www.w3.org\/2000\/svg\" viewBox=\"0 0 24 24\"><path stroke-linecap=\"round\" stroke-linejoin=\"round\" stroke-width=\"2\" d=\"M12 8v4l3 3m6-3a9 9 0 11-18 0 9 9 0 0118 0z\"><\/path><\/svg><\/span><span class=\"yoast-reading-time__spacer\" style=\"display:inline-block;width:1em\"><\/span><span class=\"yoast-reading-time__descriptive-text\">Estimated reading time: <\/span><span class=\"yoast-reading-time__reading-time\">3<\/span><span class=\"yoast-reading-time__time-unit\"> minutos<\/span><\/p>\n\n\n\n<p>Cuba. El balneario de Varadero se encuentra listo para la competencia m\u00e1s esperadas de aguas abiertas, Gran Retto 2025 que se llevar\u00e1 a cabo los d\u00edas 13 y 14 de septiembre en las inmediaciones del hotel Barcel\u00f3 Solymar-Arenas Blancas.<\/p>\n\n\n\n<p>Seg\u00fan se dio a conocer en conferencia de prensa este viernes, participar\u00e1n unos 600 competidores de Argentina, M\u00e9xico, Costa Rica, Venezuela, Estados Unidos y Cuba, destac\u00e1ndose M\u00e9xico con m\u00e1s de 200 competidores y Cuba con 250.<\/p>\n\n\n\n<figure class=\"wp-block-gallery has-nested-images columns-default is-cropped wp-block-gallery-1 is-layout-flex wp-block-gallery-is-layout-flex\">\n<figure class=\"wp-block-image size-large\"><img fetchpriority=\"high\" decoding=\"async\" width=\"1024\" height=\"776\" data-id=\"10726\" src=\"https:\/\/realidadturistica.com\/realtur\/wp-content\/uploads\/2025\/09\/IMG-20250912-WA0006-1-1024x776.jpg\" alt=\"\" class=\"wp-image-10726\" srcset=\"https:\/\/realidadturistica.com\/realtur\/wp-content\/uploads\/2025\/09\/IMG-20250912-WA0006-1-1024x776.jpg 1024w, https:\/\/realidadturistica.com\/realtur\/wp-content\/uploads\/2025\/09\/IMG-20250912-WA0006-1-300x227.jpg 300w, https:\/\/realidadturistica.com\/realtur\/wp-content\/uploads\/2025\/09\/IMG-20250912-WA0006-1-768x582.jpg 768w, https:\/\/realidadturistica.com\/realtur\/wp-content\/uploads\/2025\/09\/IMG-20250912-WA0006-1-585x443.jpg 585w, https:\/\/realidadturistica.com\/realtur\/wp-content\/uploads\/2025\/09\/IMG-20250912-WA0006-1.jpg 1056w\" sizes=\"(max-width: 1024px) 100vw, 1024px\" \/><\/figure>\n<\/figure>\n\n\n\n<p>Para Luis Mario Villareal, director de Gran Retto, esta participaci\u00f3n masiva en Varadero es un sue\u00f1o hecho realidad pues cada a\u00f1o se experimenta un crecimiento exponencial, puntualizando en la necesidad de sumar m\u00e1s naciones para continuar su crecimiento con vistas a sobrepasar la cifra de mil concursantes.<\/p>\n\n\n\n<p>Dijo Villareal que se ha creado un importante v\u00ednculo entre M\u00e9xico y Cuba durante estos a\u00f1os de trabajo en Gran Retto, comprometi\u00e9ndose a potenciar a Varadero como un destino tur\u00edstico deportivo.<\/p>\n\n\n\n<p>Particip\u00f3 en la conferencia de prensa Maureen Croes, presidenta de Panam Auiatics, quien manifest\u00f3 su satisfacci\u00f3n por estar en Cuba, destacando que el pa\u00eds se ha posicionado como un importante destino para la competencia de aguas abiertas, contando con todas las condiciones para desarrollar un circuito mundial y panamericano, sue\u00f1o que puede hacerse realidad.<\/p>\n\n\n\n<figure class=\"wp-block-gallery has-nested-images columns-default is-cropped wp-block-gallery-2 is-layout-flex wp-block-gallery-is-layout-flex\">\n<figure class=\"wp-block-image size-large\"><img decoding=\"async\" width=\"1024\" height=\"576\" data-id=\"10727\" src=\"https:\/\/realidadturistica.com\/realtur\/wp-content\/uploads\/2025\/09\/MIL5321-copia-1024x576.jpg\" alt=\"\" class=\"wp-image-10727\" srcset=\"https:\/\/realidadturistica.com\/realtur\/wp-content\/uploads\/2025\/09\/MIL5321-copia-1024x576.jpg 1024w, https:\/\/realidadturistica.com\/realtur\/wp-content\/uploads\/2025\/09\/MIL5321-copia-300x169.jpg 300w, https:\/\/realidadturistica.com\/realtur\/wp-content\/uploads\/2025\/09\/MIL5321-copia-768x432.jpg 768w, https:\/\/realidadturistica.com\/realtur\/wp-content\/uploads\/2025\/09\/MIL5321-copia-1536x864.jpg 1536w, https:\/\/realidadturistica.com\/realtur\/wp-content\/uploads\/2025\/09\/MIL5321-copia-2048x1152.jpg 2048w, https:\/\/realidadturistica.com\/realtur\/wp-content\/uploads\/2025\/09\/MIL5321-copia-1920x1080.jpg 1920w, https:\/\/realidadturistica.com\/realtur\/wp-content\/uploads\/2025\/09\/MIL5321-copia-1170x658.jpg 1170w, https:\/\/realidadturistica.com\/realtur\/wp-content\/uploads\/2025\/09\/MIL5321-copia-585x329.jpg 585w, https:\/\/realidadturistica.com\/realtur\/wp-content\/uploads\/2025\/09\/MIL5321-copia-1200x675.jpg 1200w\" sizes=\"(max-width: 1024px) 100vw, 1024px\" \/><\/figure>\n\n\n\n<figure class=\"wp-block-image size-large\"><img decoding=\"async\" width=\"1024\" height=\"576\" data-id=\"10728\" src=\"https:\/\/realidadturistica.com\/realtur\/wp-content\/uploads\/2025\/09\/MIL7535-copy-1-1024x576.jpg\" alt=\"\" class=\"wp-image-10728\" srcset=\"https:\/\/realidadturistica.com\/realtur\/wp-content\/uploads\/2025\/09\/MIL7535-copy-1-1024x576.jpg 1024w, https:\/\/realidadturistica.com\/realtur\/wp-content\/uploads\/2025\/09\/MIL7535-copy-1-300x169.jpg 300w, https:\/\/realidadturistica.com\/realtur\/wp-content\/uploads\/2025\/09\/MIL7535-copy-1-768x432.jpg 768w, https:\/\/realidadturistica.com\/realtur\/wp-content\/uploads\/2025\/09\/MIL7535-copy-1-1536x864.jpg 1536w, https:\/\/realidadturistica.com\/realtur\/wp-content\/uploads\/2025\/09\/MIL7535-copy-1-2048x1152.jpg 2048w, https:\/\/realidadturistica.com\/realtur\/wp-content\/uploads\/2025\/09\/MIL7535-copy-1-1920x1080.jpg 1920w, https:\/\/realidadturistica.com\/realtur\/wp-content\/uploads\/2025\/09\/MIL7535-copy-1-1170x658.jpg 1170w, https:\/\/realidadturistica.com\/realtur\/wp-content\/uploads\/2025\/09\/MIL7535-copy-1-585x329.jpg 585w, https:\/\/realidadturistica.com\/realtur\/wp-content\/uploads\/2025\/09\/MIL7535-copy-1-1200x675.jpg 1200w\" sizes=\"(max-width: 1024px) 100vw, 1024px\" \/><\/figure>\n<\/figure>\n\n\n\n<p>Yoelkis Salazar, director de Havanatur S.A. manifest\u00f3 que Gran Retto es un evento especial para el grupo Havanatur S.A. porque ha demostrado que muchas cosas se pueden lograr juntos, pues el destino tiene todas las potencialidades para desarrollar el turismo deportivo. Reiter\u00f3 que Havanatur S.A. est\u00e1 listo para recibir otros eventos de este tipo, un evento que ha ido en aumento y que ha despertado un gran inter\u00e9s a nivel internacional.<\/p>\n\n\n\n<p>La competencia comprende distancias de 750 mil 500 metros, tres y 10 kil\u00f3metros, con divisiones por edad y sexo.<\/p>\n\n\n\n<p>Auspician este evento el Ministerio de Turismo de Cuba y el Grupo Internacional de Turoperadores y Agencias de Viajes, Havanatur S.A.<\/p>\n\n\n\n<p>En pr\u00f3ximas ediciones ampliaremos la informaci\u00f3n.<\/p>\n\n\n\n<figure class=\"wp-block-embed is-type-video is-provider-youtube wp-block-embed-youtube wp-embed-aspect-16-9 wp-has-aspect-ratio\"><div class=\"wp-block-embed__wrapper\">\n<iframe title=\"Evento Gran Retto 2025, Varadero, Cuba\" width=\"1170\" height=\"658\" src=\"https:\/\/www.youtube.com\/embed\/Xy_MhRp4LPc?feature=oembed\" frameborder=\"0\" allow=\"accelerometer; autoplay; clipboard-write; encrypted-media; gyroscope; picture-in-picture; web-share\" referrerpolicy=\"strict-origin-when-cross-origin\" allowfullscreen><\/iframe>\n<\/div><\/figure>\n\n\n\n<p>Realidad Tur\u00edstica<\/p>\n","protected":false},"excerpt":{"rendered":"<p>Cuba. El balneario de Varadero se encuentra listo para la competencia m\u00e1s esperadas de aguas abiertas, Gran Retto 2025 que se llevar\u00e1 a cabo los&hellip;<\/p>\n","protected":false},"author":2,"featured_media":10725,"comment_status":"open","ping_status":"closed","sticky":false,"template":"","format":"standard","meta":{"content-type":"","_lmt_disableupdate":"","_lmt_disable":"","footnotes":""},"categories":[6],"tags":[],"class_list":["post-10724","post","type-post","status-publish","format-standard","has-post-thumbnail","hentry","category-turismo"],"yoast_head":"<!-- This site is optimized with the Yoast SEO Premium plugin v27.4 (Yoast SEO v27.4) - https:\/\/yoast.com\/product\/yoast-seo-premium-wordpress\/ -->\n<title>Todo listo en Varadero para la IV edici\u00f3n de la Traves\u00eda de Aguas Abiertas Gran Retto 2025 - Realidad Tur\u00edstica<\/title>\n<meta name=\"robots\" content=\"index, follow, max-snippet:-1, max-image-preview:large, max-video-preview:-1\" \/>\n<link rel=\"canonical\" href=\"https:\/\/realidadturistica.com\/realtur\/todo-listo-en-varadero-para-la-iv-edicion-de-la-travesia-de-aguas-abiertas-gran-retto-2025\/\" \/>\n<meta property=\"og:locale\" content=\"es_ES\" \/>\n<meta property=\"og:type\" content=\"article\" \/>\n<meta property=\"og:title\" content=\"Todo listo en Varadero para la IV edici\u00f3n de la Traves\u00eda de Aguas Abiertas Gran Retto 2025\" \/>\n<meta property=\"og:description\" content=\"Cuba. El balneario de Varadero se encuentra listo para la competencia m\u00e1s esperadas de aguas abiertas, Gran Retto 2025 que se llevar\u00e1 a cabo los&hellip;\" \/>\n<meta property=\"og:url\" content=\"https:\/\/realidadturistica.com\/realtur\/todo-listo-en-varadero-para-la-iv-edicion-de-la-travesia-de-aguas-abiertas-gran-retto-2025\/\" \/>\n<meta property=\"og:site_name\" content=\"Realidad Tur\u00edstica\" \/>\n<meta property=\"article:publisher\" content=\"https:\/\/www.facebook.com\/realidadturistica\" \/>\n<meta property=\"article:published_time\" content=\"2025-09-13T04:35:19+00:00\" \/>\n<meta property=\"article:modified_time\" content=\"2025-09-13T04:35:22+00:00\" \/>\n<meta property=\"og:image\" content=\"https:\/\/realidadturistica.com\/realtur\/wp-content\/uploads\/2025\/09\/IMG-20250912-WA0006.jpg\" \/>\n\t<meta property=\"og:image:width\" content=\"1056\" \/>\n\t<meta property=\"og:image:height\" content=\"800\" \/>\n\t<meta property=\"og:image:type\" content=\"image\/jpeg\" \/>\n<meta name=\"author\" content=\"Editor\" \/>\n<meta name=\"twitter:card\" content=\"summary_large_image\" \/>\n<meta name=\"twitter:label1\" content=\"Escrito por\" \/>\n\t<meta name=\"twitter:data1\" content=\"Editor\" \/>\n\t<meta name=\"twitter:label2\" content=\"Tiempo de lectura\" \/>\n\t<meta name=\"twitter:data2\" content=\"3 minutos\" \/>\n<script type=\"application\/ld+json\" class=\"yoast-schema-graph\">{\"@context\":\"https:\\\/\\\/schema.org\",\"@graph\":[{\"@type\":\"Article\",\"@id\":\"https:\\\/\\\/realidadturistica.com\\\/realtur\\\/todo-listo-en-varadero-para-la-iv-edicion-de-la-travesia-de-aguas-abiertas-gran-retto-2025\\\/#article\",\"isPartOf\":{\"@id\":\"https:\\\/\\\/realidadturistica.com\\\/realtur\\\/todo-listo-en-varadero-para-la-iv-edicion-de-la-travesia-de-aguas-abiertas-gran-retto-2025\\\/\"},\"author\":{\"name\":\"Editor\",\"@id\":\"https:\\\/\\\/realidadturistica.com\\\/realtur\\\/#\\\/schema\\\/person\\\/ade671191202490fcf08ab21590de73e\"},\"headline\":\"Todo listo en Varadero para la IV edici\u00f3n de la Traves\u00eda de Aguas Abiertas Gran Retto 2025\",\"datePublished\":\"2025-09-13T04:35:19+00:00\",\"dateModified\":\"2025-09-13T04:35:22+00:00\",\"mainEntityOfPage\":{\"@id\":\"https:\\\/\\\/realidadturistica.com\\\/realtur\\\/todo-listo-en-varadero-para-la-iv-edicion-de-la-travesia-de-aguas-abiertas-gran-retto-2025\\\/\"},\"wordCount\":377,\"commentCount\":0,\"publisher\":{\"@id\":\"https:\\\/\\\/realidadturistica.com\\\/realtur\\\/#organization\"},\"image\":{\"@id\":\"https:\\\/\\\/realidadturistica.com\\\/realtur\\\/todo-listo-en-varadero-para-la-iv-edicion-de-la-travesia-de-aguas-abiertas-gran-retto-2025\\\/#primaryimage\"},\"thumbnailUrl\":\"https:\\\/\\\/realidadturistica.com\\\/realtur\\\/wp-content\\\/uploads\\\/2025\\\/09\\\/IMG-20250912-WA0006.jpg\",\"articleSection\":[\"Turismo\"],\"inLanguage\":\"es\",\"potentialAction\":[{\"@type\":\"CommentAction\",\"name\":\"Comment\",\"target\":[\"https:\\\/\\\/realidadturistica.com\\\/realtur\\\/todo-listo-en-varadero-para-la-iv-edicion-de-la-travesia-de-aguas-abiertas-gran-retto-2025\\\/#respond\"]}]},{\"@type\":\"WebPage\",\"@id\":\"https:\\\/\\\/realidadturistica.com\\\/realtur\\\/todo-listo-en-varadero-para-la-iv-edicion-de-la-travesia-de-aguas-abiertas-gran-retto-2025\\\/\",\"url\":\"https:\\\/\\\/realidadturistica.com\\\/realtur\\\/todo-listo-en-varadero-para-la-iv-edicion-de-la-travesia-de-aguas-abiertas-gran-retto-2025\\\/\",\"name\":\"Todo listo en Varadero para la IV edici\u00f3n de la Traves\u00eda de Aguas Abiertas Gran Retto 2025 - Realidad Tur\u00edstica\",\"isPartOf\":{\"@id\":\"https:\\\/\\\/realidadturistica.com\\\/realtur\\\/#website\"},\"primaryImageOfPage\":{\"@id\":\"https:\\\/\\\/realidadturistica.com\\\/realtur\\\/todo-listo-en-varadero-para-la-iv-edicion-de-la-travesia-de-aguas-abiertas-gran-retto-2025\\\/#primaryimage\"},\"image\":{\"@id\":\"https:\\\/\\\/realidadturistica.com\\\/realtur\\\/todo-listo-en-varadero-para-la-iv-edicion-de-la-travesia-de-aguas-abiertas-gran-retto-2025\\\/#primaryimage\"},\"thumbnailUrl\":\"https:\\\/\\\/realidadturistica.com\\\/realtur\\\/wp-content\\\/uploads\\\/2025\\\/09\\\/IMG-20250912-WA0006.jpg\",\"datePublished\":\"2025-09-13T04:35:19+00:00\",\"dateModified\":\"2025-09-13T04:35:22+00:00\",\"breadcrumb\":{\"@id\":\"https:\\\/\\\/realidadturistica.com\\\/realtur\\\/todo-listo-en-varadero-para-la-iv-edicion-de-la-travesia-de-aguas-abiertas-gran-retto-2025\\\/#breadcrumb\"},\"inLanguage\":\"es\",\"potentialAction\":[{\"@type\":\"ReadAction\",\"target\":[\"https:\\\/\\\/realidadturistica.com\\\/realtur\\\/todo-listo-en-varadero-para-la-iv-edicion-de-la-travesia-de-aguas-abiertas-gran-retto-2025\\\/\"]}]},{\"@type\":\"ImageObject\",\"inLanguage\":\"es\",\"@id\":\"https:\\\/\\\/realidadturistica.com\\\/realtur\\\/todo-listo-en-varadero-para-la-iv-edicion-de-la-travesia-de-aguas-abiertas-gran-retto-2025\\\/#primaryimage\",\"url\":\"https:\\\/\\\/realidadturistica.com\\\/realtur\\\/wp-content\\\/uploads\\\/2025\\\/09\\\/IMG-20250912-WA0006.jpg\",\"contentUrl\":\"https:\\\/\\\/realidadturistica.com\\\/realtur\\\/wp-content\\\/uploads\\\/2025\\\/09\\\/IMG-20250912-WA0006.jpg\",\"width\":1056,\"height\":800},{\"@type\":\"BreadcrumbList\",\"@id\":\"https:\\\/\\\/realidadturistica.com\\\/realtur\\\/todo-listo-en-varadero-para-la-iv-edicion-de-la-travesia-de-aguas-abiertas-gran-retto-2025\\\/#breadcrumb\",\"itemListElement\":[{\"@type\":\"ListItem\",\"position\":1,\"name\":\"Portada\",\"item\":\"https:\\\/\\\/realidadturistica.com\\\/realtur\\\/\"},{\"@type\":\"ListItem\",\"position\":2,\"name\":\"Todo listo en Varadero para la IV edici\u00f3n de la Traves\u00eda de Aguas Abiertas Gran Retto 2025\"}]},{\"@type\":\"WebSite\",\"@id\":\"https:\\\/\\\/realidadturistica.com\\\/realtur\\\/#website\",\"url\":\"https:\\\/\\\/realidadturistica.com\\\/realtur\\\/\",\"name\":\"Realidad Tur\u00edstica\",\"description\":\"\",\"publisher\":{\"@id\":\"https:\\\/\\\/realidadturistica.com\\\/realtur\\\/#organization\"},\"potentialAction\":[{\"@type\":\"SearchAction\",\"target\":{\"@type\":\"EntryPoint\",\"urlTemplate\":\"https:\\\/\\\/realidadturistica.com\\\/realtur\\\/?s={search_term_string}\"},\"query-input\":{\"@type\":\"PropertyValueSpecification\",\"valueRequired\":true,\"valueName\":\"search_term_string\"}}],\"inLanguage\":\"es\"},{\"@type\":\"Organization\",\"@id\":\"https:\\\/\\\/realidadturistica.com\\\/realtur\\\/#organization\",\"name\":\"Realidad Tur\u00edstica\",\"url\":\"https:\\\/\\\/realidadturistica.com\\\/realtur\\\/\",\"logo\":{\"@type\":\"ImageObject\",\"inLanguage\":\"es\",\"@id\":\"https:\\\/\\\/realidadturistica.com\\\/realtur\\\/#\\\/schema\\\/logo\\\/image\\\/\",\"url\":\"https:\\\/\\\/realidadturistica.com\\\/realtur\\\/wp-content\\\/uploads\\\/2021\\\/12\\\/logotipo-realidad-turistica.png\",\"contentUrl\":\"https:\\\/\\\/realidadturistica.com\\\/realtur\\\/wp-content\\\/uploads\\\/2021\\\/12\\\/logotipo-realidad-turistica.png\",\"width\":1382,\"height\":629,\"caption\":\"Realidad Tur\u00edstica\"},\"image\":{\"@id\":\"https:\\\/\\\/realidadturistica.com\\\/realtur\\\/#\\\/schema\\\/logo\\\/image\\\/\"},\"sameAs\":[\"https:\\\/\\\/www.facebook.com\\\/realidadturistica\",\"https:\\\/\\\/www.instagram.com\\\/realidad_turistica\\\/\"]},{\"@type\":\"Person\",\"@id\":\"https:\\\/\\\/realidadturistica.com\\\/realtur\\\/#\\\/schema\\\/person\\\/ade671191202490fcf08ab21590de73e\",\"name\":\"Editor\",\"image\":{\"@type\":\"ImageObject\",\"inLanguage\":\"es\",\"@id\":\"https:\\\/\\\/realidadturistica.com\\\/realtur\\\/wp-content\\\/uploads\\\/2023\\\/09\\\/Editor_avatar_1693668634-96x96.png\",\"url\":\"https:\\\/\\\/realidadturistica.com\\\/realtur\\\/wp-content\\\/uploads\\\/2023\\\/09\\\/Editor_avatar_1693668634-96x96.png\",\"contentUrl\":\"https:\\\/\\\/realidadturistica.com\\\/realtur\\\/wp-content\\\/uploads\\\/2023\\\/09\\\/Editor_avatar_1693668634-96x96.png\",\"caption\":\"Editor\"},\"sameAs\":[\"https:\\\/\\\/realidadturistica.com\\\/realtur\"],\"url\":\"https:\\\/\\\/realidadturistica.com\\\/realtur\\\/author\\\/editor2\\\/\"}]}<\/script>\n<!-- \/ Yoast SEO Premium plugin. -->","yoast_head_json":{"title":"Todo listo en Varadero para la IV edici\u00f3n de la Traves\u00eda de Aguas Abiertas Gran Retto 2025 - Realidad Tur\u00edstica","robots":{"index":"index","follow":"follow","max-snippet":"max-snippet:-1","max-image-preview":"max-image-preview:large","max-video-preview":"max-video-preview:-1"},"canonical":"https:\/\/realidadturistica.com\/realtur\/todo-listo-en-varadero-para-la-iv-edicion-de-la-travesia-de-aguas-abiertas-gran-retto-2025\/","og_locale":"es_ES","og_type":"article","og_title":"Todo listo en Varadero para la IV edici\u00f3n de la Traves\u00eda de Aguas Abiertas Gran Retto 2025","og_description":"Cuba. El balneario de Varadero se encuentra listo para la competencia m\u00e1s esperadas de aguas abiertas, Gran Retto 2025 que se llevar\u00e1 a cabo los&hellip;","og_url":"https:\/\/realidadturistica.com\/realtur\/todo-listo-en-varadero-para-la-iv-edicion-de-la-travesia-de-aguas-abiertas-gran-retto-2025\/","og_site_name":"Realidad Tur\u00edstica","article_publisher":"https:\/\/www.facebook.com\/realidadturistica","article_published_time":"2025-09-13T04:35:19+00:00","article_modified_time":"2025-09-13T04:35:22+00:00","og_image":[{"width":1056,"height":800,"url":"https:\/\/realidadturistica.com\/realtur\/wp-content\/uploads\/2025\/09\/IMG-20250912-WA0006.jpg","type":"image\/jpeg"}],"author":"Editor","twitter_card":"summary_large_image","twitter_misc":{"Escrito por":"Editor","Tiempo de lectura":"3 minutos"},"schema":{"@context":"https:\/\/schema.org","@graph":[{"@type":"Article","@id":"https:\/\/realidadturistica.com\/realtur\/todo-listo-en-varadero-para-la-iv-edicion-de-la-travesia-de-aguas-abiertas-gran-retto-2025\/#article","isPartOf":{"@id":"https:\/\/realidadturistica.com\/realtur\/todo-listo-en-varadero-para-la-iv-edicion-de-la-travesia-de-aguas-abiertas-gran-retto-2025\/"},"author":{"name":"Editor","@id":"https:\/\/realidadturistica.com\/realtur\/#\/schema\/person\/ade671191202490fcf08ab21590de73e"},"headline":"Todo listo en Varadero para la IV edici\u00f3n de la Traves\u00eda de Aguas Abiertas Gran Retto 2025","datePublished":"2025-09-13T04:35:19+00:00","dateModified":"2025-09-13T04:35:22+00:00","mainEntityOfPage":{"@id":"https:\/\/realidadturistica.com\/realtur\/todo-listo-en-varadero-para-la-iv-edicion-de-la-travesia-de-aguas-abiertas-gran-retto-2025\/"},"wordCount":377,"commentCount":0,"publisher":{"@id":"https:\/\/realidadturistica.com\/realtur\/#organization"},"image":{"@id":"https:\/\/realidadturistica.com\/realtur\/todo-listo-en-varadero-para-la-iv-edicion-de-la-travesia-de-aguas-abiertas-gran-retto-2025\/#primaryimage"},"thumbnailUrl":"https:\/\/realidadturistica.com\/realtur\/wp-content\/uploads\/2025\/09\/IMG-20250912-WA0006.jpg","articleSection":["Turismo"],"inLanguage":"es","potentialAction":[{"@type":"CommentAction","name":"Comment","target":["https:\/\/realidadturistica.com\/realtur\/todo-listo-en-varadero-para-la-iv-edicion-de-la-travesia-de-aguas-abiertas-gran-retto-2025\/#respond"]}]},{"@type":"WebPage","@id":"https:\/\/realidadturistica.com\/realtur\/todo-listo-en-varadero-para-la-iv-edicion-de-la-travesia-de-aguas-abiertas-gran-retto-2025\/","url":"https:\/\/realidadturistica.com\/realtur\/todo-listo-en-varadero-para-la-iv-edicion-de-la-travesia-de-aguas-abiertas-gran-retto-2025\/","name":"Todo listo en Varadero para la IV edici\u00f3n de la Traves\u00eda de Aguas Abiertas Gran Retto 2025 - Realidad Tur\u00edstica","isPartOf":{"@id":"https:\/\/realidadturistica.com\/realtur\/#website"},"primaryImageOfPage":{"@id":"https:\/\/realidadturistica.com\/realtur\/todo-listo-en-varadero-para-la-iv-edicion-de-la-travesia-de-aguas-abiertas-gran-retto-2025\/#primaryimage"},"image":{"@id":"https:\/\/realidadturistica.com\/realtur\/todo-listo-en-varadero-para-la-iv-edicion-de-la-travesia-de-aguas-abiertas-gran-retto-2025\/#primaryimage"},"thumbnailUrl":"https:\/\/realidadturistica.com\/realtur\/wp-content\/uploads\/2025\/09\/IMG-20250912-WA0006.jpg","datePublished":"2025-09-13T04:35:19+00:00","dateModified":"2025-09-13T04:35:22+00:00","breadcrumb":{"@id":"https:\/\/realidadturistica.com\/realtur\/todo-listo-en-varadero-para-la-iv-edicion-de-la-travesia-de-aguas-abiertas-gran-retto-2025\/#breadcrumb"},"inLanguage":"es","potentialAction":[{"@type":"ReadAction","target":["https:\/\/realidadturistica.com\/realtur\/todo-listo-en-varadero-para-la-iv-edicion-de-la-travesia-de-aguas-abiertas-gran-retto-2025\/"]}]},{"@type":"ImageObject","inLanguage":"es","@id":"https:\/\/realidadturistica.com\/realtur\/todo-listo-en-varadero-para-la-iv-edicion-de-la-travesia-de-aguas-abiertas-gran-retto-2025\/#primaryimage","url":"https:\/\/realidadturistica.com\/realtur\/wp-content\/uploads\/2025\/09\/IMG-20250912-WA0006.jpg","contentUrl":"https:\/\/realidadturistica.com\/realtur\/wp-content\/uploads\/2025\/09\/IMG-20250912-WA0006.jpg","width":1056,"height":800},{"@type":"BreadcrumbList","@id":"https:\/\/realidadturistica.com\/realtur\/todo-listo-en-varadero-para-la-iv-edicion-de-la-travesia-de-aguas-abiertas-gran-retto-2025\/#breadcrumb","itemListElement":[{"@type":"ListItem","position":1,"name":"Portada","item":"https:\/\/realidadturistica.com\/realtur\/"},{"@type":"ListItem","position":2,"name":"Todo listo en Varadero para la IV edici\u00f3n de la Traves\u00eda de Aguas Abiertas Gran Retto 2025"}]},{"@type":"WebSite","@id":"https:\/\/realidadturistica.com\/realtur\/#website","url":"https:\/\/realidadturistica.com\/realtur\/","name":"Realidad Tur\u00edstica","description":"","publisher":{"@id":"https:\/\/realidadturistica.com\/realtur\/#organization"},"potentialAction":[{"@type":"SearchAction","target":{"@type":"EntryPoint","urlTemplate":"https:\/\/realidadturistica.com\/realtur\/?s={search_term_string}"},"query-input":{"@type":"PropertyValueSpecification","valueRequired":true,"valueName":"search_term_string"}}],"inLanguage":"es"},{"@type":"Organization","@id":"https:\/\/realidadturistica.com\/realtur\/#organization","name":"Realidad Tur\u00edstica","url":"https:\/\/realidadturistica.com\/realtur\/","logo":{"@type":"ImageObject","inLanguage":"es","@id":"https:\/\/realidadturistica.com\/realtur\/#\/schema\/logo\/image\/","url":"https:\/\/realidadturistica.com\/realtur\/wp-content\/uploads\/2021\/12\/logotipo-realidad-turistica.png","contentUrl":"https:\/\/realidadturistica.com\/realtur\/wp-content\/uploads\/2021\/12\/logotipo-realidad-turistica.png","width":1382,"height":629,"caption":"Realidad Tur\u00edstica"},"image":{"@id":"https:\/\/realidadturistica.com\/realtur\/#\/schema\/logo\/image\/"},"sameAs":["https:\/\/www.facebook.com\/realidadturistica","https:\/\/www.instagram.com\/realidad_turistica\/"]},{"@type":"Person","@id":"https:\/\/realidadturistica.com\/realtur\/#\/schema\/person\/ade671191202490fcf08ab21590de73e","name":"Editor","image":{"@type":"ImageObject","inLanguage":"es","@id":"https:\/\/realidadturistica.com\/realtur\/wp-content\/uploads\/2023\/09\/Editor_avatar_1693668634-96x96.png","url":"https:\/\/realidadturistica.com\/realtur\/wp-content\/uploads\/2023\/09\/Editor_avatar_1693668634-96x96.png","contentUrl":"https:\/\/realidadturistica.com\/realtur\/wp-content\/uploads\/2023\/09\/Editor_avatar_1693668634-96x96.png","caption":"Editor"},"sameAs":["https:\/\/realidadturistica.com\/realtur"],"url":"https:\/\/realidadturistica.com\/realtur\/author\/editor2\/"}]}},"_links":{"self":[{"href":"https:\/\/realidadturistica.com\/realtur\/wp-json\/wp\/v2\/posts\/10724","targetHints":{"allow":["GET"]}}],"collection":[{"href":"https:\/\/realidadturistica.com\/realtur\/wp-json\/wp\/v2\/posts"}],"about":[{"href":"https:\/\/realidadturistica.com\/realtur\/wp-json\/wp\/v2\/types\/post"}],"author":[{"embeddable":true,"href":"https:\/\/realidadturistica.com\/realtur\/wp-json\/wp\/v2\/users\/2"}],"replies":[{"embeddable":true,"href":"https:\/\/realidadturistica.com\/realtur\/wp-json\/wp\/v2\/comments?post=10724"}],"version-history":[{"count":2,"href":"https:\/\/realidadturistica.com\/realtur\/wp-json\/wp\/v2\/posts\/10724\/revisions"}],"predecessor-version":[{"id":10730,"href":"https:\/\/realidadturistica.com\/realtur\/wp-json\/wp\/v2\/posts\/10724\/revisions\/10730"}],"wp:featuredmedia":[{"embeddable":true,"href":"https:\/\/realidadturistica.com\/realtur\/wp-json\/wp\/v2\/media\/10725"}],"wp:attachment":[{"href":"https:\/\/realidadturistica.com\/realtur\/wp-json\/wp\/v2\/media?parent=10724"}],"wp:term":[{"taxonomy":"category","embeddable":true,"href":"https:\/\/realidadturistica.com\/realtur\/wp-json\/wp\/v2\/categories?post=10724"},{"taxonomy":"post_tag","embeddable":true,"href":"https:\/\/realidadturistica.com\/realtur\/wp-json\/wp\/v2\/tags?post=10724"}],"curies":[{"name":"wp","href":"https:\/\/api.w.org\/{rel}","templated":true}]}}