{"id":10985,"date":"2025-10-17T12:10:35","date_gmt":"2025-10-17T12:10:35","guid":{"rendered":"https:\/\/realidadturistica.com\/realtur\/?p=10985"},"modified":"2025-10-17T12:10:38","modified_gmt":"2025-10-17T12:10:38","slug":"paradisus-fuerteventura-celebra-su-inauguracion-con-una-velada-unica-que-redefine-el-lujo-todo-incluido","status":"publish","type":"post","link":"https:\/\/realidadturistica.com\/realtur\/paradisus-fuerteventura-celebra-su-inauguracion-con-una-velada-unica-que-redefine-el-lujo-todo-incluido\/","title":{"rendered":"Paradisus Fuerteventura celebra su inauguraci\u00f3n con una velada \u00fanica que redefine el lujo todo incluido"},"content":{"rendered":"\n<p class=\"wp-block-yoast-seo-estimated-reading-time yoast-reading-time__wrapper\"><span class=\"yoast-reading-time__icon\"><svg aria-hidden=\"true\" focusable=\"false\" data-icon=\"clock\" width=\"20\" height=\"20\" fill=\"none\" stroke=\"currentColor\" style=\"display:inline-block;vertical-align:-0.1em\" role=\"img\" xmlns=\"http:\/\/www.w3.org\/2000\/svg\" viewBox=\"0 0 24 24\"><path stroke-linecap=\"round\" stroke-linejoin=\"round\" stroke-width=\"2\" d=\"M12 8v4l3 3m6-3a9 9 0 11-18 0 9 9 0 0118 0z\"><\/path><\/svg><\/span><span class=\"yoast-reading-time__spacer\" style=\"display:inline-block;width:1em\"><\/span><span class=\"yoast-reading-time__descriptive-text\">Estimated reading time: <\/span><span class=\"yoast-reading-time__reading-time\">7<\/span><span class=\"yoast-reading-time__time-unit\"> minutos<\/span><\/p>\n\n\n\n<p>&nbsp;Con su filosof\u00eda de \u201cbienestar dise\u00f1ado por el destino\u201d, Paradisus Fuerteventura se consolida como el nuevo referente de lujo experiencial en la playa de Sotavento, enmarcando la conexi\u00f3n con la naturaleza en un enclave \u00fanico<\/p>\n\n\n\n<p>La Isla dio la bienvenida a su primer hotel de lujo todo incluido en un evento en el que se cont\u00f3 con presencia institucional y celebrities de la talla de Ariadne Artiles y Helen Lindes<\/p>\n\n\n\n<p>Esta apertura es fruto de la alianza firmada por Meli\u00e1 Hotels International con Banca March, entidad de referencia en el sector tur\u00edstico con la que han desarrollado este espectacular proyecto. La entidad y clientes de la misma son copropietarios del hotel en el marco de una estrategia de Coinversi\u00f3n, seg\u00fan la cual \u00e9stos acceden como socios a proyectos en los que participa el banco<\/p>\n\n\n\n<p>Palma de Mallorca, 17 de octubre de 2025. El pasado jueves, 16 de octubre, el nuevo Paradisus Fuerteventura celebr\u00f3 su esperada inauguraci\u00f3n con un evento exclusivo que reuni\u00f3 a personalidades del mundo de la moda, la cultura y la comunicaci\u00f3n, en un entorno donde el lujo, el destino y la conexi\u00f3n con el entorno fueron los protagonistas.<\/p>\n\n\n\n<p>La velada fue conducida por los representantes de Banca March, co-propietaria del hotel junto con clientes de la entidad, encabezados por su Consejero Delegado Jose Luis Acea, y&nbsp; Meli\u00e1 Hotels International con su Presidente y CEO Gabriel Escarrer al frente, as\u00ed como un importante elenco de autoridades y personalidades de Fuerteventura y de las Islas Canarias. Juntos dieron la bienvenida a los asistentes y presentaron Paradisus Fuerteventura como el nuevo icono del lujo todo incluido en las Islas Canarias. Durante la noche, los asistentes fueron testigos del concepto \u201cbienestar dise\u00f1ado por el destino\u201d, una filosof\u00eda que busca ofrecer experiencias personalizadas centradas en el equilibrio f\u00edsico, mental y emocional de cada hu\u00e9sped para customizar al detalle unas vacaciones de ensue\u00f1o.<\/p>\n\n\n\n<p>Entre los invitados al evento se encontraban modelos de la talla de Ariadne Artiles, Helen Lindes, y personalidades de la actualidad como Eugenia Osborne, Esther Acebo, Emily Turney y Daniel Castilla, quienes disfrutaron de una experiencia inmersiva bajo el cielo estrellado majorero. El evento, \u201cinspirado por el destino\u201d en l\u00ednea con la filosof\u00eda de la marca Paradisus, tuvo un exquisito sabor y color local, cont\u00f3 tambi\u00e9n con especialidades gastron\u00f3micas canarias, m\u00fasicos de la isla y con la presencia de los artesanos locales que han dado forma a la esencia est\u00e9tica del hotel, una colaboraci\u00f3n que pone en valor el saber hacer y la autenticidad del talento insular.<\/p>\n\n\n\n<p>La velada culmin\u00f3 con un c\u00f3ctel que combin\u00f3 DJ set, estaciones gastron\u00f3micas \u2014una por cada espacio culinario del hotel\u2014 y un espect\u00e1culo en vivo, creando una atm\u00f3sfera \u00fanica al atardecer que celebr\u00f3 la esencia libre y vibrante de Fuerteventura.<\/p>\n\n\n\n<p>Paradisus Fuerteventura, la puerta para descubrir el lujo natural de la isla<\/p>\n\n\n\n<p>Situado frente a la playa de Sotavento, uno de los paisajes m\u00e1s impresionantes del archipi\u00e9lago y declarada Reserva de la Biosfera por la UNESCO, Paradisus Fuerteventura ofrece mucho m\u00e1s que unas simples vacaciones. Con su concepto de lujo todo incluido, los hu\u00e9spedes pueden definir su estancia a su propio ritmo gracias a una amplia variedad de experiencias que abarcan desde la relajaci\u00f3n hasta la diversi\u00f3n, tanto dentro como fuera del hotel. Todo ello nace del entorno que lo rodea, que inspira la arquitectura, la artesan\u00eda, la gastronom\u00eda, las actividades y las vivencias, integr\u00e1ndolas de forma arm\u00f3nica y natural. De este modo, Paradisus Fuerteventura invita a reconectar con uno mismo y con el destino a trav\u00e9s de un programa que equilibra bienestar, aventura y cultura local.<\/p>\n\n\n\n<p>El resort ofrece una amplia propuesta de experiencias, desde deportes acu\u00e1ticos como windsurf y kitesurf de la mano del centro Ren\u00e9 Egli by Meli\u00e1, hasta rituales de bienestar, talleres de artesan\u00eda y conciertos al atardecer. Tambi\u00e9n la gastronom\u00eda de primer nivel est\u00e1 presente con MAHOS, el restaurante insignia del hotel liderado por el chef Germ\u00e1n Ortega, que propone una cocina de autor inspirada en los ingredientes y sabores locales de la isla.<\/p>\n\n\n\n<p>Con esta apertura, Paradisus by Meli\u00e1 consolida su presencia en las Islas Canarias, posicionando a Fuerteventura como un destino de desconexi\u00f3n, exclusividad y bienestar, uni\u00e9ndose as\u00ed a la colecci\u00f3n de hoteles en el archipi\u00e9lago Paradisus Salinas Lanzarote y Paradisus Gran Canarias, que buscan ofrecer no solo una estancia, sino una experiencia transformadora. El proyecto es parte de la alianza firmada hace dos a\u00f1os por Meli\u00e1 Hotels International y Banca March para desarrollar proyectos conjuntos en el sector hotelero que, como Paradisus Fuerteventura, puedan crear valor compartido para los inversores y para los destinos de manera responsable.<\/p>\n\n\n\n<p>Como declar\u00f3 Jose Luis Acea, CEO de Banca March, \u201cPara nosotros, participar en un proyecto como Paradisus Fuerteventura es una oportunidad de contribuir al crecimiento sostenible de la isla, poniendo en valor su riqueza natural, cultural y humana. Esta colaboraci\u00f3n con Meli\u00e1 Hotels International refleja nuestra visi\u00f3n de largo plazo y nuestro compromiso con la inversi\u00f3n responsable, generadora de valor para el territorio y para las personas que lo habitan, adem\u00e1s de contribuir al prestigio del sector tur\u00edstico espa\u00f1ol. Es, adem\u00e1s un exponente del valor que buscamos generar en el marco de nuestras estrategias de Coinversi\u00f3n ya que Banca March es copropietaria del hotel junto con clientes de la entidad, La Coinversi\u00f3n es se\u00f1a de identidad y m\u00e1xima expresi\u00f3n de nuestro alineaci\u00f3n de intereses con nuestros clientes, ya que les invitamos a participar como socios en los mismos proyectos que el Grupo.<\/p>\n\n\n\n<p>Por su parte, el Presidente y CEO de Meli\u00e1 Hotels International, Gabriel Escarrer, afirm\u00f3: \u201c\u201cCon la apertura de Paradisus Fuerteventura reforzamos nuestra firme apuesta por las Islas Canarias como un destino clave para el turismo de calidad y sostenible. Este nuevo hotel representa la evoluci\u00f3n del concepto \u2018todo incluido\u2019, elev\u00e1ndolo a una experiencia transformadora que conecta profundamente con el entorno y la cultura local. Estamos muy satisfechos de nuestra alianza con Banca March, un partner de la m\u00e1xima confianza, con el que compartimos importantes valores y una visi\u00f3n del turismo del futuro\u201d.<\/p>\n\n\n\n<p>Paradisus Fuerteventura se convierte as\u00ed en la segunda apertura de las tres previstas en la alianza estrat\u00e9gica que Meli\u00e1 Hotels International firm\u00f3 junto a la entidad bancaria Banca March. El objetivo de la colaboraci\u00f3n fue y es desarrollar proyectos conjuntos que creen valor compartido para los inversores y para los destinos de manera responsable.<\/p>\n\n\n\n<p>M\u00e1s que un hotel, Paradisus Fuerteventura se presenta como un refugio donde detenerse, respirar y reconectar con lo esencial. En una isla declarada Reserva de la Biosfera por la UNESCO, el nuevo resort redefine el lujo a trav\u00e9s de la autenticidad, la calma y la conexi\u00f3n con el destino.<\/p>\n\n\n\n<p>Acerca de Meli\u00e1 Hotels International<\/p>\n\n\n\n<p>Fundada en 1956 en Palma de Mallorca (Espa\u00f1a), Meli\u00e1 Hotels International ha construido una trayectoria s\u00f3lida a lo largo de casi setenta a\u00f1os, posicion\u00e1ndose como uno de los grupos hoteleros m\u00e1s relevantes del mundo. Este liderazgo se ve respaldado por reconocimientos como el de empresa hotelera m\u00e1s sostenible de Europa (S&amp;P Global) y Top Employer Large Enterprise 2025, reflejo de nuestro compromiso con la sostenibilidad, el talento y la excelencia operativa. Actualmente, contamos con m\u00e1s de 400 hoteles en los principales destinos internacionales, operando bajo nueve marcas que responden a distintos estilos de viaje: Gran Meli\u00e1 Hotels &amp; Resorts, ME by Meli\u00e1, The Meli\u00e1 Collection, Paradisus by Meli\u00e1, Meli\u00e1 Hotels &amp; Resorts, ZEL, INNSiDE by Meli\u00e1, Sol by Meli\u00e1 y Affiliated by Meli\u00e1. Todas ellas comparten una misma vocaci\u00f3n: ofrecer experiencias aut\u00e9nticas, memorables y alineadas con los valores mediterr\u00e1neos que nos definen. Nuestra visi\u00f3n estrat\u00e9gica, centrada en la innovaci\u00f3n, la digitalizaci\u00f3n y el turismo responsable, nos permite seguir avanzando como referente en la industria, generando valor sostenible para nuestros grupos de inter\u00e9s y contribuyendo activamente al desarrollo de los destinos en los que operamos. Para m\u00e1s informaci\u00f3n: comunicacion@melia.com<\/p>\n\n\n\n<p>Meli\u00e1 Hotels International<\/p>\n","protected":false},"excerpt":{"rendered":"<p>&nbsp;Con su filosof\u00eda de \u201cbienestar dise\u00f1ado por el destino\u201d, Paradisus Fuerteventura se consolida como el nuevo referente de lujo experiencial en la playa de Sotavento,&hellip;<\/p>\n","protected":false},"author":2,"featured_media":10986,"comment_status":"open","ping_status":"closed","sticky":false,"template":"","format":"standard","meta":{"content-type":"","_lmt_disableupdate":"","_lmt_disable":"","footnotes":""},"categories":[6],"tags":[],"class_list":["post-10985","post","type-post","status-publish","format-standard","has-post-thumbnail","hentry","category-turismo"],"yoast_head":"<!-- This site is optimized with the Yoast SEO Premium plugin v27.4 (Yoast SEO v27.4) - https:\/\/yoast.com\/product\/yoast-seo-premium-wordpress\/ -->\n<title>Paradisus Fuerteventura celebra su inauguraci\u00f3n con una velada \u00fanica que redefine el lujo todo incluido - Realidad Tur\u00edstica<\/title>\n<meta name=\"robots\" content=\"index, follow, max-snippet:-1, max-image-preview:large, max-video-preview:-1\" \/>\n<link rel=\"canonical\" href=\"https:\/\/realidadturistica.com\/realtur\/paradisus-fuerteventura-celebra-su-inauguracion-con-una-velada-unica-que-redefine-el-lujo-todo-incluido\/\" \/>\n<meta property=\"og:locale\" content=\"es_ES\" \/>\n<meta property=\"og:type\" content=\"article\" \/>\n<meta property=\"og:title\" content=\"Paradisus Fuerteventura celebra su inauguraci\u00f3n con una velada \u00fanica que redefine el lujo todo incluido\" \/>\n<meta property=\"og:description\" content=\"&nbsp;Con su filosof\u00eda de \u201cbienestar dise\u00f1ado por el destino\u201d, Paradisus Fuerteventura se consolida como el nuevo referente de lujo experiencial en la playa de Sotavento,&hellip;\" \/>\n<meta property=\"og:url\" content=\"https:\/\/realidadturistica.com\/realtur\/paradisus-fuerteventura-celebra-su-inauguracion-con-una-velada-unica-que-redefine-el-lujo-todo-incluido\/\" \/>\n<meta property=\"og:site_name\" content=\"Realidad Tur\u00edstica\" \/>\n<meta property=\"article:publisher\" content=\"https:\/\/www.facebook.com\/realidadturistica\" \/>\n<meta property=\"article:published_time\" content=\"2025-10-17T12:10:35+00:00\" \/>\n<meta property=\"article:modified_time\" content=\"2025-10-17T12:10:38+00:00\" \/>\n<meta property=\"og:image\" content=\"https:\/\/realidadturistica.com\/realtur\/wp-content\/uploads\/2025\/10\/melia-hotels_copia-de-_a742604-jpg_2025-10-17_1145_Copia-de-_A742525-scaled.jpg\" \/>\n\t<meta property=\"og:image:width\" content=\"2560\" \/>\n\t<meta property=\"og:image:height\" content=\"1707\" \/>\n\t<meta property=\"og:image:type\" content=\"image\/jpeg\" \/>\n<meta name=\"author\" content=\"Editor\" \/>\n<meta name=\"twitter:card\" content=\"summary_large_image\" \/>\n<meta name=\"twitter:label1\" content=\"Escrito por\" \/>\n\t<meta name=\"twitter:data1\" content=\"Editor\" \/>\n\t<meta name=\"twitter:label2\" content=\"Tiempo de lectura\" \/>\n\t<meta name=\"twitter:data2\" content=\"7 minutos\" \/>\n<script type=\"application\/ld+json\" class=\"yoast-schema-graph\">{\"@context\":\"https:\\\/\\\/schema.org\",\"@graph\":[{\"@type\":\"Article\",\"@id\":\"https:\\\/\\\/realidadturistica.com\\\/realtur\\\/paradisus-fuerteventura-celebra-su-inauguracion-con-una-velada-unica-que-redefine-el-lujo-todo-incluido\\\/#article\",\"isPartOf\":{\"@id\":\"https:\\\/\\\/realidadturistica.com\\\/realtur\\\/paradisus-fuerteventura-celebra-su-inauguracion-con-una-velada-unica-que-redefine-el-lujo-todo-incluido\\\/\"},\"author\":{\"name\":\"Editor\",\"@id\":\"https:\\\/\\\/realidadturistica.com\\\/realtur\\\/#\\\/schema\\\/person\\\/ade671191202490fcf08ab21590de73e\"},\"headline\":\"Paradisus Fuerteventura celebra su inauguraci\u00f3n con una velada \u00fanica que redefine el lujo todo incluido\",\"datePublished\":\"2025-10-17T12:10:35+00:00\",\"dateModified\":\"2025-10-17T12:10:38+00:00\",\"mainEntityOfPage\":{\"@id\":\"https:\\\/\\\/realidadturistica.com\\\/realtur\\\/paradisus-fuerteventura-celebra-su-inauguracion-con-una-velada-unica-que-redefine-el-lujo-todo-incluido\\\/\"},\"wordCount\":1399,\"commentCount\":0,\"publisher\":{\"@id\":\"https:\\\/\\\/realidadturistica.com\\\/realtur\\\/#organization\"},\"image\":{\"@id\":\"https:\\\/\\\/realidadturistica.com\\\/realtur\\\/paradisus-fuerteventura-celebra-su-inauguracion-con-una-velada-unica-que-redefine-el-lujo-todo-incluido\\\/#primaryimage\"},\"thumbnailUrl\":\"https:\\\/\\\/realidadturistica.com\\\/realtur\\\/wp-content\\\/uploads\\\/2025\\\/10\\\/melia-hotels_copia-de-_a742604-jpg_2025-10-17_1145_Copia-de-_A742525-scaled.jpg\",\"articleSection\":[\"Turismo\"],\"inLanguage\":\"es\",\"potentialAction\":[{\"@type\":\"CommentAction\",\"name\":\"Comment\",\"target\":[\"https:\\\/\\\/realidadturistica.com\\\/realtur\\\/paradisus-fuerteventura-celebra-su-inauguracion-con-una-velada-unica-que-redefine-el-lujo-todo-incluido\\\/#respond\"]}]},{\"@type\":\"WebPage\",\"@id\":\"https:\\\/\\\/realidadturistica.com\\\/realtur\\\/paradisus-fuerteventura-celebra-su-inauguracion-con-una-velada-unica-que-redefine-el-lujo-todo-incluido\\\/\",\"url\":\"https:\\\/\\\/realidadturistica.com\\\/realtur\\\/paradisus-fuerteventura-celebra-su-inauguracion-con-una-velada-unica-que-redefine-el-lujo-todo-incluido\\\/\",\"name\":\"Paradisus Fuerteventura celebra su inauguraci\u00f3n con una velada \u00fanica que redefine el lujo todo incluido - Realidad Tur\u00edstica\",\"isPartOf\":{\"@id\":\"https:\\\/\\\/realidadturistica.com\\\/realtur\\\/#website\"},\"primaryImageOfPage\":{\"@id\":\"https:\\\/\\\/realidadturistica.com\\\/realtur\\\/paradisus-fuerteventura-celebra-su-inauguracion-con-una-velada-unica-que-redefine-el-lujo-todo-incluido\\\/#primaryimage\"},\"image\":{\"@id\":\"https:\\\/\\\/realidadturistica.com\\\/realtur\\\/paradisus-fuerteventura-celebra-su-inauguracion-con-una-velada-unica-que-redefine-el-lujo-todo-incluido\\\/#primaryimage\"},\"thumbnailUrl\":\"https:\\\/\\\/realidadturistica.com\\\/realtur\\\/wp-content\\\/uploads\\\/2025\\\/10\\\/melia-hotels_copia-de-_a742604-jpg_2025-10-17_1145_Copia-de-_A742525-scaled.jpg\",\"datePublished\":\"2025-10-17T12:10:35+00:00\",\"dateModified\":\"2025-10-17T12:10:38+00:00\",\"breadcrumb\":{\"@id\":\"https:\\\/\\\/realidadturistica.com\\\/realtur\\\/paradisus-fuerteventura-celebra-su-inauguracion-con-una-velada-unica-que-redefine-el-lujo-todo-incluido\\\/#breadcrumb\"},\"inLanguage\":\"es\",\"potentialAction\":[{\"@type\":\"ReadAction\",\"target\":[\"https:\\\/\\\/realidadturistica.com\\\/realtur\\\/paradisus-fuerteventura-celebra-su-inauguracion-con-una-velada-unica-que-redefine-el-lujo-todo-incluido\\\/\"]}]},{\"@type\":\"ImageObject\",\"inLanguage\":\"es\",\"@id\":\"https:\\\/\\\/realidadturistica.com\\\/realtur\\\/paradisus-fuerteventura-celebra-su-inauguracion-con-una-velada-unica-que-redefine-el-lujo-todo-incluido\\\/#primaryimage\",\"url\":\"https:\\\/\\\/realidadturistica.com\\\/realtur\\\/wp-content\\\/uploads\\\/2025\\\/10\\\/melia-hotels_copia-de-_a742604-jpg_2025-10-17_1145_Copia-de-_A742525-scaled.jpg\",\"contentUrl\":\"https:\\\/\\\/realidadturistica.com\\\/realtur\\\/wp-content\\\/uploads\\\/2025\\\/10\\\/melia-hotels_copia-de-_a742604-jpg_2025-10-17_1145_Copia-de-_A742525-scaled.jpg\",\"width\":2560,\"height\":1707},{\"@type\":\"BreadcrumbList\",\"@id\":\"https:\\\/\\\/realidadturistica.com\\\/realtur\\\/paradisus-fuerteventura-celebra-su-inauguracion-con-una-velada-unica-que-redefine-el-lujo-todo-incluido\\\/#breadcrumb\",\"itemListElement\":[{\"@type\":\"ListItem\",\"position\":1,\"name\":\"Portada\",\"item\":\"https:\\\/\\\/realidadturistica.com\\\/realtur\\\/\"},{\"@type\":\"ListItem\",\"position\":2,\"name\":\"Paradisus Fuerteventura celebra su inauguraci\u00f3n con una velada \u00fanica que redefine el lujo todo incluido\"}]},{\"@type\":\"WebSite\",\"@id\":\"https:\\\/\\\/realidadturistica.com\\\/realtur\\\/#website\",\"url\":\"https:\\\/\\\/realidadturistica.com\\\/realtur\\\/\",\"name\":\"Realidad Tur\u00edstica\",\"description\":\"\",\"publisher\":{\"@id\":\"https:\\\/\\\/realidadturistica.com\\\/realtur\\\/#organization\"},\"potentialAction\":[{\"@type\":\"SearchAction\",\"target\":{\"@type\":\"EntryPoint\",\"urlTemplate\":\"https:\\\/\\\/realidadturistica.com\\\/realtur\\\/?s={search_term_string}\"},\"query-input\":{\"@type\":\"PropertyValueSpecification\",\"valueRequired\":true,\"valueName\":\"search_term_string\"}}],\"inLanguage\":\"es\"},{\"@type\":\"Organization\",\"@id\":\"https:\\\/\\\/realidadturistica.com\\\/realtur\\\/#organization\",\"name\":\"Realidad Tur\u00edstica\",\"url\":\"https:\\\/\\\/realidadturistica.com\\\/realtur\\\/\",\"logo\":{\"@type\":\"ImageObject\",\"inLanguage\":\"es\",\"@id\":\"https:\\\/\\\/realidadturistica.com\\\/realtur\\\/#\\\/schema\\\/logo\\\/image\\\/\",\"url\":\"https:\\\/\\\/realidadturistica.com\\\/realtur\\\/wp-content\\\/uploads\\\/2021\\\/12\\\/logotipo-realidad-turistica.png\",\"contentUrl\":\"https:\\\/\\\/realidadturistica.com\\\/realtur\\\/wp-content\\\/uploads\\\/2021\\\/12\\\/logotipo-realidad-turistica.png\",\"width\":1382,\"height\":629,\"caption\":\"Realidad Tur\u00edstica\"},\"image\":{\"@id\":\"https:\\\/\\\/realidadturistica.com\\\/realtur\\\/#\\\/schema\\\/logo\\\/image\\\/\"},\"sameAs\":[\"https:\\\/\\\/www.facebook.com\\\/realidadturistica\",\"https:\\\/\\\/www.instagram.com\\\/realidad_turistica\\\/\"]},{\"@type\":\"Person\",\"@id\":\"https:\\\/\\\/realidadturistica.com\\\/realtur\\\/#\\\/schema\\\/person\\\/ade671191202490fcf08ab21590de73e\",\"name\":\"Editor\",\"image\":{\"@type\":\"ImageObject\",\"inLanguage\":\"es\",\"@id\":\"https:\\\/\\\/realidadturistica.com\\\/realtur\\\/wp-content\\\/uploads\\\/2023\\\/09\\\/Editor_avatar_1693668634-96x96.png\",\"url\":\"https:\\\/\\\/realidadturistica.com\\\/realtur\\\/wp-content\\\/uploads\\\/2023\\\/09\\\/Editor_avatar_1693668634-96x96.png\",\"contentUrl\":\"https:\\\/\\\/realidadturistica.com\\\/realtur\\\/wp-content\\\/uploads\\\/2023\\\/09\\\/Editor_avatar_1693668634-96x96.png\",\"caption\":\"Editor\"},\"sameAs\":[\"https:\\\/\\\/realidadturistica.com\\\/realtur\"],\"url\":\"https:\\\/\\\/realidadturistica.com\\\/realtur\\\/author\\\/editor2\\\/\"}]}<\/script>\n<!-- \/ Yoast SEO Premium plugin. -->","yoast_head_json":{"title":"Paradisus Fuerteventura celebra su inauguraci\u00f3n con una velada \u00fanica que redefine el lujo todo incluido - Realidad Tur\u00edstica","robots":{"index":"index","follow":"follow","max-snippet":"max-snippet:-1","max-image-preview":"max-image-preview:large","max-video-preview":"max-video-preview:-1"},"canonical":"https:\/\/realidadturistica.com\/realtur\/paradisus-fuerteventura-celebra-su-inauguracion-con-una-velada-unica-que-redefine-el-lujo-todo-incluido\/","og_locale":"es_ES","og_type":"article","og_title":"Paradisus Fuerteventura celebra su inauguraci\u00f3n con una velada \u00fanica que redefine el lujo todo incluido","og_description":"&nbsp;Con su filosof\u00eda de \u201cbienestar dise\u00f1ado por el destino\u201d, Paradisus Fuerteventura se consolida como el nuevo referente de lujo experiencial en la playa de Sotavento,&hellip;","og_url":"https:\/\/realidadturistica.com\/realtur\/paradisus-fuerteventura-celebra-su-inauguracion-con-una-velada-unica-que-redefine-el-lujo-todo-incluido\/","og_site_name":"Realidad Tur\u00edstica","article_publisher":"https:\/\/www.facebook.com\/realidadturistica","article_published_time":"2025-10-17T12:10:35+00:00","article_modified_time":"2025-10-17T12:10:38+00:00","og_image":[{"width":2560,"height":1707,"url":"https:\/\/realidadturistica.com\/realtur\/wp-content\/uploads\/2025\/10\/melia-hotels_copia-de-_a742604-jpg_2025-10-17_1145_Copia-de-_A742525-scaled.jpg","type":"image\/jpeg"}],"author":"Editor","twitter_card":"summary_large_image","twitter_misc":{"Escrito por":"Editor","Tiempo de lectura":"7 minutos"},"schema":{"@context":"https:\/\/schema.org","@graph":[{"@type":"Article","@id":"https:\/\/realidadturistica.com\/realtur\/paradisus-fuerteventura-celebra-su-inauguracion-con-una-velada-unica-que-redefine-el-lujo-todo-incluido\/#article","isPartOf":{"@id":"https:\/\/realidadturistica.com\/realtur\/paradisus-fuerteventura-celebra-su-inauguracion-con-una-velada-unica-que-redefine-el-lujo-todo-incluido\/"},"author":{"name":"Editor","@id":"https:\/\/realidadturistica.com\/realtur\/#\/schema\/person\/ade671191202490fcf08ab21590de73e"},"headline":"Paradisus Fuerteventura celebra su inauguraci\u00f3n con una velada \u00fanica que redefine el lujo todo incluido","datePublished":"2025-10-17T12:10:35+00:00","dateModified":"2025-10-17T12:10:38+00:00","mainEntityOfPage":{"@id":"https:\/\/realidadturistica.com\/realtur\/paradisus-fuerteventura-celebra-su-inauguracion-con-una-velada-unica-que-redefine-el-lujo-todo-incluido\/"},"wordCount":1399,"commentCount":0,"publisher":{"@id":"https:\/\/realidadturistica.com\/realtur\/#organization"},"image":{"@id":"https:\/\/realidadturistica.com\/realtur\/paradisus-fuerteventura-celebra-su-inauguracion-con-una-velada-unica-que-redefine-el-lujo-todo-incluido\/#primaryimage"},"thumbnailUrl":"https:\/\/realidadturistica.com\/realtur\/wp-content\/uploads\/2025\/10\/melia-hotels_copia-de-_a742604-jpg_2025-10-17_1145_Copia-de-_A742525-scaled.jpg","articleSection":["Turismo"],"inLanguage":"es","potentialAction":[{"@type":"CommentAction","name":"Comment","target":["https:\/\/realidadturistica.com\/realtur\/paradisus-fuerteventura-celebra-su-inauguracion-con-una-velada-unica-que-redefine-el-lujo-todo-incluido\/#respond"]}]},{"@type":"WebPage","@id":"https:\/\/realidadturistica.com\/realtur\/paradisus-fuerteventura-celebra-su-inauguracion-con-una-velada-unica-que-redefine-el-lujo-todo-incluido\/","url":"https:\/\/realidadturistica.com\/realtur\/paradisus-fuerteventura-celebra-su-inauguracion-con-una-velada-unica-que-redefine-el-lujo-todo-incluido\/","name":"Paradisus Fuerteventura celebra su inauguraci\u00f3n con una velada \u00fanica que redefine el lujo todo incluido - Realidad Tur\u00edstica","isPartOf":{"@id":"https:\/\/realidadturistica.com\/realtur\/#website"},"primaryImageOfPage":{"@id":"https:\/\/realidadturistica.com\/realtur\/paradisus-fuerteventura-celebra-su-inauguracion-con-una-velada-unica-que-redefine-el-lujo-todo-incluido\/#primaryimage"},"image":{"@id":"https:\/\/realidadturistica.com\/realtur\/paradisus-fuerteventura-celebra-su-inauguracion-con-una-velada-unica-que-redefine-el-lujo-todo-incluido\/#primaryimage"},"thumbnailUrl":"https:\/\/realidadturistica.com\/realtur\/wp-content\/uploads\/2025\/10\/melia-hotels_copia-de-_a742604-jpg_2025-10-17_1145_Copia-de-_A742525-scaled.jpg","datePublished":"2025-10-17T12:10:35+00:00","dateModified":"2025-10-17T12:10:38+00:00","breadcrumb":{"@id":"https:\/\/realidadturistica.com\/realtur\/paradisus-fuerteventura-celebra-su-inauguracion-con-una-velada-unica-que-redefine-el-lujo-todo-incluido\/#breadcrumb"},"inLanguage":"es","potentialAction":[{"@type":"ReadAction","target":["https:\/\/realidadturistica.com\/realtur\/paradisus-fuerteventura-celebra-su-inauguracion-con-una-velada-unica-que-redefine-el-lujo-todo-incluido\/"]}]},{"@type":"ImageObject","inLanguage":"es","@id":"https:\/\/realidadturistica.com\/realtur\/paradisus-fuerteventura-celebra-su-inauguracion-con-una-velada-unica-que-redefine-el-lujo-todo-incluido\/#primaryimage","url":"https:\/\/realidadturistica.com\/realtur\/wp-content\/uploads\/2025\/10\/melia-hotels_copia-de-_a742604-jpg_2025-10-17_1145_Copia-de-_A742525-scaled.jpg","contentUrl":"https:\/\/realidadturistica.com\/realtur\/wp-content\/uploads\/2025\/10\/melia-hotels_copia-de-_a742604-jpg_2025-10-17_1145_Copia-de-_A742525-scaled.jpg","width":2560,"height":1707},{"@type":"BreadcrumbList","@id":"https:\/\/realidadturistica.com\/realtur\/paradisus-fuerteventura-celebra-su-inauguracion-con-una-velada-unica-que-redefine-el-lujo-todo-incluido\/#breadcrumb","itemListElement":[{"@type":"ListItem","position":1,"name":"Portada","item":"https:\/\/realidadturistica.com\/realtur\/"},{"@type":"ListItem","position":2,"name":"Paradisus Fuerteventura celebra su inauguraci\u00f3n con una velada \u00fanica que redefine el lujo todo incluido"}]},{"@type":"WebSite","@id":"https:\/\/realidadturistica.com\/realtur\/#website","url":"https:\/\/realidadturistica.com\/realtur\/","name":"Realidad Tur\u00edstica","description":"","publisher":{"@id":"https:\/\/realidadturistica.com\/realtur\/#organization"},"potentialAction":[{"@type":"SearchAction","target":{"@type":"EntryPoint","urlTemplate":"https:\/\/realidadturistica.com\/realtur\/?s={search_term_string}"},"query-input":{"@type":"PropertyValueSpecification","valueRequired":true,"valueName":"search_term_string"}}],"inLanguage":"es"},{"@type":"Organization","@id":"https:\/\/realidadturistica.com\/realtur\/#organization","name":"Realidad Tur\u00edstica","url":"https:\/\/realidadturistica.com\/realtur\/","logo":{"@type":"ImageObject","inLanguage":"es","@id":"https:\/\/realidadturistica.com\/realtur\/#\/schema\/logo\/image\/","url":"https:\/\/realidadturistica.com\/realtur\/wp-content\/uploads\/2021\/12\/logotipo-realidad-turistica.png","contentUrl":"https:\/\/realidadturistica.com\/realtur\/wp-content\/uploads\/2021\/12\/logotipo-realidad-turistica.png","width":1382,"height":629,"caption":"Realidad Tur\u00edstica"},"image":{"@id":"https:\/\/realidadturistica.com\/realtur\/#\/schema\/logo\/image\/"},"sameAs":["https:\/\/www.facebook.com\/realidadturistica","https:\/\/www.instagram.com\/realidad_turistica\/"]},{"@type":"Person","@id":"https:\/\/realidadturistica.com\/realtur\/#\/schema\/person\/ade671191202490fcf08ab21590de73e","name":"Editor","image":{"@type":"ImageObject","inLanguage":"es","@id":"https:\/\/realidadturistica.com\/realtur\/wp-content\/uploads\/2023\/09\/Editor_avatar_1693668634-96x96.png","url":"https:\/\/realidadturistica.com\/realtur\/wp-content\/uploads\/2023\/09\/Editor_avatar_1693668634-96x96.png","contentUrl":"https:\/\/realidadturistica.com\/realtur\/wp-content\/uploads\/2023\/09\/Editor_avatar_1693668634-96x96.png","caption":"Editor"},"sameAs":["https:\/\/realidadturistica.com\/realtur"],"url":"https:\/\/realidadturistica.com\/realtur\/author\/editor2\/"}]}},"_links":{"self":[{"href":"https:\/\/realidadturistica.com\/realtur\/wp-json\/wp\/v2\/posts\/10985","targetHints":{"allow":["GET"]}}],"collection":[{"href":"https:\/\/realidadturistica.com\/realtur\/wp-json\/wp\/v2\/posts"}],"about":[{"href":"https:\/\/realidadturistica.com\/realtur\/wp-json\/wp\/v2\/types\/post"}],"author":[{"embeddable":true,"href":"https:\/\/realidadturistica.com\/realtur\/wp-json\/wp\/v2\/users\/2"}],"replies":[{"embeddable":true,"href":"https:\/\/realidadturistica.com\/realtur\/wp-json\/wp\/v2\/comments?post=10985"}],"version-history":[{"count":1,"href":"https:\/\/realidadturistica.com\/realtur\/wp-json\/wp\/v2\/posts\/10985\/revisions"}],"predecessor-version":[{"id":10987,"href":"https:\/\/realidadturistica.com\/realtur\/wp-json\/wp\/v2\/posts\/10985\/revisions\/10987"}],"wp:featuredmedia":[{"embeddable":true,"href":"https:\/\/realidadturistica.com\/realtur\/wp-json\/wp\/v2\/media\/10986"}],"wp:attachment":[{"href":"https:\/\/realidadturistica.com\/realtur\/wp-json\/wp\/v2\/media?parent=10985"}],"wp:term":[{"taxonomy":"category","embeddable":true,"href":"https:\/\/realidadturistica.com\/realtur\/wp-json\/wp\/v2\/categories?post=10985"},{"taxonomy":"post_tag","embeddable":true,"href":"https:\/\/realidadturistica.com\/realtur\/wp-json\/wp\/v2\/tags?post=10985"}],"curies":[{"name":"wp","href":"https:\/\/api.w.org\/{rel}","templated":true}]}}