{"id":11058,"date":"2025-10-25T00:15:33","date_gmt":"2025-10-25T00:15:33","guid":{"rendered":"https:\/\/realidadturistica.com\/realtur\/?p=11058"},"modified":"2025-10-25T00:15:35","modified_gmt":"2025-10-25T00:15:35","slug":"enjoy-travel-group-fortalece-lazos-comerciales-en-experiencias-gran-caribe-2025","status":"publish","type":"post","link":"https:\/\/realidadturistica.com\/realtur\/enjoy-travel-group-fortalece-lazos-comerciales-en-experiencias-gran-caribe-2025\/","title":{"rendered":"Enjoy Travel Group fortalece lazos comerciales en Experiencias Gran Caribe 2025"},"content":{"rendered":"\n<p class=\"wp-block-yoast-seo-estimated-reading-time yoast-reading-time__wrapper\"><span class=\"yoast-reading-time__icon\"><svg aria-hidden=\"true\" focusable=\"false\" data-icon=\"clock\" width=\"20\" height=\"20\" fill=\"none\" stroke=\"currentColor\" style=\"display:inline-block;vertical-align:-0.1em\" role=\"img\" xmlns=\"http:\/\/www.w3.org\/2000\/svg\" viewBox=\"0 0 24 24\"><path stroke-linecap=\"round\" stroke-linejoin=\"round\" stroke-width=\"2\" d=\"M12 8v4l3 3m6-3a9 9 0 11-18 0 9 9 0 0118 0z\"><\/path><\/svg><\/span><span class=\"yoast-reading-time__spacer\" style=\"display:inline-block;width:1em\"><\/span><span class=\"yoast-reading-time__descriptive-text\">Estimated reading time: <\/span><span class=\"yoast-reading-time__reading-time\">2<\/span><span class=\"yoast-reading-time__time-unit\"> minutos<\/span><\/p>\n\n\n\n<p>La Habana, Cuba | Del 22 al 25 de octubre, <a href=\"https:\/\/www.enjoytravelgroup.com\/\">Enjoy Travel Group<\/a> particip\u00f3 activamente en el evento Experiencias Gran Caribe 2025, una cita profesional organizada por la cadena hotelera Gran Caribe, que reuni\u00f3 a touroperadores, agencias de viaje, prensa especializada y representantes del sector tur\u00edstico en La Habana y Varadero.<\/p>\n\n\n\n<figure class=\"wp-block-gallery has-nested-images columns-default is-cropped wp-block-gallery-1 is-layout-flex wp-block-gallery-is-layout-flex\">\n<figure class=\"wp-block-image size-large\"><img fetchpriority=\"high\" decoding=\"async\" width=\"1020\" height=\"471\" data-id=\"11060\" src=\"https:\/\/realidadturistica.com\/realtur\/wp-content\/uploads\/2025\/10\/Enjoy-Travel-Group-fortalece2.jpg\" alt=\"\" class=\"wp-image-11060\" srcset=\"https:\/\/realidadturistica.com\/realtur\/wp-content\/uploads\/2025\/10\/Enjoy-Travel-Group-fortalece2.jpg 1020w, https:\/\/realidadturistica.com\/realtur\/wp-content\/uploads\/2025\/10\/Enjoy-Travel-Group-fortalece2-300x139.jpg 300w, https:\/\/realidadturistica.com\/realtur\/wp-content\/uploads\/2025\/10\/Enjoy-Travel-Group-fortalece2-768x355.jpg 768w, https:\/\/realidadturistica.com\/realtur\/wp-content\/uploads\/2025\/10\/Enjoy-Travel-Group-fortalece2-585x270.jpg 585w\" sizes=\"(max-width: 1020px) 100vw, 1020px\" \/><\/figure>\n\n\n\n<figure class=\"wp-block-image size-large\"><img decoding=\"async\" width=\"1024\" height=\"769\" data-id=\"11061\" src=\"https:\/\/realidadturistica.com\/realtur\/wp-content\/uploads\/2025\/10\/Enjoy-Travel-Group-fortalece3-1024x769.jpg\" alt=\"\" class=\"wp-image-11061\" srcset=\"https:\/\/realidadturistica.com\/realtur\/wp-content\/uploads\/2025\/10\/Enjoy-Travel-Group-fortalece3-1024x769.jpg 1024w, https:\/\/realidadturistica.com\/realtur\/wp-content\/uploads\/2025\/10\/Enjoy-Travel-Group-fortalece3-300x225.jpg 300w, https:\/\/realidadturistica.com\/realtur\/wp-content\/uploads\/2025\/10\/Enjoy-Travel-Group-fortalece3-768x576.jpg 768w, https:\/\/realidadturistica.com\/realtur\/wp-content\/uploads\/2025\/10\/Enjoy-Travel-Group-fortalece3-1536x1153.jpg 1536w, https:\/\/realidadturistica.com\/realtur\/wp-content\/uploads\/2025\/10\/Enjoy-Travel-Group-fortalece3-1170x878.jpg 1170w, https:\/\/realidadturistica.com\/realtur\/wp-content\/uploads\/2025\/10\/Enjoy-Travel-Group-fortalece3-585x439.jpg 585w, https:\/\/realidadturistica.com\/realtur\/wp-content\/uploads\/2025\/10\/Enjoy-Travel-Group-fortalece3-1200x900.jpg 1200w, https:\/\/realidadturistica.com\/realtur\/wp-content\/uploads\/2025\/10\/Enjoy-Travel-Group-fortalece3.jpg 1600w\" sizes=\"(max-width: 1024px) 100vw, 1024px\" \/><\/figure>\n<\/figure>\n\n\n\n<p>Como parte de su estrategia de expansi\u00f3n y consolidaci\u00f3n de producto Cuba, <a href=\"https:\/\/www.enjoytravelgroup.com\/\">Enjoy Travel Group<\/a> moviliz\u00f3 a un grupo selecto de touroperadores del sureste mexicano para una visita de prospecci\u00f3n, con el objetivo de fortalecer alianzas, conocer de primera mano las capacidades hoteleras y activar nuevas experiencias para el viajero mexicano.<\/p>\n\n\n\n<p>Entre las agencias participantes destacaron Viajes Destino, Excursiones C\u00e1rdenas, Bah\u00eda Tours y Viaja con Memo, quienes recorrieron propiedades emblem\u00e1ticas como el Hotel Nacional de Cuba, Villa Cuba, Playa Caleta, Kawama, Meli\u00e1 Internacional y Arenas Doradas, adem\u00e1s de participar en workshops, presentaciones de producto y actividades culturales.<\/p>\n\n\n\n<figure class=\"wp-block-gallery has-nested-images columns-default is-cropped wp-block-gallery-2 is-layout-flex wp-block-gallery-is-layout-flex\">\n<figure class=\"wp-block-image size-large\"><img decoding=\"async\" width=\"768\" height=\"1024\" data-id=\"11062\" src=\"https:\/\/realidadturistica.com\/realtur\/wp-content\/uploads\/2025\/10\/Enjoy-Travel-Group-fortalece5-768x1024.jpg\" alt=\"\" class=\"wp-image-11062\" srcset=\"https:\/\/realidadturistica.com\/realtur\/wp-content\/uploads\/2025\/10\/Enjoy-Travel-Group-fortalece5-768x1024.jpg 768w, https:\/\/realidadturistica.com\/realtur\/wp-content\/uploads\/2025\/10\/Enjoy-Travel-Group-fortalece5-225x300.jpg 225w, https:\/\/realidadturistica.com\/realtur\/wp-content\/uploads\/2025\/10\/Enjoy-Travel-Group-fortalece5-585x780.jpg 585w, https:\/\/realidadturistica.com\/realtur\/wp-content\/uploads\/2025\/10\/Enjoy-Travel-Group-fortalece5.jpg 810w\" sizes=\"(max-width: 768px) 100vw, 768px\" \/><\/figure>\n\n\n\n<figure class=\"wp-block-image size-large\"><img loading=\"lazy\" decoding=\"async\" width=\"768\" height=\"1024\" data-id=\"11063\" src=\"https:\/\/realidadturistica.com\/realtur\/wp-content\/uploads\/2025\/10\/Enjoy-Travel-Group-fortalece6-768x1024.jpg\" alt=\"\" class=\"wp-image-11063\" srcset=\"https:\/\/realidadturistica.com\/realtur\/wp-content\/uploads\/2025\/10\/Enjoy-Travel-Group-fortalece6-768x1024.jpg 768w, https:\/\/realidadturistica.com\/realtur\/wp-content\/uploads\/2025\/10\/Enjoy-Travel-Group-fortalece6-225x300.jpg 225w, https:\/\/realidadturistica.com\/realtur\/wp-content\/uploads\/2025\/10\/Enjoy-Travel-Group-fortalece6-585x780.jpg 585w, https:\/\/realidadturistica.com\/realtur\/wp-content\/uploads\/2025\/10\/Enjoy-Travel-Group-fortalece6.jpg 960w\" sizes=\"(max-width: 768px) 100vw, 768px\" \/><\/figure>\n<\/figure>\n\n\n\n<p>\u201cEsta misi\u00f3n comercial representa un esfuerzo conjunto entre nuestra oficina de M\u00e9rida y el equipo operativo en La Habana. Apostamos por una Cuba aut\u00e9ntica, conectada y competitiva para el mercado mexicano, y este tipo de experiencias nos permiten curar el producto con base en lo que realmente enamora al viajero\u201d, se\u00f1al\u00f3 Yaima Fierro, Gerente Comercial de <a href=\"https:\/\/www.enjoytravelgroup.com\/\">Enjoy Travel Group<\/a> \u2013 M\u00e9rida.<\/p>\n\n\n\n<p>Enjoy Travel Group<\/p>\n","protected":false},"excerpt":{"rendered":"<p>La Habana, Cuba | Del 22 al 25 de octubre, Enjoy Travel Group particip\u00f3 activamente en el evento Experiencias Gran Caribe 2025, una cita profesional&hellip;<\/p>\n","protected":false},"author":2,"featured_media":11059,"comment_status":"open","ping_status":"closed","sticky":false,"template":"","format":"standard","meta":{"content-type":"","_lmt_disableupdate":"","_lmt_disable":"","footnotes":""},"categories":[6],"tags":[],"class_list":["post-11058","post","type-post","status-publish","format-standard","has-post-thumbnail","hentry","category-turismo"],"yoast_head":"<!-- This site is optimized with the Yoast SEO Premium plugin v27.4 (Yoast SEO v27.5) - https:\/\/yoast.com\/product\/yoast-seo-premium-wordpress\/ -->\n<title>Enjoy Travel Group fortalece lazos comerciales en Experiencias Gran Caribe 2025 - Realidad Tur\u00edstica<\/title>\n<meta name=\"robots\" content=\"index, follow, max-snippet:-1, max-image-preview:large, max-video-preview:-1\" \/>\n<link rel=\"canonical\" href=\"https:\/\/realidadturistica.com\/realtur\/enjoy-travel-group-fortalece-lazos-comerciales-en-experiencias-gran-caribe-2025\/\" \/>\n<meta property=\"og:locale\" content=\"es_ES\" \/>\n<meta property=\"og:type\" content=\"article\" \/>\n<meta property=\"og:title\" content=\"Enjoy Travel Group fortalece lazos comerciales en Experiencias Gran Caribe 2025\" \/>\n<meta property=\"og:description\" content=\"La Habana, Cuba | Del 22 al 25 de octubre, Enjoy Travel Group particip\u00f3 activamente en el evento Experiencias Gran Caribe 2025, una cita profesional&hellip;\" \/>\n<meta property=\"og:url\" content=\"https:\/\/realidadturistica.com\/realtur\/enjoy-travel-group-fortalece-lazos-comerciales-en-experiencias-gran-caribe-2025\/\" \/>\n<meta property=\"og:site_name\" content=\"Realidad Tur\u00edstica\" \/>\n<meta property=\"article:publisher\" content=\"https:\/\/www.facebook.com\/realidadturistica\" \/>\n<meta property=\"article:published_time\" content=\"2025-10-25T00:15:33+00:00\" \/>\n<meta property=\"article:modified_time\" content=\"2025-10-25T00:15:35+00:00\" \/>\n<meta property=\"og:image\" content=\"https:\/\/realidadturistica.com\/realtur\/wp-content\/uploads\/2025\/10\/Enjoy-Travel-Group-fortalece-lazos-comerciales-en-Experiencias-Gran-Caribe-2025.jpeg\" \/>\n\t<meta property=\"og:image:width\" content=\"1600\" \/>\n\t<meta property=\"og:image:height\" content=\"1200\" \/>\n\t<meta property=\"og:image:type\" content=\"image\/jpeg\" \/>\n<meta name=\"author\" content=\"Editor\" \/>\n<meta name=\"twitter:card\" content=\"summary_large_image\" \/>\n<meta name=\"twitter:label1\" content=\"Escrito por\" \/>\n\t<meta name=\"twitter:data1\" content=\"Editor\" \/>\n\t<meta name=\"twitter:label2\" content=\"Tiempo de lectura\" \/>\n\t<meta name=\"twitter:data2\" content=\"2 minutos\" \/>\n<script type=\"application\/ld+json\" class=\"yoast-schema-graph\">{\"@context\":\"https:\\\/\\\/schema.org\",\"@graph\":[{\"@type\":\"Article\",\"@id\":\"https:\\\/\\\/realidadturistica.com\\\/realtur\\\/enjoy-travel-group-fortalece-lazos-comerciales-en-experiencias-gran-caribe-2025\\\/#article\",\"isPartOf\":{\"@id\":\"https:\\\/\\\/realidadturistica.com\\\/realtur\\\/enjoy-travel-group-fortalece-lazos-comerciales-en-experiencias-gran-caribe-2025\\\/\"},\"author\":{\"name\":\"Editor\",\"@id\":\"https:\\\/\\\/realidadturistica.com\\\/realtur\\\/#\\\/schema\\\/person\\\/ade671191202490fcf08ab21590de73e\"},\"headline\":\"Enjoy Travel Group fortalece lazos comerciales en Experiencias Gran Caribe 2025\",\"datePublished\":\"2025-10-25T00:15:33+00:00\",\"dateModified\":\"2025-10-25T00:15:35+00:00\",\"mainEntityOfPage\":{\"@id\":\"https:\\\/\\\/realidadturistica.com\\\/realtur\\\/enjoy-travel-group-fortalece-lazos-comerciales-en-experiencias-gran-caribe-2025\\\/\"},\"wordCount\":234,\"commentCount\":0,\"publisher\":{\"@id\":\"https:\\\/\\\/realidadturistica.com\\\/realtur\\\/#organization\"},\"image\":{\"@id\":\"https:\\\/\\\/realidadturistica.com\\\/realtur\\\/enjoy-travel-group-fortalece-lazos-comerciales-en-experiencias-gran-caribe-2025\\\/#primaryimage\"},\"thumbnailUrl\":\"https:\\\/\\\/realidadturistica.com\\\/realtur\\\/wp-content\\\/uploads\\\/2025\\\/10\\\/Enjoy-Travel-Group-fortalece-lazos-comerciales-en-Experiencias-Gran-Caribe-2025.jpeg\",\"articleSection\":[\"Turismo\"],\"inLanguage\":\"es\",\"potentialAction\":[{\"@type\":\"CommentAction\",\"name\":\"Comment\",\"target\":[\"https:\\\/\\\/realidadturistica.com\\\/realtur\\\/enjoy-travel-group-fortalece-lazos-comerciales-en-experiencias-gran-caribe-2025\\\/#respond\"]}]},{\"@type\":\"WebPage\",\"@id\":\"https:\\\/\\\/realidadturistica.com\\\/realtur\\\/enjoy-travel-group-fortalece-lazos-comerciales-en-experiencias-gran-caribe-2025\\\/\",\"url\":\"https:\\\/\\\/realidadturistica.com\\\/realtur\\\/enjoy-travel-group-fortalece-lazos-comerciales-en-experiencias-gran-caribe-2025\\\/\",\"name\":\"Enjoy Travel Group fortalece lazos comerciales en Experiencias Gran Caribe 2025 - Realidad Tur\u00edstica\",\"isPartOf\":{\"@id\":\"https:\\\/\\\/realidadturistica.com\\\/realtur\\\/#website\"},\"primaryImageOfPage\":{\"@id\":\"https:\\\/\\\/realidadturistica.com\\\/realtur\\\/enjoy-travel-group-fortalece-lazos-comerciales-en-experiencias-gran-caribe-2025\\\/#primaryimage\"},\"image\":{\"@id\":\"https:\\\/\\\/realidadturistica.com\\\/realtur\\\/enjoy-travel-group-fortalece-lazos-comerciales-en-experiencias-gran-caribe-2025\\\/#primaryimage\"},\"thumbnailUrl\":\"https:\\\/\\\/realidadturistica.com\\\/realtur\\\/wp-content\\\/uploads\\\/2025\\\/10\\\/Enjoy-Travel-Group-fortalece-lazos-comerciales-en-Experiencias-Gran-Caribe-2025.jpeg\",\"datePublished\":\"2025-10-25T00:15:33+00:00\",\"dateModified\":\"2025-10-25T00:15:35+00:00\",\"breadcrumb\":{\"@id\":\"https:\\\/\\\/realidadturistica.com\\\/realtur\\\/enjoy-travel-group-fortalece-lazos-comerciales-en-experiencias-gran-caribe-2025\\\/#breadcrumb\"},\"inLanguage\":\"es\",\"potentialAction\":[{\"@type\":\"ReadAction\",\"target\":[\"https:\\\/\\\/realidadturistica.com\\\/realtur\\\/enjoy-travel-group-fortalece-lazos-comerciales-en-experiencias-gran-caribe-2025\\\/\"]}]},{\"@type\":\"ImageObject\",\"inLanguage\":\"es\",\"@id\":\"https:\\\/\\\/realidadturistica.com\\\/realtur\\\/enjoy-travel-group-fortalece-lazos-comerciales-en-experiencias-gran-caribe-2025\\\/#primaryimage\",\"url\":\"https:\\\/\\\/realidadturistica.com\\\/realtur\\\/wp-content\\\/uploads\\\/2025\\\/10\\\/Enjoy-Travel-Group-fortalece-lazos-comerciales-en-Experiencias-Gran-Caribe-2025.jpeg\",\"contentUrl\":\"https:\\\/\\\/realidadturistica.com\\\/realtur\\\/wp-content\\\/uploads\\\/2025\\\/10\\\/Enjoy-Travel-Group-fortalece-lazos-comerciales-en-Experiencias-Gran-Caribe-2025.jpeg\",\"width\":1600,\"height\":1200},{\"@type\":\"BreadcrumbList\",\"@id\":\"https:\\\/\\\/realidadturistica.com\\\/realtur\\\/enjoy-travel-group-fortalece-lazos-comerciales-en-experiencias-gran-caribe-2025\\\/#breadcrumb\",\"itemListElement\":[{\"@type\":\"ListItem\",\"position\":1,\"name\":\"Portada\",\"item\":\"https:\\\/\\\/realidadturistica.com\\\/realtur\\\/\"},{\"@type\":\"ListItem\",\"position\":2,\"name\":\"Enjoy Travel Group fortalece lazos comerciales en Experiencias Gran Caribe 2025\"}]},{\"@type\":\"WebSite\",\"@id\":\"https:\\\/\\\/realidadturistica.com\\\/realtur\\\/#website\",\"url\":\"https:\\\/\\\/realidadturistica.com\\\/realtur\\\/\",\"name\":\"Realidad Tur\u00edstica\",\"description\":\"\",\"publisher\":{\"@id\":\"https:\\\/\\\/realidadturistica.com\\\/realtur\\\/#organization\"},\"potentialAction\":[{\"@type\":\"SearchAction\",\"target\":{\"@type\":\"EntryPoint\",\"urlTemplate\":\"https:\\\/\\\/realidadturistica.com\\\/realtur\\\/?s={search_term_string}\"},\"query-input\":{\"@type\":\"PropertyValueSpecification\",\"valueRequired\":true,\"valueName\":\"search_term_string\"}}],\"inLanguage\":\"es\"},{\"@type\":\"Organization\",\"@id\":\"https:\\\/\\\/realidadturistica.com\\\/realtur\\\/#organization\",\"name\":\"Realidad Tur\u00edstica\",\"url\":\"https:\\\/\\\/realidadturistica.com\\\/realtur\\\/\",\"logo\":{\"@type\":\"ImageObject\",\"inLanguage\":\"es\",\"@id\":\"https:\\\/\\\/realidadturistica.com\\\/realtur\\\/#\\\/schema\\\/logo\\\/image\\\/\",\"url\":\"https:\\\/\\\/realidadturistica.com\\\/realtur\\\/wp-content\\\/uploads\\\/2021\\\/12\\\/logotipo-realidad-turistica.png\",\"contentUrl\":\"https:\\\/\\\/realidadturistica.com\\\/realtur\\\/wp-content\\\/uploads\\\/2021\\\/12\\\/logotipo-realidad-turistica.png\",\"width\":1382,\"height\":629,\"caption\":\"Realidad Tur\u00edstica\"},\"image\":{\"@id\":\"https:\\\/\\\/realidadturistica.com\\\/realtur\\\/#\\\/schema\\\/logo\\\/image\\\/\"},\"sameAs\":[\"https:\\\/\\\/www.facebook.com\\\/realidadturistica\",\"https:\\\/\\\/www.instagram.com\\\/realidad_turistica\\\/\"]},{\"@type\":\"Person\",\"@id\":\"https:\\\/\\\/realidadturistica.com\\\/realtur\\\/#\\\/schema\\\/person\\\/ade671191202490fcf08ab21590de73e\",\"name\":\"Editor\",\"image\":{\"@type\":\"ImageObject\",\"inLanguage\":\"es\",\"@id\":\"https:\\\/\\\/realidadturistica.com\\\/realtur\\\/wp-content\\\/uploads\\\/2023\\\/09\\\/Editor_avatar_1693668634-96x96.png\",\"url\":\"https:\\\/\\\/realidadturistica.com\\\/realtur\\\/wp-content\\\/uploads\\\/2023\\\/09\\\/Editor_avatar_1693668634-96x96.png\",\"contentUrl\":\"https:\\\/\\\/realidadturistica.com\\\/realtur\\\/wp-content\\\/uploads\\\/2023\\\/09\\\/Editor_avatar_1693668634-96x96.png\",\"caption\":\"Editor\"},\"sameAs\":[\"https:\\\/\\\/realidadturistica.com\\\/realtur\"],\"url\":\"https:\\\/\\\/realidadturistica.com\\\/realtur\\\/author\\\/editor2\\\/\"}]}<\/script>\n<!-- \/ Yoast SEO Premium plugin. -->","yoast_head_json":{"title":"Enjoy Travel Group fortalece lazos comerciales en Experiencias Gran Caribe 2025 - Realidad Tur\u00edstica","robots":{"index":"index","follow":"follow","max-snippet":"max-snippet:-1","max-image-preview":"max-image-preview:large","max-video-preview":"max-video-preview:-1"},"canonical":"https:\/\/realidadturistica.com\/realtur\/enjoy-travel-group-fortalece-lazos-comerciales-en-experiencias-gran-caribe-2025\/","og_locale":"es_ES","og_type":"article","og_title":"Enjoy Travel Group fortalece lazos comerciales en Experiencias Gran Caribe 2025","og_description":"La Habana, Cuba | Del 22 al 25 de octubre, Enjoy Travel Group particip\u00f3 activamente en el evento Experiencias Gran Caribe 2025, una cita profesional&hellip;","og_url":"https:\/\/realidadturistica.com\/realtur\/enjoy-travel-group-fortalece-lazos-comerciales-en-experiencias-gran-caribe-2025\/","og_site_name":"Realidad Tur\u00edstica","article_publisher":"https:\/\/www.facebook.com\/realidadturistica","article_published_time":"2025-10-25T00:15:33+00:00","article_modified_time":"2025-10-25T00:15:35+00:00","og_image":[{"width":1600,"height":1200,"url":"https:\/\/realidadturistica.com\/realtur\/wp-content\/uploads\/2025\/10\/Enjoy-Travel-Group-fortalece-lazos-comerciales-en-Experiencias-Gran-Caribe-2025.jpeg","type":"image\/jpeg"}],"author":"Editor","twitter_card":"summary_large_image","twitter_misc":{"Escrito por":"Editor","Tiempo de lectura":"2 minutos"},"schema":{"@context":"https:\/\/schema.org","@graph":[{"@type":"Article","@id":"https:\/\/realidadturistica.com\/realtur\/enjoy-travel-group-fortalece-lazos-comerciales-en-experiencias-gran-caribe-2025\/#article","isPartOf":{"@id":"https:\/\/realidadturistica.com\/realtur\/enjoy-travel-group-fortalece-lazos-comerciales-en-experiencias-gran-caribe-2025\/"},"author":{"name":"Editor","@id":"https:\/\/realidadturistica.com\/realtur\/#\/schema\/person\/ade671191202490fcf08ab21590de73e"},"headline":"Enjoy Travel Group fortalece lazos comerciales en Experiencias Gran Caribe 2025","datePublished":"2025-10-25T00:15:33+00:00","dateModified":"2025-10-25T00:15:35+00:00","mainEntityOfPage":{"@id":"https:\/\/realidadturistica.com\/realtur\/enjoy-travel-group-fortalece-lazos-comerciales-en-experiencias-gran-caribe-2025\/"},"wordCount":234,"commentCount":0,"publisher":{"@id":"https:\/\/realidadturistica.com\/realtur\/#organization"},"image":{"@id":"https:\/\/realidadturistica.com\/realtur\/enjoy-travel-group-fortalece-lazos-comerciales-en-experiencias-gran-caribe-2025\/#primaryimage"},"thumbnailUrl":"https:\/\/realidadturistica.com\/realtur\/wp-content\/uploads\/2025\/10\/Enjoy-Travel-Group-fortalece-lazos-comerciales-en-Experiencias-Gran-Caribe-2025.jpeg","articleSection":["Turismo"],"inLanguage":"es","potentialAction":[{"@type":"CommentAction","name":"Comment","target":["https:\/\/realidadturistica.com\/realtur\/enjoy-travel-group-fortalece-lazos-comerciales-en-experiencias-gran-caribe-2025\/#respond"]}]},{"@type":"WebPage","@id":"https:\/\/realidadturistica.com\/realtur\/enjoy-travel-group-fortalece-lazos-comerciales-en-experiencias-gran-caribe-2025\/","url":"https:\/\/realidadturistica.com\/realtur\/enjoy-travel-group-fortalece-lazos-comerciales-en-experiencias-gran-caribe-2025\/","name":"Enjoy Travel Group fortalece lazos comerciales en Experiencias Gran Caribe 2025 - Realidad Tur\u00edstica","isPartOf":{"@id":"https:\/\/realidadturistica.com\/realtur\/#website"},"primaryImageOfPage":{"@id":"https:\/\/realidadturistica.com\/realtur\/enjoy-travel-group-fortalece-lazos-comerciales-en-experiencias-gran-caribe-2025\/#primaryimage"},"image":{"@id":"https:\/\/realidadturistica.com\/realtur\/enjoy-travel-group-fortalece-lazos-comerciales-en-experiencias-gran-caribe-2025\/#primaryimage"},"thumbnailUrl":"https:\/\/realidadturistica.com\/realtur\/wp-content\/uploads\/2025\/10\/Enjoy-Travel-Group-fortalece-lazos-comerciales-en-Experiencias-Gran-Caribe-2025.jpeg","datePublished":"2025-10-25T00:15:33+00:00","dateModified":"2025-10-25T00:15:35+00:00","breadcrumb":{"@id":"https:\/\/realidadturistica.com\/realtur\/enjoy-travel-group-fortalece-lazos-comerciales-en-experiencias-gran-caribe-2025\/#breadcrumb"},"inLanguage":"es","potentialAction":[{"@type":"ReadAction","target":["https:\/\/realidadturistica.com\/realtur\/enjoy-travel-group-fortalece-lazos-comerciales-en-experiencias-gran-caribe-2025\/"]}]},{"@type":"ImageObject","inLanguage":"es","@id":"https:\/\/realidadturistica.com\/realtur\/enjoy-travel-group-fortalece-lazos-comerciales-en-experiencias-gran-caribe-2025\/#primaryimage","url":"https:\/\/realidadturistica.com\/realtur\/wp-content\/uploads\/2025\/10\/Enjoy-Travel-Group-fortalece-lazos-comerciales-en-Experiencias-Gran-Caribe-2025.jpeg","contentUrl":"https:\/\/realidadturistica.com\/realtur\/wp-content\/uploads\/2025\/10\/Enjoy-Travel-Group-fortalece-lazos-comerciales-en-Experiencias-Gran-Caribe-2025.jpeg","width":1600,"height":1200},{"@type":"BreadcrumbList","@id":"https:\/\/realidadturistica.com\/realtur\/enjoy-travel-group-fortalece-lazos-comerciales-en-experiencias-gran-caribe-2025\/#breadcrumb","itemListElement":[{"@type":"ListItem","position":1,"name":"Portada","item":"https:\/\/realidadturistica.com\/realtur\/"},{"@type":"ListItem","position":2,"name":"Enjoy Travel Group fortalece lazos comerciales en Experiencias Gran Caribe 2025"}]},{"@type":"WebSite","@id":"https:\/\/realidadturistica.com\/realtur\/#website","url":"https:\/\/realidadturistica.com\/realtur\/","name":"Realidad Tur\u00edstica","description":"","publisher":{"@id":"https:\/\/realidadturistica.com\/realtur\/#organization"},"potentialAction":[{"@type":"SearchAction","target":{"@type":"EntryPoint","urlTemplate":"https:\/\/realidadturistica.com\/realtur\/?s={search_term_string}"},"query-input":{"@type":"PropertyValueSpecification","valueRequired":true,"valueName":"search_term_string"}}],"inLanguage":"es"},{"@type":"Organization","@id":"https:\/\/realidadturistica.com\/realtur\/#organization","name":"Realidad Tur\u00edstica","url":"https:\/\/realidadturistica.com\/realtur\/","logo":{"@type":"ImageObject","inLanguage":"es","@id":"https:\/\/realidadturistica.com\/realtur\/#\/schema\/logo\/image\/","url":"https:\/\/realidadturistica.com\/realtur\/wp-content\/uploads\/2021\/12\/logotipo-realidad-turistica.png","contentUrl":"https:\/\/realidadturistica.com\/realtur\/wp-content\/uploads\/2021\/12\/logotipo-realidad-turistica.png","width":1382,"height":629,"caption":"Realidad Tur\u00edstica"},"image":{"@id":"https:\/\/realidadturistica.com\/realtur\/#\/schema\/logo\/image\/"},"sameAs":["https:\/\/www.facebook.com\/realidadturistica","https:\/\/www.instagram.com\/realidad_turistica\/"]},{"@type":"Person","@id":"https:\/\/realidadturistica.com\/realtur\/#\/schema\/person\/ade671191202490fcf08ab21590de73e","name":"Editor","image":{"@type":"ImageObject","inLanguage":"es","@id":"https:\/\/realidadturistica.com\/realtur\/wp-content\/uploads\/2023\/09\/Editor_avatar_1693668634-96x96.png","url":"https:\/\/realidadturistica.com\/realtur\/wp-content\/uploads\/2023\/09\/Editor_avatar_1693668634-96x96.png","contentUrl":"https:\/\/realidadturistica.com\/realtur\/wp-content\/uploads\/2023\/09\/Editor_avatar_1693668634-96x96.png","caption":"Editor"},"sameAs":["https:\/\/realidadturistica.com\/realtur"],"url":"https:\/\/realidadturistica.com\/realtur\/author\/editor2\/"}]}},"_links":{"self":[{"href":"https:\/\/realidadturistica.com\/realtur\/wp-json\/wp\/v2\/posts\/11058","targetHints":{"allow":["GET"]}}],"collection":[{"href":"https:\/\/realidadturistica.com\/realtur\/wp-json\/wp\/v2\/posts"}],"about":[{"href":"https:\/\/realidadturistica.com\/realtur\/wp-json\/wp\/v2\/types\/post"}],"author":[{"embeddable":true,"href":"https:\/\/realidadturistica.com\/realtur\/wp-json\/wp\/v2\/users\/2"}],"replies":[{"embeddable":true,"href":"https:\/\/realidadturistica.com\/realtur\/wp-json\/wp\/v2\/comments?post=11058"}],"version-history":[{"count":1,"href":"https:\/\/realidadturistica.com\/realtur\/wp-json\/wp\/v2\/posts\/11058\/revisions"}],"predecessor-version":[{"id":11064,"href":"https:\/\/realidadturistica.com\/realtur\/wp-json\/wp\/v2\/posts\/11058\/revisions\/11064"}],"wp:featuredmedia":[{"embeddable":true,"href":"https:\/\/realidadturistica.com\/realtur\/wp-json\/wp\/v2\/media\/11059"}],"wp:attachment":[{"href":"https:\/\/realidadturistica.com\/realtur\/wp-json\/wp\/v2\/media?parent=11058"}],"wp:term":[{"taxonomy":"category","embeddable":true,"href":"https:\/\/realidadturistica.com\/realtur\/wp-json\/wp\/v2\/categories?post=11058"},{"taxonomy":"post_tag","embeddable":true,"href":"https:\/\/realidadturistica.com\/realtur\/wp-json\/wp\/v2\/tags?post=11058"}],"curies":[{"name":"wp","href":"https:\/\/api.w.org\/{rel}","templated":true}]}}