{"id":11077,"date":"2025-10-26T18:01:09","date_gmt":"2025-10-26T18:01:09","guid":{"rendered":"https:\/\/realidadturistica.com\/realtur\/?p=11077"},"modified":"2025-10-26T18:01:13","modified_gmt":"2025-10-26T18:01:13","slug":"por-primera-vez-en-yucatan-la-expo-pro-agro-innovacion-2025","status":"publish","type":"post","link":"https:\/\/realidadturistica.com\/realtur\/por-primera-vez-en-yucatan-la-expo-pro-agro-innovacion-2025\/","title":{"rendered":"Por primera vez en Yucat\u00e1n la Expo Pro Agro Innovaci\u00f3n 2025"},"content":{"rendered":"\n<p>M\u00e9xico. Con la presencia del Gobernador Joaqu\u00edn D\u00edaz Mena y el embajador de Panam\u00e1 en M\u00e9xico, Abraham Mart\u00ednez Montilla, qued\u00f3 inaugurada este viernes 23 de octubre en el recinto Siglo XXI la Expo Pro Agro Innovaci\u00f3n 2025, la primera que se realiza en Yucat\u00e1n, y que se extendi\u00f3 hasta el domingo 25 de octubre.<\/p>\n\n\n\n<p>Este tipo de encuentro busca fortalecer la cadena de valor agroindustrial y posicionar a Yucat\u00e1n como un destino l\u00edder en el turismo de reuniones en sectores especializados.<\/p>\n\n\n\n<figure class=\"wp-block-gallery has-nested-images columns-default is-cropped wp-block-gallery-1 is-layout-flex wp-block-gallery-is-layout-flex\">\n<figure class=\"wp-block-image size-large\"><img fetchpriority=\"high\" decoding=\"async\" width=\"1024\" height=\"576\" data-id=\"11079\" src=\"https:\/\/realidadturistica.com\/realtur\/wp-content\/uploads\/2025\/10\/Unknown2-1024x576.jpeg\" alt=\"\" class=\"wp-image-11079\" srcset=\"https:\/\/realidadturistica.com\/realtur\/wp-content\/uploads\/2025\/10\/Unknown2-1024x576.jpeg 1024w, https:\/\/realidadturistica.com\/realtur\/wp-content\/uploads\/2025\/10\/Unknown2-300x169.jpeg 300w, https:\/\/realidadturistica.com\/realtur\/wp-content\/uploads\/2025\/10\/Unknown2-768x432.jpeg 768w, https:\/\/realidadturistica.com\/realtur\/wp-content\/uploads\/2025\/10\/Unknown2-1536x864.jpeg 1536w, https:\/\/realidadturistica.com\/realtur\/wp-content\/uploads\/2025\/10\/Unknown2-1170x658.jpeg 1170w, https:\/\/realidadturistica.com\/realtur\/wp-content\/uploads\/2025\/10\/Unknown2-585x329.jpeg 585w, https:\/\/realidadturistica.com\/realtur\/wp-content\/uploads\/2025\/10\/Unknown2-1200x675.jpeg 1200w, https:\/\/realidadturistica.com\/realtur\/wp-content\/uploads\/2025\/10\/Unknown2.jpeg 1600w\" sizes=\"(max-width: 1024px) 100vw, 1024px\" \/><\/figure>\n\n\n\n<figure class=\"wp-block-image size-large\"><img decoding=\"async\" width=\"1024\" height=\"576\" data-id=\"11080\" src=\"https:\/\/realidadturistica.com\/realtur\/wp-content\/uploads\/2025\/10\/Unknown3-1024x576.jpeg\" alt=\"\" class=\"wp-image-11080\" srcset=\"https:\/\/realidadturistica.com\/realtur\/wp-content\/uploads\/2025\/10\/Unknown3-1024x576.jpeg 1024w, https:\/\/realidadturistica.com\/realtur\/wp-content\/uploads\/2025\/10\/Unknown3-300x169.jpeg 300w, https:\/\/realidadturistica.com\/realtur\/wp-content\/uploads\/2025\/10\/Unknown3-768x432.jpeg 768w, https:\/\/realidadturistica.com\/realtur\/wp-content\/uploads\/2025\/10\/Unknown3-1536x864.jpeg 1536w, https:\/\/realidadturistica.com\/realtur\/wp-content\/uploads\/2025\/10\/Unknown3-1170x658.jpeg 1170w, https:\/\/realidadturistica.com\/realtur\/wp-content\/uploads\/2025\/10\/Unknown3-585x329.jpeg 585w, https:\/\/realidadturistica.com\/realtur\/wp-content\/uploads\/2025\/10\/Unknown3-1200x675.jpeg 1200w, https:\/\/realidadturistica.com\/realtur\/wp-content\/uploads\/2025\/10\/Unknown3.jpeg 1600w\" sizes=\"(max-width: 1024px) 100vw, 1024px\" \/><\/figure>\n<\/figure>\n\n\n\n<p>Al dirigirse a los presentes, el Gobernador Joaqu\u00edn D\u00edaz Mena destac\u00f3 que este evento es un punto de encuentro entre el conocimiento tradicional y la tecnolog\u00eda moderna, entre el trabajo de las comunidades rurales y la visi\u00f3n de futuro que Yucat\u00e1n est\u00e1 construyendo.<\/p>\n\n\n\n<p>Subray\u00f3 que su gobierno pone en el centro a los productores agr\u00edcolas, modernizando las unidades productivas y brindando soluciones efectivas a los problemas que se presentan, exponiendo varios ejemplos de obras y proyectos que se han venido desarrollando en diferentes sectores agr\u00edcolas y ganaderos, agradeciendo a la presidente Claudia Sheinbaum por el apoyo brindado a los productores agr\u00edcolas de Yucat\u00e1n.<\/p>\n\n\n\n<figure class=\"wp-block-gallery has-nested-images columns-default is-cropped wp-block-gallery-2 is-layout-flex wp-block-gallery-is-layout-flex\">\n<figure class=\"wp-block-image size-large\"><img decoding=\"async\" width=\"1024\" height=\"576\" data-id=\"11081\" src=\"https:\/\/realidadturistica.com\/realtur\/wp-content\/uploads\/2025\/10\/Unknown1-1-1024x576.jpeg\" alt=\"\" class=\"wp-image-11081\" srcset=\"https:\/\/realidadturistica.com\/realtur\/wp-content\/uploads\/2025\/10\/Unknown1-1-1024x576.jpeg 1024w, https:\/\/realidadturistica.com\/realtur\/wp-content\/uploads\/2025\/10\/Unknown1-1-300x169.jpeg 300w, https:\/\/realidadturistica.com\/realtur\/wp-content\/uploads\/2025\/10\/Unknown1-1-768x432.jpeg 768w, https:\/\/realidadturistica.com\/realtur\/wp-content\/uploads\/2025\/10\/Unknown1-1-1536x864.jpeg 1536w, https:\/\/realidadturistica.com\/realtur\/wp-content\/uploads\/2025\/10\/Unknown1-1-1170x658.jpeg 1170w, https:\/\/realidadturistica.com\/realtur\/wp-content\/uploads\/2025\/10\/Unknown1-1-585x329.jpeg 585w, https:\/\/realidadturistica.com\/realtur\/wp-content\/uploads\/2025\/10\/Unknown1-1-1200x675.jpeg 1200w, https:\/\/realidadturistica.com\/realtur\/wp-content\/uploads\/2025\/10\/Unknown1-1.jpeg 1600w\" sizes=\"(max-width: 1024px) 100vw, 1024px\" \/><\/figure>\n\n\n\n<figure class=\"wp-block-image size-large\"><img loading=\"lazy\" decoding=\"async\" width=\"1024\" height=\"930\" data-id=\"11082\" src=\"https:\/\/realidadturistica.com\/realtur\/wp-content\/uploads\/2025\/10\/Unknown4-1024x930.jpeg\" alt=\"\" class=\"wp-image-11082\" srcset=\"https:\/\/realidadturistica.com\/realtur\/wp-content\/uploads\/2025\/10\/Unknown4-1024x930.jpeg 1024w, https:\/\/realidadturistica.com\/realtur\/wp-content\/uploads\/2025\/10\/Unknown4-300x272.jpeg 300w, https:\/\/realidadturistica.com\/realtur\/wp-content\/uploads\/2025\/10\/Unknown4-768x697.jpeg 768w, https:\/\/realidadturistica.com\/realtur\/wp-content\/uploads\/2025\/10\/Unknown4-1536x1395.jpeg 1536w, https:\/\/realidadturistica.com\/realtur\/wp-content\/uploads\/2025\/10\/Unknown4-1170x1063.jpeg 1170w, https:\/\/realidadturistica.com\/realtur\/wp-content\/uploads\/2025\/10\/Unknown4-585x531.jpeg 585w, https:\/\/realidadturistica.com\/realtur\/wp-content\/uploads\/2025\/10\/Unknown4.jpeg 1600w\" sizes=\"(max-width: 1024px) 100vw, 1024px\" \/><\/figure>\n<\/figure>\n\n\n\n<p>Por su parte, el embajador Abraham Mart\u00ednez, agradeci\u00f3 la invitaci\u00f3n y destac\u00f3 la importancia de esta feria donde la ciencia, la innovaci\u00f3n y la tecnolog\u00eda constituyen una v\u00eda importante para lograr desarrollo y competitividad. Reiter\u00f3 que Panam\u00e1 est\u00e1 comprometido con el desarrollo de nuevas tecnolog\u00edas, y para ello se ha creado el centro agr\u00edcola regional en alianza con varias universidades del mundo.<\/p>\n\n\n\n<p>Consider\u00f3 muy oportuno vincular este Feria Agro Industrial con Panam\u00e1, anunciando que en el primer semestre del pr\u00f3ximo a\u00f1o la ciudad de Panam\u00e1 ser\u00e1 la sede de este encuentro, resaltando los lazos estrat\u00e9gicos que unen a Yucat\u00e1n con el pa\u00eds centroamericano.<\/p>\n\n\n\n<p>Dario Flota Ocampo, titular de Sefotur, manifest\u00f3 que desde la secretar\u00eda de Fomento Tur\u00edstico celebran que este foro se realice en Yucat\u00e1n demostrando la fuerza que ha tomado en el estado el turismo de reuniones, un segmento estrat\u00e9gico que posiciona a Yucat\u00e1n como un referente nacional e internacional en la organizaci\u00f3n de congresos, convenciones, ferias, exposiciones y viajes de incentivos. De enero a agosto, Yucat\u00e1n fue sede de 266 eventos los que represent\u00f3 un crecimiento del 29 por ciento con respecto al mismo periodo del a\u00f1o anterior. M\u00e1s de 50 mil personas nacionales y extranjeras visitaron el estado para asistir a eventos y congresos, generando un importante movimiento econ\u00f3mico, pero tambi\u00e9n en conocimientos, intercambios de ideas y desarrollo profesional.<\/p>\n\n\n\n<figure class=\"wp-block-gallery has-nested-images columns-default is-cropped wp-block-gallery-3 is-layout-flex wp-block-gallery-is-layout-flex\">\n<figure class=\"wp-block-image size-large\"><img loading=\"lazy\" decoding=\"async\" width=\"1024\" height=\"576\" data-id=\"11083\" src=\"https:\/\/realidadturistica.com\/realtur\/wp-content\/uploads\/2025\/10\/Unknown8-1024x576.jpeg\" alt=\"\" class=\"wp-image-11083\" srcset=\"https:\/\/realidadturistica.com\/realtur\/wp-content\/uploads\/2025\/10\/Unknown8-1024x576.jpeg 1024w, https:\/\/realidadturistica.com\/realtur\/wp-content\/uploads\/2025\/10\/Unknown8-300x169.jpeg 300w, https:\/\/realidadturistica.com\/realtur\/wp-content\/uploads\/2025\/10\/Unknown8-768x432.jpeg 768w, https:\/\/realidadturistica.com\/realtur\/wp-content\/uploads\/2025\/10\/Unknown8-1536x864.jpeg 1536w, https:\/\/realidadturistica.com\/realtur\/wp-content\/uploads\/2025\/10\/Unknown8-1170x658.jpeg 1170w, https:\/\/realidadturistica.com\/realtur\/wp-content\/uploads\/2025\/10\/Unknown8-585x329.jpeg 585w, https:\/\/realidadturistica.com\/realtur\/wp-content\/uploads\/2025\/10\/Unknown8-1200x675.jpeg 1200w, https:\/\/realidadturistica.com\/realtur\/wp-content\/uploads\/2025\/10\/Unknown8.jpeg 1600w\" sizes=\"(max-width: 1024px) 100vw, 1024px\" \/><\/figure>\n\n\n\n<figure class=\"wp-block-image size-large\"><img loading=\"lazy\" decoding=\"async\" width=\"1024\" height=\"576\" data-id=\"11084\" src=\"https:\/\/realidadturistica.com\/realtur\/wp-content\/uploads\/2025\/10\/Unknown9-1024x576.jpeg\" alt=\"\" class=\"wp-image-11084\" srcset=\"https:\/\/realidadturistica.com\/realtur\/wp-content\/uploads\/2025\/10\/Unknown9-1024x576.jpeg 1024w, https:\/\/realidadturistica.com\/realtur\/wp-content\/uploads\/2025\/10\/Unknown9-300x169.jpeg 300w, https:\/\/realidadturistica.com\/realtur\/wp-content\/uploads\/2025\/10\/Unknown9-768x432.jpeg 768w, https:\/\/realidadturistica.com\/realtur\/wp-content\/uploads\/2025\/10\/Unknown9-1536x864.jpeg 1536w, https:\/\/realidadturistica.com\/realtur\/wp-content\/uploads\/2025\/10\/Unknown9-1170x658.jpeg 1170w, https:\/\/realidadturistica.com\/realtur\/wp-content\/uploads\/2025\/10\/Unknown9-585x329.jpeg 585w, https:\/\/realidadturistica.com\/realtur\/wp-content\/uploads\/2025\/10\/Unknown9-1200x675.jpeg 1200w, https:\/\/realidadturistica.com\/realtur\/wp-content\/uploads\/2025\/10\/Unknown9.jpeg 1600w\" sizes=\"(max-width: 1024px) 100vw, 1024px\" \/><\/figure>\n<\/figure>\n\n\n\n<p>Destac\u00f3 que M\u00e9rida se consolida como un importante centro del turismo de reuniones, motivado por su infraestructura y conexiones, a lo que se unen sus atractivos hist\u00f3ricos, su riqueza cultura, su gastronom\u00eda y la hospitalidad de la gente de Yucat\u00e1n.<\/p>\n\n\n\n<p>En la Expo Pro Agro Innovaci\u00f3n 2025 participaron unas 120 empresas expositoras, m\u00e1s de mil profesionales, tanto nacionales como extranjeros, donde adem\u00e1s se impartieron conferencias y talleres y se desarrollaron m\u00e1s de 3 mil reuniones de negocios.<\/p>\n\n\n\n<figure class=\"wp-block-gallery has-nested-images columns-default is-cropped wp-block-gallery-4 is-layout-flex wp-block-gallery-is-layout-flex\">\n<figure class=\"wp-block-image size-large\"><img loading=\"lazy\" decoding=\"async\" width=\"1024\" height=\"576\" data-id=\"11085\" src=\"https:\/\/realidadturistica.com\/realtur\/wp-content\/uploads\/2025\/10\/Unknown6-1024x576.jpeg\" alt=\"\" class=\"wp-image-11085\" srcset=\"https:\/\/realidadturistica.com\/realtur\/wp-content\/uploads\/2025\/10\/Unknown6-1024x576.jpeg 1024w, https:\/\/realidadturistica.com\/realtur\/wp-content\/uploads\/2025\/10\/Unknown6-300x169.jpeg 300w, https:\/\/realidadturistica.com\/realtur\/wp-content\/uploads\/2025\/10\/Unknown6-768x432.jpeg 768w, https:\/\/realidadturistica.com\/realtur\/wp-content\/uploads\/2025\/10\/Unknown6-1536x864.jpeg 1536w, https:\/\/realidadturistica.com\/realtur\/wp-content\/uploads\/2025\/10\/Unknown6-1170x658.jpeg 1170w, https:\/\/realidadturistica.com\/realtur\/wp-content\/uploads\/2025\/10\/Unknown6-585x329.jpeg 585w, https:\/\/realidadturistica.com\/realtur\/wp-content\/uploads\/2025\/10\/Unknown6-1200x675.jpeg 1200w, https:\/\/realidadturistica.com\/realtur\/wp-content\/uploads\/2025\/10\/Unknown6.jpeg 1600w\" sizes=\"(max-width: 1024px) 100vw, 1024px\" \/><\/figure>\n\n\n\n<figure class=\"wp-block-image size-large\"><img loading=\"lazy\" decoding=\"async\" width=\"1024\" height=\"576\" data-id=\"11086\" src=\"https:\/\/realidadturistica.com\/realtur\/wp-content\/uploads\/2025\/10\/Unknown7-1024x576.jpeg\" alt=\"\" class=\"wp-image-11086\" srcset=\"https:\/\/realidadturistica.com\/realtur\/wp-content\/uploads\/2025\/10\/Unknown7-1024x576.jpeg 1024w, https:\/\/realidadturistica.com\/realtur\/wp-content\/uploads\/2025\/10\/Unknown7-300x169.jpeg 300w, https:\/\/realidadturistica.com\/realtur\/wp-content\/uploads\/2025\/10\/Unknown7-768x432.jpeg 768w, https:\/\/realidadturistica.com\/realtur\/wp-content\/uploads\/2025\/10\/Unknown7-1536x864.jpeg 1536w, https:\/\/realidadturistica.com\/realtur\/wp-content\/uploads\/2025\/10\/Unknown7-1170x658.jpeg 1170w, https:\/\/realidadturistica.com\/realtur\/wp-content\/uploads\/2025\/10\/Unknown7-585x329.jpeg 585w, https:\/\/realidadturistica.com\/realtur\/wp-content\/uploads\/2025\/10\/Unknown7-1200x675.jpeg 1200w, https:\/\/realidadturistica.com\/realtur\/wp-content\/uploads\/2025\/10\/Unknown7.jpeg 1600w\" sizes=\"(max-width: 1024px) 100vw, 1024px\" \/><\/figure>\n<\/figure>\n\n\n\n<p>Estuvieron presentes en la inauguraci\u00f3n Edgardo Medina Rodr\u00edguez, titular de la Secretar\u00eda de Desarrollo Rural, Ermilo Barrera Novelo, titular de la Secretar\u00eda de Econom\u00eda y Trabajo, Oscar Garc\u00eda Ramos, director general de Integradora de Destinos M\u00e9xico, Hiram Ibarra R\u00edos, presidente de la Organizaci\u00f3n Latinoamericana de Agroindustriales J\u00f3venes y Wilmer Monforte Marfil, presidente de la Junta de Gobierno y Coordinaci\u00f3n Pol\u00edtica del Congreso del Estado.<\/p>\n\n\n\n<p><a href=\"https:\/\/newsinamerica.com\/pdcc\/turismo\/2025\/por-primera-vez-en-yucatan-la-expo-pro-agro-innovacion-2025\/\">Peri\u00f3dico Digita Centroamericano y del Caribe<\/a><\/p>\n\n\n\n<p>Realidad Tur\u00edstica<\/p>\n","protected":false},"excerpt":{"rendered":"<p>M\u00e9xico. Con la presencia del Gobernador Joaqu\u00edn D\u00edaz Mena y el embajador de Panam\u00e1 en M\u00e9xico, Abraham Mart\u00ednez Montilla, qued\u00f3 inaugurada este viernes 23 de&hellip;<\/p>\n","protected":false},"author":2,"featured_media":11078,"comment_status":"open","ping_status":"closed","sticky":false,"template":"","format":"standard","meta":{"content-type":"","_lmt_disableupdate":"","_lmt_disable":"","footnotes":""},"categories":[5],"tags":[],"class_list":["post-11077","post","type-post","status-publish","format-standard","has-post-thumbnail","hentry","category-mice"],"yoast_head":"<!-- This site is optimized with the Yoast SEO Premium plugin v27.4 (Yoast SEO v27.4) - https:\/\/yoast.com\/product\/yoast-seo-premium-wordpress\/ -->\n<title>Por primera vez en Yucat\u00e1n la Expo Pro Agro Innovaci\u00f3n 2025 - Realidad Tur\u00edstica<\/title>\n<meta name=\"robots\" content=\"index, follow, max-snippet:-1, max-image-preview:large, max-video-preview:-1\" \/>\n<link rel=\"canonical\" href=\"https:\/\/realidadturistica.com\/realtur\/por-primera-vez-en-yucatan-la-expo-pro-agro-innovacion-2025\/\" \/>\n<meta property=\"og:locale\" content=\"es_ES\" \/>\n<meta property=\"og:type\" content=\"article\" \/>\n<meta property=\"og:title\" content=\"Por primera vez en Yucat\u00e1n la Expo Pro Agro Innovaci\u00f3n 2025\" \/>\n<meta property=\"og:description\" content=\"M\u00e9xico. Con la presencia del Gobernador Joaqu\u00edn D\u00edaz Mena y el embajador de Panam\u00e1 en M\u00e9xico, Abraham Mart\u00ednez Montilla, qued\u00f3 inaugurada este viernes 23 de&hellip;\" \/>\n<meta property=\"og:url\" content=\"https:\/\/realidadturistica.com\/realtur\/por-primera-vez-en-yucatan-la-expo-pro-agro-innovacion-2025\/\" \/>\n<meta property=\"og:site_name\" content=\"Realidad Tur\u00edstica\" \/>\n<meta property=\"article:publisher\" content=\"https:\/\/www.facebook.com\/realidadturistica\" \/>\n<meta property=\"article:published_time\" content=\"2025-10-26T18:01:09+00:00\" \/>\n<meta property=\"article:modified_time\" content=\"2025-10-26T18:01:13+00:00\" \/>\n<meta property=\"og:image\" content=\"https:\/\/realidadturistica.com\/realtur\/wp-content\/uploads\/2025\/10\/Unknown5.jpeg\" \/>\n\t<meta property=\"og:image:width\" content=\"1600\" \/>\n\t<meta property=\"og:image:height\" content=\"900\" \/>\n\t<meta property=\"og:image:type\" content=\"image\/jpeg\" \/>\n<meta name=\"author\" content=\"Editor\" \/>\n<meta name=\"twitter:card\" content=\"summary_large_image\" \/>\n<meta name=\"twitter:label1\" content=\"Escrito por\" \/>\n\t<meta name=\"twitter:data1\" content=\"Editor\" \/>\n\t<meta name=\"twitter:label2\" content=\"Tiempo de lectura\" \/>\n\t<meta name=\"twitter:data2\" content=\"5 minutos\" \/>\n<script type=\"application\/ld+json\" class=\"yoast-schema-graph\">{\"@context\":\"https:\\\/\\\/schema.org\",\"@graph\":[{\"@type\":\"Article\",\"@id\":\"https:\\\/\\\/realidadturistica.com\\\/realtur\\\/por-primera-vez-en-yucatan-la-expo-pro-agro-innovacion-2025\\\/#article\",\"isPartOf\":{\"@id\":\"https:\\\/\\\/realidadturistica.com\\\/realtur\\\/por-primera-vez-en-yucatan-la-expo-pro-agro-innovacion-2025\\\/\"},\"author\":{\"name\":\"Editor\",\"@id\":\"https:\\\/\\\/realidadturistica.com\\\/realtur\\\/#\\\/schema\\\/person\\\/ade671191202490fcf08ab21590de73e\"},\"headline\":\"Por primera vez en Yucat\u00e1n la Expo Pro Agro Innovaci\u00f3n 2025\",\"datePublished\":\"2025-10-26T18:01:09+00:00\",\"dateModified\":\"2025-10-26T18:01:13+00:00\",\"mainEntityOfPage\":{\"@id\":\"https:\\\/\\\/realidadturistica.com\\\/realtur\\\/por-primera-vez-en-yucatan-la-expo-pro-agro-innovacion-2025\\\/\"},\"wordCount\":621,\"commentCount\":0,\"publisher\":{\"@id\":\"https:\\\/\\\/realidadturistica.com\\\/realtur\\\/#organization\"},\"image\":{\"@id\":\"https:\\\/\\\/realidadturistica.com\\\/realtur\\\/por-primera-vez-en-yucatan-la-expo-pro-agro-innovacion-2025\\\/#primaryimage\"},\"thumbnailUrl\":\"https:\\\/\\\/realidadturistica.com\\\/realtur\\\/wp-content\\\/uploads\\\/2025\\\/10\\\/Unknown5.jpeg\",\"articleSection\":[\"MICE\"],\"inLanguage\":\"es\",\"potentialAction\":[{\"@type\":\"CommentAction\",\"name\":\"Comment\",\"target\":[\"https:\\\/\\\/realidadturistica.com\\\/realtur\\\/por-primera-vez-en-yucatan-la-expo-pro-agro-innovacion-2025\\\/#respond\"]}]},{\"@type\":\"WebPage\",\"@id\":\"https:\\\/\\\/realidadturistica.com\\\/realtur\\\/por-primera-vez-en-yucatan-la-expo-pro-agro-innovacion-2025\\\/\",\"url\":\"https:\\\/\\\/realidadturistica.com\\\/realtur\\\/por-primera-vez-en-yucatan-la-expo-pro-agro-innovacion-2025\\\/\",\"name\":\"Por primera vez en Yucat\u00e1n la Expo Pro Agro Innovaci\u00f3n 2025 - Realidad Tur\u00edstica\",\"isPartOf\":{\"@id\":\"https:\\\/\\\/realidadturistica.com\\\/realtur\\\/#website\"},\"primaryImageOfPage\":{\"@id\":\"https:\\\/\\\/realidadturistica.com\\\/realtur\\\/por-primera-vez-en-yucatan-la-expo-pro-agro-innovacion-2025\\\/#primaryimage\"},\"image\":{\"@id\":\"https:\\\/\\\/realidadturistica.com\\\/realtur\\\/por-primera-vez-en-yucatan-la-expo-pro-agro-innovacion-2025\\\/#primaryimage\"},\"thumbnailUrl\":\"https:\\\/\\\/realidadturistica.com\\\/realtur\\\/wp-content\\\/uploads\\\/2025\\\/10\\\/Unknown5.jpeg\",\"datePublished\":\"2025-10-26T18:01:09+00:00\",\"dateModified\":\"2025-10-26T18:01:13+00:00\",\"breadcrumb\":{\"@id\":\"https:\\\/\\\/realidadturistica.com\\\/realtur\\\/por-primera-vez-en-yucatan-la-expo-pro-agro-innovacion-2025\\\/#breadcrumb\"},\"inLanguage\":\"es\",\"potentialAction\":[{\"@type\":\"ReadAction\",\"target\":[\"https:\\\/\\\/realidadturistica.com\\\/realtur\\\/por-primera-vez-en-yucatan-la-expo-pro-agro-innovacion-2025\\\/\"]}]},{\"@type\":\"ImageObject\",\"inLanguage\":\"es\",\"@id\":\"https:\\\/\\\/realidadturistica.com\\\/realtur\\\/por-primera-vez-en-yucatan-la-expo-pro-agro-innovacion-2025\\\/#primaryimage\",\"url\":\"https:\\\/\\\/realidadturistica.com\\\/realtur\\\/wp-content\\\/uploads\\\/2025\\\/10\\\/Unknown5.jpeg\",\"contentUrl\":\"https:\\\/\\\/realidadturistica.com\\\/realtur\\\/wp-content\\\/uploads\\\/2025\\\/10\\\/Unknown5.jpeg\",\"width\":1600,\"height\":900},{\"@type\":\"BreadcrumbList\",\"@id\":\"https:\\\/\\\/realidadturistica.com\\\/realtur\\\/por-primera-vez-en-yucatan-la-expo-pro-agro-innovacion-2025\\\/#breadcrumb\",\"itemListElement\":[{\"@type\":\"ListItem\",\"position\":1,\"name\":\"Portada\",\"item\":\"https:\\\/\\\/realidadturistica.com\\\/realtur\\\/\"},{\"@type\":\"ListItem\",\"position\":2,\"name\":\"Por primera vez en Yucat\u00e1n la Expo Pro Agro Innovaci\u00f3n 2025\"}]},{\"@type\":\"WebSite\",\"@id\":\"https:\\\/\\\/realidadturistica.com\\\/realtur\\\/#website\",\"url\":\"https:\\\/\\\/realidadturistica.com\\\/realtur\\\/\",\"name\":\"Realidad Tur\u00edstica\",\"description\":\"\",\"publisher\":{\"@id\":\"https:\\\/\\\/realidadturistica.com\\\/realtur\\\/#organization\"},\"potentialAction\":[{\"@type\":\"SearchAction\",\"target\":{\"@type\":\"EntryPoint\",\"urlTemplate\":\"https:\\\/\\\/realidadturistica.com\\\/realtur\\\/?s={search_term_string}\"},\"query-input\":{\"@type\":\"PropertyValueSpecification\",\"valueRequired\":true,\"valueName\":\"search_term_string\"}}],\"inLanguage\":\"es\"},{\"@type\":\"Organization\",\"@id\":\"https:\\\/\\\/realidadturistica.com\\\/realtur\\\/#organization\",\"name\":\"Realidad Tur\u00edstica\",\"url\":\"https:\\\/\\\/realidadturistica.com\\\/realtur\\\/\",\"logo\":{\"@type\":\"ImageObject\",\"inLanguage\":\"es\",\"@id\":\"https:\\\/\\\/realidadturistica.com\\\/realtur\\\/#\\\/schema\\\/logo\\\/image\\\/\",\"url\":\"https:\\\/\\\/realidadturistica.com\\\/realtur\\\/wp-content\\\/uploads\\\/2021\\\/12\\\/logotipo-realidad-turistica.png\",\"contentUrl\":\"https:\\\/\\\/realidadturistica.com\\\/realtur\\\/wp-content\\\/uploads\\\/2021\\\/12\\\/logotipo-realidad-turistica.png\",\"width\":1382,\"height\":629,\"caption\":\"Realidad Tur\u00edstica\"},\"image\":{\"@id\":\"https:\\\/\\\/realidadturistica.com\\\/realtur\\\/#\\\/schema\\\/logo\\\/image\\\/\"},\"sameAs\":[\"https:\\\/\\\/www.facebook.com\\\/realidadturistica\",\"https:\\\/\\\/www.instagram.com\\\/realidad_turistica\\\/\"]},{\"@type\":\"Person\",\"@id\":\"https:\\\/\\\/realidadturistica.com\\\/realtur\\\/#\\\/schema\\\/person\\\/ade671191202490fcf08ab21590de73e\",\"name\":\"Editor\",\"image\":{\"@type\":\"ImageObject\",\"inLanguage\":\"es\",\"@id\":\"https:\\\/\\\/realidadturistica.com\\\/realtur\\\/wp-content\\\/uploads\\\/2023\\\/09\\\/Editor_avatar_1693668634-96x96.png\",\"url\":\"https:\\\/\\\/realidadturistica.com\\\/realtur\\\/wp-content\\\/uploads\\\/2023\\\/09\\\/Editor_avatar_1693668634-96x96.png\",\"contentUrl\":\"https:\\\/\\\/realidadturistica.com\\\/realtur\\\/wp-content\\\/uploads\\\/2023\\\/09\\\/Editor_avatar_1693668634-96x96.png\",\"caption\":\"Editor\"},\"sameAs\":[\"https:\\\/\\\/realidadturistica.com\\\/realtur\"],\"url\":\"https:\\\/\\\/realidadturistica.com\\\/realtur\\\/author\\\/editor2\\\/\"}]}<\/script>\n<!-- \/ Yoast SEO Premium plugin. -->","yoast_head_json":{"title":"Por primera vez en Yucat\u00e1n la Expo Pro Agro Innovaci\u00f3n 2025 - Realidad Tur\u00edstica","robots":{"index":"index","follow":"follow","max-snippet":"max-snippet:-1","max-image-preview":"max-image-preview:large","max-video-preview":"max-video-preview:-1"},"canonical":"https:\/\/realidadturistica.com\/realtur\/por-primera-vez-en-yucatan-la-expo-pro-agro-innovacion-2025\/","og_locale":"es_ES","og_type":"article","og_title":"Por primera vez en Yucat\u00e1n la Expo Pro Agro Innovaci\u00f3n 2025","og_description":"M\u00e9xico. Con la presencia del Gobernador Joaqu\u00edn D\u00edaz Mena y el embajador de Panam\u00e1 en M\u00e9xico, Abraham Mart\u00ednez Montilla, qued\u00f3 inaugurada este viernes 23 de&hellip;","og_url":"https:\/\/realidadturistica.com\/realtur\/por-primera-vez-en-yucatan-la-expo-pro-agro-innovacion-2025\/","og_site_name":"Realidad Tur\u00edstica","article_publisher":"https:\/\/www.facebook.com\/realidadturistica","article_published_time":"2025-10-26T18:01:09+00:00","article_modified_time":"2025-10-26T18:01:13+00:00","og_image":[{"width":1600,"height":900,"url":"https:\/\/realidadturistica.com\/realtur\/wp-content\/uploads\/2025\/10\/Unknown5.jpeg","type":"image\/jpeg"}],"author":"Editor","twitter_card":"summary_large_image","twitter_misc":{"Escrito por":"Editor","Tiempo de lectura":"5 minutos"},"schema":{"@context":"https:\/\/schema.org","@graph":[{"@type":"Article","@id":"https:\/\/realidadturistica.com\/realtur\/por-primera-vez-en-yucatan-la-expo-pro-agro-innovacion-2025\/#article","isPartOf":{"@id":"https:\/\/realidadturistica.com\/realtur\/por-primera-vez-en-yucatan-la-expo-pro-agro-innovacion-2025\/"},"author":{"name":"Editor","@id":"https:\/\/realidadturistica.com\/realtur\/#\/schema\/person\/ade671191202490fcf08ab21590de73e"},"headline":"Por primera vez en Yucat\u00e1n la Expo Pro Agro Innovaci\u00f3n 2025","datePublished":"2025-10-26T18:01:09+00:00","dateModified":"2025-10-26T18:01:13+00:00","mainEntityOfPage":{"@id":"https:\/\/realidadturistica.com\/realtur\/por-primera-vez-en-yucatan-la-expo-pro-agro-innovacion-2025\/"},"wordCount":621,"commentCount":0,"publisher":{"@id":"https:\/\/realidadturistica.com\/realtur\/#organization"},"image":{"@id":"https:\/\/realidadturistica.com\/realtur\/por-primera-vez-en-yucatan-la-expo-pro-agro-innovacion-2025\/#primaryimage"},"thumbnailUrl":"https:\/\/realidadturistica.com\/realtur\/wp-content\/uploads\/2025\/10\/Unknown5.jpeg","articleSection":["MICE"],"inLanguage":"es","potentialAction":[{"@type":"CommentAction","name":"Comment","target":["https:\/\/realidadturistica.com\/realtur\/por-primera-vez-en-yucatan-la-expo-pro-agro-innovacion-2025\/#respond"]}]},{"@type":"WebPage","@id":"https:\/\/realidadturistica.com\/realtur\/por-primera-vez-en-yucatan-la-expo-pro-agro-innovacion-2025\/","url":"https:\/\/realidadturistica.com\/realtur\/por-primera-vez-en-yucatan-la-expo-pro-agro-innovacion-2025\/","name":"Por primera vez en Yucat\u00e1n la Expo Pro Agro Innovaci\u00f3n 2025 - Realidad Tur\u00edstica","isPartOf":{"@id":"https:\/\/realidadturistica.com\/realtur\/#website"},"primaryImageOfPage":{"@id":"https:\/\/realidadturistica.com\/realtur\/por-primera-vez-en-yucatan-la-expo-pro-agro-innovacion-2025\/#primaryimage"},"image":{"@id":"https:\/\/realidadturistica.com\/realtur\/por-primera-vez-en-yucatan-la-expo-pro-agro-innovacion-2025\/#primaryimage"},"thumbnailUrl":"https:\/\/realidadturistica.com\/realtur\/wp-content\/uploads\/2025\/10\/Unknown5.jpeg","datePublished":"2025-10-26T18:01:09+00:00","dateModified":"2025-10-26T18:01:13+00:00","breadcrumb":{"@id":"https:\/\/realidadturistica.com\/realtur\/por-primera-vez-en-yucatan-la-expo-pro-agro-innovacion-2025\/#breadcrumb"},"inLanguage":"es","potentialAction":[{"@type":"ReadAction","target":["https:\/\/realidadturistica.com\/realtur\/por-primera-vez-en-yucatan-la-expo-pro-agro-innovacion-2025\/"]}]},{"@type":"ImageObject","inLanguage":"es","@id":"https:\/\/realidadturistica.com\/realtur\/por-primera-vez-en-yucatan-la-expo-pro-agro-innovacion-2025\/#primaryimage","url":"https:\/\/realidadturistica.com\/realtur\/wp-content\/uploads\/2025\/10\/Unknown5.jpeg","contentUrl":"https:\/\/realidadturistica.com\/realtur\/wp-content\/uploads\/2025\/10\/Unknown5.jpeg","width":1600,"height":900},{"@type":"BreadcrumbList","@id":"https:\/\/realidadturistica.com\/realtur\/por-primera-vez-en-yucatan-la-expo-pro-agro-innovacion-2025\/#breadcrumb","itemListElement":[{"@type":"ListItem","position":1,"name":"Portada","item":"https:\/\/realidadturistica.com\/realtur\/"},{"@type":"ListItem","position":2,"name":"Por primera vez en Yucat\u00e1n la Expo Pro Agro Innovaci\u00f3n 2025"}]},{"@type":"WebSite","@id":"https:\/\/realidadturistica.com\/realtur\/#website","url":"https:\/\/realidadturistica.com\/realtur\/","name":"Realidad Tur\u00edstica","description":"","publisher":{"@id":"https:\/\/realidadturistica.com\/realtur\/#organization"},"potentialAction":[{"@type":"SearchAction","target":{"@type":"EntryPoint","urlTemplate":"https:\/\/realidadturistica.com\/realtur\/?s={search_term_string}"},"query-input":{"@type":"PropertyValueSpecification","valueRequired":true,"valueName":"search_term_string"}}],"inLanguage":"es"},{"@type":"Organization","@id":"https:\/\/realidadturistica.com\/realtur\/#organization","name":"Realidad Tur\u00edstica","url":"https:\/\/realidadturistica.com\/realtur\/","logo":{"@type":"ImageObject","inLanguage":"es","@id":"https:\/\/realidadturistica.com\/realtur\/#\/schema\/logo\/image\/","url":"https:\/\/realidadturistica.com\/realtur\/wp-content\/uploads\/2021\/12\/logotipo-realidad-turistica.png","contentUrl":"https:\/\/realidadturistica.com\/realtur\/wp-content\/uploads\/2021\/12\/logotipo-realidad-turistica.png","width":1382,"height":629,"caption":"Realidad Tur\u00edstica"},"image":{"@id":"https:\/\/realidadturistica.com\/realtur\/#\/schema\/logo\/image\/"},"sameAs":["https:\/\/www.facebook.com\/realidadturistica","https:\/\/www.instagram.com\/realidad_turistica\/"]},{"@type":"Person","@id":"https:\/\/realidadturistica.com\/realtur\/#\/schema\/person\/ade671191202490fcf08ab21590de73e","name":"Editor","image":{"@type":"ImageObject","inLanguage":"es","@id":"https:\/\/realidadturistica.com\/realtur\/wp-content\/uploads\/2023\/09\/Editor_avatar_1693668634-96x96.png","url":"https:\/\/realidadturistica.com\/realtur\/wp-content\/uploads\/2023\/09\/Editor_avatar_1693668634-96x96.png","contentUrl":"https:\/\/realidadturistica.com\/realtur\/wp-content\/uploads\/2023\/09\/Editor_avatar_1693668634-96x96.png","caption":"Editor"},"sameAs":["https:\/\/realidadturistica.com\/realtur"],"url":"https:\/\/realidadturistica.com\/realtur\/author\/editor2\/"}]}},"_links":{"self":[{"href":"https:\/\/realidadturistica.com\/realtur\/wp-json\/wp\/v2\/posts\/11077","targetHints":{"allow":["GET"]}}],"collection":[{"href":"https:\/\/realidadturistica.com\/realtur\/wp-json\/wp\/v2\/posts"}],"about":[{"href":"https:\/\/realidadturistica.com\/realtur\/wp-json\/wp\/v2\/types\/post"}],"author":[{"embeddable":true,"href":"https:\/\/realidadturistica.com\/realtur\/wp-json\/wp\/v2\/users\/2"}],"replies":[{"embeddable":true,"href":"https:\/\/realidadturistica.com\/realtur\/wp-json\/wp\/v2\/comments?post=11077"}],"version-history":[{"count":1,"href":"https:\/\/realidadturistica.com\/realtur\/wp-json\/wp\/v2\/posts\/11077\/revisions"}],"predecessor-version":[{"id":11087,"href":"https:\/\/realidadturistica.com\/realtur\/wp-json\/wp\/v2\/posts\/11077\/revisions\/11087"}],"wp:featuredmedia":[{"embeddable":true,"href":"https:\/\/realidadturistica.com\/realtur\/wp-json\/wp\/v2\/media\/11078"}],"wp:attachment":[{"href":"https:\/\/realidadturistica.com\/realtur\/wp-json\/wp\/v2\/media?parent=11077"}],"wp:term":[{"taxonomy":"category","embeddable":true,"href":"https:\/\/realidadturistica.com\/realtur\/wp-json\/wp\/v2\/categories?post=11077"},{"taxonomy":"post_tag","embeddable":true,"href":"https:\/\/realidadturistica.com\/realtur\/wp-json\/wp\/v2\/tags?post=11077"}],"curies":[{"name":"wp","href":"https:\/\/api.w.org\/{rel}","templated":true}]}}