{"id":11108,"date":"2025-10-28T17:13:34","date_gmt":"2025-10-28T17:13:34","guid":{"rendered":"https:\/\/realidadturistica.com\/realtur\/?p=11108"},"modified":"2025-10-28T17:13:37","modified_gmt":"2025-10-28T17:13:37","slug":"sera-jalisco-la-sede-mas-mexicana-del-mundial-2026","status":"publish","type":"post","link":"https:\/\/realidadturistica.com\/realtur\/sera-jalisco-la-sede-mas-mexicana-del-mundial-2026\/","title":{"rendered":"Ser\u00e1 Jalisco la sede m\u00e1s mexicana del Mundial 2026"},"content":{"rendered":"\n<p class=\"wp-block-yoast-seo-estimated-reading-time yoast-reading-time__wrapper\"><span class=\"yoast-reading-time__icon\"><svg aria-hidden=\"true\" focusable=\"false\" data-icon=\"clock\" width=\"20\" height=\"20\" fill=\"none\" stroke=\"currentColor\" style=\"display:inline-block;vertical-align:-0.1em\" role=\"img\" xmlns=\"http:\/\/www.w3.org\/2000\/svg\" viewBox=\"0 0 24 24\"><path stroke-linecap=\"round\" stroke-linejoin=\"round\" stroke-width=\"2\" d=\"M12 8v4l3 3m6-3a9 9 0 11-18 0 9 9 0 0118 0z\"><\/path><\/svg><\/span><span class=\"yoast-reading-time__spacer\" style=\"display:inline-block;width:1em\"><\/span><span class=\"yoast-reading-time__descriptive-text\">Estimated reading time: <\/span><span class=\"yoast-reading-time__reading-time\">9<\/span><span class=\"yoast-reading-time__time-unit\"> minutos<\/span><\/p>\n\n\n\n<ul class=\"wp-block-list\">\n<li>Desde la Ciudad de M\u00e9xico, Pablo Lemus Navarro, Gobernador del Estado, expuso la estrategia tur\u00edstica, econ\u00f3mica, cultural y social que se desarrolla en conjunto con Guadalajara y Zapopan para consolidar a Jalisco como la sede m\u00e1s mexicana del Mundial 2026.<\/li>\n\n\n\n<li>Lemus Navarro anunci\u00f3 espect\u00e1culos p\u00fablicos con la presentaci\u00f3n de la banda de rock jalisciense Man\u00e1, Alejandro Fern\u00e1ndez y la presencia del guitarrista internacional Carlos Santana, oriundo de Autl\u00e1n de Navarro.<\/li>\n<\/ul>\n\n\n\n<p><strong>Ciudad de M\u00e9xico, a 27 de octubre de 2025.-<\/strong> Jalisco ser\u00e1 la sede m\u00e1s mexicana del Mundial 2026 al reunir una oferta tur\u00edstica gastron\u00f3mica y cultural inigualable, y consolidar un plan de trabajo iniciado a\u00f1os atr\u00e1s, afirm\u00f3 Pablo Lemus Navarro, Gobernador de Jalisco, en conferencia de prensa en CDMX.<\/p>\n\n\n\n<p>\u201c<em>Creo que hay muchas cosas que nos distinguen. Cuando se habla de M\u00e9xico en el mundo los grandes s\u00edmbolos son de Jalisco, esa es la verdad, el mariachi, el tequila, la charrer\u00eda (\u2026) Los grandes deportistas, los grandes artistas y, se los he dicho, nosotros vamos a jugar con los locales<\/em>\u201d, manifest\u00f3 Lemus Navarro.<\/p>\n\n\n\n<p>Para la representaci\u00f3n de Jalisco ante el mundo con sus nuevos embajadores, el Gobernador, Pablo Lemus, destac\u00f3 que se jugar\u00e1 con personalidades locales y con jaliscienses que han brillado por su \u00e9xito internacional; por esto, se prev\u00e9 que se sumen 80 embajadoras y embajadores para el Mundial 2026.<\/p>\n\n\n\n<p>\u201c<em>Por ello quiero agradecer mucho a nuestra clavadista Ale Orozco y los emblemas de M\u00e9xico y de las Chivas Fernando Quirarte, Ramoncito Morales y Carlos Salcido<\/em>\u201d, destac\u00f3 el titular del ejecutivo estatal.<\/p>\n\n\n\n<p>La primera presentaci\u00f3n fue de Lorena Ochoa, ex golfista internacional y campeona mundial la LPGA Tour, el m\u00e1ximo circuito del golf femenino profesional.<\/p>\n\n\n\n<p>El Gobernador tapat\u00edo adelant\u00f3 que se tendr\u00e1n espect\u00e1culos p\u00fablicos alternos, con la presentaci\u00f3n de la banda jalisciense de rock en espa\u00f1ol Man\u00e1, el guitarrista Carlos Santana, originario de Autl\u00e1n de Navarro, y Alejandro Fern\u00e1ndez, con un concierto p\u00fablico en el que se espera participe el Mariachi Vargas de Tecalitl\u00e1n.<\/p>\n\n\n\n<p>\u201c<em>Vamos a tener una gran cantidad de espect\u00e1culos p\u00fablicos, gratuitos, del mejor nivel del mundo<\/em>\u201d, inform\u00f3 el Gobernador.<\/p>\n\n\n\n<p>Lemus Navarro destac\u00f3 que el avance que se tiene en Jalisco se debe por haber comenzado este trabajo desde hace diez a\u00f1os, en lo que destac\u00f3 la visi\u00f3n del empresario Jorge Vergara.&nbsp;<\/p>\n\n\n\n<p>Esto, dijo, represent\u00f3 una coordinaci\u00f3n con el Gobierno de M\u00e9xico, FIFA, la Federaci\u00f3n Mexicana de Futbol, adem\u00e1s de los Gobiernos de Estados Unidos de Am\u00e9rica y de Canad\u00e1; todos orientados a hacer de esta edici\u00f3n el mejor mundial de la historia.<\/p>\n\n\n\n<p>En lo que respecta a la infraestructura, destac\u00f3, Jalisco contar\u00e1 con uno de los mejores aeropuertos de Latinoam\u00e9rica, el Aeropuerto Internacional de Guadalajara, que adem\u00e1s sobresale en M\u00e9xico por su conectividad con todas las sedes mundialistas.<\/p>\n\n\n\n<p>Distingui\u00f3 la inversi\u00f3n para la regeneraci\u00f3n urbana del ingreso del aeropuerto a la ciudad de Guadalajara, Carretera a Chapala, con trabajos de sustituci\u00f3n por concreto hidr\u00e1ulico, aumento a tres carriles por sentido, con ciclov\u00edas, alumbrado y arbolado urbano; acciones que dignifican el espacio p\u00fablico y quedan para la posteridad.<\/p>\n\n\n\n<p>A la inversi\u00f3n, se\u00f1al\u00f3, se trabaja en la L\u00ednea 5 del transporte p\u00fablico y el sistema que conectar\u00e1 al aeropuerto con distintos puntos, como la L\u00ednea 3 y el Estadio Guadalajara.<\/p>\n\n\n\n<p>Lemus Navarro refiri\u00f3 la intervenci\u00f3n que se realiza en la Glorieta Minerva, adem\u00e1s de las obras que se tendr\u00e1n en el Centro Hist\u00f3rico, para recibir a todos los visitantes prepar\u00e1ndose m\u00e1s all\u00e1 de los cuatro partidos, sino por los 39 d\u00edas de fiesta en el FIFA Fan Festival.<\/p>\n\n\n\n<p>\u201c<em>El Mundial es una muy buena excusa para hacer grandes obras que queden para la posteridad en la Zona Metropolitana de Guadalajara y de todo el estado de Jalisco<\/em>\u201d, puntualiz\u00f3 el Gobernador.<\/p>\n\n\n\n<p>Michelle Fridman Hirsch, Secretaria de Turismo, refiri\u00f3 a Jalisco como la sede m\u00e1s mexicana, que recibir\u00e1 3 millones de visitantes durante la justa mundialista; a la entidad llegan alrededor de 34 millones de turistas al a\u00f1o.<\/p>\n\n\n\n<p>Destac\u00f3 que Jalisco ser\u00e1 la \u00fanica sede con 400 kil\u00f3metros de costa, lo que quiere decir la \u00fanica sede en M\u00e9xico con playa, adem\u00e1s de ofrecer 12 Pueblos M\u00e1gicos y 27 nuevas rutas a\u00e9reas m\u00e1s durante esta administraci\u00f3n.<\/p>\n\n\n\n<p>Fridman Hirsch subray\u00f3 la solidez de la infraestructura y conectividad del estado, destacando que Jalisco cuenta con m\u00e1s de 90 rutas a\u00e9reas desde Guadalajara y Puerto Vallarta, lo que facilita el acceso nacional e internacional.<\/p>\n\n\n\n<p>Se\u00f1al\u00f3 que actualmente operan m\u00e1s de 2 mil 700 hoteles en el estado, y que se sumar\u00e1n 40 nuevos desarrollos entre 2025 y 2027, lo que permitir\u00e1 alcanzar m\u00e1s de 90 mil habitaciones disponibles para el Mundial.<\/p>\n\n\n\n<p>\u201c<em>Jalisco sigue creciendo y lo hace al estilo Jalisco. Hemos anunciado una importante cantidad de rutas a\u00e9reas en nuestros dos aeropuertos, hemos anunciado una inversi\u00f3n hist\u00f3rica hotelera con la llegada de m\u00e1s de 40 nuevos hoteles, lo cual nos va a permitir llegar a las 90 mil habitaciones<\/em>\u201d, inform\u00f3 Michelle Fridman.<\/p>\n\n\n\n<p>\u201c<em>Presentamos hace un mes dos nuevas im\u00e1genes de rutas tequileras, que se van a sumar a las rutas que presentaremos previo al mundial, para que los asistentes del mundial puedan disfrutar de la gran oferta tur\u00edstica de Jalisco<\/em>\u201d, agreg\u00f3 la Secretaria.<\/p>\n\n\n\n<p>A\u00f1adi\u00f3 que en 2026 llegar\u00e1n a la entidad m\u00e1s eventos internacionales, siendo el epicentro de grandes eventos deportivos, culturales, cinematogr\u00e1ficos y tur\u00edsticos.<\/p>\n\n\n\n<p>Inform\u00f3 que se contar\u00e1 con una campa\u00f1a de Jalisco que tendr\u00e1 color y s\u00edmbolos significativos de todo el estado, con una propuesta integral que destaque la identidad del Jalisco al mundo.<\/p>\n\n\n\n<p>Paralelamente, dijo, se capacita a la cadena productiva del sector tur\u00edstico \u2014hoteles, restaurantes, servicios de transporte y atenci\u00f3n al visitante\u2014 para garantizar que est\u00e9n listos con informaci\u00f3n estrat\u00e9gica y las mejores pr\u00e1cticas.<\/p>\n\n\n\n<p>Se trabaja tambi\u00e9n en infraestructura clave en hoteler\u00eda, movilidad, se\u00f1al\u00e9tica y conectividad, con una visi\u00f3n clara de llevar el Mundial 2026 a todo Jalisco.<\/p>\n\n\n\n<p>\u201c<em>Eso es algo que solamente Jalisco puede hacer de esa manera. Estamos listos para ganar con la sede m\u00e1s mexicana<\/em>\u201d, indic\u00f3 Fridman Hirsch.<\/p>\n\n\n\n<p>El turismo al Estilo Jalisco, significa una inversi\u00f3n hotelera hist\u00f3rica con m\u00e1s de 40 nuevos hoteles y 90 mil habitaciones, una nueva imagen de rutas tequileras, raicilla y vino como el Valle del Tequila y Tequila de los Altos, 250 productos tur\u00edsticos, promoci\u00f3n internacional 360 en distintas ferias mundiales, 30 por ciento de playas de Puerto Vallarta rumbo a la certificaci\u00f3n Blue Flag, e impulso a la industria f\u00edlmica.<\/p>\n\n\n\n<p>Juan Jos\u00e9 Frangie Saade, Presidente Municipal de Zapopan y encargado del Comit\u00e9 Organizador Guadalajara 2026, coment\u00f3 que Jalisco es la sede m\u00e1s apasionada a este deporte y con una identidad futbol\u00edstica \u00fanica en M\u00e9xico, con un estadio de talla mundial listo con todas las condiciones para recibir los partidos mundialistas.<\/p>\n\n\n\n<p>\u201c<em>En Jalisco innovamos e hicimos un fideicomiso con recursos del estado de Jalisco, el Municipio de Guadalajara y el Municipio de Zapopan. Entre los tres juntamos poco m\u00e1s de 400 millones de pesos, y todos los recursos est\u00e1n debidamente etiquetados<\/em>\u201d, inform\u00f3 el Presidente Municipal.<\/p>\n\n\n\n<p>Frangie Saade destac\u00f3 la recaudaci\u00f3n, hasta hoy, de 120 millones de pesos provenientes de empresarios y la sociedad civil organizada, con una alianza estrat\u00e9gica replicada en otras sedes mundialistas y avalado por FIFA en M\u00e9xico.<\/p>\n\n\n\n<p>Ver\u00f3nica Delgadillo Garc\u00eda, Presidenta Municipal de Guadalajara, explic\u00f3 lo que ser\u00e1 la fiesta en el coraz\u00f3n de la ciudad, el FIFA Fan Festival en el que se consideran festejos, cultura, gastronom\u00eda, art\u00edstica con m\u00fasica local e interacciones con los asistentes.<\/p>\n\n\n\n<p>\u201c<em>Estamos poniendo muy chulo el Centro Hist\u00f3rico, que, adem\u00e1s, es un proyecto que ya ten\u00edamos planteado con nuestro Gobernador, que adem\u00e1s va a dejar un sello muy particular para cuando los recibamos el pr\u00f3ximo a\u00f1o en Guadalajara<\/em>\u201d, dijo Ver\u00f3nica Ddelgadillo.<\/p>\n\n\n\n<p>\u201c<em>Ah\u00ed en el coraz\u00f3n de Guadalajara donde se respira historia, tradici\u00f3n, cultura, ah\u00ed es donde vamos a tener nuestro FIFA Fan Festival<\/em>\u201d, inform\u00f3.<\/p>\n\n\n\n<p>Se espera, en 39 d\u00edas de operaci\u00f3n, recibir aproximadamente a 65 mil personas al d\u00eda, a quienes se les invitar\u00e1 a disfrutar de la grandeza de M\u00e9xico, a trav\u00e9s de Guadalajara.<\/p>\n\n\n\n<p>Destac\u00f3 las capacitaciones que se est\u00e1n llevando a cabo para el personal que har\u00e1 recepci\u00f3n de las y los turistas, en rubros como derechos humanos como en materia de seguridad, servicios y turismo.<\/p>\n\n\n\n<p>En esta rueda de prensa desde la capital del pa\u00eds, se presentaron a los nuevos embajadores de Guadalajara para la Copa Mundial 2026, como Alejandra Orozco, ex clavadista jalisciense y medallista ol\u00edmpica, quien destac\u00f3 que Jalisco es el estado del deporte en todo M\u00e9xico.<\/p>\n\n\n\n<p>\u201c<em>Cada persona que pisa Guadalajara siempre se va con un buen sabor de boca. Cada persona que me toc\u00f3 de otro pa\u00eds que ven\u00eda a competir siempre dec\u00eda que somos la ciudad m\u00e1s alegre y que somos la esencia m\u00e1s \u00fanica de M\u00e9xico<\/em>\u201d, refiri\u00f3 la deportista tapat\u00eda.<\/p>\n\n\n\n<p>Se realiz\u00f3 el nombramiento con la recepci\u00f3n del bal\u00f3n oficial y la bufanda representativa del Mundial 2026 a Ram\u00f3n Morales, jalisciense por adopci\u00f3n por m\u00e1s de 30 a\u00f1os, quien indic\u00f3 que hoy esa pelota une a M\u00e9xico, une corazones y sue\u00f1os, y la posibilidad, desde Jalisco, de demostrarle al mundo que M\u00e9xico es un gran pa\u00eds.<\/p>\n\n\n\n<p>\u201c<em>Pone la posibilidad de demostrar al mundo que somos un gran pa\u00eds, que Guadalajara, que Jalisco es un gran estado, es de lo mejor para vivir, entonces todos tenemos la responsabilidad y la obligaci\u00f3n de mandarle un mensaje al mundo donde M\u00e9xico es maravilloso y hermoso<\/em>\u201d, destac\u00f3 el lateral izquierdo.<\/p>\n\n\n\n<p>El jugador ocotlense de tres Mundiales, en Alemania, Sud\u00e1frica y Brasil, Carlos Salcido, destac\u00f3 que se tiene la obligaci\u00f3n de que la poblaci\u00f3n local haga saber a los asistentes qu\u00e9 es M\u00e9xico ante al mundo.<\/p>\n\n\n\n<p>Fernando \u201cSheriff\u201d Quirarte, tambi\u00e9n jugador mundialista, coment\u00f3 que esta ser\u00e1 una fiesta nacional c\u00f3mo se vivi\u00f3 en las distintas ediciones en M\u00e9xico y record\u00f3 que, en el a\u00f1o 1986, despu\u00e9s de la tragedia del sismo, el pa\u00eds se levant\u00f3 y demostr\u00f3 al mundo la grandeza de los mexicanos unidos.&nbsp;<\/p>\n\n\n\n<p>\u201c<em>Es un gran orgullo que se hayan tomado la molestia de nombrarnos embajadores en este tan importante evento, que por tercera ocasi\u00f3n se hace en nuestro pa\u00eds, se dice f\u00e1cil, pero para ser sede por tercera ocasi\u00f3n la verdad que costoso trabajo (\u2026), lo que nos espera para todos es una fiesta, es una fiesta nacional<\/em>\u201d, expres\u00f3 la leyenda del futbol mexicano.<\/p>\n\n\n\n<p>&nbsp;A la conferencia de prensa acudieron Gabriela Cuevas, Representante del Gobierno de M\u00e9xico para el Mundial 2026; Miguel Agui\u00f1iga, Representante de la Secretar\u00eda de Turismo de M\u00e9xico; y Josefina Rodr\u00edguez Zamora y Pilar Lozano, en representaci\u00f3n de la sede Nuevo Le\u00f3n.<\/p>\n\n\n\n<p>Secretaria de Turismo de Jalisco<\/p>\n\n\n\n<p><\/p>\n","protected":false},"excerpt":{"rendered":"<p>Ciudad de M\u00e9xico, a 27 de octubre de 2025.- Jalisco ser\u00e1 la sede m\u00e1s mexicana del Mundial 2026 al reunir una oferta tur\u00edstica gastron\u00f3mica y&hellip;<\/p>\n","protected":false},"author":2,"featured_media":11109,"comment_status":"open","ping_status":"closed","sticky":false,"template":"","format":"standard","meta":{"content-type":"","_lmt_disableupdate":"","_lmt_disable":"","footnotes":""},"categories":[6],"tags":[],"class_list":["post-11108","post","type-post","status-publish","format-standard","has-post-thumbnail","hentry","category-turismo"],"yoast_head":"<!-- This site is optimized with the Yoast SEO Premium plugin v27.4 (Yoast SEO v27.5) - https:\/\/yoast.com\/product\/yoast-seo-premium-wordpress\/ -->\n<title>Ser\u00e1 Jalisco la sede m\u00e1s mexicana del Mundial 2026 - Realidad Tur\u00edstica<\/title>\n<meta name=\"robots\" content=\"index, follow, max-snippet:-1, max-image-preview:large, max-video-preview:-1\" \/>\n<link rel=\"canonical\" href=\"https:\/\/realidadturistica.com\/realtur\/sera-jalisco-la-sede-mas-mexicana-del-mundial-2026\/\" \/>\n<meta property=\"og:locale\" content=\"es_ES\" \/>\n<meta property=\"og:type\" content=\"article\" \/>\n<meta property=\"og:title\" content=\"Ser\u00e1 Jalisco la sede m\u00e1s mexicana del Mundial 2026\" \/>\n<meta property=\"og:description\" content=\"Ciudad de M\u00e9xico, a 27 de octubre de 2025.- Jalisco ser\u00e1 la sede m\u00e1s mexicana del Mundial 2026 al reunir una oferta tur\u00edstica gastron\u00f3mica y&hellip;\" \/>\n<meta property=\"og:url\" content=\"https:\/\/realidadturistica.com\/realtur\/sera-jalisco-la-sede-mas-mexicana-del-mundial-2026\/\" \/>\n<meta property=\"og:site_name\" content=\"Realidad Tur\u00edstica\" \/>\n<meta property=\"article:publisher\" content=\"https:\/\/www.facebook.com\/realidadturistica\" \/>\n<meta property=\"article:published_time\" content=\"2025-10-28T17:13:34+00:00\" \/>\n<meta property=\"article:modified_time\" content=\"2025-10-28T17:13:37+00:00\" \/>\n<meta property=\"og:image\" content=\"https:\/\/realidadturistica.com\/realtur\/wp-content\/uploads\/2025\/10\/Sera-jalisco.jpg\" \/>\n\t<meta property=\"og:image:width\" content=\"1462\" \/>\n\t<meta property=\"og:image:height\" content=\"942\" \/>\n\t<meta property=\"og:image:type\" content=\"image\/jpeg\" \/>\n<meta name=\"author\" content=\"Editor\" \/>\n<meta name=\"twitter:card\" content=\"summary_large_image\" \/>\n<meta name=\"twitter:label1\" content=\"Escrito por\" \/>\n\t<meta name=\"twitter:data1\" content=\"Editor\" \/>\n\t<meta name=\"twitter:label2\" content=\"Tiempo de lectura\" \/>\n\t<meta name=\"twitter:data2\" content=\"9 minutos\" \/>\n<script type=\"application\/ld+json\" class=\"yoast-schema-graph\">{\"@context\":\"https:\\\/\\\/schema.org\",\"@graph\":[{\"@type\":\"Article\",\"@id\":\"https:\\\/\\\/realidadturistica.com\\\/realtur\\\/sera-jalisco-la-sede-mas-mexicana-del-mundial-2026\\\/#article\",\"isPartOf\":{\"@id\":\"https:\\\/\\\/realidadturistica.com\\\/realtur\\\/sera-jalisco-la-sede-mas-mexicana-del-mundial-2026\\\/\"},\"author\":{\"name\":\"Editor\",\"@id\":\"https:\\\/\\\/realidadturistica.com\\\/realtur\\\/#\\\/schema\\\/person\\\/ade671191202490fcf08ab21590de73e\"},\"headline\":\"Ser\u00e1 Jalisco la sede m\u00e1s mexicana del Mundial 2026\",\"datePublished\":\"2025-10-28T17:13:34+00:00\",\"dateModified\":\"2025-10-28T17:13:37+00:00\",\"mainEntityOfPage\":{\"@id\":\"https:\\\/\\\/realidadturistica.com\\\/realtur\\\/sera-jalisco-la-sede-mas-mexicana-del-mundial-2026\\\/\"},\"wordCount\":1895,\"commentCount\":0,\"publisher\":{\"@id\":\"https:\\\/\\\/realidadturistica.com\\\/realtur\\\/#organization\"},\"image\":{\"@id\":\"https:\\\/\\\/realidadturistica.com\\\/realtur\\\/sera-jalisco-la-sede-mas-mexicana-del-mundial-2026\\\/#primaryimage\"},\"thumbnailUrl\":\"https:\\\/\\\/realidadturistica.com\\\/realtur\\\/wp-content\\\/uploads\\\/2025\\\/10\\\/Sera-jalisco.jpg\",\"articleSection\":[\"Turismo\"],\"inLanguage\":\"es\",\"potentialAction\":[{\"@type\":\"CommentAction\",\"name\":\"Comment\",\"target\":[\"https:\\\/\\\/realidadturistica.com\\\/realtur\\\/sera-jalisco-la-sede-mas-mexicana-del-mundial-2026\\\/#respond\"]}]},{\"@type\":\"WebPage\",\"@id\":\"https:\\\/\\\/realidadturistica.com\\\/realtur\\\/sera-jalisco-la-sede-mas-mexicana-del-mundial-2026\\\/\",\"url\":\"https:\\\/\\\/realidadturistica.com\\\/realtur\\\/sera-jalisco-la-sede-mas-mexicana-del-mundial-2026\\\/\",\"name\":\"Ser\u00e1 Jalisco la sede m\u00e1s mexicana del Mundial 2026 - Realidad Tur\u00edstica\",\"isPartOf\":{\"@id\":\"https:\\\/\\\/realidadturistica.com\\\/realtur\\\/#website\"},\"primaryImageOfPage\":{\"@id\":\"https:\\\/\\\/realidadturistica.com\\\/realtur\\\/sera-jalisco-la-sede-mas-mexicana-del-mundial-2026\\\/#primaryimage\"},\"image\":{\"@id\":\"https:\\\/\\\/realidadturistica.com\\\/realtur\\\/sera-jalisco-la-sede-mas-mexicana-del-mundial-2026\\\/#primaryimage\"},\"thumbnailUrl\":\"https:\\\/\\\/realidadturistica.com\\\/realtur\\\/wp-content\\\/uploads\\\/2025\\\/10\\\/Sera-jalisco.jpg\",\"datePublished\":\"2025-10-28T17:13:34+00:00\",\"dateModified\":\"2025-10-28T17:13:37+00:00\",\"breadcrumb\":{\"@id\":\"https:\\\/\\\/realidadturistica.com\\\/realtur\\\/sera-jalisco-la-sede-mas-mexicana-del-mundial-2026\\\/#breadcrumb\"},\"inLanguage\":\"es\",\"potentialAction\":[{\"@type\":\"ReadAction\",\"target\":[\"https:\\\/\\\/realidadturistica.com\\\/realtur\\\/sera-jalisco-la-sede-mas-mexicana-del-mundial-2026\\\/\"]}]},{\"@type\":\"ImageObject\",\"inLanguage\":\"es\",\"@id\":\"https:\\\/\\\/realidadturistica.com\\\/realtur\\\/sera-jalisco-la-sede-mas-mexicana-del-mundial-2026\\\/#primaryimage\",\"url\":\"https:\\\/\\\/realidadturistica.com\\\/realtur\\\/wp-content\\\/uploads\\\/2025\\\/10\\\/Sera-jalisco.jpg\",\"contentUrl\":\"https:\\\/\\\/realidadturistica.com\\\/realtur\\\/wp-content\\\/uploads\\\/2025\\\/10\\\/Sera-jalisco.jpg\",\"width\":1462,\"height\":942},{\"@type\":\"BreadcrumbList\",\"@id\":\"https:\\\/\\\/realidadturistica.com\\\/realtur\\\/sera-jalisco-la-sede-mas-mexicana-del-mundial-2026\\\/#breadcrumb\",\"itemListElement\":[{\"@type\":\"ListItem\",\"position\":1,\"name\":\"Portada\",\"item\":\"https:\\\/\\\/realidadturistica.com\\\/realtur\\\/\"},{\"@type\":\"ListItem\",\"position\":2,\"name\":\"Ser\u00e1 Jalisco la sede m\u00e1s mexicana del Mundial 2026\"}]},{\"@type\":\"WebSite\",\"@id\":\"https:\\\/\\\/realidadturistica.com\\\/realtur\\\/#website\",\"url\":\"https:\\\/\\\/realidadturistica.com\\\/realtur\\\/\",\"name\":\"Realidad Tur\u00edstica\",\"description\":\"\",\"publisher\":{\"@id\":\"https:\\\/\\\/realidadturistica.com\\\/realtur\\\/#organization\"},\"potentialAction\":[{\"@type\":\"SearchAction\",\"target\":{\"@type\":\"EntryPoint\",\"urlTemplate\":\"https:\\\/\\\/realidadturistica.com\\\/realtur\\\/?s={search_term_string}\"},\"query-input\":{\"@type\":\"PropertyValueSpecification\",\"valueRequired\":true,\"valueName\":\"search_term_string\"}}],\"inLanguage\":\"es\"},{\"@type\":\"Organization\",\"@id\":\"https:\\\/\\\/realidadturistica.com\\\/realtur\\\/#organization\",\"name\":\"Realidad Tur\u00edstica\",\"url\":\"https:\\\/\\\/realidadturistica.com\\\/realtur\\\/\",\"logo\":{\"@type\":\"ImageObject\",\"inLanguage\":\"es\",\"@id\":\"https:\\\/\\\/realidadturistica.com\\\/realtur\\\/#\\\/schema\\\/logo\\\/image\\\/\",\"url\":\"https:\\\/\\\/realidadturistica.com\\\/realtur\\\/wp-content\\\/uploads\\\/2021\\\/12\\\/logotipo-realidad-turistica.png\",\"contentUrl\":\"https:\\\/\\\/realidadturistica.com\\\/realtur\\\/wp-content\\\/uploads\\\/2021\\\/12\\\/logotipo-realidad-turistica.png\",\"width\":1382,\"height\":629,\"caption\":\"Realidad Tur\u00edstica\"},\"image\":{\"@id\":\"https:\\\/\\\/realidadturistica.com\\\/realtur\\\/#\\\/schema\\\/logo\\\/image\\\/\"},\"sameAs\":[\"https:\\\/\\\/www.facebook.com\\\/realidadturistica\",\"https:\\\/\\\/www.instagram.com\\\/realidad_turistica\\\/\"]},{\"@type\":\"Person\",\"@id\":\"https:\\\/\\\/realidadturistica.com\\\/realtur\\\/#\\\/schema\\\/person\\\/ade671191202490fcf08ab21590de73e\",\"name\":\"Editor\",\"image\":{\"@type\":\"ImageObject\",\"inLanguage\":\"es\",\"@id\":\"https:\\\/\\\/realidadturistica.com\\\/realtur\\\/wp-content\\\/uploads\\\/2023\\\/09\\\/Editor_avatar_1693668634-96x96.png\",\"url\":\"https:\\\/\\\/realidadturistica.com\\\/realtur\\\/wp-content\\\/uploads\\\/2023\\\/09\\\/Editor_avatar_1693668634-96x96.png\",\"contentUrl\":\"https:\\\/\\\/realidadturistica.com\\\/realtur\\\/wp-content\\\/uploads\\\/2023\\\/09\\\/Editor_avatar_1693668634-96x96.png\",\"caption\":\"Editor\"},\"sameAs\":[\"https:\\\/\\\/realidadturistica.com\\\/realtur\"],\"url\":\"https:\\\/\\\/realidadturistica.com\\\/realtur\\\/author\\\/editor2\\\/\"}]}<\/script>\n<!-- \/ Yoast SEO Premium plugin. -->","yoast_head_json":{"title":"Ser\u00e1 Jalisco la sede m\u00e1s mexicana del Mundial 2026 - Realidad Tur\u00edstica","robots":{"index":"index","follow":"follow","max-snippet":"max-snippet:-1","max-image-preview":"max-image-preview:large","max-video-preview":"max-video-preview:-1"},"canonical":"https:\/\/realidadturistica.com\/realtur\/sera-jalisco-la-sede-mas-mexicana-del-mundial-2026\/","og_locale":"es_ES","og_type":"article","og_title":"Ser\u00e1 Jalisco la sede m\u00e1s mexicana del Mundial 2026","og_description":"Ciudad de M\u00e9xico, a 27 de octubre de 2025.- Jalisco ser\u00e1 la sede m\u00e1s mexicana del Mundial 2026 al reunir una oferta tur\u00edstica gastron\u00f3mica y&hellip;","og_url":"https:\/\/realidadturistica.com\/realtur\/sera-jalisco-la-sede-mas-mexicana-del-mundial-2026\/","og_site_name":"Realidad Tur\u00edstica","article_publisher":"https:\/\/www.facebook.com\/realidadturistica","article_published_time":"2025-10-28T17:13:34+00:00","article_modified_time":"2025-10-28T17:13:37+00:00","og_image":[{"width":1462,"height":942,"url":"https:\/\/realidadturistica.com\/realtur\/wp-content\/uploads\/2025\/10\/Sera-jalisco.jpg","type":"image\/jpeg"}],"author":"Editor","twitter_card":"summary_large_image","twitter_misc":{"Escrito por":"Editor","Tiempo de lectura":"9 minutos"},"schema":{"@context":"https:\/\/schema.org","@graph":[{"@type":"Article","@id":"https:\/\/realidadturistica.com\/realtur\/sera-jalisco-la-sede-mas-mexicana-del-mundial-2026\/#article","isPartOf":{"@id":"https:\/\/realidadturistica.com\/realtur\/sera-jalisco-la-sede-mas-mexicana-del-mundial-2026\/"},"author":{"name":"Editor","@id":"https:\/\/realidadturistica.com\/realtur\/#\/schema\/person\/ade671191202490fcf08ab21590de73e"},"headline":"Ser\u00e1 Jalisco la sede m\u00e1s mexicana del Mundial 2026","datePublished":"2025-10-28T17:13:34+00:00","dateModified":"2025-10-28T17:13:37+00:00","mainEntityOfPage":{"@id":"https:\/\/realidadturistica.com\/realtur\/sera-jalisco-la-sede-mas-mexicana-del-mundial-2026\/"},"wordCount":1895,"commentCount":0,"publisher":{"@id":"https:\/\/realidadturistica.com\/realtur\/#organization"},"image":{"@id":"https:\/\/realidadturistica.com\/realtur\/sera-jalisco-la-sede-mas-mexicana-del-mundial-2026\/#primaryimage"},"thumbnailUrl":"https:\/\/realidadturistica.com\/realtur\/wp-content\/uploads\/2025\/10\/Sera-jalisco.jpg","articleSection":["Turismo"],"inLanguage":"es","potentialAction":[{"@type":"CommentAction","name":"Comment","target":["https:\/\/realidadturistica.com\/realtur\/sera-jalisco-la-sede-mas-mexicana-del-mundial-2026\/#respond"]}]},{"@type":"WebPage","@id":"https:\/\/realidadturistica.com\/realtur\/sera-jalisco-la-sede-mas-mexicana-del-mundial-2026\/","url":"https:\/\/realidadturistica.com\/realtur\/sera-jalisco-la-sede-mas-mexicana-del-mundial-2026\/","name":"Ser\u00e1 Jalisco la sede m\u00e1s mexicana del Mundial 2026 - Realidad Tur\u00edstica","isPartOf":{"@id":"https:\/\/realidadturistica.com\/realtur\/#website"},"primaryImageOfPage":{"@id":"https:\/\/realidadturistica.com\/realtur\/sera-jalisco-la-sede-mas-mexicana-del-mundial-2026\/#primaryimage"},"image":{"@id":"https:\/\/realidadturistica.com\/realtur\/sera-jalisco-la-sede-mas-mexicana-del-mundial-2026\/#primaryimage"},"thumbnailUrl":"https:\/\/realidadturistica.com\/realtur\/wp-content\/uploads\/2025\/10\/Sera-jalisco.jpg","datePublished":"2025-10-28T17:13:34+00:00","dateModified":"2025-10-28T17:13:37+00:00","breadcrumb":{"@id":"https:\/\/realidadturistica.com\/realtur\/sera-jalisco-la-sede-mas-mexicana-del-mundial-2026\/#breadcrumb"},"inLanguage":"es","potentialAction":[{"@type":"ReadAction","target":["https:\/\/realidadturistica.com\/realtur\/sera-jalisco-la-sede-mas-mexicana-del-mundial-2026\/"]}]},{"@type":"ImageObject","inLanguage":"es","@id":"https:\/\/realidadturistica.com\/realtur\/sera-jalisco-la-sede-mas-mexicana-del-mundial-2026\/#primaryimage","url":"https:\/\/realidadturistica.com\/realtur\/wp-content\/uploads\/2025\/10\/Sera-jalisco.jpg","contentUrl":"https:\/\/realidadturistica.com\/realtur\/wp-content\/uploads\/2025\/10\/Sera-jalisco.jpg","width":1462,"height":942},{"@type":"BreadcrumbList","@id":"https:\/\/realidadturistica.com\/realtur\/sera-jalisco-la-sede-mas-mexicana-del-mundial-2026\/#breadcrumb","itemListElement":[{"@type":"ListItem","position":1,"name":"Portada","item":"https:\/\/realidadturistica.com\/realtur\/"},{"@type":"ListItem","position":2,"name":"Ser\u00e1 Jalisco la sede m\u00e1s mexicana del Mundial 2026"}]},{"@type":"WebSite","@id":"https:\/\/realidadturistica.com\/realtur\/#website","url":"https:\/\/realidadturistica.com\/realtur\/","name":"Realidad Tur\u00edstica","description":"","publisher":{"@id":"https:\/\/realidadturistica.com\/realtur\/#organization"},"potentialAction":[{"@type":"SearchAction","target":{"@type":"EntryPoint","urlTemplate":"https:\/\/realidadturistica.com\/realtur\/?s={search_term_string}"},"query-input":{"@type":"PropertyValueSpecification","valueRequired":true,"valueName":"search_term_string"}}],"inLanguage":"es"},{"@type":"Organization","@id":"https:\/\/realidadturistica.com\/realtur\/#organization","name":"Realidad Tur\u00edstica","url":"https:\/\/realidadturistica.com\/realtur\/","logo":{"@type":"ImageObject","inLanguage":"es","@id":"https:\/\/realidadturistica.com\/realtur\/#\/schema\/logo\/image\/","url":"https:\/\/realidadturistica.com\/realtur\/wp-content\/uploads\/2021\/12\/logotipo-realidad-turistica.png","contentUrl":"https:\/\/realidadturistica.com\/realtur\/wp-content\/uploads\/2021\/12\/logotipo-realidad-turistica.png","width":1382,"height":629,"caption":"Realidad Tur\u00edstica"},"image":{"@id":"https:\/\/realidadturistica.com\/realtur\/#\/schema\/logo\/image\/"},"sameAs":["https:\/\/www.facebook.com\/realidadturistica","https:\/\/www.instagram.com\/realidad_turistica\/"]},{"@type":"Person","@id":"https:\/\/realidadturistica.com\/realtur\/#\/schema\/person\/ade671191202490fcf08ab21590de73e","name":"Editor","image":{"@type":"ImageObject","inLanguage":"es","@id":"https:\/\/realidadturistica.com\/realtur\/wp-content\/uploads\/2023\/09\/Editor_avatar_1693668634-96x96.png","url":"https:\/\/realidadturistica.com\/realtur\/wp-content\/uploads\/2023\/09\/Editor_avatar_1693668634-96x96.png","contentUrl":"https:\/\/realidadturistica.com\/realtur\/wp-content\/uploads\/2023\/09\/Editor_avatar_1693668634-96x96.png","caption":"Editor"},"sameAs":["https:\/\/realidadturistica.com\/realtur"],"url":"https:\/\/realidadturistica.com\/realtur\/author\/editor2\/"}]}},"_links":{"self":[{"href":"https:\/\/realidadturistica.com\/realtur\/wp-json\/wp\/v2\/posts\/11108","targetHints":{"allow":["GET"]}}],"collection":[{"href":"https:\/\/realidadturistica.com\/realtur\/wp-json\/wp\/v2\/posts"}],"about":[{"href":"https:\/\/realidadturistica.com\/realtur\/wp-json\/wp\/v2\/types\/post"}],"author":[{"embeddable":true,"href":"https:\/\/realidadturistica.com\/realtur\/wp-json\/wp\/v2\/users\/2"}],"replies":[{"embeddable":true,"href":"https:\/\/realidadturistica.com\/realtur\/wp-json\/wp\/v2\/comments?post=11108"}],"version-history":[{"count":1,"href":"https:\/\/realidadturistica.com\/realtur\/wp-json\/wp\/v2\/posts\/11108\/revisions"}],"predecessor-version":[{"id":11110,"href":"https:\/\/realidadturistica.com\/realtur\/wp-json\/wp\/v2\/posts\/11108\/revisions\/11110"}],"wp:featuredmedia":[{"embeddable":true,"href":"https:\/\/realidadturistica.com\/realtur\/wp-json\/wp\/v2\/media\/11109"}],"wp:attachment":[{"href":"https:\/\/realidadturistica.com\/realtur\/wp-json\/wp\/v2\/media?parent=11108"}],"wp:term":[{"taxonomy":"category","embeddable":true,"href":"https:\/\/realidadturistica.com\/realtur\/wp-json\/wp\/v2\/categories?post=11108"},{"taxonomy":"post_tag","embeddable":true,"href":"https:\/\/realidadturistica.com\/realtur\/wp-json\/wp\/v2\/tags?post=11108"}],"curies":[{"name":"wp","href":"https:\/\/api.w.org\/{rel}","templated":true}]}}