{"id":11114,"date":"2025-10-30T18:42:34","date_gmt":"2025-10-30T18:42:34","guid":{"rendered":"https:\/\/realidadturistica.com\/realtur\/?p=11114"},"modified":"2025-10-30T18:42:36","modified_gmt":"2025-10-30T18:42:36","slug":"el-grupo-vila-gale-abrira-en-2026-su-segundo-hotel-en-la-habana","status":"publish","type":"post","link":"https:\/\/realidadturistica.com\/realtur\/el-grupo-vila-gale-abrira-en-2026-su-segundo-hotel-en-la-habana\/","title":{"rendered":"El grupo Vila Gal\u00e9 abrir\u00e1 en 2026 su segundo hotel en La Habana"},"content":{"rendered":"\n<p class=\"wp-block-yoast-seo-estimated-reading-time yoast-reading-time__wrapper\"><span class=\"yoast-reading-time__icon\"><svg aria-hidden=\"true\" focusable=\"false\" data-icon=\"clock\" width=\"20\" height=\"20\" fill=\"none\" stroke=\"currentColor\" style=\"display:inline-block;vertical-align:-0.1em\" role=\"img\" xmlns=\"http:\/\/www.w3.org\/2000\/svg\" viewBox=\"0 0 24 24\"><path stroke-linecap=\"round\" stroke-linejoin=\"round\" stroke-width=\"2\" d=\"M12 8v4l3 3m6-3a9 9 0 11-18 0 9 9 0 0118 0z\"><\/path><\/svg><\/span><span class=\"yoast-reading-time__spacer\" style=\"display:inline-block;width:1em\"><\/span><span class=\"yoast-reading-time__descriptive-text\">Estimated reading time: <\/span><span class=\"yoast-reading-time__reading-time\">2<\/span><span class=\"yoast-reading-time__time-unit\"> minutos<\/span><\/p>\n\n\n\n<p>Cuba. En la presentaci\u00f3n del destino Cuba organizada por la Embajada del pa\u00eds en Portugal, el presidente de Vila Gal\u00e9, Jorge Rebelo de Almeida, repas\u00f3 la historia de las relaciones del grupo hotelero con Cuba.<\/p>\n\n\n\n<p>As\u00ed, Rebelo espera que la marca abra su segundo hotel en la ciudad de La Habana el pr\u00f3ximo a\u00f1o. Tambi\u00e9n record\u00f3 que la marca Vila Gal\u00e9 entr\u00f3 en Cuba en 2023 con el hotel Vila Gal\u00e9 Cayo Pared\u00f3n, de categor\u00eda 5 estrellas y que \u2018no tiene nada que envidiar a la inmensa mayor\u00eda de la oferta hotelera de cualquier pa\u00eds del mundo y que ahora es s\u00faper popular en Canad\u00e1\u2019.<\/p>\n\n\n\n<p>En este 2025 el grupo hotelero de Portugal ha incrementado su huella en Cuba, sumando tres unidades m\u00e1s, en Cayo Santa Mar\u00eda, \u2018un hotel incre\u00edble en un destino incre\u00edble\u2019; en Varadero, \u2018un destino consolidado\u2019, y en La Habana.<\/p>\n\n\n\n<p>La capital cubana recibir\u00e1 su segunda unidad de Vila Gal\u00e9 a mediados de 2026, a ubicar en un edificio que est\u00e1 en construcci\u00f3n en la avenida Malec\u00f3n, dotado de unas 500 habitaciones.<\/p>\n\n\n\n<p>Expreso Viajes<\/p>\n","protected":false},"excerpt":{"rendered":"<p>Cuba. En la presentaci\u00f3n del destino Cuba organizada por la Embajada del pa\u00eds en Portugal, el presidente de Vila Gal\u00e9, Jorge Rebelo de Almeida, repas\u00f3&hellip;<\/p>\n","protected":false},"author":2,"featured_media":11115,"comment_status":"open","ping_status":"closed","sticky":false,"template":"","format":"standard","meta":{"content-type":"","_lmt_disableupdate":"","_lmt_disable":"","footnotes":""},"categories":[4],"tags":[],"class_list":["post-11114","post","type-post","status-publish","format-standard","has-post-thumbnail","hentry","category-destinos"],"yoast_head":"<!-- This site is optimized with the Yoast SEO Premium plugin v27.4 (Yoast SEO v27.5) - https:\/\/yoast.com\/product\/yoast-seo-premium-wordpress\/ -->\n<title>El grupo Vila Gal\u00e9 abrir\u00e1 en 2026 su segundo hotel en La Habana - Realidad Tur\u00edstica<\/title>\n<meta name=\"robots\" content=\"index, follow, max-snippet:-1, max-image-preview:large, max-video-preview:-1\" \/>\n<link rel=\"canonical\" href=\"https:\/\/realidadturistica.com\/realtur\/el-grupo-vila-gale-abrira-en-2026-su-segundo-hotel-en-la-habana\/\" \/>\n<meta property=\"og:locale\" content=\"es_ES\" \/>\n<meta property=\"og:type\" content=\"article\" \/>\n<meta property=\"og:title\" content=\"El grupo Vila Gal\u00e9 abrir\u00e1 en 2026 su segundo hotel en La Habana\" \/>\n<meta property=\"og:description\" content=\"Cuba. En la presentaci\u00f3n del destino Cuba organizada por la Embajada del pa\u00eds en Portugal, el presidente de Vila Gal\u00e9, Jorge Rebelo de Almeida, repas\u00f3&hellip;\" \/>\n<meta property=\"og:url\" content=\"https:\/\/realidadturistica.com\/realtur\/el-grupo-vila-gale-abrira-en-2026-su-segundo-hotel-en-la-habana\/\" \/>\n<meta property=\"og:site_name\" content=\"Realidad Tur\u00edstica\" \/>\n<meta property=\"article:publisher\" content=\"https:\/\/www.facebook.com\/realidadturistica\" \/>\n<meta property=\"article:published_time\" content=\"2025-10-30T18:42:34+00:00\" \/>\n<meta property=\"article:modified_time\" content=\"2025-10-30T18:42:36+00:00\" \/>\n<meta property=\"og:image\" content=\"https:\/\/realidadturistica.com\/realtur\/wp-content\/uploads\/2025\/10\/El-grupo-Vila.jpg\" \/>\n\t<meta property=\"og:image:width\" content=\"538\" \/>\n\t<meta property=\"og:image:height\" content=\"603\" \/>\n\t<meta property=\"og:image:type\" content=\"image\/jpeg\" \/>\n<meta name=\"author\" content=\"Editor\" \/>\n<meta name=\"twitter:card\" content=\"summary_large_image\" \/>\n<meta name=\"twitter:label1\" content=\"Escrito por\" \/>\n\t<meta name=\"twitter:data1\" content=\"Editor\" \/>\n\t<meta name=\"twitter:label2\" content=\"Tiempo de lectura\" \/>\n\t<meta name=\"twitter:data2\" content=\"2 minutos\" \/>\n<script type=\"application\/ld+json\" class=\"yoast-schema-graph\">{\"@context\":\"https:\\\/\\\/schema.org\",\"@graph\":[{\"@type\":\"Article\",\"@id\":\"https:\\\/\\\/realidadturistica.com\\\/realtur\\\/el-grupo-vila-gale-abrira-en-2026-su-segundo-hotel-en-la-habana\\\/#article\",\"isPartOf\":{\"@id\":\"https:\\\/\\\/realidadturistica.com\\\/realtur\\\/el-grupo-vila-gale-abrira-en-2026-su-segundo-hotel-en-la-habana\\\/\"},\"author\":{\"name\":\"Editor\",\"@id\":\"https:\\\/\\\/realidadturistica.com\\\/realtur\\\/#\\\/schema\\\/person\\\/ade671191202490fcf08ab21590de73e\"},\"headline\":\"El grupo Vila Gal\u00e9 abrir\u00e1 en 2026 su segundo hotel en La Habana\",\"datePublished\":\"2025-10-30T18:42:34+00:00\",\"dateModified\":\"2025-10-30T18:42:36+00:00\",\"mainEntityOfPage\":{\"@id\":\"https:\\\/\\\/realidadturistica.com\\\/realtur\\\/el-grupo-vila-gale-abrira-en-2026-su-segundo-hotel-en-la-habana\\\/\"},\"wordCount\":204,\"commentCount\":0,\"publisher\":{\"@id\":\"https:\\\/\\\/realidadturistica.com\\\/realtur\\\/#organization\"},\"image\":{\"@id\":\"https:\\\/\\\/realidadturistica.com\\\/realtur\\\/el-grupo-vila-gale-abrira-en-2026-su-segundo-hotel-en-la-habana\\\/#primaryimage\"},\"thumbnailUrl\":\"https:\\\/\\\/realidadturistica.com\\\/realtur\\\/wp-content\\\/uploads\\\/2025\\\/10\\\/El-grupo-Vila.jpg\",\"articleSection\":[\"Destinos M\u00e1gicos\"],\"inLanguage\":\"es\",\"potentialAction\":[{\"@type\":\"CommentAction\",\"name\":\"Comment\",\"target\":[\"https:\\\/\\\/realidadturistica.com\\\/realtur\\\/el-grupo-vila-gale-abrira-en-2026-su-segundo-hotel-en-la-habana\\\/#respond\"]}]},{\"@type\":\"WebPage\",\"@id\":\"https:\\\/\\\/realidadturistica.com\\\/realtur\\\/el-grupo-vila-gale-abrira-en-2026-su-segundo-hotel-en-la-habana\\\/\",\"url\":\"https:\\\/\\\/realidadturistica.com\\\/realtur\\\/el-grupo-vila-gale-abrira-en-2026-su-segundo-hotel-en-la-habana\\\/\",\"name\":\"El grupo Vila Gal\u00e9 abrir\u00e1 en 2026 su segundo hotel en La Habana - Realidad Tur\u00edstica\",\"isPartOf\":{\"@id\":\"https:\\\/\\\/realidadturistica.com\\\/realtur\\\/#website\"},\"primaryImageOfPage\":{\"@id\":\"https:\\\/\\\/realidadturistica.com\\\/realtur\\\/el-grupo-vila-gale-abrira-en-2026-su-segundo-hotel-en-la-habana\\\/#primaryimage\"},\"image\":{\"@id\":\"https:\\\/\\\/realidadturistica.com\\\/realtur\\\/el-grupo-vila-gale-abrira-en-2026-su-segundo-hotel-en-la-habana\\\/#primaryimage\"},\"thumbnailUrl\":\"https:\\\/\\\/realidadturistica.com\\\/realtur\\\/wp-content\\\/uploads\\\/2025\\\/10\\\/El-grupo-Vila.jpg\",\"datePublished\":\"2025-10-30T18:42:34+00:00\",\"dateModified\":\"2025-10-30T18:42:36+00:00\",\"breadcrumb\":{\"@id\":\"https:\\\/\\\/realidadturistica.com\\\/realtur\\\/el-grupo-vila-gale-abrira-en-2026-su-segundo-hotel-en-la-habana\\\/#breadcrumb\"},\"inLanguage\":\"es\",\"potentialAction\":[{\"@type\":\"ReadAction\",\"target\":[\"https:\\\/\\\/realidadturistica.com\\\/realtur\\\/el-grupo-vila-gale-abrira-en-2026-su-segundo-hotel-en-la-habana\\\/\"]}]},{\"@type\":\"ImageObject\",\"inLanguage\":\"es\",\"@id\":\"https:\\\/\\\/realidadturistica.com\\\/realtur\\\/el-grupo-vila-gale-abrira-en-2026-su-segundo-hotel-en-la-habana\\\/#primaryimage\",\"url\":\"https:\\\/\\\/realidadturistica.com\\\/realtur\\\/wp-content\\\/uploads\\\/2025\\\/10\\\/El-grupo-Vila.jpg\",\"contentUrl\":\"https:\\\/\\\/realidadturistica.com\\\/realtur\\\/wp-content\\\/uploads\\\/2025\\\/10\\\/El-grupo-Vila.jpg\",\"width\":538,\"height\":603},{\"@type\":\"BreadcrumbList\",\"@id\":\"https:\\\/\\\/realidadturistica.com\\\/realtur\\\/el-grupo-vila-gale-abrira-en-2026-su-segundo-hotel-en-la-habana\\\/#breadcrumb\",\"itemListElement\":[{\"@type\":\"ListItem\",\"position\":1,\"name\":\"Portada\",\"item\":\"https:\\\/\\\/realidadturistica.com\\\/realtur\\\/\"},{\"@type\":\"ListItem\",\"position\":2,\"name\":\"El grupo Vila Gal\u00e9 abrir\u00e1 en 2026 su segundo hotel en La Habana\"}]},{\"@type\":\"WebSite\",\"@id\":\"https:\\\/\\\/realidadturistica.com\\\/realtur\\\/#website\",\"url\":\"https:\\\/\\\/realidadturistica.com\\\/realtur\\\/\",\"name\":\"Realidad Tur\u00edstica\",\"description\":\"\",\"publisher\":{\"@id\":\"https:\\\/\\\/realidadturistica.com\\\/realtur\\\/#organization\"},\"potentialAction\":[{\"@type\":\"SearchAction\",\"target\":{\"@type\":\"EntryPoint\",\"urlTemplate\":\"https:\\\/\\\/realidadturistica.com\\\/realtur\\\/?s={search_term_string}\"},\"query-input\":{\"@type\":\"PropertyValueSpecification\",\"valueRequired\":true,\"valueName\":\"search_term_string\"}}],\"inLanguage\":\"es\"},{\"@type\":\"Organization\",\"@id\":\"https:\\\/\\\/realidadturistica.com\\\/realtur\\\/#organization\",\"name\":\"Realidad Tur\u00edstica\",\"url\":\"https:\\\/\\\/realidadturistica.com\\\/realtur\\\/\",\"logo\":{\"@type\":\"ImageObject\",\"inLanguage\":\"es\",\"@id\":\"https:\\\/\\\/realidadturistica.com\\\/realtur\\\/#\\\/schema\\\/logo\\\/image\\\/\",\"url\":\"https:\\\/\\\/realidadturistica.com\\\/realtur\\\/wp-content\\\/uploads\\\/2021\\\/12\\\/logotipo-realidad-turistica.png\",\"contentUrl\":\"https:\\\/\\\/realidadturistica.com\\\/realtur\\\/wp-content\\\/uploads\\\/2021\\\/12\\\/logotipo-realidad-turistica.png\",\"width\":1382,\"height\":629,\"caption\":\"Realidad Tur\u00edstica\"},\"image\":{\"@id\":\"https:\\\/\\\/realidadturistica.com\\\/realtur\\\/#\\\/schema\\\/logo\\\/image\\\/\"},\"sameAs\":[\"https:\\\/\\\/www.facebook.com\\\/realidadturistica\",\"https:\\\/\\\/www.instagram.com\\\/realidad_turistica\\\/\"]},{\"@type\":\"Person\",\"@id\":\"https:\\\/\\\/realidadturistica.com\\\/realtur\\\/#\\\/schema\\\/person\\\/ade671191202490fcf08ab21590de73e\",\"name\":\"Editor\",\"image\":{\"@type\":\"ImageObject\",\"inLanguage\":\"es\",\"@id\":\"https:\\\/\\\/realidadturistica.com\\\/realtur\\\/wp-content\\\/uploads\\\/2023\\\/09\\\/Editor_avatar_1693668634-96x96.png\",\"url\":\"https:\\\/\\\/realidadturistica.com\\\/realtur\\\/wp-content\\\/uploads\\\/2023\\\/09\\\/Editor_avatar_1693668634-96x96.png\",\"contentUrl\":\"https:\\\/\\\/realidadturistica.com\\\/realtur\\\/wp-content\\\/uploads\\\/2023\\\/09\\\/Editor_avatar_1693668634-96x96.png\",\"caption\":\"Editor\"},\"sameAs\":[\"https:\\\/\\\/realidadturistica.com\\\/realtur\"],\"url\":\"https:\\\/\\\/realidadturistica.com\\\/realtur\\\/author\\\/editor2\\\/\"}]}<\/script>\n<!-- \/ Yoast SEO Premium plugin. -->","yoast_head_json":{"title":"El grupo Vila Gal\u00e9 abrir\u00e1 en 2026 su segundo hotel en La Habana - Realidad Tur\u00edstica","robots":{"index":"index","follow":"follow","max-snippet":"max-snippet:-1","max-image-preview":"max-image-preview:large","max-video-preview":"max-video-preview:-1"},"canonical":"https:\/\/realidadturistica.com\/realtur\/el-grupo-vila-gale-abrira-en-2026-su-segundo-hotel-en-la-habana\/","og_locale":"es_ES","og_type":"article","og_title":"El grupo Vila Gal\u00e9 abrir\u00e1 en 2026 su segundo hotel en La Habana","og_description":"Cuba. En la presentaci\u00f3n del destino Cuba organizada por la Embajada del pa\u00eds en Portugal, el presidente de Vila Gal\u00e9, Jorge Rebelo de Almeida, repas\u00f3&hellip;","og_url":"https:\/\/realidadturistica.com\/realtur\/el-grupo-vila-gale-abrira-en-2026-su-segundo-hotel-en-la-habana\/","og_site_name":"Realidad Tur\u00edstica","article_publisher":"https:\/\/www.facebook.com\/realidadturistica","article_published_time":"2025-10-30T18:42:34+00:00","article_modified_time":"2025-10-30T18:42:36+00:00","og_image":[{"width":538,"height":603,"url":"https:\/\/realidadturistica.com\/realtur\/wp-content\/uploads\/2025\/10\/El-grupo-Vila.jpg","type":"image\/jpeg"}],"author":"Editor","twitter_card":"summary_large_image","twitter_misc":{"Escrito por":"Editor","Tiempo de lectura":"2 minutos"},"schema":{"@context":"https:\/\/schema.org","@graph":[{"@type":"Article","@id":"https:\/\/realidadturistica.com\/realtur\/el-grupo-vila-gale-abrira-en-2026-su-segundo-hotel-en-la-habana\/#article","isPartOf":{"@id":"https:\/\/realidadturistica.com\/realtur\/el-grupo-vila-gale-abrira-en-2026-su-segundo-hotel-en-la-habana\/"},"author":{"name":"Editor","@id":"https:\/\/realidadturistica.com\/realtur\/#\/schema\/person\/ade671191202490fcf08ab21590de73e"},"headline":"El grupo Vila Gal\u00e9 abrir\u00e1 en 2026 su segundo hotel en La Habana","datePublished":"2025-10-30T18:42:34+00:00","dateModified":"2025-10-30T18:42:36+00:00","mainEntityOfPage":{"@id":"https:\/\/realidadturistica.com\/realtur\/el-grupo-vila-gale-abrira-en-2026-su-segundo-hotel-en-la-habana\/"},"wordCount":204,"commentCount":0,"publisher":{"@id":"https:\/\/realidadturistica.com\/realtur\/#organization"},"image":{"@id":"https:\/\/realidadturistica.com\/realtur\/el-grupo-vila-gale-abrira-en-2026-su-segundo-hotel-en-la-habana\/#primaryimage"},"thumbnailUrl":"https:\/\/realidadturistica.com\/realtur\/wp-content\/uploads\/2025\/10\/El-grupo-Vila.jpg","articleSection":["Destinos M\u00e1gicos"],"inLanguage":"es","potentialAction":[{"@type":"CommentAction","name":"Comment","target":["https:\/\/realidadturistica.com\/realtur\/el-grupo-vila-gale-abrira-en-2026-su-segundo-hotel-en-la-habana\/#respond"]}]},{"@type":"WebPage","@id":"https:\/\/realidadturistica.com\/realtur\/el-grupo-vila-gale-abrira-en-2026-su-segundo-hotel-en-la-habana\/","url":"https:\/\/realidadturistica.com\/realtur\/el-grupo-vila-gale-abrira-en-2026-su-segundo-hotel-en-la-habana\/","name":"El grupo Vila Gal\u00e9 abrir\u00e1 en 2026 su segundo hotel en La Habana - Realidad Tur\u00edstica","isPartOf":{"@id":"https:\/\/realidadturistica.com\/realtur\/#website"},"primaryImageOfPage":{"@id":"https:\/\/realidadturistica.com\/realtur\/el-grupo-vila-gale-abrira-en-2026-su-segundo-hotel-en-la-habana\/#primaryimage"},"image":{"@id":"https:\/\/realidadturistica.com\/realtur\/el-grupo-vila-gale-abrira-en-2026-su-segundo-hotel-en-la-habana\/#primaryimage"},"thumbnailUrl":"https:\/\/realidadturistica.com\/realtur\/wp-content\/uploads\/2025\/10\/El-grupo-Vila.jpg","datePublished":"2025-10-30T18:42:34+00:00","dateModified":"2025-10-30T18:42:36+00:00","breadcrumb":{"@id":"https:\/\/realidadturistica.com\/realtur\/el-grupo-vila-gale-abrira-en-2026-su-segundo-hotel-en-la-habana\/#breadcrumb"},"inLanguage":"es","potentialAction":[{"@type":"ReadAction","target":["https:\/\/realidadturistica.com\/realtur\/el-grupo-vila-gale-abrira-en-2026-su-segundo-hotel-en-la-habana\/"]}]},{"@type":"ImageObject","inLanguage":"es","@id":"https:\/\/realidadturistica.com\/realtur\/el-grupo-vila-gale-abrira-en-2026-su-segundo-hotel-en-la-habana\/#primaryimage","url":"https:\/\/realidadturistica.com\/realtur\/wp-content\/uploads\/2025\/10\/El-grupo-Vila.jpg","contentUrl":"https:\/\/realidadturistica.com\/realtur\/wp-content\/uploads\/2025\/10\/El-grupo-Vila.jpg","width":538,"height":603},{"@type":"BreadcrumbList","@id":"https:\/\/realidadturistica.com\/realtur\/el-grupo-vila-gale-abrira-en-2026-su-segundo-hotel-en-la-habana\/#breadcrumb","itemListElement":[{"@type":"ListItem","position":1,"name":"Portada","item":"https:\/\/realidadturistica.com\/realtur\/"},{"@type":"ListItem","position":2,"name":"El grupo Vila Gal\u00e9 abrir\u00e1 en 2026 su segundo hotel en La Habana"}]},{"@type":"WebSite","@id":"https:\/\/realidadturistica.com\/realtur\/#website","url":"https:\/\/realidadturistica.com\/realtur\/","name":"Realidad Tur\u00edstica","description":"","publisher":{"@id":"https:\/\/realidadturistica.com\/realtur\/#organization"},"potentialAction":[{"@type":"SearchAction","target":{"@type":"EntryPoint","urlTemplate":"https:\/\/realidadturistica.com\/realtur\/?s={search_term_string}"},"query-input":{"@type":"PropertyValueSpecification","valueRequired":true,"valueName":"search_term_string"}}],"inLanguage":"es"},{"@type":"Organization","@id":"https:\/\/realidadturistica.com\/realtur\/#organization","name":"Realidad Tur\u00edstica","url":"https:\/\/realidadturistica.com\/realtur\/","logo":{"@type":"ImageObject","inLanguage":"es","@id":"https:\/\/realidadturistica.com\/realtur\/#\/schema\/logo\/image\/","url":"https:\/\/realidadturistica.com\/realtur\/wp-content\/uploads\/2021\/12\/logotipo-realidad-turistica.png","contentUrl":"https:\/\/realidadturistica.com\/realtur\/wp-content\/uploads\/2021\/12\/logotipo-realidad-turistica.png","width":1382,"height":629,"caption":"Realidad Tur\u00edstica"},"image":{"@id":"https:\/\/realidadturistica.com\/realtur\/#\/schema\/logo\/image\/"},"sameAs":["https:\/\/www.facebook.com\/realidadturistica","https:\/\/www.instagram.com\/realidad_turistica\/"]},{"@type":"Person","@id":"https:\/\/realidadturistica.com\/realtur\/#\/schema\/person\/ade671191202490fcf08ab21590de73e","name":"Editor","image":{"@type":"ImageObject","inLanguage":"es","@id":"https:\/\/realidadturistica.com\/realtur\/wp-content\/uploads\/2023\/09\/Editor_avatar_1693668634-96x96.png","url":"https:\/\/realidadturistica.com\/realtur\/wp-content\/uploads\/2023\/09\/Editor_avatar_1693668634-96x96.png","contentUrl":"https:\/\/realidadturistica.com\/realtur\/wp-content\/uploads\/2023\/09\/Editor_avatar_1693668634-96x96.png","caption":"Editor"},"sameAs":["https:\/\/realidadturistica.com\/realtur"],"url":"https:\/\/realidadturistica.com\/realtur\/author\/editor2\/"}]}},"_links":{"self":[{"href":"https:\/\/realidadturistica.com\/realtur\/wp-json\/wp\/v2\/posts\/11114","targetHints":{"allow":["GET"]}}],"collection":[{"href":"https:\/\/realidadturistica.com\/realtur\/wp-json\/wp\/v2\/posts"}],"about":[{"href":"https:\/\/realidadturistica.com\/realtur\/wp-json\/wp\/v2\/types\/post"}],"author":[{"embeddable":true,"href":"https:\/\/realidadturistica.com\/realtur\/wp-json\/wp\/v2\/users\/2"}],"replies":[{"embeddable":true,"href":"https:\/\/realidadturistica.com\/realtur\/wp-json\/wp\/v2\/comments?post=11114"}],"version-history":[{"count":1,"href":"https:\/\/realidadturistica.com\/realtur\/wp-json\/wp\/v2\/posts\/11114\/revisions"}],"predecessor-version":[{"id":11116,"href":"https:\/\/realidadturistica.com\/realtur\/wp-json\/wp\/v2\/posts\/11114\/revisions\/11116"}],"wp:featuredmedia":[{"embeddable":true,"href":"https:\/\/realidadturistica.com\/realtur\/wp-json\/wp\/v2\/media\/11115"}],"wp:attachment":[{"href":"https:\/\/realidadturistica.com\/realtur\/wp-json\/wp\/v2\/media?parent=11114"}],"wp:term":[{"taxonomy":"category","embeddable":true,"href":"https:\/\/realidadturistica.com\/realtur\/wp-json\/wp\/v2\/categories?post=11114"},{"taxonomy":"post_tag","embeddable":true,"href":"https:\/\/realidadturistica.com\/realtur\/wp-json\/wp\/v2\/tags?post=11114"}],"curies":[{"name":"wp","href":"https:\/\/api.w.org\/{rel}","templated":true}]}}