{"id":11452,"date":"2025-12-09T19:43:46","date_gmt":"2025-12-10T01:43:46","guid":{"rendered":"https:\/\/realidadturistica.com\/realtur\/?p=11452"},"modified":"2025-12-09T19:43:49","modified_gmt":"2025-12-10T01:43:49","slug":"observatorio-turistico-de-yucatan-articula-esfuerzos-por-el-turismo-sostenible","status":"publish","type":"post","link":"https:\/\/realidadturistica.com\/realtur\/observatorio-turistico-de-yucatan-articula-esfuerzos-por-el-turismo-sostenible\/","title":{"rendered":"Observatorio Tur\u00edstico de Yucat\u00e1n articula esfuerzos por el turismo sostenible"},"content":{"rendered":"\n<p class=\"wp-block-yoast-seo-estimated-reading-time yoast-reading-time__wrapper\"><span class=\"yoast-reading-time__icon\"><svg aria-hidden=\"true\" focusable=\"false\" data-icon=\"clock\" width=\"20\" height=\"20\" fill=\"none\" stroke=\"currentColor\" style=\"display:inline-block;vertical-align:-0.1em\" role=\"img\" xmlns=\"http:\/\/www.w3.org\/2000\/svg\" viewBox=\"0 0 24 24\"><path stroke-linecap=\"round\" stroke-linejoin=\"round\" stroke-width=\"2\" d=\"M12 8v4l3 3m6-3a9 9 0 11-18 0 9 9 0 0118 0z\"><\/path><\/svg><\/span><span class=\"yoast-reading-time__spacer\" style=\"display:inline-block;width:1em\"><\/span><span class=\"yoast-reading-time__descriptive-text\">Estimated reading time: <\/span><span class=\"yoast-reading-time__reading-time\">3<\/span><span class=\"yoast-reading-time__time-unit\"> minutos<\/span><\/p>\n\n\n\n<p>M\u00e9xico. Sector p\u00fablico, privado, social y acad\u00e9mico participaron en la sesi\u00f3n del OTY, donde se presentaron los avances 2025 y la agenda para el pr\u00f3ximo a\u00f1o, enfocada en turismo sostenible y comunitario en Yucat\u00e1n.<\/p>\n\n\n\n<p>El Observatorio Tur\u00edstico de Yucat\u00e1n (OTY) refrend\u00f3 su compromiso con el turismo sostenible al sesionar con representantes de los sectores p\u00fablico, privado, acad\u00e9mico y social, alineando sus trabajos a la Red Internacional de Observatorios de Turismo Sostenible (Insto) de ONU Turismo, de la cual forma parte.<\/p>\n\n\n\n<figure class=\"wp-block-image size-large\"><img fetchpriority=\"high\" decoding=\"async\" width=\"1024\" height=\"682\" src=\"https:\/\/realidadturistica.com\/realtur\/wp-content\/uploads\/2025\/12\/Unknownp-1024x682.jpeg\" alt=\"\" class=\"wp-image-11454\" srcset=\"https:\/\/realidadturistica.com\/realtur\/wp-content\/uploads\/2025\/12\/Unknownp-1024x682.jpeg 1024w, https:\/\/realidadturistica.com\/realtur\/wp-content\/uploads\/2025\/12\/Unknownp-300x200.jpeg 300w, https:\/\/realidadturistica.com\/realtur\/wp-content\/uploads\/2025\/12\/Unknownp-768x512.jpeg 768w, https:\/\/realidadturistica.com\/realtur\/wp-content\/uploads\/2025\/12\/Unknownp-1536x1024.jpeg 1536w, https:\/\/realidadturistica.com\/realtur\/wp-content\/uploads\/2025\/12\/Unknownp-2048x1365.jpeg 2048w, https:\/\/realidadturistica.com\/realtur\/wp-content\/uploads\/2025\/12\/Unknownp-1920x1280.jpeg 1920w, https:\/\/realidadturistica.com\/realtur\/wp-content\/uploads\/2025\/12\/Unknownp-1170x780.jpeg 1170w, https:\/\/realidadturistica.com\/realtur\/wp-content\/uploads\/2025\/12\/Unknownp-585x390.jpeg 585w, https:\/\/realidadturistica.com\/realtur\/wp-content\/uploads\/2025\/12\/Unknownp-263x175.jpeg 263w\" sizes=\"(max-width: 1024px) 100vw, 1024px\" \/><\/figure>\n\n\n\n<p>En esta segunda sesi\u00f3n ordinaria se destac\u00f3 que la administraci\u00f3n del Gobernador Joaqu\u00edn D\u00edaz Mena, impulsa un modelo tur\u00edstico sostenible y basado en datos, lo que fortalece el Subcomit\u00e9 T\u00e9cnico del OTY como una red estrat\u00e9gica de apoyo para la Secretar\u00eda de Fomento Tur\u00edstico (Sefotur).<\/p>\n\n\n\n<p>El encuentro, realizado en el hotel Holiday Inn Express Siglo XXI, fue encabezado por el titular de la Secretar\u00eda de Fomento Tur\u00edstico (Sefotur), Dar\u00edo Flota Ocampo, acompa\u00f1ado por la coordinadora operativa del OTY, Margarita de Abril Navarro, y el subsecretario de Desarrollo Tur\u00edstico Sustentable, Ra\u00fal Paz Noriega, como responsable del OTY.<\/p>\n\n\n\n<p>En la sesi\u00f3n tambi\u00e9n participaron l\u00edderes empresariales, organismos tur\u00edsticos, fundaciones y directivos de instituciones acad\u00e9micas del estado.<\/p>\n\n\n\n<figure class=\"wp-block-image size-large\"><img decoding=\"async\" width=\"1024\" height=\"682\" src=\"https:\/\/realidadturistica.com\/realtur\/wp-content\/uploads\/2025\/12\/Unknown1-1024x682.jpeg\" alt=\"\" class=\"wp-image-11455\" srcset=\"https:\/\/realidadturistica.com\/realtur\/wp-content\/uploads\/2025\/12\/Unknown1-1024x682.jpeg 1024w, https:\/\/realidadturistica.com\/realtur\/wp-content\/uploads\/2025\/12\/Unknown1-300x200.jpeg 300w, https:\/\/realidadturistica.com\/realtur\/wp-content\/uploads\/2025\/12\/Unknown1-768x512.jpeg 768w, https:\/\/realidadturistica.com\/realtur\/wp-content\/uploads\/2025\/12\/Unknown1-1536x1024.jpeg 1536w, https:\/\/realidadturistica.com\/realtur\/wp-content\/uploads\/2025\/12\/Unknown1-2048x1365.jpeg 2048w, https:\/\/realidadturistica.com\/realtur\/wp-content\/uploads\/2025\/12\/Unknown1-1920x1280.jpeg 1920w, https:\/\/realidadturistica.com\/realtur\/wp-content\/uploads\/2025\/12\/Unknown1-1170x780.jpeg 1170w, https:\/\/realidadturistica.com\/realtur\/wp-content\/uploads\/2025\/12\/Unknown1-585x390.jpeg 585w, https:\/\/realidadturistica.com\/realtur\/wp-content\/uploads\/2025\/12\/Unknown1-263x175.jpeg 263w\" sizes=\"(max-width: 1024px) 100vw, 1024px\" \/><\/figure>\n\n\n\n<p>Las y los miembros del subcomit\u00e9, usuarios activos de la informaci\u00f3n generada por el observatorio, coincidieron en la importancia de contar con datos actualizados para evaluar el desempe\u00f1o del sector, plantear propuestas y orientar la toma de decisiones que favorezcan un crecimiento responsable.<\/p>\n\n\n\n<p>Durante la reuni\u00f3n se aprob\u00f3 el plan de trabajo anual, que integra las \u00e1reas de medici\u00f3n de la Red Insto, entre ellas estacionalidad tur\u00edstica, empleo, gobernanza, energ\u00eda, agua, accesibilidad y acci\u00f3n clim\u00e1tica.<\/p>\n\n\n\n<p>Adem\u00e1s, se acord\u00f3 fortalecer la actualizaci\u00f3n de datos, integrar informaci\u00f3n del Simty y trasladar futuras sesiones a espacios acad\u00e9micos para acercar estos temas a estudiantes universitarios.<\/p>\n\n\n\n<p>El informe de acciones de 2025 destac\u00f3 avances como la realizaci\u00f3n de dos sesiones del subcomit\u00e9, la participaci\u00f3n en 13 eventos nacionales e internacionales, 12 actualizaciones de indicadores, reuniones interdisciplinarias y la generaci\u00f3n de 30 reportes estad\u00edsticos para el Sistema Estatal de Informaci\u00f3n Tur\u00edstica.<\/p>\n\n\n\n<figure class=\"wp-block-image size-large\"><img decoding=\"async\" width=\"1024\" height=\"682\" src=\"https:\/\/realidadturistica.com\/realtur\/wp-content\/uploads\/2025\/12\/Unknown-1-1024x682.jpeg\" alt=\"\" class=\"wp-image-11456\" srcset=\"https:\/\/realidadturistica.com\/realtur\/wp-content\/uploads\/2025\/12\/Unknown-1-1024x682.jpeg 1024w, https:\/\/realidadturistica.com\/realtur\/wp-content\/uploads\/2025\/12\/Unknown-1-300x200.jpeg 300w, https:\/\/realidadturistica.com\/realtur\/wp-content\/uploads\/2025\/12\/Unknown-1-768x512.jpeg 768w, https:\/\/realidadturistica.com\/realtur\/wp-content\/uploads\/2025\/12\/Unknown-1-1536x1024.jpeg 1536w, https:\/\/realidadturistica.com\/realtur\/wp-content\/uploads\/2025\/12\/Unknown-1-2048x1365.jpeg 2048w, https:\/\/realidadturistica.com\/realtur\/wp-content\/uploads\/2025\/12\/Unknown-1-1920x1280.jpeg 1920w, https:\/\/realidadturistica.com\/realtur\/wp-content\/uploads\/2025\/12\/Unknown-1-1170x780.jpeg 1170w, https:\/\/realidadturistica.com\/realtur\/wp-content\/uploads\/2025\/12\/Unknown-1-585x390.jpeg 585w, https:\/\/realidadturistica.com\/realtur\/wp-content\/uploads\/2025\/12\/Unknown-1-263x175.jpeg 263w\" sizes=\"(max-width: 1024px) 100vw, 1024px\" \/><\/figure>\n\n\n\n<p>Entre las actividades relevantes se incluye la participaci\u00f3n en el Sustainable &amp; Social Tourism Summit 2025, encuentros con la Alianza Peninsular de Turismo Comunitario y el di\u00e1logo con expertos de ONU Turismo, adem\u00e1s de la vinculaci\u00f3n con otros observatorios y la participaci\u00f3n en mesas de trabajo y foros acad\u00e9micos.<\/p>\n\n\n\n<p>Como resultado del impulso al turismo comunitario, se present\u00f3 el cat\u00e1logo digital \u201cYucat\u00e1n, mosaico de experiencias\u201d, que re\u00fane 14 propuestas tur\u00edsticas seleccionadas bajo criterios de sostenibilidad de la Unesco y alineadas a los Objetivos de Desarrollo Sostenible, reafirmando el compromiso del estado con un modelo tur\u00edstico inclusivo y de beneficio para las comunidades.&nbsp;<\/p>\n\n\n\n<p>Para conocer y consultar los reportes del OTY se puede ingresar a sus sitios y secciones en la p\u00e1gina\u00a0<a href=\"https:\/\/www.observaturyucatan.org.mx\/\">www.observaturyucatan.org.mx<\/a><\/p>\n\n\n\n<p>Sefotur<\/p>\n","protected":false},"excerpt":{"rendered":"<p>M\u00e9xico. Sector p\u00fablico, privado, social y acad\u00e9mico participaron en la sesi\u00f3n del OTY, donde se presentaron los avances 2025 y la agenda para el pr\u00f3ximo&hellip;<\/p>\n","protected":false},"author":2,"featured_media":11453,"comment_status":"open","ping_status":"closed","sticky":false,"template":"","format":"standard","meta":{"content-type":"","_lmt_disableupdate":"","_lmt_disable":"","footnotes":""},"categories":[4],"tags":[],"class_list":["post-11452","post","type-post","status-publish","format-standard","has-post-thumbnail","hentry","category-destinos"],"yoast_head":"<!-- This site is optimized with the Yoast SEO Premium plugin v27.4 (Yoast SEO v27.5) - https:\/\/yoast.com\/product\/yoast-seo-premium-wordpress\/ -->\n<title>Observatorio Tur\u00edstico de Yucat\u00e1n articula esfuerzos por el turismo sostenible - Realidad Tur\u00edstica<\/title>\n<meta name=\"robots\" content=\"index, follow, max-snippet:-1, max-image-preview:large, max-video-preview:-1\" \/>\n<link rel=\"canonical\" href=\"https:\/\/realidadturistica.com\/realtur\/observatorio-turistico-de-yucatan-articula-esfuerzos-por-el-turismo-sostenible\/\" \/>\n<meta property=\"og:locale\" content=\"es_ES\" \/>\n<meta property=\"og:type\" content=\"article\" \/>\n<meta property=\"og:title\" content=\"Observatorio Tur\u00edstico de Yucat\u00e1n articula esfuerzos por el turismo sostenible\" \/>\n<meta property=\"og:description\" content=\"M\u00e9xico. Sector p\u00fablico, privado, social y acad\u00e9mico participaron en la sesi\u00f3n del OTY, donde se presentaron los avances 2025 y la agenda para el pr\u00f3ximo&hellip;\" \/>\n<meta property=\"og:url\" content=\"https:\/\/realidadturistica.com\/realtur\/observatorio-turistico-de-yucatan-articula-esfuerzos-por-el-turismo-sostenible\/\" \/>\n<meta property=\"og:site_name\" content=\"Realidad Tur\u00edstica\" \/>\n<meta property=\"article:publisher\" content=\"https:\/\/www.facebook.com\/realidadturistica\" \/>\n<meta property=\"article:published_time\" content=\"2025-12-10T01:43:46+00:00\" \/>\n<meta property=\"article:modified_time\" content=\"2025-12-10T01:43:49+00:00\" \/>\n<meta property=\"og:image\" content=\"https:\/\/realidadturistica.com\/realtur\/wp-content\/uploads\/2025\/12\/Unknownprincipal-.jpeg\" \/>\n\t<meta property=\"og:image:width\" content=\"2560\" \/>\n\t<meta property=\"og:image:height\" content=\"1706\" \/>\n\t<meta property=\"og:image:type\" content=\"image\/jpeg\" \/>\n<meta name=\"author\" content=\"Editor\" \/>\n<meta name=\"twitter:card\" content=\"summary_large_image\" \/>\n<meta name=\"twitter:label1\" content=\"Escrito por\" \/>\n\t<meta name=\"twitter:data1\" content=\"Editor\" \/>\n\t<meta name=\"twitter:label2\" content=\"Tiempo de lectura\" \/>\n\t<meta name=\"twitter:data2\" content=\"3 minutos\" \/>\n<script type=\"application\/ld+json\" class=\"yoast-schema-graph\">{\"@context\":\"https:\\\/\\\/schema.org\",\"@graph\":[{\"@type\":\"Article\",\"@id\":\"https:\\\/\\\/realidadturistica.com\\\/realtur\\\/observatorio-turistico-de-yucatan-articula-esfuerzos-por-el-turismo-sostenible\\\/#article\",\"isPartOf\":{\"@id\":\"https:\\\/\\\/realidadturistica.com\\\/realtur\\\/observatorio-turistico-de-yucatan-articula-esfuerzos-por-el-turismo-sostenible\\\/\"},\"author\":{\"name\":\"Editor\",\"@id\":\"https:\\\/\\\/realidadturistica.com\\\/realtur\\\/#\\\/schema\\\/person\\\/ade671191202490fcf08ab21590de73e\"},\"headline\":\"Observatorio Tur\u00edstico de Yucat\u00e1n articula esfuerzos por el turismo sostenible\",\"datePublished\":\"2025-12-10T01:43:46+00:00\",\"dateModified\":\"2025-12-10T01:43:49+00:00\",\"mainEntityOfPage\":{\"@id\":\"https:\\\/\\\/realidadturistica.com\\\/realtur\\\/observatorio-turistico-de-yucatan-articula-esfuerzos-por-el-turismo-sostenible\\\/\"},\"wordCount\":535,\"commentCount\":0,\"publisher\":{\"@id\":\"https:\\\/\\\/realidadturistica.com\\\/realtur\\\/#organization\"},\"image\":{\"@id\":\"https:\\\/\\\/realidadturistica.com\\\/realtur\\\/observatorio-turistico-de-yucatan-articula-esfuerzos-por-el-turismo-sostenible\\\/#primaryimage\"},\"thumbnailUrl\":\"https:\\\/\\\/realidadturistica.com\\\/realtur\\\/wp-content\\\/uploads\\\/2025\\\/12\\\/Unknownprincipal-.jpeg\",\"articleSection\":[\"Destinos M\u00e1gicos\"],\"inLanguage\":\"es\",\"potentialAction\":[{\"@type\":\"CommentAction\",\"name\":\"Comment\",\"target\":[\"https:\\\/\\\/realidadturistica.com\\\/realtur\\\/observatorio-turistico-de-yucatan-articula-esfuerzos-por-el-turismo-sostenible\\\/#respond\"]}]},{\"@type\":\"WebPage\",\"@id\":\"https:\\\/\\\/realidadturistica.com\\\/realtur\\\/observatorio-turistico-de-yucatan-articula-esfuerzos-por-el-turismo-sostenible\\\/\",\"url\":\"https:\\\/\\\/realidadturistica.com\\\/realtur\\\/observatorio-turistico-de-yucatan-articula-esfuerzos-por-el-turismo-sostenible\\\/\",\"name\":\"Observatorio Tur\u00edstico de Yucat\u00e1n articula esfuerzos por el turismo sostenible - Realidad Tur\u00edstica\",\"isPartOf\":{\"@id\":\"https:\\\/\\\/realidadturistica.com\\\/realtur\\\/#website\"},\"primaryImageOfPage\":{\"@id\":\"https:\\\/\\\/realidadturistica.com\\\/realtur\\\/observatorio-turistico-de-yucatan-articula-esfuerzos-por-el-turismo-sostenible\\\/#primaryimage\"},\"image\":{\"@id\":\"https:\\\/\\\/realidadturistica.com\\\/realtur\\\/observatorio-turistico-de-yucatan-articula-esfuerzos-por-el-turismo-sostenible\\\/#primaryimage\"},\"thumbnailUrl\":\"https:\\\/\\\/realidadturistica.com\\\/realtur\\\/wp-content\\\/uploads\\\/2025\\\/12\\\/Unknownprincipal-.jpeg\",\"datePublished\":\"2025-12-10T01:43:46+00:00\",\"dateModified\":\"2025-12-10T01:43:49+00:00\",\"breadcrumb\":{\"@id\":\"https:\\\/\\\/realidadturistica.com\\\/realtur\\\/observatorio-turistico-de-yucatan-articula-esfuerzos-por-el-turismo-sostenible\\\/#breadcrumb\"},\"inLanguage\":\"es\",\"potentialAction\":[{\"@type\":\"ReadAction\",\"target\":[\"https:\\\/\\\/realidadturistica.com\\\/realtur\\\/observatorio-turistico-de-yucatan-articula-esfuerzos-por-el-turismo-sostenible\\\/\"]}]},{\"@type\":\"ImageObject\",\"inLanguage\":\"es\",\"@id\":\"https:\\\/\\\/realidadturistica.com\\\/realtur\\\/observatorio-turistico-de-yucatan-articula-esfuerzos-por-el-turismo-sostenible\\\/#primaryimage\",\"url\":\"https:\\\/\\\/realidadturistica.com\\\/realtur\\\/wp-content\\\/uploads\\\/2025\\\/12\\\/Unknownprincipal-.jpeg\",\"contentUrl\":\"https:\\\/\\\/realidadturistica.com\\\/realtur\\\/wp-content\\\/uploads\\\/2025\\\/12\\\/Unknownprincipal-.jpeg\",\"width\":2560,\"height\":1706},{\"@type\":\"BreadcrumbList\",\"@id\":\"https:\\\/\\\/realidadturistica.com\\\/realtur\\\/observatorio-turistico-de-yucatan-articula-esfuerzos-por-el-turismo-sostenible\\\/#breadcrumb\",\"itemListElement\":[{\"@type\":\"ListItem\",\"position\":1,\"name\":\"Portada\",\"item\":\"https:\\\/\\\/realidadturistica.com\\\/realtur\\\/\"},{\"@type\":\"ListItem\",\"position\":2,\"name\":\"Observatorio Tur\u00edstico de Yucat\u00e1n articula esfuerzos por el turismo sostenible\"}]},{\"@type\":\"WebSite\",\"@id\":\"https:\\\/\\\/realidadturistica.com\\\/realtur\\\/#website\",\"url\":\"https:\\\/\\\/realidadturistica.com\\\/realtur\\\/\",\"name\":\"Realidad Tur\u00edstica\",\"description\":\"\",\"publisher\":{\"@id\":\"https:\\\/\\\/realidadturistica.com\\\/realtur\\\/#organization\"},\"potentialAction\":[{\"@type\":\"SearchAction\",\"target\":{\"@type\":\"EntryPoint\",\"urlTemplate\":\"https:\\\/\\\/realidadturistica.com\\\/realtur\\\/?s={search_term_string}\"},\"query-input\":{\"@type\":\"PropertyValueSpecification\",\"valueRequired\":true,\"valueName\":\"search_term_string\"}}],\"inLanguage\":\"es\"},{\"@type\":\"Organization\",\"@id\":\"https:\\\/\\\/realidadturistica.com\\\/realtur\\\/#organization\",\"name\":\"Realidad Tur\u00edstica\",\"url\":\"https:\\\/\\\/realidadturistica.com\\\/realtur\\\/\",\"logo\":{\"@type\":\"ImageObject\",\"inLanguage\":\"es\",\"@id\":\"https:\\\/\\\/realidadturistica.com\\\/realtur\\\/#\\\/schema\\\/logo\\\/image\\\/\",\"url\":\"https:\\\/\\\/realidadturistica.com\\\/realtur\\\/wp-content\\\/uploads\\\/2021\\\/12\\\/logotipo-realidad-turistica.png\",\"contentUrl\":\"https:\\\/\\\/realidadturistica.com\\\/realtur\\\/wp-content\\\/uploads\\\/2021\\\/12\\\/logotipo-realidad-turistica.png\",\"width\":1382,\"height\":629,\"caption\":\"Realidad Tur\u00edstica\"},\"image\":{\"@id\":\"https:\\\/\\\/realidadturistica.com\\\/realtur\\\/#\\\/schema\\\/logo\\\/image\\\/\"},\"sameAs\":[\"https:\\\/\\\/www.facebook.com\\\/realidadturistica\",\"https:\\\/\\\/www.instagram.com\\\/realidad_turistica\\\/\"]},{\"@type\":\"Person\",\"@id\":\"https:\\\/\\\/realidadturistica.com\\\/realtur\\\/#\\\/schema\\\/person\\\/ade671191202490fcf08ab21590de73e\",\"name\":\"Editor\",\"image\":{\"@type\":\"ImageObject\",\"inLanguage\":\"es\",\"@id\":\"https:\\\/\\\/realidadturistica.com\\\/realtur\\\/wp-content\\\/uploads\\\/2023\\\/09\\\/Editor_avatar_1693668634-96x96.png\",\"url\":\"https:\\\/\\\/realidadturistica.com\\\/realtur\\\/wp-content\\\/uploads\\\/2023\\\/09\\\/Editor_avatar_1693668634-96x96.png\",\"contentUrl\":\"https:\\\/\\\/realidadturistica.com\\\/realtur\\\/wp-content\\\/uploads\\\/2023\\\/09\\\/Editor_avatar_1693668634-96x96.png\",\"caption\":\"Editor\"},\"sameAs\":[\"https:\\\/\\\/realidadturistica.com\\\/realtur\"],\"url\":\"https:\\\/\\\/realidadturistica.com\\\/realtur\\\/author\\\/editor2\\\/\"}]}<\/script>\n<!-- \/ Yoast SEO Premium plugin. -->","yoast_head_json":{"title":"Observatorio Tur\u00edstico de Yucat\u00e1n articula esfuerzos por el turismo sostenible - Realidad Tur\u00edstica","robots":{"index":"index","follow":"follow","max-snippet":"max-snippet:-1","max-image-preview":"max-image-preview:large","max-video-preview":"max-video-preview:-1"},"canonical":"https:\/\/realidadturistica.com\/realtur\/observatorio-turistico-de-yucatan-articula-esfuerzos-por-el-turismo-sostenible\/","og_locale":"es_ES","og_type":"article","og_title":"Observatorio Tur\u00edstico de Yucat\u00e1n articula esfuerzos por el turismo sostenible","og_description":"M\u00e9xico. Sector p\u00fablico, privado, social y acad\u00e9mico participaron en la sesi\u00f3n del OTY, donde se presentaron los avances 2025 y la agenda para el pr\u00f3ximo&hellip;","og_url":"https:\/\/realidadturistica.com\/realtur\/observatorio-turistico-de-yucatan-articula-esfuerzos-por-el-turismo-sostenible\/","og_site_name":"Realidad Tur\u00edstica","article_publisher":"https:\/\/www.facebook.com\/realidadturistica","article_published_time":"2025-12-10T01:43:46+00:00","article_modified_time":"2025-12-10T01:43:49+00:00","og_image":[{"width":2560,"height":1706,"url":"https:\/\/realidadturistica.com\/realtur\/wp-content\/uploads\/2025\/12\/Unknownprincipal-.jpeg","type":"image\/jpeg"}],"author":"Editor","twitter_card":"summary_large_image","twitter_misc":{"Escrito por":"Editor","Tiempo de lectura":"3 minutos"},"schema":{"@context":"https:\/\/schema.org","@graph":[{"@type":"Article","@id":"https:\/\/realidadturistica.com\/realtur\/observatorio-turistico-de-yucatan-articula-esfuerzos-por-el-turismo-sostenible\/#article","isPartOf":{"@id":"https:\/\/realidadturistica.com\/realtur\/observatorio-turistico-de-yucatan-articula-esfuerzos-por-el-turismo-sostenible\/"},"author":{"name":"Editor","@id":"https:\/\/realidadturistica.com\/realtur\/#\/schema\/person\/ade671191202490fcf08ab21590de73e"},"headline":"Observatorio Tur\u00edstico de Yucat\u00e1n articula esfuerzos por el turismo sostenible","datePublished":"2025-12-10T01:43:46+00:00","dateModified":"2025-12-10T01:43:49+00:00","mainEntityOfPage":{"@id":"https:\/\/realidadturistica.com\/realtur\/observatorio-turistico-de-yucatan-articula-esfuerzos-por-el-turismo-sostenible\/"},"wordCount":535,"commentCount":0,"publisher":{"@id":"https:\/\/realidadturistica.com\/realtur\/#organization"},"image":{"@id":"https:\/\/realidadturistica.com\/realtur\/observatorio-turistico-de-yucatan-articula-esfuerzos-por-el-turismo-sostenible\/#primaryimage"},"thumbnailUrl":"https:\/\/realidadturistica.com\/realtur\/wp-content\/uploads\/2025\/12\/Unknownprincipal-.jpeg","articleSection":["Destinos M\u00e1gicos"],"inLanguage":"es","potentialAction":[{"@type":"CommentAction","name":"Comment","target":["https:\/\/realidadturistica.com\/realtur\/observatorio-turistico-de-yucatan-articula-esfuerzos-por-el-turismo-sostenible\/#respond"]}]},{"@type":"WebPage","@id":"https:\/\/realidadturistica.com\/realtur\/observatorio-turistico-de-yucatan-articula-esfuerzos-por-el-turismo-sostenible\/","url":"https:\/\/realidadturistica.com\/realtur\/observatorio-turistico-de-yucatan-articula-esfuerzos-por-el-turismo-sostenible\/","name":"Observatorio Tur\u00edstico de Yucat\u00e1n articula esfuerzos por el turismo sostenible - Realidad Tur\u00edstica","isPartOf":{"@id":"https:\/\/realidadturistica.com\/realtur\/#website"},"primaryImageOfPage":{"@id":"https:\/\/realidadturistica.com\/realtur\/observatorio-turistico-de-yucatan-articula-esfuerzos-por-el-turismo-sostenible\/#primaryimage"},"image":{"@id":"https:\/\/realidadturistica.com\/realtur\/observatorio-turistico-de-yucatan-articula-esfuerzos-por-el-turismo-sostenible\/#primaryimage"},"thumbnailUrl":"https:\/\/realidadturistica.com\/realtur\/wp-content\/uploads\/2025\/12\/Unknownprincipal-.jpeg","datePublished":"2025-12-10T01:43:46+00:00","dateModified":"2025-12-10T01:43:49+00:00","breadcrumb":{"@id":"https:\/\/realidadturistica.com\/realtur\/observatorio-turistico-de-yucatan-articula-esfuerzos-por-el-turismo-sostenible\/#breadcrumb"},"inLanguage":"es","potentialAction":[{"@type":"ReadAction","target":["https:\/\/realidadturistica.com\/realtur\/observatorio-turistico-de-yucatan-articula-esfuerzos-por-el-turismo-sostenible\/"]}]},{"@type":"ImageObject","inLanguage":"es","@id":"https:\/\/realidadturistica.com\/realtur\/observatorio-turistico-de-yucatan-articula-esfuerzos-por-el-turismo-sostenible\/#primaryimage","url":"https:\/\/realidadturistica.com\/realtur\/wp-content\/uploads\/2025\/12\/Unknownprincipal-.jpeg","contentUrl":"https:\/\/realidadturistica.com\/realtur\/wp-content\/uploads\/2025\/12\/Unknownprincipal-.jpeg","width":2560,"height":1706},{"@type":"BreadcrumbList","@id":"https:\/\/realidadturistica.com\/realtur\/observatorio-turistico-de-yucatan-articula-esfuerzos-por-el-turismo-sostenible\/#breadcrumb","itemListElement":[{"@type":"ListItem","position":1,"name":"Portada","item":"https:\/\/realidadturistica.com\/realtur\/"},{"@type":"ListItem","position":2,"name":"Observatorio Tur\u00edstico de Yucat\u00e1n articula esfuerzos por el turismo sostenible"}]},{"@type":"WebSite","@id":"https:\/\/realidadturistica.com\/realtur\/#website","url":"https:\/\/realidadturistica.com\/realtur\/","name":"Realidad Tur\u00edstica","description":"","publisher":{"@id":"https:\/\/realidadturistica.com\/realtur\/#organization"},"potentialAction":[{"@type":"SearchAction","target":{"@type":"EntryPoint","urlTemplate":"https:\/\/realidadturistica.com\/realtur\/?s={search_term_string}"},"query-input":{"@type":"PropertyValueSpecification","valueRequired":true,"valueName":"search_term_string"}}],"inLanguage":"es"},{"@type":"Organization","@id":"https:\/\/realidadturistica.com\/realtur\/#organization","name":"Realidad Tur\u00edstica","url":"https:\/\/realidadturistica.com\/realtur\/","logo":{"@type":"ImageObject","inLanguage":"es","@id":"https:\/\/realidadturistica.com\/realtur\/#\/schema\/logo\/image\/","url":"https:\/\/realidadturistica.com\/realtur\/wp-content\/uploads\/2021\/12\/logotipo-realidad-turistica.png","contentUrl":"https:\/\/realidadturistica.com\/realtur\/wp-content\/uploads\/2021\/12\/logotipo-realidad-turistica.png","width":1382,"height":629,"caption":"Realidad Tur\u00edstica"},"image":{"@id":"https:\/\/realidadturistica.com\/realtur\/#\/schema\/logo\/image\/"},"sameAs":["https:\/\/www.facebook.com\/realidadturistica","https:\/\/www.instagram.com\/realidad_turistica\/"]},{"@type":"Person","@id":"https:\/\/realidadturistica.com\/realtur\/#\/schema\/person\/ade671191202490fcf08ab21590de73e","name":"Editor","image":{"@type":"ImageObject","inLanguage":"es","@id":"https:\/\/realidadturistica.com\/realtur\/wp-content\/uploads\/2023\/09\/Editor_avatar_1693668634-96x96.png","url":"https:\/\/realidadturistica.com\/realtur\/wp-content\/uploads\/2023\/09\/Editor_avatar_1693668634-96x96.png","contentUrl":"https:\/\/realidadturistica.com\/realtur\/wp-content\/uploads\/2023\/09\/Editor_avatar_1693668634-96x96.png","caption":"Editor"},"sameAs":["https:\/\/realidadturistica.com\/realtur"],"url":"https:\/\/realidadturistica.com\/realtur\/author\/editor2\/"}]}},"_links":{"self":[{"href":"https:\/\/realidadturistica.com\/realtur\/wp-json\/wp\/v2\/posts\/11452","targetHints":{"allow":["GET"]}}],"collection":[{"href":"https:\/\/realidadturistica.com\/realtur\/wp-json\/wp\/v2\/posts"}],"about":[{"href":"https:\/\/realidadturistica.com\/realtur\/wp-json\/wp\/v2\/types\/post"}],"author":[{"embeddable":true,"href":"https:\/\/realidadturistica.com\/realtur\/wp-json\/wp\/v2\/users\/2"}],"replies":[{"embeddable":true,"href":"https:\/\/realidadturistica.com\/realtur\/wp-json\/wp\/v2\/comments?post=11452"}],"version-history":[{"count":1,"href":"https:\/\/realidadturistica.com\/realtur\/wp-json\/wp\/v2\/posts\/11452\/revisions"}],"predecessor-version":[{"id":11457,"href":"https:\/\/realidadturistica.com\/realtur\/wp-json\/wp\/v2\/posts\/11452\/revisions\/11457"}],"wp:featuredmedia":[{"embeddable":true,"href":"https:\/\/realidadturistica.com\/realtur\/wp-json\/wp\/v2\/media\/11453"}],"wp:attachment":[{"href":"https:\/\/realidadturistica.com\/realtur\/wp-json\/wp\/v2\/media?parent=11452"}],"wp:term":[{"taxonomy":"category","embeddable":true,"href":"https:\/\/realidadturistica.com\/realtur\/wp-json\/wp\/v2\/categories?post=11452"},{"taxonomy":"post_tag","embeddable":true,"href":"https:\/\/realidadturistica.com\/realtur\/wp-json\/wp\/v2\/tags?post=11452"}],"curies":[{"name":"wp","href":"https:\/\/api.w.org\/{rel}","templated":true}]}}