{"id":11458,"date":"2025-12-11T08:05:53","date_gmt":"2025-12-11T14:05:53","guid":{"rendered":"https:\/\/realidadturistica.com\/realtur\/?p=11458"},"modified":"2025-12-11T08:05:56","modified_gmt":"2025-12-11T14:05:56","slug":"melia-hotels-international-refuerza-su-liderazgo-en-la-costa-del-sol-con-la-firma-del-nuevo-melia-marbella","status":"publish","type":"post","link":"https:\/\/realidadturistica.com\/realtur\/melia-hotels-international-refuerza-su-liderazgo-en-la-costa-del-sol-con-la-firma-del-nuevo-melia-marbella\/","title":{"rendered":"Meli\u00e1 Hotels International refuerza su liderazgo en la Costa del Sol con la firma del nuevo Meli\u00e1 Marbella"},"content":{"rendered":"\n<p class=\"wp-block-yoast-seo-estimated-reading-time yoast-reading-time__wrapper\"><span class=\"yoast-reading-time__icon\"><svg aria-hidden=\"true\" focusable=\"false\" data-icon=\"clock\" width=\"20\" height=\"20\" fill=\"none\" stroke=\"currentColor\" style=\"display:inline-block;vertical-align:-0.1em\" role=\"img\" xmlns=\"http:\/\/www.w3.org\/2000\/svg\" viewBox=\"0 0 24 24\"><path stroke-linecap=\"round\" stroke-linejoin=\"round\" stroke-width=\"2\" d=\"M12 8v4l3 3m6-3a9 9 0 11-18 0 9 9 0 0118 0z\"><\/path><\/svg><\/span><span class=\"yoast-reading-time__spacer\" style=\"display:inline-block;width:1em\"><\/span><span class=\"yoast-reading-time__descriptive-text\">Estimated reading time: <\/span><span class=\"yoast-reading-time__reading-time\">4<\/span><span class=\"yoast-reading-time__time-unit\"> minutos<\/span><\/p>\n\n\n\n<p>El establecimiento, decimosexto del grupo en la provincia de M\u00e1laga, abrir\u00e1 en 2027, completamente renovado<\/p>\n\n\n\n<p>La Compa\u00f1\u00eda anuncia la satisfactoria resoluci\u00f3n del traspaso de personal de la anterior empresa operadora, con el pacto de un ERTE por obras hasta la reapertura<\/p>\n\n\n\n<p>Palma de Mallorca, 11 de diciembre de 2025. Meli\u00e1 Hotels International, grupo hotelero l\u00edder en Espa\u00f1a, anuncia la firma de un nuevo hotel en Marbella, uno de los destinos m\u00e1s emblem\u00e1ticos de la Costa del Sol. El establecimiento, que operar\u00e1 bajo la reconocida marca Meli\u00e1 Hotels &amp; Resorts, se reabrir\u00e1 tras una ambiciosa renovaci\u00f3n que lo reposicionar\u00e1 como un referente de calidad, bienestar y experiencia local. La incorporaci\u00f3n de este hotel al portafolio de la Compa\u00f1\u00eda se confirma tras alcanzarse un acuerdo sobre el destino de los trabajadores de la anterior operadora del establecimiento.<\/p>\n\n\n\n<p>El futuro Meli\u00e1 Marbella estar\u00e1 ubicado en una zona estrat\u00e9gica de la ciudad, a escasos metros de la playa, y contar\u00e1 con 191 amplias habitaciones totalmente equipadas. Entre sus instalaciones destaca su rooftop, un espacio con piscina en el que disfrutar de los mejores atardeceres con vistas al mar. En el plano gastron\u00f3mico, el Meli\u00e1 Marbella albergar\u00e1 un restaurante de concepto all-day dinning y un bar, ambos con una cuidada carta y espacio tanto interior como exterior. Apostando por experiencias orientadas al bienestar, las instalaciones del hotel incluyen un spa, as\u00ed como un completo gimnasio.<\/p>\n\n\n\n<p>Todo ello se completa con 5 salas de reuniones y un parking con capacidad para m\u00e1s de 50 veh\u00edculos, convirti\u00e9ndolo en la opci\u00f3n perfecta no solo para quienes deseen disfrutar de sus vacaciones en la Costa del Sol, tambi\u00e9n para el segmento MICE.<\/p>\n\n\n\n<p>La apertura del hotel est\u00e1 prevista para 2027, tras una renovaci\u00f3n de sus espacios con la ofrecer\u00e1 una propuesta integral para el viajero moderno y se adaptar\u00e1 a la marca Meli\u00e1 Hotels &amp; Resorts. El dise\u00f1o del nuevo Meli\u00e1 Marbella combinar\u00e1 la elegancia contempor\u00e1nea con elementos locales, ofreciendo una experiencia aut\u00e9ntica y sofisticada.<\/p>\n\n\n\n<p>Como resalta el Presidente y Consejero Delegado de Meli\u00e1, Gabriel Escarrer: \u201cla firma del futuro Meli\u00e1 ampl\u00eda y diversifica nuestra oferta Premium en Marbella, y al mismo tiempo reafirma nuestro compromiso con el desarrollo de un turismo de calidad, sostenible y responsable en Andaluc\u00eda,&nbsp; que tendr\u00e1 un impacto en la econom\u00eda de la zona y tambi\u00e9n, como acredita el acuerdo firmado con los trabajadores esta misma ma\u00f1ana, en el mantenimiento y mejora del empleo\u201d.<\/p>\n\n\n\n<p>La firma del Meli\u00e1 Marbella se suma a la reciente inauguraci\u00f3n del ME Marbella, un hotel de lujo lifestyle que ha revolucionado la oferta de lujo en la ciudad con su propuesta vanguardista, cultural y experiencial, y a la del Meli\u00e1 Collection Bah\u00eda Estepona. Todos estos proyectos refuerzan la presencia de Meli\u00e1 en la Costa del Sol donde la compa\u00f1\u00eda ya opera ic\u00f3nicos establecimientos como el Hotel Don Pepe Gran Meli\u00e1 y cuenta con grandes proyectos como el hotel ME M\u00e1laga, que se abrir\u00e1 este mes de diciembre.<\/p>\n\n\n\n<p>Acerca de Meli\u00e1 Hotels International<\/p>\n\n\n\n<p>Fundada en 1956 en Palma de Mallorca (Espa\u00f1a), Meli\u00e1 Hotels International ha construido una trayectoria s\u00f3lida a lo largo de casi setenta a\u00f1os, posicion\u00e1ndose como uno de los grupos hoteleros m\u00e1s relevantes del mundo. Este liderazgo se ve respaldado por reconocimientos como el de empresa hotelera m\u00e1s sostenible de Europa (S&amp;P Global) y Top Employer Large Enterprise 2025, reflejo de nuestro compromiso con la sostenibilidad, el talento y la excelencia operativa. Actualmente, contamos con m\u00e1s de 400 hoteles en los principales destinos internacionales, operando bajo nueve marcas que responden a distintos estilos de viaje: Gran Meli\u00e1 Hotels &amp; Resorts, ME by Meli\u00e1, The Meli\u00e1 Collection, Paradisus by Meli\u00e1, Meli\u00e1 Hotels &amp; Resorts, ZEL, INNSiDE by Meli\u00e1, Sol by Meli\u00e1 y Affiliated by Meli\u00e1. Todas ellas comparten una misma vocaci\u00f3n: ofrecer experiencias aut\u00e9nticas, memorables y alineadas con los valores mediterr\u00e1neos que nos definen.<\/p>\n\n\n\n<p>Meli\u00e1 Hotel International<\/p>\n","protected":false},"excerpt":{"rendered":"<p>El establecimiento, decimosexto del grupo en la provincia de M\u00e1laga, abrir\u00e1 en 2027, completamente renovado La Compa\u00f1\u00eda anuncia la satisfactoria resoluci\u00f3n del traspaso de personal&hellip;<\/p>\n","protected":false},"author":2,"featured_media":11459,"comment_status":"open","ping_status":"closed","sticky":false,"template":"","format":"standard","meta":{"content-type":"","_lmt_disableupdate":"","_lmt_disable":"","footnotes":""},"categories":[6],"tags":[],"class_list":["post-11458","post","type-post","status-publish","format-standard","has-post-thumbnail","hentry","category-turismo"],"yoast_head":"<!-- This site is optimized with the Yoast SEO Premium plugin v27.4 (Yoast SEO v27.4) - https:\/\/yoast.com\/product\/yoast-seo-premium-wordpress\/ -->\n<title>Meli\u00e1 Hotels International refuerza su liderazgo en la Costa del Sol con la firma del nuevo Meli\u00e1 Marbella - Realidad Tur\u00edstica<\/title>\n<meta name=\"robots\" content=\"index, follow, max-snippet:-1, max-image-preview:large, max-video-preview:-1\" \/>\n<link rel=\"canonical\" href=\"https:\/\/realidadturistica.com\/realtur\/melia-hotels-international-refuerza-su-liderazgo-en-la-costa-del-sol-con-la-firma-del-nuevo-melia-marbella\/\" \/>\n<meta property=\"og:locale\" content=\"es_ES\" \/>\n<meta property=\"og:type\" content=\"article\" \/>\n<meta property=\"og:title\" content=\"Meli\u00e1 Hotels International refuerza su liderazgo en la Costa del Sol con la firma del nuevo Meli\u00e1 Marbella\" \/>\n<meta property=\"og:description\" content=\"El establecimiento, decimosexto del grupo en la provincia de M\u00e1laga, abrir\u00e1 en 2027, completamente renovado La Compa\u00f1\u00eda anuncia la satisfactoria resoluci\u00f3n del traspaso de personal&hellip;\" \/>\n<meta property=\"og:url\" content=\"https:\/\/realidadturistica.com\/realtur\/melia-hotels-international-refuerza-su-liderazgo-en-la-costa-del-sol-con-la-firma-del-nuevo-melia-marbella\/\" \/>\n<meta property=\"og:site_name\" content=\"Realidad Tur\u00edstica\" \/>\n<meta property=\"article:publisher\" content=\"https:\/\/www.facebook.com\/realidadturistica\" \/>\n<meta property=\"article:published_time\" content=\"2025-12-11T14:05:53+00:00\" \/>\n<meta property=\"article:modified_time\" content=\"2025-12-11T14:05:56+00:00\" \/>\n<meta property=\"og:image\" content=\"https:\/\/realidadturistica.com\/realtur\/wp-content\/uploads\/2025\/12\/Melia-Hotels.jpg\" \/>\n\t<meta property=\"og:image:width\" content=\"650\" \/>\n\t<meta property=\"og:image:height\" content=\"434\" \/>\n\t<meta property=\"og:image:type\" content=\"image\/jpeg\" \/>\n<meta name=\"author\" content=\"Editor\" \/>\n<meta name=\"twitter:card\" content=\"summary_large_image\" \/>\n<meta name=\"twitter:label1\" content=\"Escrito por\" \/>\n\t<meta name=\"twitter:data1\" content=\"Editor\" \/>\n\t<meta name=\"twitter:label2\" content=\"Tiempo de lectura\" \/>\n\t<meta name=\"twitter:data2\" content=\"4 minutos\" \/>\n<script type=\"application\/ld+json\" class=\"yoast-schema-graph\">{\"@context\":\"https:\\\/\\\/schema.org\",\"@graph\":[{\"@type\":\"Article\",\"@id\":\"https:\\\/\\\/realidadturistica.com\\\/realtur\\\/melia-hotels-international-refuerza-su-liderazgo-en-la-costa-del-sol-con-la-firma-del-nuevo-melia-marbella\\\/#article\",\"isPartOf\":{\"@id\":\"https:\\\/\\\/realidadturistica.com\\\/realtur\\\/melia-hotels-international-refuerza-su-liderazgo-en-la-costa-del-sol-con-la-firma-del-nuevo-melia-marbella\\\/\"},\"author\":{\"name\":\"Editor\",\"@id\":\"https:\\\/\\\/realidadturistica.com\\\/realtur\\\/#\\\/schema\\\/person\\\/ade671191202490fcf08ab21590de73e\"},\"headline\":\"Meli\u00e1 Hotels International refuerza su liderazgo en la Costa del Sol con la firma del nuevo Meli\u00e1 Marbella\",\"datePublished\":\"2025-12-11T14:05:53+00:00\",\"dateModified\":\"2025-12-11T14:05:56+00:00\",\"mainEntityOfPage\":{\"@id\":\"https:\\\/\\\/realidadturistica.com\\\/realtur\\\/melia-hotels-international-refuerza-su-liderazgo-en-la-costa-del-sol-con-la-firma-del-nuevo-melia-marbella\\\/\"},\"wordCount\":694,\"commentCount\":0,\"publisher\":{\"@id\":\"https:\\\/\\\/realidadturistica.com\\\/realtur\\\/#organization\"},\"image\":{\"@id\":\"https:\\\/\\\/realidadturistica.com\\\/realtur\\\/melia-hotels-international-refuerza-su-liderazgo-en-la-costa-del-sol-con-la-firma-del-nuevo-melia-marbella\\\/#primaryimage\"},\"thumbnailUrl\":\"https:\\\/\\\/realidadturistica.com\\\/realtur\\\/wp-content\\\/uploads\\\/2025\\\/12\\\/Melia-Hotels.jpg\",\"articleSection\":[\"Turismo\"],\"inLanguage\":\"es\",\"potentialAction\":[{\"@type\":\"CommentAction\",\"name\":\"Comment\",\"target\":[\"https:\\\/\\\/realidadturistica.com\\\/realtur\\\/melia-hotels-international-refuerza-su-liderazgo-en-la-costa-del-sol-con-la-firma-del-nuevo-melia-marbella\\\/#respond\"]}]},{\"@type\":\"WebPage\",\"@id\":\"https:\\\/\\\/realidadturistica.com\\\/realtur\\\/melia-hotels-international-refuerza-su-liderazgo-en-la-costa-del-sol-con-la-firma-del-nuevo-melia-marbella\\\/\",\"url\":\"https:\\\/\\\/realidadturistica.com\\\/realtur\\\/melia-hotels-international-refuerza-su-liderazgo-en-la-costa-del-sol-con-la-firma-del-nuevo-melia-marbella\\\/\",\"name\":\"Meli\u00e1 Hotels International refuerza su liderazgo en la Costa del Sol con la firma del nuevo Meli\u00e1 Marbella - Realidad Tur\u00edstica\",\"isPartOf\":{\"@id\":\"https:\\\/\\\/realidadturistica.com\\\/realtur\\\/#website\"},\"primaryImageOfPage\":{\"@id\":\"https:\\\/\\\/realidadturistica.com\\\/realtur\\\/melia-hotels-international-refuerza-su-liderazgo-en-la-costa-del-sol-con-la-firma-del-nuevo-melia-marbella\\\/#primaryimage\"},\"image\":{\"@id\":\"https:\\\/\\\/realidadturistica.com\\\/realtur\\\/melia-hotels-international-refuerza-su-liderazgo-en-la-costa-del-sol-con-la-firma-del-nuevo-melia-marbella\\\/#primaryimage\"},\"thumbnailUrl\":\"https:\\\/\\\/realidadturistica.com\\\/realtur\\\/wp-content\\\/uploads\\\/2025\\\/12\\\/Melia-Hotels.jpg\",\"datePublished\":\"2025-12-11T14:05:53+00:00\",\"dateModified\":\"2025-12-11T14:05:56+00:00\",\"breadcrumb\":{\"@id\":\"https:\\\/\\\/realidadturistica.com\\\/realtur\\\/melia-hotels-international-refuerza-su-liderazgo-en-la-costa-del-sol-con-la-firma-del-nuevo-melia-marbella\\\/#breadcrumb\"},\"inLanguage\":\"es\",\"potentialAction\":[{\"@type\":\"ReadAction\",\"target\":[\"https:\\\/\\\/realidadturistica.com\\\/realtur\\\/melia-hotels-international-refuerza-su-liderazgo-en-la-costa-del-sol-con-la-firma-del-nuevo-melia-marbella\\\/\"]}]},{\"@type\":\"ImageObject\",\"inLanguage\":\"es\",\"@id\":\"https:\\\/\\\/realidadturistica.com\\\/realtur\\\/melia-hotels-international-refuerza-su-liderazgo-en-la-costa-del-sol-con-la-firma-del-nuevo-melia-marbella\\\/#primaryimage\",\"url\":\"https:\\\/\\\/realidadturistica.com\\\/realtur\\\/wp-content\\\/uploads\\\/2025\\\/12\\\/Melia-Hotels.jpg\",\"contentUrl\":\"https:\\\/\\\/realidadturistica.com\\\/realtur\\\/wp-content\\\/uploads\\\/2025\\\/12\\\/Melia-Hotels.jpg\",\"width\":650,\"height\":434},{\"@type\":\"BreadcrumbList\",\"@id\":\"https:\\\/\\\/realidadturistica.com\\\/realtur\\\/melia-hotels-international-refuerza-su-liderazgo-en-la-costa-del-sol-con-la-firma-del-nuevo-melia-marbella\\\/#breadcrumb\",\"itemListElement\":[{\"@type\":\"ListItem\",\"position\":1,\"name\":\"Portada\",\"item\":\"https:\\\/\\\/realidadturistica.com\\\/realtur\\\/\"},{\"@type\":\"ListItem\",\"position\":2,\"name\":\"Meli\u00e1 Hotels International refuerza su liderazgo en la Costa del Sol con la firma del nuevo Meli\u00e1 Marbella\"}]},{\"@type\":\"WebSite\",\"@id\":\"https:\\\/\\\/realidadturistica.com\\\/realtur\\\/#website\",\"url\":\"https:\\\/\\\/realidadturistica.com\\\/realtur\\\/\",\"name\":\"Realidad Tur\u00edstica\",\"description\":\"\",\"publisher\":{\"@id\":\"https:\\\/\\\/realidadturistica.com\\\/realtur\\\/#organization\"},\"potentialAction\":[{\"@type\":\"SearchAction\",\"target\":{\"@type\":\"EntryPoint\",\"urlTemplate\":\"https:\\\/\\\/realidadturistica.com\\\/realtur\\\/?s={search_term_string}\"},\"query-input\":{\"@type\":\"PropertyValueSpecification\",\"valueRequired\":true,\"valueName\":\"search_term_string\"}}],\"inLanguage\":\"es\"},{\"@type\":\"Organization\",\"@id\":\"https:\\\/\\\/realidadturistica.com\\\/realtur\\\/#organization\",\"name\":\"Realidad Tur\u00edstica\",\"url\":\"https:\\\/\\\/realidadturistica.com\\\/realtur\\\/\",\"logo\":{\"@type\":\"ImageObject\",\"inLanguage\":\"es\",\"@id\":\"https:\\\/\\\/realidadturistica.com\\\/realtur\\\/#\\\/schema\\\/logo\\\/image\\\/\",\"url\":\"https:\\\/\\\/realidadturistica.com\\\/realtur\\\/wp-content\\\/uploads\\\/2021\\\/12\\\/logotipo-realidad-turistica.png\",\"contentUrl\":\"https:\\\/\\\/realidadturistica.com\\\/realtur\\\/wp-content\\\/uploads\\\/2021\\\/12\\\/logotipo-realidad-turistica.png\",\"width\":1382,\"height\":629,\"caption\":\"Realidad Tur\u00edstica\"},\"image\":{\"@id\":\"https:\\\/\\\/realidadturistica.com\\\/realtur\\\/#\\\/schema\\\/logo\\\/image\\\/\"},\"sameAs\":[\"https:\\\/\\\/www.facebook.com\\\/realidadturistica\",\"https:\\\/\\\/www.instagram.com\\\/realidad_turistica\\\/\"]},{\"@type\":\"Person\",\"@id\":\"https:\\\/\\\/realidadturistica.com\\\/realtur\\\/#\\\/schema\\\/person\\\/ade671191202490fcf08ab21590de73e\",\"name\":\"Editor\",\"image\":{\"@type\":\"ImageObject\",\"inLanguage\":\"es\",\"@id\":\"https:\\\/\\\/realidadturistica.com\\\/realtur\\\/wp-content\\\/uploads\\\/2023\\\/09\\\/Editor_avatar_1693668634-96x96.png\",\"url\":\"https:\\\/\\\/realidadturistica.com\\\/realtur\\\/wp-content\\\/uploads\\\/2023\\\/09\\\/Editor_avatar_1693668634-96x96.png\",\"contentUrl\":\"https:\\\/\\\/realidadturistica.com\\\/realtur\\\/wp-content\\\/uploads\\\/2023\\\/09\\\/Editor_avatar_1693668634-96x96.png\",\"caption\":\"Editor\"},\"sameAs\":[\"https:\\\/\\\/realidadturistica.com\\\/realtur\"],\"url\":\"https:\\\/\\\/realidadturistica.com\\\/realtur\\\/author\\\/editor2\\\/\"}]}<\/script>\n<!-- \/ Yoast SEO Premium plugin. -->","yoast_head_json":{"title":"Meli\u00e1 Hotels International refuerza su liderazgo en la Costa del Sol con la firma del nuevo Meli\u00e1 Marbella - Realidad Tur\u00edstica","robots":{"index":"index","follow":"follow","max-snippet":"max-snippet:-1","max-image-preview":"max-image-preview:large","max-video-preview":"max-video-preview:-1"},"canonical":"https:\/\/realidadturistica.com\/realtur\/melia-hotels-international-refuerza-su-liderazgo-en-la-costa-del-sol-con-la-firma-del-nuevo-melia-marbella\/","og_locale":"es_ES","og_type":"article","og_title":"Meli\u00e1 Hotels International refuerza su liderazgo en la Costa del Sol con la firma del nuevo Meli\u00e1 Marbella","og_description":"El establecimiento, decimosexto del grupo en la provincia de M\u00e1laga, abrir\u00e1 en 2027, completamente renovado La Compa\u00f1\u00eda anuncia la satisfactoria resoluci\u00f3n del traspaso de personal&hellip;","og_url":"https:\/\/realidadturistica.com\/realtur\/melia-hotels-international-refuerza-su-liderazgo-en-la-costa-del-sol-con-la-firma-del-nuevo-melia-marbella\/","og_site_name":"Realidad Tur\u00edstica","article_publisher":"https:\/\/www.facebook.com\/realidadturistica","article_published_time":"2025-12-11T14:05:53+00:00","article_modified_time":"2025-12-11T14:05:56+00:00","og_image":[{"width":650,"height":434,"url":"https:\/\/realidadturistica.com\/realtur\/wp-content\/uploads\/2025\/12\/Melia-Hotels.jpg","type":"image\/jpeg"}],"author":"Editor","twitter_card":"summary_large_image","twitter_misc":{"Escrito por":"Editor","Tiempo de lectura":"4 minutos"},"schema":{"@context":"https:\/\/schema.org","@graph":[{"@type":"Article","@id":"https:\/\/realidadturistica.com\/realtur\/melia-hotels-international-refuerza-su-liderazgo-en-la-costa-del-sol-con-la-firma-del-nuevo-melia-marbella\/#article","isPartOf":{"@id":"https:\/\/realidadturistica.com\/realtur\/melia-hotels-international-refuerza-su-liderazgo-en-la-costa-del-sol-con-la-firma-del-nuevo-melia-marbella\/"},"author":{"name":"Editor","@id":"https:\/\/realidadturistica.com\/realtur\/#\/schema\/person\/ade671191202490fcf08ab21590de73e"},"headline":"Meli\u00e1 Hotels International refuerza su liderazgo en la Costa del Sol con la firma del nuevo Meli\u00e1 Marbella","datePublished":"2025-12-11T14:05:53+00:00","dateModified":"2025-12-11T14:05:56+00:00","mainEntityOfPage":{"@id":"https:\/\/realidadturistica.com\/realtur\/melia-hotels-international-refuerza-su-liderazgo-en-la-costa-del-sol-con-la-firma-del-nuevo-melia-marbella\/"},"wordCount":694,"commentCount":0,"publisher":{"@id":"https:\/\/realidadturistica.com\/realtur\/#organization"},"image":{"@id":"https:\/\/realidadturistica.com\/realtur\/melia-hotels-international-refuerza-su-liderazgo-en-la-costa-del-sol-con-la-firma-del-nuevo-melia-marbella\/#primaryimage"},"thumbnailUrl":"https:\/\/realidadturistica.com\/realtur\/wp-content\/uploads\/2025\/12\/Melia-Hotels.jpg","articleSection":["Turismo"],"inLanguage":"es","potentialAction":[{"@type":"CommentAction","name":"Comment","target":["https:\/\/realidadturistica.com\/realtur\/melia-hotels-international-refuerza-su-liderazgo-en-la-costa-del-sol-con-la-firma-del-nuevo-melia-marbella\/#respond"]}]},{"@type":"WebPage","@id":"https:\/\/realidadturistica.com\/realtur\/melia-hotels-international-refuerza-su-liderazgo-en-la-costa-del-sol-con-la-firma-del-nuevo-melia-marbella\/","url":"https:\/\/realidadturistica.com\/realtur\/melia-hotels-international-refuerza-su-liderazgo-en-la-costa-del-sol-con-la-firma-del-nuevo-melia-marbella\/","name":"Meli\u00e1 Hotels International refuerza su liderazgo en la Costa del Sol con la firma del nuevo Meli\u00e1 Marbella - Realidad Tur\u00edstica","isPartOf":{"@id":"https:\/\/realidadturistica.com\/realtur\/#website"},"primaryImageOfPage":{"@id":"https:\/\/realidadturistica.com\/realtur\/melia-hotels-international-refuerza-su-liderazgo-en-la-costa-del-sol-con-la-firma-del-nuevo-melia-marbella\/#primaryimage"},"image":{"@id":"https:\/\/realidadturistica.com\/realtur\/melia-hotels-international-refuerza-su-liderazgo-en-la-costa-del-sol-con-la-firma-del-nuevo-melia-marbella\/#primaryimage"},"thumbnailUrl":"https:\/\/realidadturistica.com\/realtur\/wp-content\/uploads\/2025\/12\/Melia-Hotels.jpg","datePublished":"2025-12-11T14:05:53+00:00","dateModified":"2025-12-11T14:05:56+00:00","breadcrumb":{"@id":"https:\/\/realidadturistica.com\/realtur\/melia-hotels-international-refuerza-su-liderazgo-en-la-costa-del-sol-con-la-firma-del-nuevo-melia-marbella\/#breadcrumb"},"inLanguage":"es","potentialAction":[{"@type":"ReadAction","target":["https:\/\/realidadturistica.com\/realtur\/melia-hotels-international-refuerza-su-liderazgo-en-la-costa-del-sol-con-la-firma-del-nuevo-melia-marbella\/"]}]},{"@type":"ImageObject","inLanguage":"es","@id":"https:\/\/realidadturistica.com\/realtur\/melia-hotels-international-refuerza-su-liderazgo-en-la-costa-del-sol-con-la-firma-del-nuevo-melia-marbella\/#primaryimage","url":"https:\/\/realidadturistica.com\/realtur\/wp-content\/uploads\/2025\/12\/Melia-Hotels.jpg","contentUrl":"https:\/\/realidadturistica.com\/realtur\/wp-content\/uploads\/2025\/12\/Melia-Hotels.jpg","width":650,"height":434},{"@type":"BreadcrumbList","@id":"https:\/\/realidadturistica.com\/realtur\/melia-hotels-international-refuerza-su-liderazgo-en-la-costa-del-sol-con-la-firma-del-nuevo-melia-marbella\/#breadcrumb","itemListElement":[{"@type":"ListItem","position":1,"name":"Portada","item":"https:\/\/realidadturistica.com\/realtur\/"},{"@type":"ListItem","position":2,"name":"Meli\u00e1 Hotels International refuerza su liderazgo en la Costa del Sol con la firma del nuevo Meli\u00e1 Marbella"}]},{"@type":"WebSite","@id":"https:\/\/realidadturistica.com\/realtur\/#website","url":"https:\/\/realidadturistica.com\/realtur\/","name":"Realidad Tur\u00edstica","description":"","publisher":{"@id":"https:\/\/realidadturistica.com\/realtur\/#organization"},"potentialAction":[{"@type":"SearchAction","target":{"@type":"EntryPoint","urlTemplate":"https:\/\/realidadturistica.com\/realtur\/?s={search_term_string}"},"query-input":{"@type":"PropertyValueSpecification","valueRequired":true,"valueName":"search_term_string"}}],"inLanguage":"es"},{"@type":"Organization","@id":"https:\/\/realidadturistica.com\/realtur\/#organization","name":"Realidad Tur\u00edstica","url":"https:\/\/realidadturistica.com\/realtur\/","logo":{"@type":"ImageObject","inLanguage":"es","@id":"https:\/\/realidadturistica.com\/realtur\/#\/schema\/logo\/image\/","url":"https:\/\/realidadturistica.com\/realtur\/wp-content\/uploads\/2021\/12\/logotipo-realidad-turistica.png","contentUrl":"https:\/\/realidadturistica.com\/realtur\/wp-content\/uploads\/2021\/12\/logotipo-realidad-turistica.png","width":1382,"height":629,"caption":"Realidad Tur\u00edstica"},"image":{"@id":"https:\/\/realidadturistica.com\/realtur\/#\/schema\/logo\/image\/"},"sameAs":["https:\/\/www.facebook.com\/realidadturistica","https:\/\/www.instagram.com\/realidad_turistica\/"]},{"@type":"Person","@id":"https:\/\/realidadturistica.com\/realtur\/#\/schema\/person\/ade671191202490fcf08ab21590de73e","name":"Editor","image":{"@type":"ImageObject","inLanguage":"es","@id":"https:\/\/realidadturistica.com\/realtur\/wp-content\/uploads\/2023\/09\/Editor_avatar_1693668634-96x96.png","url":"https:\/\/realidadturistica.com\/realtur\/wp-content\/uploads\/2023\/09\/Editor_avatar_1693668634-96x96.png","contentUrl":"https:\/\/realidadturistica.com\/realtur\/wp-content\/uploads\/2023\/09\/Editor_avatar_1693668634-96x96.png","caption":"Editor"},"sameAs":["https:\/\/realidadturistica.com\/realtur"],"url":"https:\/\/realidadturistica.com\/realtur\/author\/editor2\/"}]}},"_links":{"self":[{"href":"https:\/\/realidadturistica.com\/realtur\/wp-json\/wp\/v2\/posts\/11458","targetHints":{"allow":["GET"]}}],"collection":[{"href":"https:\/\/realidadturistica.com\/realtur\/wp-json\/wp\/v2\/posts"}],"about":[{"href":"https:\/\/realidadturistica.com\/realtur\/wp-json\/wp\/v2\/types\/post"}],"author":[{"embeddable":true,"href":"https:\/\/realidadturistica.com\/realtur\/wp-json\/wp\/v2\/users\/2"}],"replies":[{"embeddable":true,"href":"https:\/\/realidadturistica.com\/realtur\/wp-json\/wp\/v2\/comments?post=11458"}],"version-history":[{"count":1,"href":"https:\/\/realidadturistica.com\/realtur\/wp-json\/wp\/v2\/posts\/11458\/revisions"}],"predecessor-version":[{"id":11460,"href":"https:\/\/realidadturistica.com\/realtur\/wp-json\/wp\/v2\/posts\/11458\/revisions\/11460"}],"wp:featuredmedia":[{"embeddable":true,"href":"https:\/\/realidadturistica.com\/realtur\/wp-json\/wp\/v2\/media\/11459"}],"wp:attachment":[{"href":"https:\/\/realidadturistica.com\/realtur\/wp-json\/wp\/v2\/media?parent=11458"}],"wp:term":[{"taxonomy":"category","embeddable":true,"href":"https:\/\/realidadturistica.com\/realtur\/wp-json\/wp\/v2\/categories?post=11458"},{"taxonomy":"post_tag","embeddable":true,"href":"https:\/\/realidadturistica.com\/realtur\/wp-json\/wp\/v2\/tags?post=11458"}],"curies":[{"name":"wp","href":"https:\/\/api.w.org\/{rel}","templated":true}]}}