{"id":11478,"date":"2025-12-15T10:46:49","date_gmt":"2025-12-15T16:46:49","guid":{"rendered":"https:\/\/realidadturistica.com\/realtur\/?p=11478"},"modified":"2025-12-15T10:47:06","modified_gmt":"2025-12-15T16:47:06","slug":"inicia-operaciones-vuelo-los-angeles-merida-para-el-cierre-de-ano","status":"publish","type":"post","link":"https:\/\/realidadturistica.com\/realtur\/inicia-operaciones-vuelo-los-angeles-merida-para-el-cierre-de-ano\/","title":{"rendered":"Inicia operaciones vuelo Los \u00c1ngeles-M\u00e9rida para el cierre de a\u00f1o"},"content":{"rendered":"\n<p class=\"wp-block-yoast-seo-estimated-reading-time yoast-reading-time__wrapper\"><span class=\"yoast-reading-time__icon\"><svg aria-hidden=\"true\" focusable=\"false\" data-icon=\"clock\" width=\"20\" height=\"20\" fill=\"none\" stroke=\"currentColor\" style=\"display:inline-block;vertical-align:-0.1em\" role=\"img\" xmlns=\"http:\/\/www.w3.org\/2000\/svg\" viewBox=\"0 0 24 24\"><path stroke-linecap=\"round\" stroke-linejoin=\"round\" stroke-width=\"2\" d=\"M12 8v4l3 3m6-3a9 9 0 11-18 0 9 9 0 0118 0z\"><\/path><\/svg><\/span><span class=\"yoast-reading-time__spacer\" style=\"display:inline-block;width:1em\"><\/span><span class=\"yoast-reading-time__descriptive-text\">Estimated reading time: <\/span><span class=\"yoast-reading-time__reading-time\">1<\/span><span class=\"yoast-reading-time__time-unit\"> minuto<\/span><\/p>\n\n\n\n<p>M\u00e9xico. Yucat\u00e1n&nbsp;refuerza su conectividad internacional como resultado de la estrategia de promoci\u00f3n tur\u00edstica y las gestiones del Gobierno del Renacimiento Maya.<\/p>\n\n\n\n<p>Como resultado de la estrategia de promoci\u00f3n tur\u00edstica y del trabajo de gesti\u00f3n de la administraci\u00f3n que encabeza el Gobernador Joaqu\u00edn D\u00edaz Mena, la Secretar\u00eda de Fomento Tur\u00edstico de Yucat\u00e1n (Sefotur) anunci\u00f3 el inicio de operaciones de la ruta internacional Los \u00c1ngeles\u2013M\u00e9rida para la temporada de invierno.<\/p>\n\n\n\n<p>La nueva conexi\u00f3n operar\u00e1 del 14 de diciembre al 11 de enero, con una frecuencia semanal cada domingo, y fortalecer\u00e1 las opciones de viaje para las y los yucatecos durante el periodo decembrino hacia uno de los destinos tur\u00edsticos m\u00e1s relevantes de Estados Unidos.<\/p>\n\n\n\n<figure class=\"wp-block-image size-large\"><img fetchpriority=\"high\" decoding=\"async\" width=\"1024\" height=\"676\" src=\"https:\/\/realidadturistica.com\/realtur\/wp-content\/uploads\/2025\/12\/Inicia-operaciones1-1024x676.jpg\" alt=\"\" class=\"wp-image-11480\" srcset=\"https:\/\/realidadturistica.com\/realtur\/wp-content\/uploads\/2025\/12\/Inicia-operaciones1-1024x676.jpg 1024w, https:\/\/realidadturistica.com\/realtur\/wp-content\/uploads\/2025\/12\/Inicia-operaciones1-300x198.jpg 300w, https:\/\/realidadturistica.com\/realtur\/wp-content\/uploads\/2025\/12\/Inicia-operaciones1-768x507.jpg 768w, https:\/\/realidadturistica.com\/realtur\/wp-content\/uploads\/2025\/12\/Inicia-operaciones1-1170x772.jpg 1170w, https:\/\/realidadturistica.com\/realtur\/wp-content\/uploads\/2025\/12\/Inicia-operaciones1-780x516.jpg 780w, https:\/\/realidadturistica.com\/realtur\/wp-content\/uploads\/2025\/12\/Inicia-operaciones1-585x386.jpg 585w, https:\/\/realidadturistica.com\/realtur\/wp-content\/uploads\/2025\/12\/Inicia-operaciones1-263x175.jpg 263w, https:\/\/realidadturistica.com\/realtur\/wp-content\/uploads\/2025\/12\/Inicia-operaciones1.jpg 1518w\" sizes=\"(max-width: 1024px) 100vw, 1024px\" \/><\/figure>\n\n\n\n<p>Adem\u00e1s, la ruta regresar\u00e1 de forma permanente en el segundo semestre de 2026, consolidando la expansi\u00f3n de la conectividad internacional del estado de manera sostenida.<\/p>\n\n\n\n<p>El secretario de Fomento Tur\u00edstico, Dar\u00edo Flota Ocampo, explic\u00f3 que este vuelo consolida a Viva como un aliado estrat\u00e9gico para el turismo en Yucat\u00e1n, al fortalecer la llegada de visitantes internacionales y ampliar las oportunidades de viaje para la poblaci\u00f3n local.<\/p>\n\n\n\n<p>Flota Ocampo enfatiz\u00f3 que esta ruta no solo impulsa el desarrollo econ\u00f3mico de M\u00e9rida, sino que tambi\u00e9n facilita el reencuentro de familias yucatecas con sus seres queridos que residen en el extranjero.<\/p>\n\n\n\n<p>La apertura de la ruta Los \u00c1ngeles \u2013 M\u00e9rida llega en un momento clave para reconectar a la capital yucateca con una de las comunidades yucatecas m\u00e1s numerosas en el extranjero.<\/p>\n\n\n\n<p>Adem\u00e1s, representa una oportunidad para que viajeros californianos visiten Yucat\u00e1n y descubran su riqueza gastron\u00f3mica, cultural y arqueol\u00f3gica, as\u00ed como la amplia conectividad a\u00e9rea que ofrece M\u00e9rida hacia otros destinos nacionales e internacionales.<\/p>\n\n\n\n<p>Por su parte, el Vicepresidente de Asuntos Corporativos de Viva, Jes\u00fas Horacio Gonz\u00e1lez, dijo que la aerol\u00ednea contin\u00faa trabajando para ampliar su red de destinos y brindar a sus pasajeros m\u00e1s opciones de viaje.<\/p>\n\n\n\n<p>Destac\u00f3 que esta ruta permite ofrecer a los viajeros yucatecos una alternativa internacional de alto inter\u00e9s durante la temporada de cierre de a\u00f1o, operada con la flota m\u00e1s moderna de M\u00e9xico.<\/p>\n\n\n\n<p>Con esta incorporaci\u00f3n, Viva suma 15 rutas desde M\u00e9rida, conectando a la ciudad con destinos como Ciudad de M\u00e9xico (AICM y AIFA), Guadalajara, Monterrey, Miami, Orlando y La Habana, entre otros.<\/p>\n\n\n\n<figure class=\"wp-block-image size-large\"><img decoding=\"async\" width=\"1024\" height=\"737\" src=\"https:\/\/realidadturistica.com\/realtur\/wp-content\/uploads\/2025\/12\/Inicia-operaciones-1024x737.jpg\" alt=\"\" class=\"wp-image-11481\" srcset=\"https:\/\/realidadturistica.com\/realtur\/wp-content\/uploads\/2025\/12\/Inicia-operaciones-1024x737.jpg 1024w, https:\/\/realidadturistica.com\/realtur\/wp-content\/uploads\/2025\/12\/Inicia-operaciones-300x216.jpg 300w, https:\/\/realidadturistica.com\/realtur\/wp-content\/uploads\/2025\/12\/Inicia-operaciones-768x553.jpg 768w, https:\/\/realidadturistica.com\/realtur\/wp-content\/uploads\/2025\/12\/Inicia-operaciones-1170x842.jpg 1170w, https:\/\/realidadturistica.com\/realtur\/wp-content\/uploads\/2025\/12\/Inicia-operaciones-585x421.jpg 585w, https:\/\/realidadturistica.com\/realtur\/wp-content\/uploads\/2025\/12\/Inicia-operaciones.jpg 1504w\" sizes=\"(max-width: 1024px) 100vw, 1024px\" \/><\/figure>\n\n\n\n<p>Actualmente, la aerol\u00ednea es el principal operador del Aeropuerto Internacional de M\u00e9rida, con m\u00e1s de 10 millones de pasajeros transportados desde su llegada hace 19 a\u00f1os.<\/p>\n\n\n\n<p>En este sentido, el Director de Aeropuertos Regionales de Grupo Aeroportuario del Sureste (Asur), H\u00e9ctor Navarrete, reconoci\u00f3 el compromiso de Viva con el fortalecimiento de la conectividad a\u00e9rea de M\u00e9rida y reiter\u00f3 que este tipo de rutas contribuyen a consolidar al aeropuerto como un hub estrat\u00e9gico en el sureste de M\u00e9xico, al ampliar las oportunidades para el turismo y los negocios.<\/p>\n\n\n\n<p>La ruta operar\u00e1 los domingos, con salida de M\u00e9rida a las 07:00 horas y llegada a Los \u00c1ngeles a las 09:55 horas, y el vuelo de regreso despegar\u00e1 de Los \u00c1ngeles a las 11:25 horas y arribar\u00e1 a M\u00e9rida a las 17:50 horas, reforzando as\u00ed la proyecci\u00f3n internacional de Yucat\u00e1n como un destino competitivo y en constante crecimiento.<\/p>\n\n\n\n<p>&nbsp;Sefotur<\/p>\n","protected":false},"excerpt":{"rendered":"<p>M\u00e9xico. Yucat\u00e1n&nbsp;refuerza su conectividad internacional como resultado de la estrategia de promoci\u00f3n tur\u00edstica y las gestiones del Gobierno del Renacimiento Maya. Como resultado de la&hellip;<\/p>\n","protected":false},"author":2,"featured_media":11479,"comment_status":"open","ping_status":"closed","sticky":false,"template":"","format":"standard","meta":{"content-type":"","_lmt_disableupdate":"","_lmt_disable":"","footnotes":""},"categories":[2],"tags":[],"class_list":["post-11478","post","type-post","status-publish","format-standard","has-post-thumbnail","hentry","category-aerolineas"],"yoast_head":"<!-- This site is optimized with the Yoast SEO Premium plugin v27.4 (Yoast SEO v27.5) - https:\/\/yoast.com\/product\/yoast-seo-premium-wordpress\/ -->\n<title>Inicia operaciones vuelo Los \u00c1ngeles-M\u00e9rida para el cierre de a\u00f1o - Realidad Tur\u00edstica<\/title>\n<meta name=\"robots\" content=\"index, follow, max-snippet:-1, max-image-preview:large, max-video-preview:-1\" \/>\n<link rel=\"canonical\" href=\"https:\/\/realidadturistica.com\/realtur\/inicia-operaciones-vuelo-los-angeles-merida-para-el-cierre-de-ano\/\" \/>\n<meta property=\"og:locale\" content=\"es_ES\" \/>\n<meta property=\"og:type\" content=\"article\" \/>\n<meta property=\"og:title\" content=\"Inicia operaciones vuelo Los \u00c1ngeles-M\u00e9rida para el cierre de a\u00f1o\" \/>\n<meta property=\"og:description\" content=\"M\u00e9xico. Yucat\u00e1n&nbsp;refuerza su conectividad internacional como resultado de la estrategia de promoci\u00f3n tur\u00edstica y las gestiones del Gobierno del Renacimiento Maya. Como resultado de la&hellip;\" \/>\n<meta property=\"og:url\" content=\"https:\/\/realidadturistica.com\/realtur\/inicia-operaciones-vuelo-los-angeles-merida-para-el-cierre-de-ano\/\" \/>\n<meta property=\"og:site_name\" content=\"Realidad Tur\u00edstica\" \/>\n<meta property=\"article:publisher\" content=\"https:\/\/www.facebook.com\/realidadturistica\" \/>\n<meta property=\"article:published_time\" content=\"2025-12-15T16:46:49+00:00\" \/>\n<meta property=\"article:modified_time\" content=\"2025-12-15T16:47:06+00:00\" \/>\n<meta property=\"og:image\" content=\"https:\/\/realidadturistica.com\/realtur\/wp-content\/uploads\/2025\/12\/Inicia-operaciones2.jpg\" \/>\n\t<meta property=\"og:image:width\" content=\"1600\" \/>\n\t<meta property=\"og:image:height\" content=\"1044\" \/>\n\t<meta property=\"og:image:type\" content=\"image\/jpeg\" \/>\n<meta name=\"author\" content=\"Editor\" \/>\n<meta name=\"twitter:card\" content=\"summary_large_image\" \/>\n<meta name=\"twitter:label1\" content=\"Escrito por\" \/>\n\t<meta name=\"twitter:data1\" content=\"Editor\" \/>\n\t<meta name=\"twitter:label2\" content=\"Tiempo de lectura\" \/>\n\t<meta name=\"twitter:data2\" content=\"1 minuto\" \/>\n<script type=\"application\/ld+json\" class=\"yoast-schema-graph\">{\"@context\":\"https:\\\/\\\/schema.org\",\"@graph\":[{\"@type\":\"Article\",\"@id\":\"https:\\\/\\\/realidadturistica.com\\\/realtur\\\/inicia-operaciones-vuelo-los-angeles-merida-para-el-cierre-de-ano\\\/#article\",\"isPartOf\":{\"@id\":\"https:\\\/\\\/realidadturistica.com\\\/realtur\\\/inicia-operaciones-vuelo-los-angeles-merida-para-el-cierre-de-ano\\\/\"},\"author\":{\"name\":\"Editor\",\"@id\":\"https:\\\/\\\/realidadturistica.com\\\/realtur\\\/#\\\/schema\\\/person\\\/ade671191202490fcf08ab21590de73e\"},\"headline\":\"Inicia operaciones vuelo Los \u00c1ngeles-M\u00e9rida para el cierre de a\u00f1o\",\"datePublished\":\"2025-12-15T16:46:49+00:00\",\"dateModified\":\"2025-12-15T16:47:06+00:00\",\"mainEntityOfPage\":{\"@id\":\"https:\\\/\\\/realidadturistica.com\\\/realtur\\\/inicia-operaciones-vuelo-los-angeles-merida-para-el-cierre-de-ano\\\/\"},\"wordCount\":585,\"commentCount\":0,\"publisher\":{\"@id\":\"https:\\\/\\\/realidadturistica.com\\\/realtur\\\/#organization\"},\"image\":{\"@id\":\"https:\\\/\\\/realidadturistica.com\\\/realtur\\\/inicia-operaciones-vuelo-los-angeles-merida-para-el-cierre-de-ano\\\/#primaryimage\"},\"thumbnailUrl\":\"https:\\\/\\\/realidadturistica.com\\\/realtur\\\/wp-content\\\/uploads\\\/2025\\\/12\\\/Inicia-operaciones2.jpg\",\"articleSection\":[\"Volar con pasi\u00f3n\"],\"inLanguage\":\"es\",\"potentialAction\":[{\"@type\":\"CommentAction\",\"name\":\"Comment\",\"target\":[\"https:\\\/\\\/realidadturistica.com\\\/realtur\\\/inicia-operaciones-vuelo-los-angeles-merida-para-el-cierre-de-ano\\\/#respond\"]}]},{\"@type\":\"WebPage\",\"@id\":\"https:\\\/\\\/realidadturistica.com\\\/realtur\\\/inicia-operaciones-vuelo-los-angeles-merida-para-el-cierre-de-ano\\\/\",\"url\":\"https:\\\/\\\/realidadturistica.com\\\/realtur\\\/inicia-operaciones-vuelo-los-angeles-merida-para-el-cierre-de-ano\\\/\",\"name\":\"Inicia operaciones vuelo Los \u00c1ngeles-M\u00e9rida para el cierre de a\u00f1o - Realidad Tur\u00edstica\",\"isPartOf\":{\"@id\":\"https:\\\/\\\/realidadturistica.com\\\/realtur\\\/#website\"},\"primaryImageOfPage\":{\"@id\":\"https:\\\/\\\/realidadturistica.com\\\/realtur\\\/inicia-operaciones-vuelo-los-angeles-merida-para-el-cierre-de-ano\\\/#primaryimage\"},\"image\":{\"@id\":\"https:\\\/\\\/realidadturistica.com\\\/realtur\\\/inicia-operaciones-vuelo-los-angeles-merida-para-el-cierre-de-ano\\\/#primaryimage\"},\"thumbnailUrl\":\"https:\\\/\\\/realidadturistica.com\\\/realtur\\\/wp-content\\\/uploads\\\/2025\\\/12\\\/Inicia-operaciones2.jpg\",\"datePublished\":\"2025-12-15T16:46:49+00:00\",\"dateModified\":\"2025-12-15T16:47:06+00:00\",\"breadcrumb\":{\"@id\":\"https:\\\/\\\/realidadturistica.com\\\/realtur\\\/inicia-operaciones-vuelo-los-angeles-merida-para-el-cierre-de-ano\\\/#breadcrumb\"},\"inLanguage\":\"es\",\"potentialAction\":[{\"@type\":\"ReadAction\",\"target\":[\"https:\\\/\\\/realidadturistica.com\\\/realtur\\\/inicia-operaciones-vuelo-los-angeles-merida-para-el-cierre-de-ano\\\/\"]}]},{\"@type\":\"ImageObject\",\"inLanguage\":\"es\",\"@id\":\"https:\\\/\\\/realidadturistica.com\\\/realtur\\\/inicia-operaciones-vuelo-los-angeles-merida-para-el-cierre-de-ano\\\/#primaryimage\",\"url\":\"https:\\\/\\\/realidadturistica.com\\\/realtur\\\/wp-content\\\/uploads\\\/2025\\\/12\\\/Inicia-operaciones2.jpg\",\"contentUrl\":\"https:\\\/\\\/realidadturistica.com\\\/realtur\\\/wp-content\\\/uploads\\\/2025\\\/12\\\/Inicia-operaciones2.jpg\",\"width\":1600,\"height\":1044},{\"@type\":\"BreadcrumbList\",\"@id\":\"https:\\\/\\\/realidadturistica.com\\\/realtur\\\/inicia-operaciones-vuelo-los-angeles-merida-para-el-cierre-de-ano\\\/#breadcrumb\",\"itemListElement\":[{\"@type\":\"ListItem\",\"position\":1,\"name\":\"Portada\",\"item\":\"https:\\\/\\\/realidadturistica.com\\\/realtur\\\/\"},{\"@type\":\"ListItem\",\"position\":2,\"name\":\"Inicia operaciones vuelo Los \u00c1ngeles-M\u00e9rida para el cierre de a\u00f1o\"}]},{\"@type\":\"WebSite\",\"@id\":\"https:\\\/\\\/realidadturistica.com\\\/realtur\\\/#website\",\"url\":\"https:\\\/\\\/realidadturistica.com\\\/realtur\\\/\",\"name\":\"Realidad Tur\u00edstica\",\"description\":\"\",\"publisher\":{\"@id\":\"https:\\\/\\\/realidadturistica.com\\\/realtur\\\/#organization\"},\"potentialAction\":[{\"@type\":\"SearchAction\",\"target\":{\"@type\":\"EntryPoint\",\"urlTemplate\":\"https:\\\/\\\/realidadturistica.com\\\/realtur\\\/?s={search_term_string}\"},\"query-input\":{\"@type\":\"PropertyValueSpecification\",\"valueRequired\":true,\"valueName\":\"search_term_string\"}}],\"inLanguage\":\"es\"},{\"@type\":\"Organization\",\"@id\":\"https:\\\/\\\/realidadturistica.com\\\/realtur\\\/#organization\",\"name\":\"Realidad Tur\u00edstica\",\"url\":\"https:\\\/\\\/realidadturistica.com\\\/realtur\\\/\",\"logo\":{\"@type\":\"ImageObject\",\"inLanguage\":\"es\",\"@id\":\"https:\\\/\\\/realidadturistica.com\\\/realtur\\\/#\\\/schema\\\/logo\\\/image\\\/\",\"url\":\"https:\\\/\\\/realidadturistica.com\\\/realtur\\\/wp-content\\\/uploads\\\/2021\\\/12\\\/logotipo-realidad-turistica.png\",\"contentUrl\":\"https:\\\/\\\/realidadturistica.com\\\/realtur\\\/wp-content\\\/uploads\\\/2021\\\/12\\\/logotipo-realidad-turistica.png\",\"width\":1382,\"height\":629,\"caption\":\"Realidad Tur\u00edstica\"},\"image\":{\"@id\":\"https:\\\/\\\/realidadturistica.com\\\/realtur\\\/#\\\/schema\\\/logo\\\/image\\\/\"},\"sameAs\":[\"https:\\\/\\\/www.facebook.com\\\/realidadturistica\",\"https:\\\/\\\/www.instagram.com\\\/realidad_turistica\\\/\"]},{\"@type\":\"Person\",\"@id\":\"https:\\\/\\\/realidadturistica.com\\\/realtur\\\/#\\\/schema\\\/person\\\/ade671191202490fcf08ab21590de73e\",\"name\":\"Editor\",\"image\":{\"@type\":\"ImageObject\",\"inLanguage\":\"es\",\"@id\":\"https:\\\/\\\/realidadturistica.com\\\/realtur\\\/wp-content\\\/uploads\\\/2023\\\/09\\\/Editor_avatar_1693668634-96x96.png\",\"url\":\"https:\\\/\\\/realidadturistica.com\\\/realtur\\\/wp-content\\\/uploads\\\/2023\\\/09\\\/Editor_avatar_1693668634-96x96.png\",\"contentUrl\":\"https:\\\/\\\/realidadturistica.com\\\/realtur\\\/wp-content\\\/uploads\\\/2023\\\/09\\\/Editor_avatar_1693668634-96x96.png\",\"caption\":\"Editor\"},\"sameAs\":[\"https:\\\/\\\/realidadturistica.com\\\/realtur\"],\"url\":\"https:\\\/\\\/realidadturistica.com\\\/realtur\\\/author\\\/editor2\\\/\"}]}<\/script>\n<!-- \/ Yoast SEO Premium plugin. -->","yoast_head_json":{"title":"Inicia operaciones vuelo Los \u00c1ngeles-M\u00e9rida para el cierre de a\u00f1o - Realidad Tur\u00edstica","robots":{"index":"index","follow":"follow","max-snippet":"max-snippet:-1","max-image-preview":"max-image-preview:large","max-video-preview":"max-video-preview:-1"},"canonical":"https:\/\/realidadturistica.com\/realtur\/inicia-operaciones-vuelo-los-angeles-merida-para-el-cierre-de-ano\/","og_locale":"es_ES","og_type":"article","og_title":"Inicia operaciones vuelo Los \u00c1ngeles-M\u00e9rida para el cierre de a\u00f1o","og_description":"M\u00e9xico. Yucat\u00e1n&nbsp;refuerza su conectividad internacional como resultado de la estrategia de promoci\u00f3n tur\u00edstica y las gestiones del Gobierno del Renacimiento Maya. Como resultado de la&hellip;","og_url":"https:\/\/realidadturistica.com\/realtur\/inicia-operaciones-vuelo-los-angeles-merida-para-el-cierre-de-ano\/","og_site_name":"Realidad Tur\u00edstica","article_publisher":"https:\/\/www.facebook.com\/realidadturistica","article_published_time":"2025-12-15T16:46:49+00:00","article_modified_time":"2025-12-15T16:47:06+00:00","og_image":[{"width":1600,"height":1044,"url":"https:\/\/realidadturistica.com\/realtur\/wp-content\/uploads\/2025\/12\/Inicia-operaciones2.jpg","type":"image\/jpeg"}],"author":"Editor","twitter_card":"summary_large_image","twitter_misc":{"Escrito por":"Editor","Tiempo de lectura":"1 minuto"},"schema":{"@context":"https:\/\/schema.org","@graph":[{"@type":"Article","@id":"https:\/\/realidadturistica.com\/realtur\/inicia-operaciones-vuelo-los-angeles-merida-para-el-cierre-de-ano\/#article","isPartOf":{"@id":"https:\/\/realidadturistica.com\/realtur\/inicia-operaciones-vuelo-los-angeles-merida-para-el-cierre-de-ano\/"},"author":{"name":"Editor","@id":"https:\/\/realidadturistica.com\/realtur\/#\/schema\/person\/ade671191202490fcf08ab21590de73e"},"headline":"Inicia operaciones vuelo Los \u00c1ngeles-M\u00e9rida para el cierre de a\u00f1o","datePublished":"2025-12-15T16:46:49+00:00","dateModified":"2025-12-15T16:47:06+00:00","mainEntityOfPage":{"@id":"https:\/\/realidadturistica.com\/realtur\/inicia-operaciones-vuelo-los-angeles-merida-para-el-cierre-de-ano\/"},"wordCount":585,"commentCount":0,"publisher":{"@id":"https:\/\/realidadturistica.com\/realtur\/#organization"},"image":{"@id":"https:\/\/realidadturistica.com\/realtur\/inicia-operaciones-vuelo-los-angeles-merida-para-el-cierre-de-ano\/#primaryimage"},"thumbnailUrl":"https:\/\/realidadturistica.com\/realtur\/wp-content\/uploads\/2025\/12\/Inicia-operaciones2.jpg","articleSection":["Volar con pasi\u00f3n"],"inLanguage":"es","potentialAction":[{"@type":"CommentAction","name":"Comment","target":["https:\/\/realidadturistica.com\/realtur\/inicia-operaciones-vuelo-los-angeles-merida-para-el-cierre-de-ano\/#respond"]}]},{"@type":"WebPage","@id":"https:\/\/realidadturistica.com\/realtur\/inicia-operaciones-vuelo-los-angeles-merida-para-el-cierre-de-ano\/","url":"https:\/\/realidadturistica.com\/realtur\/inicia-operaciones-vuelo-los-angeles-merida-para-el-cierre-de-ano\/","name":"Inicia operaciones vuelo Los \u00c1ngeles-M\u00e9rida para el cierre de a\u00f1o - Realidad Tur\u00edstica","isPartOf":{"@id":"https:\/\/realidadturistica.com\/realtur\/#website"},"primaryImageOfPage":{"@id":"https:\/\/realidadturistica.com\/realtur\/inicia-operaciones-vuelo-los-angeles-merida-para-el-cierre-de-ano\/#primaryimage"},"image":{"@id":"https:\/\/realidadturistica.com\/realtur\/inicia-operaciones-vuelo-los-angeles-merida-para-el-cierre-de-ano\/#primaryimage"},"thumbnailUrl":"https:\/\/realidadturistica.com\/realtur\/wp-content\/uploads\/2025\/12\/Inicia-operaciones2.jpg","datePublished":"2025-12-15T16:46:49+00:00","dateModified":"2025-12-15T16:47:06+00:00","breadcrumb":{"@id":"https:\/\/realidadturistica.com\/realtur\/inicia-operaciones-vuelo-los-angeles-merida-para-el-cierre-de-ano\/#breadcrumb"},"inLanguage":"es","potentialAction":[{"@type":"ReadAction","target":["https:\/\/realidadturistica.com\/realtur\/inicia-operaciones-vuelo-los-angeles-merida-para-el-cierre-de-ano\/"]}]},{"@type":"ImageObject","inLanguage":"es","@id":"https:\/\/realidadturistica.com\/realtur\/inicia-operaciones-vuelo-los-angeles-merida-para-el-cierre-de-ano\/#primaryimage","url":"https:\/\/realidadturistica.com\/realtur\/wp-content\/uploads\/2025\/12\/Inicia-operaciones2.jpg","contentUrl":"https:\/\/realidadturistica.com\/realtur\/wp-content\/uploads\/2025\/12\/Inicia-operaciones2.jpg","width":1600,"height":1044},{"@type":"BreadcrumbList","@id":"https:\/\/realidadturistica.com\/realtur\/inicia-operaciones-vuelo-los-angeles-merida-para-el-cierre-de-ano\/#breadcrumb","itemListElement":[{"@type":"ListItem","position":1,"name":"Portada","item":"https:\/\/realidadturistica.com\/realtur\/"},{"@type":"ListItem","position":2,"name":"Inicia operaciones vuelo Los \u00c1ngeles-M\u00e9rida para el cierre de a\u00f1o"}]},{"@type":"WebSite","@id":"https:\/\/realidadturistica.com\/realtur\/#website","url":"https:\/\/realidadturistica.com\/realtur\/","name":"Realidad Tur\u00edstica","description":"","publisher":{"@id":"https:\/\/realidadturistica.com\/realtur\/#organization"},"potentialAction":[{"@type":"SearchAction","target":{"@type":"EntryPoint","urlTemplate":"https:\/\/realidadturistica.com\/realtur\/?s={search_term_string}"},"query-input":{"@type":"PropertyValueSpecification","valueRequired":true,"valueName":"search_term_string"}}],"inLanguage":"es"},{"@type":"Organization","@id":"https:\/\/realidadturistica.com\/realtur\/#organization","name":"Realidad Tur\u00edstica","url":"https:\/\/realidadturistica.com\/realtur\/","logo":{"@type":"ImageObject","inLanguage":"es","@id":"https:\/\/realidadturistica.com\/realtur\/#\/schema\/logo\/image\/","url":"https:\/\/realidadturistica.com\/realtur\/wp-content\/uploads\/2021\/12\/logotipo-realidad-turistica.png","contentUrl":"https:\/\/realidadturistica.com\/realtur\/wp-content\/uploads\/2021\/12\/logotipo-realidad-turistica.png","width":1382,"height":629,"caption":"Realidad Tur\u00edstica"},"image":{"@id":"https:\/\/realidadturistica.com\/realtur\/#\/schema\/logo\/image\/"},"sameAs":["https:\/\/www.facebook.com\/realidadturistica","https:\/\/www.instagram.com\/realidad_turistica\/"]},{"@type":"Person","@id":"https:\/\/realidadturistica.com\/realtur\/#\/schema\/person\/ade671191202490fcf08ab21590de73e","name":"Editor","image":{"@type":"ImageObject","inLanguage":"es","@id":"https:\/\/realidadturistica.com\/realtur\/wp-content\/uploads\/2023\/09\/Editor_avatar_1693668634-96x96.png","url":"https:\/\/realidadturistica.com\/realtur\/wp-content\/uploads\/2023\/09\/Editor_avatar_1693668634-96x96.png","contentUrl":"https:\/\/realidadturistica.com\/realtur\/wp-content\/uploads\/2023\/09\/Editor_avatar_1693668634-96x96.png","caption":"Editor"},"sameAs":["https:\/\/realidadturistica.com\/realtur"],"url":"https:\/\/realidadturistica.com\/realtur\/author\/editor2\/"}]}},"_links":{"self":[{"href":"https:\/\/realidadturistica.com\/realtur\/wp-json\/wp\/v2\/posts\/11478","targetHints":{"allow":["GET"]}}],"collection":[{"href":"https:\/\/realidadturistica.com\/realtur\/wp-json\/wp\/v2\/posts"}],"about":[{"href":"https:\/\/realidadturistica.com\/realtur\/wp-json\/wp\/v2\/types\/post"}],"author":[{"embeddable":true,"href":"https:\/\/realidadturistica.com\/realtur\/wp-json\/wp\/v2\/users\/2"}],"replies":[{"embeddable":true,"href":"https:\/\/realidadturistica.com\/realtur\/wp-json\/wp\/v2\/comments?post=11478"}],"version-history":[{"count":2,"href":"https:\/\/realidadturistica.com\/realtur\/wp-json\/wp\/v2\/posts\/11478\/revisions"}],"predecessor-version":[{"id":11483,"href":"https:\/\/realidadturistica.com\/realtur\/wp-json\/wp\/v2\/posts\/11478\/revisions\/11483"}],"wp:featuredmedia":[{"embeddable":true,"href":"https:\/\/realidadturistica.com\/realtur\/wp-json\/wp\/v2\/media\/11479"}],"wp:attachment":[{"href":"https:\/\/realidadturistica.com\/realtur\/wp-json\/wp\/v2\/media?parent=11478"}],"wp:term":[{"taxonomy":"category","embeddable":true,"href":"https:\/\/realidadturistica.com\/realtur\/wp-json\/wp\/v2\/categories?post=11478"},{"taxonomy":"post_tag","embeddable":true,"href":"https:\/\/realidadturistica.com\/realtur\/wp-json\/wp\/v2\/tags?post=11478"}],"curies":[{"name":"wp","href":"https:\/\/api.w.org\/{rel}","templated":true}]}}