{"id":11484,"date":"2025-12-15T12:30:21","date_gmt":"2025-12-15T18:30:21","guid":{"rendered":"https:\/\/realidadturistica.com\/realtur\/?p=11484"},"modified":"2025-12-15T12:30:23","modified_gmt":"2025-12-15T18:30:23","slug":"yucatan-cerrara-este-2025-con-mas-de-2-5-millones-de-visitantes","status":"publish","type":"post","link":"https:\/\/realidadturistica.com\/realtur\/yucatan-cerrara-este-2025-con-mas-de-2-5-millones-de-visitantes\/","title":{"rendered":"Yucat\u00e1n cerrar\u00e1 este 2025 con m\u00e1s de 2.5 millones de visitantes"},"content":{"rendered":"\n<p class=\"wp-block-yoast-seo-estimated-reading-time yoast-reading-time__wrapper\"><span class=\"yoast-reading-time__icon\"><svg aria-hidden=\"true\" focusable=\"false\" data-icon=\"clock\" width=\"20\" height=\"20\" fill=\"none\" stroke=\"currentColor\" style=\"display:inline-block;vertical-align:-0.1em\" role=\"img\" xmlns=\"http:\/\/www.w3.org\/2000\/svg\" viewBox=\"0 0 24 24\"><path stroke-linecap=\"round\" stroke-linejoin=\"round\" stroke-width=\"2\" d=\"M12 8v4l3 3m6-3a9 9 0 11-18 0 9 9 0 0118 0z\"><\/path><\/svg><\/span><span class=\"yoast-reading-time__spacer\" style=\"display:inline-block;width:1em\"><\/span><span class=\"yoast-reading-time__descriptive-text\">Estimated reading time: <\/span><span class=\"yoast-reading-time__reading-time\">4<\/span><span class=\"yoast-reading-time__time-unit\"> minutos<\/span><\/p>\n\n\n\n<p>M\u00e9xico. Durante un encuentro de Dar\u00edo Flota Ocampo, titular de la secretaria de Fomento Tur\u00edstico de Yucat\u00e1n con medios de prensa, inform\u00f3 que el estado terminar\u00e1 este a\u00f1o con m\u00e1s de 2.5 millones de visitantes, fruto del intenso trabajo que han venido desarrollando las autoridades tur\u00edsticas y las nuevas inversiones que se han llevado a cabo en aras de ofrecer al turista un mejor servicio y nuevas oportunidades.<\/p>\n\n\n\n<figure class=\"wp-block-image size-large\"><img fetchpriority=\"high\" decoding=\"async\" width=\"1024\" height=\"683\" src=\"https:\/\/realidadturistica.com\/realtur\/wp-content\/uploads\/2025\/12\/Yucatan-cerrara2-1-1024x683.jpg\" alt=\"\" class=\"wp-image-11486\" srcset=\"https:\/\/realidadturistica.com\/realtur\/wp-content\/uploads\/2025\/12\/Yucatan-cerrara2-1-1024x683.jpg 1024w, https:\/\/realidadturistica.com\/realtur\/wp-content\/uploads\/2025\/12\/Yucatan-cerrara2-1-300x200.jpg 300w, https:\/\/realidadturistica.com\/realtur\/wp-content\/uploads\/2025\/12\/Yucatan-cerrara2-1-768x512.jpg 768w, https:\/\/realidadturistica.com\/realtur\/wp-content\/uploads\/2025\/12\/Yucatan-cerrara2-1-1170x781.jpg 1170w, https:\/\/realidadturistica.com\/realtur\/wp-content\/uploads\/2025\/12\/Yucatan-cerrara2-1-585x390.jpg 585w, https:\/\/realidadturistica.com\/realtur\/wp-content\/uploads\/2025\/12\/Yucatan-cerrara2-1-263x175.jpg 263w, https:\/\/realidadturistica.com\/realtur\/wp-content\/uploads\/2025\/12\/Yucatan-cerrara2-1.jpg 1280w\" sizes=\"(max-width: 1024px) 100vw, 1024px\" \/><\/figure>\n\n\n\n<p>Como datos relevantes se conoci\u00f3 que la ocupaci\u00f3n hasta octubre del presente a\u00f1o fue de un 53.5 por ciento, con un aumento de visitantes que pernoctan en comparaci\u00f3n al mismo periodo del a\u00f1o pasado.<\/p>\n\n\n\n<p>Seg\u00fan una encuesta realizada por Sefotur, m\u00e1s de la mitad de los visitantes viajaron por primera vez a Yucat\u00e1n. El 60 por ciento provienen del mismo M\u00e9xico, el 16 por ciento de Estados Unidos y el 13 por ciento de Europa.<\/p>\n\n\n\n<p>Un segmento que va en aumento es el turismo de crucero, que aunque no alcanza las cifras antes de la pandemia ha logrado este a\u00f1o un incremento del 70 por ciento. De enero a noviembre el puerto de Progreso recibi\u00f3 134 cruceros con un estimado de 417 mil turistas.<\/p>\n\n\n\n<figure class=\"wp-block-image size-large\"><img decoding=\"async\" width=\"1024\" height=\"576\" src=\"https:\/\/realidadturistica.com\/realtur\/wp-content\/uploads\/2025\/12\/Yucatan-cerrara1-1024x576.jpg\" alt=\"\" class=\"wp-image-11487\" srcset=\"https:\/\/realidadturistica.com\/realtur\/wp-content\/uploads\/2025\/12\/Yucatan-cerrara1-1024x576.jpg 1024w, https:\/\/realidadturistica.com\/realtur\/wp-content\/uploads\/2025\/12\/Yucatan-cerrara1-300x169.jpg 300w, https:\/\/realidadturistica.com\/realtur\/wp-content\/uploads\/2025\/12\/Yucatan-cerrara1-768x432.jpg 768w, https:\/\/realidadturistica.com\/realtur\/wp-content\/uploads\/2025\/12\/Yucatan-cerrara1-1170x658.jpg 1170w, https:\/\/realidadturistica.com\/realtur\/wp-content\/uploads\/2025\/12\/Yucatan-cerrara1-585x329.jpg 585w, https:\/\/realidadturistica.com\/realtur\/wp-content\/uploads\/2025\/12\/Yucatan-cerrara1-1200x675.jpg 1200w, https:\/\/realidadturistica.com\/realtur\/wp-content\/uploads\/2025\/12\/Yucatan-cerrara1.jpg 1280w\" sizes=\"(max-width: 1024px) 100vw, 1024px\" \/><\/figure>\n\n\n\n<p>En cuanto a la inversi\u00f3n se han puesto en marcha 61 nuevos proyectos tur\u00edsticos, b\u00e1sicamente en hoteles y parques tem\u00e1ticos, ocupando Yucat\u00e1n el segundo lugar en inversi\u00f3n tur\u00edstica del pa\u00eds.<\/p>\n\n\n\n<p>Explic\u00f3 el titular de Sefotur que Yucat\u00e1n cuenta con importantes atracciones culturales e hist\u00f3ricas, que son del inter\u00e9s de muchos de los turistas que visitan el estado. La gastronom\u00eda es otra de las fortalezas que con orgullo promueven, ostentando Yucat\u00e1n el nombramiento de Capital Iberoamericana de la Cultura Gastron\u00f3mica Precolombina 2025, reconocimiento entregado en la pasada Feria Internacional de Turismo en Espa\u00f1a.<\/p>\n\n\n\n<figure class=\"wp-block-image size-large\"><img decoding=\"async\" width=\"1024\" height=\"666\" src=\"https:\/\/realidadturistica.com\/realtur\/wp-content\/uploads\/2025\/12\/recetadecochinitapibil_0-1024x666.jpg\" alt=\"\" class=\"wp-image-11488\" srcset=\"https:\/\/realidadturistica.com\/realtur\/wp-content\/uploads\/2025\/12\/recetadecochinitapibil_0-1024x666.jpg 1024w, https:\/\/realidadturistica.com\/realtur\/wp-content\/uploads\/2025\/12\/recetadecochinitapibil_0-300x195.jpg 300w, https:\/\/realidadturistica.com\/realtur\/wp-content\/uploads\/2025\/12\/recetadecochinitapibil_0-768x500.jpg 768w, https:\/\/realidadturistica.com\/realtur\/wp-content\/uploads\/2025\/12\/recetadecochinitapibil_0-1170x761.jpg 1170w, https:\/\/realidadturistica.com\/realtur\/wp-content\/uploads\/2025\/12\/recetadecochinitapibil_0-585x381.jpg 585w, https:\/\/realidadturistica.com\/realtur\/wp-content\/uploads\/2025\/12\/recetadecochinitapibil_0.jpg 1248w\" sizes=\"(max-width: 1024px) 100vw, 1024px\" \/><\/figure>\n\n\n\n<p>Para el pr\u00f3ximo a\u00f1o se tiene previsto un incremento de las conexiones a\u00e9reas entre Estados Unidos, Canad\u00e1, Europa y M\u00e9rida, algo imprescindible para el desarrollo tur\u00edstico. En la actualidad Yucat\u00e1n opera con nueve aerol\u00edneas en 12 rutas nacionales y 7 internacionales.<\/p>\n\n\n\n<p>La capacitaci\u00f3n de la fuerza laboral ha jugado un rol importante en los resultados alcanzados. Con una inversi\u00f3n de 5 millones de pesos se han realizado 92 cursos de capacitaci\u00f3n en 20 municipios del estado, con la participaron de m\u00e1s dos mil prestadores de servicios tur\u00edsticos, algo in\u00e9dito. La fuerza laboral tur\u00edstica la componen un 60 por ciento de mujeres y un 40 por ciento de hombres.<\/p>\n\n\n\n<p>Al final de la presentaci\u00f3n el secretario estatal de Fomento Tur\u00edstico, Dario Flota Ocampo respondi\u00f3 preguntas de la prensa presente en el lugar.<\/p>\n\n\n\n<figure class=\"wp-block-image size-large\"><img loading=\"lazy\" decoding=\"async\" width=\"1024\" height=\"683\" src=\"https:\/\/realidadturistica.com\/realtur\/wp-content\/uploads\/2025\/12\/Yucatan-cerrara.4-1024x683.jpg\" alt=\"\" class=\"wp-image-11489\" srcset=\"https:\/\/realidadturistica.com\/realtur\/wp-content\/uploads\/2025\/12\/Yucatan-cerrara.4-1024x683.jpg 1024w, https:\/\/realidadturistica.com\/realtur\/wp-content\/uploads\/2025\/12\/Yucatan-cerrara.4-300x200.jpg 300w, https:\/\/realidadturistica.com\/realtur\/wp-content\/uploads\/2025\/12\/Yucatan-cerrara.4-768x512.jpg 768w, https:\/\/realidadturistica.com\/realtur\/wp-content\/uploads\/2025\/12\/Yucatan-cerrara.4-1170x781.jpg 1170w, https:\/\/realidadturistica.com\/realtur\/wp-content\/uploads\/2025\/12\/Yucatan-cerrara.4-585x390.jpg 585w, https:\/\/realidadturistica.com\/realtur\/wp-content\/uploads\/2025\/12\/Yucatan-cerrara.4-263x175.jpg 263w, https:\/\/realidadturistica.com\/realtur\/wp-content\/uploads\/2025\/12\/Yucatan-cerrara.4.jpg 1280w\" sizes=\"(max-width: 1024px) 100vw, 1024px\" \/><\/figure>\n\n\n\n<p>Sin lugar a dudas, Yucat\u00e1n brinda una oferta integral y aut\u00e9ntica, un destino que lo tiene todo, una experiencia completa donde el visitante puede sumergirse en una cultura viva, comer de manera excepcional, sentirse seguro y desde ah\u00ed acceder a las maravillas naturales y arqueol\u00f3gicas \u00fanicas, dejando una huella profunda.<\/p>\n\n\n\n<p>Realidad Tur\u00edstica<\/p>\n","protected":false},"excerpt":{"rendered":"<p>M\u00e9xico. Durante un encuentro de Dar\u00edo Flota Ocampo, titular de la secretaria de Fomento Tur\u00edstico de Yucat\u00e1n con medios de prensa, inform\u00f3 que el estado&hellip;<\/p>\n","protected":false},"author":2,"featured_media":11485,"comment_status":"open","ping_status":"closed","sticky":false,"template":"","format":"standard","meta":{"content-type":"","_lmt_disableupdate":"","_lmt_disable":"","footnotes":""},"categories":[6],"tags":[],"class_list":["post-11484","post","type-post","status-publish","format-standard","has-post-thumbnail","hentry","category-turismo"],"yoast_head":"<!-- This site is optimized with the Yoast SEO Premium plugin v27.4 (Yoast SEO v27.5) - https:\/\/yoast.com\/product\/yoast-seo-premium-wordpress\/ -->\n<title>Yucat\u00e1n cerrar\u00e1 este 2025 con m\u00e1s de 2.5 millones de visitantes - Realidad Tur\u00edstica<\/title>\n<meta name=\"robots\" content=\"index, follow, max-snippet:-1, max-image-preview:large, max-video-preview:-1\" \/>\n<link rel=\"canonical\" href=\"https:\/\/realidadturistica.com\/realtur\/yucatan-cerrara-este-2025-con-mas-de-2-5-millones-de-visitantes\/\" \/>\n<meta property=\"og:locale\" content=\"es_ES\" \/>\n<meta property=\"og:type\" content=\"article\" \/>\n<meta property=\"og:title\" content=\"Yucat\u00e1n cerrar\u00e1 este 2025 con m\u00e1s de 2.5 millones de visitantes\" \/>\n<meta property=\"og:description\" content=\"M\u00e9xico. Durante un encuentro de Dar\u00edo Flota Ocampo, titular de la secretaria de Fomento Tur\u00edstico de Yucat\u00e1n con medios de prensa, inform\u00f3 que el estado&hellip;\" \/>\n<meta property=\"og:url\" content=\"https:\/\/realidadturistica.com\/realtur\/yucatan-cerrara-este-2025-con-mas-de-2-5-millones-de-visitantes\/\" \/>\n<meta property=\"og:site_name\" content=\"Realidad Tur\u00edstica\" \/>\n<meta property=\"article:publisher\" content=\"https:\/\/www.facebook.com\/realidadturistica\" \/>\n<meta property=\"article:published_time\" content=\"2025-12-15T18:30:21+00:00\" \/>\n<meta property=\"article:modified_time\" content=\"2025-12-15T18:30:23+00:00\" \/>\n<meta property=\"og:image\" content=\"https:\/\/realidadturistica.com\/realtur\/wp-content\/uploads\/2025\/12\/Yucatan-cerrara.png\" \/>\n\t<meta property=\"og:image:width\" content=\"1280\" \/>\n\t<meta property=\"og:image:height\" content=\"720\" \/>\n\t<meta property=\"og:image:type\" content=\"image\/png\" \/>\n<meta name=\"author\" content=\"Editor\" \/>\n<meta name=\"twitter:card\" content=\"summary_large_image\" \/>\n<meta name=\"twitter:label1\" content=\"Escrito por\" \/>\n\t<meta name=\"twitter:data1\" content=\"Editor\" \/>\n\t<meta name=\"twitter:label2\" content=\"Tiempo de lectura\" \/>\n\t<meta name=\"twitter:data2\" content=\"4 minutos\" \/>\n<script type=\"application\/ld+json\" class=\"yoast-schema-graph\">{\"@context\":\"https:\\\/\\\/schema.org\",\"@graph\":[{\"@type\":\"Article\",\"@id\":\"https:\\\/\\\/realidadturistica.com\\\/realtur\\\/yucatan-cerrara-este-2025-con-mas-de-2-5-millones-de-visitantes\\\/#article\",\"isPartOf\":{\"@id\":\"https:\\\/\\\/realidadturistica.com\\\/realtur\\\/yucatan-cerrara-este-2025-con-mas-de-2-5-millones-de-visitantes\\\/\"},\"author\":{\"name\":\"Editor\",\"@id\":\"https:\\\/\\\/realidadturistica.com\\\/realtur\\\/#\\\/schema\\\/person\\\/ade671191202490fcf08ab21590de73e\"},\"headline\":\"Yucat\u00e1n cerrar\u00e1 este 2025 con m\u00e1s de 2.5 millones de visitantes\",\"datePublished\":\"2025-12-15T18:30:21+00:00\",\"dateModified\":\"2025-12-15T18:30:23+00:00\",\"mainEntityOfPage\":{\"@id\":\"https:\\\/\\\/realidadturistica.com\\\/realtur\\\/yucatan-cerrara-este-2025-con-mas-de-2-5-millones-de-visitantes\\\/\"},\"wordCount\":516,\"commentCount\":0,\"publisher\":{\"@id\":\"https:\\\/\\\/realidadturistica.com\\\/realtur\\\/#organization\"},\"image\":{\"@id\":\"https:\\\/\\\/realidadturistica.com\\\/realtur\\\/yucatan-cerrara-este-2025-con-mas-de-2-5-millones-de-visitantes\\\/#primaryimage\"},\"thumbnailUrl\":\"https:\\\/\\\/realidadturistica.com\\\/realtur\\\/wp-content\\\/uploads\\\/2025\\\/12\\\/Yucatan-cerrara.png\",\"articleSection\":[\"Turismo\"],\"inLanguage\":\"es\",\"potentialAction\":[{\"@type\":\"CommentAction\",\"name\":\"Comment\",\"target\":[\"https:\\\/\\\/realidadturistica.com\\\/realtur\\\/yucatan-cerrara-este-2025-con-mas-de-2-5-millones-de-visitantes\\\/#respond\"]}]},{\"@type\":\"WebPage\",\"@id\":\"https:\\\/\\\/realidadturistica.com\\\/realtur\\\/yucatan-cerrara-este-2025-con-mas-de-2-5-millones-de-visitantes\\\/\",\"url\":\"https:\\\/\\\/realidadturistica.com\\\/realtur\\\/yucatan-cerrara-este-2025-con-mas-de-2-5-millones-de-visitantes\\\/\",\"name\":\"Yucat\u00e1n cerrar\u00e1 este 2025 con m\u00e1s de 2.5 millones de visitantes - Realidad Tur\u00edstica\",\"isPartOf\":{\"@id\":\"https:\\\/\\\/realidadturistica.com\\\/realtur\\\/#website\"},\"primaryImageOfPage\":{\"@id\":\"https:\\\/\\\/realidadturistica.com\\\/realtur\\\/yucatan-cerrara-este-2025-con-mas-de-2-5-millones-de-visitantes\\\/#primaryimage\"},\"image\":{\"@id\":\"https:\\\/\\\/realidadturistica.com\\\/realtur\\\/yucatan-cerrara-este-2025-con-mas-de-2-5-millones-de-visitantes\\\/#primaryimage\"},\"thumbnailUrl\":\"https:\\\/\\\/realidadturistica.com\\\/realtur\\\/wp-content\\\/uploads\\\/2025\\\/12\\\/Yucatan-cerrara.png\",\"datePublished\":\"2025-12-15T18:30:21+00:00\",\"dateModified\":\"2025-12-15T18:30:23+00:00\",\"breadcrumb\":{\"@id\":\"https:\\\/\\\/realidadturistica.com\\\/realtur\\\/yucatan-cerrara-este-2025-con-mas-de-2-5-millones-de-visitantes\\\/#breadcrumb\"},\"inLanguage\":\"es\",\"potentialAction\":[{\"@type\":\"ReadAction\",\"target\":[\"https:\\\/\\\/realidadturistica.com\\\/realtur\\\/yucatan-cerrara-este-2025-con-mas-de-2-5-millones-de-visitantes\\\/\"]}]},{\"@type\":\"ImageObject\",\"inLanguage\":\"es\",\"@id\":\"https:\\\/\\\/realidadturistica.com\\\/realtur\\\/yucatan-cerrara-este-2025-con-mas-de-2-5-millones-de-visitantes\\\/#primaryimage\",\"url\":\"https:\\\/\\\/realidadturistica.com\\\/realtur\\\/wp-content\\\/uploads\\\/2025\\\/12\\\/Yucatan-cerrara.png\",\"contentUrl\":\"https:\\\/\\\/realidadturistica.com\\\/realtur\\\/wp-content\\\/uploads\\\/2025\\\/12\\\/Yucatan-cerrara.png\",\"width\":1280,\"height\":720},{\"@type\":\"BreadcrumbList\",\"@id\":\"https:\\\/\\\/realidadturistica.com\\\/realtur\\\/yucatan-cerrara-este-2025-con-mas-de-2-5-millones-de-visitantes\\\/#breadcrumb\",\"itemListElement\":[{\"@type\":\"ListItem\",\"position\":1,\"name\":\"Portada\",\"item\":\"https:\\\/\\\/realidadturistica.com\\\/realtur\\\/\"},{\"@type\":\"ListItem\",\"position\":2,\"name\":\"Yucat\u00e1n cerrar\u00e1 este 2025 con m\u00e1s de 2.5 millones de visitantes\"}]},{\"@type\":\"WebSite\",\"@id\":\"https:\\\/\\\/realidadturistica.com\\\/realtur\\\/#website\",\"url\":\"https:\\\/\\\/realidadturistica.com\\\/realtur\\\/\",\"name\":\"Realidad Tur\u00edstica\",\"description\":\"\",\"publisher\":{\"@id\":\"https:\\\/\\\/realidadturistica.com\\\/realtur\\\/#organization\"},\"potentialAction\":[{\"@type\":\"SearchAction\",\"target\":{\"@type\":\"EntryPoint\",\"urlTemplate\":\"https:\\\/\\\/realidadturistica.com\\\/realtur\\\/?s={search_term_string}\"},\"query-input\":{\"@type\":\"PropertyValueSpecification\",\"valueRequired\":true,\"valueName\":\"search_term_string\"}}],\"inLanguage\":\"es\"},{\"@type\":\"Organization\",\"@id\":\"https:\\\/\\\/realidadturistica.com\\\/realtur\\\/#organization\",\"name\":\"Realidad Tur\u00edstica\",\"url\":\"https:\\\/\\\/realidadturistica.com\\\/realtur\\\/\",\"logo\":{\"@type\":\"ImageObject\",\"inLanguage\":\"es\",\"@id\":\"https:\\\/\\\/realidadturistica.com\\\/realtur\\\/#\\\/schema\\\/logo\\\/image\\\/\",\"url\":\"https:\\\/\\\/realidadturistica.com\\\/realtur\\\/wp-content\\\/uploads\\\/2021\\\/12\\\/logotipo-realidad-turistica.png\",\"contentUrl\":\"https:\\\/\\\/realidadturistica.com\\\/realtur\\\/wp-content\\\/uploads\\\/2021\\\/12\\\/logotipo-realidad-turistica.png\",\"width\":1382,\"height\":629,\"caption\":\"Realidad Tur\u00edstica\"},\"image\":{\"@id\":\"https:\\\/\\\/realidadturistica.com\\\/realtur\\\/#\\\/schema\\\/logo\\\/image\\\/\"},\"sameAs\":[\"https:\\\/\\\/www.facebook.com\\\/realidadturistica\",\"https:\\\/\\\/www.instagram.com\\\/realidad_turistica\\\/\"]},{\"@type\":\"Person\",\"@id\":\"https:\\\/\\\/realidadturistica.com\\\/realtur\\\/#\\\/schema\\\/person\\\/ade671191202490fcf08ab21590de73e\",\"name\":\"Editor\",\"image\":{\"@type\":\"ImageObject\",\"inLanguage\":\"es\",\"@id\":\"https:\\\/\\\/realidadturistica.com\\\/realtur\\\/wp-content\\\/uploads\\\/2023\\\/09\\\/Editor_avatar_1693668634-96x96.png\",\"url\":\"https:\\\/\\\/realidadturistica.com\\\/realtur\\\/wp-content\\\/uploads\\\/2023\\\/09\\\/Editor_avatar_1693668634-96x96.png\",\"contentUrl\":\"https:\\\/\\\/realidadturistica.com\\\/realtur\\\/wp-content\\\/uploads\\\/2023\\\/09\\\/Editor_avatar_1693668634-96x96.png\",\"caption\":\"Editor\"},\"sameAs\":[\"https:\\\/\\\/realidadturistica.com\\\/realtur\"],\"url\":\"https:\\\/\\\/realidadturistica.com\\\/realtur\\\/author\\\/editor2\\\/\"}]}<\/script>\n<!-- \/ Yoast SEO Premium plugin. -->","yoast_head_json":{"title":"Yucat\u00e1n cerrar\u00e1 este 2025 con m\u00e1s de 2.5 millones de visitantes - Realidad Tur\u00edstica","robots":{"index":"index","follow":"follow","max-snippet":"max-snippet:-1","max-image-preview":"max-image-preview:large","max-video-preview":"max-video-preview:-1"},"canonical":"https:\/\/realidadturistica.com\/realtur\/yucatan-cerrara-este-2025-con-mas-de-2-5-millones-de-visitantes\/","og_locale":"es_ES","og_type":"article","og_title":"Yucat\u00e1n cerrar\u00e1 este 2025 con m\u00e1s de 2.5 millones de visitantes","og_description":"M\u00e9xico. Durante un encuentro de Dar\u00edo Flota Ocampo, titular de la secretaria de Fomento Tur\u00edstico de Yucat\u00e1n con medios de prensa, inform\u00f3 que el estado&hellip;","og_url":"https:\/\/realidadturistica.com\/realtur\/yucatan-cerrara-este-2025-con-mas-de-2-5-millones-de-visitantes\/","og_site_name":"Realidad Tur\u00edstica","article_publisher":"https:\/\/www.facebook.com\/realidadturistica","article_published_time":"2025-12-15T18:30:21+00:00","article_modified_time":"2025-12-15T18:30:23+00:00","og_image":[{"width":1280,"height":720,"url":"https:\/\/realidadturistica.com\/realtur\/wp-content\/uploads\/2025\/12\/Yucatan-cerrara.png","type":"image\/png"}],"author":"Editor","twitter_card":"summary_large_image","twitter_misc":{"Escrito por":"Editor","Tiempo de lectura":"4 minutos"},"schema":{"@context":"https:\/\/schema.org","@graph":[{"@type":"Article","@id":"https:\/\/realidadturistica.com\/realtur\/yucatan-cerrara-este-2025-con-mas-de-2-5-millones-de-visitantes\/#article","isPartOf":{"@id":"https:\/\/realidadturistica.com\/realtur\/yucatan-cerrara-este-2025-con-mas-de-2-5-millones-de-visitantes\/"},"author":{"name":"Editor","@id":"https:\/\/realidadturistica.com\/realtur\/#\/schema\/person\/ade671191202490fcf08ab21590de73e"},"headline":"Yucat\u00e1n cerrar\u00e1 este 2025 con m\u00e1s de 2.5 millones de visitantes","datePublished":"2025-12-15T18:30:21+00:00","dateModified":"2025-12-15T18:30:23+00:00","mainEntityOfPage":{"@id":"https:\/\/realidadturistica.com\/realtur\/yucatan-cerrara-este-2025-con-mas-de-2-5-millones-de-visitantes\/"},"wordCount":516,"commentCount":0,"publisher":{"@id":"https:\/\/realidadturistica.com\/realtur\/#organization"},"image":{"@id":"https:\/\/realidadturistica.com\/realtur\/yucatan-cerrara-este-2025-con-mas-de-2-5-millones-de-visitantes\/#primaryimage"},"thumbnailUrl":"https:\/\/realidadturistica.com\/realtur\/wp-content\/uploads\/2025\/12\/Yucatan-cerrara.png","articleSection":["Turismo"],"inLanguage":"es","potentialAction":[{"@type":"CommentAction","name":"Comment","target":["https:\/\/realidadturistica.com\/realtur\/yucatan-cerrara-este-2025-con-mas-de-2-5-millones-de-visitantes\/#respond"]}]},{"@type":"WebPage","@id":"https:\/\/realidadturistica.com\/realtur\/yucatan-cerrara-este-2025-con-mas-de-2-5-millones-de-visitantes\/","url":"https:\/\/realidadturistica.com\/realtur\/yucatan-cerrara-este-2025-con-mas-de-2-5-millones-de-visitantes\/","name":"Yucat\u00e1n cerrar\u00e1 este 2025 con m\u00e1s de 2.5 millones de visitantes - Realidad Tur\u00edstica","isPartOf":{"@id":"https:\/\/realidadturistica.com\/realtur\/#website"},"primaryImageOfPage":{"@id":"https:\/\/realidadturistica.com\/realtur\/yucatan-cerrara-este-2025-con-mas-de-2-5-millones-de-visitantes\/#primaryimage"},"image":{"@id":"https:\/\/realidadturistica.com\/realtur\/yucatan-cerrara-este-2025-con-mas-de-2-5-millones-de-visitantes\/#primaryimage"},"thumbnailUrl":"https:\/\/realidadturistica.com\/realtur\/wp-content\/uploads\/2025\/12\/Yucatan-cerrara.png","datePublished":"2025-12-15T18:30:21+00:00","dateModified":"2025-12-15T18:30:23+00:00","breadcrumb":{"@id":"https:\/\/realidadturistica.com\/realtur\/yucatan-cerrara-este-2025-con-mas-de-2-5-millones-de-visitantes\/#breadcrumb"},"inLanguage":"es","potentialAction":[{"@type":"ReadAction","target":["https:\/\/realidadturistica.com\/realtur\/yucatan-cerrara-este-2025-con-mas-de-2-5-millones-de-visitantes\/"]}]},{"@type":"ImageObject","inLanguage":"es","@id":"https:\/\/realidadturistica.com\/realtur\/yucatan-cerrara-este-2025-con-mas-de-2-5-millones-de-visitantes\/#primaryimage","url":"https:\/\/realidadturistica.com\/realtur\/wp-content\/uploads\/2025\/12\/Yucatan-cerrara.png","contentUrl":"https:\/\/realidadturistica.com\/realtur\/wp-content\/uploads\/2025\/12\/Yucatan-cerrara.png","width":1280,"height":720},{"@type":"BreadcrumbList","@id":"https:\/\/realidadturistica.com\/realtur\/yucatan-cerrara-este-2025-con-mas-de-2-5-millones-de-visitantes\/#breadcrumb","itemListElement":[{"@type":"ListItem","position":1,"name":"Portada","item":"https:\/\/realidadturistica.com\/realtur\/"},{"@type":"ListItem","position":2,"name":"Yucat\u00e1n cerrar\u00e1 este 2025 con m\u00e1s de 2.5 millones de visitantes"}]},{"@type":"WebSite","@id":"https:\/\/realidadturistica.com\/realtur\/#website","url":"https:\/\/realidadturistica.com\/realtur\/","name":"Realidad Tur\u00edstica","description":"","publisher":{"@id":"https:\/\/realidadturistica.com\/realtur\/#organization"},"potentialAction":[{"@type":"SearchAction","target":{"@type":"EntryPoint","urlTemplate":"https:\/\/realidadturistica.com\/realtur\/?s={search_term_string}"},"query-input":{"@type":"PropertyValueSpecification","valueRequired":true,"valueName":"search_term_string"}}],"inLanguage":"es"},{"@type":"Organization","@id":"https:\/\/realidadturistica.com\/realtur\/#organization","name":"Realidad Tur\u00edstica","url":"https:\/\/realidadturistica.com\/realtur\/","logo":{"@type":"ImageObject","inLanguage":"es","@id":"https:\/\/realidadturistica.com\/realtur\/#\/schema\/logo\/image\/","url":"https:\/\/realidadturistica.com\/realtur\/wp-content\/uploads\/2021\/12\/logotipo-realidad-turistica.png","contentUrl":"https:\/\/realidadturistica.com\/realtur\/wp-content\/uploads\/2021\/12\/logotipo-realidad-turistica.png","width":1382,"height":629,"caption":"Realidad Tur\u00edstica"},"image":{"@id":"https:\/\/realidadturistica.com\/realtur\/#\/schema\/logo\/image\/"},"sameAs":["https:\/\/www.facebook.com\/realidadturistica","https:\/\/www.instagram.com\/realidad_turistica\/"]},{"@type":"Person","@id":"https:\/\/realidadturistica.com\/realtur\/#\/schema\/person\/ade671191202490fcf08ab21590de73e","name":"Editor","image":{"@type":"ImageObject","inLanguage":"es","@id":"https:\/\/realidadturistica.com\/realtur\/wp-content\/uploads\/2023\/09\/Editor_avatar_1693668634-96x96.png","url":"https:\/\/realidadturistica.com\/realtur\/wp-content\/uploads\/2023\/09\/Editor_avatar_1693668634-96x96.png","contentUrl":"https:\/\/realidadturistica.com\/realtur\/wp-content\/uploads\/2023\/09\/Editor_avatar_1693668634-96x96.png","caption":"Editor"},"sameAs":["https:\/\/realidadturistica.com\/realtur"],"url":"https:\/\/realidadturistica.com\/realtur\/author\/editor2\/"}]}},"_links":{"self":[{"href":"https:\/\/realidadturistica.com\/realtur\/wp-json\/wp\/v2\/posts\/11484","targetHints":{"allow":["GET"]}}],"collection":[{"href":"https:\/\/realidadturistica.com\/realtur\/wp-json\/wp\/v2\/posts"}],"about":[{"href":"https:\/\/realidadturistica.com\/realtur\/wp-json\/wp\/v2\/types\/post"}],"author":[{"embeddable":true,"href":"https:\/\/realidadturistica.com\/realtur\/wp-json\/wp\/v2\/users\/2"}],"replies":[{"embeddable":true,"href":"https:\/\/realidadturistica.com\/realtur\/wp-json\/wp\/v2\/comments?post=11484"}],"version-history":[{"count":1,"href":"https:\/\/realidadturistica.com\/realtur\/wp-json\/wp\/v2\/posts\/11484\/revisions"}],"predecessor-version":[{"id":11490,"href":"https:\/\/realidadturistica.com\/realtur\/wp-json\/wp\/v2\/posts\/11484\/revisions\/11490"}],"wp:featuredmedia":[{"embeddable":true,"href":"https:\/\/realidadturistica.com\/realtur\/wp-json\/wp\/v2\/media\/11485"}],"wp:attachment":[{"href":"https:\/\/realidadturistica.com\/realtur\/wp-json\/wp\/v2\/media?parent=11484"}],"wp:term":[{"taxonomy":"category","embeddable":true,"href":"https:\/\/realidadturistica.com\/realtur\/wp-json\/wp\/v2\/categories?post=11484"},{"taxonomy":"post_tag","embeddable":true,"href":"https:\/\/realidadturistica.com\/realtur\/wp-json\/wp\/v2\/tags?post=11484"}],"curies":[{"name":"wp","href":"https:\/\/api.w.org\/{rel}","templated":true}]}}