{"id":11491,"date":"2025-12-16T11:32:39","date_gmt":"2025-12-16T17:32:39","guid":{"rendered":"https:\/\/realidadturistica.com\/realtur\/?p=11491"},"modified":"2025-12-16T11:41:23","modified_gmt":"2025-12-16T17:41:23","slug":"presentan-autoridades-turisticas-de-cuba-el-catalogo-de-eventos-2026","status":"publish","type":"post","link":"https:\/\/realidadturistica.com\/realtur\/presentan-autoridades-turisticas-de-cuba-el-catalogo-de-eventos-2026\/","title":{"rendered":"Presentan autoridades tur\u00edsticas de Cuba el Cat\u00e1logo de Eventos 2026"},"content":{"rendered":"\n<p class=\"wp-block-yoast-seo-estimated-reading-time yoast-reading-time__wrapper\"><span class=\"yoast-reading-time__icon\"><svg aria-hidden=\"true\" focusable=\"false\" data-icon=\"clock\" width=\"20\" height=\"20\" fill=\"none\" stroke=\"currentColor\" style=\"display:inline-block;vertical-align:-0.1em\" role=\"img\" xmlns=\"http:\/\/www.w3.org\/2000\/svg\" viewBox=\"0 0 24 24\"><path stroke-linecap=\"round\" stroke-linejoin=\"round\" stroke-width=\"2\" d=\"M12 8v4l3 3m6-3a9 9 0 11-18 0 9 9 0 0118 0z\"><\/path><\/svg><\/span><span class=\"yoast-reading-time__spacer\" style=\"display:inline-block;width:1em\"><\/span><span class=\"yoast-reading-time__descriptive-text\">Estimated reading time: <\/span><span class=\"yoast-reading-time__reading-time\">2<\/span><span class=\"yoast-reading-time__time-unit\"> minutos<\/span><\/p>\n\n\n\n<p>Cuba. Lanza el <a href=\"https:\/\/www.mintur.gob.cu\/\">Ministerio de Turismo de Cuba<\/a> el cat\u00e1logo de los eventos que se desarrollar\u00e1n en la isla en el 2026.<\/p>\n\n\n\n<p>El cat\u00e1logo 2026 fue presentado ante autoridades del Mintur, receptivos tur\u00edsticos y organizadores profesionales de eventos, en el Centro de Convenciones Plaza Am\u00e9rica en Varadero, lugar donde se celebrar\u00e1 la Feria Internacional de Turismo en mayo del venidero a\u00f1o.<\/p>\n\n\n<div class=\"wp-block-image\">\n<figure class=\"alignright size-full is-resized\"><img fetchpriority=\"high\" decoding=\"async\" width=\"765\" height=\"1020\" src=\"https:\/\/realidadturistica.com\/realtur\/wp-content\/uploads\/2025\/12\/catalogo.jpg\" alt=\"\" class=\"wp-image-11493\" style=\"width:192px;height:auto\" srcset=\"https:\/\/realidadturistica.com\/realtur\/wp-content\/uploads\/2025\/12\/catalogo.jpg 765w, https:\/\/realidadturistica.com\/realtur\/wp-content\/uploads\/2025\/12\/catalogo-225x300.jpg 225w, https:\/\/realidadturistica.com\/realtur\/wp-content\/uploads\/2025\/12\/catalogo-585x780.jpg 585w\" sizes=\"(max-width: 765px) 100vw, 765px\" \/><\/figure>\n<\/div>\n\n\n<p>Yanet de Armas, directora de Eventos del Ministerio de Turismo, dijo que el cat\u00e1logo contiene unos 276 eventos de todos los sectores, 50 m\u00e1s que este 2025.<\/p>\n\n\n\n<p>Un particular destaque tuvo el segmento de la cultura a cargo de la Dra. Liz Cuesta Peraza, directora de Eventos del Ministerio de Cultura, quien hizo un recorrido descriptivo por los cerca de 60 eventos culturales.<\/p>\n\n\n\n<p>El pa\u00eds dispone de locaciones y salones con capacidades y condiciones tecnol\u00f3gicas en todos los polos tur\u00edsticos, y un personal altamente capacitado, lo que la convierte en una importante plaza para los eventos y el segmento MICE.<\/p>\n\n\n\n<p>Otros organismos cubanos como el Ministerio de Ciencias, Tecnolog\u00eda y Medio Ambiente, y los Ministerios de Educaci\u00f3n Superior y Educaci\u00f3n, mostraron sus proyecciones de los eventos que realizar\u00e1n en el venidero a\u00f1o.<\/p>\n\n\n\n<figure class=\"wp-block-gallery has-nested-images columns-default is-cropped wp-block-gallery-1 is-layout-flex wp-block-gallery-is-layout-flex\">\n<figure class=\"wp-block-image size-large\"><img decoding=\"async\" width=\"900\" height=\"508\" data-id=\"11494\" src=\"https:\/\/realidadturistica.com\/realtur\/wp-content\/uploads\/2025\/12\/Salon-2-hotel-Grand-Packard.jpg\" alt=\"\" class=\"wp-image-11494\" srcset=\"https:\/\/realidadturistica.com\/realtur\/wp-content\/uploads\/2025\/12\/Salon-2-hotel-Grand-Packard.jpg 900w, https:\/\/realidadturistica.com\/realtur\/wp-content\/uploads\/2025\/12\/Salon-2-hotel-Grand-Packard-300x169.jpg 300w, https:\/\/realidadturistica.com\/realtur\/wp-content\/uploads\/2025\/12\/Salon-2-hotel-Grand-Packard-768x433.jpg 768w, https:\/\/realidadturistica.com\/realtur\/wp-content\/uploads\/2025\/12\/Salon-2-hotel-Grand-Packard-585x330.jpg 585w\" sizes=\"(max-width: 900px) 100vw, 900px\" \/><\/figure>\n\n\n\n<figure class=\"wp-block-image size-large\"><img decoding=\"async\" width=\"900\" height=\"508\" data-id=\"11495\" src=\"https:\/\/realidadturistica.com\/realtur\/wp-content\/uploads\/2025\/12\/Salon-Hotel-Parque-Central.jpg\" alt=\"\" class=\"wp-image-11495\" srcset=\"https:\/\/realidadturistica.com\/realtur\/wp-content\/uploads\/2025\/12\/Salon-Hotel-Parque-Central.jpg 900w, https:\/\/realidadturistica.com\/realtur\/wp-content\/uploads\/2025\/12\/Salon-Hotel-Parque-Central-300x169.jpg 300w, https:\/\/realidadturistica.com\/realtur\/wp-content\/uploads\/2025\/12\/Salon-Hotel-Parque-Central-768x433.jpg 768w, https:\/\/realidadturistica.com\/realtur\/wp-content\/uploads\/2025\/12\/Salon-Hotel-Parque-Central-585x330.jpg 585w\" sizes=\"(max-width: 900px) 100vw, 900px\" \/><\/figure>\n<\/figure>\n\n\n\n<p><\/p>\n\n\n\n<p>Realidad Tur\u00edstica<\/p>\n","protected":false},"excerpt":{"rendered":"<p>Cuba. Lanza el Ministerio de Turismo de Cuba el cat\u00e1logo de los eventos que se desarrollar\u00e1n en la isla en el 2026. El cat\u00e1logo 2026&hellip;<\/p>\n","protected":false},"author":2,"featured_media":11499,"comment_status":"open","ping_status":"closed","sticky":false,"template":"","format":"standard","meta":{"content-type":"","_lmt_disableupdate":"","_lmt_disable":"","footnotes":""},"categories":[5],"tags":[],"class_list":["post-11491","post","type-post","status-publish","format-standard","has-post-thumbnail","hentry","category-mice"],"yoast_head":"<!-- This site is optimized with the Yoast SEO Premium plugin v27.4 (Yoast SEO v27.5) - https:\/\/yoast.com\/product\/yoast-seo-premium-wordpress\/ -->\n<title>Presentan autoridades tur\u00edsticas de Cuba el Cat\u00e1logo de Eventos 2026 - Realidad Tur\u00edstica<\/title>\n<meta name=\"robots\" content=\"index, follow, max-snippet:-1, max-image-preview:large, max-video-preview:-1\" \/>\n<link rel=\"canonical\" href=\"https:\/\/realidadturistica.com\/realtur\/presentan-autoridades-turisticas-de-cuba-el-catalogo-de-eventos-2026\/\" \/>\n<meta property=\"og:locale\" content=\"es_ES\" \/>\n<meta property=\"og:type\" content=\"article\" \/>\n<meta property=\"og:title\" content=\"Presentan autoridades tur\u00edsticas de Cuba el Cat\u00e1logo de Eventos 2026\" \/>\n<meta property=\"og:description\" content=\"Cuba. Lanza el Ministerio de Turismo de Cuba el cat\u00e1logo de los eventos que se desarrollar\u00e1n en la isla en el 2026. El cat\u00e1logo 2026&hellip;\" \/>\n<meta property=\"og:url\" content=\"https:\/\/realidadturistica.com\/realtur\/presentan-autoridades-turisticas-de-cuba-el-catalogo-de-eventos-2026\/\" \/>\n<meta property=\"og:site_name\" content=\"Realidad Tur\u00edstica\" \/>\n<meta property=\"article:publisher\" content=\"https:\/\/www.facebook.com\/realidadturistica\" \/>\n<meta property=\"article:published_time\" content=\"2025-12-16T17:32:39+00:00\" \/>\n<meta property=\"article:modified_time\" content=\"2025-12-16T17:41:23+00:00\" \/>\n<meta property=\"og:image\" content=\"https:\/\/realidadturistica.com\/realtur\/wp-content\/uploads\/2025\/12\/Catalogo2.jpg\" \/>\n\t<meta property=\"og:image:width\" content=\"1053\" \/>\n\t<meta property=\"og:image:height\" content=\"858\" \/>\n\t<meta property=\"og:image:type\" content=\"image\/jpeg\" \/>\n<meta name=\"author\" content=\"Editor\" \/>\n<meta name=\"twitter:card\" content=\"summary_large_image\" \/>\n<meta name=\"twitter:label1\" content=\"Escrito por\" \/>\n\t<meta name=\"twitter:data1\" content=\"Editor\" \/>\n\t<meta name=\"twitter:label2\" content=\"Tiempo de lectura\" \/>\n\t<meta name=\"twitter:data2\" content=\"2 minutos\" \/>\n<script type=\"application\/ld+json\" class=\"yoast-schema-graph\">{\"@context\":\"https:\\\/\\\/schema.org\",\"@graph\":[{\"@type\":\"Article\",\"@id\":\"https:\\\/\\\/realidadturistica.com\\\/realtur\\\/presentan-autoridades-turisticas-de-cuba-el-catalogo-de-eventos-2026\\\/#article\",\"isPartOf\":{\"@id\":\"https:\\\/\\\/realidadturistica.com\\\/realtur\\\/presentan-autoridades-turisticas-de-cuba-el-catalogo-de-eventos-2026\\\/\"},\"author\":{\"name\":\"Editor\",\"@id\":\"https:\\\/\\\/realidadturistica.com\\\/realtur\\\/#\\\/schema\\\/person\\\/ade671191202490fcf08ab21590de73e\"},\"headline\":\"Presentan autoridades tur\u00edsticas de Cuba el Cat\u00e1logo de Eventos 2026\",\"datePublished\":\"2025-12-16T17:32:39+00:00\",\"dateModified\":\"2025-12-16T17:41:23+00:00\",\"mainEntityOfPage\":{\"@id\":\"https:\\\/\\\/realidadturistica.com\\\/realtur\\\/presentan-autoridades-turisticas-de-cuba-el-catalogo-de-eventos-2026\\\/\"},\"wordCount\":221,\"commentCount\":0,\"publisher\":{\"@id\":\"https:\\\/\\\/realidadturistica.com\\\/realtur\\\/#organization\"},\"image\":{\"@id\":\"https:\\\/\\\/realidadturistica.com\\\/realtur\\\/presentan-autoridades-turisticas-de-cuba-el-catalogo-de-eventos-2026\\\/#primaryimage\"},\"thumbnailUrl\":\"https:\\\/\\\/realidadturistica.com\\\/realtur\\\/wp-content\\\/uploads\\\/2025\\\/12\\\/Catalogo2.jpg\",\"articleSection\":[\"MICE\"],\"inLanguage\":\"es\",\"potentialAction\":[{\"@type\":\"CommentAction\",\"name\":\"Comment\",\"target\":[\"https:\\\/\\\/realidadturistica.com\\\/realtur\\\/presentan-autoridades-turisticas-de-cuba-el-catalogo-de-eventos-2026\\\/#respond\"]}]},{\"@type\":\"WebPage\",\"@id\":\"https:\\\/\\\/realidadturistica.com\\\/realtur\\\/presentan-autoridades-turisticas-de-cuba-el-catalogo-de-eventos-2026\\\/\",\"url\":\"https:\\\/\\\/realidadturistica.com\\\/realtur\\\/presentan-autoridades-turisticas-de-cuba-el-catalogo-de-eventos-2026\\\/\",\"name\":\"Presentan autoridades tur\u00edsticas de Cuba el Cat\u00e1logo de Eventos 2026 - Realidad Tur\u00edstica\",\"isPartOf\":{\"@id\":\"https:\\\/\\\/realidadturistica.com\\\/realtur\\\/#website\"},\"primaryImageOfPage\":{\"@id\":\"https:\\\/\\\/realidadturistica.com\\\/realtur\\\/presentan-autoridades-turisticas-de-cuba-el-catalogo-de-eventos-2026\\\/#primaryimage\"},\"image\":{\"@id\":\"https:\\\/\\\/realidadturistica.com\\\/realtur\\\/presentan-autoridades-turisticas-de-cuba-el-catalogo-de-eventos-2026\\\/#primaryimage\"},\"thumbnailUrl\":\"https:\\\/\\\/realidadturistica.com\\\/realtur\\\/wp-content\\\/uploads\\\/2025\\\/12\\\/Catalogo2.jpg\",\"datePublished\":\"2025-12-16T17:32:39+00:00\",\"dateModified\":\"2025-12-16T17:41:23+00:00\",\"breadcrumb\":{\"@id\":\"https:\\\/\\\/realidadturistica.com\\\/realtur\\\/presentan-autoridades-turisticas-de-cuba-el-catalogo-de-eventos-2026\\\/#breadcrumb\"},\"inLanguage\":\"es\",\"potentialAction\":[{\"@type\":\"ReadAction\",\"target\":[\"https:\\\/\\\/realidadturistica.com\\\/realtur\\\/presentan-autoridades-turisticas-de-cuba-el-catalogo-de-eventos-2026\\\/\"]}]},{\"@type\":\"ImageObject\",\"inLanguage\":\"es\",\"@id\":\"https:\\\/\\\/realidadturistica.com\\\/realtur\\\/presentan-autoridades-turisticas-de-cuba-el-catalogo-de-eventos-2026\\\/#primaryimage\",\"url\":\"https:\\\/\\\/realidadturistica.com\\\/realtur\\\/wp-content\\\/uploads\\\/2025\\\/12\\\/Catalogo2.jpg\",\"contentUrl\":\"https:\\\/\\\/realidadturistica.com\\\/realtur\\\/wp-content\\\/uploads\\\/2025\\\/12\\\/Catalogo2.jpg\",\"width\":1053,\"height\":858},{\"@type\":\"BreadcrumbList\",\"@id\":\"https:\\\/\\\/realidadturistica.com\\\/realtur\\\/presentan-autoridades-turisticas-de-cuba-el-catalogo-de-eventos-2026\\\/#breadcrumb\",\"itemListElement\":[{\"@type\":\"ListItem\",\"position\":1,\"name\":\"Portada\",\"item\":\"https:\\\/\\\/realidadturistica.com\\\/realtur\\\/\"},{\"@type\":\"ListItem\",\"position\":2,\"name\":\"Presentan autoridades tur\u00edsticas de Cuba el Cat\u00e1logo de Eventos 2026\"}]},{\"@type\":\"WebSite\",\"@id\":\"https:\\\/\\\/realidadturistica.com\\\/realtur\\\/#website\",\"url\":\"https:\\\/\\\/realidadturistica.com\\\/realtur\\\/\",\"name\":\"Realidad Tur\u00edstica\",\"description\":\"\",\"publisher\":{\"@id\":\"https:\\\/\\\/realidadturistica.com\\\/realtur\\\/#organization\"},\"potentialAction\":[{\"@type\":\"SearchAction\",\"target\":{\"@type\":\"EntryPoint\",\"urlTemplate\":\"https:\\\/\\\/realidadturistica.com\\\/realtur\\\/?s={search_term_string}\"},\"query-input\":{\"@type\":\"PropertyValueSpecification\",\"valueRequired\":true,\"valueName\":\"search_term_string\"}}],\"inLanguage\":\"es\"},{\"@type\":\"Organization\",\"@id\":\"https:\\\/\\\/realidadturistica.com\\\/realtur\\\/#organization\",\"name\":\"Realidad Tur\u00edstica\",\"url\":\"https:\\\/\\\/realidadturistica.com\\\/realtur\\\/\",\"logo\":{\"@type\":\"ImageObject\",\"inLanguage\":\"es\",\"@id\":\"https:\\\/\\\/realidadturistica.com\\\/realtur\\\/#\\\/schema\\\/logo\\\/image\\\/\",\"url\":\"https:\\\/\\\/realidadturistica.com\\\/realtur\\\/wp-content\\\/uploads\\\/2021\\\/12\\\/logotipo-realidad-turistica.png\",\"contentUrl\":\"https:\\\/\\\/realidadturistica.com\\\/realtur\\\/wp-content\\\/uploads\\\/2021\\\/12\\\/logotipo-realidad-turistica.png\",\"width\":1382,\"height\":629,\"caption\":\"Realidad Tur\u00edstica\"},\"image\":{\"@id\":\"https:\\\/\\\/realidadturistica.com\\\/realtur\\\/#\\\/schema\\\/logo\\\/image\\\/\"},\"sameAs\":[\"https:\\\/\\\/www.facebook.com\\\/realidadturistica\",\"https:\\\/\\\/www.instagram.com\\\/realidad_turistica\\\/\"]},{\"@type\":\"Person\",\"@id\":\"https:\\\/\\\/realidadturistica.com\\\/realtur\\\/#\\\/schema\\\/person\\\/ade671191202490fcf08ab21590de73e\",\"name\":\"Editor\",\"image\":{\"@type\":\"ImageObject\",\"inLanguage\":\"es\",\"@id\":\"https:\\\/\\\/realidadturistica.com\\\/realtur\\\/wp-content\\\/uploads\\\/2023\\\/09\\\/Editor_avatar_1693668634-96x96.png\",\"url\":\"https:\\\/\\\/realidadturistica.com\\\/realtur\\\/wp-content\\\/uploads\\\/2023\\\/09\\\/Editor_avatar_1693668634-96x96.png\",\"contentUrl\":\"https:\\\/\\\/realidadturistica.com\\\/realtur\\\/wp-content\\\/uploads\\\/2023\\\/09\\\/Editor_avatar_1693668634-96x96.png\",\"caption\":\"Editor\"},\"sameAs\":[\"https:\\\/\\\/realidadturistica.com\\\/realtur\"],\"url\":\"https:\\\/\\\/realidadturistica.com\\\/realtur\\\/author\\\/editor2\\\/\"}]}<\/script>\n<!-- \/ Yoast SEO Premium plugin. -->","yoast_head_json":{"title":"Presentan autoridades tur\u00edsticas de Cuba el Cat\u00e1logo de Eventos 2026 - Realidad Tur\u00edstica","robots":{"index":"index","follow":"follow","max-snippet":"max-snippet:-1","max-image-preview":"max-image-preview:large","max-video-preview":"max-video-preview:-1"},"canonical":"https:\/\/realidadturistica.com\/realtur\/presentan-autoridades-turisticas-de-cuba-el-catalogo-de-eventos-2026\/","og_locale":"es_ES","og_type":"article","og_title":"Presentan autoridades tur\u00edsticas de Cuba el Cat\u00e1logo de Eventos 2026","og_description":"Cuba. Lanza el Ministerio de Turismo de Cuba el cat\u00e1logo de los eventos que se desarrollar\u00e1n en la isla en el 2026. El cat\u00e1logo 2026&hellip;","og_url":"https:\/\/realidadturistica.com\/realtur\/presentan-autoridades-turisticas-de-cuba-el-catalogo-de-eventos-2026\/","og_site_name":"Realidad Tur\u00edstica","article_publisher":"https:\/\/www.facebook.com\/realidadturistica","article_published_time":"2025-12-16T17:32:39+00:00","article_modified_time":"2025-12-16T17:41:23+00:00","og_image":[{"width":1053,"height":858,"url":"https:\/\/realidadturistica.com\/realtur\/wp-content\/uploads\/2025\/12\/Catalogo2.jpg","type":"image\/jpeg"}],"author":"Editor","twitter_card":"summary_large_image","twitter_misc":{"Escrito por":"Editor","Tiempo de lectura":"2 minutos"},"schema":{"@context":"https:\/\/schema.org","@graph":[{"@type":"Article","@id":"https:\/\/realidadturistica.com\/realtur\/presentan-autoridades-turisticas-de-cuba-el-catalogo-de-eventos-2026\/#article","isPartOf":{"@id":"https:\/\/realidadturistica.com\/realtur\/presentan-autoridades-turisticas-de-cuba-el-catalogo-de-eventos-2026\/"},"author":{"name":"Editor","@id":"https:\/\/realidadturistica.com\/realtur\/#\/schema\/person\/ade671191202490fcf08ab21590de73e"},"headline":"Presentan autoridades tur\u00edsticas de Cuba el Cat\u00e1logo de Eventos 2026","datePublished":"2025-12-16T17:32:39+00:00","dateModified":"2025-12-16T17:41:23+00:00","mainEntityOfPage":{"@id":"https:\/\/realidadturistica.com\/realtur\/presentan-autoridades-turisticas-de-cuba-el-catalogo-de-eventos-2026\/"},"wordCount":221,"commentCount":0,"publisher":{"@id":"https:\/\/realidadturistica.com\/realtur\/#organization"},"image":{"@id":"https:\/\/realidadturistica.com\/realtur\/presentan-autoridades-turisticas-de-cuba-el-catalogo-de-eventos-2026\/#primaryimage"},"thumbnailUrl":"https:\/\/realidadturistica.com\/realtur\/wp-content\/uploads\/2025\/12\/Catalogo2.jpg","articleSection":["MICE"],"inLanguage":"es","potentialAction":[{"@type":"CommentAction","name":"Comment","target":["https:\/\/realidadturistica.com\/realtur\/presentan-autoridades-turisticas-de-cuba-el-catalogo-de-eventos-2026\/#respond"]}]},{"@type":"WebPage","@id":"https:\/\/realidadturistica.com\/realtur\/presentan-autoridades-turisticas-de-cuba-el-catalogo-de-eventos-2026\/","url":"https:\/\/realidadturistica.com\/realtur\/presentan-autoridades-turisticas-de-cuba-el-catalogo-de-eventos-2026\/","name":"Presentan autoridades tur\u00edsticas de Cuba el Cat\u00e1logo de Eventos 2026 - Realidad Tur\u00edstica","isPartOf":{"@id":"https:\/\/realidadturistica.com\/realtur\/#website"},"primaryImageOfPage":{"@id":"https:\/\/realidadturistica.com\/realtur\/presentan-autoridades-turisticas-de-cuba-el-catalogo-de-eventos-2026\/#primaryimage"},"image":{"@id":"https:\/\/realidadturistica.com\/realtur\/presentan-autoridades-turisticas-de-cuba-el-catalogo-de-eventos-2026\/#primaryimage"},"thumbnailUrl":"https:\/\/realidadturistica.com\/realtur\/wp-content\/uploads\/2025\/12\/Catalogo2.jpg","datePublished":"2025-12-16T17:32:39+00:00","dateModified":"2025-12-16T17:41:23+00:00","breadcrumb":{"@id":"https:\/\/realidadturistica.com\/realtur\/presentan-autoridades-turisticas-de-cuba-el-catalogo-de-eventos-2026\/#breadcrumb"},"inLanguage":"es","potentialAction":[{"@type":"ReadAction","target":["https:\/\/realidadturistica.com\/realtur\/presentan-autoridades-turisticas-de-cuba-el-catalogo-de-eventos-2026\/"]}]},{"@type":"ImageObject","inLanguage":"es","@id":"https:\/\/realidadturistica.com\/realtur\/presentan-autoridades-turisticas-de-cuba-el-catalogo-de-eventos-2026\/#primaryimage","url":"https:\/\/realidadturistica.com\/realtur\/wp-content\/uploads\/2025\/12\/Catalogo2.jpg","contentUrl":"https:\/\/realidadturistica.com\/realtur\/wp-content\/uploads\/2025\/12\/Catalogo2.jpg","width":1053,"height":858},{"@type":"BreadcrumbList","@id":"https:\/\/realidadturistica.com\/realtur\/presentan-autoridades-turisticas-de-cuba-el-catalogo-de-eventos-2026\/#breadcrumb","itemListElement":[{"@type":"ListItem","position":1,"name":"Portada","item":"https:\/\/realidadturistica.com\/realtur\/"},{"@type":"ListItem","position":2,"name":"Presentan autoridades tur\u00edsticas de Cuba el Cat\u00e1logo de Eventos 2026"}]},{"@type":"WebSite","@id":"https:\/\/realidadturistica.com\/realtur\/#website","url":"https:\/\/realidadturistica.com\/realtur\/","name":"Realidad Tur\u00edstica","description":"","publisher":{"@id":"https:\/\/realidadturistica.com\/realtur\/#organization"},"potentialAction":[{"@type":"SearchAction","target":{"@type":"EntryPoint","urlTemplate":"https:\/\/realidadturistica.com\/realtur\/?s={search_term_string}"},"query-input":{"@type":"PropertyValueSpecification","valueRequired":true,"valueName":"search_term_string"}}],"inLanguage":"es"},{"@type":"Organization","@id":"https:\/\/realidadturistica.com\/realtur\/#organization","name":"Realidad Tur\u00edstica","url":"https:\/\/realidadturistica.com\/realtur\/","logo":{"@type":"ImageObject","inLanguage":"es","@id":"https:\/\/realidadturistica.com\/realtur\/#\/schema\/logo\/image\/","url":"https:\/\/realidadturistica.com\/realtur\/wp-content\/uploads\/2021\/12\/logotipo-realidad-turistica.png","contentUrl":"https:\/\/realidadturistica.com\/realtur\/wp-content\/uploads\/2021\/12\/logotipo-realidad-turistica.png","width":1382,"height":629,"caption":"Realidad Tur\u00edstica"},"image":{"@id":"https:\/\/realidadturistica.com\/realtur\/#\/schema\/logo\/image\/"},"sameAs":["https:\/\/www.facebook.com\/realidadturistica","https:\/\/www.instagram.com\/realidad_turistica\/"]},{"@type":"Person","@id":"https:\/\/realidadturistica.com\/realtur\/#\/schema\/person\/ade671191202490fcf08ab21590de73e","name":"Editor","image":{"@type":"ImageObject","inLanguage":"es","@id":"https:\/\/realidadturistica.com\/realtur\/wp-content\/uploads\/2023\/09\/Editor_avatar_1693668634-96x96.png","url":"https:\/\/realidadturistica.com\/realtur\/wp-content\/uploads\/2023\/09\/Editor_avatar_1693668634-96x96.png","contentUrl":"https:\/\/realidadturistica.com\/realtur\/wp-content\/uploads\/2023\/09\/Editor_avatar_1693668634-96x96.png","caption":"Editor"},"sameAs":["https:\/\/realidadturistica.com\/realtur"],"url":"https:\/\/realidadturistica.com\/realtur\/author\/editor2\/"}]}},"_links":{"self":[{"href":"https:\/\/realidadturistica.com\/realtur\/wp-json\/wp\/v2\/posts\/11491","targetHints":{"allow":["GET"]}}],"collection":[{"href":"https:\/\/realidadturistica.com\/realtur\/wp-json\/wp\/v2\/posts"}],"about":[{"href":"https:\/\/realidadturistica.com\/realtur\/wp-json\/wp\/v2\/types\/post"}],"author":[{"embeddable":true,"href":"https:\/\/realidadturistica.com\/realtur\/wp-json\/wp\/v2\/users\/2"}],"replies":[{"embeddable":true,"href":"https:\/\/realidadturistica.com\/realtur\/wp-json\/wp\/v2\/comments?post=11491"}],"version-history":[{"count":2,"href":"https:\/\/realidadturistica.com\/realtur\/wp-json\/wp\/v2\/posts\/11491\/revisions"}],"predecessor-version":[{"id":11498,"href":"https:\/\/realidadturistica.com\/realtur\/wp-json\/wp\/v2\/posts\/11491\/revisions\/11498"}],"wp:featuredmedia":[{"embeddable":true,"href":"https:\/\/realidadturistica.com\/realtur\/wp-json\/wp\/v2\/media\/11499"}],"wp:attachment":[{"href":"https:\/\/realidadturistica.com\/realtur\/wp-json\/wp\/v2\/media?parent=11491"}],"wp:term":[{"taxonomy":"category","embeddable":true,"href":"https:\/\/realidadturistica.com\/realtur\/wp-json\/wp\/v2\/categories?post=11491"},{"taxonomy":"post_tag","embeddable":true,"href":"https:\/\/realidadturistica.com\/realtur\/wp-json\/wp\/v2\/tags?post=11491"}],"curies":[{"name":"wp","href":"https:\/\/api.w.org\/{rel}","templated":true}]}}