{"id":11662,"date":"2026-01-20T07:26:07","date_gmt":"2026-01-20T13:26:07","guid":{"rendered":"https:\/\/realidadturistica.com\/realtur\/?p=11662"},"modified":"2026-01-20T07:26:09","modified_gmt":"2026-01-20T13:26:09","slug":"rd-asumira-presidencia-del-consejo-centroamericano-de-turismo","status":"publish","type":"post","link":"https:\/\/realidadturistica.com\/realtur\/rd-asumira-presidencia-del-consejo-centroamericano-de-turismo\/","title":{"rendered":"RD asumir\u00e1 presidencia del Consejo Centroamericano de Turismo"},"content":{"rendered":"\n<p class=\"wp-block-yoast-seo-estimated-reading-time yoast-reading-time__wrapper\"><span class=\"yoast-reading-time__icon\"><svg aria-hidden=\"true\" focusable=\"false\" data-icon=\"clock\" width=\"20\" height=\"20\" fill=\"none\" stroke=\"currentColor\" style=\"display:inline-block;vertical-align:-0.1em\" role=\"img\" xmlns=\"http:\/\/www.w3.org\/2000\/svg\" viewBox=\"0 0 24 24\"><path stroke-linecap=\"round\" stroke-linejoin=\"round\" stroke-width=\"2\" d=\"M12 8v4l3 3m6-3a9 9 0 11-18 0 9 9 0 0118 0z\"><\/path><\/svg><\/span><span class=\"yoast-reading-time__spacer\" style=\"display:inline-block;width:1em\"><\/span><span class=\"yoast-reading-time__descriptive-text\">Estimated reading time: <\/span><span class=\"yoast-reading-time__reading-time\">2<\/span><span class=\"yoast-reading-time__time-unit\"> minutos<\/span><\/p>\n\n\n\n<p>RD. El ministro de Turismo de la Rep\u00fablica Dominicana, David Collado, asumir\u00e1 la presidencia Pro T\u00e9mpore del Consejo Centroamericano de Turismo (CCT) en un acto oficial que se celebrar\u00e1 el 22 de enero en Madrid, Espa\u00f1a, durante la Feria Internacional de Turismo (Fitur) 2026.<\/p>\n\n\n\n<p>El traspaso del cargo ser\u00e1 realizado por Gloria de Le\u00f3n, administradora general de la Autoridad de Turismo de Panam\u00e1, quien actualmente encabeza el organismo regional. Con el relevo, la Rep\u00fablica Dominicana pasar\u00e1 a liderar la agenda de integraci\u00f3n tur\u00edstica de Centroam\u00e9rica y el Caribe durante el pr\u00f3ximo per\u00edodo.<\/p>\n\n\n\n<p>La ceremonia ha sido convocada por la Secretar\u00eda de Integraci\u00f3n Tur\u00edstica Centroamericana (Sitca), entidad que destac\u00f3 que el encuentro busca dar continuidad a los esfuerzos conjuntos para fortalecer la promoci\u00f3n internacional de la regi\u00f3n y profundizar las pol\u00edticas de cooperaci\u00f3n entre los pa\u00edses miembros.<\/p>\n\n\n\n<p>El acto est\u00e1 pautado para las 4:00 de la tarde, hora de Madrid, en el stand de la Rep\u00fablica Dominicana identificado como 3B01-FT26 dentro del recinto ferial de Fitur. La actividad forma parte del programa oficial de la feria, uno de los eventos m\u00e1s importantes de la industria tur\u00edstica mundial.<\/p>\n\n\n\n<p>Con la designaci\u00f3n de Collado, el pa\u00eds refuerza su presencia en los espacios de decisi\u00f3n del turismo regional, en un contexto en el que Rep\u00fablica Dominicana ha mantenido un crecimiento sostenido en la llegada de visitantes y en la inversi\u00f3n del sector.<\/p>\n\n\n\n<p>La Presidencia Pro T\u00e9mpore del CCT tiene entre sus funciones coordinar iniciativas regionales, articular estrategias de promoci\u00f3n conjunta, impulsar la conectividad y fomentar proyectos que mejoren la competitividad del destino centroamericano en los mercados internacionales.<\/p>\n\n\n\n<p>Arecoa.com<\/p>\n","protected":false},"excerpt":{"rendered":"<p>RD. El ministro de Turismo de la Rep\u00fablica Dominicana, David Collado, asumir\u00e1 la presidencia Pro T\u00e9mpore del Consejo Centroamericano de Turismo (CCT) en un acto&hellip;<\/p>\n","protected":false},"author":2,"featured_media":11663,"comment_status":"open","ping_status":"closed","sticky":false,"template":"","format":"standard","meta":{"content-type":"","_lmt_disableupdate":"","_lmt_disable":"","footnotes":""},"categories":[4],"tags":[],"class_list":["post-11662","post","type-post","status-publish","format-standard","has-post-thumbnail","hentry","category-destinos"],"yoast_head":"<!-- This site is optimized with the Yoast SEO Premium plugin v27.4 (Yoast SEO v27.4) - https:\/\/yoast.com\/product\/yoast-seo-premium-wordpress\/ -->\n<title>RD asumir\u00e1 presidencia del Consejo Centroamericano de Turismo - Realidad Tur\u00edstica<\/title>\n<meta name=\"robots\" content=\"index, follow, max-snippet:-1, max-image-preview:large, max-video-preview:-1\" \/>\n<link rel=\"canonical\" href=\"https:\/\/realidadturistica.com\/realtur\/rd-asumira-presidencia-del-consejo-centroamericano-de-turismo\/\" \/>\n<meta property=\"og:locale\" content=\"es_ES\" \/>\n<meta property=\"og:type\" content=\"article\" \/>\n<meta property=\"og:title\" content=\"RD asumir\u00e1 presidencia del Consejo Centroamericano de Turismo\" \/>\n<meta property=\"og:description\" content=\"RD. El ministro de Turismo de la Rep\u00fablica Dominicana, David Collado, asumir\u00e1 la presidencia Pro T\u00e9mpore del Consejo Centroamericano de Turismo (CCT) en un acto&hellip;\" \/>\n<meta property=\"og:url\" content=\"https:\/\/realidadturistica.com\/realtur\/rd-asumira-presidencia-del-consejo-centroamericano-de-turismo\/\" \/>\n<meta property=\"og:site_name\" content=\"Realidad Tur\u00edstica\" \/>\n<meta property=\"article:publisher\" content=\"https:\/\/www.facebook.com\/realidadturistica\" \/>\n<meta property=\"article:published_time\" content=\"2026-01-20T13:26:07+00:00\" \/>\n<meta property=\"article:modified_time\" content=\"2026-01-20T13:26:09+00:00\" \/>\n<meta property=\"og:image\" content=\"https:\/\/realidadturistica.com\/realtur\/wp-content\/uploads\/2026\/01\/RD-Sitca-26-.jpg\" \/>\n\t<meta property=\"og:image:width\" content=\"842\" \/>\n\t<meta property=\"og:image:height\" content=\"504\" \/>\n\t<meta property=\"og:image:type\" content=\"image\/jpeg\" \/>\n<meta name=\"author\" content=\"Editor\" \/>\n<meta name=\"twitter:card\" content=\"summary_large_image\" \/>\n<meta name=\"twitter:label1\" content=\"Escrito por\" \/>\n\t<meta name=\"twitter:data1\" content=\"Editor\" \/>\n\t<meta name=\"twitter:label2\" content=\"Tiempo de lectura\" \/>\n\t<meta name=\"twitter:data2\" content=\"2 minutos\" \/>\n<script type=\"application\/ld+json\" class=\"yoast-schema-graph\">{\"@context\":\"https:\\\/\\\/schema.org\",\"@graph\":[{\"@type\":\"Article\",\"@id\":\"https:\\\/\\\/realidadturistica.com\\\/realtur\\\/rd-asumira-presidencia-del-consejo-centroamericano-de-turismo\\\/#article\",\"isPartOf\":{\"@id\":\"https:\\\/\\\/realidadturistica.com\\\/realtur\\\/rd-asumira-presidencia-del-consejo-centroamericano-de-turismo\\\/\"},\"author\":{\"name\":\"Editor\",\"@id\":\"https:\\\/\\\/realidadturistica.com\\\/realtur\\\/#\\\/schema\\\/person\\\/ade671191202490fcf08ab21590de73e\"},\"headline\":\"RD asumir\u00e1 presidencia del Consejo Centroamericano de Turismo\",\"datePublished\":\"2026-01-20T13:26:07+00:00\",\"dateModified\":\"2026-01-20T13:26:09+00:00\",\"mainEntityOfPage\":{\"@id\":\"https:\\\/\\\/realidadturistica.com\\\/realtur\\\/rd-asumira-presidencia-del-consejo-centroamericano-de-turismo\\\/\"},\"wordCount\":303,\"commentCount\":0,\"publisher\":{\"@id\":\"https:\\\/\\\/realidadturistica.com\\\/realtur\\\/#organization\"},\"image\":{\"@id\":\"https:\\\/\\\/realidadturistica.com\\\/realtur\\\/rd-asumira-presidencia-del-consejo-centroamericano-de-turismo\\\/#primaryimage\"},\"thumbnailUrl\":\"https:\\\/\\\/realidadturistica.com\\\/realtur\\\/wp-content\\\/uploads\\\/2026\\\/01\\\/RD-Sitca-26-.jpg\",\"articleSection\":[\"Destinos M\u00e1gicos\"],\"inLanguage\":\"es\",\"potentialAction\":[{\"@type\":\"CommentAction\",\"name\":\"Comment\",\"target\":[\"https:\\\/\\\/realidadturistica.com\\\/realtur\\\/rd-asumira-presidencia-del-consejo-centroamericano-de-turismo\\\/#respond\"]}]},{\"@type\":\"WebPage\",\"@id\":\"https:\\\/\\\/realidadturistica.com\\\/realtur\\\/rd-asumira-presidencia-del-consejo-centroamericano-de-turismo\\\/\",\"url\":\"https:\\\/\\\/realidadturistica.com\\\/realtur\\\/rd-asumira-presidencia-del-consejo-centroamericano-de-turismo\\\/\",\"name\":\"RD asumir\u00e1 presidencia del Consejo Centroamericano de Turismo - Realidad Tur\u00edstica\",\"isPartOf\":{\"@id\":\"https:\\\/\\\/realidadturistica.com\\\/realtur\\\/#website\"},\"primaryImageOfPage\":{\"@id\":\"https:\\\/\\\/realidadturistica.com\\\/realtur\\\/rd-asumira-presidencia-del-consejo-centroamericano-de-turismo\\\/#primaryimage\"},\"image\":{\"@id\":\"https:\\\/\\\/realidadturistica.com\\\/realtur\\\/rd-asumira-presidencia-del-consejo-centroamericano-de-turismo\\\/#primaryimage\"},\"thumbnailUrl\":\"https:\\\/\\\/realidadturistica.com\\\/realtur\\\/wp-content\\\/uploads\\\/2026\\\/01\\\/RD-Sitca-26-.jpg\",\"datePublished\":\"2026-01-20T13:26:07+00:00\",\"dateModified\":\"2026-01-20T13:26:09+00:00\",\"breadcrumb\":{\"@id\":\"https:\\\/\\\/realidadturistica.com\\\/realtur\\\/rd-asumira-presidencia-del-consejo-centroamericano-de-turismo\\\/#breadcrumb\"},\"inLanguage\":\"es\",\"potentialAction\":[{\"@type\":\"ReadAction\",\"target\":[\"https:\\\/\\\/realidadturistica.com\\\/realtur\\\/rd-asumira-presidencia-del-consejo-centroamericano-de-turismo\\\/\"]}]},{\"@type\":\"ImageObject\",\"inLanguage\":\"es\",\"@id\":\"https:\\\/\\\/realidadturistica.com\\\/realtur\\\/rd-asumira-presidencia-del-consejo-centroamericano-de-turismo\\\/#primaryimage\",\"url\":\"https:\\\/\\\/realidadturistica.com\\\/realtur\\\/wp-content\\\/uploads\\\/2026\\\/01\\\/RD-Sitca-26-.jpg\",\"contentUrl\":\"https:\\\/\\\/realidadturistica.com\\\/realtur\\\/wp-content\\\/uploads\\\/2026\\\/01\\\/RD-Sitca-26-.jpg\",\"width\":842,\"height\":504},{\"@type\":\"BreadcrumbList\",\"@id\":\"https:\\\/\\\/realidadturistica.com\\\/realtur\\\/rd-asumira-presidencia-del-consejo-centroamericano-de-turismo\\\/#breadcrumb\",\"itemListElement\":[{\"@type\":\"ListItem\",\"position\":1,\"name\":\"Portada\",\"item\":\"https:\\\/\\\/realidadturistica.com\\\/realtur\\\/\"},{\"@type\":\"ListItem\",\"position\":2,\"name\":\"RD asumir\u00e1 presidencia del Consejo Centroamericano de Turismo\"}]},{\"@type\":\"WebSite\",\"@id\":\"https:\\\/\\\/realidadturistica.com\\\/realtur\\\/#website\",\"url\":\"https:\\\/\\\/realidadturistica.com\\\/realtur\\\/\",\"name\":\"Realidad Tur\u00edstica\",\"description\":\"\",\"publisher\":{\"@id\":\"https:\\\/\\\/realidadturistica.com\\\/realtur\\\/#organization\"},\"potentialAction\":[{\"@type\":\"SearchAction\",\"target\":{\"@type\":\"EntryPoint\",\"urlTemplate\":\"https:\\\/\\\/realidadturistica.com\\\/realtur\\\/?s={search_term_string}\"},\"query-input\":{\"@type\":\"PropertyValueSpecification\",\"valueRequired\":true,\"valueName\":\"search_term_string\"}}],\"inLanguage\":\"es\"},{\"@type\":\"Organization\",\"@id\":\"https:\\\/\\\/realidadturistica.com\\\/realtur\\\/#organization\",\"name\":\"Realidad Tur\u00edstica\",\"url\":\"https:\\\/\\\/realidadturistica.com\\\/realtur\\\/\",\"logo\":{\"@type\":\"ImageObject\",\"inLanguage\":\"es\",\"@id\":\"https:\\\/\\\/realidadturistica.com\\\/realtur\\\/#\\\/schema\\\/logo\\\/image\\\/\",\"url\":\"https:\\\/\\\/realidadturistica.com\\\/realtur\\\/wp-content\\\/uploads\\\/2021\\\/12\\\/logotipo-realidad-turistica.png\",\"contentUrl\":\"https:\\\/\\\/realidadturistica.com\\\/realtur\\\/wp-content\\\/uploads\\\/2021\\\/12\\\/logotipo-realidad-turistica.png\",\"width\":1382,\"height\":629,\"caption\":\"Realidad Tur\u00edstica\"},\"image\":{\"@id\":\"https:\\\/\\\/realidadturistica.com\\\/realtur\\\/#\\\/schema\\\/logo\\\/image\\\/\"},\"sameAs\":[\"https:\\\/\\\/www.facebook.com\\\/realidadturistica\",\"https:\\\/\\\/www.instagram.com\\\/realidad_turistica\\\/\"]},{\"@type\":\"Person\",\"@id\":\"https:\\\/\\\/realidadturistica.com\\\/realtur\\\/#\\\/schema\\\/person\\\/ade671191202490fcf08ab21590de73e\",\"name\":\"Editor\",\"image\":{\"@type\":\"ImageObject\",\"inLanguage\":\"es\",\"@id\":\"https:\\\/\\\/realidadturistica.com\\\/realtur\\\/wp-content\\\/uploads\\\/2023\\\/09\\\/Editor_avatar_1693668634-96x96.png\",\"url\":\"https:\\\/\\\/realidadturistica.com\\\/realtur\\\/wp-content\\\/uploads\\\/2023\\\/09\\\/Editor_avatar_1693668634-96x96.png\",\"contentUrl\":\"https:\\\/\\\/realidadturistica.com\\\/realtur\\\/wp-content\\\/uploads\\\/2023\\\/09\\\/Editor_avatar_1693668634-96x96.png\",\"caption\":\"Editor\"},\"sameAs\":[\"https:\\\/\\\/realidadturistica.com\\\/realtur\"],\"url\":\"https:\\\/\\\/realidadturistica.com\\\/realtur\\\/author\\\/editor2\\\/\"}]}<\/script>\n<!-- \/ Yoast SEO Premium plugin. -->","yoast_head_json":{"title":"RD asumir\u00e1 presidencia del Consejo Centroamericano de Turismo - Realidad Tur\u00edstica","robots":{"index":"index","follow":"follow","max-snippet":"max-snippet:-1","max-image-preview":"max-image-preview:large","max-video-preview":"max-video-preview:-1"},"canonical":"https:\/\/realidadturistica.com\/realtur\/rd-asumira-presidencia-del-consejo-centroamericano-de-turismo\/","og_locale":"es_ES","og_type":"article","og_title":"RD asumir\u00e1 presidencia del Consejo Centroamericano de Turismo","og_description":"RD. El ministro de Turismo de la Rep\u00fablica Dominicana, David Collado, asumir\u00e1 la presidencia Pro T\u00e9mpore del Consejo Centroamericano de Turismo (CCT) en un acto&hellip;","og_url":"https:\/\/realidadturistica.com\/realtur\/rd-asumira-presidencia-del-consejo-centroamericano-de-turismo\/","og_site_name":"Realidad Tur\u00edstica","article_publisher":"https:\/\/www.facebook.com\/realidadturistica","article_published_time":"2026-01-20T13:26:07+00:00","article_modified_time":"2026-01-20T13:26:09+00:00","og_image":[{"width":842,"height":504,"url":"https:\/\/realidadturistica.com\/realtur\/wp-content\/uploads\/2026\/01\/RD-Sitca-26-.jpg","type":"image\/jpeg"}],"author":"Editor","twitter_card":"summary_large_image","twitter_misc":{"Escrito por":"Editor","Tiempo de lectura":"2 minutos"},"schema":{"@context":"https:\/\/schema.org","@graph":[{"@type":"Article","@id":"https:\/\/realidadturistica.com\/realtur\/rd-asumira-presidencia-del-consejo-centroamericano-de-turismo\/#article","isPartOf":{"@id":"https:\/\/realidadturistica.com\/realtur\/rd-asumira-presidencia-del-consejo-centroamericano-de-turismo\/"},"author":{"name":"Editor","@id":"https:\/\/realidadturistica.com\/realtur\/#\/schema\/person\/ade671191202490fcf08ab21590de73e"},"headline":"RD asumir\u00e1 presidencia del Consejo Centroamericano de Turismo","datePublished":"2026-01-20T13:26:07+00:00","dateModified":"2026-01-20T13:26:09+00:00","mainEntityOfPage":{"@id":"https:\/\/realidadturistica.com\/realtur\/rd-asumira-presidencia-del-consejo-centroamericano-de-turismo\/"},"wordCount":303,"commentCount":0,"publisher":{"@id":"https:\/\/realidadturistica.com\/realtur\/#organization"},"image":{"@id":"https:\/\/realidadturistica.com\/realtur\/rd-asumira-presidencia-del-consejo-centroamericano-de-turismo\/#primaryimage"},"thumbnailUrl":"https:\/\/realidadturistica.com\/realtur\/wp-content\/uploads\/2026\/01\/RD-Sitca-26-.jpg","articleSection":["Destinos M\u00e1gicos"],"inLanguage":"es","potentialAction":[{"@type":"CommentAction","name":"Comment","target":["https:\/\/realidadturistica.com\/realtur\/rd-asumira-presidencia-del-consejo-centroamericano-de-turismo\/#respond"]}]},{"@type":"WebPage","@id":"https:\/\/realidadturistica.com\/realtur\/rd-asumira-presidencia-del-consejo-centroamericano-de-turismo\/","url":"https:\/\/realidadturistica.com\/realtur\/rd-asumira-presidencia-del-consejo-centroamericano-de-turismo\/","name":"RD asumir\u00e1 presidencia del Consejo Centroamericano de Turismo - Realidad Tur\u00edstica","isPartOf":{"@id":"https:\/\/realidadturistica.com\/realtur\/#website"},"primaryImageOfPage":{"@id":"https:\/\/realidadturistica.com\/realtur\/rd-asumira-presidencia-del-consejo-centroamericano-de-turismo\/#primaryimage"},"image":{"@id":"https:\/\/realidadturistica.com\/realtur\/rd-asumira-presidencia-del-consejo-centroamericano-de-turismo\/#primaryimage"},"thumbnailUrl":"https:\/\/realidadturistica.com\/realtur\/wp-content\/uploads\/2026\/01\/RD-Sitca-26-.jpg","datePublished":"2026-01-20T13:26:07+00:00","dateModified":"2026-01-20T13:26:09+00:00","breadcrumb":{"@id":"https:\/\/realidadturistica.com\/realtur\/rd-asumira-presidencia-del-consejo-centroamericano-de-turismo\/#breadcrumb"},"inLanguage":"es","potentialAction":[{"@type":"ReadAction","target":["https:\/\/realidadturistica.com\/realtur\/rd-asumira-presidencia-del-consejo-centroamericano-de-turismo\/"]}]},{"@type":"ImageObject","inLanguage":"es","@id":"https:\/\/realidadturistica.com\/realtur\/rd-asumira-presidencia-del-consejo-centroamericano-de-turismo\/#primaryimage","url":"https:\/\/realidadturistica.com\/realtur\/wp-content\/uploads\/2026\/01\/RD-Sitca-26-.jpg","contentUrl":"https:\/\/realidadturistica.com\/realtur\/wp-content\/uploads\/2026\/01\/RD-Sitca-26-.jpg","width":842,"height":504},{"@type":"BreadcrumbList","@id":"https:\/\/realidadturistica.com\/realtur\/rd-asumira-presidencia-del-consejo-centroamericano-de-turismo\/#breadcrumb","itemListElement":[{"@type":"ListItem","position":1,"name":"Portada","item":"https:\/\/realidadturistica.com\/realtur\/"},{"@type":"ListItem","position":2,"name":"RD asumir\u00e1 presidencia del Consejo Centroamericano de Turismo"}]},{"@type":"WebSite","@id":"https:\/\/realidadturistica.com\/realtur\/#website","url":"https:\/\/realidadturistica.com\/realtur\/","name":"Realidad Tur\u00edstica","description":"","publisher":{"@id":"https:\/\/realidadturistica.com\/realtur\/#organization"},"potentialAction":[{"@type":"SearchAction","target":{"@type":"EntryPoint","urlTemplate":"https:\/\/realidadturistica.com\/realtur\/?s={search_term_string}"},"query-input":{"@type":"PropertyValueSpecification","valueRequired":true,"valueName":"search_term_string"}}],"inLanguage":"es"},{"@type":"Organization","@id":"https:\/\/realidadturistica.com\/realtur\/#organization","name":"Realidad Tur\u00edstica","url":"https:\/\/realidadturistica.com\/realtur\/","logo":{"@type":"ImageObject","inLanguage":"es","@id":"https:\/\/realidadturistica.com\/realtur\/#\/schema\/logo\/image\/","url":"https:\/\/realidadturistica.com\/realtur\/wp-content\/uploads\/2021\/12\/logotipo-realidad-turistica.png","contentUrl":"https:\/\/realidadturistica.com\/realtur\/wp-content\/uploads\/2021\/12\/logotipo-realidad-turistica.png","width":1382,"height":629,"caption":"Realidad Tur\u00edstica"},"image":{"@id":"https:\/\/realidadturistica.com\/realtur\/#\/schema\/logo\/image\/"},"sameAs":["https:\/\/www.facebook.com\/realidadturistica","https:\/\/www.instagram.com\/realidad_turistica\/"]},{"@type":"Person","@id":"https:\/\/realidadturistica.com\/realtur\/#\/schema\/person\/ade671191202490fcf08ab21590de73e","name":"Editor","image":{"@type":"ImageObject","inLanguage":"es","@id":"https:\/\/realidadturistica.com\/realtur\/wp-content\/uploads\/2023\/09\/Editor_avatar_1693668634-96x96.png","url":"https:\/\/realidadturistica.com\/realtur\/wp-content\/uploads\/2023\/09\/Editor_avatar_1693668634-96x96.png","contentUrl":"https:\/\/realidadturistica.com\/realtur\/wp-content\/uploads\/2023\/09\/Editor_avatar_1693668634-96x96.png","caption":"Editor"},"sameAs":["https:\/\/realidadturistica.com\/realtur"],"url":"https:\/\/realidadturistica.com\/realtur\/author\/editor2\/"}]}},"_links":{"self":[{"href":"https:\/\/realidadturistica.com\/realtur\/wp-json\/wp\/v2\/posts\/11662","targetHints":{"allow":["GET"]}}],"collection":[{"href":"https:\/\/realidadturistica.com\/realtur\/wp-json\/wp\/v2\/posts"}],"about":[{"href":"https:\/\/realidadturistica.com\/realtur\/wp-json\/wp\/v2\/types\/post"}],"author":[{"embeddable":true,"href":"https:\/\/realidadturistica.com\/realtur\/wp-json\/wp\/v2\/users\/2"}],"replies":[{"embeddable":true,"href":"https:\/\/realidadturistica.com\/realtur\/wp-json\/wp\/v2\/comments?post=11662"}],"version-history":[{"count":1,"href":"https:\/\/realidadturistica.com\/realtur\/wp-json\/wp\/v2\/posts\/11662\/revisions"}],"predecessor-version":[{"id":11664,"href":"https:\/\/realidadturistica.com\/realtur\/wp-json\/wp\/v2\/posts\/11662\/revisions\/11664"}],"wp:featuredmedia":[{"embeddable":true,"href":"https:\/\/realidadturistica.com\/realtur\/wp-json\/wp\/v2\/media\/11663"}],"wp:attachment":[{"href":"https:\/\/realidadturistica.com\/realtur\/wp-json\/wp\/v2\/media?parent=11662"}],"wp:term":[{"taxonomy":"category","embeddable":true,"href":"https:\/\/realidadturistica.com\/realtur\/wp-json\/wp\/v2\/categories?post=11662"},{"taxonomy":"post_tag","embeddable":true,"href":"https:\/\/realidadturistica.com\/realtur\/wp-json\/wp\/v2\/tags?post=11662"}],"curies":[{"name":"wp","href":"https:\/\/api.w.org\/{rel}","templated":true}]}}