{"id":11689,"date":"2026-01-23T21:04:34","date_gmt":"2026-01-24T03:04:34","guid":{"rendered":"https:\/\/realidadturistica.com\/realtur\/?p=11689"},"modified":"2026-01-23T21:04:36","modified_gmt":"2026-01-24T03:04:36","slug":"mexico-encabezara-la-asociacion-de-la-industria-de-reuniones-de-america-latina-cocal-por-primera-vez","status":"publish","type":"post","link":"https:\/\/realidadturistica.com\/realtur\/mexico-encabezara-la-asociacion-de-la-industria-de-reuniones-de-america-latina-cocal-por-primera-vez\/","title":{"rendered":"M\u00e9xico encabezar\u00e1 la Asociaci\u00f3n de la Industria de Reuniones de Am\u00e9rica Latina COCAL por primera vez"},"content":{"rendered":"\n<p class=\"wp-block-yoast-seo-estimated-reading-time yoast-reading-time__wrapper\"><span class=\"yoast-reading-time__icon\"><svg aria-hidden=\"true\" focusable=\"false\" data-icon=\"clock\" width=\"20\" height=\"20\" fill=\"none\" stroke=\"currentColor\" style=\"display:inline-block;vertical-align:-0.1em\" role=\"img\" xmlns=\"http:\/\/www.w3.org\/2000\/svg\" viewBox=\"0 0 24 24\"><path stroke-linecap=\"round\" stroke-linejoin=\"round\" stroke-width=\"2\" d=\"M12 8v4l3 3m6-3a9 9 0 11-18 0 9 9 0 0118 0z\"><\/path><\/svg><\/span><span class=\"yoast-reading-time__spacer\" style=\"display:inline-block;width:1em\"><\/span><span class=\"yoast-reading-time__descriptive-text\">Estimated reading time: <\/span><span class=\"yoast-reading-time__reading-time\">4<\/span><span class=\"yoast-reading-time__time-unit\"> minutos<\/span><\/p>\n\n\n\n<p>\u25cf La nueva Junta Directiva ser\u00e1 encabezada por Julio C\u00e9sar Boj\u00f3rquez Hern\u00e1ndez, Director de Central Interactiva y actual Presidente Nacional de Amprofec.<\/p>\n\n\n\n<p>\u25cf Adem\u00e1s de reunir Asociaciones, a partir de ahora, COCAL afiliar\u00e1 a Profesionales Independientes, Empresas, Acad\u00e9micos, Estudiantes y Destinos en LATAM.<\/p>\n\n\n<div class=\"wp-block-image\">\n<figure class=\"alignleft size-full\"><img fetchpriority=\"high\" decoding=\"async\" width=\"310\" height=\"162\" src=\"https:\/\/realidadturistica.com\/realtur\/wp-content\/uploads\/2026\/01\/images-1.jpg\" alt=\"\" class=\"wp-image-11693\" srcset=\"https:\/\/realidadturistica.com\/realtur\/wp-content\/uploads\/2026\/01\/images-1.jpg 310w, https:\/\/realidadturistica.com\/realtur\/wp-content\/uploads\/2026\/01\/images-1-300x157.jpg 300w\" sizes=\"(max-width: 310px) 100vw, 310px\" \/><\/figure>\n<\/div>\n\n\n<p>La Asociaci\u00f3n Latinoamericana de la Industria de Reuniones COCAL anunci\u00f3 la elecci\u00f3n de Julio C\u00e9sar Boj\u00f3rquez Hern\u00e1ndez, Director de Central Interactiva y actual Presidente Nacional de Amprofec en M\u00e9xico, como Presidente para el periodo 2026-2028, marcando el inicio de una nueva etapa de integraci\u00f3n regional para la Industria de Reuniones en Am\u00e9rica Latina.<\/p>\n\n\n\n<p>El proceso de transici\u00f3n lleva algunos meses de manera coordinada con la actual Junta Directiva encabezada por Luis Ricardo Mart\u00ednez, de Expo Eventos Panam\u00e1, quien a partir de enero de 2026 se convertir\u00e1 en past president.<\/p>\n\n\n\n<p>La nueva Mesa Directiva de COCAL estar\u00e1 conformada por destacados l\u00edderes de la industria en la regi\u00f3n como Andrea Zuluaga, expresidenta de Asoeventos de Colombia y miembro del Consejo Asesor de la C\u00e1mara de Comercio de Medell\u00edn, quien asumir\u00e1 la Secretar\u00eda General y Carolina Adano, Directora General de FIEXPO Exhibitions Group, como Tesorera.<\/p>\n\n\n\n<p>Tambi\u00e9n se suman Juan Fernando Rubio, CEO de Rubio Meeting Architects &amp; Experiences Worldwide, como VP de Profesionales Independientes; Mercedes Lanzani, de AOCA, como VP de Asociaciones y del Consejo Latinoamericano de Asociaciones de la Industria de Reuniones (Conlatir); Alma L\u00f3pez, de la Universidad Pontificia Bolivariana, como VP de la Academia; Guillermo Orellana, del Bur\u00f3 de Convenciones de San Pedro Sula, como VP de Destinos; as\u00ed como Eduardo Chaillo, de Maritz, como VP de Empresas.<\/p>\n\n\n\n<p>Enid C\u00e1mara, de ABEOC Brasil, asumir\u00e1 el rol de Comisionada de Relaciones Internacionales, y Santiago Barrientos, de Incontacto, como Comisionado de Fiscalizaci\u00f3n. Adem\u00e1s, como parte de una nueva estrategia para fortalecer la presencia regional de la Asociaci\u00f3n, se ha creado la figura de Delegado Nacional, siendo Denisse Mac Cubbin, del Bur\u00f3 de Convenciones de Lima, la primera en asumir este cargo como Delegada de COCAL en Per\u00fa.<\/p>\n\n\n\n<p>Con m\u00e1s de dos d\u00e9cadas de experiencia en publicidad y comunicaci\u00f3n enfocada a la Industria de Reuniones, Julio C\u00e9sar Boj\u00f3rquez Hern\u00e1ndez ha liderado iniciativas de gran impacto como Presidente Nacional de AMPROFEC (Asociaci\u00f3n Mexicana de Profesionales en Ferias, Exposiciones y Congresos), donde ha impulsado la digitalizaci\u00f3n, la unidad gremial e internacionalizaci\u00f3n del sector.<\/p>\n\n\n\n<figure class=\"wp-block-image size-large\"><img decoding=\"async\" width=\"1024\" height=\"461\" src=\"https:\/\/realidadturistica.com\/realtur\/wp-content\/uploads\/2026\/01\/cocal1-1024x461.jpg\" alt=\"\" class=\"wp-image-11691\" srcset=\"https:\/\/realidadturistica.com\/realtur\/wp-content\/uploads\/2026\/01\/cocal1-1024x461.jpg 1024w, https:\/\/realidadturistica.com\/realtur\/wp-content\/uploads\/2026\/01\/cocal1-300x135.jpg 300w, https:\/\/realidadturistica.com\/realtur\/wp-content\/uploads\/2026\/01\/cocal1-768x346.jpg 768w, https:\/\/realidadturistica.com\/realtur\/wp-content\/uploads\/2026\/01\/cocal1-1170x527.jpg 1170w, https:\/\/realidadturistica.com\/realtur\/wp-content\/uploads\/2026\/01\/cocal1-585x263.jpg 585w, https:\/\/realidadturistica.com\/realtur\/wp-content\/uploads\/2026\/01\/cocal1.jpg 1280w\" sizes=\"(max-width: 1024px) 100vw, 1024px\" \/><\/figure>\n\n\n\n<p>Bajo su liderazgo, M\u00e9xico ha ha fortalecido la vinculaci\u00f3n con organismos internacionales como la AFE (Asociaci\u00f3n de Ferias Espa\u00f1olas), firmando un Memorando de Entendimiento por primera vez, IFES (International Federation of Exhibitor Suppliers), apoyando la organizaci\u00f3n de su Summit Mundial 2025 en Guadalajara, AFIDA (Asociaci\u00f3n Internacional de Ferias de Am\u00e9rica), promoviendo su Congreso Anual 2025 tambi\u00e9n en Guadalajara, la propia COCAL, participando activamente en el Comit\u00e9 de Estatutos y UFI (The Global Association of the Exhibition Industry), atrayendo y apoyando la organizaci\u00f3n del UFI Americas Congress Monterrey 2024. Ahora, su visi\u00f3n y experiencia ser\u00e1n claves para fortalecer la unidad de la regi\u00f3n a nivel continental.<\/p>\n\n\n\n<p>\u201cLa Industria de Reuniones es una herramienta de transformaci\u00f3n econ\u00f3mica y social. Asumo con entusiasmo este nuevo reto regional, con la convicci\u00f3n de que juntos podemos posicionar a Am\u00e9rica Latina como un referente global en innovaci\u00f3n, colaboraci\u00f3n y profesionalizaci\u00f3n del sector\u201d, declar\u00f3 Boj\u00f3rquez Hern\u00e1ndez.<\/p>\n\n\n\n<p>Durante su gesti\u00f3n, la Junta Directiva de COCAL 2026-2028 buscar\u00e1 consolidar alianzas estrat\u00e9gicas, promover pol\u00edticas p\u00fablicas que favorezcan el desarrollo del sector, y fomentar la capacitaci\u00f3n continua de los profesionales de toda la regi\u00f3n.<\/p>\n\n\n\n<p>Acerca de COCAL:<\/p>\n\n\n\n<p>La Asociaci\u00f3n de la Industria de Reuniones COCAL fue creada el 4 de septiembre de 1998 como Asociaci\u00f3n de Entidades Organizadoras de Congresos y Afines de Am\u00e9rica Latina, en ese entonces, agrupaba Asociaciones Nacionales y Bur\u00f3s de Convenciones de toda Am\u00e9rica. Actualmente, re\u00fane tambi\u00e9n a Profesionales Independientes, Empresas, Estudiantes y Acad\u00e9micos, promoviendo la importancia de laIndustria de Reuniones como un motor de desarrollo econ\u00f3mico y social en Am\u00e9rica Latina.<\/p>\n\n\n\n<p>COCAL.<\/p>\n","protected":false},"excerpt":{"rendered":"<p>\u25cf La nueva Junta Directiva ser\u00e1 encabezada por Julio C\u00e9sar Boj\u00f3rquez Hern\u00e1ndez, Director de Central Interactiva y actual Presidente Nacional de Amprofec. \u25cf Adem\u00e1s de&hellip;<\/p>\n","protected":false},"author":2,"featured_media":11690,"comment_status":"open","ping_status":"closed","sticky":false,"template":"","format":"standard","meta":{"content-type":"","_lmt_disableupdate":"","_lmt_disable":"","footnotes":""},"categories":[5],"tags":[],"class_list":["post-11689","post","type-post","status-publish","format-standard","has-post-thumbnail","hentry","category-mice"],"yoast_head":"<!-- This site is optimized with the Yoast SEO Premium plugin v27.4 (Yoast SEO v27.4) - https:\/\/yoast.com\/product\/yoast-seo-premium-wordpress\/ -->\n<title>M\u00e9xico encabezar\u00e1 la Asociaci\u00f3n de la Industria de Reuniones de Am\u00e9rica Latina COCAL por primera vez - Realidad Tur\u00edstica<\/title>\n<meta name=\"robots\" content=\"index, follow, max-snippet:-1, max-image-preview:large, max-video-preview:-1\" \/>\n<link rel=\"canonical\" href=\"https:\/\/realidadturistica.com\/realtur\/mexico-encabezara-la-asociacion-de-la-industria-de-reuniones-de-america-latina-cocal-por-primera-vez\/\" \/>\n<meta property=\"og:locale\" content=\"es_ES\" \/>\n<meta property=\"og:type\" content=\"article\" \/>\n<meta property=\"og:title\" content=\"M\u00e9xico encabezar\u00e1 la Asociaci\u00f3n de la Industria de Reuniones de Am\u00e9rica Latina COCAL por primera vez\" \/>\n<meta property=\"og:description\" content=\"\u25cf La nueva Junta Directiva ser\u00e1 encabezada por Julio C\u00e9sar Boj\u00f3rquez Hern\u00e1ndez, Director de Central Interactiva y actual Presidente Nacional de Amprofec. \u25cf Adem\u00e1s de&hellip;\" \/>\n<meta property=\"og:url\" content=\"https:\/\/realidadturistica.com\/realtur\/mexico-encabezara-la-asociacion-de-la-industria-de-reuniones-de-america-latina-cocal-por-primera-vez\/\" \/>\n<meta property=\"og:site_name\" content=\"Realidad Tur\u00edstica\" \/>\n<meta property=\"article:publisher\" content=\"https:\/\/www.facebook.com\/realidadturistica\" \/>\n<meta property=\"article:published_time\" content=\"2026-01-24T03:04:34+00:00\" \/>\n<meta property=\"article:modified_time\" content=\"2026-01-24T03:04:36+00:00\" \/>\n<meta property=\"og:image\" content=\"https:\/\/realidadturistica.com\/realtur\/wp-content\/uploads\/2026\/01\/cocal-principal.jpg\" \/>\n\t<meta property=\"og:image:width\" content=\"1280\" \/>\n\t<meta property=\"og:image:height\" content=\"576\" \/>\n\t<meta property=\"og:image:type\" content=\"image\/jpeg\" \/>\n<meta name=\"author\" content=\"Editor\" \/>\n<meta name=\"twitter:card\" content=\"summary_large_image\" \/>\n<meta name=\"twitter:label1\" content=\"Escrito por\" \/>\n\t<meta name=\"twitter:data1\" content=\"Editor\" \/>\n\t<meta name=\"twitter:label2\" content=\"Tiempo de lectura\" \/>\n\t<meta name=\"twitter:data2\" content=\"4 minutos\" \/>\n<script type=\"application\/ld+json\" class=\"yoast-schema-graph\">{\"@context\":\"https:\\\/\\\/schema.org\",\"@graph\":[{\"@type\":\"Article\",\"@id\":\"https:\\\/\\\/realidadturistica.com\\\/realtur\\\/mexico-encabezara-la-asociacion-de-la-industria-de-reuniones-de-america-latina-cocal-por-primera-vez\\\/#article\",\"isPartOf\":{\"@id\":\"https:\\\/\\\/realidadturistica.com\\\/realtur\\\/mexico-encabezara-la-asociacion-de-la-industria-de-reuniones-de-america-latina-cocal-por-primera-vez\\\/\"},\"author\":{\"name\":\"Editor\",\"@id\":\"https:\\\/\\\/realidadturistica.com\\\/realtur\\\/#\\\/schema\\\/person\\\/ade671191202490fcf08ab21590de73e\"},\"headline\":\"M\u00e9xico encabezar\u00e1 la Asociaci\u00f3n de la Industria de Reuniones de Am\u00e9rica Latina COCAL por primera vez\",\"datePublished\":\"2026-01-24T03:04:34+00:00\",\"dateModified\":\"2026-01-24T03:04:36+00:00\",\"mainEntityOfPage\":{\"@id\":\"https:\\\/\\\/realidadturistica.com\\\/realtur\\\/mexico-encabezara-la-asociacion-de-la-industria-de-reuniones-de-america-latina-cocal-por-primera-vez\\\/\"},\"wordCount\":723,\"commentCount\":0,\"publisher\":{\"@id\":\"https:\\\/\\\/realidadturistica.com\\\/realtur\\\/#organization\"},\"image\":{\"@id\":\"https:\\\/\\\/realidadturistica.com\\\/realtur\\\/mexico-encabezara-la-asociacion-de-la-industria-de-reuniones-de-america-latina-cocal-por-primera-vez\\\/#primaryimage\"},\"thumbnailUrl\":\"https:\\\/\\\/realidadturistica.com\\\/realtur\\\/wp-content\\\/uploads\\\/2026\\\/01\\\/cocal-principal.jpg\",\"articleSection\":[\"MICE\"],\"inLanguage\":\"es\",\"potentialAction\":[{\"@type\":\"CommentAction\",\"name\":\"Comment\",\"target\":[\"https:\\\/\\\/realidadturistica.com\\\/realtur\\\/mexico-encabezara-la-asociacion-de-la-industria-de-reuniones-de-america-latina-cocal-por-primera-vez\\\/#respond\"]}]},{\"@type\":\"WebPage\",\"@id\":\"https:\\\/\\\/realidadturistica.com\\\/realtur\\\/mexico-encabezara-la-asociacion-de-la-industria-de-reuniones-de-america-latina-cocal-por-primera-vez\\\/\",\"url\":\"https:\\\/\\\/realidadturistica.com\\\/realtur\\\/mexico-encabezara-la-asociacion-de-la-industria-de-reuniones-de-america-latina-cocal-por-primera-vez\\\/\",\"name\":\"M\u00e9xico encabezar\u00e1 la Asociaci\u00f3n de la Industria de Reuniones de Am\u00e9rica Latina COCAL por primera vez - Realidad Tur\u00edstica\",\"isPartOf\":{\"@id\":\"https:\\\/\\\/realidadturistica.com\\\/realtur\\\/#website\"},\"primaryImageOfPage\":{\"@id\":\"https:\\\/\\\/realidadturistica.com\\\/realtur\\\/mexico-encabezara-la-asociacion-de-la-industria-de-reuniones-de-america-latina-cocal-por-primera-vez\\\/#primaryimage\"},\"image\":{\"@id\":\"https:\\\/\\\/realidadturistica.com\\\/realtur\\\/mexico-encabezara-la-asociacion-de-la-industria-de-reuniones-de-america-latina-cocal-por-primera-vez\\\/#primaryimage\"},\"thumbnailUrl\":\"https:\\\/\\\/realidadturistica.com\\\/realtur\\\/wp-content\\\/uploads\\\/2026\\\/01\\\/cocal-principal.jpg\",\"datePublished\":\"2026-01-24T03:04:34+00:00\",\"dateModified\":\"2026-01-24T03:04:36+00:00\",\"breadcrumb\":{\"@id\":\"https:\\\/\\\/realidadturistica.com\\\/realtur\\\/mexico-encabezara-la-asociacion-de-la-industria-de-reuniones-de-america-latina-cocal-por-primera-vez\\\/#breadcrumb\"},\"inLanguage\":\"es\",\"potentialAction\":[{\"@type\":\"ReadAction\",\"target\":[\"https:\\\/\\\/realidadturistica.com\\\/realtur\\\/mexico-encabezara-la-asociacion-de-la-industria-de-reuniones-de-america-latina-cocal-por-primera-vez\\\/\"]}]},{\"@type\":\"ImageObject\",\"inLanguage\":\"es\",\"@id\":\"https:\\\/\\\/realidadturistica.com\\\/realtur\\\/mexico-encabezara-la-asociacion-de-la-industria-de-reuniones-de-america-latina-cocal-por-primera-vez\\\/#primaryimage\",\"url\":\"https:\\\/\\\/realidadturistica.com\\\/realtur\\\/wp-content\\\/uploads\\\/2026\\\/01\\\/cocal-principal.jpg\",\"contentUrl\":\"https:\\\/\\\/realidadturistica.com\\\/realtur\\\/wp-content\\\/uploads\\\/2026\\\/01\\\/cocal-principal.jpg\",\"width\":1280,\"height\":576},{\"@type\":\"BreadcrumbList\",\"@id\":\"https:\\\/\\\/realidadturistica.com\\\/realtur\\\/mexico-encabezara-la-asociacion-de-la-industria-de-reuniones-de-america-latina-cocal-por-primera-vez\\\/#breadcrumb\",\"itemListElement\":[{\"@type\":\"ListItem\",\"position\":1,\"name\":\"Portada\",\"item\":\"https:\\\/\\\/realidadturistica.com\\\/realtur\\\/\"},{\"@type\":\"ListItem\",\"position\":2,\"name\":\"M\u00e9xico encabezar\u00e1 la Asociaci\u00f3n de la Industria de Reuniones de Am\u00e9rica Latina COCAL por primera vez\"}]},{\"@type\":\"WebSite\",\"@id\":\"https:\\\/\\\/realidadturistica.com\\\/realtur\\\/#website\",\"url\":\"https:\\\/\\\/realidadturistica.com\\\/realtur\\\/\",\"name\":\"Realidad Tur\u00edstica\",\"description\":\"\",\"publisher\":{\"@id\":\"https:\\\/\\\/realidadturistica.com\\\/realtur\\\/#organization\"},\"potentialAction\":[{\"@type\":\"SearchAction\",\"target\":{\"@type\":\"EntryPoint\",\"urlTemplate\":\"https:\\\/\\\/realidadturistica.com\\\/realtur\\\/?s={search_term_string}\"},\"query-input\":{\"@type\":\"PropertyValueSpecification\",\"valueRequired\":true,\"valueName\":\"search_term_string\"}}],\"inLanguage\":\"es\"},{\"@type\":\"Organization\",\"@id\":\"https:\\\/\\\/realidadturistica.com\\\/realtur\\\/#organization\",\"name\":\"Realidad Tur\u00edstica\",\"url\":\"https:\\\/\\\/realidadturistica.com\\\/realtur\\\/\",\"logo\":{\"@type\":\"ImageObject\",\"inLanguage\":\"es\",\"@id\":\"https:\\\/\\\/realidadturistica.com\\\/realtur\\\/#\\\/schema\\\/logo\\\/image\\\/\",\"url\":\"https:\\\/\\\/realidadturistica.com\\\/realtur\\\/wp-content\\\/uploads\\\/2021\\\/12\\\/logotipo-realidad-turistica.png\",\"contentUrl\":\"https:\\\/\\\/realidadturistica.com\\\/realtur\\\/wp-content\\\/uploads\\\/2021\\\/12\\\/logotipo-realidad-turistica.png\",\"width\":1382,\"height\":629,\"caption\":\"Realidad Tur\u00edstica\"},\"image\":{\"@id\":\"https:\\\/\\\/realidadturistica.com\\\/realtur\\\/#\\\/schema\\\/logo\\\/image\\\/\"},\"sameAs\":[\"https:\\\/\\\/www.facebook.com\\\/realidadturistica\",\"https:\\\/\\\/www.instagram.com\\\/realidad_turistica\\\/\"]},{\"@type\":\"Person\",\"@id\":\"https:\\\/\\\/realidadturistica.com\\\/realtur\\\/#\\\/schema\\\/person\\\/ade671191202490fcf08ab21590de73e\",\"name\":\"Editor\",\"image\":{\"@type\":\"ImageObject\",\"inLanguage\":\"es\",\"@id\":\"https:\\\/\\\/realidadturistica.com\\\/realtur\\\/wp-content\\\/uploads\\\/2023\\\/09\\\/Editor_avatar_1693668634-96x96.png\",\"url\":\"https:\\\/\\\/realidadturistica.com\\\/realtur\\\/wp-content\\\/uploads\\\/2023\\\/09\\\/Editor_avatar_1693668634-96x96.png\",\"contentUrl\":\"https:\\\/\\\/realidadturistica.com\\\/realtur\\\/wp-content\\\/uploads\\\/2023\\\/09\\\/Editor_avatar_1693668634-96x96.png\",\"caption\":\"Editor\"},\"sameAs\":[\"https:\\\/\\\/realidadturistica.com\\\/realtur\"],\"url\":\"https:\\\/\\\/realidadturistica.com\\\/realtur\\\/author\\\/editor2\\\/\"}]}<\/script>\n<!-- \/ Yoast SEO Premium plugin. -->","yoast_head_json":{"title":"M\u00e9xico encabezar\u00e1 la Asociaci\u00f3n de la Industria de Reuniones de Am\u00e9rica Latina COCAL por primera vez - Realidad Tur\u00edstica","robots":{"index":"index","follow":"follow","max-snippet":"max-snippet:-1","max-image-preview":"max-image-preview:large","max-video-preview":"max-video-preview:-1"},"canonical":"https:\/\/realidadturistica.com\/realtur\/mexico-encabezara-la-asociacion-de-la-industria-de-reuniones-de-america-latina-cocal-por-primera-vez\/","og_locale":"es_ES","og_type":"article","og_title":"M\u00e9xico encabezar\u00e1 la Asociaci\u00f3n de la Industria de Reuniones de Am\u00e9rica Latina COCAL por primera vez","og_description":"\u25cf La nueva Junta Directiva ser\u00e1 encabezada por Julio C\u00e9sar Boj\u00f3rquez Hern\u00e1ndez, Director de Central Interactiva y actual Presidente Nacional de Amprofec. \u25cf Adem\u00e1s de&hellip;","og_url":"https:\/\/realidadturistica.com\/realtur\/mexico-encabezara-la-asociacion-de-la-industria-de-reuniones-de-america-latina-cocal-por-primera-vez\/","og_site_name":"Realidad Tur\u00edstica","article_publisher":"https:\/\/www.facebook.com\/realidadturistica","article_published_time":"2026-01-24T03:04:34+00:00","article_modified_time":"2026-01-24T03:04:36+00:00","og_image":[{"width":1280,"height":576,"url":"https:\/\/realidadturistica.com\/realtur\/wp-content\/uploads\/2026\/01\/cocal-principal.jpg","type":"image\/jpeg"}],"author":"Editor","twitter_card":"summary_large_image","twitter_misc":{"Escrito por":"Editor","Tiempo de lectura":"4 minutos"},"schema":{"@context":"https:\/\/schema.org","@graph":[{"@type":"Article","@id":"https:\/\/realidadturistica.com\/realtur\/mexico-encabezara-la-asociacion-de-la-industria-de-reuniones-de-america-latina-cocal-por-primera-vez\/#article","isPartOf":{"@id":"https:\/\/realidadturistica.com\/realtur\/mexico-encabezara-la-asociacion-de-la-industria-de-reuniones-de-america-latina-cocal-por-primera-vez\/"},"author":{"name":"Editor","@id":"https:\/\/realidadturistica.com\/realtur\/#\/schema\/person\/ade671191202490fcf08ab21590de73e"},"headline":"M\u00e9xico encabezar\u00e1 la Asociaci\u00f3n de la Industria de Reuniones de Am\u00e9rica Latina COCAL por primera vez","datePublished":"2026-01-24T03:04:34+00:00","dateModified":"2026-01-24T03:04:36+00:00","mainEntityOfPage":{"@id":"https:\/\/realidadturistica.com\/realtur\/mexico-encabezara-la-asociacion-de-la-industria-de-reuniones-de-america-latina-cocal-por-primera-vez\/"},"wordCount":723,"commentCount":0,"publisher":{"@id":"https:\/\/realidadturistica.com\/realtur\/#organization"},"image":{"@id":"https:\/\/realidadturistica.com\/realtur\/mexico-encabezara-la-asociacion-de-la-industria-de-reuniones-de-america-latina-cocal-por-primera-vez\/#primaryimage"},"thumbnailUrl":"https:\/\/realidadturistica.com\/realtur\/wp-content\/uploads\/2026\/01\/cocal-principal.jpg","articleSection":["MICE"],"inLanguage":"es","potentialAction":[{"@type":"CommentAction","name":"Comment","target":["https:\/\/realidadturistica.com\/realtur\/mexico-encabezara-la-asociacion-de-la-industria-de-reuniones-de-america-latina-cocal-por-primera-vez\/#respond"]}]},{"@type":"WebPage","@id":"https:\/\/realidadturistica.com\/realtur\/mexico-encabezara-la-asociacion-de-la-industria-de-reuniones-de-america-latina-cocal-por-primera-vez\/","url":"https:\/\/realidadturistica.com\/realtur\/mexico-encabezara-la-asociacion-de-la-industria-de-reuniones-de-america-latina-cocal-por-primera-vez\/","name":"M\u00e9xico encabezar\u00e1 la Asociaci\u00f3n de la Industria de Reuniones de Am\u00e9rica Latina COCAL por primera vez - Realidad Tur\u00edstica","isPartOf":{"@id":"https:\/\/realidadturistica.com\/realtur\/#website"},"primaryImageOfPage":{"@id":"https:\/\/realidadturistica.com\/realtur\/mexico-encabezara-la-asociacion-de-la-industria-de-reuniones-de-america-latina-cocal-por-primera-vez\/#primaryimage"},"image":{"@id":"https:\/\/realidadturistica.com\/realtur\/mexico-encabezara-la-asociacion-de-la-industria-de-reuniones-de-america-latina-cocal-por-primera-vez\/#primaryimage"},"thumbnailUrl":"https:\/\/realidadturistica.com\/realtur\/wp-content\/uploads\/2026\/01\/cocal-principal.jpg","datePublished":"2026-01-24T03:04:34+00:00","dateModified":"2026-01-24T03:04:36+00:00","breadcrumb":{"@id":"https:\/\/realidadturistica.com\/realtur\/mexico-encabezara-la-asociacion-de-la-industria-de-reuniones-de-america-latina-cocal-por-primera-vez\/#breadcrumb"},"inLanguage":"es","potentialAction":[{"@type":"ReadAction","target":["https:\/\/realidadturistica.com\/realtur\/mexico-encabezara-la-asociacion-de-la-industria-de-reuniones-de-america-latina-cocal-por-primera-vez\/"]}]},{"@type":"ImageObject","inLanguage":"es","@id":"https:\/\/realidadturistica.com\/realtur\/mexico-encabezara-la-asociacion-de-la-industria-de-reuniones-de-america-latina-cocal-por-primera-vez\/#primaryimage","url":"https:\/\/realidadturistica.com\/realtur\/wp-content\/uploads\/2026\/01\/cocal-principal.jpg","contentUrl":"https:\/\/realidadturistica.com\/realtur\/wp-content\/uploads\/2026\/01\/cocal-principal.jpg","width":1280,"height":576},{"@type":"BreadcrumbList","@id":"https:\/\/realidadturistica.com\/realtur\/mexico-encabezara-la-asociacion-de-la-industria-de-reuniones-de-america-latina-cocal-por-primera-vez\/#breadcrumb","itemListElement":[{"@type":"ListItem","position":1,"name":"Portada","item":"https:\/\/realidadturistica.com\/realtur\/"},{"@type":"ListItem","position":2,"name":"M\u00e9xico encabezar\u00e1 la Asociaci\u00f3n de la Industria de Reuniones de Am\u00e9rica Latina COCAL por primera vez"}]},{"@type":"WebSite","@id":"https:\/\/realidadturistica.com\/realtur\/#website","url":"https:\/\/realidadturistica.com\/realtur\/","name":"Realidad Tur\u00edstica","description":"","publisher":{"@id":"https:\/\/realidadturistica.com\/realtur\/#organization"},"potentialAction":[{"@type":"SearchAction","target":{"@type":"EntryPoint","urlTemplate":"https:\/\/realidadturistica.com\/realtur\/?s={search_term_string}"},"query-input":{"@type":"PropertyValueSpecification","valueRequired":true,"valueName":"search_term_string"}}],"inLanguage":"es"},{"@type":"Organization","@id":"https:\/\/realidadturistica.com\/realtur\/#organization","name":"Realidad Tur\u00edstica","url":"https:\/\/realidadturistica.com\/realtur\/","logo":{"@type":"ImageObject","inLanguage":"es","@id":"https:\/\/realidadturistica.com\/realtur\/#\/schema\/logo\/image\/","url":"https:\/\/realidadturistica.com\/realtur\/wp-content\/uploads\/2021\/12\/logotipo-realidad-turistica.png","contentUrl":"https:\/\/realidadturistica.com\/realtur\/wp-content\/uploads\/2021\/12\/logotipo-realidad-turistica.png","width":1382,"height":629,"caption":"Realidad Tur\u00edstica"},"image":{"@id":"https:\/\/realidadturistica.com\/realtur\/#\/schema\/logo\/image\/"},"sameAs":["https:\/\/www.facebook.com\/realidadturistica","https:\/\/www.instagram.com\/realidad_turistica\/"]},{"@type":"Person","@id":"https:\/\/realidadturistica.com\/realtur\/#\/schema\/person\/ade671191202490fcf08ab21590de73e","name":"Editor","image":{"@type":"ImageObject","inLanguage":"es","@id":"https:\/\/realidadturistica.com\/realtur\/wp-content\/uploads\/2023\/09\/Editor_avatar_1693668634-96x96.png","url":"https:\/\/realidadturistica.com\/realtur\/wp-content\/uploads\/2023\/09\/Editor_avatar_1693668634-96x96.png","contentUrl":"https:\/\/realidadturistica.com\/realtur\/wp-content\/uploads\/2023\/09\/Editor_avatar_1693668634-96x96.png","caption":"Editor"},"sameAs":["https:\/\/realidadturistica.com\/realtur"],"url":"https:\/\/realidadturistica.com\/realtur\/author\/editor2\/"}]}},"_links":{"self":[{"href":"https:\/\/realidadturistica.com\/realtur\/wp-json\/wp\/v2\/posts\/11689","targetHints":{"allow":["GET"]}}],"collection":[{"href":"https:\/\/realidadturistica.com\/realtur\/wp-json\/wp\/v2\/posts"}],"about":[{"href":"https:\/\/realidadturistica.com\/realtur\/wp-json\/wp\/v2\/types\/post"}],"author":[{"embeddable":true,"href":"https:\/\/realidadturistica.com\/realtur\/wp-json\/wp\/v2\/users\/2"}],"replies":[{"embeddable":true,"href":"https:\/\/realidadturistica.com\/realtur\/wp-json\/wp\/v2\/comments?post=11689"}],"version-history":[{"count":2,"href":"https:\/\/realidadturistica.com\/realtur\/wp-json\/wp\/v2\/posts\/11689\/revisions"}],"predecessor-version":[{"id":11695,"href":"https:\/\/realidadturistica.com\/realtur\/wp-json\/wp\/v2\/posts\/11689\/revisions\/11695"}],"wp:featuredmedia":[{"embeddable":true,"href":"https:\/\/realidadturistica.com\/realtur\/wp-json\/wp\/v2\/media\/11690"}],"wp:attachment":[{"href":"https:\/\/realidadturistica.com\/realtur\/wp-json\/wp\/v2\/media?parent=11689"}],"wp:term":[{"taxonomy":"category","embeddable":true,"href":"https:\/\/realidadturistica.com\/realtur\/wp-json\/wp\/v2\/categories?post=11689"},{"taxonomy":"post_tag","embeddable":true,"href":"https:\/\/realidadturistica.com\/realtur\/wp-json\/wp\/v2\/tags?post=11689"}],"curies":[{"name":"wp","href":"https:\/\/api.w.org\/{rel}","templated":true}]}}