{"id":11696,"date":"2026-01-24T18:17:16","date_gmt":"2026-01-25T00:17:16","guid":{"rendered":"https:\/\/realidadturistica.com\/realtur\/?p=11696"},"modified":"2026-01-24T18:17:19","modified_gmt":"2026-01-25T00:17:19","slug":"yucatan-entra-en-la-guia-de-astroturismo-de-onu-turismo","status":"publish","type":"post","link":"https:\/\/realidadturistica.com\/realtur\/yucatan-entra-en-la-guia-de-astroturismo-de-onu-turismo\/","title":{"rendered":"Yucat\u00e1n entra en la Gu\u00eda de Astroturismo de ONU Turismo"},"content":{"rendered":"\n<p class=\"wp-block-yoast-seo-estimated-reading-time yoast-reading-time__wrapper\"><span class=\"yoast-reading-time__icon\"><svg aria-hidden=\"true\" focusable=\"false\" data-icon=\"clock\" width=\"20\" height=\"20\" fill=\"none\" stroke=\"currentColor\" style=\"display:inline-block;vertical-align:-0.1em\" role=\"img\" xmlns=\"http:\/\/www.w3.org\/2000\/svg\" viewBox=\"0 0 24 24\"><path stroke-linecap=\"round\" stroke-linejoin=\"round\" stroke-width=\"2\" d=\"M12 8v4l3 3m6-3a9 9 0 11-18 0 9 9 0 0118 0z\"><\/path><\/svg><\/span><span class=\"yoast-reading-time__spacer\" style=\"display:inline-block;width:1em\"><\/span><span class=\"yoast-reading-time__descriptive-text\">Estimated reading time: <\/span><span class=\"yoast-reading-time__reading-time\">4<\/span><span class=\"yoast-reading-time__time-unit\"> minutos<\/span><\/p>\n\n\n\n<p>M\u00e9xico. La arqueoastronom\u00eda maya, la costa yucateca, y sus productos tur\u00edsticos para la observaci\u00f3n de la b\u00f3veda celeste destacan en la Feria Internacional de Turismo que se realiza en Madrid, Espa\u00f1a.<\/p>\n\n\n\n<p>Yucat\u00e1n contin\u00faa obteniendo resultados en la Feria Internacional de Turismo (Fitur) 2026, que se realiza en Madrid, Espa\u00f1a, al ser reconocido como uno de los destinos emblem\u00e1ticos en la Gu\u00eda para el Desarrollo del Astroturismo, publicada por ONU Turismo y la Fundaci\u00f3n Starlight, una distinci\u00f3n que fortalece la proyecci\u00f3n internacional del estado.<\/p>\n\n\n\n<p>La Gu\u00eda re\u00fane ejemplos de astroturismo en los cinco continentes y destaca el patrimonio arqueoastron\u00f3mico de M\u00e9xico, representado por zonas arqueol\u00f3gicas de la pen\u00ednsula de Yucat\u00e1n como Chich\u00e9n Itz\u00e1, Uxmal y Dzibilchalt\u00fan, donde se registran alineaciones con equinoccios, solsticios y el planeta Venus, como evidencia del conocimiento cient\u00edfico de la civilizaci\u00f3n maya.<\/p>\n\n\n\n<figure class=\"wp-block-gallery has-nested-images columns-default is-cropped wp-block-gallery-1 is-layout-flex wp-block-gallery-is-layout-flex\">\n<figure class=\"wp-block-image size-large\"><img fetchpriority=\"high\" decoding=\"async\" width=\"1024\" height=\"682\" data-id=\"11698\" src=\"https:\/\/realidadturistica.com\/realtur\/wp-content\/uploads\/2026\/01\/Unknown1-2-1024x682.jpeg\" alt=\"\" class=\"wp-image-11698\" srcset=\"https:\/\/realidadturistica.com\/realtur\/wp-content\/uploads\/2026\/01\/Unknown1-2-1024x682.jpeg 1024w, https:\/\/realidadturistica.com\/realtur\/wp-content\/uploads\/2026\/01\/Unknown1-2-300x200.jpeg 300w, https:\/\/realidadturistica.com\/realtur\/wp-content\/uploads\/2026\/01\/Unknown1-2-768x512.jpeg 768w, https:\/\/realidadturistica.com\/realtur\/wp-content\/uploads\/2026\/01\/Unknown1-2-1536x1023.jpeg 1536w, https:\/\/realidadturistica.com\/realtur\/wp-content\/uploads\/2026\/01\/Unknown1-2-1170x780.jpeg 1170w, https:\/\/realidadturistica.com\/realtur\/wp-content\/uploads\/2026\/01\/Unknown1-2-585x390.jpeg 585w, https:\/\/realidadturistica.com\/realtur\/wp-content\/uploads\/2026\/01\/Unknown1-2-263x175.jpeg 263w, https:\/\/realidadturistica.com\/realtur\/wp-content\/uploads\/2026\/01\/Unknown1-2.jpeg 1600w\" sizes=\"(max-width: 1024px) 100vw, 1024px\" \/><\/figure>\n\n\n\n<figure class=\"wp-block-image size-large\"><img decoding=\"async\" width=\"1024\" height=\"682\" data-id=\"11699\" src=\"https:\/\/realidadturistica.com\/realtur\/wp-content\/uploads\/2026\/01\/Unknown3-2-1024x682.jpeg\" alt=\"\" class=\"wp-image-11699\" srcset=\"https:\/\/realidadturistica.com\/realtur\/wp-content\/uploads\/2026\/01\/Unknown3-2-1024x682.jpeg 1024w, https:\/\/realidadturistica.com\/realtur\/wp-content\/uploads\/2026\/01\/Unknown3-2-300x200.jpeg 300w, https:\/\/realidadturistica.com\/realtur\/wp-content\/uploads\/2026\/01\/Unknown3-2-768x512.jpeg 768w, https:\/\/realidadturistica.com\/realtur\/wp-content\/uploads\/2026\/01\/Unknown3-2-1536x1023.jpeg 1536w, https:\/\/realidadturistica.com\/realtur\/wp-content\/uploads\/2026\/01\/Unknown3-2-1170x780.jpeg 1170w, https:\/\/realidadturistica.com\/realtur\/wp-content\/uploads\/2026\/01\/Unknown3-2-585x390.jpeg 585w, https:\/\/realidadturistica.com\/realtur\/wp-content\/uploads\/2026\/01\/Unknown3-2-263x175.jpeg 263w, https:\/\/realidadturistica.com\/realtur\/wp-content\/uploads\/2026\/01\/Unknown3-2.jpeg 1600w\" sizes=\"(max-width: 1024px) 100vw, 1024px\" \/><\/figure>\n<\/figure>\n\n\n\n<p>El documento tambi\u00e9n reconoce que el potencial de Yucat\u00e1n va m\u00e1s all\u00e1 de sus sitios arqueol\u00f3gicos. Se\u00f1ala que la costa yucateca \u2014con destinos como Las Coloradas, El Cuyo, San Felipe, Sisal y R\u00edo Lagartos\u2014 ofrece cielos privilegiados para la observaci\u00f3n astron\u00f3mica, en experiencias vinculadas a la tradici\u00f3n maya y al turismo de naturaleza, que pueden incluir actividades como fotograf\u00eda nocturna y kayak bajo la luna.<\/p>\n\n\n\n<p>La Gu\u00eda incluye otros casos internacionales que reflejan el conocimiento astron\u00f3mico de civilizaciones antiguas y su potencial para generar experiencias tur\u00edsticas diferenciadas, como los D\u00f3lmenes de Antequera (Espa\u00f1a), Caral (Per\u00fa), Karnak (Egipto), las ciudades nabateas de Petra y Hegra (Jordania y Arabia Saudita) y la isla de Rapa Nui (Chile).<\/p>\n\n\n<div class=\"wp-block-image\">\n<figure class=\"alignleft size-large is-resized\"><img decoding=\"async\" width=\"682\" height=\"1024\" src=\"https:\/\/realidadturistica.com\/realtur\/wp-content\/uploads\/2026\/01\/Unknown2-2-682x1024.jpeg\" alt=\"\" class=\"wp-image-11700\" style=\"aspect-ratio:0.6662491070727553;width:231px;height:auto\" srcset=\"https:\/\/realidadturistica.com\/realtur\/wp-content\/uploads\/2026\/01\/Unknown2-2-682x1024.jpeg 682w, https:\/\/realidadturistica.com\/realtur\/wp-content\/uploads\/2026\/01\/Unknown2-2-200x300.jpeg 200w, https:\/\/realidadturistica.com\/realtur\/wp-content\/uploads\/2026\/01\/Unknown2-2-768x1153.jpeg 768w, https:\/\/realidadturistica.com\/realtur\/wp-content\/uploads\/2026\/01\/Unknown2-2-1023x1536.jpeg 1023w, https:\/\/realidadturistica.com\/realtur\/wp-content\/uploads\/2026\/01\/Unknown2-2-585x878.jpeg 585w, https:\/\/realidadturistica.com\/realtur\/wp-content\/uploads\/2026\/01\/Unknown2-2.jpeg 1066w\" sizes=\"(max-width: 682px) 100vw, 682px\" \/><\/figure>\n<\/div>\n\n\n<p>La inclusi\u00f3n de Yucat\u00e1n en esta publicaci\u00f3n internacional responde a la visi\u00f3n del Renacimiento Maya que encabeza el Gobernador Joaqu\u00edn D\u00edaz Mena, orientada a diversificar la oferta tur\u00edstica, fortalecer la sostenibilidad y proyectar al estado en mercados globales mediante segmentos de alto valor como el astroturismo.<\/p>\n\n\n\n<p>Durante la presentaci\u00f3n en la Fitur se realiz\u00f3 una mesa panel con la participaci\u00f3n de destinos l\u00edderes en protecci\u00f3n del cielo oscuro y turismo sostenible.<\/p>\n\n\n\n<p>Yucat\u00e1n estuvo representado por el subsecretario de Desarrollo Tur\u00edstico Sustentable de la Sefotur, Ra\u00fal Paz Noriega, quien comparti\u00f3 la experiencia del estado en la integraci\u00f3n del patrimonio cultural, la conservaci\u00f3n ambiental y el desarrollo tur\u00edstico. El lanzamiento de la Gu\u00eda ocurre ante una demanda global creciente por experiencias vinculadas a la observaci\u00f3n del cielo.<\/p>\n\n\n\n<p>De acuerdo con el reporte Tripadvisor Trendcast 2025, las reservas en destinos de cielos oscuros y experiencias de observaci\u00f3n de estrellas crecieron 320% desde 2022, mientras que Booking.com, en su informe Travel Predictions 2025, se\u00f1ala que 58% de las y los viajeros est\u00e1 interesado en viajes centrados en eventos celestes.<\/p>\n\n\n\n<p>El astroturismo se perfila como un segmento estrat\u00e9gico al promover la reducci\u00f3n de la contaminaci\u00f3n lum\u00ednica, apoyar la descarbonizaci\u00f3n, mejorar la salud de los ecosistemas y fortalecer la econom\u00eda rural, adem\u00e1s de contribuir a evitar el desplazamiento de comunidades, principios alineados con la pol\u00edtica tur\u00edstica sostenible impulsada por la actual administraci\u00f3n estatal.<\/p>\n\n\n\n<figure class=\"wp-block-image size-large\"><img loading=\"lazy\" decoding=\"async\" width=\"1024\" height=\"682\" src=\"https:\/\/realidadturistica.com\/realtur\/wp-content\/uploads\/2026\/01\/Unknown4-1024x682.jpeg\" alt=\"\" class=\"wp-image-11701\" srcset=\"https:\/\/realidadturistica.com\/realtur\/wp-content\/uploads\/2026\/01\/Unknown4-1024x682.jpeg 1024w, https:\/\/realidadturistica.com\/realtur\/wp-content\/uploads\/2026\/01\/Unknown4-300x200.jpeg 300w, https:\/\/realidadturistica.com\/realtur\/wp-content\/uploads\/2026\/01\/Unknown4-768x512.jpeg 768w, https:\/\/realidadturistica.com\/realtur\/wp-content\/uploads\/2026\/01\/Unknown4-1536x1024.jpeg 1536w, https:\/\/realidadturistica.com\/realtur\/wp-content\/uploads\/2026\/01\/Unknown4-2048x1365.jpeg 2048w, https:\/\/realidadturistica.com\/realtur\/wp-content\/uploads\/2026\/01\/Unknown4-1920x1280.jpeg 1920w, https:\/\/realidadturistica.com\/realtur\/wp-content\/uploads\/2026\/01\/Unknown4-1170x780.jpeg 1170w, https:\/\/realidadturistica.com\/realtur\/wp-content\/uploads\/2026\/01\/Unknown4-585x390.jpeg 585w, https:\/\/realidadturistica.com\/realtur\/wp-content\/uploads\/2026\/01\/Unknown4-263x175.jpeg 263w\" sizes=\"(max-width: 1024px) 100vw, 1024px\" \/><\/figure>\n\n\n\n<p>La Gu\u00eda est\u00e1 disponible para descarga gratuita y puede consultarse en el siguiente enlace: https:\/\/www.e-unwto.org\/doi\/10.18111\/9789284427154.<\/p>\n\n\n\n<p>Sefotur<\/p>\n","protected":false},"excerpt":{"rendered":"<p>M\u00e9xico. La arqueoastronom\u00eda maya, la costa yucateca, y sus productos tur\u00edsticos para la observaci\u00f3n de la b\u00f3veda celeste destacan en la Feria Internacional de Turismo&hellip;<\/p>\n","protected":false},"author":2,"featured_media":11697,"comment_status":"open","ping_status":"closed","sticky":false,"template":"","format":"standard","meta":{"content-type":"","_lmt_disableupdate":"","_lmt_disable":"","footnotes":""},"categories":[6],"tags":[],"class_list":["post-11696","post","type-post","status-publish","format-standard","has-post-thumbnail","hentry","category-turismo"],"yoast_head":"<!-- This site is optimized with the Yoast SEO Premium plugin v27.4 (Yoast SEO v27.4) - https:\/\/yoast.com\/product\/yoast-seo-premium-wordpress\/ -->\n<title>Yucat\u00e1n entra en la Gu\u00eda de Astroturismo de ONU Turismo - Realidad Tur\u00edstica<\/title>\n<meta name=\"robots\" content=\"index, follow, max-snippet:-1, max-image-preview:large, max-video-preview:-1\" \/>\n<link rel=\"canonical\" href=\"https:\/\/realidadturistica.com\/realtur\/yucatan-entra-en-la-guia-de-astroturismo-de-onu-turismo\/\" \/>\n<meta property=\"og:locale\" content=\"es_ES\" \/>\n<meta property=\"og:type\" content=\"article\" \/>\n<meta property=\"og:title\" content=\"Yucat\u00e1n entra en la Gu\u00eda de Astroturismo de ONU Turismo\" \/>\n<meta property=\"og:description\" content=\"M\u00e9xico. La arqueoastronom\u00eda maya, la costa yucateca, y sus productos tur\u00edsticos para la observaci\u00f3n de la b\u00f3veda celeste destacan en la Feria Internacional de Turismo&hellip;\" \/>\n<meta property=\"og:url\" content=\"https:\/\/realidadturistica.com\/realtur\/yucatan-entra-en-la-guia-de-astroturismo-de-onu-turismo\/\" \/>\n<meta property=\"og:site_name\" content=\"Realidad Tur\u00edstica\" \/>\n<meta property=\"article:publisher\" content=\"https:\/\/www.facebook.com\/realidadturistica\" \/>\n<meta property=\"article:published_time\" content=\"2026-01-25T00:17:16+00:00\" \/>\n<meta property=\"article:modified_time\" content=\"2026-01-25T00:17:19+00:00\" \/>\n<meta property=\"og:image\" content=\"https:\/\/realidadturistica.com\/realtur\/wp-content\/uploads\/2026\/01\/Unknown-3.jpeg\" \/>\n\t<meta property=\"og:image:width\" content=\"1600\" \/>\n\t<meta property=\"og:image:height\" content=\"1066\" \/>\n\t<meta property=\"og:image:type\" content=\"image\/jpeg\" \/>\n<meta name=\"author\" content=\"Editor\" \/>\n<meta name=\"twitter:card\" content=\"summary_large_image\" \/>\n<meta name=\"twitter:label1\" content=\"Escrito por\" \/>\n\t<meta name=\"twitter:data1\" content=\"Editor\" \/>\n\t<meta name=\"twitter:label2\" content=\"Tiempo de lectura\" \/>\n\t<meta name=\"twitter:data2\" content=\"4 minutos\" \/>\n<script type=\"application\/ld+json\" class=\"yoast-schema-graph\">{\"@context\":\"https:\\\/\\\/schema.org\",\"@graph\":[{\"@type\":\"Article\",\"@id\":\"https:\\\/\\\/realidadturistica.com\\\/realtur\\\/yucatan-entra-en-la-guia-de-astroturismo-de-onu-turismo\\\/#article\",\"isPartOf\":{\"@id\":\"https:\\\/\\\/realidadturistica.com\\\/realtur\\\/yucatan-entra-en-la-guia-de-astroturismo-de-onu-turismo\\\/\"},\"author\":{\"name\":\"Editor\",\"@id\":\"https:\\\/\\\/realidadturistica.com\\\/realtur\\\/#\\\/schema\\\/person\\\/ade671191202490fcf08ab21590de73e\"},\"headline\":\"Yucat\u00e1n entra en la Gu\u00eda de Astroturismo de ONU Turismo\",\"datePublished\":\"2026-01-25T00:17:16+00:00\",\"dateModified\":\"2026-01-25T00:17:19+00:00\",\"mainEntityOfPage\":{\"@id\":\"https:\\\/\\\/realidadturistica.com\\\/realtur\\\/yucatan-entra-en-la-guia-de-astroturismo-de-onu-turismo\\\/\"},\"wordCount\":580,\"commentCount\":0,\"publisher\":{\"@id\":\"https:\\\/\\\/realidadturistica.com\\\/realtur\\\/#organization\"},\"image\":{\"@id\":\"https:\\\/\\\/realidadturistica.com\\\/realtur\\\/yucatan-entra-en-la-guia-de-astroturismo-de-onu-turismo\\\/#primaryimage\"},\"thumbnailUrl\":\"https:\\\/\\\/realidadturistica.com\\\/realtur\\\/wp-content\\\/uploads\\\/2026\\\/01\\\/Unknown-3.jpeg\",\"articleSection\":[\"Turismo\"],\"inLanguage\":\"es\",\"potentialAction\":[{\"@type\":\"CommentAction\",\"name\":\"Comment\",\"target\":[\"https:\\\/\\\/realidadturistica.com\\\/realtur\\\/yucatan-entra-en-la-guia-de-astroturismo-de-onu-turismo\\\/#respond\"]}]},{\"@type\":\"WebPage\",\"@id\":\"https:\\\/\\\/realidadturistica.com\\\/realtur\\\/yucatan-entra-en-la-guia-de-astroturismo-de-onu-turismo\\\/\",\"url\":\"https:\\\/\\\/realidadturistica.com\\\/realtur\\\/yucatan-entra-en-la-guia-de-astroturismo-de-onu-turismo\\\/\",\"name\":\"Yucat\u00e1n entra en la Gu\u00eda de Astroturismo de ONU Turismo - Realidad Tur\u00edstica\",\"isPartOf\":{\"@id\":\"https:\\\/\\\/realidadturistica.com\\\/realtur\\\/#website\"},\"primaryImageOfPage\":{\"@id\":\"https:\\\/\\\/realidadturistica.com\\\/realtur\\\/yucatan-entra-en-la-guia-de-astroturismo-de-onu-turismo\\\/#primaryimage\"},\"image\":{\"@id\":\"https:\\\/\\\/realidadturistica.com\\\/realtur\\\/yucatan-entra-en-la-guia-de-astroturismo-de-onu-turismo\\\/#primaryimage\"},\"thumbnailUrl\":\"https:\\\/\\\/realidadturistica.com\\\/realtur\\\/wp-content\\\/uploads\\\/2026\\\/01\\\/Unknown-3.jpeg\",\"datePublished\":\"2026-01-25T00:17:16+00:00\",\"dateModified\":\"2026-01-25T00:17:19+00:00\",\"breadcrumb\":{\"@id\":\"https:\\\/\\\/realidadturistica.com\\\/realtur\\\/yucatan-entra-en-la-guia-de-astroturismo-de-onu-turismo\\\/#breadcrumb\"},\"inLanguage\":\"es\",\"potentialAction\":[{\"@type\":\"ReadAction\",\"target\":[\"https:\\\/\\\/realidadturistica.com\\\/realtur\\\/yucatan-entra-en-la-guia-de-astroturismo-de-onu-turismo\\\/\"]}]},{\"@type\":\"ImageObject\",\"inLanguage\":\"es\",\"@id\":\"https:\\\/\\\/realidadturistica.com\\\/realtur\\\/yucatan-entra-en-la-guia-de-astroturismo-de-onu-turismo\\\/#primaryimage\",\"url\":\"https:\\\/\\\/realidadturistica.com\\\/realtur\\\/wp-content\\\/uploads\\\/2026\\\/01\\\/Unknown-3.jpeg\",\"contentUrl\":\"https:\\\/\\\/realidadturistica.com\\\/realtur\\\/wp-content\\\/uploads\\\/2026\\\/01\\\/Unknown-3.jpeg\",\"width\":1600,\"height\":1066},{\"@type\":\"BreadcrumbList\",\"@id\":\"https:\\\/\\\/realidadturistica.com\\\/realtur\\\/yucatan-entra-en-la-guia-de-astroturismo-de-onu-turismo\\\/#breadcrumb\",\"itemListElement\":[{\"@type\":\"ListItem\",\"position\":1,\"name\":\"Portada\",\"item\":\"https:\\\/\\\/realidadturistica.com\\\/realtur\\\/\"},{\"@type\":\"ListItem\",\"position\":2,\"name\":\"Yucat\u00e1n entra en la Gu\u00eda de Astroturismo de ONU Turismo\"}]},{\"@type\":\"WebSite\",\"@id\":\"https:\\\/\\\/realidadturistica.com\\\/realtur\\\/#website\",\"url\":\"https:\\\/\\\/realidadturistica.com\\\/realtur\\\/\",\"name\":\"Realidad Tur\u00edstica\",\"description\":\"\",\"publisher\":{\"@id\":\"https:\\\/\\\/realidadturistica.com\\\/realtur\\\/#organization\"},\"potentialAction\":[{\"@type\":\"SearchAction\",\"target\":{\"@type\":\"EntryPoint\",\"urlTemplate\":\"https:\\\/\\\/realidadturistica.com\\\/realtur\\\/?s={search_term_string}\"},\"query-input\":{\"@type\":\"PropertyValueSpecification\",\"valueRequired\":true,\"valueName\":\"search_term_string\"}}],\"inLanguage\":\"es\"},{\"@type\":\"Organization\",\"@id\":\"https:\\\/\\\/realidadturistica.com\\\/realtur\\\/#organization\",\"name\":\"Realidad Tur\u00edstica\",\"url\":\"https:\\\/\\\/realidadturistica.com\\\/realtur\\\/\",\"logo\":{\"@type\":\"ImageObject\",\"inLanguage\":\"es\",\"@id\":\"https:\\\/\\\/realidadturistica.com\\\/realtur\\\/#\\\/schema\\\/logo\\\/image\\\/\",\"url\":\"https:\\\/\\\/realidadturistica.com\\\/realtur\\\/wp-content\\\/uploads\\\/2021\\\/12\\\/logotipo-realidad-turistica.png\",\"contentUrl\":\"https:\\\/\\\/realidadturistica.com\\\/realtur\\\/wp-content\\\/uploads\\\/2021\\\/12\\\/logotipo-realidad-turistica.png\",\"width\":1382,\"height\":629,\"caption\":\"Realidad Tur\u00edstica\"},\"image\":{\"@id\":\"https:\\\/\\\/realidadturistica.com\\\/realtur\\\/#\\\/schema\\\/logo\\\/image\\\/\"},\"sameAs\":[\"https:\\\/\\\/www.facebook.com\\\/realidadturistica\",\"https:\\\/\\\/www.instagram.com\\\/realidad_turistica\\\/\"]},{\"@type\":\"Person\",\"@id\":\"https:\\\/\\\/realidadturistica.com\\\/realtur\\\/#\\\/schema\\\/person\\\/ade671191202490fcf08ab21590de73e\",\"name\":\"Editor\",\"image\":{\"@type\":\"ImageObject\",\"inLanguage\":\"es\",\"@id\":\"https:\\\/\\\/realidadturistica.com\\\/realtur\\\/wp-content\\\/uploads\\\/2023\\\/09\\\/Editor_avatar_1693668634-96x96.png\",\"url\":\"https:\\\/\\\/realidadturistica.com\\\/realtur\\\/wp-content\\\/uploads\\\/2023\\\/09\\\/Editor_avatar_1693668634-96x96.png\",\"contentUrl\":\"https:\\\/\\\/realidadturistica.com\\\/realtur\\\/wp-content\\\/uploads\\\/2023\\\/09\\\/Editor_avatar_1693668634-96x96.png\",\"caption\":\"Editor\"},\"sameAs\":[\"https:\\\/\\\/realidadturistica.com\\\/realtur\"],\"url\":\"https:\\\/\\\/realidadturistica.com\\\/realtur\\\/author\\\/editor2\\\/\"}]}<\/script>\n<!-- \/ Yoast SEO Premium plugin. -->","yoast_head_json":{"title":"Yucat\u00e1n entra en la Gu\u00eda de Astroturismo de ONU Turismo - Realidad Tur\u00edstica","robots":{"index":"index","follow":"follow","max-snippet":"max-snippet:-1","max-image-preview":"max-image-preview:large","max-video-preview":"max-video-preview:-1"},"canonical":"https:\/\/realidadturistica.com\/realtur\/yucatan-entra-en-la-guia-de-astroturismo-de-onu-turismo\/","og_locale":"es_ES","og_type":"article","og_title":"Yucat\u00e1n entra en la Gu\u00eda de Astroturismo de ONU Turismo","og_description":"M\u00e9xico. La arqueoastronom\u00eda maya, la costa yucateca, y sus productos tur\u00edsticos para la observaci\u00f3n de la b\u00f3veda celeste destacan en la Feria Internacional de Turismo&hellip;","og_url":"https:\/\/realidadturistica.com\/realtur\/yucatan-entra-en-la-guia-de-astroturismo-de-onu-turismo\/","og_site_name":"Realidad Tur\u00edstica","article_publisher":"https:\/\/www.facebook.com\/realidadturistica","article_published_time":"2026-01-25T00:17:16+00:00","article_modified_time":"2026-01-25T00:17:19+00:00","og_image":[{"width":1600,"height":1066,"url":"https:\/\/realidadturistica.com\/realtur\/wp-content\/uploads\/2026\/01\/Unknown-3.jpeg","type":"image\/jpeg"}],"author":"Editor","twitter_card":"summary_large_image","twitter_misc":{"Escrito por":"Editor","Tiempo de lectura":"4 minutos"},"schema":{"@context":"https:\/\/schema.org","@graph":[{"@type":"Article","@id":"https:\/\/realidadturistica.com\/realtur\/yucatan-entra-en-la-guia-de-astroturismo-de-onu-turismo\/#article","isPartOf":{"@id":"https:\/\/realidadturistica.com\/realtur\/yucatan-entra-en-la-guia-de-astroturismo-de-onu-turismo\/"},"author":{"name":"Editor","@id":"https:\/\/realidadturistica.com\/realtur\/#\/schema\/person\/ade671191202490fcf08ab21590de73e"},"headline":"Yucat\u00e1n entra en la Gu\u00eda de Astroturismo de ONU Turismo","datePublished":"2026-01-25T00:17:16+00:00","dateModified":"2026-01-25T00:17:19+00:00","mainEntityOfPage":{"@id":"https:\/\/realidadturistica.com\/realtur\/yucatan-entra-en-la-guia-de-astroturismo-de-onu-turismo\/"},"wordCount":580,"commentCount":0,"publisher":{"@id":"https:\/\/realidadturistica.com\/realtur\/#organization"},"image":{"@id":"https:\/\/realidadturistica.com\/realtur\/yucatan-entra-en-la-guia-de-astroturismo-de-onu-turismo\/#primaryimage"},"thumbnailUrl":"https:\/\/realidadturistica.com\/realtur\/wp-content\/uploads\/2026\/01\/Unknown-3.jpeg","articleSection":["Turismo"],"inLanguage":"es","potentialAction":[{"@type":"CommentAction","name":"Comment","target":["https:\/\/realidadturistica.com\/realtur\/yucatan-entra-en-la-guia-de-astroturismo-de-onu-turismo\/#respond"]}]},{"@type":"WebPage","@id":"https:\/\/realidadturistica.com\/realtur\/yucatan-entra-en-la-guia-de-astroturismo-de-onu-turismo\/","url":"https:\/\/realidadturistica.com\/realtur\/yucatan-entra-en-la-guia-de-astroturismo-de-onu-turismo\/","name":"Yucat\u00e1n entra en la Gu\u00eda de Astroturismo de ONU Turismo - Realidad Tur\u00edstica","isPartOf":{"@id":"https:\/\/realidadturistica.com\/realtur\/#website"},"primaryImageOfPage":{"@id":"https:\/\/realidadturistica.com\/realtur\/yucatan-entra-en-la-guia-de-astroturismo-de-onu-turismo\/#primaryimage"},"image":{"@id":"https:\/\/realidadturistica.com\/realtur\/yucatan-entra-en-la-guia-de-astroturismo-de-onu-turismo\/#primaryimage"},"thumbnailUrl":"https:\/\/realidadturistica.com\/realtur\/wp-content\/uploads\/2026\/01\/Unknown-3.jpeg","datePublished":"2026-01-25T00:17:16+00:00","dateModified":"2026-01-25T00:17:19+00:00","breadcrumb":{"@id":"https:\/\/realidadturistica.com\/realtur\/yucatan-entra-en-la-guia-de-astroturismo-de-onu-turismo\/#breadcrumb"},"inLanguage":"es","potentialAction":[{"@type":"ReadAction","target":["https:\/\/realidadturistica.com\/realtur\/yucatan-entra-en-la-guia-de-astroturismo-de-onu-turismo\/"]}]},{"@type":"ImageObject","inLanguage":"es","@id":"https:\/\/realidadturistica.com\/realtur\/yucatan-entra-en-la-guia-de-astroturismo-de-onu-turismo\/#primaryimage","url":"https:\/\/realidadturistica.com\/realtur\/wp-content\/uploads\/2026\/01\/Unknown-3.jpeg","contentUrl":"https:\/\/realidadturistica.com\/realtur\/wp-content\/uploads\/2026\/01\/Unknown-3.jpeg","width":1600,"height":1066},{"@type":"BreadcrumbList","@id":"https:\/\/realidadturistica.com\/realtur\/yucatan-entra-en-la-guia-de-astroturismo-de-onu-turismo\/#breadcrumb","itemListElement":[{"@type":"ListItem","position":1,"name":"Portada","item":"https:\/\/realidadturistica.com\/realtur\/"},{"@type":"ListItem","position":2,"name":"Yucat\u00e1n entra en la Gu\u00eda de Astroturismo de ONU Turismo"}]},{"@type":"WebSite","@id":"https:\/\/realidadturistica.com\/realtur\/#website","url":"https:\/\/realidadturistica.com\/realtur\/","name":"Realidad Tur\u00edstica","description":"","publisher":{"@id":"https:\/\/realidadturistica.com\/realtur\/#organization"},"potentialAction":[{"@type":"SearchAction","target":{"@type":"EntryPoint","urlTemplate":"https:\/\/realidadturistica.com\/realtur\/?s={search_term_string}"},"query-input":{"@type":"PropertyValueSpecification","valueRequired":true,"valueName":"search_term_string"}}],"inLanguage":"es"},{"@type":"Organization","@id":"https:\/\/realidadturistica.com\/realtur\/#organization","name":"Realidad Tur\u00edstica","url":"https:\/\/realidadturistica.com\/realtur\/","logo":{"@type":"ImageObject","inLanguage":"es","@id":"https:\/\/realidadturistica.com\/realtur\/#\/schema\/logo\/image\/","url":"https:\/\/realidadturistica.com\/realtur\/wp-content\/uploads\/2021\/12\/logotipo-realidad-turistica.png","contentUrl":"https:\/\/realidadturistica.com\/realtur\/wp-content\/uploads\/2021\/12\/logotipo-realidad-turistica.png","width":1382,"height":629,"caption":"Realidad Tur\u00edstica"},"image":{"@id":"https:\/\/realidadturistica.com\/realtur\/#\/schema\/logo\/image\/"},"sameAs":["https:\/\/www.facebook.com\/realidadturistica","https:\/\/www.instagram.com\/realidad_turistica\/"]},{"@type":"Person","@id":"https:\/\/realidadturistica.com\/realtur\/#\/schema\/person\/ade671191202490fcf08ab21590de73e","name":"Editor","image":{"@type":"ImageObject","inLanguage":"es","@id":"https:\/\/realidadturistica.com\/realtur\/wp-content\/uploads\/2023\/09\/Editor_avatar_1693668634-96x96.png","url":"https:\/\/realidadturistica.com\/realtur\/wp-content\/uploads\/2023\/09\/Editor_avatar_1693668634-96x96.png","contentUrl":"https:\/\/realidadturistica.com\/realtur\/wp-content\/uploads\/2023\/09\/Editor_avatar_1693668634-96x96.png","caption":"Editor"},"sameAs":["https:\/\/realidadturistica.com\/realtur"],"url":"https:\/\/realidadturistica.com\/realtur\/author\/editor2\/"}]}},"_links":{"self":[{"href":"https:\/\/realidadturistica.com\/realtur\/wp-json\/wp\/v2\/posts\/11696","targetHints":{"allow":["GET"]}}],"collection":[{"href":"https:\/\/realidadturistica.com\/realtur\/wp-json\/wp\/v2\/posts"}],"about":[{"href":"https:\/\/realidadturistica.com\/realtur\/wp-json\/wp\/v2\/types\/post"}],"author":[{"embeddable":true,"href":"https:\/\/realidadturistica.com\/realtur\/wp-json\/wp\/v2\/users\/2"}],"replies":[{"embeddable":true,"href":"https:\/\/realidadturistica.com\/realtur\/wp-json\/wp\/v2\/comments?post=11696"}],"version-history":[{"count":2,"href":"https:\/\/realidadturistica.com\/realtur\/wp-json\/wp\/v2\/posts\/11696\/revisions"}],"predecessor-version":[{"id":11703,"href":"https:\/\/realidadturistica.com\/realtur\/wp-json\/wp\/v2\/posts\/11696\/revisions\/11703"}],"wp:featuredmedia":[{"embeddable":true,"href":"https:\/\/realidadturistica.com\/realtur\/wp-json\/wp\/v2\/media\/11697"}],"wp:attachment":[{"href":"https:\/\/realidadturistica.com\/realtur\/wp-json\/wp\/v2\/media?parent=11696"}],"wp:term":[{"taxonomy":"category","embeddable":true,"href":"https:\/\/realidadturistica.com\/realtur\/wp-json\/wp\/v2\/categories?post=11696"},{"taxonomy":"post_tag","embeddable":true,"href":"https:\/\/realidadturistica.com\/realtur\/wp-json\/wp\/v2\/tags?post=11696"}],"curies":[{"name":"wp","href":"https:\/\/api.w.org\/{rel}","templated":true}]}}