{"id":11707,"date":"2026-01-24T18:29:47","date_gmt":"2026-01-25T00:29:47","guid":{"rendered":"https:\/\/realidadturistica.com\/realtur\/?p=11707"},"modified":"2026-01-24T18:29:50","modified_gmt":"2026-01-25T00:29:50","slug":"uruguay-participa-del-debate-sobre-la-sostenibilidad-social-del-turismo-en-fitur-2026","status":"publish","type":"post","link":"https:\/\/realidadturistica.com\/realtur\/uruguay-participa-del-debate-sobre-la-sostenibilidad-social-del-turismo-en-fitur-2026\/","title":{"rendered":"Uruguay participa del debate sobre la sostenibilidad social del turismo en FITUR 2026"},"content":{"rendered":"\n<p class=\"wp-block-yoast-seo-estimated-reading-time yoast-reading-time__wrapper\"><span class=\"yoast-reading-time__icon\"><svg aria-hidden=\"true\" focusable=\"false\" data-icon=\"clock\" width=\"20\" height=\"20\" fill=\"none\" stroke=\"currentColor\" style=\"display:inline-block;vertical-align:-0.1em\" role=\"img\" xmlns=\"http:\/\/www.w3.org\/2000\/svg\" viewBox=\"0 0 24 24\"><path stroke-linecap=\"round\" stroke-linejoin=\"round\" stroke-width=\"2\" d=\"M12 8v4l3 3m6-3a9 9 0 11-18 0 9 9 0 0118 0z\"><\/path><\/svg><\/span><span class=\"yoast-reading-time__spacer\" style=\"display:inline-block;width:1em\"><\/span><span class=\"yoast-reading-time__descriptive-text\">Estimated reading time: <\/span><span class=\"yoast-reading-time__reading-time\">2<\/span><span class=\"yoast-reading-time__time-unit\"> minutos<\/span><\/p>\n\n\n\n<p>Uruguay. En el marco de la Feria Internacional de Turismo (FITUR) 2026, Uruguay reafirm\u00f3 su compromiso con un desarrollo tur\u00edstico \u00e9tico, accesible e inclusivo mediante la participaci\u00f3n del Ministro de Turismo, Pablo Menoni, en la tercera edici\u00f3n del foro FITUR 4all.<\/p>\n\n\n\n<p>Este viernes 23 de enero, el jerarca uruguayo integr\u00f3 el panel: \u201cLa transformaci\u00f3n del sector hacia un modelo sostenible socialmente\u201d, un espacio de debate estrat\u00e9gico organizado por FITUR que reuni\u00f3 a referentes internacionales del sector tur\u00edstico.<\/p>\n\n\n\n<p>La sesi\u00f3n fue moderada por Igor Stefanovic, Coordinador de Accesibilidad de ONU Turismo, y se centr\u00f3 en analizar por qu\u00e9 la sostenibilidad social contin\u00faa siendo la dimensi\u00f3n menos desarrollada del turismo, as\u00ed como su v\u00ednculo directo con la rentabilidad y la competitividad de los destinos.<\/p>\n\n\n\n<p>Junto al Ministro Menoni, participaron del panel Juan S. S\u00e1nchez, Viceministro de Turismo de Colombia; Mar\u00eda J. Tesouro, representante de la Oficina de Asistencia y Coordinaci\u00f3n Tur\u00edstica de la Diputaci\u00f3n de Barcelona; y Leire S\u00e1ez, Directora General de Turismo de la Diputaci\u00f3n de Bizkaia.<\/p>\n\n\n\n<p>Durante su intervenci\u00f3n, el Ministro Menoni destac\u00f3 los desaf\u00edos que implica la implementaci\u00f3n de pol\u00edticas p\u00fablicas que trasciendan la accesibilidad f\u00edsica y promuevan una verdadera integraci\u00f3n de las comunidades locales. Subray\u00f3, adem\u00e1s, la importancia de consolidar la sostenibilidad social como un motor de desarrollo econ\u00f3mico y un factor clave para la competitividad del sector tur\u00edstico.<\/p>\n\n\n\n<p>Sobre FITUR 4all<\/p>\n\n\n\n<p>FITUR 4all es una iniciativa orientada a acercar los destinos tur\u00edsticos a las personas con necesidades de accesibilidad y a visibilizar buenas pr\u00e1cticas en el sector. En su edici\u00f3n 2026, el foro puso el foco en el uso innovador de la tecnolog\u00eda, la optimizaci\u00f3n de la cadena de valor y el rol de las personas trabajadoras en la construcci\u00f3n de un turismo verdaderamente inclusivo.<\/p>\n\n\n\n<p>www.gub.uy<\/p>\n","protected":false},"excerpt":{"rendered":"<p>Uruguay. En el marco de la Feria Internacional de Turismo (FITUR) 2026, Uruguay reafirm\u00f3 su compromiso con un desarrollo tur\u00edstico \u00e9tico, accesible e inclusivo mediante&hellip;<\/p>\n","protected":false},"author":2,"featured_media":11708,"comment_status":"open","ping_status":"closed","sticky":false,"template":"","format":"standard","meta":{"content-type":"","_lmt_disableupdate":"","_lmt_disable":"","footnotes":""},"categories":[6],"tags":[],"class_list":["post-11707","post","type-post","status-publish","format-standard","has-post-thumbnail","hentry","category-turismo"],"yoast_head":"<!-- This site is optimized with the Yoast SEO Premium plugin v27.4 (Yoast SEO v27.4) - https:\/\/yoast.com\/product\/yoast-seo-premium-wordpress\/ -->\n<title>Uruguay participa del debate sobre la sostenibilidad social del turismo en FITUR 2026 - Realidad Tur\u00edstica<\/title>\n<meta name=\"robots\" content=\"index, follow, max-snippet:-1, max-image-preview:large, max-video-preview:-1\" \/>\n<link rel=\"canonical\" href=\"https:\/\/realidadturistica.com\/realtur\/uruguay-participa-del-debate-sobre-la-sostenibilidad-social-del-turismo-en-fitur-2026\/\" \/>\n<meta property=\"og:locale\" content=\"es_ES\" \/>\n<meta property=\"og:type\" content=\"article\" \/>\n<meta property=\"og:title\" content=\"Uruguay participa del debate sobre la sostenibilidad social del turismo en FITUR 2026\" \/>\n<meta property=\"og:description\" content=\"Uruguay. En el marco de la Feria Internacional de Turismo (FITUR) 2026, Uruguay reafirm\u00f3 su compromiso con un desarrollo tur\u00edstico \u00e9tico, accesible e inclusivo mediante&hellip;\" \/>\n<meta property=\"og:url\" content=\"https:\/\/realidadturistica.com\/realtur\/uruguay-participa-del-debate-sobre-la-sostenibilidad-social-del-turismo-en-fitur-2026\/\" \/>\n<meta property=\"og:site_name\" content=\"Realidad Tur\u00edstica\" \/>\n<meta property=\"article:publisher\" content=\"https:\/\/www.facebook.com\/realidadturistica\" \/>\n<meta property=\"article:published_time\" content=\"2026-01-25T00:29:47+00:00\" \/>\n<meta property=\"article:modified_time\" content=\"2026-01-25T00:29:50+00:00\" \/>\n<meta property=\"og:image\" content=\"https:\/\/realidadturistica.com\/realtur\/wp-content\/uploads\/2026\/01\/Uruguay-participa.jpg\" \/>\n\t<meta property=\"og:image:width\" content=\"945\" \/>\n\t<meta property=\"og:image:height\" content=\"905\" \/>\n\t<meta property=\"og:image:type\" content=\"image\/jpeg\" \/>\n<meta name=\"author\" content=\"Editor\" \/>\n<meta name=\"twitter:card\" content=\"summary_large_image\" \/>\n<meta name=\"twitter:label1\" content=\"Escrito por\" \/>\n\t<meta name=\"twitter:data1\" content=\"Editor\" \/>\n\t<meta name=\"twitter:label2\" content=\"Tiempo de lectura\" \/>\n\t<meta name=\"twitter:data2\" content=\"2 minutos\" \/>\n<script type=\"application\/ld+json\" class=\"yoast-schema-graph\">{\"@context\":\"https:\\\/\\\/schema.org\",\"@graph\":[{\"@type\":\"Article\",\"@id\":\"https:\\\/\\\/realidadturistica.com\\\/realtur\\\/uruguay-participa-del-debate-sobre-la-sostenibilidad-social-del-turismo-en-fitur-2026\\\/#article\",\"isPartOf\":{\"@id\":\"https:\\\/\\\/realidadturistica.com\\\/realtur\\\/uruguay-participa-del-debate-sobre-la-sostenibilidad-social-del-turismo-en-fitur-2026\\\/\"},\"author\":{\"name\":\"Editor\",\"@id\":\"https:\\\/\\\/realidadturistica.com\\\/realtur\\\/#\\\/schema\\\/person\\\/ade671191202490fcf08ab21590de73e\"},\"headline\":\"Uruguay participa del debate sobre la sostenibilidad social del turismo en FITUR 2026\",\"datePublished\":\"2026-01-25T00:29:47+00:00\",\"dateModified\":\"2026-01-25T00:29:50+00:00\",\"mainEntityOfPage\":{\"@id\":\"https:\\\/\\\/realidadturistica.com\\\/realtur\\\/uruguay-participa-del-debate-sobre-la-sostenibilidad-social-del-turismo-en-fitur-2026\\\/\"},\"wordCount\":337,\"commentCount\":0,\"publisher\":{\"@id\":\"https:\\\/\\\/realidadturistica.com\\\/realtur\\\/#organization\"},\"image\":{\"@id\":\"https:\\\/\\\/realidadturistica.com\\\/realtur\\\/uruguay-participa-del-debate-sobre-la-sostenibilidad-social-del-turismo-en-fitur-2026\\\/#primaryimage\"},\"thumbnailUrl\":\"https:\\\/\\\/realidadturistica.com\\\/realtur\\\/wp-content\\\/uploads\\\/2026\\\/01\\\/Uruguay-participa.jpg\",\"articleSection\":[\"Turismo\"],\"inLanguage\":\"es\",\"potentialAction\":[{\"@type\":\"CommentAction\",\"name\":\"Comment\",\"target\":[\"https:\\\/\\\/realidadturistica.com\\\/realtur\\\/uruguay-participa-del-debate-sobre-la-sostenibilidad-social-del-turismo-en-fitur-2026\\\/#respond\"]}]},{\"@type\":\"WebPage\",\"@id\":\"https:\\\/\\\/realidadturistica.com\\\/realtur\\\/uruguay-participa-del-debate-sobre-la-sostenibilidad-social-del-turismo-en-fitur-2026\\\/\",\"url\":\"https:\\\/\\\/realidadturistica.com\\\/realtur\\\/uruguay-participa-del-debate-sobre-la-sostenibilidad-social-del-turismo-en-fitur-2026\\\/\",\"name\":\"Uruguay participa del debate sobre la sostenibilidad social del turismo en FITUR 2026 - Realidad Tur\u00edstica\",\"isPartOf\":{\"@id\":\"https:\\\/\\\/realidadturistica.com\\\/realtur\\\/#website\"},\"primaryImageOfPage\":{\"@id\":\"https:\\\/\\\/realidadturistica.com\\\/realtur\\\/uruguay-participa-del-debate-sobre-la-sostenibilidad-social-del-turismo-en-fitur-2026\\\/#primaryimage\"},\"image\":{\"@id\":\"https:\\\/\\\/realidadturistica.com\\\/realtur\\\/uruguay-participa-del-debate-sobre-la-sostenibilidad-social-del-turismo-en-fitur-2026\\\/#primaryimage\"},\"thumbnailUrl\":\"https:\\\/\\\/realidadturistica.com\\\/realtur\\\/wp-content\\\/uploads\\\/2026\\\/01\\\/Uruguay-participa.jpg\",\"datePublished\":\"2026-01-25T00:29:47+00:00\",\"dateModified\":\"2026-01-25T00:29:50+00:00\",\"breadcrumb\":{\"@id\":\"https:\\\/\\\/realidadturistica.com\\\/realtur\\\/uruguay-participa-del-debate-sobre-la-sostenibilidad-social-del-turismo-en-fitur-2026\\\/#breadcrumb\"},\"inLanguage\":\"es\",\"potentialAction\":[{\"@type\":\"ReadAction\",\"target\":[\"https:\\\/\\\/realidadturistica.com\\\/realtur\\\/uruguay-participa-del-debate-sobre-la-sostenibilidad-social-del-turismo-en-fitur-2026\\\/\"]}]},{\"@type\":\"ImageObject\",\"inLanguage\":\"es\",\"@id\":\"https:\\\/\\\/realidadturistica.com\\\/realtur\\\/uruguay-participa-del-debate-sobre-la-sostenibilidad-social-del-turismo-en-fitur-2026\\\/#primaryimage\",\"url\":\"https:\\\/\\\/realidadturistica.com\\\/realtur\\\/wp-content\\\/uploads\\\/2026\\\/01\\\/Uruguay-participa.jpg\",\"contentUrl\":\"https:\\\/\\\/realidadturistica.com\\\/realtur\\\/wp-content\\\/uploads\\\/2026\\\/01\\\/Uruguay-participa.jpg\",\"width\":945,\"height\":905},{\"@type\":\"BreadcrumbList\",\"@id\":\"https:\\\/\\\/realidadturistica.com\\\/realtur\\\/uruguay-participa-del-debate-sobre-la-sostenibilidad-social-del-turismo-en-fitur-2026\\\/#breadcrumb\",\"itemListElement\":[{\"@type\":\"ListItem\",\"position\":1,\"name\":\"Portada\",\"item\":\"https:\\\/\\\/realidadturistica.com\\\/realtur\\\/\"},{\"@type\":\"ListItem\",\"position\":2,\"name\":\"Uruguay participa del debate sobre la sostenibilidad social del turismo en FITUR 2026\"}]},{\"@type\":\"WebSite\",\"@id\":\"https:\\\/\\\/realidadturistica.com\\\/realtur\\\/#website\",\"url\":\"https:\\\/\\\/realidadturistica.com\\\/realtur\\\/\",\"name\":\"Realidad Tur\u00edstica\",\"description\":\"\",\"publisher\":{\"@id\":\"https:\\\/\\\/realidadturistica.com\\\/realtur\\\/#organization\"},\"potentialAction\":[{\"@type\":\"SearchAction\",\"target\":{\"@type\":\"EntryPoint\",\"urlTemplate\":\"https:\\\/\\\/realidadturistica.com\\\/realtur\\\/?s={search_term_string}\"},\"query-input\":{\"@type\":\"PropertyValueSpecification\",\"valueRequired\":true,\"valueName\":\"search_term_string\"}}],\"inLanguage\":\"es\"},{\"@type\":\"Organization\",\"@id\":\"https:\\\/\\\/realidadturistica.com\\\/realtur\\\/#organization\",\"name\":\"Realidad Tur\u00edstica\",\"url\":\"https:\\\/\\\/realidadturistica.com\\\/realtur\\\/\",\"logo\":{\"@type\":\"ImageObject\",\"inLanguage\":\"es\",\"@id\":\"https:\\\/\\\/realidadturistica.com\\\/realtur\\\/#\\\/schema\\\/logo\\\/image\\\/\",\"url\":\"https:\\\/\\\/realidadturistica.com\\\/realtur\\\/wp-content\\\/uploads\\\/2021\\\/12\\\/logotipo-realidad-turistica.png\",\"contentUrl\":\"https:\\\/\\\/realidadturistica.com\\\/realtur\\\/wp-content\\\/uploads\\\/2021\\\/12\\\/logotipo-realidad-turistica.png\",\"width\":1382,\"height\":629,\"caption\":\"Realidad Tur\u00edstica\"},\"image\":{\"@id\":\"https:\\\/\\\/realidadturistica.com\\\/realtur\\\/#\\\/schema\\\/logo\\\/image\\\/\"},\"sameAs\":[\"https:\\\/\\\/www.facebook.com\\\/realidadturistica\",\"https:\\\/\\\/www.instagram.com\\\/realidad_turistica\\\/\"]},{\"@type\":\"Person\",\"@id\":\"https:\\\/\\\/realidadturistica.com\\\/realtur\\\/#\\\/schema\\\/person\\\/ade671191202490fcf08ab21590de73e\",\"name\":\"Editor\",\"image\":{\"@type\":\"ImageObject\",\"inLanguage\":\"es\",\"@id\":\"https:\\\/\\\/realidadturistica.com\\\/realtur\\\/wp-content\\\/uploads\\\/2023\\\/09\\\/Editor_avatar_1693668634-96x96.png\",\"url\":\"https:\\\/\\\/realidadturistica.com\\\/realtur\\\/wp-content\\\/uploads\\\/2023\\\/09\\\/Editor_avatar_1693668634-96x96.png\",\"contentUrl\":\"https:\\\/\\\/realidadturistica.com\\\/realtur\\\/wp-content\\\/uploads\\\/2023\\\/09\\\/Editor_avatar_1693668634-96x96.png\",\"caption\":\"Editor\"},\"sameAs\":[\"https:\\\/\\\/realidadturistica.com\\\/realtur\"],\"url\":\"https:\\\/\\\/realidadturistica.com\\\/realtur\\\/author\\\/editor2\\\/\"}]}<\/script>\n<!-- \/ Yoast SEO Premium plugin. -->","yoast_head_json":{"title":"Uruguay participa del debate sobre la sostenibilidad social del turismo en FITUR 2026 - Realidad Tur\u00edstica","robots":{"index":"index","follow":"follow","max-snippet":"max-snippet:-1","max-image-preview":"max-image-preview:large","max-video-preview":"max-video-preview:-1"},"canonical":"https:\/\/realidadturistica.com\/realtur\/uruguay-participa-del-debate-sobre-la-sostenibilidad-social-del-turismo-en-fitur-2026\/","og_locale":"es_ES","og_type":"article","og_title":"Uruguay participa del debate sobre la sostenibilidad social del turismo en FITUR 2026","og_description":"Uruguay. En el marco de la Feria Internacional de Turismo (FITUR) 2026, Uruguay reafirm\u00f3 su compromiso con un desarrollo tur\u00edstico \u00e9tico, accesible e inclusivo mediante&hellip;","og_url":"https:\/\/realidadturistica.com\/realtur\/uruguay-participa-del-debate-sobre-la-sostenibilidad-social-del-turismo-en-fitur-2026\/","og_site_name":"Realidad Tur\u00edstica","article_publisher":"https:\/\/www.facebook.com\/realidadturistica","article_published_time":"2026-01-25T00:29:47+00:00","article_modified_time":"2026-01-25T00:29:50+00:00","og_image":[{"width":945,"height":905,"url":"https:\/\/realidadturistica.com\/realtur\/wp-content\/uploads\/2026\/01\/Uruguay-participa.jpg","type":"image\/jpeg"}],"author":"Editor","twitter_card":"summary_large_image","twitter_misc":{"Escrito por":"Editor","Tiempo de lectura":"2 minutos"},"schema":{"@context":"https:\/\/schema.org","@graph":[{"@type":"Article","@id":"https:\/\/realidadturistica.com\/realtur\/uruguay-participa-del-debate-sobre-la-sostenibilidad-social-del-turismo-en-fitur-2026\/#article","isPartOf":{"@id":"https:\/\/realidadturistica.com\/realtur\/uruguay-participa-del-debate-sobre-la-sostenibilidad-social-del-turismo-en-fitur-2026\/"},"author":{"name":"Editor","@id":"https:\/\/realidadturistica.com\/realtur\/#\/schema\/person\/ade671191202490fcf08ab21590de73e"},"headline":"Uruguay participa del debate sobre la sostenibilidad social del turismo en FITUR 2026","datePublished":"2026-01-25T00:29:47+00:00","dateModified":"2026-01-25T00:29:50+00:00","mainEntityOfPage":{"@id":"https:\/\/realidadturistica.com\/realtur\/uruguay-participa-del-debate-sobre-la-sostenibilidad-social-del-turismo-en-fitur-2026\/"},"wordCount":337,"commentCount":0,"publisher":{"@id":"https:\/\/realidadturistica.com\/realtur\/#organization"},"image":{"@id":"https:\/\/realidadturistica.com\/realtur\/uruguay-participa-del-debate-sobre-la-sostenibilidad-social-del-turismo-en-fitur-2026\/#primaryimage"},"thumbnailUrl":"https:\/\/realidadturistica.com\/realtur\/wp-content\/uploads\/2026\/01\/Uruguay-participa.jpg","articleSection":["Turismo"],"inLanguage":"es","potentialAction":[{"@type":"CommentAction","name":"Comment","target":["https:\/\/realidadturistica.com\/realtur\/uruguay-participa-del-debate-sobre-la-sostenibilidad-social-del-turismo-en-fitur-2026\/#respond"]}]},{"@type":"WebPage","@id":"https:\/\/realidadturistica.com\/realtur\/uruguay-participa-del-debate-sobre-la-sostenibilidad-social-del-turismo-en-fitur-2026\/","url":"https:\/\/realidadturistica.com\/realtur\/uruguay-participa-del-debate-sobre-la-sostenibilidad-social-del-turismo-en-fitur-2026\/","name":"Uruguay participa del debate sobre la sostenibilidad social del turismo en FITUR 2026 - Realidad Tur\u00edstica","isPartOf":{"@id":"https:\/\/realidadturistica.com\/realtur\/#website"},"primaryImageOfPage":{"@id":"https:\/\/realidadturistica.com\/realtur\/uruguay-participa-del-debate-sobre-la-sostenibilidad-social-del-turismo-en-fitur-2026\/#primaryimage"},"image":{"@id":"https:\/\/realidadturistica.com\/realtur\/uruguay-participa-del-debate-sobre-la-sostenibilidad-social-del-turismo-en-fitur-2026\/#primaryimage"},"thumbnailUrl":"https:\/\/realidadturistica.com\/realtur\/wp-content\/uploads\/2026\/01\/Uruguay-participa.jpg","datePublished":"2026-01-25T00:29:47+00:00","dateModified":"2026-01-25T00:29:50+00:00","breadcrumb":{"@id":"https:\/\/realidadturistica.com\/realtur\/uruguay-participa-del-debate-sobre-la-sostenibilidad-social-del-turismo-en-fitur-2026\/#breadcrumb"},"inLanguage":"es","potentialAction":[{"@type":"ReadAction","target":["https:\/\/realidadturistica.com\/realtur\/uruguay-participa-del-debate-sobre-la-sostenibilidad-social-del-turismo-en-fitur-2026\/"]}]},{"@type":"ImageObject","inLanguage":"es","@id":"https:\/\/realidadturistica.com\/realtur\/uruguay-participa-del-debate-sobre-la-sostenibilidad-social-del-turismo-en-fitur-2026\/#primaryimage","url":"https:\/\/realidadturistica.com\/realtur\/wp-content\/uploads\/2026\/01\/Uruguay-participa.jpg","contentUrl":"https:\/\/realidadturistica.com\/realtur\/wp-content\/uploads\/2026\/01\/Uruguay-participa.jpg","width":945,"height":905},{"@type":"BreadcrumbList","@id":"https:\/\/realidadturistica.com\/realtur\/uruguay-participa-del-debate-sobre-la-sostenibilidad-social-del-turismo-en-fitur-2026\/#breadcrumb","itemListElement":[{"@type":"ListItem","position":1,"name":"Portada","item":"https:\/\/realidadturistica.com\/realtur\/"},{"@type":"ListItem","position":2,"name":"Uruguay participa del debate sobre la sostenibilidad social del turismo en FITUR 2026"}]},{"@type":"WebSite","@id":"https:\/\/realidadturistica.com\/realtur\/#website","url":"https:\/\/realidadturistica.com\/realtur\/","name":"Realidad Tur\u00edstica","description":"","publisher":{"@id":"https:\/\/realidadturistica.com\/realtur\/#organization"},"potentialAction":[{"@type":"SearchAction","target":{"@type":"EntryPoint","urlTemplate":"https:\/\/realidadturistica.com\/realtur\/?s={search_term_string}"},"query-input":{"@type":"PropertyValueSpecification","valueRequired":true,"valueName":"search_term_string"}}],"inLanguage":"es"},{"@type":"Organization","@id":"https:\/\/realidadturistica.com\/realtur\/#organization","name":"Realidad Tur\u00edstica","url":"https:\/\/realidadturistica.com\/realtur\/","logo":{"@type":"ImageObject","inLanguage":"es","@id":"https:\/\/realidadturistica.com\/realtur\/#\/schema\/logo\/image\/","url":"https:\/\/realidadturistica.com\/realtur\/wp-content\/uploads\/2021\/12\/logotipo-realidad-turistica.png","contentUrl":"https:\/\/realidadturistica.com\/realtur\/wp-content\/uploads\/2021\/12\/logotipo-realidad-turistica.png","width":1382,"height":629,"caption":"Realidad Tur\u00edstica"},"image":{"@id":"https:\/\/realidadturistica.com\/realtur\/#\/schema\/logo\/image\/"},"sameAs":["https:\/\/www.facebook.com\/realidadturistica","https:\/\/www.instagram.com\/realidad_turistica\/"]},{"@type":"Person","@id":"https:\/\/realidadturistica.com\/realtur\/#\/schema\/person\/ade671191202490fcf08ab21590de73e","name":"Editor","image":{"@type":"ImageObject","inLanguage":"es","@id":"https:\/\/realidadturistica.com\/realtur\/wp-content\/uploads\/2023\/09\/Editor_avatar_1693668634-96x96.png","url":"https:\/\/realidadturistica.com\/realtur\/wp-content\/uploads\/2023\/09\/Editor_avatar_1693668634-96x96.png","contentUrl":"https:\/\/realidadturistica.com\/realtur\/wp-content\/uploads\/2023\/09\/Editor_avatar_1693668634-96x96.png","caption":"Editor"},"sameAs":["https:\/\/realidadturistica.com\/realtur"],"url":"https:\/\/realidadturistica.com\/realtur\/author\/editor2\/"}]}},"_links":{"self":[{"href":"https:\/\/realidadturistica.com\/realtur\/wp-json\/wp\/v2\/posts\/11707","targetHints":{"allow":["GET"]}}],"collection":[{"href":"https:\/\/realidadturistica.com\/realtur\/wp-json\/wp\/v2\/posts"}],"about":[{"href":"https:\/\/realidadturistica.com\/realtur\/wp-json\/wp\/v2\/types\/post"}],"author":[{"embeddable":true,"href":"https:\/\/realidadturistica.com\/realtur\/wp-json\/wp\/v2\/users\/2"}],"replies":[{"embeddable":true,"href":"https:\/\/realidadturistica.com\/realtur\/wp-json\/wp\/v2\/comments?post=11707"}],"version-history":[{"count":1,"href":"https:\/\/realidadturistica.com\/realtur\/wp-json\/wp\/v2\/posts\/11707\/revisions"}],"predecessor-version":[{"id":11709,"href":"https:\/\/realidadturistica.com\/realtur\/wp-json\/wp\/v2\/posts\/11707\/revisions\/11709"}],"wp:featuredmedia":[{"embeddable":true,"href":"https:\/\/realidadturistica.com\/realtur\/wp-json\/wp\/v2\/media\/11708"}],"wp:attachment":[{"href":"https:\/\/realidadturistica.com\/realtur\/wp-json\/wp\/v2\/media?parent=11707"}],"wp:term":[{"taxonomy":"category","embeddable":true,"href":"https:\/\/realidadturistica.com\/realtur\/wp-json\/wp\/v2\/categories?post=11707"},{"taxonomy":"post_tag","embeddable":true,"href":"https:\/\/realidadturistica.com\/realtur\/wp-json\/wp\/v2\/tags?post=11707"}],"curies":[{"name":"wp","href":"https:\/\/api.w.org\/{rel}","templated":true}]}}