{"id":11727,"date":"2026-01-27T17:56:53","date_gmt":"2026-01-27T23:56:53","guid":{"rendered":"https:\/\/realidadturistica.com\/realtur\/?p=11727"},"modified":"2026-01-27T17:56:55","modified_gmt":"2026-01-27T23:56:55","slug":"la-amit-yucatan-en-sinergia-con-sefotur-para-impulsar-el-turismo","status":"publish","type":"post","link":"https:\/\/realidadturistica.com\/realtur\/la-amit-yucatan-en-sinergia-con-sefotur-para-impulsar-el-turismo\/","title":{"rendered":"La AMIT Yucat\u00e1n, en sinergia con Sefotur para impulsar el turismo"},"content":{"rendered":"\n<p class=\"wp-block-yoast-seo-estimated-reading-time yoast-reading-time__wrapper\"><span class=\"yoast-reading-time__icon\"><svg aria-hidden=\"true\" focusable=\"false\" data-icon=\"clock\" width=\"20\" height=\"20\" fill=\"none\" stroke=\"currentColor\" style=\"display:inline-block;vertical-align:-0.1em\" role=\"img\" xmlns=\"http:\/\/www.w3.org\/2000\/svg\" viewBox=\"0 0 24 24\"><path stroke-linecap=\"round\" stroke-linejoin=\"round\" stroke-width=\"2\" d=\"M12 8v4l3 3m6-3a9 9 0 11-18 0 9 9 0 0118 0z\"><\/path><\/svg><\/span><span class=\"yoast-reading-time__spacer\" style=\"display:inline-block;width:1em\"><\/span><span class=\"yoast-reading-time__descriptive-text\">Estimated reading time: <\/span><span class=\"yoast-reading-time__reading-time\">4<\/span><span class=\"yoast-reading-time__time-unit\"> minutos<\/span><\/p>\n\n\n\n<p>M\u00e9xico. Rosa Isela Garc\u00eda felicita a la Secretar\u00eda de Fomento Tur\u00edstico por los resultados obtenidos en la FITUR de Madrid<\/p>\n\n\n\n<p>En el marco de su asamblea de socios, la Asociaci\u00f3n Mexicana de la Industria Tur\u00edstica (AMIT) Yucat\u00e1n manifest\u00f3 su disposici\u00f3n de apoyar y participar, junto con la Secretar\u00eda de Fomento Tur\u00edstico, en los eventos que se llevar\u00e1n a cabo este a\u00f1o en la entidad, como la Cumbre de Turismo de las Am\u00e9ricas y el K\u2019\u00ediwik: Feria Tur\u00edstica del Mundo Maya 2026.<\/p>\n\n\n\n<figure class=\"wp-block-image size-large\"><img fetchpriority=\"high\" decoding=\"async\" width=\"1024\" height=\"723\" src=\"https:\/\/realidadturistica.com\/realtur\/wp-content\/uploads\/2026\/01\/Unknown2-4-1024x723.jpeg\" alt=\"\" class=\"wp-image-11729\" srcset=\"https:\/\/realidadturistica.com\/realtur\/wp-content\/uploads\/2026\/01\/Unknown2-4-1024x723.jpeg 1024w, https:\/\/realidadturistica.com\/realtur\/wp-content\/uploads\/2026\/01\/Unknown2-4-300x212.jpeg 300w, https:\/\/realidadturistica.com\/realtur\/wp-content\/uploads\/2026\/01\/Unknown2-4-768x542.jpeg 768w, https:\/\/realidadturistica.com\/realtur\/wp-content\/uploads\/2026\/01\/Unknown2-4-1170x826.jpeg 1170w, https:\/\/realidadturistica.com\/realtur\/wp-content\/uploads\/2026\/01\/Unknown2-4-585x413.jpeg 585w, https:\/\/realidadturistica.com\/realtur\/wp-content\/uploads\/2026\/01\/Unknown2-4.jpeg 1280w\" sizes=\"(max-width: 1024px) 100vw, 1024px\" \/><\/figure>\n\n\n\n<p>En un plan de hacer sinergia con la Sefotur, Rosa Isela Garc\u00eda Pantoja, presidenta de esa agrupaci\u00f3n, afirm\u00f3 que sus agremiados est\u00e1n decididos a sumarse a estas y otras actividades que impulsen al sector tur\u00edstico, como los cursos de capacitaci\u00f3n, el desarrollo de proyectos de Astroturismo y turismo regenerativo, as\u00ed como la promoci\u00f3n de los productos del interior del estado, para llevar beneficios a las comunidades.<\/p>\n\n\n\n<p>En nombre de la AMIT Yucat\u00e1n, la consultora felicit\u00f3 a la Secretar\u00eda de Fomento Tur\u00edstico, representado en la reuni\u00f3n por Ra\u00fal Paz Noriega, subsecretario de Desarrollo Tur\u00edstico Sustentable, por los resultados obtenidos en la Feria Internacional de Turismo (Fitur) de Madrid, Espa\u00f1a, que le dieron una mayor proyecci\u00f3n a nuestra entidad.<\/p>\n\n\n\n<figure class=\"wp-block-image size-large\"><img decoding=\"async\" width=\"1024\" height=\"768\" src=\"https:\/\/realidadturistica.com\/realtur\/wp-content\/uploads\/2026\/01\/Unknown3-3-1024x768.jpeg\" alt=\"\" class=\"wp-image-11730\" srcset=\"https:\/\/realidadturistica.com\/realtur\/wp-content\/uploads\/2026\/01\/Unknown3-3-1024x768.jpeg 1024w, https:\/\/realidadturistica.com\/realtur\/wp-content\/uploads\/2026\/01\/Unknown3-3-300x225.jpeg 300w, https:\/\/realidadturistica.com\/realtur\/wp-content\/uploads\/2026\/01\/Unknown3-3-768x576.jpeg 768w, https:\/\/realidadturistica.com\/realtur\/wp-content\/uploads\/2026\/01\/Unknown3-3-1170x878.jpeg 1170w, https:\/\/realidadturistica.com\/realtur\/wp-content\/uploads\/2026\/01\/Unknown3-3-585x439.jpeg 585w, https:\/\/realidadturistica.com\/realtur\/wp-content\/uploads\/2026\/01\/Unknown3-3-1200x900.jpeg 1200w, https:\/\/realidadturistica.com\/realtur\/wp-content\/uploads\/2026\/01\/Unknown3-3.jpeg 1280w\" sizes=\"(max-width: 1024px) 100vw, 1024px\" \/><\/figure>\n\n\n\n<p>En voz de sus agremiados, Rosa Isela Garc\u00eda propuso al subsecretario que se realice este a\u00f1o un encuentro de negocios con los tour operadores m\u00e1s importantes de la Ciudad de M\u00e9xico, a fin de promover y comercializar la diversidad de productos que ofrecen y atraer m\u00e1s visitantes a Yucat\u00e1n.<\/p>\n\n\n<div class=\"wp-block-image\">\n<figure class=\"alignleft size-large is-resized\"><img decoding=\"async\" width=\"906\" height=\"1024\" src=\"https:\/\/realidadturistica.com\/realtur\/wp-content\/uploads\/2026\/01\/Unknown4-1-906x1024.jpeg\" alt=\"\" class=\"wp-image-11731\" style=\"aspect-ratio:0.8847717379722776;width:213px;height:auto\" srcset=\"https:\/\/realidadturistica.com\/realtur\/wp-content\/uploads\/2026\/01\/Unknown4-1-906x1024.jpeg 906w, https:\/\/realidadturistica.com\/realtur\/wp-content\/uploads\/2026\/01\/Unknown4-1-266x300.jpeg 266w, https:\/\/realidadturistica.com\/realtur\/wp-content\/uploads\/2026\/01\/Unknown4-1-768x868.jpeg 768w, https:\/\/realidadturistica.com\/realtur\/wp-content\/uploads\/2026\/01\/Unknown4-1-585x661.jpeg 585w, https:\/\/realidadturistica.com\/realtur\/wp-content\/uploads\/2026\/01\/Unknown4-1.jpeg 1133w\" sizes=\"(max-width: 906px) 100vw, 906px\" \/><\/figure>\n<\/div>\n\n\n<p>Paz Noriega ofreci\u00f3 que la Sefotur analizar\u00e1 esa solicitud e indic\u00f3 que una opci\u00f3n podr\u00eda ser organizar ese evento en el marco de la Semana de Yucat\u00e1n en M\u00e9xico, que atrae a miles de visitantes.<\/p>\n\n\n\n<p>Reci\u00e9n llegado de Madrid, el subsecretario hizo un recuento de los principales logros obtenidos en Fitur, entre los que figura, precisamente, la Cumbre de Turismo de las Am\u00e9ricas (Americas Tourism Summit ), el anuncio del K\u2019\u00ediwik: Feria Tur\u00edstica del Mundo Maya 2026 y el ingreso de Yucat\u00e1n en la Gu\u00eda para el Desarrollo del Astroturismo, creada por la ONU Turismo y la Fundaci\u00f3n Starlight, que reconoce el potencial que tiene nuestra entidad en ese segmento.<\/p>\n\n\n<div class=\"wp-block-image\">\n<figure class=\"alignright size-large is-resized\"><img loading=\"lazy\" decoding=\"async\" width=\"815\" height=\"1024\" src=\"https:\/\/realidadturistica.com\/realtur\/wp-content\/uploads\/2026\/01\/Unknown6-815x1024.jpeg\" alt=\"\" class=\"wp-image-11732\" style=\"aspect-ratio:0.7959048348550655;width:157px;height:auto\" srcset=\"https:\/\/realidadturistica.com\/realtur\/wp-content\/uploads\/2026\/01\/Unknown6-815x1024.jpeg 815w, https:\/\/realidadturistica.com\/realtur\/wp-content\/uploads\/2026\/01\/Unknown6-239x300.jpeg 239w, https:\/\/realidadturistica.com\/realtur\/wp-content\/uploads\/2026\/01\/Unknown6-768x965.jpeg 768w, https:\/\/realidadturistica.com\/realtur\/wp-content\/uploads\/2026\/01\/Unknown6-585x735.jpeg 585w, https:\/\/realidadturistica.com\/realtur\/wp-content\/uploads\/2026\/01\/Unknown6.jpeg 1019w\" sizes=\"(max-width: 815px) 100vw, 815px\" \/><\/figure>\n<\/div>\n\n\n<p>Asimismo, Paz Noriega invit\u00f3 a los socios de la AMIT Yucat\u00e1n a participar en los eventos de este a\u00f1o, como el K\u2019\u00ediwik, y a enviar su informaci\u00f3n para enriquecer la oferta del programa Conociendo Yucat\u00e1n y la plataforma yucatan.travel que difunde la Sefotur, a fin de generar una mayor afluencia a esos sitios tur\u00edsticos.<\/p>\n\n\n\n<p>Rosa Isela Garc\u00eda agradeci\u00f3 la invitaci\u00f3n, afirm\u00f3 que participar\u00e1n tanto en la Cumbre de Turismo como en el K\u2019\u00ediwik y pidi\u00f3&nbsp; a sus agremiados actualizar su informaci\u00f3n para aprovechar esos espacios de promoci\u00f3n.<\/p>\n\n\n\n<p>La presidenta de la AMIT recalc\u00f3 la importancia de trabajar de la mano con Sefotur para obtener mejores resultados e inyectar un mayor dinamismo a la actividad tur\u00edstica en Yucat\u00e1n.<\/p>\n\n\n\n<p>Sefotur<\/p>\n\n\n\n<p><\/p>\n","protected":false},"excerpt":{"rendered":"<p>M\u00e9xico. Rosa Isela Garc\u00eda felicita a la Secretar\u00eda de Fomento Tur\u00edstico por los resultados obtenidos en la FITUR de Madrid En el marco de su&hellip;<\/p>\n","protected":false},"author":2,"featured_media":11728,"comment_status":"open","ping_status":"closed","sticky":false,"template":"","format":"standard","meta":{"content-type":"","_lmt_disableupdate":"","_lmt_disable":"","footnotes":""},"categories":[4],"tags":[],"class_list":["post-11727","post","type-post","status-publish","format-standard","has-post-thumbnail","hentry","category-destinos"],"yoast_head":"<!-- This site is optimized with the Yoast SEO Premium plugin v27.4 (Yoast SEO v27.4) - https:\/\/yoast.com\/product\/yoast-seo-premium-wordpress\/ -->\n<title>La AMIT Yucat\u00e1n, en sinergia con Sefotur para impulsar el turismo - Realidad Tur\u00edstica<\/title>\n<meta name=\"robots\" content=\"index, follow, max-snippet:-1, max-image-preview:large, max-video-preview:-1\" \/>\n<link rel=\"canonical\" href=\"https:\/\/realidadturistica.com\/realtur\/la-amit-yucatan-en-sinergia-con-sefotur-para-impulsar-el-turismo\/\" \/>\n<meta property=\"og:locale\" content=\"es_ES\" \/>\n<meta property=\"og:type\" content=\"article\" \/>\n<meta property=\"og:title\" content=\"La AMIT Yucat\u00e1n, en sinergia con Sefotur para impulsar el turismo\" \/>\n<meta property=\"og:description\" content=\"M\u00e9xico. Rosa Isela Garc\u00eda felicita a la Secretar\u00eda de Fomento Tur\u00edstico por los resultados obtenidos en la FITUR de Madrid En el marco de su&hellip;\" \/>\n<meta property=\"og:url\" content=\"https:\/\/realidadturistica.com\/realtur\/la-amit-yucatan-en-sinergia-con-sefotur-para-impulsar-el-turismo\/\" \/>\n<meta property=\"og:site_name\" content=\"Realidad Tur\u00edstica\" \/>\n<meta property=\"article:publisher\" content=\"https:\/\/www.facebook.com\/realidadturistica\" \/>\n<meta property=\"article:published_time\" content=\"2026-01-27T23:56:53+00:00\" \/>\n<meta property=\"article:modified_time\" content=\"2026-01-27T23:56:55+00:00\" \/>\n<meta property=\"og:image\" content=\"https:\/\/realidadturistica.com\/realtur\/wp-content\/uploads\/2026\/01\/Unknown1-3.jpeg\" \/>\n\t<meta property=\"og:image:width\" content=\"1280\" \/>\n\t<meta property=\"og:image:height\" content=\"1022\" \/>\n\t<meta property=\"og:image:type\" content=\"image\/jpeg\" \/>\n<meta name=\"author\" content=\"Editor\" \/>\n<meta name=\"twitter:card\" content=\"summary_large_image\" \/>\n<meta name=\"twitter:label1\" content=\"Escrito por\" \/>\n\t<meta name=\"twitter:data1\" content=\"Editor\" \/>\n\t<meta name=\"twitter:label2\" content=\"Tiempo de lectura\" \/>\n\t<meta name=\"twitter:data2\" content=\"4 minutos\" \/>\n<script type=\"application\/ld+json\" class=\"yoast-schema-graph\">{\"@context\":\"https:\\\/\\\/schema.org\",\"@graph\":[{\"@type\":\"Article\",\"@id\":\"https:\\\/\\\/realidadturistica.com\\\/realtur\\\/la-amit-yucatan-en-sinergia-con-sefotur-para-impulsar-el-turismo\\\/#article\",\"isPartOf\":{\"@id\":\"https:\\\/\\\/realidadturistica.com\\\/realtur\\\/la-amit-yucatan-en-sinergia-con-sefotur-para-impulsar-el-turismo\\\/\"},\"author\":{\"name\":\"Editor\",\"@id\":\"https:\\\/\\\/realidadturistica.com\\\/realtur\\\/#\\\/schema\\\/person\\\/ade671191202490fcf08ab21590de73e\"},\"headline\":\"La AMIT Yucat\u00e1n, en sinergia con Sefotur para impulsar el turismo\",\"datePublished\":\"2026-01-27T23:56:53+00:00\",\"dateModified\":\"2026-01-27T23:56:55+00:00\",\"mainEntityOfPage\":{\"@id\":\"https:\\\/\\\/realidadturistica.com\\\/realtur\\\/la-amit-yucatan-en-sinergia-con-sefotur-para-impulsar-el-turismo\\\/\"},\"wordCount\":550,\"commentCount\":0,\"publisher\":{\"@id\":\"https:\\\/\\\/realidadturistica.com\\\/realtur\\\/#organization\"},\"image\":{\"@id\":\"https:\\\/\\\/realidadturistica.com\\\/realtur\\\/la-amit-yucatan-en-sinergia-con-sefotur-para-impulsar-el-turismo\\\/#primaryimage\"},\"thumbnailUrl\":\"https:\\\/\\\/realidadturistica.com\\\/realtur\\\/wp-content\\\/uploads\\\/2026\\\/01\\\/Unknown1-3.jpeg\",\"articleSection\":[\"Destinos M\u00e1gicos\"],\"inLanguage\":\"es\",\"potentialAction\":[{\"@type\":\"CommentAction\",\"name\":\"Comment\",\"target\":[\"https:\\\/\\\/realidadturistica.com\\\/realtur\\\/la-amit-yucatan-en-sinergia-con-sefotur-para-impulsar-el-turismo\\\/#respond\"]}]},{\"@type\":\"WebPage\",\"@id\":\"https:\\\/\\\/realidadturistica.com\\\/realtur\\\/la-amit-yucatan-en-sinergia-con-sefotur-para-impulsar-el-turismo\\\/\",\"url\":\"https:\\\/\\\/realidadturistica.com\\\/realtur\\\/la-amit-yucatan-en-sinergia-con-sefotur-para-impulsar-el-turismo\\\/\",\"name\":\"La AMIT Yucat\u00e1n, en sinergia con Sefotur para impulsar el turismo - Realidad Tur\u00edstica\",\"isPartOf\":{\"@id\":\"https:\\\/\\\/realidadturistica.com\\\/realtur\\\/#website\"},\"primaryImageOfPage\":{\"@id\":\"https:\\\/\\\/realidadturistica.com\\\/realtur\\\/la-amit-yucatan-en-sinergia-con-sefotur-para-impulsar-el-turismo\\\/#primaryimage\"},\"image\":{\"@id\":\"https:\\\/\\\/realidadturistica.com\\\/realtur\\\/la-amit-yucatan-en-sinergia-con-sefotur-para-impulsar-el-turismo\\\/#primaryimage\"},\"thumbnailUrl\":\"https:\\\/\\\/realidadturistica.com\\\/realtur\\\/wp-content\\\/uploads\\\/2026\\\/01\\\/Unknown1-3.jpeg\",\"datePublished\":\"2026-01-27T23:56:53+00:00\",\"dateModified\":\"2026-01-27T23:56:55+00:00\",\"breadcrumb\":{\"@id\":\"https:\\\/\\\/realidadturistica.com\\\/realtur\\\/la-amit-yucatan-en-sinergia-con-sefotur-para-impulsar-el-turismo\\\/#breadcrumb\"},\"inLanguage\":\"es\",\"potentialAction\":[{\"@type\":\"ReadAction\",\"target\":[\"https:\\\/\\\/realidadturistica.com\\\/realtur\\\/la-amit-yucatan-en-sinergia-con-sefotur-para-impulsar-el-turismo\\\/\"]}]},{\"@type\":\"ImageObject\",\"inLanguage\":\"es\",\"@id\":\"https:\\\/\\\/realidadturistica.com\\\/realtur\\\/la-amit-yucatan-en-sinergia-con-sefotur-para-impulsar-el-turismo\\\/#primaryimage\",\"url\":\"https:\\\/\\\/realidadturistica.com\\\/realtur\\\/wp-content\\\/uploads\\\/2026\\\/01\\\/Unknown1-3.jpeg\",\"contentUrl\":\"https:\\\/\\\/realidadturistica.com\\\/realtur\\\/wp-content\\\/uploads\\\/2026\\\/01\\\/Unknown1-3.jpeg\",\"width\":1280,\"height\":1022},{\"@type\":\"BreadcrumbList\",\"@id\":\"https:\\\/\\\/realidadturistica.com\\\/realtur\\\/la-amit-yucatan-en-sinergia-con-sefotur-para-impulsar-el-turismo\\\/#breadcrumb\",\"itemListElement\":[{\"@type\":\"ListItem\",\"position\":1,\"name\":\"Portada\",\"item\":\"https:\\\/\\\/realidadturistica.com\\\/realtur\\\/\"},{\"@type\":\"ListItem\",\"position\":2,\"name\":\"La AMIT Yucat\u00e1n, en sinergia con Sefotur para impulsar el turismo\"}]},{\"@type\":\"WebSite\",\"@id\":\"https:\\\/\\\/realidadturistica.com\\\/realtur\\\/#website\",\"url\":\"https:\\\/\\\/realidadturistica.com\\\/realtur\\\/\",\"name\":\"Realidad Tur\u00edstica\",\"description\":\"\",\"publisher\":{\"@id\":\"https:\\\/\\\/realidadturistica.com\\\/realtur\\\/#organization\"},\"potentialAction\":[{\"@type\":\"SearchAction\",\"target\":{\"@type\":\"EntryPoint\",\"urlTemplate\":\"https:\\\/\\\/realidadturistica.com\\\/realtur\\\/?s={search_term_string}\"},\"query-input\":{\"@type\":\"PropertyValueSpecification\",\"valueRequired\":true,\"valueName\":\"search_term_string\"}}],\"inLanguage\":\"es\"},{\"@type\":\"Organization\",\"@id\":\"https:\\\/\\\/realidadturistica.com\\\/realtur\\\/#organization\",\"name\":\"Realidad Tur\u00edstica\",\"url\":\"https:\\\/\\\/realidadturistica.com\\\/realtur\\\/\",\"logo\":{\"@type\":\"ImageObject\",\"inLanguage\":\"es\",\"@id\":\"https:\\\/\\\/realidadturistica.com\\\/realtur\\\/#\\\/schema\\\/logo\\\/image\\\/\",\"url\":\"https:\\\/\\\/realidadturistica.com\\\/realtur\\\/wp-content\\\/uploads\\\/2021\\\/12\\\/logotipo-realidad-turistica.png\",\"contentUrl\":\"https:\\\/\\\/realidadturistica.com\\\/realtur\\\/wp-content\\\/uploads\\\/2021\\\/12\\\/logotipo-realidad-turistica.png\",\"width\":1382,\"height\":629,\"caption\":\"Realidad Tur\u00edstica\"},\"image\":{\"@id\":\"https:\\\/\\\/realidadturistica.com\\\/realtur\\\/#\\\/schema\\\/logo\\\/image\\\/\"},\"sameAs\":[\"https:\\\/\\\/www.facebook.com\\\/realidadturistica\",\"https:\\\/\\\/www.instagram.com\\\/realidad_turistica\\\/\"]},{\"@type\":\"Person\",\"@id\":\"https:\\\/\\\/realidadturistica.com\\\/realtur\\\/#\\\/schema\\\/person\\\/ade671191202490fcf08ab21590de73e\",\"name\":\"Editor\",\"image\":{\"@type\":\"ImageObject\",\"inLanguage\":\"es\",\"@id\":\"https:\\\/\\\/realidadturistica.com\\\/realtur\\\/wp-content\\\/uploads\\\/2023\\\/09\\\/Editor_avatar_1693668634-96x96.png\",\"url\":\"https:\\\/\\\/realidadturistica.com\\\/realtur\\\/wp-content\\\/uploads\\\/2023\\\/09\\\/Editor_avatar_1693668634-96x96.png\",\"contentUrl\":\"https:\\\/\\\/realidadturistica.com\\\/realtur\\\/wp-content\\\/uploads\\\/2023\\\/09\\\/Editor_avatar_1693668634-96x96.png\",\"caption\":\"Editor\"},\"sameAs\":[\"https:\\\/\\\/realidadturistica.com\\\/realtur\"],\"url\":\"https:\\\/\\\/realidadturistica.com\\\/realtur\\\/author\\\/editor2\\\/\"}]}<\/script>\n<!-- \/ Yoast SEO Premium plugin. -->","yoast_head_json":{"title":"La AMIT Yucat\u00e1n, en sinergia con Sefotur para impulsar el turismo - Realidad Tur\u00edstica","robots":{"index":"index","follow":"follow","max-snippet":"max-snippet:-1","max-image-preview":"max-image-preview:large","max-video-preview":"max-video-preview:-1"},"canonical":"https:\/\/realidadturistica.com\/realtur\/la-amit-yucatan-en-sinergia-con-sefotur-para-impulsar-el-turismo\/","og_locale":"es_ES","og_type":"article","og_title":"La AMIT Yucat\u00e1n, en sinergia con Sefotur para impulsar el turismo","og_description":"M\u00e9xico. Rosa Isela Garc\u00eda felicita a la Secretar\u00eda de Fomento Tur\u00edstico por los resultados obtenidos en la FITUR de Madrid En el marco de su&hellip;","og_url":"https:\/\/realidadturistica.com\/realtur\/la-amit-yucatan-en-sinergia-con-sefotur-para-impulsar-el-turismo\/","og_site_name":"Realidad Tur\u00edstica","article_publisher":"https:\/\/www.facebook.com\/realidadturistica","article_published_time":"2026-01-27T23:56:53+00:00","article_modified_time":"2026-01-27T23:56:55+00:00","og_image":[{"width":1280,"height":1022,"url":"https:\/\/realidadturistica.com\/realtur\/wp-content\/uploads\/2026\/01\/Unknown1-3.jpeg","type":"image\/jpeg"}],"author":"Editor","twitter_card":"summary_large_image","twitter_misc":{"Escrito por":"Editor","Tiempo de lectura":"4 minutos"},"schema":{"@context":"https:\/\/schema.org","@graph":[{"@type":"Article","@id":"https:\/\/realidadturistica.com\/realtur\/la-amit-yucatan-en-sinergia-con-sefotur-para-impulsar-el-turismo\/#article","isPartOf":{"@id":"https:\/\/realidadturistica.com\/realtur\/la-amit-yucatan-en-sinergia-con-sefotur-para-impulsar-el-turismo\/"},"author":{"name":"Editor","@id":"https:\/\/realidadturistica.com\/realtur\/#\/schema\/person\/ade671191202490fcf08ab21590de73e"},"headline":"La AMIT Yucat\u00e1n, en sinergia con Sefotur para impulsar el turismo","datePublished":"2026-01-27T23:56:53+00:00","dateModified":"2026-01-27T23:56:55+00:00","mainEntityOfPage":{"@id":"https:\/\/realidadturistica.com\/realtur\/la-amit-yucatan-en-sinergia-con-sefotur-para-impulsar-el-turismo\/"},"wordCount":550,"commentCount":0,"publisher":{"@id":"https:\/\/realidadturistica.com\/realtur\/#organization"},"image":{"@id":"https:\/\/realidadturistica.com\/realtur\/la-amit-yucatan-en-sinergia-con-sefotur-para-impulsar-el-turismo\/#primaryimage"},"thumbnailUrl":"https:\/\/realidadturistica.com\/realtur\/wp-content\/uploads\/2026\/01\/Unknown1-3.jpeg","articleSection":["Destinos M\u00e1gicos"],"inLanguage":"es","potentialAction":[{"@type":"CommentAction","name":"Comment","target":["https:\/\/realidadturistica.com\/realtur\/la-amit-yucatan-en-sinergia-con-sefotur-para-impulsar-el-turismo\/#respond"]}]},{"@type":"WebPage","@id":"https:\/\/realidadturistica.com\/realtur\/la-amit-yucatan-en-sinergia-con-sefotur-para-impulsar-el-turismo\/","url":"https:\/\/realidadturistica.com\/realtur\/la-amit-yucatan-en-sinergia-con-sefotur-para-impulsar-el-turismo\/","name":"La AMIT Yucat\u00e1n, en sinergia con Sefotur para impulsar el turismo - Realidad Tur\u00edstica","isPartOf":{"@id":"https:\/\/realidadturistica.com\/realtur\/#website"},"primaryImageOfPage":{"@id":"https:\/\/realidadturistica.com\/realtur\/la-amit-yucatan-en-sinergia-con-sefotur-para-impulsar-el-turismo\/#primaryimage"},"image":{"@id":"https:\/\/realidadturistica.com\/realtur\/la-amit-yucatan-en-sinergia-con-sefotur-para-impulsar-el-turismo\/#primaryimage"},"thumbnailUrl":"https:\/\/realidadturistica.com\/realtur\/wp-content\/uploads\/2026\/01\/Unknown1-3.jpeg","datePublished":"2026-01-27T23:56:53+00:00","dateModified":"2026-01-27T23:56:55+00:00","breadcrumb":{"@id":"https:\/\/realidadturistica.com\/realtur\/la-amit-yucatan-en-sinergia-con-sefotur-para-impulsar-el-turismo\/#breadcrumb"},"inLanguage":"es","potentialAction":[{"@type":"ReadAction","target":["https:\/\/realidadturistica.com\/realtur\/la-amit-yucatan-en-sinergia-con-sefotur-para-impulsar-el-turismo\/"]}]},{"@type":"ImageObject","inLanguage":"es","@id":"https:\/\/realidadturistica.com\/realtur\/la-amit-yucatan-en-sinergia-con-sefotur-para-impulsar-el-turismo\/#primaryimage","url":"https:\/\/realidadturistica.com\/realtur\/wp-content\/uploads\/2026\/01\/Unknown1-3.jpeg","contentUrl":"https:\/\/realidadturistica.com\/realtur\/wp-content\/uploads\/2026\/01\/Unknown1-3.jpeg","width":1280,"height":1022},{"@type":"BreadcrumbList","@id":"https:\/\/realidadturistica.com\/realtur\/la-amit-yucatan-en-sinergia-con-sefotur-para-impulsar-el-turismo\/#breadcrumb","itemListElement":[{"@type":"ListItem","position":1,"name":"Portada","item":"https:\/\/realidadturistica.com\/realtur\/"},{"@type":"ListItem","position":2,"name":"La AMIT Yucat\u00e1n, en sinergia con Sefotur para impulsar el turismo"}]},{"@type":"WebSite","@id":"https:\/\/realidadturistica.com\/realtur\/#website","url":"https:\/\/realidadturistica.com\/realtur\/","name":"Realidad Tur\u00edstica","description":"","publisher":{"@id":"https:\/\/realidadturistica.com\/realtur\/#organization"},"potentialAction":[{"@type":"SearchAction","target":{"@type":"EntryPoint","urlTemplate":"https:\/\/realidadturistica.com\/realtur\/?s={search_term_string}"},"query-input":{"@type":"PropertyValueSpecification","valueRequired":true,"valueName":"search_term_string"}}],"inLanguage":"es"},{"@type":"Organization","@id":"https:\/\/realidadturistica.com\/realtur\/#organization","name":"Realidad Tur\u00edstica","url":"https:\/\/realidadturistica.com\/realtur\/","logo":{"@type":"ImageObject","inLanguage":"es","@id":"https:\/\/realidadturistica.com\/realtur\/#\/schema\/logo\/image\/","url":"https:\/\/realidadturistica.com\/realtur\/wp-content\/uploads\/2021\/12\/logotipo-realidad-turistica.png","contentUrl":"https:\/\/realidadturistica.com\/realtur\/wp-content\/uploads\/2021\/12\/logotipo-realidad-turistica.png","width":1382,"height":629,"caption":"Realidad Tur\u00edstica"},"image":{"@id":"https:\/\/realidadturistica.com\/realtur\/#\/schema\/logo\/image\/"},"sameAs":["https:\/\/www.facebook.com\/realidadturistica","https:\/\/www.instagram.com\/realidad_turistica\/"]},{"@type":"Person","@id":"https:\/\/realidadturistica.com\/realtur\/#\/schema\/person\/ade671191202490fcf08ab21590de73e","name":"Editor","image":{"@type":"ImageObject","inLanguage":"es","@id":"https:\/\/realidadturistica.com\/realtur\/wp-content\/uploads\/2023\/09\/Editor_avatar_1693668634-96x96.png","url":"https:\/\/realidadturistica.com\/realtur\/wp-content\/uploads\/2023\/09\/Editor_avatar_1693668634-96x96.png","contentUrl":"https:\/\/realidadturistica.com\/realtur\/wp-content\/uploads\/2023\/09\/Editor_avatar_1693668634-96x96.png","caption":"Editor"},"sameAs":["https:\/\/realidadturistica.com\/realtur"],"url":"https:\/\/realidadturistica.com\/realtur\/author\/editor2\/"}]}},"_links":{"self":[{"href":"https:\/\/realidadturistica.com\/realtur\/wp-json\/wp\/v2\/posts\/11727","targetHints":{"allow":["GET"]}}],"collection":[{"href":"https:\/\/realidadturistica.com\/realtur\/wp-json\/wp\/v2\/posts"}],"about":[{"href":"https:\/\/realidadturistica.com\/realtur\/wp-json\/wp\/v2\/types\/post"}],"author":[{"embeddable":true,"href":"https:\/\/realidadturistica.com\/realtur\/wp-json\/wp\/v2\/users\/2"}],"replies":[{"embeddable":true,"href":"https:\/\/realidadturistica.com\/realtur\/wp-json\/wp\/v2\/comments?post=11727"}],"version-history":[{"count":1,"href":"https:\/\/realidadturistica.com\/realtur\/wp-json\/wp\/v2\/posts\/11727\/revisions"}],"predecessor-version":[{"id":11733,"href":"https:\/\/realidadturistica.com\/realtur\/wp-json\/wp\/v2\/posts\/11727\/revisions\/11733"}],"wp:featuredmedia":[{"embeddable":true,"href":"https:\/\/realidadturistica.com\/realtur\/wp-json\/wp\/v2\/media\/11728"}],"wp:attachment":[{"href":"https:\/\/realidadturistica.com\/realtur\/wp-json\/wp\/v2\/media?parent=11727"}],"wp:term":[{"taxonomy":"category","embeddable":true,"href":"https:\/\/realidadturistica.com\/realtur\/wp-json\/wp\/v2\/categories?post=11727"},{"taxonomy":"post_tag","embeddable":true,"href":"https:\/\/realidadturistica.com\/realtur\/wp-json\/wp\/v2\/tags?post=11727"}],"curies":[{"name":"wp","href":"https:\/\/api.w.org\/{rel}","templated":true}]}}