{"id":11734,"date":"2026-01-27T17:57:55","date_gmt":"2026-01-27T23:57:55","guid":{"rendered":"https:\/\/realidadturistica.com\/realtur\/?p=11734"},"modified":"2026-01-27T17:57:58","modified_gmt":"2026-01-27T23:57:58","slug":"valladolid-espanola-y-la-mexicana-se-hermanaran-en-mayo-proximo","status":"publish","type":"post","link":"https:\/\/realidadturistica.com\/realtur\/valladolid-espanola-y-la-mexicana-se-hermanaran-en-mayo-proximo\/","title":{"rendered":"Valladolid espa\u00f1ola y la mexicana se hermanar\u00e1n en mayo pr\u00f3ximo"},"content":{"rendered":"\n<p class=\"wp-block-yoast-seo-estimated-reading-time yoast-reading-time__wrapper\"><span class=\"yoast-reading-time__icon\"><svg aria-hidden=\"true\" focusable=\"false\" data-icon=\"clock\" width=\"20\" height=\"20\" fill=\"none\" stroke=\"currentColor\" style=\"display:inline-block;vertical-align:-0.1em\" role=\"img\" xmlns=\"http:\/\/www.w3.org\/2000\/svg\" viewBox=\"0 0 24 24\"><path stroke-linecap=\"round\" stroke-linejoin=\"round\" stroke-width=\"2\" d=\"M12 8v4l3 3m6-3a9 9 0 11-18 0 9 9 0 0118 0z\"><\/path><\/svg><\/span><span class=\"yoast-reading-time__spacer\" style=\"display:inline-block;width:1em\"><\/span><span class=\"yoast-reading-time__descriptive-text\">Estimated reading time: <\/span><span class=\"yoast-reading-time__reading-time\">2<\/span><span class=\"yoast-reading-time__time-unit\"> minutos<\/span><\/p>\n\n\n\n<p>M\u00e9xico. El acuerdo, anunciado durante la Fitur 2026, fortalecer\u00e1 el intercambio cultural y tur\u00edstico, as\u00ed como el desarrollo econ\u00f3mico entre ambas ciudades.<\/p>\n\n\n\n<p>En la recta final de la Feria Internacional de Turismo (Fitur) 2026, realizada en Madrid, el Gobierno del Estado, a trav\u00e9s de la Secretar\u00eda de Fomento Tur\u00edstico (Sefotur), respald\u00f3 el acuerdo de hermanamiento entre los municipios de Valladolid, Yucat\u00e1n, y Valladolid, Espa\u00f1a, cuya firma est\u00e1 prevista para mayo de este a\u00f1o.<\/p>\n\n\n\n<p>El acuerdo tiene como objetivo fortalecer la cooperaci\u00f3n internacional, impulsar el turismo y promover el desarrollo econ\u00f3mico, a partir de los lazos hist\u00f3ricos, culturales y gastron\u00f3micos que unen a ambas ciudades.<\/p>\n\n\n\n<p>El encuentro se llev\u00f3 a cabo en el stand de Yucat\u00e1n en Fitur y fue encabezado por el secretario de Fomento Tur\u00edstico, Dar\u00edo Flota Ocampo, y el alcalde de Valladolid, Espa\u00f1a, Jes\u00fas Julio Carnero Garc\u00eda. Tambi\u00e9n participaron la concejala delegada de Turismo, Eventos y Marca Ciudad, Blanca Jim\u00e9nez Cuadrillero, y el subsecretario de Desarrollo Tur\u00edstico Sustentable, Ra\u00fal Paz Noriega.<\/p>\n\n\n\n<p>Durante el di\u00e1logo sostenido en Fitur, ambas delegaciones coincidieron en la importancia de formalizar esta alianza, cuya firma se contempla para el pr\u00f3ximo 13 de mayo, en la ciudad de Valladolid, Espa\u00f1a, con la participaci\u00f3n de autoridades estatales y municipales de ambas partes.<\/p>\n\n\n\n<figure class=\"wp-block-image size-large\"><img fetchpriority=\"high\" decoding=\"async\" width=\"1024\" height=\"683\" src=\"https:\/\/realidadturistica.com\/realtur\/wp-content\/uploads\/2026\/01\/Valladolid2-1024x683.jpg\" alt=\"\" class=\"wp-image-11736\" srcset=\"https:\/\/realidadturistica.com\/realtur\/wp-content\/uploads\/2026\/01\/Valladolid2-1024x683.jpg 1024w, https:\/\/realidadturistica.com\/realtur\/wp-content\/uploads\/2026\/01\/Valladolid2-300x200.jpg 300w, https:\/\/realidadturistica.com\/realtur\/wp-content\/uploads\/2026\/01\/Valladolid2-768x512.jpg 768w, https:\/\/realidadturistica.com\/realtur\/wp-content\/uploads\/2026\/01\/Valladolid2-1536x1024.jpg 1536w, https:\/\/realidadturistica.com\/realtur\/wp-content\/uploads\/2026\/01\/Valladolid2-1170x780.jpg 1170w, https:\/\/realidadturistica.com\/realtur\/wp-content\/uploads\/2026\/01\/Valladolid2-585x390.jpg 585w, https:\/\/realidadturistica.com\/realtur\/wp-content\/uploads\/2026\/01\/Valladolid2-263x175.jpg 263w, https:\/\/realidadturistica.com\/realtur\/wp-content\/uploads\/2026\/01\/Valladolid2.jpg 1600w\" sizes=\"(max-width: 1024px) 100vw, 1024px\" \/><\/figure>\n\n\n\n<p>El v\u00ednculo institucional se sustenta en los lazos hist\u00f3ricos y culturales que conectan a ambas ciudades desde el siglo XVI, y destaca la fundaci\u00f3n de Valladolid, Yucat\u00e1n, el 28 de mayo de 1543, ciudad que adopt\u00f3 su nombre en homenaje a la localidad espa\u00f1ola.<\/p>\n\n\n\n<p>Asimismo, se resalt\u00f3 la herencia compartida de la Orden Franciscana, presente hist\u00f3ricamente en ambas comunidades, adem\u00e1s de la riqueza patrimonial, cultural y gastron\u00f3mica que distingue a ambas ciudades y representa un atractivo tur\u00edstico de relevancia.<\/p>\n\n\n\n<p>El protocolo de hermanamiento tiene como prop\u00f3sito fortalecer el entendimiento mutuo, promover el intercambio de experiencias y fomentar el desarrollo de iniciativas conjuntas en sectores estrat\u00e9gicos, como el cultural, el econ\u00f3mico y el tur\u00edstico.<\/p>\n\n\n\n<p>Este avance registrado durante Fitur 2026 consolida una relaci\u00f3n institucional orientada a convertirse en una alianza duradera entre Valladolid, Espa\u00f1a, y su ciudad hom\u00f3nima en Yucat\u00e1n.<\/p>\n\n\n\n<p>Sefotur<\/p>\n","protected":false},"excerpt":{"rendered":"<p>M\u00e9xico. El acuerdo, anunciado durante la Fitur 2026, fortalecer\u00e1 el intercambio cultural y tur\u00edstico, as\u00ed como el desarrollo econ\u00f3mico entre ambas ciudades. En la recta&hellip;<\/p>\n","protected":false},"author":2,"featured_media":11735,"comment_status":"open","ping_status":"closed","sticky":false,"template":"","format":"standard","meta":{"content-type":"","_lmt_disableupdate":"","_lmt_disable":"","footnotes":""},"categories":[6],"tags":[],"class_list":["post-11734","post","type-post","status-publish","format-standard","has-post-thumbnail","hentry","category-turismo"],"yoast_head":"<!-- This site is optimized with the Yoast SEO Premium plugin v27.4 (Yoast SEO v27.4) - https:\/\/yoast.com\/product\/yoast-seo-premium-wordpress\/ -->\n<title>Valladolid espa\u00f1ola y la mexicana se hermanar\u00e1n en mayo pr\u00f3ximo - Realidad Tur\u00edstica<\/title>\n<meta name=\"robots\" content=\"index, follow, max-snippet:-1, max-image-preview:large, max-video-preview:-1\" \/>\n<link rel=\"canonical\" href=\"https:\/\/realidadturistica.com\/realtur\/valladolid-espanola-y-la-mexicana-se-hermanaran-en-mayo-proximo\/\" \/>\n<meta property=\"og:locale\" content=\"es_ES\" \/>\n<meta property=\"og:type\" content=\"article\" \/>\n<meta property=\"og:title\" content=\"Valladolid espa\u00f1ola y la mexicana se hermanar\u00e1n en mayo pr\u00f3ximo\" \/>\n<meta property=\"og:description\" content=\"M\u00e9xico. El acuerdo, anunciado durante la Fitur 2026, fortalecer\u00e1 el intercambio cultural y tur\u00edstico, as\u00ed como el desarrollo econ\u00f3mico entre ambas ciudades. En la recta&hellip;\" \/>\n<meta property=\"og:url\" content=\"https:\/\/realidadturistica.com\/realtur\/valladolid-espanola-y-la-mexicana-se-hermanaran-en-mayo-proximo\/\" \/>\n<meta property=\"og:site_name\" content=\"Realidad Tur\u00edstica\" \/>\n<meta property=\"article:publisher\" content=\"https:\/\/www.facebook.com\/realidadturistica\" \/>\n<meta property=\"article:published_time\" content=\"2026-01-27T23:57:55+00:00\" \/>\n<meta property=\"article:modified_time\" content=\"2026-01-27T23:57:58+00:00\" \/>\n<meta property=\"og:image\" content=\"https:\/\/realidadturistica.com\/realtur\/wp-content\/uploads\/2026\/01\/Valladolid.jpg\" \/>\n\t<meta property=\"og:image:width\" content=\"1600\" \/>\n\t<meta property=\"og:image:height\" content=\"1200\" \/>\n\t<meta property=\"og:image:type\" content=\"image\/jpeg\" \/>\n<meta name=\"author\" content=\"Editor\" \/>\n<meta name=\"twitter:card\" content=\"summary_large_image\" \/>\n<meta name=\"twitter:label1\" content=\"Escrito por\" \/>\n\t<meta name=\"twitter:data1\" content=\"Editor\" \/>\n\t<meta name=\"twitter:label2\" content=\"Tiempo de lectura\" \/>\n\t<meta name=\"twitter:data2\" content=\"2 minutos\" \/>\n<script type=\"application\/ld+json\" class=\"yoast-schema-graph\">{\"@context\":\"https:\\\/\\\/schema.org\",\"@graph\":[{\"@type\":\"Article\",\"@id\":\"https:\\\/\\\/realidadturistica.com\\\/realtur\\\/valladolid-espanola-y-la-mexicana-se-hermanaran-en-mayo-proximo\\\/#article\",\"isPartOf\":{\"@id\":\"https:\\\/\\\/realidadturistica.com\\\/realtur\\\/valladolid-espanola-y-la-mexicana-se-hermanaran-en-mayo-proximo\\\/\"},\"author\":{\"name\":\"Editor\",\"@id\":\"https:\\\/\\\/realidadturistica.com\\\/realtur\\\/#\\\/schema\\\/person\\\/ade671191202490fcf08ab21590de73e\"},\"headline\":\"Valladolid espa\u00f1ola y la mexicana se hermanar\u00e1n en mayo pr\u00f3ximo\",\"datePublished\":\"2026-01-27T23:57:55+00:00\",\"dateModified\":\"2026-01-27T23:57:58+00:00\",\"mainEntityOfPage\":{\"@id\":\"https:\\\/\\\/realidadturistica.com\\\/realtur\\\/valladolid-espanola-y-la-mexicana-se-hermanaran-en-mayo-proximo\\\/\"},\"wordCount\":401,\"commentCount\":0,\"publisher\":{\"@id\":\"https:\\\/\\\/realidadturistica.com\\\/realtur\\\/#organization\"},\"image\":{\"@id\":\"https:\\\/\\\/realidadturistica.com\\\/realtur\\\/valladolid-espanola-y-la-mexicana-se-hermanaran-en-mayo-proximo\\\/#primaryimage\"},\"thumbnailUrl\":\"https:\\\/\\\/realidadturistica.com\\\/realtur\\\/wp-content\\\/uploads\\\/2026\\\/01\\\/Valladolid.jpg\",\"articleSection\":[\"Turismo\"],\"inLanguage\":\"es\",\"potentialAction\":[{\"@type\":\"CommentAction\",\"name\":\"Comment\",\"target\":[\"https:\\\/\\\/realidadturistica.com\\\/realtur\\\/valladolid-espanola-y-la-mexicana-se-hermanaran-en-mayo-proximo\\\/#respond\"]}]},{\"@type\":\"WebPage\",\"@id\":\"https:\\\/\\\/realidadturistica.com\\\/realtur\\\/valladolid-espanola-y-la-mexicana-se-hermanaran-en-mayo-proximo\\\/\",\"url\":\"https:\\\/\\\/realidadturistica.com\\\/realtur\\\/valladolid-espanola-y-la-mexicana-se-hermanaran-en-mayo-proximo\\\/\",\"name\":\"Valladolid espa\u00f1ola y la mexicana se hermanar\u00e1n en mayo pr\u00f3ximo - Realidad Tur\u00edstica\",\"isPartOf\":{\"@id\":\"https:\\\/\\\/realidadturistica.com\\\/realtur\\\/#website\"},\"primaryImageOfPage\":{\"@id\":\"https:\\\/\\\/realidadturistica.com\\\/realtur\\\/valladolid-espanola-y-la-mexicana-se-hermanaran-en-mayo-proximo\\\/#primaryimage\"},\"image\":{\"@id\":\"https:\\\/\\\/realidadturistica.com\\\/realtur\\\/valladolid-espanola-y-la-mexicana-se-hermanaran-en-mayo-proximo\\\/#primaryimage\"},\"thumbnailUrl\":\"https:\\\/\\\/realidadturistica.com\\\/realtur\\\/wp-content\\\/uploads\\\/2026\\\/01\\\/Valladolid.jpg\",\"datePublished\":\"2026-01-27T23:57:55+00:00\",\"dateModified\":\"2026-01-27T23:57:58+00:00\",\"breadcrumb\":{\"@id\":\"https:\\\/\\\/realidadturistica.com\\\/realtur\\\/valladolid-espanola-y-la-mexicana-se-hermanaran-en-mayo-proximo\\\/#breadcrumb\"},\"inLanguage\":\"es\",\"potentialAction\":[{\"@type\":\"ReadAction\",\"target\":[\"https:\\\/\\\/realidadturistica.com\\\/realtur\\\/valladolid-espanola-y-la-mexicana-se-hermanaran-en-mayo-proximo\\\/\"]}]},{\"@type\":\"ImageObject\",\"inLanguage\":\"es\",\"@id\":\"https:\\\/\\\/realidadturistica.com\\\/realtur\\\/valladolid-espanola-y-la-mexicana-se-hermanaran-en-mayo-proximo\\\/#primaryimage\",\"url\":\"https:\\\/\\\/realidadturistica.com\\\/realtur\\\/wp-content\\\/uploads\\\/2026\\\/01\\\/Valladolid.jpg\",\"contentUrl\":\"https:\\\/\\\/realidadturistica.com\\\/realtur\\\/wp-content\\\/uploads\\\/2026\\\/01\\\/Valladolid.jpg\",\"width\":1600,\"height\":1200},{\"@type\":\"BreadcrumbList\",\"@id\":\"https:\\\/\\\/realidadturistica.com\\\/realtur\\\/valladolid-espanola-y-la-mexicana-se-hermanaran-en-mayo-proximo\\\/#breadcrumb\",\"itemListElement\":[{\"@type\":\"ListItem\",\"position\":1,\"name\":\"Portada\",\"item\":\"https:\\\/\\\/realidadturistica.com\\\/realtur\\\/\"},{\"@type\":\"ListItem\",\"position\":2,\"name\":\"Valladolid espa\u00f1ola y la mexicana se hermanar\u00e1n en mayo pr\u00f3ximo\"}]},{\"@type\":\"WebSite\",\"@id\":\"https:\\\/\\\/realidadturistica.com\\\/realtur\\\/#website\",\"url\":\"https:\\\/\\\/realidadturistica.com\\\/realtur\\\/\",\"name\":\"Realidad Tur\u00edstica\",\"description\":\"\",\"publisher\":{\"@id\":\"https:\\\/\\\/realidadturistica.com\\\/realtur\\\/#organization\"},\"potentialAction\":[{\"@type\":\"SearchAction\",\"target\":{\"@type\":\"EntryPoint\",\"urlTemplate\":\"https:\\\/\\\/realidadturistica.com\\\/realtur\\\/?s={search_term_string}\"},\"query-input\":{\"@type\":\"PropertyValueSpecification\",\"valueRequired\":true,\"valueName\":\"search_term_string\"}}],\"inLanguage\":\"es\"},{\"@type\":\"Organization\",\"@id\":\"https:\\\/\\\/realidadturistica.com\\\/realtur\\\/#organization\",\"name\":\"Realidad Tur\u00edstica\",\"url\":\"https:\\\/\\\/realidadturistica.com\\\/realtur\\\/\",\"logo\":{\"@type\":\"ImageObject\",\"inLanguage\":\"es\",\"@id\":\"https:\\\/\\\/realidadturistica.com\\\/realtur\\\/#\\\/schema\\\/logo\\\/image\\\/\",\"url\":\"https:\\\/\\\/realidadturistica.com\\\/realtur\\\/wp-content\\\/uploads\\\/2021\\\/12\\\/logotipo-realidad-turistica.png\",\"contentUrl\":\"https:\\\/\\\/realidadturistica.com\\\/realtur\\\/wp-content\\\/uploads\\\/2021\\\/12\\\/logotipo-realidad-turistica.png\",\"width\":1382,\"height\":629,\"caption\":\"Realidad Tur\u00edstica\"},\"image\":{\"@id\":\"https:\\\/\\\/realidadturistica.com\\\/realtur\\\/#\\\/schema\\\/logo\\\/image\\\/\"},\"sameAs\":[\"https:\\\/\\\/www.facebook.com\\\/realidadturistica\",\"https:\\\/\\\/www.instagram.com\\\/realidad_turistica\\\/\"]},{\"@type\":\"Person\",\"@id\":\"https:\\\/\\\/realidadturistica.com\\\/realtur\\\/#\\\/schema\\\/person\\\/ade671191202490fcf08ab21590de73e\",\"name\":\"Editor\",\"image\":{\"@type\":\"ImageObject\",\"inLanguage\":\"es\",\"@id\":\"https:\\\/\\\/realidadturistica.com\\\/realtur\\\/wp-content\\\/uploads\\\/2023\\\/09\\\/Editor_avatar_1693668634-96x96.png\",\"url\":\"https:\\\/\\\/realidadturistica.com\\\/realtur\\\/wp-content\\\/uploads\\\/2023\\\/09\\\/Editor_avatar_1693668634-96x96.png\",\"contentUrl\":\"https:\\\/\\\/realidadturistica.com\\\/realtur\\\/wp-content\\\/uploads\\\/2023\\\/09\\\/Editor_avatar_1693668634-96x96.png\",\"caption\":\"Editor\"},\"sameAs\":[\"https:\\\/\\\/realidadturistica.com\\\/realtur\"],\"url\":\"https:\\\/\\\/realidadturistica.com\\\/realtur\\\/author\\\/editor2\\\/\"}]}<\/script>\n<!-- \/ Yoast SEO Premium plugin. -->","yoast_head_json":{"title":"Valladolid espa\u00f1ola y la mexicana se hermanar\u00e1n en mayo pr\u00f3ximo - Realidad Tur\u00edstica","robots":{"index":"index","follow":"follow","max-snippet":"max-snippet:-1","max-image-preview":"max-image-preview:large","max-video-preview":"max-video-preview:-1"},"canonical":"https:\/\/realidadturistica.com\/realtur\/valladolid-espanola-y-la-mexicana-se-hermanaran-en-mayo-proximo\/","og_locale":"es_ES","og_type":"article","og_title":"Valladolid espa\u00f1ola y la mexicana se hermanar\u00e1n en mayo pr\u00f3ximo","og_description":"M\u00e9xico. El acuerdo, anunciado durante la Fitur 2026, fortalecer\u00e1 el intercambio cultural y tur\u00edstico, as\u00ed como el desarrollo econ\u00f3mico entre ambas ciudades. En la recta&hellip;","og_url":"https:\/\/realidadturistica.com\/realtur\/valladolid-espanola-y-la-mexicana-se-hermanaran-en-mayo-proximo\/","og_site_name":"Realidad Tur\u00edstica","article_publisher":"https:\/\/www.facebook.com\/realidadturistica","article_published_time":"2026-01-27T23:57:55+00:00","article_modified_time":"2026-01-27T23:57:58+00:00","og_image":[{"width":1600,"height":1200,"url":"https:\/\/realidadturistica.com\/realtur\/wp-content\/uploads\/2026\/01\/Valladolid.jpg","type":"image\/jpeg"}],"author":"Editor","twitter_card":"summary_large_image","twitter_misc":{"Escrito por":"Editor","Tiempo de lectura":"2 minutos"},"schema":{"@context":"https:\/\/schema.org","@graph":[{"@type":"Article","@id":"https:\/\/realidadturistica.com\/realtur\/valladolid-espanola-y-la-mexicana-se-hermanaran-en-mayo-proximo\/#article","isPartOf":{"@id":"https:\/\/realidadturistica.com\/realtur\/valladolid-espanola-y-la-mexicana-se-hermanaran-en-mayo-proximo\/"},"author":{"name":"Editor","@id":"https:\/\/realidadturistica.com\/realtur\/#\/schema\/person\/ade671191202490fcf08ab21590de73e"},"headline":"Valladolid espa\u00f1ola y la mexicana se hermanar\u00e1n en mayo pr\u00f3ximo","datePublished":"2026-01-27T23:57:55+00:00","dateModified":"2026-01-27T23:57:58+00:00","mainEntityOfPage":{"@id":"https:\/\/realidadturistica.com\/realtur\/valladolid-espanola-y-la-mexicana-se-hermanaran-en-mayo-proximo\/"},"wordCount":401,"commentCount":0,"publisher":{"@id":"https:\/\/realidadturistica.com\/realtur\/#organization"},"image":{"@id":"https:\/\/realidadturistica.com\/realtur\/valladolid-espanola-y-la-mexicana-se-hermanaran-en-mayo-proximo\/#primaryimage"},"thumbnailUrl":"https:\/\/realidadturistica.com\/realtur\/wp-content\/uploads\/2026\/01\/Valladolid.jpg","articleSection":["Turismo"],"inLanguage":"es","potentialAction":[{"@type":"CommentAction","name":"Comment","target":["https:\/\/realidadturistica.com\/realtur\/valladolid-espanola-y-la-mexicana-se-hermanaran-en-mayo-proximo\/#respond"]}]},{"@type":"WebPage","@id":"https:\/\/realidadturistica.com\/realtur\/valladolid-espanola-y-la-mexicana-se-hermanaran-en-mayo-proximo\/","url":"https:\/\/realidadturistica.com\/realtur\/valladolid-espanola-y-la-mexicana-se-hermanaran-en-mayo-proximo\/","name":"Valladolid espa\u00f1ola y la mexicana se hermanar\u00e1n en mayo pr\u00f3ximo - Realidad Tur\u00edstica","isPartOf":{"@id":"https:\/\/realidadturistica.com\/realtur\/#website"},"primaryImageOfPage":{"@id":"https:\/\/realidadturistica.com\/realtur\/valladolid-espanola-y-la-mexicana-se-hermanaran-en-mayo-proximo\/#primaryimage"},"image":{"@id":"https:\/\/realidadturistica.com\/realtur\/valladolid-espanola-y-la-mexicana-se-hermanaran-en-mayo-proximo\/#primaryimage"},"thumbnailUrl":"https:\/\/realidadturistica.com\/realtur\/wp-content\/uploads\/2026\/01\/Valladolid.jpg","datePublished":"2026-01-27T23:57:55+00:00","dateModified":"2026-01-27T23:57:58+00:00","breadcrumb":{"@id":"https:\/\/realidadturistica.com\/realtur\/valladolid-espanola-y-la-mexicana-se-hermanaran-en-mayo-proximo\/#breadcrumb"},"inLanguage":"es","potentialAction":[{"@type":"ReadAction","target":["https:\/\/realidadturistica.com\/realtur\/valladolid-espanola-y-la-mexicana-se-hermanaran-en-mayo-proximo\/"]}]},{"@type":"ImageObject","inLanguage":"es","@id":"https:\/\/realidadturistica.com\/realtur\/valladolid-espanola-y-la-mexicana-se-hermanaran-en-mayo-proximo\/#primaryimage","url":"https:\/\/realidadturistica.com\/realtur\/wp-content\/uploads\/2026\/01\/Valladolid.jpg","contentUrl":"https:\/\/realidadturistica.com\/realtur\/wp-content\/uploads\/2026\/01\/Valladolid.jpg","width":1600,"height":1200},{"@type":"BreadcrumbList","@id":"https:\/\/realidadturistica.com\/realtur\/valladolid-espanola-y-la-mexicana-se-hermanaran-en-mayo-proximo\/#breadcrumb","itemListElement":[{"@type":"ListItem","position":1,"name":"Portada","item":"https:\/\/realidadturistica.com\/realtur\/"},{"@type":"ListItem","position":2,"name":"Valladolid espa\u00f1ola y la mexicana se hermanar\u00e1n en mayo pr\u00f3ximo"}]},{"@type":"WebSite","@id":"https:\/\/realidadturistica.com\/realtur\/#website","url":"https:\/\/realidadturistica.com\/realtur\/","name":"Realidad Tur\u00edstica","description":"","publisher":{"@id":"https:\/\/realidadturistica.com\/realtur\/#organization"},"potentialAction":[{"@type":"SearchAction","target":{"@type":"EntryPoint","urlTemplate":"https:\/\/realidadturistica.com\/realtur\/?s={search_term_string}"},"query-input":{"@type":"PropertyValueSpecification","valueRequired":true,"valueName":"search_term_string"}}],"inLanguage":"es"},{"@type":"Organization","@id":"https:\/\/realidadturistica.com\/realtur\/#organization","name":"Realidad Tur\u00edstica","url":"https:\/\/realidadturistica.com\/realtur\/","logo":{"@type":"ImageObject","inLanguage":"es","@id":"https:\/\/realidadturistica.com\/realtur\/#\/schema\/logo\/image\/","url":"https:\/\/realidadturistica.com\/realtur\/wp-content\/uploads\/2021\/12\/logotipo-realidad-turistica.png","contentUrl":"https:\/\/realidadturistica.com\/realtur\/wp-content\/uploads\/2021\/12\/logotipo-realidad-turistica.png","width":1382,"height":629,"caption":"Realidad Tur\u00edstica"},"image":{"@id":"https:\/\/realidadturistica.com\/realtur\/#\/schema\/logo\/image\/"},"sameAs":["https:\/\/www.facebook.com\/realidadturistica","https:\/\/www.instagram.com\/realidad_turistica\/"]},{"@type":"Person","@id":"https:\/\/realidadturistica.com\/realtur\/#\/schema\/person\/ade671191202490fcf08ab21590de73e","name":"Editor","image":{"@type":"ImageObject","inLanguage":"es","@id":"https:\/\/realidadturistica.com\/realtur\/wp-content\/uploads\/2023\/09\/Editor_avatar_1693668634-96x96.png","url":"https:\/\/realidadturistica.com\/realtur\/wp-content\/uploads\/2023\/09\/Editor_avatar_1693668634-96x96.png","contentUrl":"https:\/\/realidadturistica.com\/realtur\/wp-content\/uploads\/2023\/09\/Editor_avatar_1693668634-96x96.png","caption":"Editor"},"sameAs":["https:\/\/realidadturistica.com\/realtur"],"url":"https:\/\/realidadturistica.com\/realtur\/author\/editor2\/"}]}},"_links":{"self":[{"href":"https:\/\/realidadturistica.com\/realtur\/wp-json\/wp\/v2\/posts\/11734","targetHints":{"allow":["GET"]}}],"collection":[{"href":"https:\/\/realidadturistica.com\/realtur\/wp-json\/wp\/v2\/posts"}],"about":[{"href":"https:\/\/realidadturistica.com\/realtur\/wp-json\/wp\/v2\/types\/post"}],"author":[{"embeddable":true,"href":"https:\/\/realidadturistica.com\/realtur\/wp-json\/wp\/v2\/users\/2"}],"replies":[{"embeddable":true,"href":"https:\/\/realidadturistica.com\/realtur\/wp-json\/wp\/v2\/comments?post=11734"}],"version-history":[{"count":1,"href":"https:\/\/realidadturistica.com\/realtur\/wp-json\/wp\/v2\/posts\/11734\/revisions"}],"predecessor-version":[{"id":11737,"href":"https:\/\/realidadturistica.com\/realtur\/wp-json\/wp\/v2\/posts\/11734\/revisions\/11737"}],"wp:featuredmedia":[{"embeddable":true,"href":"https:\/\/realidadturistica.com\/realtur\/wp-json\/wp\/v2\/media\/11735"}],"wp:attachment":[{"href":"https:\/\/realidadturistica.com\/realtur\/wp-json\/wp\/v2\/media?parent=11734"}],"wp:term":[{"taxonomy":"category","embeddable":true,"href":"https:\/\/realidadturistica.com\/realtur\/wp-json\/wp\/v2\/categories?post=11734"},{"taxonomy":"post_tag","embeddable":true,"href":"https:\/\/realidadturistica.com\/realtur\/wp-json\/wp\/v2\/tags?post=11734"}],"curies":[{"name":"wp","href":"https:\/\/api.w.org\/{rel}","templated":true}]}}