{"id":11757,"date":"2026-01-30T11:27:20","date_gmt":"2026-01-30T17:27:20","guid":{"rendered":"https:\/\/realidadturistica.com\/realtur\/?p=11757"},"modified":"2026-01-30T11:27:23","modified_gmt":"2026-01-30T17:27:23","slug":"sedeculta-promueve-el-acceso-a-los-acervos-historicos-de-la-biblioteca-yucatanense","status":"publish","type":"post","link":"https:\/\/realidadturistica.com\/realtur\/sedeculta-promueve-el-acceso-a-los-acervos-historicos-de-la-biblioteca-yucatanense\/","title":{"rendered":"Sedeculta promueve el acceso a los acervos hist\u00f3ricos de la Biblioteca Yucatanense"},"content":{"rendered":"\n<p class=\"wp-block-yoast-seo-estimated-reading-time yoast-reading-time__wrapper\"><span class=\"yoast-reading-time__icon\"><svg aria-hidden=\"true\" focusable=\"false\" data-icon=\"clock\" width=\"20\" height=\"20\" fill=\"none\" stroke=\"currentColor\" style=\"display:inline-block;vertical-align:-0.1em\" role=\"img\" xmlns=\"http:\/\/www.w3.org\/2000\/svg\" viewBox=\"0 0 24 24\"><path stroke-linecap=\"round\" stroke-linejoin=\"round\" stroke-width=\"2\" d=\"M12 8v4l3 3m6-3a9 9 0 11-18 0 9 9 0 0118 0z\"><\/path><\/svg><\/span><span class=\"yoast-reading-time__spacer\" style=\"display:inline-block;width:1em\"><\/span><span class=\"yoast-reading-time__descriptive-text\">Estimated reading time: <\/span><span class=\"yoast-reading-time__reading-time\">4<\/span><span class=\"yoast-reading-time__time-unit\"> minutos<\/span><\/p>\n\n\n\n<p>A trav\u00e9s de las Jornadas de Puertas Abiertas, la Biblioteca Yucatanense difunde su trabajo y el de todo su equipo para la preservaci\u00f3n y protecci\u00f3n de la historia del estado, poni\u00e9ndolo al acceso del p\u00fablico en general y especializado en la investigaci\u00f3n social.<\/p>\n\n\n\n<p>M\u00e9rida, Yuc., a 30 de enero 2026.- La Biblioteca Yucatanense de la Secretar\u00eda de la Cultura y las Artes (Sedeculta) realiz\u00f3 su segunda edici\u00f3n de Jornadas de Puertas Abiertas, a trav\u00e9s de la cual promueve e invita a la poblaci\u00f3n en general a conocer sus acervos y el trabajo del personal que trabaja en la preservaci\u00f3n y difusi\u00f3n de la memoria documental peninsular.<\/p>\n\n\n\n<figure class=\"wp-block-image size-large\"><img fetchpriority=\"high\" decoding=\"async\" width=\"1024\" height=\"716\" src=\"https:\/\/realidadturistica.com\/realtur\/wp-content\/uploads\/2026\/01\/Yucatanense-6-1024x716.jpg\" alt=\"\" class=\"wp-image-11759\" srcset=\"https:\/\/realidadturistica.com\/realtur\/wp-content\/uploads\/2026\/01\/Yucatanense-6-1024x716.jpg 1024w, https:\/\/realidadturistica.com\/realtur\/wp-content\/uploads\/2026\/01\/Yucatanense-6-300x210.jpg 300w, https:\/\/realidadturistica.com\/realtur\/wp-content\/uploads\/2026\/01\/Yucatanense-6-768x537.jpg 768w, https:\/\/realidadturistica.com\/realtur\/wp-content\/uploads\/2026\/01\/Yucatanense-6-1536x1074.jpg 1536w, https:\/\/realidadturistica.com\/realtur\/wp-content\/uploads\/2026\/01\/Yucatanense-6-1170x818.jpg 1170w, https:\/\/realidadturistica.com\/realtur\/wp-content\/uploads\/2026\/01\/Yucatanense-6-585x409.jpg 585w, https:\/\/realidadturistica.com\/realtur\/wp-content\/uploads\/2026\/01\/Yucatanense-6.jpg 1600w\" sizes=\"(max-width: 1024px) 100vw, 1024px\" \/><\/figure>\n\n\n\n<p>Durante dos d\u00edas, este recinto que recuper\u00f3 su nombre en el Gobierno del Renacimiento Maya, ofreci\u00f3 al p\u00fablico en general y especializado un recorrido con acceso total a cada una de las instalaciones en las que resguarda archivos impresos, de audio y audiovisuales que forman parte de diversas colecciones sobre la memoria de hechos, arquitectura y personajes de Yucat\u00e1n.<\/p>\n\n\n\n<p>Las y los visitantes conocieron espacios como el Fondo Reservado, la Hemeroteca y las \u00e1reas de preservaci\u00f3n, curadur\u00eda y conservaci\u00f3n de documentos que hoy ocupan este edificio que adem\u00e1s fue la casa de la Maestra Consuelo Zavala Castillo, formadora de maestras rurales e integrante del Comit\u00e9 Organizador del Primer Congreso Feminista en Yucat\u00e1n, en 1916, as\u00ed como tambi\u00e9n la sede del Diario del Sureste por m\u00e1s de medio siglo.<\/p>\n\n\n\n<figure class=\"wp-block-image size-large\"><img decoding=\"async\" width=\"1024\" height=\"682\" src=\"https:\/\/realidadturistica.com\/realtur\/wp-content\/uploads\/2026\/01\/Yucatanense-3-1024x682.jpg\" alt=\"\" class=\"wp-image-11760\" srcset=\"https:\/\/realidadturistica.com\/realtur\/wp-content\/uploads\/2026\/01\/Yucatanense-3-1024x682.jpg 1024w, https:\/\/realidadturistica.com\/realtur\/wp-content\/uploads\/2026\/01\/Yucatanense-3-300x200.jpg 300w, https:\/\/realidadturistica.com\/realtur\/wp-content\/uploads\/2026\/01\/Yucatanense-3-768x512.jpg 768w, https:\/\/realidadturistica.com\/realtur\/wp-content\/uploads\/2026\/01\/Yucatanense-3-1536x1023.jpg 1536w, https:\/\/realidadturistica.com\/realtur\/wp-content\/uploads\/2026\/01\/Yucatanense-3-1170x780.jpg 1170w, https:\/\/realidadturistica.com\/realtur\/wp-content\/uploads\/2026\/01\/Yucatanense-3-585x390.jpg 585w, https:\/\/realidadturistica.com\/realtur\/wp-content\/uploads\/2026\/01\/Yucatanense-3-263x175.jpg 263w, https:\/\/realidadturistica.com\/realtur\/wp-content\/uploads\/2026\/01\/Yucatanense-3.jpg 1600w\" sizes=\"(max-width: 1024px) 100vw, 1024px\" \/><\/figure>\n\n\n\n<p>Las y los visitantes vivieron una experiencia en la que tambi\u00e9n dialogaron con las y los especialistas que forman parte del equipo de la Biblioteca para conocer c\u00f3mo trabajan, la relevancia del papel que desempe\u00f1an y su convicci\u00f3n de ser guardianes de la historia.<\/p>\n\n\n\n<p>Adem\u00e1s, las Jornadas de Puertas Abiertas dieron la oportunidad de participar en recorridos para conocer las \u00e1reas que com\u00fanmente no son visitadas por el p\u00fablico en general o no especializado, as\u00ed como en talleres de encuadernaci\u00f3n b\u00e1sica, fotobordado y proyecciones audiovisuales, entre otras actividades.<\/p>\n\n\n\n<p>Desde las 9:00 horas hasta las 18:00 horas, la Biblioteca Yucatanense desarroll\u00f3 actividades en espacios interactivos para explorar archivos y servicios de informaci\u00f3n, jugar memoramas hist\u00f3ricos, escuchar m\u00fasica de anta\u00f1o o grabaciones hist\u00f3ricas, adem\u00e1s de contar con un m\u00f3dulo de fomento a la lectura organizado en colaboraci\u00f3n con el Colectivo de Librer\u00edas Itinerantes de Yucat\u00e1n (COLIBRIY), as\u00ed como un taller de Lengua de Se\u00f1as Mexicana con el apoyo de la Sala de Lectura Inclusiva.<\/p>\n\n\n\n<p>La Coordinadora de la Biblioteca Yucatanense, Kandy Ruiz Gonz\u00e1lez, expres\u00f3 que esta segunda edici\u00f3n de las Jornadas de Puertas Abiertas genera una oportunidad de acercar a todas las personas a conocer el trabajo y las historias de cada integrante y especialistas que conforman el equipo de este recinto cultural.<\/p>\n\n\n\n<figure class=\"wp-block-image size-large\"><img decoding=\"async\" width=\"1024\" height=\"682\" src=\"https:\/\/realidadturistica.com\/realtur\/wp-content\/uploads\/2026\/01\/Yucatanense-4-1024x682.jpg\" alt=\"\" class=\"wp-image-11761\" srcset=\"https:\/\/realidadturistica.com\/realtur\/wp-content\/uploads\/2026\/01\/Yucatanense-4-1024x682.jpg 1024w, https:\/\/realidadturistica.com\/realtur\/wp-content\/uploads\/2026\/01\/Yucatanense-4-300x200.jpg 300w, https:\/\/realidadturistica.com\/realtur\/wp-content\/uploads\/2026\/01\/Yucatanense-4-768x512.jpg 768w, https:\/\/realidadturistica.com\/realtur\/wp-content\/uploads\/2026\/01\/Yucatanense-4-1536x1023.jpg 1536w, https:\/\/realidadturistica.com\/realtur\/wp-content\/uploads\/2026\/01\/Yucatanense-4-1170x780.jpg 1170w, https:\/\/realidadturistica.com\/realtur\/wp-content\/uploads\/2026\/01\/Yucatanense-4-585x390.jpg 585w, https:\/\/realidadturistica.com\/realtur\/wp-content\/uploads\/2026\/01\/Yucatanense-4-263x175.jpg 263w, https:\/\/realidadturistica.com\/realtur\/wp-content\/uploads\/2026\/01\/Yucatanense-4.jpg 1600w\" sizes=\"(max-width: 1024px) 100vw, 1024px\" \/><\/figure>\n\n\n\n<p>Invit\u00f3 al p\u00fablico en general a visitar la Biblioteca todo el tiempo y agradeci\u00f3 a quienes fueron parte de esta ocasi\u00f3n especial en la que destac\u00f3 entre otras actividades el Taller Lengua de Se\u00f1as Mexicana para Bibliotecarios \u201cporque creemos que los acervos y la memoria hist\u00f3rica tiene que mirar al Siglo XXI con perspectiva de g\u00e9nero, desde la diversidad y con inclusi\u00f3n\u201d.<\/p>\n\n\n\n<p>Durante el primer d\u00eda las Jornadas, el d\u00eda 29 pasado, la Biblioteca Yucatanense cont\u00f3 con la presencia de las Coordinadoras del Sistema Bibliotecario y de la Biblioteca Central de la Universidad Aut\u00f3noma de Yucat\u00e1n (UADY), Ligia Ancona Mart\u00ednez y Norma Ang\u00e9lica Arceo Cruz, respectivamente; la Coordinadora de la Casa de la Historia de la Educaci\u00f3n de la Secretar\u00eda de Educaci\u00f3n del Gobierno de Yucat\u00e1n (SEGEY), Maestra Erika del Carmen Trujillo P\u00e9rez; el Jefe del Departamento de Fomento Literario de la Sedeculta, Joaqu\u00edn Tamayo Aranda y el Maestro Carlos Sol\u00eds, en representaci\u00f3n del Colectivo COLIBRIY.<\/p>\n\n\n\n<p>Sedeculta<\/p>\n","protected":false},"excerpt":{"rendered":"<p>A trav\u00e9s de las Jornadas de Puertas Abiertas, la Biblioteca Yucatanense difunde su trabajo y el de todo su equipo para la preservaci\u00f3n y protecci\u00f3n&hellip;<\/p>\n","protected":false},"author":2,"featured_media":11758,"comment_status":"open","ping_status":"closed","sticky":false,"template":"","format":"standard","meta":{"content-type":"","_lmt_disableupdate":"","_lmt_disable":"","footnotes":""},"categories":[58],"tags":[],"class_list":["post-11757","post","type-post","status-publish","format-standard","has-post-thumbnail","hentry","category-culturales"],"yoast_head":"<!-- This site is optimized with the Yoast SEO Premium plugin v27.4 (Yoast SEO v27.5) - https:\/\/yoast.com\/product\/yoast-seo-premium-wordpress\/ -->\n<title>Sedeculta promueve el acceso a los acervos hist\u00f3ricos de la Biblioteca Yucatanense - Realidad Tur\u00edstica<\/title>\n<meta name=\"robots\" content=\"index, follow, max-snippet:-1, max-image-preview:large, max-video-preview:-1\" \/>\n<link rel=\"canonical\" href=\"https:\/\/realidadturistica.com\/realtur\/sedeculta-promueve-el-acceso-a-los-acervos-historicos-de-la-biblioteca-yucatanense\/\" \/>\n<meta property=\"og:locale\" content=\"es_ES\" \/>\n<meta property=\"og:type\" content=\"article\" \/>\n<meta property=\"og:title\" content=\"Sedeculta promueve el acceso a los acervos hist\u00f3ricos de la Biblioteca Yucatanense\" \/>\n<meta property=\"og:description\" content=\"A trav\u00e9s de las Jornadas de Puertas Abiertas, la Biblioteca Yucatanense difunde su trabajo y el de todo su equipo para la preservaci\u00f3n y protecci\u00f3n&hellip;\" \/>\n<meta property=\"og:url\" content=\"https:\/\/realidadturistica.com\/realtur\/sedeculta-promueve-el-acceso-a-los-acervos-historicos-de-la-biblioteca-yucatanense\/\" \/>\n<meta property=\"og:site_name\" content=\"Realidad Tur\u00edstica\" \/>\n<meta property=\"article:publisher\" content=\"https:\/\/www.facebook.com\/realidadturistica\" \/>\n<meta property=\"article:published_time\" content=\"2026-01-30T17:27:20+00:00\" \/>\n<meta property=\"article:modified_time\" content=\"2026-01-30T17:27:23+00:00\" \/>\n<meta property=\"og:image\" content=\"https:\/\/realidadturistica.com\/realtur\/wp-content\/uploads\/2026\/01\/Yucatanense-1.jpg\" \/>\n\t<meta property=\"og:image:width\" content=\"1600\" \/>\n\t<meta property=\"og:image:height\" content=\"1066\" \/>\n\t<meta property=\"og:image:type\" content=\"image\/jpeg\" \/>\n<meta name=\"author\" content=\"Editor\" \/>\n<meta name=\"twitter:card\" content=\"summary_large_image\" \/>\n<meta name=\"twitter:label1\" content=\"Escrito por\" \/>\n\t<meta name=\"twitter:data1\" content=\"Editor\" \/>\n\t<meta name=\"twitter:label2\" content=\"Tiempo de lectura\" \/>\n\t<meta name=\"twitter:data2\" content=\"4 minutos\" \/>\n<script type=\"application\/ld+json\" class=\"yoast-schema-graph\">{\"@context\":\"https:\\\/\\\/schema.org\",\"@graph\":[{\"@type\":\"Article\",\"@id\":\"https:\\\/\\\/realidadturistica.com\\\/realtur\\\/sedeculta-promueve-el-acceso-a-los-acervos-historicos-de-la-biblioteca-yucatanense\\\/#article\",\"isPartOf\":{\"@id\":\"https:\\\/\\\/realidadturistica.com\\\/realtur\\\/sedeculta-promueve-el-acceso-a-los-acervos-historicos-de-la-biblioteca-yucatanense\\\/\"},\"author\":{\"name\":\"Editor\",\"@id\":\"https:\\\/\\\/realidadturistica.com\\\/realtur\\\/#\\\/schema\\\/person\\\/ade671191202490fcf08ab21590de73e\"},\"headline\":\"Sedeculta promueve el acceso a los acervos hist\u00f3ricos de la Biblioteca Yucatanense\",\"datePublished\":\"2026-01-30T17:27:20+00:00\",\"dateModified\":\"2026-01-30T17:27:23+00:00\",\"mainEntityOfPage\":{\"@id\":\"https:\\\/\\\/realidadturistica.com\\\/realtur\\\/sedeculta-promueve-el-acceso-a-los-acervos-historicos-de-la-biblioteca-yucatanense\\\/\"},\"wordCount\":679,\"commentCount\":0,\"publisher\":{\"@id\":\"https:\\\/\\\/realidadturistica.com\\\/realtur\\\/#organization\"},\"image\":{\"@id\":\"https:\\\/\\\/realidadturistica.com\\\/realtur\\\/sedeculta-promueve-el-acceso-a-los-acervos-historicos-de-la-biblioteca-yucatanense\\\/#primaryimage\"},\"thumbnailUrl\":\"https:\\\/\\\/realidadturistica.com\\\/realtur\\\/wp-content\\\/uploads\\\/2026\\\/01\\\/Yucatanense-1.jpg\",\"articleSection\":[\"Culturales\"],\"inLanguage\":\"es\",\"potentialAction\":[{\"@type\":\"CommentAction\",\"name\":\"Comment\",\"target\":[\"https:\\\/\\\/realidadturistica.com\\\/realtur\\\/sedeculta-promueve-el-acceso-a-los-acervos-historicos-de-la-biblioteca-yucatanense\\\/#respond\"]}]},{\"@type\":\"WebPage\",\"@id\":\"https:\\\/\\\/realidadturistica.com\\\/realtur\\\/sedeculta-promueve-el-acceso-a-los-acervos-historicos-de-la-biblioteca-yucatanense\\\/\",\"url\":\"https:\\\/\\\/realidadturistica.com\\\/realtur\\\/sedeculta-promueve-el-acceso-a-los-acervos-historicos-de-la-biblioteca-yucatanense\\\/\",\"name\":\"Sedeculta promueve el acceso a los acervos hist\u00f3ricos de la Biblioteca Yucatanense - Realidad Tur\u00edstica\",\"isPartOf\":{\"@id\":\"https:\\\/\\\/realidadturistica.com\\\/realtur\\\/#website\"},\"primaryImageOfPage\":{\"@id\":\"https:\\\/\\\/realidadturistica.com\\\/realtur\\\/sedeculta-promueve-el-acceso-a-los-acervos-historicos-de-la-biblioteca-yucatanense\\\/#primaryimage\"},\"image\":{\"@id\":\"https:\\\/\\\/realidadturistica.com\\\/realtur\\\/sedeculta-promueve-el-acceso-a-los-acervos-historicos-de-la-biblioteca-yucatanense\\\/#primaryimage\"},\"thumbnailUrl\":\"https:\\\/\\\/realidadturistica.com\\\/realtur\\\/wp-content\\\/uploads\\\/2026\\\/01\\\/Yucatanense-1.jpg\",\"datePublished\":\"2026-01-30T17:27:20+00:00\",\"dateModified\":\"2026-01-30T17:27:23+00:00\",\"breadcrumb\":{\"@id\":\"https:\\\/\\\/realidadturistica.com\\\/realtur\\\/sedeculta-promueve-el-acceso-a-los-acervos-historicos-de-la-biblioteca-yucatanense\\\/#breadcrumb\"},\"inLanguage\":\"es\",\"potentialAction\":[{\"@type\":\"ReadAction\",\"target\":[\"https:\\\/\\\/realidadturistica.com\\\/realtur\\\/sedeculta-promueve-el-acceso-a-los-acervos-historicos-de-la-biblioteca-yucatanense\\\/\"]}]},{\"@type\":\"ImageObject\",\"inLanguage\":\"es\",\"@id\":\"https:\\\/\\\/realidadturistica.com\\\/realtur\\\/sedeculta-promueve-el-acceso-a-los-acervos-historicos-de-la-biblioteca-yucatanense\\\/#primaryimage\",\"url\":\"https:\\\/\\\/realidadturistica.com\\\/realtur\\\/wp-content\\\/uploads\\\/2026\\\/01\\\/Yucatanense-1.jpg\",\"contentUrl\":\"https:\\\/\\\/realidadturistica.com\\\/realtur\\\/wp-content\\\/uploads\\\/2026\\\/01\\\/Yucatanense-1.jpg\",\"width\":1600,\"height\":1066},{\"@type\":\"BreadcrumbList\",\"@id\":\"https:\\\/\\\/realidadturistica.com\\\/realtur\\\/sedeculta-promueve-el-acceso-a-los-acervos-historicos-de-la-biblioteca-yucatanense\\\/#breadcrumb\",\"itemListElement\":[{\"@type\":\"ListItem\",\"position\":1,\"name\":\"Portada\",\"item\":\"https:\\\/\\\/realidadturistica.com\\\/realtur\\\/\"},{\"@type\":\"ListItem\",\"position\":2,\"name\":\"Sedeculta promueve el acceso a los acervos hist\u00f3ricos de la Biblioteca Yucatanense\"}]},{\"@type\":\"WebSite\",\"@id\":\"https:\\\/\\\/realidadturistica.com\\\/realtur\\\/#website\",\"url\":\"https:\\\/\\\/realidadturistica.com\\\/realtur\\\/\",\"name\":\"Realidad Tur\u00edstica\",\"description\":\"\",\"publisher\":{\"@id\":\"https:\\\/\\\/realidadturistica.com\\\/realtur\\\/#organization\"},\"potentialAction\":[{\"@type\":\"SearchAction\",\"target\":{\"@type\":\"EntryPoint\",\"urlTemplate\":\"https:\\\/\\\/realidadturistica.com\\\/realtur\\\/?s={search_term_string}\"},\"query-input\":{\"@type\":\"PropertyValueSpecification\",\"valueRequired\":true,\"valueName\":\"search_term_string\"}}],\"inLanguage\":\"es\"},{\"@type\":\"Organization\",\"@id\":\"https:\\\/\\\/realidadturistica.com\\\/realtur\\\/#organization\",\"name\":\"Realidad Tur\u00edstica\",\"url\":\"https:\\\/\\\/realidadturistica.com\\\/realtur\\\/\",\"logo\":{\"@type\":\"ImageObject\",\"inLanguage\":\"es\",\"@id\":\"https:\\\/\\\/realidadturistica.com\\\/realtur\\\/#\\\/schema\\\/logo\\\/image\\\/\",\"url\":\"https:\\\/\\\/realidadturistica.com\\\/realtur\\\/wp-content\\\/uploads\\\/2021\\\/12\\\/logotipo-realidad-turistica.png\",\"contentUrl\":\"https:\\\/\\\/realidadturistica.com\\\/realtur\\\/wp-content\\\/uploads\\\/2021\\\/12\\\/logotipo-realidad-turistica.png\",\"width\":1382,\"height\":629,\"caption\":\"Realidad Tur\u00edstica\"},\"image\":{\"@id\":\"https:\\\/\\\/realidadturistica.com\\\/realtur\\\/#\\\/schema\\\/logo\\\/image\\\/\"},\"sameAs\":[\"https:\\\/\\\/www.facebook.com\\\/realidadturistica\",\"https:\\\/\\\/www.instagram.com\\\/realidad_turistica\\\/\"]},{\"@type\":\"Person\",\"@id\":\"https:\\\/\\\/realidadturistica.com\\\/realtur\\\/#\\\/schema\\\/person\\\/ade671191202490fcf08ab21590de73e\",\"name\":\"Editor\",\"image\":{\"@type\":\"ImageObject\",\"inLanguage\":\"es\",\"@id\":\"https:\\\/\\\/realidadturistica.com\\\/realtur\\\/wp-content\\\/uploads\\\/2023\\\/09\\\/Editor_avatar_1693668634-96x96.png\",\"url\":\"https:\\\/\\\/realidadturistica.com\\\/realtur\\\/wp-content\\\/uploads\\\/2023\\\/09\\\/Editor_avatar_1693668634-96x96.png\",\"contentUrl\":\"https:\\\/\\\/realidadturistica.com\\\/realtur\\\/wp-content\\\/uploads\\\/2023\\\/09\\\/Editor_avatar_1693668634-96x96.png\",\"caption\":\"Editor\"},\"sameAs\":[\"https:\\\/\\\/realidadturistica.com\\\/realtur\"],\"url\":\"https:\\\/\\\/realidadturistica.com\\\/realtur\\\/author\\\/editor2\\\/\"}]}<\/script>\n<!-- \/ Yoast SEO Premium plugin. -->","yoast_head_json":{"title":"Sedeculta promueve el acceso a los acervos hist\u00f3ricos de la Biblioteca Yucatanense - Realidad Tur\u00edstica","robots":{"index":"index","follow":"follow","max-snippet":"max-snippet:-1","max-image-preview":"max-image-preview:large","max-video-preview":"max-video-preview:-1"},"canonical":"https:\/\/realidadturistica.com\/realtur\/sedeculta-promueve-el-acceso-a-los-acervos-historicos-de-la-biblioteca-yucatanense\/","og_locale":"es_ES","og_type":"article","og_title":"Sedeculta promueve el acceso a los acervos hist\u00f3ricos de la Biblioteca Yucatanense","og_description":"A trav\u00e9s de las Jornadas de Puertas Abiertas, la Biblioteca Yucatanense difunde su trabajo y el de todo su equipo para la preservaci\u00f3n y protecci\u00f3n&hellip;","og_url":"https:\/\/realidadturistica.com\/realtur\/sedeculta-promueve-el-acceso-a-los-acervos-historicos-de-la-biblioteca-yucatanense\/","og_site_name":"Realidad Tur\u00edstica","article_publisher":"https:\/\/www.facebook.com\/realidadturistica","article_published_time":"2026-01-30T17:27:20+00:00","article_modified_time":"2026-01-30T17:27:23+00:00","og_image":[{"width":1600,"height":1066,"url":"https:\/\/realidadturistica.com\/realtur\/wp-content\/uploads\/2026\/01\/Yucatanense-1.jpg","type":"image\/jpeg"}],"author":"Editor","twitter_card":"summary_large_image","twitter_misc":{"Escrito por":"Editor","Tiempo de lectura":"4 minutos"},"schema":{"@context":"https:\/\/schema.org","@graph":[{"@type":"Article","@id":"https:\/\/realidadturistica.com\/realtur\/sedeculta-promueve-el-acceso-a-los-acervos-historicos-de-la-biblioteca-yucatanense\/#article","isPartOf":{"@id":"https:\/\/realidadturistica.com\/realtur\/sedeculta-promueve-el-acceso-a-los-acervos-historicos-de-la-biblioteca-yucatanense\/"},"author":{"name":"Editor","@id":"https:\/\/realidadturistica.com\/realtur\/#\/schema\/person\/ade671191202490fcf08ab21590de73e"},"headline":"Sedeculta promueve el acceso a los acervos hist\u00f3ricos de la Biblioteca Yucatanense","datePublished":"2026-01-30T17:27:20+00:00","dateModified":"2026-01-30T17:27:23+00:00","mainEntityOfPage":{"@id":"https:\/\/realidadturistica.com\/realtur\/sedeculta-promueve-el-acceso-a-los-acervos-historicos-de-la-biblioteca-yucatanense\/"},"wordCount":679,"commentCount":0,"publisher":{"@id":"https:\/\/realidadturistica.com\/realtur\/#organization"},"image":{"@id":"https:\/\/realidadturistica.com\/realtur\/sedeculta-promueve-el-acceso-a-los-acervos-historicos-de-la-biblioteca-yucatanense\/#primaryimage"},"thumbnailUrl":"https:\/\/realidadturistica.com\/realtur\/wp-content\/uploads\/2026\/01\/Yucatanense-1.jpg","articleSection":["Culturales"],"inLanguage":"es","potentialAction":[{"@type":"CommentAction","name":"Comment","target":["https:\/\/realidadturistica.com\/realtur\/sedeculta-promueve-el-acceso-a-los-acervos-historicos-de-la-biblioteca-yucatanense\/#respond"]}]},{"@type":"WebPage","@id":"https:\/\/realidadturistica.com\/realtur\/sedeculta-promueve-el-acceso-a-los-acervos-historicos-de-la-biblioteca-yucatanense\/","url":"https:\/\/realidadturistica.com\/realtur\/sedeculta-promueve-el-acceso-a-los-acervos-historicos-de-la-biblioteca-yucatanense\/","name":"Sedeculta promueve el acceso a los acervos hist\u00f3ricos de la Biblioteca Yucatanense - Realidad Tur\u00edstica","isPartOf":{"@id":"https:\/\/realidadturistica.com\/realtur\/#website"},"primaryImageOfPage":{"@id":"https:\/\/realidadturistica.com\/realtur\/sedeculta-promueve-el-acceso-a-los-acervos-historicos-de-la-biblioteca-yucatanense\/#primaryimage"},"image":{"@id":"https:\/\/realidadturistica.com\/realtur\/sedeculta-promueve-el-acceso-a-los-acervos-historicos-de-la-biblioteca-yucatanense\/#primaryimage"},"thumbnailUrl":"https:\/\/realidadturistica.com\/realtur\/wp-content\/uploads\/2026\/01\/Yucatanense-1.jpg","datePublished":"2026-01-30T17:27:20+00:00","dateModified":"2026-01-30T17:27:23+00:00","breadcrumb":{"@id":"https:\/\/realidadturistica.com\/realtur\/sedeculta-promueve-el-acceso-a-los-acervos-historicos-de-la-biblioteca-yucatanense\/#breadcrumb"},"inLanguage":"es","potentialAction":[{"@type":"ReadAction","target":["https:\/\/realidadturistica.com\/realtur\/sedeculta-promueve-el-acceso-a-los-acervos-historicos-de-la-biblioteca-yucatanense\/"]}]},{"@type":"ImageObject","inLanguage":"es","@id":"https:\/\/realidadturistica.com\/realtur\/sedeculta-promueve-el-acceso-a-los-acervos-historicos-de-la-biblioteca-yucatanense\/#primaryimage","url":"https:\/\/realidadturistica.com\/realtur\/wp-content\/uploads\/2026\/01\/Yucatanense-1.jpg","contentUrl":"https:\/\/realidadturistica.com\/realtur\/wp-content\/uploads\/2026\/01\/Yucatanense-1.jpg","width":1600,"height":1066},{"@type":"BreadcrumbList","@id":"https:\/\/realidadturistica.com\/realtur\/sedeculta-promueve-el-acceso-a-los-acervos-historicos-de-la-biblioteca-yucatanense\/#breadcrumb","itemListElement":[{"@type":"ListItem","position":1,"name":"Portada","item":"https:\/\/realidadturistica.com\/realtur\/"},{"@type":"ListItem","position":2,"name":"Sedeculta promueve el acceso a los acervos hist\u00f3ricos de la Biblioteca Yucatanense"}]},{"@type":"WebSite","@id":"https:\/\/realidadturistica.com\/realtur\/#website","url":"https:\/\/realidadturistica.com\/realtur\/","name":"Realidad Tur\u00edstica","description":"","publisher":{"@id":"https:\/\/realidadturistica.com\/realtur\/#organization"},"potentialAction":[{"@type":"SearchAction","target":{"@type":"EntryPoint","urlTemplate":"https:\/\/realidadturistica.com\/realtur\/?s={search_term_string}"},"query-input":{"@type":"PropertyValueSpecification","valueRequired":true,"valueName":"search_term_string"}}],"inLanguage":"es"},{"@type":"Organization","@id":"https:\/\/realidadturistica.com\/realtur\/#organization","name":"Realidad Tur\u00edstica","url":"https:\/\/realidadturistica.com\/realtur\/","logo":{"@type":"ImageObject","inLanguage":"es","@id":"https:\/\/realidadturistica.com\/realtur\/#\/schema\/logo\/image\/","url":"https:\/\/realidadturistica.com\/realtur\/wp-content\/uploads\/2021\/12\/logotipo-realidad-turistica.png","contentUrl":"https:\/\/realidadturistica.com\/realtur\/wp-content\/uploads\/2021\/12\/logotipo-realidad-turistica.png","width":1382,"height":629,"caption":"Realidad Tur\u00edstica"},"image":{"@id":"https:\/\/realidadturistica.com\/realtur\/#\/schema\/logo\/image\/"},"sameAs":["https:\/\/www.facebook.com\/realidadturistica","https:\/\/www.instagram.com\/realidad_turistica\/"]},{"@type":"Person","@id":"https:\/\/realidadturistica.com\/realtur\/#\/schema\/person\/ade671191202490fcf08ab21590de73e","name":"Editor","image":{"@type":"ImageObject","inLanguage":"es","@id":"https:\/\/realidadturistica.com\/realtur\/wp-content\/uploads\/2023\/09\/Editor_avatar_1693668634-96x96.png","url":"https:\/\/realidadturistica.com\/realtur\/wp-content\/uploads\/2023\/09\/Editor_avatar_1693668634-96x96.png","contentUrl":"https:\/\/realidadturistica.com\/realtur\/wp-content\/uploads\/2023\/09\/Editor_avatar_1693668634-96x96.png","caption":"Editor"},"sameAs":["https:\/\/realidadturistica.com\/realtur"],"url":"https:\/\/realidadturistica.com\/realtur\/author\/editor2\/"}]}},"_links":{"self":[{"href":"https:\/\/realidadturistica.com\/realtur\/wp-json\/wp\/v2\/posts\/11757","targetHints":{"allow":["GET"]}}],"collection":[{"href":"https:\/\/realidadturistica.com\/realtur\/wp-json\/wp\/v2\/posts"}],"about":[{"href":"https:\/\/realidadturistica.com\/realtur\/wp-json\/wp\/v2\/types\/post"}],"author":[{"embeddable":true,"href":"https:\/\/realidadturistica.com\/realtur\/wp-json\/wp\/v2\/users\/2"}],"replies":[{"embeddable":true,"href":"https:\/\/realidadturistica.com\/realtur\/wp-json\/wp\/v2\/comments?post=11757"}],"version-history":[{"count":1,"href":"https:\/\/realidadturistica.com\/realtur\/wp-json\/wp\/v2\/posts\/11757\/revisions"}],"predecessor-version":[{"id":11762,"href":"https:\/\/realidadturistica.com\/realtur\/wp-json\/wp\/v2\/posts\/11757\/revisions\/11762"}],"wp:featuredmedia":[{"embeddable":true,"href":"https:\/\/realidadturistica.com\/realtur\/wp-json\/wp\/v2\/media\/11758"}],"wp:attachment":[{"href":"https:\/\/realidadturistica.com\/realtur\/wp-json\/wp\/v2\/media?parent=11757"}],"wp:term":[{"taxonomy":"category","embeddable":true,"href":"https:\/\/realidadturistica.com\/realtur\/wp-json\/wp\/v2\/categories?post=11757"},{"taxonomy":"post_tag","embeddable":true,"href":"https:\/\/realidadturistica.com\/realtur\/wp-json\/wp\/v2\/tags?post=11757"}],"curies":[{"name":"wp","href":"https:\/\/api.w.org\/{rel}","templated":true}]}}