{"id":11798,"date":"2026-02-07T21:17:21","date_gmt":"2026-02-08T03:17:21","guid":{"rendered":"https:\/\/realidadturistica.com\/realtur\/?p=11798"},"modified":"2026-02-07T21:17:23","modified_gmt":"2026-02-08T03:17:23","slug":"la-trova-yucateca-llega-en-charla-y-canciones-a-la-biblioteca-central-de-la-sedeculta","status":"publish","type":"post","link":"https:\/\/realidadturistica.com\/realtur\/la-trova-yucateca-llega-en-charla-y-canciones-a-la-biblioteca-central-de-la-sedeculta\/","title":{"rendered":"La trova yucateca llega en charla y canciones a la Biblioteca Central de la Sedeculta"},"content":{"rendered":"\n<p class=\"wp-block-yoast-seo-estimated-reading-time yoast-reading-time__wrapper\"><span class=\"yoast-reading-time__icon\"><svg aria-hidden=\"true\" focusable=\"false\" data-icon=\"clock\" width=\"20\" height=\"20\" fill=\"none\" stroke=\"currentColor\" style=\"display:inline-block;vertical-align:-0.1em\" role=\"img\" xmlns=\"http:\/\/www.w3.org\/2000\/svg\" viewBox=\"0 0 24 24\"><path stroke-linecap=\"round\" stroke-linejoin=\"round\" stroke-width=\"2\" d=\"M12 8v4l3 3m6-3a9 9 0 11-18 0 9 9 0 0118 0z\"><\/path><\/svg><\/span><span class=\"yoast-reading-time__spacer\" style=\"display:inline-block;width:1em\"><\/span><span class=\"yoast-reading-time__descriptive-text\">Estimated reading time: <\/span><span class=\"yoast-reading-time__reading-time\">3<\/span><span class=\"yoast-reading-time__time-unit\"> minutos<\/span><\/p>\n\n\n\n<p>Con una conferencia sobre \u201cPeregrina\u201d, canci\u00f3n vuelta leyenda sobre romance y pol\u00edtica, se comparte el conocimiento y la m\u00fasica que forma parte de la identidad de Yucat\u00e1n.<\/p>\n\n\n\n<p>M\u00e9rida, a 7 de febrero 2026.- La Biblioteca P\u00fablica Central Estatal \u201cManuel Cepeda Peraza\u201d se llen\u00f3 anoche de canoras y flores de nectarios perfumados con la charla La trova yucateca, \u201cPeregrina\u201d, leyenda y canci\u00f3n, a cargo del profesor Ariosto Ak\u00e9 Zald\u00edvar, organizada por la Secretar\u00eda de la Cultura y las Artes de Yucat\u00e1n (Sedeculta).<\/p>\n\n\n\n<figure class=\"wp-block-image size-large\"><img fetchpriority=\"high\" decoding=\"async\" width=\"1024\" height=\"687\" src=\"https:\/\/realidadturistica.com\/realtur\/wp-content\/uploads\/2026\/02\/La-trova-yucateca1-1024x687.jpg\" alt=\"\" class=\"wp-image-11800\" srcset=\"https:\/\/realidadturistica.com\/realtur\/wp-content\/uploads\/2026\/02\/La-trova-yucateca1-1024x687.jpg 1024w, https:\/\/realidadturistica.com\/realtur\/wp-content\/uploads\/2026\/02\/La-trova-yucateca1-300x201.jpg 300w, https:\/\/realidadturistica.com\/realtur\/wp-content\/uploads\/2026\/02\/La-trova-yucateca1-768x516.jpg 768w, https:\/\/realidadturistica.com\/realtur\/wp-content\/uploads\/2026\/02\/La-trova-yucateca1-1536x1031.jpg 1536w, https:\/\/realidadturistica.com\/realtur\/wp-content\/uploads\/2026\/02\/La-trova-yucateca1-1170x785.jpg 1170w, https:\/\/realidadturistica.com\/realtur\/wp-content\/uploads\/2026\/02\/La-trova-yucateca1-585x393.jpg 585w, https:\/\/realidadturistica.com\/realtur\/wp-content\/uploads\/2026\/02\/La-trova-yucateca1-263x175.jpg 263w, https:\/\/realidadturistica.com\/realtur\/wp-content\/uploads\/2026\/02\/La-trova-yucateca1.jpg 1600w\" sizes=\"(max-width: 1024px) 100vw, 1024px\" \/><\/figure>\n\n\n\n<p>En la velada Ak\u00e9 Zald\u00edvar, poeta, compositor y promotor cultural, abord\u00f3 \u00abPeregrina\u00bb, de Ricardo Palmer\u00edn y Luis Rosado Vega, no solo como una canci\u00f3n, sino como una leyenda viva que entrelaza el romance, la pol\u00edtica y la identidad de Yucat\u00e1n.<\/p>\n\n\n\n<p>El gobernador de Yucat\u00e1n, Felipe Carrillo Puerto, encarg\u00f3 la creaci\u00f3n de \u00abPeregrina\u00bb para dedic\u00e1rsela a la periodista estadounidense Alma Reed, con quien sostuvo un sonado romance. Luis Rosado Vega escribi\u00f3 la letra inspir\u00e1ndose en la belleza de Reed y en un comentario que ella hizo sobre el aroma de las flores de Yucat\u00e1n durante un paseo nocturno.<\/p>\n\n\n\n<p>La belleza de la melod\u00eda contrasta con el tr\u00e1gico final de Carrillo Puerto, sugiriendo que la canci\u00f3n es tambi\u00e9n un testamento pol\u00edtico que sobrevivi\u00f3 al fusilamiento del gobernador en 1924 por parte de fuerzas contrarias a su ideolog\u00eda.<\/p>\n\n\n\n<p>El ponente tambi\u00e9n habl\u00f3 de la trova yucateca como una de las principales expresiones de la cultura de Yucat\u00e1n, recorri\u00f3 su historia, desde sus primeros acordes hasta las melod\u00edas de autores como Ricardo Palmer\u00edn o Guty C\u00e1rdenas; habl\u00f3 de su relaci\u00f3n con Cuba y con Colombia, la influencia del bolero y su mezcla con las guitarras para crear lo que conocemos como trova.<\/p>\n\n\n\n<figure class=\"wp-block-image size-large\"><img decoding=\"async\" width=\"1024\" height=\"724\" src=\"https:\/\/realidadturistica.com\/realtur\/wp-content\/uploads\/2026\/02\/La-trova-yucateca2-1024x724.jpg\" alt=\"\" class=\"wp-image-11801\" srcset=\"https:\/\/realidadturistica.com\/realtur\/wp-content\/uploads\/2026\/02\/La-trova-yucateca2-1024x724.jpg 1024w, https:\/\/realidadturistica.com\/realtur\/wp-content\/uploads\/2026\/02\/La-trova-yucateca2-300x212.jpg 300w, https:\/\/realidadturistica.com\/realtur\/wp-content\/uploads\/2026\/02\/La-trova-yucateca2-768x543.jpg 768w, https:\/\/realidadturistica.com\/realtur\/wp-content\/uploads\/2026\/02\/La-trova-yucateca2-1536x1087.jpg 1536w, https:\/\/realidadturistica.com\/realtur\/wp-content\/uploads\/2026\/02\/La-trova-yucateca2-1170x828.jpg 1170w, https:\/\/realidadturistica.com\/realtur\/wp-content\/uploads\/2026\/02\/La-trova-yucateca2-585x414.jpg 585w, https:\/\/realidadturistica.com\/realtur\/wp-content\/uploads\/2026\/02\/La-trova-yucateca2.jpg 1600w\" sizes=\"(max-width: 1024px) 100vw, 1024px\" \/><\/figure>\n\n\n\n<p>Destac\u00f3 que la trova yucateca tiene m\u00e1s influencia caribe\u00f1a que del centro del pa\u00eds y eso determina como creamos nuestra m\u00fasica. \u201cLos mismos cubanos la admiran\u201d, dijo el inquilino del Museo de la Canci\u00f3n Yucateca con dos placas de sendos poemas de su autor\u00eda.<\/p>\n\n\n\n<p>En la pl\u00e1tica estuvieron como invitados Jos\u00e9 Enrique Puga Bolio, Marta Gabriela Rojas, Ignacio Gamboa, Manuel Guerrero y Manuel N\u00e1jera, que cantaron piezas como \u201cFlores de mayo\u201d y \u201cNunca\u201d. Adem\u00e1s, interpretaron tres temas con letra del maestro Ak\u00e9 Zald\u00edvar, \u201cTierra querida\u201d, con m\u00fasica de Luis Felipe Castillo; \u201cEl oficio del amor\u201d, musicalizada por Jos\u00e9 Enrique Puga Bolio, y \u201cCuando muere un yucateco\u201d, con partitura de Manuel Guerrero.<\/p>\n\n\n\n<p>Sedeculta.<\/p>\n","protected":false},"excerpt":{"rendered":"<p>Con una conferencia sobre \u201cPeregrina\u201d, canci\u00f3n vuelta leyenda sobre romance y pol\u00edtica, se comparte el conocimiento y la m\u00fasica que forma parte de la identidad&hellip;<\/p>\n","protected":false},"author":2,"featured_media":11799,"comment_status":"open","ping_status":"closed","sticky":false,"template":"","format":"standard","meta":{"content-type":"","_lmt_disableupdate":"","_lmt_disable":"","footnotes":""},"categories":[58],"tags":[],"class_list":["post-11798","post","type-post","status-publish","format-standard","has-post-thumbnail","hentry","category-culturales"],"yoast_head":"<!-- This site is optimized with the Yoast SEO Premium plugin v27.4 (Yoast SEO v27.5) - https:\/\/yoast.com\/product\/yoast-seo-premium-wordpress\/ -->\n<title>La trova yucateca llega en charla y canciones a la Biblioteca Central de la Sedeculta - Realidad Tur\u00edstica<\/title>\n<meta name=\"robots\" content=\"index, follow, max-snippet:-1, max-image-preview:large, max-video-preview:-1\" \/>\n<link rel=\"canonical\" href=\"https:\/\/realidadturistica.com\/realtur\/la-trova-yucateca-llega-en-charla-y-canciones-a-la-biblioteca-central-de-la-sedeculta\/\" \/>\n<meta property=\"og:locale\" content=\"es_ES\" \/>\n<meta property=\"og:type\" content=\"article\" \/>\n<meta property=\"og:title\" content=\"La trova yucateca llega en charla y canciones a la Biblioteca Central de la Sedeculta\" \/>\n<meta property=\"og:description\" content=\"Con una conferencia sobre \u201cPeregrina\u201d, canci\u00f3n vuelta leyenda sobre romance y pol\u00edtica, se comparte el conocimiento y la m\u00fasica que forma parte de la identidad&hellip;\" \/>\n<meta property=\"og:url\" content=\"https:\/\/realidadturistica.com\/realtur\/la-trova-yucateca-llega-en-charla-y-canciones-a-la-biblioteca-central-de-la-sedeculta\/\" \/>\n<meta property=\"og:site_name\" content=\"Realidad Tur\u00edstica\" \/>\n<meta property=\"article:publisher\" content=\"https:\/\/www.facebook.com\/realidadturistica\" \/>\n<meta property=\"article:published_time\" content=\"2026-02-08T03:17:21+00:00\" \/>\n<meta property=\"article:modified_time\" content=\"2026-02-08T03:17:23+00:00\" \/>\n<meta property=\"og:image\" content=\"https:\/\/realidadturistica.com\/realtur\/wp-content\/uploads\/2026\/02\/La-trova-yucateca.jpg\" \/>\n\t<meta property=\"og:image:width\" content=\"1600\" \/>\n\t<meta property=\"og:image:height\" content=\"1066\" \/>\n\t<meta property=\"og:image:type\" content=\"image\/jpeg\" \/>\n<meta name=\"author\" content=\"Editor\" \/>\n<meta name=\"twitter:card\" content=\"summary_large_image\" \/>\n<meta name=\"twitter:label1\" content=\"Escrito por\" \/>\n\t<meta name=\"twitter:data1\" content=\"Editor\" \/>\n\t<meta name=\"twitter:label2\" content=\"Tiempo de lectura\" \/>\n\t<meta name=\"twitter:data2\" content=\"3 minutos\" \/>\n<script type=\"application\/ld+json\" class=\"yoast-schema-graph\">{\"@context\":\"https:\\\/\\\/schema.org\",\"@graph\":[{\"@type\":\"Article\",\"@id\":\"https:\\\/\\\/realidadturistica.com\\\/realtur\\\/la-trova-yucateca-llega-en-charla-y-canciones-a-la-biblioteca-central-de-la-sedeculta\\\/#article\",\"isPartOf\":{\"@id\":\"https:\\\/\\\/realidadturistica.com\\\/realtur\\\/la-trova-yucateca-llega-en-charla-y-canciones-a-la-biblioteca-central-de-la-sedeculta\\\/\"},\"author\":{\"name\":\"Editor\",\"@id\":\"https:\\\/\\\/realidadturistica.com\\\/realtur\\\/#\\\/schema\\\/person\\\/ade671191202490fcf08ab21590de73e\"},\"headline\":\"La trova yucateca llega en charla y canciones a la Biblioteca Central de la Sedeculta\",\"datePublished\":\"2026-02-08T03:17:21+00:00\",\"dateModified\":\"2026-02-08T03:17:23+00:00\",\"mainEntityOfPage\":{\"@id\":\"https:\\\/\\\/realidadturistica.com\\\/realtur\\\/la-trova-yucateca-llega-en-charla-y-canciones-a-la-biblioteca-central-de-la-sedeculta\\\/\"},\"wordCount\":451,\"commentCount\":0,\"publisher\":{\"@id\":\"https:\\\/\\\/realidadturistica.com\\\/realtur\\\/#organization\"},\"image\":{\"@id\":\"https:\\\/\\\/realidadturistica.com\\\/realtur\\\/la-trova-yucateca-llega-en-charla-y-canciones-a-la-biblioteca-central-de-la-sedeculta\\\/#primaryimage\"},\"thumbnailUrl\":\"https:\\\/\\\/realidadturistica.com\\\/realtur\\\/wp-content\\\/uploads\\\/2026\\\/02\\\/La-trova-yucateca.jpg\",\"articleSection\":[\"Culturales\"],\"inLanguage\":\"es\",\"potentialAction\":[{\"@type\":\"CommentAction\",\"name\":\"Comment\",\"target\":[\"https:\\\/\\\/realidadturistica.com\\\/realtur\\\/la-trova-yucateca-llega-en-charla-y-canciones-a-la-biblioteca-central-de-la-sedeculta\\\/#respond\"]}]},{\"@type\":\"WebPage\",\"@id\":\"https:\\\/\\\/realidadturistica.com\\\/realtur\\\/la-trova-yucateca-llega-en-charla-y-canciones-a-la-biblioteca-central-de-la-sedeculta\\\/\",\"url\":\"https:\\\/\\\/realidadturistica.com\\\/realtur\\\/la-trova-yucateca-llega-en-charla-y-canciones-a-la-biblioteca-central-de-la-sedeculta\\\/\",\"name\":\"La trova yucateca llega en charla y canciones a la Biblioteca Central de la Sedeculta - Realidad Tur\u00edstica\",\"isPartOf\":{\"@id\":\"https:\\\/\\\/realidadturistica.com\\\/realtur\\\/#website\"},\"primaryImageOfPage\":{\"@id\":\"https:\\\/\\\/realidadturistica.com\\\/realtur\\\/la-trova-yucateca-llega-en-charla-y-canciones-a-la-biblioteca-central-de-la-sedeculta\\\/#primaryimage\"},\"image\":{\"@id\":\"https:\\\/\\\/realidadturistica.com\\\/realtur\\\/la-trova-yucateca-llega-en-charla-y-canciones-a-la-biblioteca-central-de-la-sedeculta\\\/#primaryimage\"},\"thumbnailUrl\":\"https:\\\/\\\/realidadturistica.com\\\/realtur\\\/wp-content\\\/uploads\\\/2026\\\/02\\\/La-trova-yucateca.jpg\",\"datePublished\":\"2026-02-08T03:17:21+00:00\",\"dateModified\":\"2026-02-08T03:17:23+00:00\",\"breadcrumb\":{\"@id\":\"https:\\\/\\\/realidadturistica.com\\\/realtur\\\/la-trova-yucateca-llega-en-charla-y-canciones-a-la-biblioteca-central-de-la-sedeculta\\\/#breadcrumb\"},\"inLanguage\":\"es\",\"potentialAction\":[{\"@type\":\"ReadAction\",\"target\":[\"https:\\\/\\\/realidadturistica.com\\\/realtur\\\/la-trova-yucateca-llega-en-charla-y-canciones-a-la-biblioteca-central-de-la-sedeculta\\\/\"]}]},{\"@type\":\"ImageObject\",\"inLanguage\":\"es\",\"@id\":\"https:\\\/\\\/realidadturistica.com\\\/realtur\\\/la-trova-yucateca-llega-en-charla-y-canciones-a-la-biblioteca-central-de-la-sedeculta\\\/#primaryimage\",\"url\":\"https:\\\/\\\/realidadturistica.com\\\/realtur\\\/wp-content\\\/uploads\\\/2026\\\/02\\\/La-trova-yucateca.jpg\",\"contentUrl\":\"https:\\\/\\\/realidadturistica.com\\\/realtur\\\/wp-content\\\/uploads\\\/2026\\\/02\\\/La-trova-yucateca.jpg\",\"width\":1600,\"height\":1066},{\"@type\":\"BreadcrumbList\",\"@id\":\"https:\\\/\\\/realidadturistica.com\\\/realtur\\\/la-trova-yucateca-llega-en-charla-y-canciones-a-la-biblioteca-central-de-la-sedeculta\\\/#breadcrumb\",\"itemListElement\":[{\"@type\":\"ListItem\",\"position\":1,\"name\":\"Portada\",\"item\":\"https:\\\/\\\/realidadturistica.com\\\/realtur\\\/\"},{\"@type\":\"ListItem\",\"position\":2,\"name\":\"La trova yucateca llega en charla y canciones a la Biblioteca Central de la Sedeculta\"}]},{\"@type\":\"WebSite\",\"@id\":\"https:\\\/\\\/realidadturistica.com\\\/realtur\\\/#website\",\"url\":\"https:\\\/\\\/realidadturistica.com\\\/realtur\\\/\",\"name\":\"Realidad Tur\u00edstica\",\"description\":\"\",\"publisher\":{\"@id\":\"https:\\\/\\\/realidadturistica.com\\\/realtur\\\/#organization\"},\"potentialAction\":[{\"@type\":\"SearchAction\",\"target\":{\"@type\":\"EntryPoint\",\"urlTemplate\":\"https:\\\/\\\/realidadturistica.com\\\/realtur\\\/?s={search_term_string}\"},\"query-input\":{\"@type\":\"PropertyValueSpecification\",\"valueRequired\":true,\"valueName\":\"search_term_string\"}}],\"inLanguage\":\"es\"},{\"@type\":\"Organization\",\"@id\":\"https:\\\/\\\/realidadturistica.com\\\/realtur\\\/#organization\",\"name\":\"Realidad Tur\u00edstica\",\"url\":\"https:\\\/\\\/realidadturistica.com\\\/realtur\\\/\",\"logo\":{\"@type\":\"ImageObject\",\"inLanguage\":\"es\",\"@id\":\"https:\\\/\\\/realidadturistica.com\\\/realtur\\\/#\\\/schema\\\/logo\\\/image\\\/\",\"url\":\"https:\\\/\\\/realidadturistica.com\\\/realtur\\\/wp-content\\\/uploads\\\/2021\\\/12\\\/logotipo-realidad-turistica.png\",\"contentUrl\":\"https:\\\/\\\/realidadturistica.com\\\/realtur\\\/wp-content\\\/uploads\\\/2021\\\/12\\\/logotipo-realidad-turistica.png\",\"width\":1382,\"height\":629,\"caption\":\"Realidad Tur\u00edstica\"},\"image\":{\"@id\":\"https:\\\/\\\/realidadturistica.com\\\/realtur\\\/#\\\/schema\\\/logo\\\/image\\\/\"},\"sameAs\":[\"https:\\\/\\\/www.facebook.com\\\/realidadturistica\",\"https:\\\/\\\/www.instagram.com\\\/realidad_turistica\\\/\"]},{\"@type\":\"Person\",\"@id\":\"https:\\\/\\\/realidadturistica.com\\\/realtur\\\/#\\\/schema\\\/person\\\/ade671191202490fcf08ab21590de73e\",\"name\":\"Editor\",\"image\":{\"@type\":\"ImageObject\",\"inLanguage\":\"es\",\"@id\":\"https:\\\/\\\/realidadturistica.com\\\/realtur\\\/wp-content\\\/uploads\\\/2023\\\/09\\\/Editor_avatar_1693668634-96x96.png\",\"url\":\"https:\\\/\\\/realidadturistica.com\\\/realtur\\\/wp-content\\\/uploads\\\/2023\\\/09\\\/Editor_avatar_1693668634-96x96.png\",\"contentUrl\":\"https:\\\/\\\/realidadturistica.com\\\/realtur\\\/wp-content\\\/uploads\\\/2023\\\/09\\\/Editor_avatar_1693668634-96x96.png\",\"caption\":\"Editor\"},\"sameAs\":[\"https:\\\/\\\/realidadturistica.com\\\/realtur\"],\"url\":\"https:\\\/\\\/realidadturistica.com\\\/realtur\\\/author\\\/editor2\\\/\"}]}<\/script>\n<!-- \/ Yoast SEO Premium plugin. -->","yoast_head_json":{"title":"La trova yucateca llega en charla y canciones a la Biblioteca Central de la Sedeculta - Realidad Tur\u00edstica","robots":{"index":"index","follow":"follow","max-snippet":"max-snippet:-1","max-image-preview":"max-image-preview:large","max-video-preview":"max-video-preview:-1"},"canonical":"https:\/\/realidadturistica.com\/realtur\/la-trova-yucateca-llega-en-charla-y-canciones-a-la-biblioteca-central-de-la-sedeculta\/","og_locale":"es_ES","og_type":"article","og_title":"La trova yucateca llega en charla y canciones a la Biblioteca Central de la Sedeculta","og_description":"Con una conferencia sobre \u201cPeregrina\u201d, canci\u00f3n vuelta leyenda sobre romance y pol\u00edtica, se comparte el conocimiento y la m\u00fasica que forma parte de la identidad&hellip;","og_url":"https:\/\/realidadturistica.com\/realtur\/la-trova-yucateca-llega-en-charla-y-canciones-a-la-biblioteca-central-de-la-sedeculta\/","og_site_name":"Realidad Tur\u00edstica","article_publisher":"https:\/\/www.facebook.com\/realidadturistica","article_published_time":"2026-02-08T03:17:21+00:00","article_modified_time":"2026-02-08T03:17:23+00:00","og_image":[{"width":1600,"height":1066,"url":"https:\/\/realidadturistica.com\/realtur\/wp-content\/uploads\/2026\/02\/La-trova-yucateca.jpg","type":"image\/jpeg"}],"author":"Editor","twitter_card":"summary_large_image","twitter_misc":{"Escrito por":"Editor","Tiempo de lectura":"3 minutos"},"schema":{"@context":"https:\/\/schema.org","@graph":[{"@type":"Article","@id":"https:\/\/realidadturistica.com\/realtur\/la-trova-yucateca-llega-en-charla-y-canciones-a-la-biblioteca-central-de-la-sedeculta\/#article","isPartOf":{"@id":"https:\/\/realidadturistica.com\/realtur\/la-trova-yucateca-llega-en-charla-y-canciones-a-la-biblioteca-central-de-la-sedeculta\/"},"author":{"name":"Editor","@id":"https:\/\/realidadturistica.com\/realtur\/#\/schema\/person\/ade671191202490fcf08ab21590de73e"},"headline":"La trova yucateca llega en charla y canciones a la Biblioteca Central de la Sedeculta","datePublished":"2026-02-08T03:17:21+00:00","dateModified":"2026-02-08T03:17:23+00:00","mainEntityOfPage":{"@id":"https:\/\/realidadturistica.com\/realtur\/la-trova-yucateca-llega-en-charla-y-canciones-a-la-biblioteca-central-de-la-sedeculta\/"},"wordCount":451,"commentCount":0,"publisher":{"@id":"https:\/\/realidadturistica.com\/realtur\/#organization"},"image":{"@id":"https:\/\/realidadturistica.com\/realtur\/la-trova-yucateca-llega-en-charla-y-canciones-a-la-biblioteca-central-de-la-sedeculta\/#primaryimage"},"thumbnailUrl":"https:\/\/realidadturistica.com\/realtur\/wp-content\/uploads\/2026\/02\/La-trova-yucateca.jpg","articleSection":["Culturales"],"inLanguage":"es","potentialAction":[{"@type":"CommentAction","name":"Comment","target":["https:\/\/realidadturistica.com\/realtur\/la-trova-yucateca-llega-en-charla-y-canciones-a-la-biblioteca-central-de-la-sedeculta\/#respond"]}]},{"@type":"WebPage","@id":"https:\/\/realidadturistica.com\/realtur\/la-trova-yucateca-llega-en-charla-y-canciones-a-la-biblioteca-central-de-la-sedeculta\/","url":"https:\/\/realidadturistica.com\/realtur\/la-trova-yucateca-llega-en-charla-y-canciones-a-la-biblioteca-central-de-la-sedeculta\/","name":"La trova yucateca llega en charla y canciones a la Biblioteca Central de la Sedeculta - Realidad Tur\u00edstica","isPartOf":{"@id":"https:\/\/realidadturistica.com\/realtur\/#website"},"primaryImageOfPage":{"@id":"https:\/\/realidadturistica.com\/realtur\/la-trova-yucateca-llega-en-charla-y-canciones-a-la-biblioteca-central-de-la-sedeculta\/#primaryimage"},"image":{"@id":"https:\/\/realidadturistica.com\/realtur\/la-trova-yucateca-llega-en-charla-y-canciones-a-la-biblioteca-central-de-la-sedeculta\/#primaryimage"},"thumbnailUrl":"https:\/\/realidadturistica.com\/realtur\/wp-content\/uploads\/2026\/02\/La-trova-yucateca.jpg","datePublished":"2026-02-08T03:17:21+00:00","dateModified":"2026-02-08T03:17:23+00:00","breadcrumb":{"@id":"https:\/\/realidadturistica.com\/realtur\/la-trova-yucateca-llega-en-charla-y-canciones-a-la-biblioteca-central-de-la-sedeculta\/#breadcrumb"},"inLanguage":"es","potentialAction":[{"@type":"ReadAction","target":["https:\/\/realidadturistica.com\/realtur\/la-trova-yucateca-llega-en-charla-y-canciones-a-la-biblioteca-central-de-la-sedeculta\/"]}]},{"@type":"ImageObject","inLanguage":"es","@id":"https:\/\/realidadturistica.com\/realtur\/la-trova-yucateca-llega-en-charla-y-canciones-a-la-biblioteca-central-de-la-sedeculta\/#primaryimage","url":"https:\/\/realidadturistica.com\/realtur\/wp-content\/uploads\/2026\/02\/La-trova-yucateca.jpg","contentUrl":"https:\/\/realidadturistica.com\/realtur\/wp-content\/uploads\/2026\/02\/La-trova-yucateca.jpg","width":1600,"height":1066},{"@type":"BreadcrumbList","@id":"https:\/\/realidadturistica.com\/realtur\/la-trova-yucateca-llega-en-charla-y-canciones-a-la-biblioteca-central-de-la-sedeculta\/#breadcrumb","itemListElement":[{"@type":"ListItem","position":1,"name":"Portada","item":"https:\/\/realidadturistica.com\/realtur\/"},{"@type":"ListItem","position":2,"name":"La trova yucateca llega en charla y canciones a la Biblioteca Central de la Sedeculta"}]},{"@type":"WebSite","@id":"https:\/\/realidadturistica.com\/realtur\/#website","url":"https:\/\/realidadturistica.com\/realtur\/","name":"Realidad Tur\u00edstica","description":"","publisher":{"@id":"https:\/\/realidadturistica.com\/realtur\/#organization"},"potentialAction":[{"@type":"SearchAction","target":{"@type":"EntryPoint","urlTemplate":"https:\/\/realidadturistica.com\/realtur\/?s={search_term_string}"},"query-input":{"@type":"PropertyValueSpecification","valueRequired":true,"valueName":"search_term_string"}}],"inLanguage":"es"},{"@type":"Organization","@id":"https:\/\/realidadturistica.com\/realtur\/#organization","name":"Realidad Tur\u00edstica","url":"https:\/\/realidadturistica.com\/realtur\/","logo":{"@type":"ImageObject","inLanguage":"es","@id":"https:\/\/realidadturistica.com\/realtur\/#\/schema\/logo\/image\/","url":"https:\/\/realidadturistica.com\/realtur\/wp-content\/uploads\/2021\/12\/logotipo-realidad-turistica.png","contentUrl":"https:\/\/realidadturistica.com\/realtur\/wp-content\/uploads\/2021\/12\/logotipo-realidad-turistica.png","width":1382,"height":629,"caption":"Realidad Tur\u00edstica"},"image":{"@id":"https:\/\/realidadturistica.com\/realtur\/#\/schema\/logo\/image\/"},"sameAs":["https:\/\/www.facebook.com\/realidadturistica","https:\/\/www.instagram.com\/realidad_turistica\/"]},{"@type":"Person","@id":"https:\/\/realidadturistica.com\/realtur\/#\/schema\/person\/ade671191202490fcf08ab21590de73e","name":"Editor","image":{"@type":"ImageObject","inLanguage":"es","@id":"https:\/\/realidadturistica.com\/realtur\/wp-content\/uploads\/2023\/09\/Editor_avatar_1693668634-96x96.png","url":"https:\/\/realidadturistica.com\/realtur\/wp-content\/uploads\/2023\/09\/Editor_avatar_1693668634-96x96.png","contentUrl":"https:\/\/realidadturistica.com\/realtur\/wp-content\/uploads\/2023\/09\/Editor_avatar_1693668634-96x96.png","caption":"Editor"},"sameAs":["https:\/\/realidadturistica.com\/realtur"],"url":"https:\/\/realidadturistica.com\/realtur\/author\/editor2\/"}]}},"_links":{"self":[{"href":"https:\/\/realidadturistica.com\/realtur\/wp-json\/wp\/v2\/posts\/11798","targetHints":{"allow":["GET"]}}],"collection":[{"href":"https:\/\/realidadturistica.com\/realtur\/wp-json\/wp\/v2\/posts"}],"about":[{"href":"https:\/\/realidadturistica.com\/realtur\/wp-json\/wp\/v2\/types\/post"}],"author":[{"embeddable":true,"href":"https:\/\/realidadturistica.com\/realtur\/wp-json\/wp\/v2\/users\/2"}],"replies":[{"embeddable":true,"href":"https:\/\/realidadturistica.com\/realtur\/wp-json\/wp\/v2\/comments?post=11798"}],"version-history":[{"count":1,"href":"https:\/\/realidadturistica.com\/realtur\/wp-json\/wp\/v2\/posts\/11798\/revisions"}],"predecessor-version":[{"id":11802,"href":"https:\/\/realidadturistica.com\/realtur\/wp-json\/wp\/v2\/posts\/11798\/revisions\/11802"}],"wp:featuredmedia":[{"embeddable":true,"href":"https:\/\/realidadturistica.com\/realtur\/wp-json\/wp\/v2\/media\/11799"}],"wp:attachment":[{"href":"https:\/\/realidadturistica.com\/realtur\/wp-json\/wp\/v2\/media?parent=11798"}],"wp:term":[{"taxonomy":"category","embeddable":true,"href":"https:\/\/realidadturistica.com\/realtur\/wp-json\/wp\/v2\/categories?post=11798"},{"taxonomy":"post_tag","embeddable":true,"href":"https:\/\/realidadturistica.com\/realtur\/wp-json\/wp\/v2\/tags?post=11798"}],"curies":[{"name":"wp","href":"https:\/\/api.w.org\/{rel}","templated":true}]}}