{"id":12234,"date":"2026-04-27T11:31:08","date_gmt":"2026-04-27T17:31:08","guid":{"rendered":"https:\/\/realidadturistica.com\/realtur\/?p=12234"},"modified":"2026-04-27T11:31:13","modified_gmt":"2026-04-27T17:31:13","slug":"se-fortalece-la-seguridad-de-los-turistas-en-rio-lagartos","status":"publish","type":"post","link":"https:\/\/realidadturistica.com\/realtur\/se-fortalece-la-seguridad-de-los-turistas-en-rio-lagartos\/","title":{"rendered":"Se fortalece la seguridad de los turistas en R\u00edo Lagartos"},"content":{"rendered":"\n<p class=\"wp-block-yoast-seo-estimated-reading-time yoast-reading-time__wrapper\"><span class=\"yoast-reading-time__icon\"><svg aria-hidden=\"true\" focusable=\"false\" data-icon=\"clock\" width=\"20\" height=\"20\" fill=\"none\" stroke=\"currentColor\" style=\"display:inline-block;vertical-align:-0.1em\" role=\"img\" xmlns=\"http:\/\/www.w3.org\/2000\/svg\" viewBox=\"0 0 24 24\"><path stroke-linecap=\"round\" stroke-linejoin=\"round\" stroke-width=\"2\" d=\"M12 8v4l3 3m6-3a9 9 0 11-18 0 9 9 0 0118 0z\"><\/path><\/svg><\/span><span class=\"yoast-reading-time__spacer\" style=\"display:inline-block;width:1em\"><\/span><span class=\"yoast-reading-time__descriptive-text\">Estimated reading time: <\/span><span class=\"yoast-reading-time__reading-time\">4<\/span><span class=\"yoast-reading-time__time-unit\"> minutos<\/span><\/p>\n\n\n\n<p>M\u00e9xico. La Secretar\u00eda de Fomento Tur\u00edstico entrega m\u00e1s de 500 chalecos salvavidas a prestadores de servicios, como parte de una estrategia estatal para elevar la calidad y la confianza en los destinos.<\/p>\n\n\n\n<p>Como parte del impulso al turismo en Yucat\u00e1n, el Gobierno del Renacimiento Maya, encabezado por el Gobernador Joaqu\u00edn D\u00edaz Mena, inici\u00f3 acciones para mejorar la seguridad y la calidad de los servicios tur\u00edsticos en el estado, con la entrega de equipo especializado a prestadores de servicios en R\u00edo Lagartos.<\/p>\n\n\n\n<p>A trav\u00e9s de la estrategia Apoyo Emergente de Equipamiento para Prestadores de Servicios Tur\u00edsticos del Estado de Yucat\u00e1n, coordinada por la Secretar\u00eda de Fomento Tur\u00edstico (Sefotur), se contempla una inversi\u00f3n estatal de un mill\u00f3n 998 mil 100 pesos, destinada a fortalecer la operaci\u00f3n de cooperativas comunitarias mediante la entrega de chalecos salvavidas, aros de rescate y botiquines de primeros auxilios.<\/p>\n\n\n\n<figure class=\"wp-block-image size-large\"><img fetchpriority=\"high\" decoding=\"async\" width=\"1024\" height=\"682\" src=\"https:\/\/realidadturistica.com\/realtur\/wp-content\/uploads\/2026\/04\/Unknown-8-1024x682.jpeg\" alt=\"\" class=\"wp-image-12236\" srcset=\"https:\/\/realidadturistica.com\/realtur\/wp-content\/uploads\/2026\/04\/Unknown-8-1024x682.jpeg 1024w, https:\/\/realidadturistica.com\/realtur\/wp-content\/uploads\/2026\/04\/Unknown-8-300x200.jpeg 300w, https:\/\/realidadturistica.com\/realtur\/wp-content\/uploads\/2026\/04\/Unknown-8-768x512.jpeg 768w, https:\/\/realidadturistica.com\/realtur\/wp-content\/uploads\/2026\/04\/Unknown-8-1170x780.jpeg 1170w, https:\/\/realidadturistica.com\/realtur\/wp-content\/uploads\/2026\/04\/Unknown-8-585x390.jpeg 585w, https:\/\/realidadturistica.com\/realtur\/wp-content\/uploads\/2026\/04\/Unknown-8-263x175.jpeg 263w, https:\/\/realidadturistica.com\/realtur\/wp-content\/uploads\/2026\/04\/Unknown-8.jpeg 1280w\" sizes=\"(max-width: 1024px) 100vw, 1024px\" \/><\/figure>\n\n\n\n<p>En una primera etapa, se program\u00f3 la distribuci\u00f3n de 504 chalecos salvavidas en el municipio de R\u00edo Lagartos, con una inversi\u00f3n de 380 mil 016 pesos, en beneficio directo de 89 prestadores de servicios tur\u00edsticos que ofrecen recorridos en 126 embarcaciones autorizadas dentro de la Reserva de la Biosfera.<\/p>\n\n\n\n<p>Estos apoyos est\u00e1n dirigidos a embarcaciones que cumplen con los requisitos normativos, incluidos los permisos vigentes de la Comisi\u00f3n Nacional de \u00c1reas Naturales Protegidas (Conanp), lo que permite mantener una operaci\u00f3n tur\u00edstica ordenada, responsable y alineada con la conservaci\u00f3n del entorno natural.<\/p>\n\n\n\n<p>Durante el evento, el titular de la Sefotur, Dar\u00edo Flota Ocampo, se\u00f1al\u00f3 que estas acciones responden a la instrucci\u00f3n del Gobernador Joaqu\u00edn D\u00edaz Mena de impulsar el desarrollo tur\u00edstico con un enfoque integral, en beneficio de visitantes y comunidades locales.<\/p>\n\n\n\n<figure class=\"wp-block-image size-large\"><img decoding=\"async\" width=\"1024\" height=\"576\" src=\"https:\/\/realidadturistica.com\/realtur\/wp-content\/uploads\/2026\/04\/Unknown3-6-1024x576.jpeg\" alt=\"\" class=\"wp-image-12237\" srcset=\"https:\/\/realidadturistica.com\/realtur\/wp-content\/uploads\/2026\/04\/Unknown3-6-1024x576.jpeg 1024w, https:\/\/realidadturistica.com\/realtur\/wp-content\/uploads\/2026\/04\/Unknown3-6-300x169.jpeg 300w, https:\/\/realidadturistica.com\/realtur\/wp-content\/uploads\/2026\/04\/Unknown3-6-768x432.jpeg 768w, https:\/\/realidadturistica.com\/realtur\/wp-content\/uploads\/2026\/04\/Unknown3-6-1170x658.jpeg 1170w, https:\/\/realidadturistica.com\/realtur\/wp-content\/uploads\/2026\/04\/Unknown3-6-585x329.jpeg 585w, https:\/\/realidadturistica.com\/realtur\/wp-content\/uploads\/2026\/04\/Unknown3-6-1200x675.jpeg 1200w, https:\/\/realidadturistica.com\/realtur\/wp-content\/uploads\/2026\/04\/Unknown3-6.jpeg 1280w\" sizes=\"(max-width: 1024px) 100vw, 1024px\" \/><\/figure>\n\n\n\n<p>Los chalecos entregados cumplen con est\u00e1ndares oficiales: son tipo III, modelo Kay III, y est\u00e1n certificados por la Secretar\u00eda de Marina bajo la normativa vigente, lo que asegura condiciones adecuadas para la navegaci\u00f3n en aguas interiores y costeras.<\/p>\n\n\n\n<p>De manera extraordinaria, la Secretar\u00eda de Pesca y Acuacultura Sustentables de Yucat\u00e1n (Sepasy) contribuy\u00f3 con 180 chalecos del total entregado en esta primera jornada, como parte de la coordinaci\u00f3n interinstitucional en favor del sector.<\/p>\n\n\n\n<p>Prestadoras y prestadores de servicios tur\u00edsticos del lugar, como Henry Jes\u00fas Pat Celis, reconocieron el respaldo de las autoridades estatales, al se\u00f1alar que estas acciones representan un avance para fortalecer la seguridad de los visitantes y la profesionalizaci\u00f3n del sector tur\u00edstico local.<\/p>\n\n\n\n<p>Como parte de esta gira de trabajo, tambi\u00e9n se distribuyeron 50 chalecos salvavidas en el cenote Kikil, en el municipio de Tizim\u00edn, con lo que se ampl\u00eda el alcance de este programa que beneficiar\u00e1 a m\u00e1s de 50 cooperativas tur\u00edsticas en todo el estado.<\/p>\n\n\n\n<figure class=\"wp-block-image size-large\"><img decoding=\"async\" width=\"1024\" height=\"682\" src=\"https:\/\/realidadturistica.com\/realtur\/wp-content\/uploads\/2026\/04\/Unknown5-1-1024x682.jpeg\" alt=\"\" class=\"wp-image-12238\" srcset=\"https:\/\/realidadturistica.com\/realtur\/wp-content\/uploads\/2026\/04\/Unknown5-1-1024x682.jpeg 1024w, https:\/\/realidadturistica.com\/realtur\/wp-content\/uploads\/2026\/04\/Unknown5-1-300x200.jpeg 300w, https:\/\/realidadturistica.com\/realtur\/wp-content\/uploads\/2026\/04\/Unknown5-1-768x512.jpeg 768w, https:\/\/realidadturistica.com\/realtur\/wp-content\/uploads\/2026\/04\/Unknown5-1-1170x780.jpeg 1170w, https:\/\/realidadturistica.com\/realtur\/wp-content\/uploads\/2026\/04\/Unknown5-1-585x390.jpeg 585w, https:\/\/realidadturistica.com\/realtur\/wp-content\/uploads\/2026\/04\/Unknown5-1-263x175.jpeg 263w, https:\/\/realidadturistica.com\/realtur\/wp-content\/uploads\/2026\/04\/Unknown5-1.jpeg 1280w\" sizes=\"(max-width: 1024px) 100vw, 1024px\" \/><\/figure>\n\n\n\n<p>El material fue recibido por el coordinador general y presidente de la cooperativa de este servicio tur\u00edstico, Gueber Perera Ayala, acompa\u00f1ado de un grupo de mujeres integrantes de la agrupaci\u00f3n.<\/p>\n\n\n\n<p>En el municipio de R\u00edo Lagartos encabezaron la entrega el secretario de Fomento Tur\u00edstico del Estado de Yucat\u00e1n, Dar\u00edo Flota Ocampo, y la presidenta municipal de R\u00edo Lagartos, Yese\u00f1a Osiris Lor\u00eda Marfil.<\/p>\n\n\n\n<p>Tambi\u00e9n participaron el subsecretario de Desarrollo Tur\u00edstico Sustentable de Sefotur, Ra\u00fal Paz Noriega; el subsecretario T\u00e9cnico de la Secretar\u00eda de Pesca y Acuacultura Sustentables, Gerardo Contreras Avil\u00e9s; el director de la Reserva de la Biosfera de R\u00eda Lagartos, Enrique C\u00e1ceres G. Cant\u00f3n; la directora de Turismo del Ayuntamiento de R\u00edo Lagartos, Dianela Marfil; el capit\u00e1n de Puerto de R\u00edo Lagartos, David Cupido S\u00e1nchez; y el representante del Consejo Consultivo Municipal Tur\u00edstico de R\u00edo Lagartos, Diego N\u00fa\u00f1ez Mart\u00ednez.<\/p>\n\n\n\n<p>Sefotur<\/p>\n","protected":false},"excerpt":{"rendered":"<p>M\u00e9xico. La Secretar\u00eda de Fomento Tur\u00edstico entrega m\u00e1s de 500 chalecos salvavidas a prestadores de servicios, como parte de una estrategia estatal para elevar la&hellip;<\/p>\n","protected":false},"author":2,"featured_media":12235,"comment_status":"open","ping_status":"closed","sticky":false,"template":"","format":"standard","meta":{"content-type":"","_lmt_disableupdate":"","_lmt_disable":"","footnotes":""},"categories":[4],"tags":[],"class_list":["post-12234","post","type-post","status-publish","format-standard","has-post-thumbnail","hentry","category-destinos"],"yoast_head":"<!-- This site is optimized with the Yoast SEO Premium plugin v27.4 (Yoast SEO v27.4) - https:\/\/yoast.com\/product\/yoast-seo-premium-wordpress\/ -->\n<title>Se fortalece la seguridad de los turistas en R\u00edo Lagartos - Realidad Tur\u00edstica<\/title>\n<meta name=\"robots\" content=\"index, follow, max-snippet:-1, max-image-preview:large, max-video-preview:-1\" \/>\n<link rel=\"canonical\" href=\"https:\/\/realidadturistica.com\/realtur\/se-fortalece-la-seguridad-de-los-turistas-en-rio-lagartos\/\" \/>\n<meta property=\"og:locale\" content=\"es_ES\" \/>\n<meta property=\"og:type\" content=\"article\" \/>\n<meta property=\"og:title\" content=\"Se fortalece la seguridad de los turistas en R\u00edo Lagartos\" \/>\n<meta property=\"og:description\" content=\"M\u00e9xico. La Secretar\u00eda de Fomento Tur\u00edstico entrega m\u00e1s de 500 chalecos salvavidas a prestadores de servicios, como parte de una estrategia estatal para elevar la&hellip;\" \/>\n<meta property=\"og:url\" content=\"https:\/\/realidadturistica.com\/realtur\/se-fortalece-la-seguridad-de-los-turistas-en-rio-lagartos\/\" \/>\n<meta property=\"og:site_name\" content=\"Realidad Tur\u00edstica\" \/>\n<meta property=\"article:publisher\" content=\"https:\/\/www.facebook.com\/realidadturistica\" \/>\n<meta property=\"article:published_time\" content=\"2026-04-27T17:31:08+00:00\" \/>\n<meta property=\"article:modified_time\" content=\"2026-04-27T17:31:13+00:00\" \/>\n<meta property=\"og:image\" content=\"https:\/\/realidadturistica.com\/realtur\/wp-content\/uploads\/2026\/04\/Unknown1-8.jpeg\" \/>\n\t<meta property=\"og:image:width\" content=\"1280\" \/>\n\t<meta property=\"og:image:height\" content=\"853\" \/>\n\t<meta property=\"og:image:type\" content=\"image\/jpeg\" \/>\n<meta name=\"author\" content=\"Editor\" \/>\n<meta name=\"twitter:card\" content=\"summary_large_image\" \/>\n<meta name=\"twitter:label1\" content=\"Escrito por\" \/>\n\t<meta name=\"twitter:data1\" content=\"Editor\" \/>\n\t<meta name=\"twitter:label2\" content=\"Tiempo de lectura\" \/>\n\t<meta name=\"twitter:data2\" content=\"4 minutos\" \/>\n<script type=\"application\/ld+json\" class=\"yoast-schema-graph\">{\"@context\":\"https:\\\/\\\/schema.org\",\"@graph\":[{\"@type\":\"Article\",\"@id\":\"https:\\\/\\\/realidadturistica.com\\\/realtur\\\/se-fortalece-la-seguridad-de-los-turistas-en-rio-lagartos\\\/#article\",\"isPartOf\":{\"@id\":\"https:\\\/\\\/realidadturistica.com\\\/realtur\\\/se-fortalece-la-seguridad-de-los-turistas-en-rio-lagartos\\\/\"},\"author\":{\"name\":\"Editor\",\"@id\":\"https:\\\/\\\/realidadturistica.com\\\/realtur\\\/#\\\/schema\\\/person\\\/ade671191202490fcf08ab21590de73e\"},\"headline\":\"Se fortalece la seguridad de los turistas en R\u00edo Lagartos\",\"datePublished\":\"2026-04-27T17:31:08+00:00\",\"dateModified\":\"2026-04-27T17:31:13+00:00\",\"mainEntityOfPage\":{\"@id\":\"https:\\\/\\\/realidadturistica.com\\\/realtur\\\/se-fortalece-la-seguridad-de-los-turistas-en-rio-lagartos\\\/\"},\"wordCount\":650,\"commentCount\":0,\"publisher\":{\"@id\":\"https:\\\/\\\/realidadturistica.com\\\/realtur\\\/#organization\"},\"image\":{\"@id\":\"https:\\\/\\\/realidadturistica.com\\\/realtur\\\/se-fortalece-la-seguridad-de-los-turistas-en-rio-lagartos\\\/#primaryimage\"},\"thumbnailUrl\":\"https:\\\/\\\/realidadturistica.com\\\/realtur\\\/wp-content\\\/uploads\\\/2026\\\/04\\\/Unknown1-8.jpeg\",\"articleSection\":[\"Destinos M\u00e1gicos\"],\"inLanguage\":\"es\",\"potentialAction\":[{\"@type\":\"CommentAction\",\"name\":\"Comment\",\"target\":[\"https:\\\/\\\/realidadturistica.com\\\/realtur\\\/se-fortalece-la-seguridad-de-los-turistas-en-rio-lagartos\\\/#respond\"]}]},{\"@type\":\"WebPage\",\"@id\":\"https:\\\/\\\/realidadturistica.com\\\/realtur\\\/se-fortalece-la-seguridad-de-los-turistas-en-rio-lagartos\\\/\",\"url\":\"https:\\\/\\\/realidadturistica.com\\\/realtur\\\/se-fortalece-la-seguridad-de-los-turistas-en-rio-lagartos\\\/\",\"name\":\"Se fortalece la seguridad de los turistas en R\u00edo Lagartos - Realidad Tur\u00edstica\",\"isPartOf\":{\"@id\":\"https:\\\/\\\/realidadturistica.com\\\/realtur\\\/#website\"},\"primaryImageOfPage\":{\"@id\":\"https:\\\/\\\/realidadturistica.com\\\/realtur\\\/se-fortalece-la-seguridad-de-los-turistas-en-rio-lagartos\\\/#primaryimage\"},\"image\":{\"@id\":\"https:\\\/\\\/realidadturistica.com\\\/realtur\\\/se-fortalece-la-seguridad-de-los-turistas-en-rio-lagartos\\\/#primaryimage\"},\"thumbnailUrl\":\"https:\\\/\\\/realidadturistica.com\\\/realtur\\\/wp-content\\\/uploads\\\/2026\\\/04\\\/Unknown1-8.jpeg\",\"datePublished\":\"2026-04-27T17:31:08+00:00\",\"dateModified\":\"2026-04-27T17:31:13+00:00\",\"breadcrumb\":{\"@id\":\"https:\\\/\\\/realidadturistica.com\\\/realtur\\\/se-fortalece-la-seguridad-de-los-turistas-en-rio-lagartos\\\/#breadcrumb\"},\"inLanguage\":\"es\",\"potentialAction\":[{\"@type\":\"ReadAction\",\"target\":[\"https:\\\/\\\/realidadturistica.com\\\/realtur\\\/se-fortalece-la-seguridad-de-los-turistas-en-rio-lagartos\\\/\"]}]},{\"@type\":\"ImageObject\",\"inLanguage\":\"es\",\"@id\":\"https:\\\/\\\/realidadturistica.com\\\/realtur\\\/se-fortalece-la-seguridad-de-los-turistas-en-rio-lagartos\\\/#primaryimage\",\"url\":\"https:\\\/\\\/realidadturistica.com\\\/realtur\\\/wp-content\\\/uploads\\\/2026\\\/04\\\/Unknown1-8.jpeg\",\"contentUrl\":\"https:\\\/\\\/realidadturistica.com\\\/realtur\\\/wp-content\\\/uploads\\\/2026\\\/04\\\/Unknown1-8.jpeg\",\"width\":1280,\"height\":853},{\"@type\":\"BreadcrumbList\",\"@id\":\"https:\\\/\\\/realidadturistica.com\\\/realtur\\\/se-fortalece-la-seguridad-de-los-turistas-en-rio-lagartos\\\/#breadcrumb\",\"itemListElement\":[{\"@type\":\"ListItem\",\"position\":1,\"name\":\"Portada\",\"item\":\"https:\\\/\\\/realidadturistica.com\\\/realtur\\\/\"},{\"@type\":\"ListItem\",\"position\":2,\"name\":\"Se fortalece la seguridad de los turistas en R\u00edo Lagartos\"}]},{\"@type\":\"WebSite\",\"@id\":\"https:\\\/\\\/realidadturistica.com\\\/realtur\\\/#website\",\"url\":\"https:\\\/\\\/realidadturistica.com\\\/realtur\\\/\",\"name\":\"Realidad Tur\u00edstica\",\"description\":\"\",\"publisher\":{\"@id\":\"https:\\\/\\\/realidadturistica.com\\\/realtur\\\/#organization\"},\"potentialAction\":[{\"@type\":\"SearchAction\",\"target\":{\"@type\":\"EntryPoint\",\"urlTemplate\":\"https:\\\/\\\/realidadturistica.com\\\/realtur\\\/?s={search_term_string}\"},\"query-input\":{\"@type\":\"PropertyValueSpecification\",\"valueRequired\":true,\"valueName\":\"search_term_string\"}}],\"inLanguage\":\"es\"},{\"@type\":\"Organization\",\"@id\":\"https:\\\/\\\/realidadturistica.com\\\/realtur\\\/#organization\",\"name\":\"Realidad Tur\u00edstica\",\"url\":\"https:\\\/\\\/realidadturistica.com\\\/realtur\\\/\",\"logo\":{\"@type\":\"ImageObject\",\"inLanguage\":\"es\",\"@id\":\"https:\\\/\\\/realidadturistica.com\\\/realtur\\\/#\\\/schema\\\/logo\\\/image\\\/\",\"url\":\"https:\\\/\\\/realidadturistica.com\\\/realtur\\\/wp-content\\\/uploads\\\/2021\\\/12\\\/logotipo-realidad-turistica.png\",\"contentUrl\":\"https:\\\/\\\/realidadturistica.com\\\/realtur\\\/wp-content\\\/uploads\\\/2021\\\/12\\\/logotipo-realidad-turistica.png\",\"width\":1382,\"height\":629,\"caption\":\"Realidad Tur\u00edstica\"},\"image\":{\"@id\":\"https:\\\/\\\/realidadturistica.com\\\/realtur\\\/#\\\/schema\\\/logo\\\/image\\\/\"},\"sameAs\":[\"https:\\\/\\\/www.facebook.com\\\/realidadturistica\",\"https:\\\/\\\/www.instagram.com\\\/realidad_turistica\\\/\"]},{\"@type\":\"Person\",\"@id\":\"https:\\\/\\\/realidadturistica.com\\\/realtur\\\/#\\\/schema\\\/person\\\/ade671191202490fcf08ab21590de73e\",\"name\":\"Editor\",\"image\":{\"@type\":\"ImageObject\",\"inLanguage\":\"es\",\"@id\":\"https:\\\/\\\/realidadturistica.com\\\/realtur\\\/wp-content\\\/uploads\\\/2023\\\/09\\\/Editor_avatar_1693668634-96x96.png\",\"url\":\"https:\\\/\\\/realidadturistica.com\\\/realtur\\\/wp-content\\\/uploads\\\/2023\\\/09\\\/Editor_avatar_1693668634-96x96.png\",\"contentUrl\":\"https:\\\/\\\/realidadturistica.com\\\/realtur\\\/wp-content\\\/uploads\\\/2023\\\/09\\\/Editor_avatar_1693668634-96x96.png\",\"caption\":\"Editor\"},\"sameAs\":[\"https:\\\/\\\/realidadturistica.com\\\/realtur\"],\"url\":\"https:\\\/\\\/realidadturistica.com\\\/realtur\\\/author\\\/editor2\\\/\"}]}<\/script>\n<!-- \/ Yoast SEO Premium plugin. -->","yoast_head_json":{"title":"Se fortalece la seguridad de los turistas en R\u00edo Lagartos - Realidad Tur\u00edstica","robots":{"index":"index","follow":"follow","max-snippet":"max-snippet:-1","max-image-preview":"max-image-preview:large","max-video-preview":"max-video-preview:-1"},"canonical":"https:\/\/realidadturistica.com\/realtur\/se-fortalece-la-seguridad-de-los-turistas-en-rio-lagartos\/","og_locale":"es_ES","og_type":"article","og_title":"Se fortalece la seguridad de los turistas en R\u00edo Lagartos","og_description":"M\u00e9xico. La Secretar\u00eda de Fomento Tur\u00edstico entrega m\u00e1s de 500 chalecos salvavidas a prestadores de servicios, como parte de una estrategia estatal para elevar la&hellip;","og_url":"https:\/\/realidadturistica.com\/realtur\/se-fortalece-la-seguridad-de-los-turistas-en-rio-lagartos\/","og_site_name":"Realidad Tur\u00edstica","article_publisher":"https:\/\/www.facebook.com\/realidadturistica","article_published_time":"2026-04-27T17:31:08+00:00","article_modified_time":"2026-04-27T17:31:13+00:00","og_image":[{"width":1280,"height":853,"url":"https:\/\/realidadturistica.com\/realtur\/wp-content\/uploads\/2026\/04\/Unknown1-8.jpeg","type":"image\/jpeg"}],"author":"Editor","twitter_card":"summary_large_image","twitter_misc":{"Escrito por":"Editor","Tiempo de lectura":"4 minutos"},"schema":{"@context":"https:\/\/schema.org","@graph":[{"@type":"Article","@id":"https:\/\/realidadturistica.com\/realtur\/se-fortalece-la-seguridad-de-los-turistas-en-rio-lagartos\/#article","isPartOf":{"@id":"https:\/\/realidadturistica.com\/realtur\/se-fortalece-la-seguridad-de-los-turistas-en-rio-lagartos\/"},"author":{"name":"Editor","@id":"https:\/\/realidadturistica.com\/realtur\/#\/schema\/person\/ade671191202490fcf08ab21590de73e"},"headline":"Se fortalece la seguridad de los turistas en R\u00edo Lagartos","datePublished":"2026-04-27T17:31:08+00:00","dateModified":"2026-04-27T17:31:13+00:00","mainEntityOfPage":{"@id":"https:\/\/realidadturistica.com\/realtur\/se-fortalece-la-seguridad-de-los-turistas-en-rio-lagartos\/"},"wordCount":650,"commentCount":0,"publisher":{"@id":"https:\/\/realidadturistica.com\/realtur\/#organization"},"image":{"@id":"https:\/\/realidadturistica.com\/realtur\/se-fortalece-la-seguridad-de-los-turistas-en-rio-lagartos\/#primaryimage"},"thumbnailUrl":"https:\/\/realidadturistica.com\/realtur\/wp-content\/uploads\/2026\/04\/Unknown1-8.jpeg","articleSection":["Destinos M\u00e1gicos"],"inLanguage":"es","potentialAction":[{"@type":"CommentAction","name":"Comment","target":["https:\/\/realidadturistica.com\/realtur\/se-fortalece-la-seguridad-de-los-turistas-en-rio-lagartos\/#respond"]}]},{"@type":"WebPage","@id":"https:\/\/realidadturistica.com\/realtur\/se-fortalece-la-seguridad-de-los-turistas-en-rio-lagartos\/","url":"https:\/\/realidadturistica.com\/realtur\/se-fortalece-la-seguridad-de-los-turistas-en-rio-lagartos\/","name":"Se fortalece la seguridad de los turistas en R\u00edo Lagartos - Realidad Tur\u00edstica","isPartOf":{"@id":"https:\/\/realidadturistica.com\/realtur\/#website"},"primaryImageOfPage":{"@id":"https:\/\/realidadturistica.com\/realtur\/se-fortalece-la-seguridad-de-los-turistas-en-rio-lagartos\/#primaryimage"},"image":{"@id":"https:\/\/realidadturistica.com\/realtur\/se-fortalece-la-seguridad-de-los-turistas-en-rio-lagartos\/#primaryimage"},"thumbnailUrl":"https:\/\/realidadturistica.com\/realtur\/wp-content\/uploads\/2026\/04\/Unknown1-8.jpeg","datePublished":"2026-04-27T17:31:08+00:00","dateModified":"2026-04-27T17:31:13+00:00","breadcrumb":{"@id":"https:\/\/realidadturistica.com\/realtur\/se-fortalece-la-seguridad-de-los-turistas-en-rio-lagartos\/#breadcrumb"},"inLanguage":"es","potentialAction":[{"@type":"ReadAction","target":["https:\/\/realidadturistica.com\/realtur\/se-fortalece-la-seguridad-de-los-turistas-en-rio-lagartos\/"]}]},{"@type":"ImageObject","inLanguage":"es","@id":"https:\/\/realidadturistica.com\/realtur\/se-fortalece-la-seguridad-de-los-turistas-en-rio-lagartos\/#primaryimage","url":"https:\/\/realidadturistica.com\/realtur\/wp-content\/uploads\/2026\/04\/Unknown1-8.jpeg","contentUrl":"https:\/\/realidadturistica.com\/realtur\/wp-content\/uploads\/2026\/04\/Unknown1-8.jpeg","width":1280,"height":853},{"@type":"BreadcrumbList","@id":"https:\/\/realidadturistica.com\/realtur\/se-fortalece-la-seguridad-de-los-turistas-en-rio-lagartos\/#breadcrumb","itemListElement":[{"@type":"ListItem","position":1,"name":"Portada","item":"https:\/\/realidadturistica.com\/realtur\/"},{"@type":"ListItem","position":2,"name":"Se fortalece la seguridad de los turistas en R\u00edo Lagartos"}]},{"@type":"WebSite","@id":"https:\/\/realidadturistica.com\/realtur\/#website","url":"https:\/\/realidadturistica.com\/realtur\/","name":"Realidad Tur\u00edstica","description":"","publisher":{"@id":"https:\/\/realidadturistica.com\/realtur\/#organization"},"potentialAction":[{"@type":"SearchAction","target":{"@type":"EntryPoint","urlTemplate":"https:\/\/realidadturistica.com\/realtur\/?s={search_term_string}"},"query-input":{"@type":"PropertyValueSpecification","valueRequired":true,"valueName":"search_term_string"}}],"inLanguage":"es"},{"@type":"Organization","@id":"https:\/\/realidadturistica.com\/realtur\/#organization","name":"Realidad Tur\u00edstica","url":"https:\/\/realidadturistica.com\/realtur\/","logo":{"@type":"ImageObject","inLanguage":"es","@id":"https:\/\/realidadturistica.com\/realtur\/#\/schema\/logo\/image\/","url":"https:\/\/realidadturistica.com\/realtur\/wp-content\/uploads\/2021\/12\/logotipo-realidad-turistica.png","contentUrl":"https:\/\/realidadturistica.com\/realtur\/wp-content\/uploads\/2021\/12\/logotipo-realidad-turistica.png","width":1382,"height":629,"caption":"Realidad Tur\u00edstica"},"image":{"@id":"https:\/\/realidadturistica.com\/realtur\/#\/schema\/logo\/image\/"},"sameAs":["https:\/\/www.facebook.com\/realidadturistica","https:\/\/www.instagram.com\/realidad_turistica\/"]},{"@type":"Person","@id":"https:\/\/realidadturistica.com\/realtur\/#\/schema\/person\/ade671191202490fcf08ab21590de73e","name":"Editor","image":{"@type":"ImageObject","inLanguage":"es","@id":"https:\/\/realidadturistica.com\/realtur\/wp-content\/uploads\/2023\/09\/Editor_avatar_1693668634-96x96.png","url":"https:\/\/realidadturistica.com\/realtur\/wp-content\/uploads\/2023\/09\/Editor_avatar_1693668634-96x96.png","contentUrl":"https:\/\/realidadturistica.com\/realtur\/wp-content\/uploads\/2023\/09\/Editor_avatar_1693668634-96x96.png","caption":"Editor"},"sameAs":["https:\/\/realidadturistica.com\/realtur"],"url":"https:\/\/realidadturistica.com\/realtur\/author\/editor2\/"}]}},"_links":{"self":[{"href":"https:\/\/realidadturistica.com\/realtur\/wp-json\/wp\/v2\/posts\/12234","targetHints":{"allow":["GET"]}}],"collection":[{"href":"https:\/\/realidadturistica.com\/realtur\/wp-json\/wp\/v2\/posts"}],"about":[{"href":"https:\/\/realidadturistica.com\/realtur\/wp-json\/wp\/v2\/types\/post"}],"author":[{"embeddable":true,"href":"https:\/\/realidadturistica.com\/realtur\/wp-json\/wp\/v2\/users\/2"}],"replies":[{"embeddable":true,"href":"https:\/\/realidadturistica.com\/realtur\/wp-json\/wp\/v2\/comments?post=12234"}],"version-history":[{"count":1,"href":"https:\/\/realidadturistica.com\/realtur\/wp-json\/wp\/v2\/posts\/12234\/revisions"}],"predecessor-version":[{"id":12239,"href":"https:\/\/realidadturistica.com\/realtur\/wp-json\/wp\/v2\/posts\/12234\/revisions\/12239"}],"wp:featuredmedia":[{"embeddable":true,"href":"https:\/\/realidadturistica.com\/realtur\/wp-json\/wp\/v2\/media\/12235"}],"wp:attachment":[{"href":"https:\/\/realidadturistica.com\/realtur\/wp-json\/wp\/v2\/media?parent=12234"}],"wp:term":[{"taxonomy":"category","embeddable":true,"href":"https:\/\/realidadturistica.com\/realtur\/wp-json\/wp\/v2\/categories?post=12234"},{"taxonomy":"post_tag","embeddable":true,"href":"https:\/\/realidadturistica.com\/realtur\/wp-json\/wp\/v2\/tags?post=12234"}],"curies":[{"name":"wp","href":"https:\/\/api.w.org\/{rel}","templated":true}]}}