{"id":12255,"date":"2026-04-27T20:31:59","date_gmt":"2026-04-28T02:31:59","guid":{"rendered":"https:\/\/realidadturistica.com\/realtur\/?p=12255"},"modified":"2026-04-27T20:32:04","modified_gmt":"2026-04-28T02:32:04","slug":"buscara-famex-2027-impulsar-inversion-extranjera","status":"publish","type":"post","link":"https:\/\/realidadturistica.com\/realtur\/buscara-famex-2027-impulsar-inversion-extranjera\/","title":{"rendered":"Buscar\u00e1 FAMEX 2027 impulsar inversi\u00f3n extranjera"},"content":{"rendered":"\n<p class=\"wp-block-yoast-seo-estimated-reading-time yoast-reading-time__wrapper\"><span class=\"yoast-reading-time__icon\"><svg aria-hidden=\"true\" focusable=\"false\" data-icon=\"clock\" width=\"20\" height=\"20\" fill=\"none\" stroke=\"currentColor\" style=\"display:inline-block;vertical-align:-0.1em\" role=\"img\" xmlns=\"http:\/\/www.w3.org\/2000\/svg\" viewBox=\"0 0 24 24\"><path stroke-linecap=\"round\" stroke-linejoin=\"round\" stroke-width=\"2\" d=\"M12 8v4l3 3m6-3a9 9 0 11-18 0 9 9 0 0118 0z\"><\/path><\/svg><\/span><span class=\"yoast-reading-time__spacer\" style=\"display:inline-block;width:1em\"><\/span><span class=\"yoast-reading-time__descriptive-text\">Estimated reading time: <\/span><span class=\"yoast-reading-time__reading-time\">4<\/span><span class=\"yoast-reading-time__time-unit\"> minutos<\/span><\/p>\n\n\n\n<p>Para la edici\u00f3n 2027 de la Feria Aeroespacial M\u00e9xico (FAMEX), se espera llegar m\u00e1s lejos y por ello, el Comit\u00e9 organizador planea reunir a un mayor n\u00famero de participantes de la industria, impulsar m\u00e1s inversi\u00f3n extranjera, fomentar al talento joven y promover el crecimiento sostenible del sector aeroespacial, asegur\u00f3 el General Disrael\u00ed G\u00f3mez Herrera, director del Comit\u00e9 de esta Feria.<\/p>\n\n\n\n<p>En el marco del segundo d\u00eda de actividades del Espect\u00e1culo A\u00e9reo Tulum 2026 -Tulum Air Show-, el director del Comit\u00e9 de la FAMEX anunci\u00f3 que se llevar\u00e1 a cabo del 20 al 24 de abril del pr\u00f3ximo a\u00f1o, as\u00ed como la presentaci\u00f3n de Italia e Hidalgo, como el pa\u00eds y estado mexicano invitados.<\/p>\n\n\n\n<p>Durante su presentaci\u00f3n, G\u00f3mez Herrera indic\u00f3 que esta s\u00e9ptima edici\u00f3n de la FAMEX tendr\u00e1 exhibiciones de alto nivel, as\u00ed como \u201cexperiencias innovadoras para futuras generaciones\u201d. Adem\u00e1s se invit\u00f3 a Canad\u00e1 y Estados Unidos para que traigan sus equipos acrob\u00e1ticos y sean parte del espect\u00e1culo a\u00e9reo en esta s\u00e9ptima edici\u00f3n.<\/p>\n\n\n\n<p>Por su parte, el embajador de Italia en M\u00e9xico, Alessandro Modiano, agradeci\u00f3 la invitaci\u00f3n de su pa\u00eds para la pr\u00f3xima edici\u00f3n de la FAMEX y record\u00f3 que Italia y M\u00e9xico son naciones unidas por ra\u00edces hist\u00f3ricas.<\/p>\n\n\n\n<p>\u201cHoy miramos juntos al cielo y al espacio; Italia cuenta con una destacada profesi\u00f3n aeroespacial, con empresas especializadas para la producci\u00f3n de helic\u00f3pteros y aeronaves, de componentes para la aviaci\u00f3n civil y militar, la creaci\u00f3n de sistemas de radares, entre otras cosas\u201d, dijo.<\/p>\n\n\n\n<p>El diplom\u00e1tico coment\u00f3 que la pr\u00f3xima edici\u00f3n de la FAMEX ser\u00e1 el punto de encuentro de la industria espacial, defensa, aviaci\u00f3n civil y militar y que reunir\u00e1 a empresas mexicanas e internacionales, de ah\u00ed Italia \u201cllevar\u00e1 lo mejor de nuestra experiencia industrial a M\u00e9xico\u201d.<\/p>\n\n\n\n<p>Por su parte, Carlos Henkel Escorza, secretario de Desarrollo Econ\u00f3mico del estado de Hidalgo, coment\u00f3 que esta entidad es una tierra de oportunidades, adem\u00e1s de que, por su ubicaci\u00f3n, les ofrece una conectividad excepcional con el resto del pa\u00eds a trav\u00e9s de los aeropuertos internacionales de la Ciudad de M\u00e9xico, Felipe \u00c1ngeles y Toluca.Adem\u00e1s, destac\u00f3 que cuenta con el Cl\u00faster Aeroespacial Metropolitano, el m\u00e1s joven del pa\u00eds; por ello, el ser el estado invitado es una oportunidad para demostrar lo que tiene el estado por ofrecer.<\/p>\n\n\n\n<p>El comandante de la Fuerza A\u00e9rea Mexicana (FAM), el General Rom\u00e1n Carmona Landa, explic\u00f3 que la FAMEX naci\u00f3 como una iniciativa de la Secretar\u00eda de la Defensa Nacional (SEDENA) para impulsar el crecimiento econ\u00f3mico y el intercambio tecnol\u00f3gico, \u201ces el epicentro de la academia, industria privada, el sector p\u00fablico convergen para fortalecer la soberan\u00eda tecnol\u00f3gica de nuestra naci\u00f3n\u201d.<\/p>\n\n\n\n<p>Puntualiz\u00f3 que no es solo una exhibici\u00f3n, \u201csino el motor que posiciona a M\u00e9xico en el radar global de la industria aeron\u00e1utica, donde el talento mexicano aprender\u00e1 de los mejores y demostrar\u00e1 al mundo de lo que somos capaces\u201d.<\/p>\n\n\n\n<p>Del 20 al 24 de abril la realizaci\u00f3n de FAMEX<\/p>\n\n\n\n<p>En conferencia de prensa con medios, el General G\u00f3mez Herrera aclar\u00f3 que la FAMEX 2027 se llevar\u00e1 a cabo los d\u00edas 20 al 24 de abril en las instalaciones de la Base A\u00e9rea Militar de Santa Luc\u00eda, en el Estado de M\u00e9xico.<\/p>\n\n\n\n<p>Adelant\u00f3 que para esa s\u00e9ptima edici\u00f3n se proyecta un crecimiento estimado en 20% en la cantidad de expositores y aeronaves, pues adem\u00e1s de los pa\u00edses a los que se les envi\u00f3 sus cartas de invitaci\u00f3n, est\u00e1n gestionando otras con naciones sudamericanas.<\/p>\n\n\n\n<p>Por su parte, el embajador italiano en M\u00e9xico, Modiano, expres\u00f3 que una naci\u00f3n que invierte en la educaci\u00f3n, hace una inversi\u00f3n en la defensa y el desarrollo del pa\u00eds.<\/p>\n\n\n\n<p>Durante el evento, Gustavo Cabrera, responsable del Sector Aeron\u00e1utico y Espacial, de la Secretar\u00eda de Econom\u00eda (SE) le entreg\u00f3 la carta de autorizaci\u00f3n para el uso del logo de \u201cHecho en M\u00e9xico\u201d al director del Comit\u00e9 de la FAMEX, al General G\u00f3mez Herrera.<\/p>\n\n\n\n<p>&nbsp;A21<\/p>\n","protected":false},"excerpt":{"rendered":"<p>Para la edici\u00f3n 2027 de la Feria Aeroespacial M\u00e9xico (FAMEX), se espera llegar m\u00e1s lejos y por ello, el Comit\u00e9 organizador planea reunir a un&hellip;<\/p>\n","protected":false},"author":2,"featured_media":12256,"comment_status":"open","ping_status":"closed","sticky":false,"template":"","format":"standard","meta":{"content-type":"","_lmt_disableupdate":"","_lmt_disable":"","footnotes":""},"categories":[2],"tags":[],"class_list":["post-12255","post","type-post","status-publish","format-standard","has-post-thumbnail","hentry","category-aerolineas"],"yoast_head":"<!-- This site is optimized with the Yoast SEO Premium plugin v27.4 (Yoast SEO v27.4) - https:\/\/yoast.com\/product\/yoast-seo-premium-wordpress\/ -->\n<title>Buscar\u00e1 FAMEX 2027 impulsar inversi\u00f3n extranjera - Realidad Tur\u00edstica<\/title>\n<meta name=\"robots\" content=\"index, follow, max-snippet:-1, max-image-preview:large, max-video-preview:-1\" \/>\n<link rel=\"canonical\" href=\"https:\/\/realidadturistica.com\/realtur\/buscara-famex-2027-impulsar-inversion-extranjera\/\" \/>\n<meta property=\"og:locale\" content=\"es_ES\" \/>\n<meta property=\"og:type\" content=\"article\" \/>\n<meta property=\"og:title\" content=\"Buscar\u00e1 FAMEX 2027 impulsar inversi\u00f3n extranjera\" \/>\n<meta property=\"og:description\" content=\"Para la edici\u00f3n 2027 de la Feria Aeroespacial M\u00e9xico (FAMEX), se espera llegar m\u00e1s lejos y por ello, el Comit\u00e9 organizador planea reunir a un&hellip;\" \/>\n<meta property=\"og:url\" content=\"https:\/\/realidadturistica.com\/realtur\/buscara-famex-2027-impulsar-inversion-extranjera\/\" \/>\n<meta property=\"og:site_name\" content=\"Realidad Tur\u00edstica\" \/>\n<meta property=\"article:publisher\" content=\"https:\/\/www.facebook.com\/realidadturistica\" \/>\n<meta property=\"article:published_time\" content=\"2026-04-28T02:31:59+00:00\" \/>\n<meta property=\"article:modified_time\" content=\"2026-04-28T02:32:04+00:00\" \/>\n<meta property=\"og:image\" content=\"https:\/\/realidadturistica.com\/realtur\/wp-content\/uploads\/2026\/04\/Buscara-FAMEX-2027.jpg\" \/>\n\t<meta property=\"og:image:width\" content=\"1536\" \/>\n\t<meta property=\"og:image:height\" content=\"1152\" \/>\n\t<meta property=\"og:image:type\" content=\"image\/jpeg\" \/>\n<meta name=\"author\" content=\"Editor\" \/>\n<meta name=\"twitter:card\" content=\"summary_large_image\" \/>\n<meta name=\"twitter:label1\" content=\"Escrito por\" \/>\n\t<meta name=\"twitter:data1\" content=\"Editor\" \/>\n\t<meta name=\"twitter:label2\" content=\"Tiempo de lectura\" \/>\n\t<meta name=\"twitter:data2\" content=\"4 minutos\" \/>\n<script type=\"application\/ld+json\" class=\"yoast-schema-graph\">{\"@context\":\"https:\\\/\\\/schema.org\",\"@graph\":[{\"@type\":\"Article\",\"@id\":\"https:\\\/\\\/realidadturistica.com\\\/realtur\\\/buscara-famex-2027-impulsar-inversion-extranjera\\\/#article\",\"isPartOf\":{\"@id\":\"https:\\\/\\\/realidadturistica.com\\\/realtur\\\/buscara-famex-2027-impulsar-inversion-extranjera\\\/\"},\"author\":{\"name\":\"Editor\",\"@id\":\"https:\\\/\\\/realidadturistica.com\\\/realtur\\\/#\\\/schema\\\/person\\\/ade671191202490fcf08ab21590de73e\"},\"headline\":\"Buscar\u00e1 FAMEX 2027 impulsar inversi\u00f3n extranjera\",\"datePublished\":\"2026-04-28T02:31:59+00:00\",\"dateModified\":\"2026-04-28T02:32:04+00:00\",\"mainEntityOfPage\":{\"@id\":\"https:\\\/\\\/realidadturistica.com\\\/realtur\\\/buscara-famex-2027-impulsar-inversion-extranjera\\\/\"},\"wordCount\":723,\"commentCount\":0,\"publisher\":{\"@id\":\"https:\\\/\\\/realidadturistica.com\\\/realtur\\\/#organization\"},\"image\":{\"@id\":\"https:\\\/\\\/realidadturistica.com\\\/realtur\\\/buscara-famex-2027-impulsar-inversion-extranjera\\\/#primaryimage\"},\"thumbnailUrl\":\"https:\\\/\\\/realidadturistica.com\\\/realtur\\\/wp-content\\\/uploads\\\/2026\\\/04\\\/Buscara-FAMEX-2027.jpg\",\"articleSection\":[\"Volar con pasi\u00f3n\"],\"inLanguage\":\"es\",\"potentialAction\":[{\"@type\":\"CommentAction\",\"name\":\"Comment\",\"target\":[\"https:\\\/\\\/realidadturistica.com\\\/realtur\\\/buscara-famex-2027-impulsar-inversion-extranjera\\\/#respond\"]}]},{\"@type\":\"WebPage\",\"@id\":\"https:\\\/\\\/realidadturistica.com\\\/realtur\\\/buscara-famex-2027-impulsar-inversion-extranjera\\\/\",\"url\":\"https:\\\/\\\/realidadturistica.com\\\/realtur\\\/buscara-famex-2027-impulsar-inversion-extranjera\\\/\",\"name\":\"Buscar\u00e1 FAMEX 2027 impulsar inversi\u00f3n extranjera - Realidad Tur\u00edstica\",\"isPartOf\":{\"@id\":\"https:\\\/\\\/realidadturistica.com\\\/realtur\\\/#website\"},\"primaryImageOfPage\":{\"@id\":\"https:\\\/\\\/realidadturistica.com\\\/realtur\\\/buscara-famex-2027-impulsar-inversion-extranjera\\\/#primaryimage\"},\"image\":{\"@id\":\"https:\\\/\\\/realidadturistica.com\\\/realtur\\\/buscara-famex-2027-impulsar-inversion-extranjera\\\/#primaryimage\"},\"thumbnailUrl\":\"https:\\\/\\\/realidadturistica.com\\\/realtur\\\/wp-content\\\/uploads\\\/2026\\\/04\\\/Buscara-FAMEX-2027.jpg\",\"datePublished\":\"2026-04-28T02:31:59+00:00\",\"dateModified\":\"2026-04-28T02:32:04+00:00\",\"breadcrumb\":{\"@id\":\"https:\\\/\\\/realidadturistica.com\\\/realtur\\\/buscara-famex-2027-impulsar-inversion-extranjera\\\/#breadcrumb\"},\"inLanguage\":\"es\",\"potentialAction\":[{\"@type\":\"ReadAction\",\"target\":[\"https:\\\/\\\/realidadturistica.com\\\/realtur\\\/buscara-famex-2027-impulsar-inversion-extranjera\\\/\"]}]},{\"@type\":\"ImageObject\",\"inLanguage\":\"es\",\"@id\":\"https:\\\/\\\/realidadturistica.com\\\/realtur\\\/buscara-famex-2027-impulsar-inversion-extranjera\\\/#primaryimage\",\"url\":\"https:\\\/\\\/realidadturistica.com\\\/realtur\\\/wp-content\\\/uploads\\\/2026\\\/04\\\/Buscara-FAMEX-2027.jpg\",\"contentUrl\":\"https:\\\/\\\/realidadturistica.com\\\/realtur\\\/wp-content\\\/uploads\\\/2026\\\/04\\\/Buscara-FAMEX-2027.jpg\",\"width\":1536,\"height\":1152},{\"@type\":\"BreadcrumbList\",\"@id\":\"https:\\\/\\\/realidadturistica.com\\\/realtur\\\/buscara-famex-2027-impulsar-inversion-extranjera\\\/#breadcrumb\",\"itemListElement\":[{\"@type\":\"ListItem\",\"position\":1,\"name\":\"Portada\",\"item\":\"https:\\\/\\\/realidadturistica.com\\\/realtur\\\/\"},{\"@type\":\"ListItem\",\"position\":2,\"name\":\"Buscar\u00e1 FAMEX 2027 impulsar inversi\u00f3n extranjera\"}]},{\"@type\":\"WebSite\",\"@id\":\"https:\\\/\\\/realidadturistica.com\\\/realtur\\\/#website\",\"url\":\"https:\\\/\\\/realidadturistica.com\\\/realtur\\\/\",\"name\":\"Realidad Tur\u00edstica\",\"description\":\"\",\"publisher\":{\"@id\":\"https:\\\/\\\/realidadturistica.com\\\/realtur\\\/#organization\"},\"potentialAction\":[{\"@type\":\"SearchAction\",\"target\":{\"@type\":\"EntryPoint\",\"urlTemplate\":\"https:\\\/\\\/realidadturistica.com\\\/realtur\\\/?s={search_term_string}\"},\"query-input\":{\"@type\":\"PropertyValueSpecification\",\"valueRequired\":true,\"valueName\":\"search_term_string\"}}],\"inLanguage\":\"es\"},{\"@type\":\"Organization\",\"@id\":\"https:\\\/\\\/realidadturistica.com\\\/realtur\\\/#organization\",\"name\":\"Realidad Tur\u00edstica\",\"url\":\"https:\\\/\\\/realidadturistica.com\\\/realtur\\\/\",\"logo\":{\"@type\":\"ImageObject\",\"inLanguage\":\"es\",\"@id\":\"https:\\\/\\\/realidadturistica.com\\\/realtur\\\/#\\\/schema\\\/logo\\\/image\\\/\",\"url\":\"https:\\\/\\\/realidadturistica.com\\\/realtur\\\/wp-content\\\/uploads\\\/2021\\\/12\\\/logotipo-realidad-turistica.png\",\"contentUrl\":\"https:\\\/\\\/realidadturistica.com\\\/realtur\\\/wp-content\\\/uploads\\\/2021\\\/12\\\/logotipo-realidad-turistica.png\",\"width\":1382,\"height\":629,\"caption\":\"Realidad Tur\u00edstica\"},\"image\":{\"@id\":\"https:\\\/\\\/realidadturistica.com\\\/realtur\\\/#\\\/schema\\\/logo\\\/image\\\/\"},\"sameAs\":[\"https:\\\/\\\/www.facebook.com\\\/realidadturistica\",\"https:\\\/\\\/www.instagram.com\\\/realidad_turistica\\\/\"]},{\"@type\":\"Person\",\"@id\":\"https:\\\/\\\/realidadturistica.com\\\/realtur\\\/#\\\/schema\\\/person\\\/ade671191202490fcf08ab21590de73e\",\"name\":\"Editor\",\"image\":{\"@type\":\"ImageObject\",\"inLanguage\":\"es\",\"@id\":\"https:\\\/\\\/realidadturistica.com\\\/realtur\\\/wp-content\\\/uploads\\\/2023\\\/09\\\/Editor_avatar_1693668634-96x96.png\",\"url\":\"https:\\\/\\\/realidadturistica.com\\\/realtur\\\/wp-content\\\/uploads\\\/2023\\\/09\\\/Editor_avatar_1693668634-96x96.png\",\"contentUrl\":\"https:\\\/\\\/realidadturistica.com\\\/realtur\\\/wp-content\\\/uploads\\\/2023\\\/09\\\/Editor_avatar_1693668634-96x96.png\",\"caption\":\"Editor\"},\"sameAs\":[\"https:\\\/\\\/realidadturistica.com\\\/realtur\"],\"url\":\"https:\\\/\\\/realidadturistica.com\\\/realtur\\\/author\\\/editor2\\\/\"}]}<\/script>\n<!-- \/ Yoast SEO Premium plugin. -->","yoast_head_json":{"title":"Buscar\u00e1 FAMEX 2027 impulsar inversi\u00f3n extranjera - Realidad Tur\u00edstica","robots":{"index":"index","follow":"follow","max-snippet":"max-snippet:-1","max-image-preview":"max-image-preview:large","max-video-preview":"max-video-preview:-1"},"canonical":"https:\/\/realidadturistica.com\/realtur\/buscara-famex-2027-impulsar-inversion-extranjera\/","og_locale":"es_ES","og_type":"article","og_title":"Buscar\u00e1 FAMEX 2027 impulsar inversi\u00f3n extranjera","og_description":"Para la edici\u00f3n 2027 de la Feria Aeroespacial M\u00e9xico (FAMEX), se espera llegar m\u00e1s lejos y por ello, el Comit\u00e9 organizador planea reunir a un&hellip;","og_url":"https:\/\/realidadturistica.com\/realtur\/buscara-famex-2027-impulsar-inversion-extranjera\/","og_site_name":"Realidad Tur\u00edstica","article_publisher":"https:\/\/www.facebook.com\/realidadturistica","article_published_time":"2026-04-28T02:31:59+00:00","article_modified_time":"2026-04-28T02:32:04+00:00","og_image":[{"width":1536,"height":1152,"url":"https:\/\/realidadturistica.com\/realtur\/wp-content\/uploads\/2026\/04\/Buscara-FAMEX-2027.jpg","type":"image\/jpeg"}],"author":"Editor","twitter_card":"summary_large_image","twitter_misc":{"Escrito por":"Editor","Tiempo de lectura":"4 minutos"},"schema":{"@context":"https:\/\/schema.org","@graph":[{"@type":"Article","@id":"https:\/\/realidadturistica.com\/realtur\/buscara-famex-2027-impulsar-inversion-extranjera\/#article","isPartOf":{"@id":"https:\/\/realidadturistica.com\/realtur\/buscara-famex-2027-impulsar-inversion-extranjera\/"},"author":{"name":"Editor","@id":"https:\/\/realidadturistica.com\/realtur\/#\/schema\/person\/ade671191202490fcf08ab21590de73e"},"headline":"Buscar\u00e1 FAMEX 2027 impulsar inversi\u00f3n extranjera","datePublished":"2026-04-28T02:31:59+00:00","dateModified":"2026-04-28T02:32:04+00:00","mainEntityOfPage":{"@id":"https:\/\/realidadturistica.com\/realtur\/buscara-famex-2027-impulsar-inversion-extranjera\/"},"wordCount":723,"commentCount":0,"publisher":{"@id":"https:\/\/realidadturistica.com\/realtur\/#organization"},"image":{"@id":"https:\/\/realidadturistica.com\/realtur\/buscara-famex-2027-impulsar-inversion-extranjera\/#primaryimage"},"thumbnailUrl":"https:\/\/realidadturistica.com\/realtur\/wp-content\/uploads\/2026\/04\/Buscara-FAMEX-2027.jpg","articleSection":["Volar con pasi\u00f3n"],"inLanguage":"es","potentialAction":[{"@type":"CommentAction","name":"Comment","target":["https:\/\/realidadturistica.com\/realtur\/buscara-famex-2027-impulsar-inversion-extranjera\/#respond"]}]},{"@type":"WebPage","@id":"https:\/\/realidadturistica.com\/realtur\/buscara-famex-2027-impulsar-inversion-extranjera\/","url":"https:\/\/realidadturistica.com\/realtur\/buscara-famex-2027-impulsar-inversion-extranjera\/","name":"Buscar\u00e1 FAMEX 2027 impulsar inversi\u00f3n extranjera - Realidad Tur\u00edstica","isPartOf":{"@id":"https:\/\/realidadturistica.com\/realtur\/#website"},"primaryImageOfPage":{"@id":"https:\/\/realidadturistica.com\/realtur\/buscara-famex-2027-impulsar-inversion-extranjera\/#primaryimage"},"image":{"@id":"https:\/\/realidadturistica.com\/realtur\/buscara-famex-2027-impulsar-inversion-extranjera\/#primaryimage"},"thumbnailUrl":"https:\/\/realidadturistica.com\/realtur\/wp-content\/uploads\/2026\/04\/Buscara-FAMEX-2027.jpg","datePublished":"2026-04-28T02:31:59+00:00","dateModified":"2026-04-28T02:32:04+00:00","breadcrumb":{"@id":"https:\/\/realidadturistica.com\/realtur\/buscara-famex-2027-impulsar-inversion-extranjera\/#breadcrumb"},"inLanguage":"es","potentialAction":[{"@type":"ReadAction","target":["https:\/\/realidadturistica.com\/realtur\/buscara-famex-2027-impulsar-inversion-extranjera\/"]}]},{"@type":"ImageObject","inLanguage":"es","@id":"https:\/\/realidadturistica.com\/realtur\/buscara-famex-2027-impulsar-inversion-extranjera\/#primaryimage","url":"https:\/\/realidadturistica.com\/realtur\/wp-content\/uploads\/2026\/04\/Buscara-FAMEX-2027.jpg","contentUrl":"https:\/\/realidadturistica.com\/realtur\/wp-content\/uploads\/2026\/04\/Buscara-FAMEX-2027.jpg","width":1536,"height":1152},{"@type":"BreadcrumbList","@id":"https:\/\/realidadturistica.com\/realtur\/buscara-famex-2027-impulsar-inversion-extranjera\/#breadcrumb","itemListElement":[{"@type":"ListItem","position":1,"name":"Portada","item":"https:\/\/realidadturistica.com\/realtur\/"},{"@type":"ListItem","position":2,"name":"Buscar\u00e1 FAMEX 2027 impulsar inversi\u00f3n extranjera"}]},{"@type":"WebSite","@id":"https:\/\/realidadturistica.com\/realtur\/#website","url":"https:\/\/realidadturistica.com\/realtur\/","name":"Realidad Tur\u00edstica","description":"","publisher":{"@id":"https:\/\/realidadturistica.com\/realtur\/#organization"},"potentialAction":[{"@type":"SearchAction","target":{"@type":"EntryPoint","urlTemplate":"https:\/\/realidadturistica.com\/realtur\/?s={search_term_string}"},"query-input":{"@type":"PropertyValueSpecification","valueRequired":true,"valueName":"search_term_string"}}],"inLanguage":"es"},{"@type":"Organization","@id":"https:\/\/realidadturistica.com\/realtur\/#organization","name":"Realidad Tur\u00edstica","url":"https:\/\/realidadturistica.com\/realtur\/","logo":{"@type":"ImageObject","inLanguage":"es","@id":"https:\/\/realidadturistica.com\/realtur\/#\/schema\/logo\/image\/","url":"https:\/\/realidadturistica.com\/realtur\/wp-content\/uploads\/2021\/12\/logotipo-realidad-turistica.png","contentUrl":"https:\/\/realidadturistica.com\/realtur\/wp-content\/uploads\/2021\/12\/logotipo-realidad-turistica.png","width":1382,"height":629,"caption":"Realidad Tur\u00edstica"},"image":{"@id":"https:\/\/realidadturistica.com\/realtur\/#\/schema\/logo\/image\/"},"sameAs":["https:\/\/www.facebook.com\/realidadturistica","https:\/\/www.instagram.com\/realidad_turistica\/"]},{"@type":"Person","@id":"https:\/\/realidadturistica.com\/realtur\/#\/schema\/person\/ade671191202490fcf08ab21590de73e","name":"Editor","image":{"@type":"ImageObject","inLanguage":"es","@id":"https:\/\/realidadturistica.com\/realtur\/wp-content\/uploads\/2023\/09\/Editor_avatar_1693668634-96x96.png","url":"https:\/\/realidadturistica.com\/realtur\/wp-content\/uploads\/2023\/09\/Editor_avatar_1693668634-96x96.png","contentUrl":"https:\/\/realidadturistica.com\/realtur\/wp-content\/uploads\/2023\/09\/Editor_avatar_1693668634-96x96.png","caption":"Editor"},"sameAs":["https:\/\/realidadturistica.com\/realtur"],"url":"https:\/\/realidadturistica.com\/realtur\/author\/editor2\/"}]}},"_links":{"self":[{"href":"https:\/\/realidadturistica.com\/realtur\/wp-json\/wp\/v2\/posts\/12255","targetHints":{"allow":["GET"]}}],"collection":[{"href":"https:\/\/realidadturistica.com\/realtur\/wp-json\/wp\/v2\/posts"}],"about":[{"href":"https:\/\/realidadturistica.com\/realtur\/wp-json\/wp\/v2\/types\/post"}],"author":[{"embeddable":true,"href":"https:\/\/realidadturistica.com\/realtur\/wp-json\/wp\/v2\/users\/2"}],"replies":[{"embeddable":true,"href":"https:\/\/realidadturistica.com\/realtur\/wp-json\/wp\/v2\/comments?post=12255"}],"version-history":[{"count":1,"href":"https:\/\/realidadturistica.com\/realtur\/wp-json\/wp\/v2\/posts\/12255\/revisions"}],"predecessor-version":[{"id":12257,"href":"https:\/\/realidadturistica.com\/realtur\/wp-json\/wp\/v2\/posts\/12255\/revisions\/12257"}],"wp:featuredmedia":[{"embeddable":true,"href":"https:\/\/realidadturistica.com\/realtur\/wp-json\/wp\/v2\/media\/12256"}],"wp:attachment":[{"href":"https:\/\/realidadturistica.com\/realtur\/wp-json\/wp\/v2\/media?parent=12255"}],"wp:term":[{"taxonomy":"category","embeddable":true,"href":"https:\/\/realidadturistica.com\/realtur\/wp-json\/wp\/v2\/categories?post=12255"},{"taxonomy":"post_tag","embeddable":true,"href":"https:\/\/realidadturistica.com\/realtur\/wp-json\/wp\/v2\/tags?post=12255"}],"curies":[{"name":"wp","href":"https:\/\/api.w.org\/{rel}","templated":true}]}}