{"id":12269,"date":"2026-04-29T10:42:48","date_gmt":"2026-04-29T16:42:48","guid":{"rendered":"https:\/\/realidadturistica.com\/realtur\/?p=12269"},"modified":"2026-04-29T10:42:53","modified_gmt":"2026-04-29T16:42:53","slug":"uruguay-fortalece-su-presencia-en-belo-horizonte-junto-a-azul-viagens","status":"publish","type":"post","link":"https:\/\/realidadturistica.com\/realtur\/uruguay-fortalece-su-presencia-en-belo-horizonte-junto-a-azul-viagens\/","title":{"rendered":"Uruguay fortalece su presencia en Belo Horizonte junto a Azul Viagens"},"content":{"rendered":"\n<p class=\"wp-block-yoast-seo-estimated-reading-time yoast-reading-time__wrapper\"><span class=\"yoast-reading-time__icon\"><svg aria-hidden=\"true\" focusable=\"false\" data-icon=\"clock\" width=\"20\" height=\"20\" fill=\"none\" stroke=\"currentColor\" style=\"display:inline-block;vertical-align:-0.1em\" role=\"img\" xmlns=\"http:\/\/www.w3.org\/2000\/svg\" viewBox=\"0 0 24 24\"><path stroke-linecap=\"round\" stroke-linejoin=\"round\" stroke-width=\"2\" d=\"M12 8v4l3 3m6-3a9 9 0 11-18 0 9 9 0 0118 0z\"><\/path><\/svg><\/span><span class=\"yoast-reading-time__spacer\" style=\"display:inline-block;width:1em\"><\/span><span class=\"yoast-reading-time__descriptive-text\">Estimated reading time: <\/span><span class=\"yoast-reading-time__reading-time\">2<\/span><span class=\"yoast-reading-time__time-unit\"> minutos<\/span><\/p>\n\n\n\n<p>Uruguay. En el marco de la estrategia de promoci\u00f3n internacional, el Ministerio de Turismo particip\u00f3 ayer en una la jornada de capacitaci\u00f3n organizada por el operador Azul Viagens, en Belo Horizonte. El evento forma parte de un ciclo de formaci\u00f3n para agentes de viajes previsto para 2026, el objetivo es fidelizar el canal de ventas y actualizar sus conocimientos sobre los destinos clave.<\/p>\n\n\n\n<p>Nuestros socios estrat\u00e9gicos en esta instancia fueron, la Intendencia de Montevideo y la agencia receptiva Personal (socio estrat\u00e9gico de Azul en Uruguay), quienes llevaron adelante una presentaci\u00f3n integral en la sesi\u00f3n plenaria. Se expusieron las novedades del destino, los beneficios fiscales para turistas extranjeros y los atractivos que posicionan al pa\u00eds como una opci\u00f3n preferente para el mercado brasile\u00f1o.<\/p>\n\n\n\n<p>Adem\u00e1s de la capacitaci\u00f3n, Uruguay tuvo una participaci\u00f3n activa en el Circuito de Networking, un espacio de intercambio directo con todos los agentes presentes. Con ello, se siguen impulsando las relaciones comerciales y el est\u00edmulo de la venta directa de productos tur\u00edsticos uruguayos en el estado de Minas Gerais.<\/p>\n\n\n\n<p>Esta acci\u00f3n nos resulta estrat\u00e9gica, debido a que desde marzo de este a\u00f1o, Belo Horizonte cuenta con una conexi\u00f3n directa de vuelo con Azul hacia Montevideo, facilitando el flujo de turistas y consolidando la integraci\u00f3n tur\u00edstica entre ambos mercados.<\/p>\n\n\n\n<p>www.gub.uy<\/p>\n","protected":false},"excerpt":{"rendered":"<p>Uruguay. En el marco de la estrategia de promoci\u00f3n internacional, el Ministerio de Turismo particip\u00f3 ayer en una la jornada de capacitaci\u00f3n organizada por el&hellip;<\/p>\n","protected":false},"author":2,"featured_media":12270,"comment_status":"open","ping_status":"closed","sticky":false,"template":"","format":"standard","meta":{"content-type":"","_lmt_disableupdate":"","_lmt_disable":"","footnotes":""},"categories":[6],"tags":[],"class_list":["post-12269","post","type-post","status-publish","format-standard","has-post-thumbnail","hentry","category-turismo"],"yoast_head":"<!-- This site is optimized with the Yoast SEO Premium plugin v27.4 (Yoast SEO v27.5) - https:\/\/yoast.com\/product\/yoast-seo-premium-wordpress\/ -->\n<title>Uruguay fortalece su presencia en Belo Horizonte junto a Azul Viagens - Realidad Tur\u00edstica<\/title>\n<meta name=\"robots\" content=\"index, follow, max-snippet:-1, max-image-preview:large, max-video-preview:-1\" \/>\n<link rel=\"canonical\" href=\"https:\/\/realidadturistica.com\/realtur\/uruguay-fortalece-su-presencia-en-belo-horizonte-junto-a-azul-viagens\/\" \/>\n<meta property=\"og:locale\" content=\"es_ES\" \/>\n<meta property=\"og:type\" content=\"article\" \/>\n<meta property=\"og:title\" content=\"Uruguay fortalece su presencia en Belo Horizonte junto a Azul Viagens\" \/>\n<meta property=\"og:description\" content=\"Uruguay. En el marco de la estrategia de promoci\u00f3n internacional, el Ministerio de Turismo particip\u00f3 ayer en una la jornada de capacitaci\u00f3n organizada por el&hellip;\" \/>\n<meta property=\"og:url\" content=\"https:\/\/realidadturistica.com\/realtur\/uruguay-fortalece-su-presencia-en-belo-horizonte-junto-a-azul-viagens\/\" \/>\n<meta property=\"og:site_name\" content=\"Realidad Tur\u00edstica\" \/>\n<meta property=\"article:publisher\" content=\"https:\/\/www.facebook.com\/realidadturistica\" \/>\n<meta property=\"article:published_time\" content=\"2026-04-29T16:42:48+00:00\" \/>\n<meta property=\"article:modified_time\" content=\"2026-04-29T16:42:53+00:00\" \/>\n<meta property=\"og:image\" content=\"https:\/\/realidadturistica.com\/realtur\/wp-content\/uploads\/2026\/04\/Uruguay-fortalece.jpeg\" \/>\n\t<meta property=\"og:image:width\" content=\"945\" \/>\n\t<meta property=\"og:image:height\" content=\"629\" \/>\n\t<meta property=\"og:image:type\" content=\"image\/jpeg\" \/>\n<meta name=\"author\" content=\"Editor\" \/>\n<meta name=\"twitter:card\" content=\"summary_large_image\" \/>\n<meta name=\"twitter:label1\" content=\"Escrito por\" \/>\n\t<meta name=\"twitter:data1\" content=\"Editor\" \/>\n\t<meta name=\"twitter:label2\" content=\"Tiempo de lectura\" \/>\n\t<meta name=\"twitter:data2\" content=\"2 minutos\" \/>\n<script type=\"application\/ld+json\" class=\"yoast-schema-graph\">{\"@context\":\"https:\\\/\\\/schema.org\",\"@graph\":[{\"@type\":\"Article\",\"@id\":\"https:\\\/\\\/realidadturistica.com\\\/realtur\\\/uruguay-fortalece-su-presencia-en-belo-horizonte-junto-a-azul-viagens\\\/#article\",\"isPartOf\":{\"@id\":\"https:\\\/\\\/realidadturistica.com\\\/realtur\\\/uruguay-fortalece-su-presencia-en-belo-horizonte-junto-a-azul-viagens\\\/\"},\"author\":{\"name\":\"Editor\",\"@id\":\"https:\\\/\\\/realidadturistica.com\\\/realtur\\\/#\\\/schema\\\/person\\\/ade671191202490fcf08ab21590de73e\"},\"headline\":\"Uruguay fortalece su presencia en Belo Horizonte junto a Azul Viagens\",\"datePublished\":\"2026-04-29T16:42:48+00:00\",\"dateModified\":\"2026-04-29T16:42:53+00:00\",\"mainEntityOfPage\":{\"@id\":\"https:\\\/\\\/realidadturistica.com\\\/realtur\\\/uruguay-fortalece-su-presencia-en-belo-horizonte-junto-a-azul-viagens\\\/\"},\"wordCount\":248,\"commentCount\":0,\"publisher\":{\"@id\":\"https:\\\/\\\/realidadturistica.com\\\/realtur\\\/#organization\"},\"image\":{\"@id\":\"https:\\\/\\\/realidadturistica.com\\\/realtur\\\/uruguay-fortalece-su-presencia-en-belo-horizonte-junto-a-azul-viagens\\\/#primaryimage\"},\"thumbnailUrl\":\"https:\\\/\\\/realidadturistica.com\\\/realtur\\\/wp-content\\\/uploads\\\/2026\\\/04\\\/Uruguay-fortalece.jpeg\",\"articleSection\":[\"Turismo\"],\"inLanguage\":\"es\",\"potentialAction\":[{\"@type\":\"CommentAction\",\"name\":\"Comment\",\"target\":[\"https:\\\/\\\/realidadturistica.com\\\/realtur\\\/uruguay-fortalece-su-presencia-en-belo-horizonte-junto-a-azul-viagens\\\/#respond\"]}]},{\"@type\":\"WebPage\",\"@id\":\"https:\\\/\\\/realidadturistica.com\\\/realtur\\\/uruguay-fortalece-su-presencia-en-belo-horizonte-junto-a-azul-viagens\\\/\",\"url\":\"https:\\\/\\\/realidadturistica.com\\\/realtur\\\/uruguay-fortalece-su-presencia-en-belo-horizonte-junto-a-azul-viagens\\\/\",\"name\":\"Uruguay fortalece su presencia en Belo Horizonte junto a Azul Viagens - Realidad Tur\u00edstica\",\"isPartOf\":{\"@id\":\"https:\\\/\\\/realidadturistica.com\\\/realtur\\\/#website\"},\"primaryImageOfPage\":{\"@id\":\"https:\\\/\\\/realidadturistica.com\\\/realtur\\\/uruguay-fortalece-su-presencia-en-belo-horizonte-junto-a-azul-viagens\\\/#primaryimage\"},\"image\":{\"@id\":\"https:\\\/\\\/realidadturistica.com\\\/realtur\\\/uruguay-fortalece-su-presencia-en-belo-horizonte-junto-a-azul-viagens\\\/#primaryimage\"},\"thumbnailUrl\":\"https:\\\/\\\/realidadturistica.com\\\/realtur\\\/wp-content\\\/uploads\\\/2026\\\/04\\\/Uruguay-fortalece.jpeg\",\"datePublished\":\"2026-04-29T16:42:48+00:00\",\"dateModified\":\"2026-04-29T16:42:53+00:00\",\"breadcrumb\":{\"@id\":\"https:\\\/\\\/realidadturistica.com\\\/realtur\\\/uruguay-fortalece-su-presencia-en-belo-horizonte-junto-a-azul-viagens\\\/#breadcrumb\"},\"inLanguage\":\"es\",\"potentialAction\":[{\"@type\":\"ReadAction\",\"target\":[\"https:\\\/\\\/realidadturistica.com\\\/realtur\\\/uruguay-fortalece-su-presencia-en-belo-horizonte-junto-a-azul-viagens\\\/\"]}]},{\"@type\":\"ImageObject\",\"inLanguage\":\"es\",\"@id\":\"https:\\\/\\\/realidadturistica.com\\\/realtur\\\/uruguay-fortalece-su-presencia-en-belo-horizonte-junto-a-azul-viagens\\\/#primaryimage\",\"url\":\"https:\\\/\\\/realidadturistica.com\\\/realtur\\\/wp-content\\\/uploads\\\/2026\\\/04\\\/Uruguay-fortalece.jpeg\",\"contentUrl\":\"https:\\\/\\\/realidadturistica.com\\\/realtur\\\/wp-content\\\/uploads\\\/2026\\\/04\\\/Uruguay-fortalece.jpeg\",\"width\":945,\"height\":629},{\"@type\":\"BreadcrumbList\",\"@id\":\"https:\\\/\\\/realidadturistica.com\\\/realtur\\\/uruguay-fortalece-su-presencia-en-belo-horizonte-junto-a-azul-viagens\\\/#breadcrumb\",\"itemListElement\":[{\"@type\":\"ListItem\",\"position\":1,\"name\":\"Portada\",\"item\":\"https:\\\/\\\/realidadturistica.com\\\/realtur\\\/\"},{\"@type\":\"ListItem\",\"position\":2,\"name\":\"Uruguay fortalece su presencia en Belo Horizonte junto a Azul Viagens\"}]},{\"@type\":\"WebSite\",\"@id\":\"https:\\\/\\\/realidadturistica.com\\\/realtur\\\/#website\",\"url\":\"https:\\\/\\\/realidadturistica.com\\\/realtur\\\/\",\"name\":\"Realidad Tur\u00edstica\",\"description\":\"\",\"publisher\":{\"@id\":\"https:\\\/\\\/realidadturistica.com\\\/realtur\\\/#organization\"},\"potentialAction\":[{\"@type\":\"SearchAction\",\"target\":{\"@type\":\"EntryPoint\",\"urlTemplate\":\"https:\\\/\\\/realidadturistica.com\\\/realtur\\\/?s={search_term_string}\"},\"query-input\":{\"@type\":\"PropertyValueSpecification\",\"valueRequired\":true,\"valueName\":\"search_term_string\"}}],\"inLanguage\":\"es\"},{\"@type\":\"Organization\",\"@id\":\"https:\\\/\\\/realidadturistica.com\\\/realtur\\\/#organization\",\"name\":\"Realidad Tur\u00edstica\",\"url\":\"https:\\\/\\\/realidadturistica.com\\\/realtur\\\/\",\"logo\":{\"@type\":\"ImageObject\",\"inLanguage\":\"es\",\"@id\":\"https:\\\/\\\/realidadturistica.com\\\/realtur\\\/#\\\/schema\\\/logo\\\/image\\\/\",\"url\":\"https:\\\/\\\/realidadturistica.com\\\/realtur\\\/wp-content\\\/uploads\\\/2021\\\/12\\\/logotipo-realidad-turistica.png\",\"contentUrl\":\"https:\\\/\\\/realidadturistica.com\\\/realtur\\\/wp-content\\\/uploads\\\/2021\\\/12\\\/logotipo-realidad-turistica.png\",\"width\":1382,\"height\":629,\"caption\":\"Realidad Tur\u00edstica\"},\"image\":{\"@id\":\"https:\\\/\\\/realidadturistica.com\\\/realtur\\\/#\\\/schema\\\/logo\\\/image\\\/\"},\"sameAs\":[\"https:\\\/\\\/www.facebook.com\\\/realidadturistica\",\"https:\\\/\\\/www.instagram.com\\\/realidad_turistica\\\/\"]},{\"@type\":\"Person\",\"@id\":\"https:\\\/\\\/realidadturistica.com\\\/realtur\\\/#\\\/schema\\\/person\\\/ade671191202490fcf08ab21590de73e\",\"name\":\"Editor\",\"image\":{\"@type\":\"ImageObject\",\"inLanguage\":\"es\",\"@id\":\"https:\\\/\\\/realidadturistica.com\\\/realtur\\\/wp-content\\\/uploads\\\/2023\\\/09\\\/Editor_avatar_1693668634-96x96.png\",\"url\":\"https:\\\/\\\/realidadturistica.com\\\/realtur\\\/wp-content\\\/uploads\\\/2023\\\/09\\\/Editor_avatar_1693668634-96x96.png\",\"contentUrl\":\"https:\\\/\\\/realidadturistica.com\\\/realtur\\\/wp-content\\\/uploads\\\/2023\\\/09\\\/Editor_avatar_1693668634-96x96.png\",\"caption\":\"Editor\"},\"sameAs\":[\"https:\\\/\\\/realidadturistica.com\\\/realtur\"],\"url\":\"https:\\\/\\\/realidadturistica.com\\\/realtur\\\/author\\\/editor2\\\/\"}]}<\/script>\n<!-- \/ Yoast SEO Premium plugin. -->","yoast_head_json":{"title":"Uruguay fortalece su presencia en Belo Horizonte junto a Azul Viagens - Realidad Tur\u00edstica","robots":{"index":"index","follow":"follow","max-snippet":"max-snippet:-1","max-image-preview":"max-image-preview:large","max-video-preview":"max-video-preview:-1"},"canonical":"https:\/\/realidadturistica.com\/realtur\/uruguay-fortalece-su-presencia-en-belo-horizonte-junto-a-azul-viagens\/","og_locale":"es_ES","og_type":"article","og_title":"Uruguay fortalece su presencia en Belo Horizonte junto a Azul Viagens","og_description":"Uruguay. En el marco de la estrategia de promoci\u00f3n internacional, el Ministerio de Turismo particip\u00f3 ayer en una la jornada de capacitaci\u00f3n organizada por el&hellip;","og_url":"https:\/\/realidadturistica.com\/realtur\/uruguay-fortalece-su-presencia-en-belo-horizonte-junto-a-azul-viagens\/","og_site_name":"Realidad Tur\u00edstica","article_publisher":"https:\/\/www.facebook.com\/realidadturistica","article_published_time":"2026-04-29T16:42:48+00:00","article_modified_time":"2026-04-29T16:42:53+00:00","og_image":[{"width":945,"height":629,"url":"https:\/\/realidadturistica.com\/realtur\/wp-content\/uploads\/2026\/04\/Uruguay-fortalece.jpeg","type":"image\/jpeg"}],"author":"Editor","twitter_card":"summary_large_image","twitter_misc":{"Escrito por":"Editor","Tiempo de lectura":"2 minutos"},"schema":{"@context":"https:\/\/schema.org","@graph":[{"@type":"Article","@id":"https:\/\/realidadturistica.com\/realtur\/uruguay-fortalece-su-presencia-en-belo-horizonte-junto-a-azul-viagens\/#article","isPartOf":{"@id":"https:\/\/realidadturistica.com\/realtur\/uruguay-fortalece-su-presencia-en-belo-horizonte-junto-a-azul-viagens\/"},"author":{"name":"Editor","@id":"https:\/\/realidadturistica.com\/realtur\/#\/schema\/person\/ade671191202490fcf08ab21590de73e"},"headline":"Uruguay fortalece su presencia en Belo Horizonte junto a Azul Viagens","datePublished":"2026-04-29T16:42:48+00:00","dateModified":"2026-04-29T16:42:53+00:00","mainEntityOfPage":{"@id":"https:\/\/realidadturistica.com\/realtur\/uruguay-fortalece-su-presencia-en-belo-horizonte-junto-a-azul-viagens\/"},"wordCount":248,"commentCount":0,"publisher":{"@id":"https:\/\/realidadturistica.com\/realtur\/#organization"},"image":{"@id":"https:\/\/realidadturistica.com\/realtur\/uruguay-fortalece-su-presencia-en-belo-horizonte-junto-a-azul-viagens\/#primaryimage"},"thumbnailUrl":"https:\/\/realidadturistica.com\/realtur\/wp-content\/uploads\/2026\/04\/Uruguay-fortalece.jpeg","articleSection":["Turismo"],"inLanguage":"es","potentialAction":[{"@type":"CommentAction","name":"Comment","target":["https:\/\/realidadturistica.com\/realtur\/uruguay-fortalece-su-presencia-en-belo-horizonte-junto-a-azul-viagens\/#respond"]}]},{"@type":"WebPage","@id":"https:\/\/realidadturistica.com\/realtur\/uruguay-fortalece-su-presencia-en-belo-horizonte-junto-a-azul-viagens\/","url":"https:\/\/realidadturistica.com\/realtur\/uruguay-fortalece-su-presencia-en-belo-horizonte-junto-a-azul-viagens\/","name":"Uruguay fortalece su presencia en Belo Horizonte junto a Azul Viagens - Realidad Tur\u00edstica","isPartOf":{"@id":"https:\/\/realidadturistica.com\/realtur\/#website"},"primaryImageOfPage":{"@id":"https:\/\/realidadturistica.com\/realtur\/uruguay-fortalece-su-presencia-en-belo-horizonte-junto-a-azul-viagens\/#primaryimage"},"image":{"@id":"https:\/\/realidadturistica.com\/realtur\/uruguay-fortalece-su-presencia-en-belo-horizonte-junto-a-azul-viagens\/#primaryimage"},"thumbnailUrl":"https:\/\/realidadturistica.com\/realtur\/wp-content\/uploads\/2026\/04\/Uruguay-fortalece.jpeg","datePublished":"2026-04-29T16:42:48+00:00","dateModified":"2026-04-29T16:42:53+00:00","breadcrumb":{"@id":"https:\/\/realidadturistica.com\/realtur\/uruguay-fortalece-su-presencia-en-belo-horizonte-junto-a-azul-viagens\/#breadcrumb"},"inLanguage":"es","potentialAction":[{"@type":"ReadAction","target":["https:\/\/realidadturistica.com\/realtur\/uruguay-fortalece-su-presencia-en-belo-horizonte-junto-a-azul-viagens\/"]}]},{"@type":"ImageObject","inLanguage":"es","@id":"https:\/\/realidadturistica.com\/realtur\/uruguay-fortalece-su-presencia-en-belo-horizonte-junto-a-azul-viagens\/#primaryimage","url":"https:\/\/realidadturistica.com\/realtur\/wp-content\/uploads\/2026\/04\/Uruguay-fortalece.jpeg","contentUrl":"https:\/\/realidadturistica.com\/realtur\/wp-content\/uploads\/2026\/04\/Uruguay-fortalece.jpeg","width":945,"height":629},{"@type":"BreadcrumbList","@id":"https:\/\/realidadturistica.com\/realtur\/uruguay-fortalece-su-presencia-en-belo-horizonte-junto-a-azul-viagens\/#breadcrumb","itemListElement":[{"@type":"ListItem","position":1,"name":"Portada","item":"https:\/\/realidadturistica.com\/realtur\/"},{"@type":"ListItem","position":2,"name":"Uruguay fortalece su presencia en Belo Horizonte junto a Azul Viagens"}]},{"@type":"WebSite","@id":"https:\/\/realidadturistica.com\/realtur\/#website","url":"https:\/\/realidadturistica.com\/realtur\/","name":"Realidad Tur\u00edstica","description":"","publisher":{"@id":"https:\/\/realidadturistica.com\/realtur\/#organization"},"potentialAction":[{"@type":"SearchAction","target":{"@type":"EntryPoint","urlTemplate":"https:\/\/realidadturistica.com\/realtur\/?s={search_term_string}"},"query-input":{"@type":"PropertyValueSpecification","valueRequired":true,"valueName":"search_term_string"}}],"inLanguage":"es"},{"@type":"Organization","@id":"https:\/\/realidadturistica.com\/realtur\/#organization","name":"Realidad Tur\u00edstica","url":"https:\/\/realidadturistica.com\/realtur\/","logo":{"@type":"ImageObject","inLanguage":"es","@id":"https:\/\/realidadturistica.com\/realtur\/#\/schema\/logo\/image\/","url":"https:\/\/realidadturistica.com\/realtur\/wp-content\/uploads\/2021\/12\/logotipo-realidad-turistica.png","contentUrl":"https:\/\/realidadturistica.com\/realtur\/wp-content\/uploads\/2021\/12\/logotipo-realidad-turistica.png","width":1382,"height":629,"caption":"Realidad Tur\u00edstica"},"image":{"@id":"https:\/\/realidadturistica.com\/realtur\/#\/schema\/logo\/image\/"},"sameAs":["https:\/\/www.facebook.com\/realidadturistica","https:\/\/www.instagram.com\/realidad_turistica\/"]},{"@type":"Person","@id":"https:\/\/realidadturistica.com\/realtur\/#\/schema\/person\/ade671191202490fcf08ab21590de73e","name":"Editor","image":{"@type":"ImageObject","inLanguage":"es","@id":"https:\/\/realidadturistica.com\/realtur\/wp-content\/uploads\/2023\/09\/Editor_avatar_1693668634-96x96.png","url":"https:\/\/realidadturistica.com\/realtur\/wp-content\/uploads\/2023\/09\/Editor_avatar_1693668634-96x96.png","contentUrl":"https:\/\/realidadturistica.com\/realtur\/wp-content\/uploads\/2023\/09\/Editor_avatar_1693668634-96x96.png","caption":"Editor"},"sameAs":["https:\/\/realidadturistica.com\/realtur"],"url":"https:\/\/realidadturistica.com\/realtur\/author\/editor2\/"}]}},"_links":{"self":[{"href":"https:\/\/realidadturistica.com\/realtur\/wp-json\/wp\/v2\/posts\/12269","targetHints":{"allow":["GET"]}}],"collection":[{"href":"https:\/\/realidadturistica.com\/realtur\/wp-json\/wp\/v2\/posts"}],"about":[{"href":"https:\/\/realidadturistica.com\/realtur\/wp-json\/wp\/v2\/types\/post"}],"author":[{"embeddable":true,"href":"https:\/\/realidadturistica.com\/realtur\/wp-json\/wp\/v2\/users\/2"}],"replies":[{"embeddable":true,"href":"https:\/\/realidadturistica.com\/realtur\/wp-json\/wp\/v2\/comments?post=12269"}],"version-history":[{"count":1,"href":"https:\/\/realidadturistica.com\/realtur\/wp-json\/wp\/v2\/posts\/12269\/revisions"}],"predecessor-version":[{"id":12271,"href":"https:\/\/realidadturistica.com\/realtur\/wp-json\/wp\/v2\/posts\/12269\/revisions\/12271"}],"wp:featuredmedia":[{"embeddable":true,"href":"https:\/\/realidadturistica.com\/realtur\/wp-json\/wp\/v2\/media\/12270"}],"wp:attachment":[{"href":"https:\/\/realidadturistica.com\/realtur\/wp-json\/wp\/v2\/media?parent=12269"}],"wp:term":[{"taxonomy":"category","embeddable":true,"href":"https:\/\/realidadturistica.com\/realtur\/wp-json\/wp\/v2\/categories?post=12269"},{"taxonomy":"post_tag","embeddable":true,"href":"https:\/\/realidadturistica.com\/realtur\/wp-json\/wp\/v2\/tags?post=12269"}],"curies":[{"name":"wp","href":"https:\/\/api.w.org\/{rel}","templated":true}]}}