{"id":12276,"date":"2026-04-29T10:53:29","date_gmt":"2026-04-29T16:53:29","guid":{"rendered":"https:\/\/realidadturistica.com\/realtur\/?p=12276"},"modified":"2026-04-29T10:53:34","modified_gmt":"2026-04-29T16:53:34","slug":"tianguis-turistico-2026-colombia-destaca-con-su-participacion-como-primer-invitado-internacional","status":"publish","type":"post","link":"https:\/\/realidadturistica.com\/realtur\/tianguis-turistico-2026-colombia-destaca-con-su-participacion-como-primer-invitado-internacional\/","title":{"rendered":"Tianguis Tur\u00edstico 2026: Colombia destaca con su participaci\u00f3n como primer invitado internacional"},"content":{"rendered":"\n<p class=\"wp-block-yoast-seo-estimated-reading-time yoast-reading-time__wrapper\"><span class=\"yoast-reading-time__icon\"><svg aria-hidden=\"true\" focusable=\"false\" data-icon=\"clock\" width=\"20\" height=\"20\" fill=\"none\" stroke=\"currentColor\" style=\"display:inline-block;vertical-align:-0.1em\" role=\"img\" xmlns=\"http:\/\/www.w3.org\/2000\/svg\" viewBox=\"0 0 24 24\"><path stroke-linecap=\"round\" stroke-linejoin=\"round\" stroke-width=\"2\" d=\"M12 8v4l3 3m6-3a9 9 0 11-18 0 9 9 0 0118 0z\"><\/path><\/svg><\/span><span class=\"yoast-reading-time__spacer\" style=\"display:inline-block;width:1em\"><\/span><span class=\"yoast-reading-time__descriptive-text\">Estimated reading time: <\/span><span class=\"yoast-reading-time__reading-time\">3<\/span><span class=\"yoast-reading-time__time-unit\"> minutos<\/span><\/p>\n\n\n\n<p>M\u00e9xico. El Tianguis Tur\u00edstico M\u00e9xico 2026 ya est\u00e1 en marcha y esta edici\u00f3n llega con una novedad que significa un antes y un despu\u00e9s: por primera vez participa un pa\u00eds invitado. El protagonismo recae en Colombia, que llega con una presencia s\u00f3lida en uno de los encuentros m\u00e1s grandes del sector. Esta decisi\u00f3n impulsa al evento hacia una plataforma de alcance internacional y mayor proyecci\u00f3n global.<\/p>\n\n\n\n<p>El evento se realiza del 27 al 30 de abril en Acapulco, justo en su edici\u00f3n n\u00famero 50. El regreso al puerto donde comenz\u00f3 en 1975 le da un contexto especial a esta celebraci\u00f3n. Con m\u00e1s de ocho mil asistentes y representaci\u00f3n de los 32 estados, la agenda est\u00e1 llena de reuniones, anuncios y presentaciones durante varios d\u00edas.<\/p>\n\n\n\n<p>En la presentaci\u00f3n oficial, Josefina Rodr\u00edguez Zamora explic\u00f3 que la inclusi\u00f3n de Colombia introduce una din\u00e1mica distinta dentro del Tianguis. La feria deja de enfocarse \u00fanicamente en la promoci\u00f3n nacional y suma una interacci\u00f3n m\u00e1s directa con otros mercados. Esto se refleja en los encuentros y en los actores que participan.<\/p>\n\n\n\n<p>\u00bfPor qu\u00e9 Colombia es el pa\u00eds invitado en el Tianguis Tur\u00edstico M\u00e9xico 2026?<\/p>\n\n\n\n<p>La elecci\u00f3n de Colombia se sostiene en datos concretos. En el primer bimestre de 2026, las llegadas a\u00e9reas desde ese pa\u00eds crecieron 18%, coloc\u00e1ndolo como el mercado con mayor impulso en ese periodo. Actualmente ocupa el quinto lugar como emisor de visitantes hacia M\u00e9xico, con expectativas de seguir subiendo posiciones.<\/p>\n\n\n\n<p>La conectividad ha sido fundamental en este proceso. Existen 12 rutas directas activas entre ambos pa\u00edses, con opciones desde el Aeropuerto Internacional Felipe \u00c1ngeles hacia ciudades como Cartagena y Medell\u00edn. Aerol\u00edneas como Viva y Aerom\u00e9xico han ampliado sus frecuencias, lo que ha facilitado el tr\u00e1nsito constante de viajeros.<\/p>\n\n\n\n<p>El v\u00ednculo entre ambos pa\u00edses ya ven\u00eda tomando forma. M\u00e9xico particip\u00f3 recientemente en la Vitrina Tur\u00edstica de ANATO 2026 con el pabell\u00f3n m\u00e1s grande del encuentro y presencia de doce estados. Ese intercambio nos habla de la importancia del flujo tur\u00edstico en ambas direcciones.<\/p>\n\n\n\n<p>\u00bfQu\u00e9 impacto tiene la participaci\u00f3n de Colombia en el evento?<\/p>\n\n\n\n<p>Desde Colombia, Juan Sebasti\u00e1n S\u00e1nchez habl\u00f3 del crecimiento que ha tenido su pa\u00eds en este sector. Entre 2022 y 2026 han recibido m\u00e1s de 22 millones de visitantes internacionales, consolidando al turismo como un eje relevante dentro de su econom\u00eda.<\/p>\n\n\n\n<p>El Tianguis tambi\u00e9n mantiene espacios dedicados a gastronom\u00eda, artesan\u00edas y turismo comunitario. Productores locales y comunidades participan mostrando su trabajo de forma directa, mientras se presentan gu\u00edas de inversi\u00f3n y proyectos con enfoque sostenible.<\/p>\n\n\n\n<p>En paralelo, iniciativas como el Plan M\u00e9xico impulsan mejoras en infraestructura con inversiones importantes en distintos estados. Todo ocurre en un contexto donde los viajeros mexicanos miran cada vez m\u00e1s hacia el exterior, con Colombia ganando terreno y una conexi\u00f3n que sigue creciendo con nuevas rutas y mayor intercambio.<\/p>\n\n\n\n<p>Escapada H<\/p>\n","protected":false},"excerpt":{"rendered":"<p>M\u00e9xico. El Tianguis Tur\u00edstico M\u00e9xico 2026 ya est\u00e1 en marcha y esta edici\u00f3n llega con una novedad que significa un antes y un despu\u00e9s: por&hellip;<\/p>\n","protected":false},"author":2,"featured_media":12277,"comment_status":"open","ping_status":"closed","sticky":false,"template":"","format":"standard","meta":{"content-type":"","_lmt_disableupdate":"","_lmt_disable":"","footnotes":""},"categories":[6],"tags":[],"class_list":["post-12276","post","type-post","status-publish","format-standard","has-post-thumbnail","hentry","category-turismo"],"yoast_head":"<!-- This site is optimized with the Yoast SEO Premium plugin v27.4 (Yoast SEO v27.5) - https:\/\/yoast.com\/product\/yoast-seo-premium-wordpress\/ -->\n<title>Tianguis Tur\u00edstico 2026: Colombia destaca con su participaci\u00f3n como primer invitado internacional - Realidad Tur\u00edstica<\/title>\n<meta name=\"robots\" content=\"index, follow, max-snippet:-1, max-image-preview:large, max-video-preview:-1\" \/>\n<link rel=\"canonical\" href=\"https:\/\/realidadturistica.com\/realtur\/tianguis-turistico-2026-colombia-destaca-con-su-participacion-como-primer-invitado-internacional\/\" \/>\n<meta property=\"og:locale\" content=\"es_ES\" \/>\n<meta property=\"og:type\" content=\"article\" \/>\n<meta property=\"og:title\" content=\"Tianguis Tur\u00edstico 2026: Colombia destaca con su participaci\u00f3n como primer invitado internacional\" \/>\n<meta property=\"og:description\" content=\"M\u00e9xico. El Tianguis Tur\u00edstico M\u00e9xico 2026 ya est\u00e1 en marcha y esta edici\u00f3n llega con una novedad que significa un antes y un despu\u00e9s: por&hellip;\" \/>\n<meta property=\"og:url\" content=\"https:\/\/realidadturistica.com\/realtur\/tianguis-turistico-2026-colombia-destaca-con-su-participacion-como-primer-invitado-internacional\/\" \/>\n<meta property=\"og:site_name\" content=\"Realidad Tur\u00edstica\" \/>\n<meta property=\"article:publisher\" content=\"https:\/\/www.facebook.com\/realidadturistica\" \/>\n<meta property=\"article:published_time\" content=\"2026-04-29T16:53:29+00:00\" \/>\n<meta property=\"article:modified_time\" content=\"2026-04-29T16:53:34+00:00\" \/>\n<meta property=\"og:image\" content=\"https:\/\/realidadturistica.com\/realtur\/wp-content\/uploads\/2026\/04\/f768x1-68909_69036_5050.jpg\" \/>\n\t<meta property=\"og:image:width\" content=\"768\" \/>\n\t<meta property=\"og:image:height\" content=\"435\" \/>\n\t<meta property=\"og:image:type\" content=\"image\/jpeg\" \/>\n<meta name=\"author\" content=\"Editor\" \/>\n<meta name=\"twitter:card\" content=\"summary_large_image\" \/>\n<meta name=\"twitter:label1\" content=\"Escrito por\" \/>\n\t<meta name=\"twitter:data1\" content=\"Editor\" \/>\n\t<meta name=\"twitter:label2\" content=\"Tiempo de lectura\" \/>\n\t<meta name=\"twitter:data2\" content=\"3 minutos\" \/>\n<script type=\"application\/ld+json\" class=\"yoast-schema-graph\">{\"@context\":\"https:\\\/\\\/schema.org\",\"@graph\":[{\"@type\":\"Article\",\"@id\":\"https:\\\/\\\/realidadturistica.com\\\/realtur\\\/tianguis-turistico-2026-colombia-destaca-con-su-participacion-como-primer-invitado-internacional\\\/#article\",\"isPartOf\":{\"@id\":\"https:\\\/\\\/realidadturistica.com\\\/realtur\\\/tianguis-turistico-2026-colombia-destaca-con-su-participacion-como-primer-invitado-internacional\\\/\"},\"author\":{\"name\":\"Editor\",\"@id\":\"https:\\\/\\\/realidadturistica.com\\\/realtur\\\/#\\\/schema\\\/person\\\/ade671191202490fcf08ab21590de73e\"},\"headline\":\"Tianguis Tur\u00edstico 2026: Colombia destaca con su participaci\u00f3n como primer invitado internacional\",\"datePublished\":\"2026-04-29T16:53:29+00:00\",\"dateModified\":\"2026-04-29T16:53:34+00:00\",\"mainEntityOfPage\":{\"@id\":\"https:\\\/\\\/realidadturistica.com\\\/realtur\\\/tianguis-turistico-2026-colombia-destaca-con-su-participacion-como-primer-invitado-internacional\\\/\"},\"wordCount\":526,\"commentCount\":0,\"publisher\":{\"@id\":\"https:\\\/\\\/realidadturistica.com\\\/realtur\\\/#organization\"},\"image\":{\"@id\":\"https:\\\/\\\/realidadturistica.com\\\/realtur\\\/tianguis-turistico-2026-colombia-destaca-con-su-participacion-como-primer-invitado-internacional\\\/#primaryimage\"},\"thumbnailUrl\":\"https:\\\/\\\/realidadturistica.com\\\/realtur\\\/wp-content\\\/uploads\\\/2026\\\/04\\\/f768x1-68909_69036_5050.jpg\",\"articleSection\":[\"Turismo\"],\"inLanguage\":\"es\",\"potentialAction\":[{\"@type\":\"CommentAction\",\"name\":\"Comment\",\"target\":[\"https:\\\/\\\/realidadturistica.com\\\/realtur\\\/tianguis-turistico-2026-colombia-destaca-con-su-participacion-como-primer-invitado-internacional\\\/#respond\"]}]},{\"@type\":\"WebPage\",\"@id\":\"https:\\\/\\\/realidadturistica.com\\\/realtur\\\/tianguis-turistico-2026-colombia-destaca-con-su-participacion-como-primer-invitado-internacional\\\/\",\"url\":\"https:\\\/\\\/realidadturistica.com\\\/realtur\\\/tianguis-turistico-2026-colombia-destaca-con-su-participacion-como-primer-invitado-internacional\\\/\",\"name\":\"Tianguis Tur\u00edstico 2026: Colombia destaca con su participaci\u00f3n como primer invitado internacional - Realidad Tur\u00edstica\",\"isPartOf\":{\"@id\":\"https:\\\/\\\/realidadturistica.com\\\/realtur\\\/#website\"},\"primaryImageOfPage\":{\"@id\":\"https:\\\/\\\/realidadturistica.com\\\/realtur\\\/tianguis-turistico-2026-colombia-destaca-con-su-participacion-como-primer-invitado-internacional\\\/#primaryimage\"},\"image\":{\"@id\":\"https:\\\/\\\/realidadturistica.com\\\/realtur\\\/tianguis-turistico-2026-colombia-destaca-con-su-participacion-como-primer-invitado-internacional\\\/#primaryimage\"},\"thumbnailUrl\":\"https:\\\/\\\/realidadturistica.com\\\/realtur\\\/wp-content\\\/uploads\\\/2026\\\/04\\\/f768x1-68909_69036_5050.jpg\",\"datePublished\":\"2026-04-29T16:53:29+00:00\",\"dateModified\":\"2026-04-29T16:53:34+00:00\",\"breadcrumb\":{\"@id\":\"https:\\\/\\\/realidadturistica.com\\\/realtur\\\/tianguis-turistico-2026-colombia-destaca-con-su-participacion-como-primer-invitado-internacional\\\/#breadcrumb\"},\"inLanguage\":\"es\",\"potentialAction\":[{\"@type\":\"ReadAction\",\"target\":[\"https:\\\/\\\/realidadturistica.com\\\/realtur\\\/tianguis-turistico-2026-colombia-destaca-con-su-participacion-como-primer-invitado-internacional\\\/\"]}]},{\"@type\":\"ImageObject\",\"inLanguage\":\"es\",\"@id\":\"https:\\\/\\\/realidadturistica.com\\\/realtur\\\/tianguis-turistico-2026-colombia-destaca-con-su-participacion-como-primer-invitado-internacional\\\/#primaryimage\",\"url\":\"https:\\\/\\\/realidadturistica.com\\\/realtur\\\/wp-content\\\/uploads\\\/2026\\\/04\\\/f768x1-68909_69036_5050.jpg\",\"contentUrl\":\"https:\\\/\\\/realidadturistica.com\\\/realtur\\\/wp-content\\\/uploads\\\/2026\\\/04\\\/f768x1-68909_69036_5050.jpg\",\"width\":768,\"height\":435},{\"@type\":\"BreadcrumbList\",\"@id\":\"https:\\\/\\\/realidadturistica.com\\\/realtur\\\/tianguis-turistico-2026-colombia-destaca-con-su-participacion-como-primer-invitado-internacional\\\/#breadcrumb\",\"itemListElement\":[{\"@type\":\"ListItem\",\"position\":1,\"name\":\"Portada\",\"item\":\"https:\\\/\\\/realidadturistica.com\\\/realtur\\\/\"},{\"@type\":\"ListItem\",\"position\":2,\"name\":\"Tianguis Tur\u00edstico 2026: Colombia destaca con su participaci\u00f3n como primer invitado internacional\"}]},{\"@type\":\"WebSite\",\"@id\":\"https:\\\/\\\/realidadturistica.com\\\/realtur\\\/#website\",\"url\":\"https:\\\/\\\/realidadturistica.com\\\/realtur\\\/\",\"name\":\"Realidad Tur\u00edstica\",\"description\":\"\",\"publisher\":{\"@id\":\"https:\\\/\\\/realidadturistica.com\\\/realtur\\\/#organization\"},\"potentialAction\":[{\"@type\":\"SearchAction\",\"target\":{\"@type\":\"EntryPoint\",\"urlTemplate\":\"https:\\\/\\\/realidadturistica.com\\\/realtur\\\/?s={search_term_string}\"},\"query-input\":{\"@type\":\"PropertyValueSpecification\",\"valueRequired\":true,\"valueName\":\"search_term_string\"}}],\"inLanguage\":\"es\"},{\"@type\":\"Organization\",\"@id\":\"https:\\\/\\\/realidadturistica.com\\\/realtur\\\/#organization\",\"name\":\"Realidad Tur\u00edstica\",\"url\":\"https:\\\/\\\/realidadturistica.com\\\/realtur\\\/\",\"logo\":{\"@type\":\"ImageObject\",\"inLanguage\":\"es\",\"@id\":\"https:\\\/\\\/realidadturistica.com\\\/realtur\\\/#\\\/schema\\\/logo\\\/image\\\/\",\"url\":\"https:\\\/\\\/realidadturistica.com\\\/realtur\\\/wp-content\\\/uploads\\\/2021\\\/12\\\/logotipo-realidad-turistica.png\",\"contentUrl\":\"https:\\\/\\\/realidadturistica.com\\\/realtur\\\/wp-content\\\/uploads\\\/2021\\\/12\\\/logotipo-realidad-turistica.png\",\"width\":1382,\"height\":629,\"caption\":\"Realidad Tur\u00edstica\"},\"image\":{\"@id\":\"https:\\\/\\\/realidadturistica.com\\\/realtur\\\/#\\\/schema\\\/logo\\\/image\\\/\"},\"sameAs\":[\"https:\\\/\\\/www.facebook.com\\\/realidadturistica\",\"https:\\\/\\\/www.instagram.com\\\/realidad_turistica\\\/\"]},{\"@type\":\"Person\",\"@id\":\"https:\\\/\\\/realidadturistica.com\\\/realtur\\\/#\\\/schema\\\/person\\\/ade671191202490fcf08ab21590de73e\",\"name\":\"Editor\",\"image\":{\"@type\":\"ImageObject\",\"inLanguage\":\"es\",\"@id\":\"https:\\\/\\\/realidadturistica.com\\\/realtur\\\/wp-content\\\/uploads\\\/2023\\\/09\\\/Editor_avatar_1693668634-96x96.png\",\"url\":\"https:\\\/\\\/realidadturistica.com\\\/realtur\\\/wp-content\\\/uploads\\\/2023\\\/09\\\/Editor_avatar_1693668634-96x96.png\",\"contentUrl\":\"https:\\\/\\\/realidadturistica.com\\\/realtur\\\/wp-content\\\/uploads\\\/2023\\\/09\\\/Editor_avatar_1693668634-96x96.png\",\"caption\":\"Editor\"},\"sameAs\":[\"https:\\\/\\\/realidadturistica.com\\\/realtur\"],\"url\":\"https:\\\/\\\/realidadturistica.com\\\/realtur\\\/author\\\/editor2\\\/\"}]}<\/script>\n<!-- \/ Yoast SEO Premium plugin. -->","yoast_head_json":{"title":"Tianguis Tur\u00edstico 2026: Colombia destaca con su participaci\u00f3n como primer invitado internacional - Realidad Tur\u00edstica","robots":{"index":"index","follow":"follow","max-snippet":"max-snippet:-1","max-image-preview":"max-image-preview:large","max-video-preview":"max-video-preview:-1"},"canonical":"https:\/\/realidadturistica.com\/realtur\/tianguis-turistico-2026-colombia-destaca-con-su-participacion-como-primer-invitado-internacional\/","og_locale":"es_ES","og_type":"article","og_title":"Tianguis Tur\u00edstico 2026: Colombia destaca con su participaci\u00f3n como primer invitado internacional","og_description":"M\u00e9xico. El Tianguis Tur\u00edstico M\u00e9xico 2026 ya est\u00e1 en marcha y esta edici\u00f3n llega con una novedad que significa un antes y un despu\u00e9s: por&hellip;","og_url":"https:\/\/realidadturistica.com\/realtur\/tianguis-turistico-2026-colombia-destaca-con-su-participacion-como-primer-invitado-internacional\/","og_site_name":"Realidad Tur\u00edstica","article_publisher":"https:\/\/www.facebook.com\/realidadturistica","article_published_time":"2026-04-29T16:53:29+00:00","article_modified_time":"2026-04-29T16:53:34+00:00","og_image":[{"width":768,"height":435,"url":"https:\/\/realidadturistica.com\/realtur\/wp-content\/uploads\/2026\/04\/f768x1-68909_69036_5050.jpg","type":"image\/jpeg"}],"author":"Editor","twitter_card":"summary_large_image","twitter_misc":{"Escrito por":"Editor","Tiempo de lectura":"3 minutos"},"schema":{"@context":"https:\/\/schema.org","@graph":[{"@type":"Article","@id":"https:\/\/realidadturistica.com\/realtur\/tianguis-turistico-2026-colombia-destaca-con-su-participacion-como-primer-invitado-internacional\/#article","isPartOf":{"@id":"https:\/\/realidadturistica.com\/realtur\/tianguis-turistico-2026-colombia-destaca-con-su-participacion-como-primer-invitado-internacional\/"},"author":{"name":"Editor","@id":"https:\/\/realidadturistica.com\/realtur\/#\/schema\/person\/ade671191202490fcf08ab21590de73e"},"headline":"Tianguis Tur\u00edstico 2026: Colombia destaca con su participaci\u00f3n como primer invitado internacional","datePublished":"2026-04-29T16:53:29+00:00","dateModified":"2026-04-29T16:53:34+00:00","mainEntityOfPage":{"@id":"https:\/\/realidadturistica.com\/realtur\/tianguis-turistico-2026-colombia-destaca-con-su-participacion-como-primer-invitado-internacional\/"},"wordCount":526,"commentCount":0,"publisher":{"@id":"https:\/\/realidadturistica.com\/realtur\/#organization"},"image":{"@id":"https:\/\/realidadturistica.com\/realtur\/tianguis-turistico-2026-colombia-destaca-con-su-participacion-como-primer-invitado-internacional\/#primaryimage"},"thumbnailUrl":"https:\/\/realidadturistica.com\/realtur\/wp-content\/uploads\/2026\/04\/f768x1-68909_69036_5050.jpg","articleSection":["Turismo"],"inLanguage":"es","potentialAction":[{"@type":"CommentAction","name":"Comment","target":["https:\/\/realidadturistica.com\/realtur\/tianguis-turistico-2026-colombia-destaca-con-su-participacion-como-primer-invitado-internacional\/#respond"]}]},{"@type":"WebPage","@id":"https:\/\/realidadturistica.com\/realtur\/tianguis-turistico-2026-colombia-destaca-con-su-participacion-como-primer-invitado-internacional\/","url":"https:\/\/realidadturistica.com\/realtur\/tianguis-turistico-2026-colombia-destaca-con-su-participacion-como-primer-invitado-internacional\/","name":"Tianguis Tur\u00edstico 2026: Colombia destaca con su participaci\u00f3n como primer invitado internacional - Realidad Tur\u00edstica","isPartOf":{"@id":"https:\/\/realidadturistica.com\/realtur\/#website"},"primaryImageOfPage":{"@id":"https:\/\/realidadturistica.com\/realtur\/tianguis-turistico-2026-colombia-destaca-con-su-participacion-como-primer-invitado-internacional\/#primaryimage"},"image":{"@id":"https:\/\/realidadturistica.com\/realtur\/tianguis-turistico-2026-colombia-destaca-con-su-participacion-como-primer-invitado-internacional\/#primaryimage"},"thumbnailUrl":"https:\/\/realidadturistica.com\/realtur\/wp-content\/uploads\/2026\/04\/f768x1-68909_69036_5050.jpg","datePublished":"2026-04-29T16:53:29+00:00","dateModified":"2026-04-29T16:53:34+00:00","breadcrumb":{"@id":"https:\/\/realidadturistica.com\/realtur\/tianguis-turistico-2026-colombia-destaca-con-su-participacion-como-primer-invitado-internacional\/#breadcrumb"},"inLanguage":"es","potentialAction":[{"@type":"ReadAction","target":["https:\/\/realidadturistica.com\/realtur\/tianguis-turistico-2026-colombia-destaca-con-su-participacion-como-primer-invitado-internacional\/"]}]},{"@type":"ImageObject","inLanguage":"es","@id":"https:\/\/realidadturistica.com\/realtur\/tianguis-turistico-2026-colombia-destaca-con-su-participacion-como-primer-invitado-internacional\/#primaryimage","url":"https:\/\/realidadturistica.com\/realtur\/wp-content\/uploads\/2026\/04\/f768x1-68909_69036_5050.jpg","contentUrl":"https:\/\/realidadturistica.com\/realtur\/wp-content\/uploads\/2026\/04\/f768x1-68909_69036_5050.jpg","width":768,"height":435},{"@type":"BreadcrumbList","@id":"https:\/\/realidadturistica.com\/realtur\/tianguis-turistico-2026-colombia-destaca-con-su-participacion-como-primer-invitado-internacional\/#breadcrumb","itemListElement":[{"@type":"ListItem","position":1,"name":"Portada","item":"https:\/\/realidadturistica.com\/realtur\/"},{"@type":"ListItem","position":2,"name":"Tianguis Tur\u00edstico 2026: Colombia destaca con su participaci\u00f3n como primer invitado internacional"}]},{"@type":"WebSite","@id":"https:\/\/realidadturistica.com\/realtur\/#website","url":"https:\/\/realidadturistica.com\/realtur\/","name":"Realidad Tur\u00edstica","description":"","publisher":{"@id":"https:\/\/realidadturistica.com\/realtur\/#organization"},"potentialAction":[{"@type":"SearchAction","target":{"@type":"EntryPoint","urlTemplate":"https:\/\/realidadturistica.com\/realtur\/?s={search_term_string}"},"query-input":{"@type":"PropertyValueSpecification","valueRequired":true,"valueName":"search_term_string"}}],"inLanguage":"es"},{"@type":"Organization","@id":"https:\/\/realidadturistica.com\/realtur\/#organization","name":"Realidad Tur\u00edstica","url":"https:\/\/realidadturistica.com\/realtur\/","logo":{"@type":"ImageObject","inLanguage":"es","@id":"https:\/\/realidadturistica.com\/realtur\/#\/schema\/logo\/image\/","url":"https:\/\/realidadturistica.com\/realtur\/wp-content\/uploads\/2021\/12\/logotipo-realidad-turistica.png","contentUrl":"https:\/\/realidadturistica.com\/realtur\/wp-content\/uploads\/2021\/12\/logotipo-realidad-turistica.png","width":1382,"height":629,"caption":"Realidad Tur\u00edstica"},"image":{"@id":"https:\/\/realidadturistica.com\/realtur\/#\/schema\/logo\/image\/"},"sameAs":["https:\/\/www.facebook.com\/realidadturistica","https:\/\/www.instagram.com\/realidad_turistica\/"]},{"@type":"Person","@id":"https:\/\/realidadturistica.com\/realtur\/#\/schema\/person\/ade671191202490fcf08ab21590de73e","name":"Editor","image":{"@type":"ImageObject","inLanguage":"es","@id":"https:\/\/realidadturistica.com\/realtur\/wp-content\/uploads\/2023\/09\/Editor_avatar_1693668634-96x96.png","url":"https:\/\/realidadturistica.com\/realtur\/wp-content\/uploads\/2023\/09\/Editor_avatar_1693668634-96x96.png","contentUrl":"https:\/\/realidadturistica.com\/realtur\/wp-content\/uploads\/2023\/09\/Editor_avatar_1693668634-96x96.png","caption":"Editor"},"sameAs":["https:\/\/realidadturistica.com\/realtur"],"url":"https:\/\/realidadturistica.com\/realtur\/author\/editor2\/"}]}},"_links":{"self":[{"href":"https:\/\/realidadturistica.com\/realtur\/wp-json\/wp\/v2\/posts\/12276","targetHints":{"allow":["GET"]}}],"collection":[{"href":"https:\/\/realidadturistica.com\/realtur\/wp-json\/wp\/v2\/posts"}],"about":[{"href":"https:\/\/realidadturistica.com\/realtur\/wp-json\/wp\/v2\/types\/post"}],"author":[{"embeddable":true,"href":"https:\/\/realidadturistica.com\/realtur\/wp-json\/wp\/v2\/users\/2"}],"replies":[{"embeddable":true,"href":"https:\/\/realidadturistica.com\/realtur\/wp-json\/wp\/v2\/comments?post=12276"}],"version-history":[{"count":1,"href":"https:\/\/realidadturistica.com\/realtur\/wp-json\/wp\/v2\/posts\/12276\/revisions"}],"predecessor-version":[{"id":12278,"href":"https:\/\/realidadturistica.com\/realtur\/wp-json\/wp\/v2\/posts\/12276\/revisions\/12278"}],"wp:featuredmedia":[{"embeddable":true,"href":"https:\/\/realidadturistica.com\/realtur\/wp-json\/wp\/v2\/media\/12277"}],"wp:attachment":[{"href":"https:\/\/realidadturistica.com\/realtur\/wp-json\/wp\/v2\/media?parent=12276"}],"wp:term":[{"taxonomy":"category","embeddable":true,"href":"https:\/\/realidadturistica.com\/realtur\/wp-json\/wp\/v2\/categories?post=12276"},{"taxonomy":"post_tag","embeddable":true,"href":"https:\/\/realidadturistica.com\/realtur\/wp-json\/wp\/v2\/tags?post=12276"}],"curies":[{"name":"wp","href":"https:\/\/api.w.org\/{rel}","templated":true}]}}