{"id":12447,"date":"2026-06-03T09:29:33","date_gmt":"2026-06-03T15:29:33","guid":{"rendered":"https:\/\/realidadturistica.com\/realtur\/?p=12447"},"modified":"2026-06-03T09:29:40","modified_gmt":"2026-06-03T15:29:40","slug":"melia-reestructura-su-operativa-en-cuba-tras-analizar-los-riesgos-y-evaluar-las-circunstancias-actuales","status":"publish","type":"post","link":"https:\/\/realidadturistica.com\/realtur\/melia-reestructura-su-operativa-en-cuba-tras-analizar-los-riesgos-y-evaluar-las-circunstancias-actuales\/","title":{"rendered":"Meli\u00e1 reestructura su operativa en Cuba tras analizar los riesgos y evaluar las circunstancias actuales"},"content":{"rendered":"<div class=\"wp-block-post-time-to-read\">2\u20134 minutos<\/div>\n\n\n<p class=\"wp-block-paragraph\">La decisi\u00f3n, de efectos inmediatos y que trae consecuencia de una decisi\u00f3n ya informada y anticipada el pasado 26 de mayo, se adopta ante la perentoria necesidad de garantizar una m\u00ednima y ordenada operativa, acorde a nuestro sentido de responsabilidad empresarial<\/p>\n\n\n\n<p class=\"wp-block-paragraph\">La Compa\u00f1\u00eda agradece la comprensi\u00f3n y confianza de todos sus grupos de inter\u00e9s, y afirma que seguir\u00e1 monitorizando la evoluci\u00f3n del contexto para reevaluar su presencia en la Isla<\/p>\n\n\n\n<p class=\"wp-block-paragraph\">Palma de Mallorca, 3 de junio de 2026. Ante los acontecimientos y circunstancias que van sucediendo en el contexto geopol\u00edtico social, legal y econ\u00f3mico de la Rep\u00fablica de Cuba, <a href=\"https:\/\/www.meliahotelsinternational.com\/es\">Meli\u00e1 Hotels International<\/a> informa que, en el \u00e1mbito de su ejercicio continuado de evaluaci\u00f3n de riesgos, ha adoptado la decisi\u00f3n de concluir de forma inmediata la prestaci\u00f3n de los servicios de gesti\u00f3n y comercializaci\u00f3n, as\u00ed como la cesi\u00f3n de uso de sus marcas hoteleras, con relaci\u00f3n a los siguientes quince (15) hoteles, todos ellos ubicados en la Rep\u00fablica de Cuba:<\/p>\n\n\n\n<p class=\"wp-block-paragraph\">\u00b7&nbsp;&nbsp;&nbsp;&nbsp;&nbsp;&nbsp; Gran Hotel Bristol Habana Vieja Member of The Meli\u00e1 Collection<\/p>\n\n\n\n<p class=\"wp-block-paragraph\">\u00b7&nbsp;&nbsp;&nbsp;&nbsp;&nbsp;&nbsp; Innside Catedral Habana<\/p>\n\n\n\n<p class=\"wp-block-paragraph\">\u00b7&nbsp;&nbsp;&nbsp;&nbsp;&nbsp;&nbsp; Meli\u00e1 Buena Vista<\/p>\n\n\n\n<p class=\"wp-block-paragraph\">\u00b7&nbsp;&nbsp;&nbsp;&nbsp;&nbsp;&nbsp; Meli\u00e1 Cayo Santa Mar\u00eda<\/p>\n\n\n\n<p class=\"wp-block-paragraph\">\u00b7&nbsp;&nbsp;&nbsp;&nbsp;&nbsp;&nbsp; Meli\u00e1 Jardines del Rey<\/p>\n\n\n\n<p class=\"wp-block-paragraph\">\u00b7&nbsp;&nbsp;&nbsp;&nbsp;&nbsp;&nbsp; Meli\u00e1 Las Dunas<\/p>\n\n\n\n<p class=\"wp-block-paragraph\">\u00b7&nbsp;&nbsp;&nbsp;&nbsp;&nbsp;&nbsp; Meli\u00e1 Pen\u00ednsula Varadero<\/p>\n\n\n\n<p class=\"wp-block-paragraph\">\u00b7&nbsp;&nbsp;&nbsp;&nbsp;&nbsp;&nbsp; Paradisus Los Cayos<\/p>\n\n\n\n<p class=\"wp-block-paragraph\">\u00b7&nbsp;&nbsp;&nbsp;&nbsp;&nbsp;&nbsp; Paradisus Princesa Mar<\/p>\n\n\n\n<p class=\"wp-block-paragraph\">\u00b7&nbsp;&nbsp;&nbsp;&nbsp;&nbsp;&nbsp; Paradisus R\u00edo de Oro<\/p>\n\n\n\n<p class=\"wp-block-paragraph\">\u00b7&nbsp;&nbsp;&nbsp;&nbsp;&nbsp;&nbsp; Paradisus Varadero<\/p>\n\n\n\n<p class=\"wp-block-paragraph\">\u00b7&nbsp;&nbsp;&nbsp;&nbsp;&nbsp;&nbsp; Sol Caribe Beach<\/p>\n\n\n\n<p class=\"wp-block-paragraph\">\u00b7&nbsp;&nbsp;&nbsp;&nbsp;&nbsp;&nbsp; Sol Cayo Santa Mar\u00eda<\/p>\n\n\n\n<p class=\"wp-block-paragraph\">\u00b7&nbsp;&nbsp;&nbsp;&nbsp;&nbsp;&nbsp; Sol R\u00edo de Luna y Mares<\/p>\n\n\n\n<p class=\"wp-block-paragraph\">\u00b7&nbsp;&nbsp;&nbsp;&nbsp;&nbsp;&nbsp; Sol Varadero Beach<\/p>\n\n\n\n<p class=\"wp-block-paragraph\">Esta decisi\u00f3n, ya avanzada el pasado 26 de mayo a la propiedad de estos hoteles y que les ha sido confirmada en el d\u00eda de hoy, ha sido tomada desde un profundo sentido de responsabilidad empresarial, y responde y es consecuencia de una combinaci\u00f3n de circunstancias sobrevenidas ajenas a la capacidad de gesti\u00f3n o actuaci\u00f3n de Meli\u00e1, todas las cuales han impactado de forma significativa en la operativa, legalidad y seguridad en la prestaci\u00f3n de los referidos servicios para estos hoteles.<\/p>\n\n\n\n<p class=\"wp-block-paragraph\">El impacto de esta decisi\u00f3n es limitado en tanto la gran mayor\u00eda de los hoteles antes indicados se encuentran actualmente cerrados y carentes de actividad como consecuencia de los problemas energ\u00e9ticos y de ca\u00edda de la demanda que viene sufriendo la Rep\u00fablica de Cuba. No obstante, la Compa\u00f1\u00eda est\u00e1 activando y llevando a cabo planes espec\u00edficos para acometer una desafiliaci\u00f3n ordenada de estos hoteles. Igualmente, se est\u00e1n implementando los oportunos protocolos para informar de manera transparente a proveedores y clientes.<\/p>\n\n\n\n<p class=\"wp-block-paragraph\">Acerca de Meli\u00e1 Hotels International<\/p>\n\n\n\n<p class=\"wp-block-paragraph\"><a href=\"https:\/\/www.meliahotelsinternational.com\/es\">Meli\u00e1 Hotels International<\/a>, fundada en 1956 en Palma de Mallorca (Espa\u00f1a), celebra su 70 aniversario consolidada como la mayor compa\u00f1\u00eda hotelera de Espa\u00f1a y una de las m\u00e1s relevantes\u00a0 a nivel global. Su liderazgo se ha visto reconocido con distinciones como la de empresa hotelera m\u00e1s sostenible de Europa seg\u00fan S&amp;P Global y el sello Top Employer Large Enterprise 2026, avalando su compromiso firme con la sostenibilidad, el desarrollo del talento y la excelencia en la gesti\u00f3n.<\/p>\n\n\n\n<p class=\"wp-block-paragraph\">Con un portafolio que supera los 400 hoteles entre abiertos y en proceso de apertura en los principales destinos internacionales, la compa\u00f1\u00eda opera a trav\u00e9s de nueve marcas que responden a diversos perfiles y motivaciones de viaje: Gran Meli\u00e1 Hotels &amp; Resorts, ME by Meli\u00e1, The Meli\u00e1 Collection, Paradisus by Meli\u00e1, Meli\u00e1 Hotels &amp; Resorts, ZEL, INNSiDE by Meli\u00e1, Sol by Meli\u00e1 y Affiliated by Meli\u00e1. Todas ellas comparten una esencia com\u00fan: ofrecer experiencias aut\u00e9nticas y memorables, inspiradas por la cultura y los valores mediterr\u00e1neos.<\/p>\n\n\n\n<p class=\"wp-block-paragraph\">Impulsada por una visi\u00f3n estrat\u00e9gica centrada en la innovaci\u00f3n, la digitalizaci\u00f3n y el turismo responsable, Meli\u00e1 contin\u00faa avanzando como referente del sector, generando valor sostenible para sus grupos de inter\u00e9s y contribuyendo al progreso social, econ\u00f3mico y medioambiental de los destinos donde est\u00e1 presente. Para m\u00e1s informaci\u00f3n <a href=\"mailto:comunicacion@melia.com\">comunicacion@melia.com<\/a><\/p>\n\n\n\n<p class=\"wp-block-paragraph\"><a href=\"https:\/\/www.meliahotelsinternational.com\/es\">Meli\u00e1 Hotels International<\/a><\/p>\n","protected":false},"excerpt":{"rendered":"<p>La decisi\u00f3n, de efectos inmediatos y que trae consecuencia de una decisi\u00f3n ya informada y anticipada el pasado 26 de mayo, se adopta ante la&hellip;<\/p>\n","protected":false},"author":2,"featured_media":12448,"comment_status":"open","ping_status":"closed","sticky":false,"template":"","format":"standard","meta":{"_lmt_disableupdate":"","_lmt_disable":"","footnotes":""},"categories":[6],"tags":[],"class_list":["post-12447","post","type-post","status-publish","format-standard","has-post-thumbnail","hentry","category-turismo"],"yoast_head":"<!-- This site is optimized with the Yoast SEO plugin v28.4 - https:\/\/yoast.com\/product\/yoast-seo-wordpress\/ -->\n<title>Meli\u00e1 reestructura su operativa en Cuba tras analizar los riesgos y evaluar las circunstancias actuales - Realidad Tur\u00edstica<\/title>\n<meta name=\"description\" content=\"La decisi\u00f3n, de efectos inmediatos y que trae consecuencia de una decisi\u00f3n ya informada y anticipada el pasado 26 de mayo, se adopta ante la perentoria\" \/>\n<meta name=\"robots\" content=\"index, follow, max-snippet:-1, max-image-preview:large, max-video-preview:-1\" \/>\n<link rel=\"canonical\" href=\"https:\/\/realidadturistica.com\/realtur\/melia-reestructura-su-operativa-en-cuba-tras-analizar-los-riesgos-y-evaluar-las-circunstancias-actuales\/\" \/>\n<meta property=\"og:locale\" content=\"es_ES\" \/>\n<meta property=\"og:type\" content=\"article\" \/>\n<meta property=\"og:title\" content=\"Meli\u00e1 reestructura su operativa en Cuba tras analizar los riesgos y evaluar las circunstancias actuales - Realidad Tur\u00edstica\" \/>\n<meta property=\"og:description\" content=\"La decisi\u00f3n, de efectos inmediatos y que trae consecuencia de una decisi\u00f3n ya informada y anticipada el pasado 26 de mayo, se adopta ante la perentoria\" \/>\n<meta property=\"og:url\" content=\"https:\/\/realidadturistica.com\/realtur\/melia-reestructura-su-operativa-en-cuba-tras-analizar-los-riesgos-y-evaluar-las-circunstancias-actuales\/\" \/>\n<meta property=\"og:site_name\" content=\"Realidad Tur\u00edstica\" \/>\n<meta property=\"article:publisher\" content=\"https:\/\/www.facebook.com\/realidadturistica\" \/>\n<meta property=\"article:author\" content=\"profile.php?id=61576165411521\" \/>\n<meta property=\"article:published_time\" content=\"2026-06-03T15:29:33+00:00\" \/>\n<meta property=\"article:modified_time\" content=\"2026-06-03T15:29:40+00:00\" \/>\n<meta property=\"og:image\" content=\"https:\/\/realidadturistica.com\/realtur\/wp-content\/uploads\/2026\/06\/Melia-reestructura-su-operativa-en-Cuba-tras-analizar-los-riesgos-y-evaluar-las-circunstancias-actuales.jpg\" \/>\n\t<meta property=\"og:image:width\" content=\"650\" \/>\n\t<meta property=\"og:image:height\" content=\"434\" \/>\n\t<meta property=\"og:image:type\" content=\"image\/jpeg\" \/>\n<meta name=\"author\" content=\"Manuel Lorenzo\" \/>\n<meta name=\"twitter:card\" content=\"summary_large_image\" \/>\n<meta name=\"twitter:label1\" content=\"Escrito por\" \/>\n\t<meta name=\"twitter:data1\" content=\"Manuel Lorenzo\" \/>\n\t<meta name=\"twitter:label2\" content=\"Tiempo de lectura\" \/>\n\t<meta name=\"twitter:data2\" content=\"3 minutos\" \/>\n<script type=\"application\/ld+json\" class=\"yoast-schema-graph\">{\"@context\":\"https:\\\/\\\/schema.org\",\"@graph\":[{\"@type\":\"NewsArticle\",\"@id\":\"https:\\\/\\\/realidadturistica.com\\\/realtur\\\/melia-reestructura-su-operativa-en-cuba-tras-analizar-los-riesgos-y-evaluar-las-circunstancias-actuales\\\/#article\",\"isPartOf\":{\"@id\":\"https:\\\/\\\/realidadturistica.com\\\/realtur\\\/melia-reestructura-su-operativa-en-cuba-tras-analizar-los-riesgos-y-evaluar-las-circunstancias-actuales\\\/\"},\"author\":{\"name\":\"Manuel Lorenzo\",\"@id\":\"https:\\\/\\\/realidadturistica.com\\\/realtur\\\/#\\\/schema\\\/person\\\/46aa3c967b83697123b0ca020fb35e7c\"},\"headline\":\"Meli\u00e1 reestructura su operativa en Cuba tras analizar los riesgos y evaluar las circunstancias actuales\",\"datePublished\":\"2026-06-03T15:29:33+00:00\",\"dateModified\":\"2026-06-03T15:29:40+00:00\",\"mainEntityOfPage\":{\"@id\":\"https:\\\/\\\/realidadturistica.com\\\/realtur\\\/melia-reestructura-su-operativa-en-cuba-tras-analizar-los-riesgos-y-evaluar-las-circunstancias-actuales\\\/\"},\"wordCount\":755,\"commentCount\":0,\"publisher\":{\"@id\":\"https:\\\/\\\/realidadturistica.com\\\/realtur\\\/#organization\"},\"image\":{\"@id\":\"https:\\\/\\\/realidadturistica.com\\\/realtur\\\/melia-reestructura-su-operativa-en-cuba-tras-analizar-los-riesgos-y-evaluar-las-circunstancias-actuales\\\/#primaryimage\"},\"thumbnailUrl\":\"https:\\\/\\\/realidadturistica.com\\\/realtur\\\/wp-content\\\/uploads\\\/2026\\\/06\\\/Melia-reestructura-su-operativa-en-Cuba-tras-analizar-los-riesgos-y-evaluar-las-circunstancias-actuales.jpg\",\"articleSection\":[\"Turismo\"],\"inLanguage\":\"es\",\"potentialAction\":[{\"@type\":\"CommentAction\",\"name\":\"Comment\",\"target\":[\"https:\\\/\\\/realidadturistica.com\\\/realtur\\\/melia-reestructura-su-operativa-en-cuba-tras-analizar-los-riesgos-y-evaluar-las-circunstancias-actuales\\\/#respond\"]}]},{\"@type\":\"WebPage\",\"@id\":\"https:\\\/\\\/realidadturistica.com\\\/realtur\\\/melia-reestructura-su-operativa-en-cuba-tras-analizar-los-riesgos-y-evaluar-las-circunstancias-actuales\\\/\",\"url\":\"https:\\\/\\\/realidadturistica.com\\\/realtur\\\/melia-reestructura-su-operativa-en-cuba-tras-analizar-los-riesgos-y-evaluar-las-circunstancias-actuales\\\/\",\"name\":\"Meli\u00e1 reestructura su operativa en Cuba tras analizar los riesgos y evaluar las circunstancias actuales - Realidad Tur\u00edstica\",\"isPartOf\":{\"@id\":\"https:\\\/\\\/realidadturistica.com\\\/realtur\\\/#website\"},\"primaryImageOfPage\":{\"@id\":\"https:\\\/\\\/realidadturistica.com\\\/realtur\\\/melia-reestructura-su-operativa-en-cuba-tras-analizar-los-riesgos-y-evaluar-las-circunstancias-actuales\\\/#primaryimage\"},\"image\":{\"@id\":\"https:\\\/\\\/realidadturistica.com\\\/realtur\\\/melia-reestructura-su-operativa-en-cuba-tras-analizar-los-riesgos-y-evaluar-las-circunstancias-actuales\\\/#primaryimage\"},\"thumbnailUrl\":\"https:\\\/\\\/realidadturistica.com\\\/realtur\\\/wp-content\\\/uploads\\\/2026\\\/06\\\/Melia-reestructura-su-operativa-en-Cuba-tras-analizar-los-riesgos-y-evaluar-las-circunstancias-actuales.jpg\",\"datePublished\":\"2026-06-03T15:29:33+00:00\",\"dateModified\":\"2026-06-03T15:29:40+00:00\",\"description\":\"La decisi\u00f3n, de efectos inmediatos y que trae consecuencia de una decisi\u00f3n ya informada y anticipada el pasado 26 de mayo, se adopta ante la perentoria\",\"breadcrumb\":{\"@id\":\"https:\\\/\\\/realidadturistica.com\\\/realtur\\\/melia-reestructura-su-operativa-en-cuba-tras-analizar-los-riesgos-y-evaluar-las-circunstancias-actuales\\\/#breadcrumb\"},\"inLanguage\":\"es\",\"potentialAction\":[{\"@type\":\"ReadAction\",\"target\":[\"https:\\\/\\\/realidadturistica.com\\\/realtur\\\/melia-reestructura-su-operativa-en-cuba-tras-analizar-los-riesgos-y-evaluar-las-circunstancias-actuales\\\/\"]}]},{\"@type\":\"ImageObject\",\"inLanguage\":\"es\",\"@id\":\"https:\\\/\\\/realidadturistica.com\\\/realtur\\\/melia-reestructura-su-operativa-en-cuba-tras-analizar-los-riesgos-y-evaluar-las-circunstancias-actuales\\\/#primaryimage\",\"url\":\"https:\\\/\\\/realidadturistica.com\\\/realtur\\\/wp-content\\\/uploads\\\/2026\\\/06\\\/Melia-reestructura-su-operativa-en-Cuba-tras-analizar-los-riesgos-y-evaluar-las-circunstancias-actuales.jpg\",\"contentUrl\":\"https:\\\/\\\/realidadturistica.com\\\/realtur\\\/wp-content\\\/uploads\\\/2026\\\/06\\\/Melia-reestructura-su-operativa-en-Cuba-tras-analizar-los-riesgos-y-evaluar-las-circunstancias-actuales.jpg\",\"width\":650,\"height\":434},{\"@type\":\"BreadcrumbList\",\"@id\":\"https:\\\/\\\/realidadturistica.com\\\/realtur\\\/melia-reestructura-su-operativa-en-cuba-tras-analizar-los-riesgos-y-evaluar-las-circunstancias-actuales\\\/#breadcrumb\",\"itemListElement\":[{\"@type\":\"ListItem\",\"position\":1,\"name\":\"Portada\",\"item\":\"https:\\\/\\\/realidadturistica.com\\\/realtur\\\/\"},{\"@type\":\"ListItem\",\"position\":2,\"name\":\"Meli\u00e1 reestructura su operativa en Cuba tras analizar los riesgos y evaluar las circunstancias actuales\"}]},{\"@type\":\"WebSite\",\"@id\":\"https:\\\/\\\/realidadturistica.com\\\/realtur\\\/#website\",\"url\":\"https:\\\/\\\/realidadturistica.com\\\/realtur\\\/\",\"name\":\"Realidad Tur\u00edstica\",\"description\":\"\",\"publisher\":{\"@id\":\"https:\\\/\\\/realidadturistica.com\\\/realtur\\\/#organization\"},\"potentialAction\":[{\"@type\":\"SearchAction\",\"target\":{\"@type\":\"EntryPoint\",\"urlTemplate\":\"https:\\\/\\\/realidadturistica.com\\\/realtur\\\/?s={search_term_string}\"},\"query-input\":{\"@type\":\"PropertyValueSpecification\",\"valueRequired\":true,\"valueName\":\"search_term_string\"}}],\"inLanguage\":\"es\"},{\"@type\":\"Organization\",\"@id\":\"https:\\\/\\\/realidadturistica.com\\\/realtur\\\/#organization\",\"name\":\"Realidad Tur\u00edstica\",\"alternateName\":\"Realtur\",\"url\":\"https:\\\/\\\/realidadturistica.com\\\/realtur\\\/\",\"logo\":{\"@type\":\"ImageObject\",\"inLanguage\":\"es\",\"@id\":\"https:\\\/\\\/realidadturistica.com\\\/realtur\\\/#\\\/schema\\\/logo\\\/image\\\/\",\"url\":\"https:\\\/\\\/realidadturistica.com\\\/realtur\\\/wp-content\\\/uploads\\\/2021\\\/12\\\/logotipo-realidad-turistica.png\",\"contentUrl\":\"https:\\\/\\\/realidadturistica.com\\\/realtur\\\/wp-content\\\/uploads\\\/2021\\\/12\\\/logotipo-realidad-turistica.png\",\"width\":1382,\"height\":629,\"caption\":\"Realidad Tur\u00edstica\"},\"image\":{\"@id\":\"https:\\\/\\\/realidadturistica.com\\\/realtur\\\/#\\\/schema\\\/logo\\\/image\\\/\"},\"sameAs\":[\"https:\\\/\\\/www.facebook.com\\\/realidadturistica\",\"https:\\\/\\\/www.instagram.com\\\/realidad_turistica\\\/\"]},{\"@type\":\"Person\",\"@id\":\"https:\\\/\\\/realidadturistica.com\\\/realtur\\\/#\\\/schema\\\/person\\\/46aa3c967b83697123b0ca020fb35e7c\",\"name\":\"Manuel Lorenzo\",\"image\":{\"@type\":\"ImageObject\",\"inLanguage\":\"es\",\"@id\":\"https:\\\/\\\/realidadturistica.com\\\/realtur\\\/wp-content\\\/uploads\\\/2026\\\/06\\\/cropped-manuel-lorenzo-avatar-96x96.jpg\",\"url\":\"https:\\\/\\\/realidadturistica.com\\\/realtur\\\/wp-content\\\/uploads\\\/2026\\\/06\\\/cropped-manuel-lorenzo-avatar-96x96.jpg\",\"contentUrl\":\"https:\\\/\\\/realidadturistica.com\\\/realtur\\\/wp-content\\\/uploads\\\/2026\\\/06\\\/cropped-manuel-lorenzo-avatar-96x96.jpg\",\"caption\":\"Manuel Lorenzo\"},\"description\":\"El Mtro. Manuel Lorenzo es un experimentado periodista y editor con s\u00f3lida trayectoria en el an\u00e1lisis y difusi\u00f3n de noticias nacionales e internacionales. Destaca su profundo conocimiento sobre el acontecer centroamericano y caribe\u00f1o, y de manera especial en el sector tur\u00edstico de M\u00e9xico. Licenciado en Derecho y Maestro en Estudios Sobre Estados Unidos de Norteam\u00e9rica por la Universidad de las Am\u00e9ricas, Puebla. Cuenta adem\u00e1s con postgrados en el Instituto Mat\u00edas Romero, centro de capacitaci\u00f3n de diplom\u00e1ticos de la Secretar\u00eda de Relaciones Exteriores de M\u00e9xico. Trabaj\u00f3 durante 10 a\u00f1os como corresponsal en la Gu\u00eda Interamericana de Turismo, la gu\u00eda tur\u00edstica m\u00e1s importante de Centroam\u00e9rica. Posteriormente, durante 20 a\u00f1os se desempe\u00f1\u00f3 como Editor Jefe del Peri\u00f3dico Digital Centroamericano y del Caribe, medio especializado en noticias pol\u00edticas, tur\u00edsticas, econ\u00f3micas y de negocios. Desde hace cinco a\u00f1os es Editor Jefe de Realidad Tur\u00edstica, medio digital mexicano especializado en turismo internacional y en particular de Yucat\u00e1n, destacando destinos y noticias del sureste mexicano.\",\"sameAs\":[\"https:\\\/\\\/realidadturistica.com\\\/realtur\\\/\",\"profile.php?id=61576165411521\"],\"url\":\"https:\\\/\\\/realidadturistica.com\\\/realtur\\\/author\\\/editor2\\\/\"}]}<\/script>\n<!-- \/ Yoast SEO plugin. -->","yoast_head_json":{"title":"Meli\u00e1 reestructura su operativa en Cuba tras analizar los riesgos y evaluar las circunstancias actuales - Realidad Tur\u00edstica","description":"La decisi\u00f3n, de efectos inmediatos y que trae consecuencia de una decisi\u00f3n ya informada y anticipada el pasado 26 de mayo, se adopta ante la perentoria","robots":{"index":"index","follow":"follow","max-snippet":"max-snippet:-1","max-image-preview":"max-image-preview:large","max-video-preview":"max-video-preview:-1"},"canonical":"https:\/\/realidadturistica.com\/realtur\/melia-reestructura-su-operativa-en-cuba-tras-analizar-los-riesgos-y-evaluar-las-circunstancias-actuales\/","og_locale":"es_ES","og_type":"article","og_title":"Meli\u00e1 reestructura su operativa en Cuba tras analizar los riesgos y evaluar las circunstancias actuales - Realidad Tur\u00edstica","og_description":"La decisi\u00f3n, de efectos inmediatos y que trae consecuencia de una decisi\u00f3n ya informada y anticipada el pasado 26 de mayo, se adopta ante la perentoria","og_url":"https:\/\/realidadturistica.com\/realtur\/melia-reestructura-su-operativa-en-cuba-tras-analizar-los-riesgos-y-evaluar-las-circunstancias-actuales\/","og_site_name":"Realidad Tur\u00edstica","article_publisher":"https:\/\/www.facebook.com\/realidadturistica","article_author":"profile.php?id=61576165411521","article_published_time":"2026-06-03T15:29:33+00:00","article_modified_time":"2026-06-03T15:29:40+00:00","og_image":[{"width":650,"height":434,"url":"https:\/\/realidadturistica.com\/realtur\/wp-content\/uploads\/2026\/06\/Melia-reestructura-su-operativa-en-Cuba-tras-analizar-los-riesgos-y-evaluar-las-circunstancias-actuales.jpg","type":"image\/jpeg"}],"author":"Manuel Lorenzo","twitter_card":"summary_large_image","twitter_misc":{"Escrito por":"Manuel Lorenzo","Tiempo de lectura":"3 minutos"},"schema":{"@context":"https:\/\/schema.org","@graph":[{"@type":"NewsArticle","@id":"https:\/\/realidadturistica.com\/realtur\/melia-reestructura-su-operativa-en-cuba-tras-analizar-los-riesgos-y-evaluar-las-circunstancias-actuales\/#article","isPartOf":{"@id":"https:\/\/realidadturistica.com\/realtur\/melia-reestructura-su-operativa-en-cuba-tras-analizar-los-riesgos-y-evaluar-las-circunstancias-actuales\/"},"author":{"name":"Manuel Lorenzo","@id":"https:\/\/realidadturistica.com\/realtur\/#\/schema\/person\/46aa3c967b83697123b0ca020fb35e7c"},"headline":"Meli\u00e1 reestructura su operativa en Cuba tras analizar los riesgos y evaluar las circunstancias actuales","datePublished":"2026-06-03T15:29:33+00:00","dateModified":"2026-06-03T15:29:40+00:00","mainEntityOfPage":{"@id":"https:\/\/realidadturistica.com\/realtur\/melia-reestructura-su-operativa-en-cuba-tras-analizar-los-riesgos-y-evaluar-las-circunstancias-actuales\/"},"wordCount":755,"commentCount":0,"publisher":{"@id":"https:\/\/realidadturistica.com\/realtur\/#organization"},"image":{"@id":"https:\/\/realidadturistica.com\/realtur\/melia-reestructura-su-operativa-en-cuba-tras-analizar-los-riesgos-y-evaluar-las-circunstancias-actuales\/#primaryimage"},"thumbnailUrl":"https:\/\/realidadturistica.com\/realtur\/wp-content\/uploads\/2026\/06\/Melia-reestructura-su-operativa-en-Cuba-tras-analizar-los-riesgos-y-evaluar-las-circunstancias-actuales.jpg","articleSection":["Turismo"],"inLanguage":"es","potentialAction":[{"@type":"CommentAction","name":"Comment","target":["https:\/\/realidadturistica.com\/realtur\/melia-reestructura-su-operativa-en-cuba-tras-analizar-los-riesgos-y-evaluar-las-circunstancias-actuales\/#respond"]}]},{"@type":"WebPage","@id":"https:\/\/realidadturistica.com\/realtur\/melia-reestructura-su-operativa-en-cuba-tras-analizar-los-riesgos-y-evaluar-las-circunstancias-actuales\/","url":"https:\/\/realidadturistica.com\/realtur\/melia-reestructura-su-operativa-en-cuba-tras-analizar-los-riesgos-y-evaluar-las-circunstancias-actuales\/","name":"Meli\u00e1 reestructura su operativa en Cuba tras analizar los riesgos y evaluar las circunstancias actuales - Realidad Tur\u00edstica","isPartOf":{"@id":"https:\/\/realidadturistica.com\/realtur\/#website"},"primaryImageOfPage":{"@id":"https:\/\/realidadturistica.com\/realtur\/melia-reestructura-su-operativa-en-cuba-tras-analizar-los-riesgos-y-evaluar-las-circunstancias-actuales\/#primaryimage"},"image":{"@id":"https:\/\/realidadturistica.com\/realtur\/melia-reestructura-su-operativa-en-cuba-tras-analizar-los-riesgos-y-evaluar-las-circunstancias-actuales\/#primaryimage"},"thumbnailUrl":"https:\/\/realidadturistica.com\/realtur\/wp-content\/uploads\/2026\/06\/Melia-reestructura-su-operativa-en-Cuba-tras-analizar-los-riesgos-y-evaluar-las-circunstancias-actuales.jpg","datePublished":"2026-06-03T15:29:33+00:00","dateModified":"2026-06-03T15:29:40+00:00","description":"La decisi\u00f3n, de efectos inmediatos y que trae consecuencia de una decisi\u00f3n ya informada y anticipada el pasado 26 de mayo, se adopta ante la perentoria","breadcrumb":{"@id":"https:\/\/realidadturistica.com\/realtur\/melia-reestructura-su-operativa-en-cuba-tras-analizar-los-riesgos-y-evaluar-las-circunstancias-actuales\/#breadcrumb"},"inLanguage":"es","potentialAction":[{"@type":"ReadAction","target":["https:\/\/realidadturistica.com\/realtur\/melia-reestructura-su-operativa-en-cuba-tras-analizar-los-riesgos-y-evaluar-las-circunstancias-actuales\/"]}]},{"@type":"ImageObject","inLanguage":"es","@id":"https:\/\/realidadturistica.com\/realtur\/melia-reestructura-su-operativa-en-cuba-tras-analizar-los-riesgos-y-evaluar-las-circunstancias-actuales\/#primaryimage","url":"https:\/\/realidadturistica.com\/realtur\/wp-content\/uploads\/2026\/06\/Melia-reestructura-su-operativa-en-Cuba-tras-analizar-los-riesgos-y-evaluar-las-circunstancias-actuales.jpg","contentUrl":"https:\/\/realidadturistica.com\/realtur\/wp-content\/uploads\/2026\/06\/Melia-reestructura-su-operativa-en-Cuba-tras-analizar-los-riesgos-y-evaluar-las-circunstancias-actuales.jpg","width":650,"height":434},{"@type":"BreadcrumbList","@id":"https:\/\/realidadturistica.com\/realtur\/melia-reestructura-su-operativa-en-cuba-tras-analizar-los-riesgos-y-evaluar-las-circunstancias-actuales\/#breadcrumb","itemListElement":[{"@type":"ListItem","position":1,"name":"Portada","item":"https:\/\/realidadturistica.com\/realtur\/"},{"@type":"ListItem","position":2,"name":"Meli\u00e1 reestructura su operativa en Cuba tras analizar los riesgos y evaluar las circunstancias actuales"}]},{"@type":"WebSite","@id":"https:\/\/realidadturistica.com\/realtur\/#website","url":"https:\/\/realidadturistica.com\/realtur\/","name":"Realidad Tur\u00edstica","description":"","publisher":{"@id":"https:\/\/realidadturistica.com\/realtur\/#organization"},"potentialAction":[{"@type":"SearchAction","target":{"@type":"EntryPoint","urlTemplate":"https:\/\/realidadturistica.com\/realtur\/?s={search_term_string}"},"query-input":{"@type":"PropertyValueSpecification","valueRequired":true,"valueName":"search_term_string"}}],"inLanguage":"es"},{"@type":"Organization","@id":"https:\/\/realidadturistica.com\/realtur\/#organization","name":"Realidad Tur\u00edstica","alternateName":"Realtur","url":"https:\/\/realidadturistica.com\/realtur\/","logo":{"@type":"ImageObject","inLanguage":"es","@id":"https:\/\/realidadturistica.com\/realtur\/#\/schema\/logo\/image\/","url":"https:\/\/realidadturistica.com\/realtur\/wp-content\/uploads\/2021\/12\/logotipo-realidad-turistica.png","contentUrl":"https:\/\/realidadturistica.com\/realtur\/wp-content\/uploads\/2021\/12\/logotipo-realidad-turistica.png","width":1382,"height":629,"caption":"Realidad Tur\u00edstica"},"image":{"@id":"https:\/\/realidadturistica.com\/realtur\/#\/schema\/logo\/image\/"},"sameAs":["https:\/\/www.facebook.com\/realidadturistica","https:\/\/www.instagram.com\/realidad_turistica\/"]},{"@type":"Person","@id":"https:\/\/realidadturistica.com\/realtur\/#\/schema\/person\/46aa3c967b83697123b0ca020fb35e7c","name":"Manuel Lorenzo","image":{"@type":"ImageObject","inLanguage":"es","@id":"https:\/\/realidadturistica.com\/realtur\/wp-content\/uploads\/2026\/06\/cropped-manuel-lorenzo-avatar-96x96.jpg","url":"https:\/\/realidadturistica.com\/realtur\/wp-content\/uploads\/2026\/06\/cropped-manuel-lorenzo-avatar-96x96.jpg","contentUrl":"https:\/\/realidadturistica.com\/realtur\/wp-content\/uploads\/2026\/06\/cropped-manuel-lorenzo-avatar-96x96.jpg","caption":"Manuel Lorenzo"},"description":"El Mtro. Manuel Lorenzo es un experimentado periodista y editor con s\u00f3lida trayectoria en el an\u00e1lisis y difusi\u00f3n de noticias nacionales e internacionales. Destaca su profundo conocimiento sobre el acontecer centroamericano y caribe\u00f1o, y de manera especial en el sector tur\u00edstico de M\u00e9xico. Licenciado en Derecho y Maestro en Estudios Sobre Estados Unidos de Norteam\u00e9rica por la Universidad de las Am\u00e9ricas, Puebla. Cuenta adem\u00e1s con postgrados en el Instituto Mat\u00edas Romero, centro de capacitaci\u00f3n de diplom\u00e1ticos de la Secretar\u00eda de Relaciones Exteriores de M\u00e9xico. Trabaj\u00f3 durante 10 a\u00f1os como corresponsal en la Gu\u00eda Interamericana de Turismo, la gu\u00eda tur\u00edstica m\u00e1s importante de Centroam\u00e9rica. Posteriormente, durante 20 a\u00f1os se desempe\u00f1\u00f3 como Editor Jefe del Peri\u00f3dico Digital Centroamericano y del Caribe, medio especializado en noticias pol\u00edticas, tur\u00edsticas, econ\u00f3micas y de negocios. Desde hace cinco a\u00f1os es Editor Jefe de Realidad Tur\u00edstica, medio digital mexicano especializado en turismo internacional y en particular de Yucat\u00e1n, destacando destinos y noticias del sureste mexicano.","sameAs":["https:\/\/realidadturistica.com\/realtur\/","profile.php?id=61576165411521"],"url":"https:\/\/realidadturistica.com\/realtur\/author\/editor2\/"}]}},"_links":{"self":[{"href":"https:\/\/realidadturistica.com\/realtur\/wp-json\/wp\/v2\/posts\/12447","targetHints":{"allow":["GET"]}}],"collection":[{"href":"https:\/\/realidadturistica.com\/realtur\/wp-json\/wp\/v2\/posts"}],"about":[{"href":"https:\/\/realidadturistica.com\/realtur\/wp-json\/wp\/v2\/types\/post"}],"author":[{"embeddable":true,"href":"https:\/\/realidadturistica.com\/realtur\/wp-json\/wp\/v2\/users\/2"}],"replies":[{"embeddable":true,"href":"https:\/\/realidadturistica.com\/realtur\/wp-json\/wp\/v2\/comments?post=12447"}],"version-history":[{"count":1,"href":"https:\/\/realidadturistica.com\/realtur\/wp-json\/wp\/v2\/posts\/12447\/revisions"}],"predecessor-version":[{"id":12449,"href":"https:\/\/realidadturistica.com\/realtur\/wp-json\/wp\/v2\/posts\/12447\/revisions\/12449"}],"wp:featuredmedia":[{"embeddable":true,"href":"https:\/\/realidadturistica.com\/realtur\/wp-json\/wp\/v2\/media\/12448"}],"wp:attachment":[{"href":"https:\/\/realidadturistica.com\/realtur\/wp-json\/wp\/v2\/media?parent=12447"}],"wp:term":[{"taxonomy":"category","embeddable":true,"href":"https:\/\/realidadturistica.com\/realtur\/wp-json\/wp\/v2\/categories?post=12447"},{"taxonomy":"post_tag","embeddable":true,"href":"https:\/\/realidadturistica.com\/realtur\/wp-json\/wp\/v2\/tags?post=12447"}],"curies":[{"name":"wp","href":"https:\/\/api.w.org\/{rel}","templated":true}]}}