{"id":12984,"date":"2026-09-03T21:10:16","date_gmt":"2026-09-04T03:10:16","guid":{"rendered":"https:\/\/realidadturistica.com\/realtur\/?p=12984"},"modified":"2026-09-03T21:10:16","modified_gmt":"2026-09-04T03:10:16","slug":"incrementa-yucatan-su-conectividad-internacional-con-relanzamiento-del-vuelo-guatemala-merida","status":"publish","type":"post","link":"https:\/\/realidadturistica.com\/realtur\/incrementa-yucatan-su-conectividad-internacional-con-relanzamiento-del-vuelo-guatemala-merida\/","title":{"rendered":"Incrementa Yucat\u00e1n su conectividad internacional con relanzamiento del vuelo Guatemala-M\u00e9rida"},"content":{"rendered":"\n<p class=\"wp-block-paragraph\">M\u00e9xico. La ruta de TAG Airlines operar\u00e1 del 3 de noviembre de 2026 al 30 de enero de 2027, con tres frecuencias semanales para impulsar el intercambio tur\u00edstico entre Yucat\u00e1n y Guatemala.<\/p>\n\n\n\n<p class=\"wp-block-paragraph\">Yucat\u00e1n fortalecer\u00e1 su conectividad a\u00e9rea internacional con el relanzamiento de la ruta Guatemala-M\u00e9rida de TAG Airlines, una conexi\u00f3n que facilitar\u00e1 el intercambio tur\u00edstico, cultural y comercial entre ambos destinos, adem\u00e1s de ampliar las oportunidades para integrar circuitos del Mundo Maya.<\/p>\n\n\n\n<p class=\"wp-block-paragraph\">La conexi\u00f3n operar\u00e1 en una primera temporada del 3 de noviembre de 2026 al 30 de enero de 2027, con tres frecuencias semanales los martes, jueves y s\u00e1bados, mediante aeronaves ATR 72-500 con capacidad para 72 pasajeros, enlazando M\u00e9rida con Flores y, a trav\u00e9s de esta ruta, con Guatemala.<\/p>\n\n\n\n<figure class=\"wp-block-image size-large is-resized\"><img fetchpriority=\"high\" decoding=\"async\" width=\"1024\" height=\"682\" src=\"https:\/\/realidadturistica.com\/realtur\/wp-content\/uploads\/2026\/09\/Unknown1-1024x682.jpg\" alt=\"\" class=\"wp-image-12986\" style=\"width:1121px;height:auto\" srcset=\"https:\/\/realidadturistica.com\/realtur\/wp-content\/uploads\/2026\/09\/Unknown1-1024x682.jpg 1024w, https:\/\/realidadturistica.com\/realtur\/wp-content\/uploads\/2026\/09\/Unknown1-300x200.jpg 300w, https:\/\/realidadturistica.com\/realtur\/wp-content\/uploads\/2026\/09\/Unknown1-768x512.jpg 768w, https:\/\/realidadturistica.com\/realtur\/wp-content\/uploads\/2026\/09\/Unknown1-1536x1024.jpg 1536w, https:\/\/realidadturistica.com\/realtur\/wp-content\/uploads\/2026\/09\/Unknown1-2048x1365.jpg 2048w, https:\/\/realidadturistica.com\/realtur\/wp-content\/uploads\/2026\/09\/Unknown1-1920x1280.jpg 1920w, https:\/\/realidadturistica.com\/realtur\/wp-content\/uploads\/2026\/09\/Unknown1-1170x780.jpg 1170w, https:\/\/realidadturistica.com\/realtur\/wp-content\/uploads\/2026\/09\/Unknown1-585x390.jpg 585w, https:\/\/realidadturistica.com\/realtur\/wp-content\/uploads\/2026\/09\/Unknown1-263x175.jpg 263w\" sizes=\"(max-width: 1024px) 100vw, 1024px\" \/><\/figure>\n\n\n\n<p class=\"wp-block-paragraph\">Al presentar el relanzamiento de la ruta ante representantes de medios de comunicaci\u00f3n, el titular de la Secretar\u00eda de Fomento Tur\u00edstico (Sefotur), Dar\u00edo Flota Ocampo, indic\u00f3 que esta conexi\u00f3n es resultado del trabajo coordinado entre el Gobierno del Estado, TAG Airlines, autoridades aeroportuarias y el sector hotelero para ampliar las rutas internacionales de Yucat\u00e1n y generar nuevas oportunidades para la actividad tur\u00edstica.<\/p>\n\n\n\n<p class=\"wp-block-paragraph\">Acompa\u00f1ado por el director comercial de TAG Airlines, Francisco Jos\u00e9 Pahul Merino, el director del Aeropuerto Internacional de M\u00e9rida de Grupo Asur, Oscar Carrillo Maldonado y el presidente de la Asociaci\u00f3n Mexicana de Hoteles de Yucat\u00e1n (AMHY), Juan Jos\u00e9 Mart\u00edn Pacheco, Flota Ocampo afirm\u00f3 que la conectividad a\u00e9rea es una herramienta estrat\u00e9gica para el desarrollo tur\u00edstico, ya que permite incrementar la llegada de visitantes y abrir nuevas oportunidades de vinculaci\u00f3n para empresas, destinos y comunidades de Yucat\u00e1n con mercados internacionales.<\/p>\n\n\n\n<p class=\"wp-block-paragraph\">Tambi\u00e9n explic\u00f3 que la recuperaci\u00f3n de esta conexi\u00f3n se concret\u00f3 a partir del trabajo coordinado con aliados del sector y de las alianzas construidas durante el K\u2019\u00ediwik: Feria Tur\u00edstica del Mundo Maya 2026, donde se generaron encuentros comerciales, se identificaron oportunidades y se establecieron acuerdos para impulsar la conectividad regional.<\/p>\n\n\n\n<p class=\"wp-block-paragraph\">De acuerdo con informaci\u00f3n del Sistema de Inteligencia de Mercado Tur\u00edstico de Yucat\u00e1n de Sefotur, Guatemala se encuentra entre los cinco principales pa\u00edses emisores de visitantes internacionales hacia Yucat\u00e1n en Latinoam\u00e9rica; a ello se suma que, de enero a julio de 2026, el Aeropuerto Internacional de M\u00e9rida registr\u00f3 m\u00e1s de dos millones 365 mil pasajeros, 6% m\u00e1s que en el mismo periodo de 2025.<\/p>\n\n\n\n<figure class=\"wp-block-image size-large is-resized\"><img decoding=\"async\" width=\"1024\" height=\"682\" src=\"https:\/\/realidadturistica.com\/realtur\/wp-content\/uploads\/2026\/09\/Unknown2-1024x682.jpg\" alt=\"\" class=\"wp-image-12987\" style=\"width:1114px;height:auto\" srcset=\"https:\/\/realidadturistica.com\/realtur\/wp-content\/uploads\/2026\/09\/Unknown2-1024x682.jpg 1024w, https:\/\/realidadturistica.com\/realtur\/wp-content\/uploads\/2026\/09\/Unknown2-300x200.jpg 300w, https:\/\/realidadturistica.com\/realtur\/wp-content\/uploads\/2026\/09\/Unknown2-768x512.jpg 768w, https:\/\/realidadturistica.com\/realtur\/wp-content\/uploads\/2026\/09\/Unknown2-1536x1024.jpg 1536w, https:\/\/realidadturistica.com\/realtur\/wp-content\/uploads\/2026\/09\/Unknown2-2048x1365.jpg 2048w, https:\/\/realidadturistica.com\/realtur\/wp-content\/uploads\/2026\/09\/Unknown2-1920x1280.jpg 1920w, https:\/\/realidadturistica.com\/realtur\/wp-content\/uploads\/2026\/09\/Unknown2-1170x780.jpg 1170w, https:\/\/realidadturistica.com\/realtur\/wp-content\/uploads\/2026\/09\/Unknown2-585x390.jpg 585w, https:\/\/realidadturistica.com\/realtur\/wp-content\/uploads\/2026\/09\/Unknown2-263x175.jpg 263w\" sizes=\"(max-width: 1024px) 100vw, 1024px\" \/><\/figure>\n\n\n\n<p class=\"wp-block-paragraph\">\u201cPara TAG Airlines, el relanzamiento de la ruta M\u00e9rida-Flores, Guatemala, representa un paso estrat\u00e9gico clave en nuestra consolidaci\u00f3n como la aerol\u00ednea del Mundo Maya. Esta nueva conexi\u00f3n nos permitir\u00e1 impulsar de forma directa la creaci\u00f3n de circuitos tur\u00edsticos multidestino que integren destinos de ambos pa\u00edses\u201d, se\u00f1al\u00f3 el director comercial de TAG Airlines, Francisco Jos\u00e9 Pahul Merino.<\/p>\n\n\n\n<p class=\"wp-block-paragraph\">La nueva conexi\u00f3n permitir\u00e1 que las y los viajeros integren experiencias como M\u00e9rida, Chich\u00e9n Itz\u00e1, los Pueblos M\u00e1gicos y las comunidades yucatecas, junto con Flores, Tikal y otros atractivos de Guatemala, bajo una visi\u00f3n del Mundo Maya como una regi\u00f3n integrada, diversa y viva.<\/p>\n\n\n\n<p class=\"wp-block-paragraph\">Sefotur<\/p>\n","protected":false},"excerpt":{"rendered":"<p>La ruta de TAG Airlines operar\u00e1 del 3 de noviembre de 2026 al 30 de enero de 2027, con tres frecuencias semanales para impulsar el intercambio tur\u00edstico entre Yucat\u00e1n y Guatemala.<\/p>\n","protected":false},"author":2,"featured_media":12985,"comment_status":"open","ping_status":"closed","sticky":false,"template":"","format":"standard","meta":{"_lmt_disableupdate":"","_lmt_disable":"","footnotes":""},"categories":[6],"tags":[],"class_list":["post-12984","post","type-post","status-publish","format-standard","has-post-thumbnail","hentry","category-turismo"],"yoast_head":"<!-- This site is optimized with the Yoast SEO plugin v28.4 - https:\/\/yoast.com\/product\/yoast-seo-wordpress\/ -->\n<title>Incrementa Yucat\u00e1n su conectividad internacional con relanzamiento del vuelo Guatemala-M\u00e9rida - Realidad Tur\u00edstica<\/title>\n<meta name=\"description\" content=\"La ruta de TAG Airlines operar\u00e1 del 3 de noviembre de 2026 al 30 de enero de 2027, con tres frecuencias semanales para impulsar el intercambio tur\u00edstico entre Yucat\u00e1n y Guatemala.\" \/>\n<meta name=\"robots\" content=\"index, follow, max-snippet:-1, max-image-preview:large, max-video-preview:-1\" \/>\n<link rel=\"canonical\" href=\"https:\/\/realidadturistica.com\/realtur\/incrementa-yucatan-su-conectividad-internacional-con-relanzamiento-del-vuelo-guatemala-merida\/\" \/>\n<meta property=\"og:locale\" content=\"es_ES\" \/>\n<meta property=\"og:type\" content=\"article\" \/>\n<meta property=\"og:title\" content=\"Incrementa Yucat\u00e1n su conectividad internacional con relanzamiento del vuelo Guatemala-M\u00e9rida - Realidad Tur\u00edstica\" \/>\n<meta property=\"og:description\" content=\"La ruta de TAG Airlines operar\u00e1 del 3 de noviembre de 2026 al 30 de enero de 2027, con tres frecuencias semanales para impulsar el intercambio tur\u00edstico entre Yucat\u00e1n y Guatemala.\" \/>\n<meta property=\"og:url\" content=\"https:\/\/realidadturistica.com\/realtur\/incrementa-yucatan-su-conectividad-internacional-con-relanzamiento-del-vuelo-guatemala-merida\/\" \/>\n<meta property=\"og:site_name\" content=\"Realidad Tur\u00edstica\" \/>\n<meta property=\"article:publisher\" content=\"https:\/\/www.facebook.com\/realidadturistica\" \/>\n<meta property=\"article:author\" content=\"profile.php?id=61576165411521\" \/>\n<meta property=\"article:published_time\" content=\"2026-09-04T03:10:16+00:00\" \/>\n<meta property=\"og:image\" content=\"https:\/\/realidadturistica.com\/realtur\/wp-content\/uploads\/2026\/09\/Unknown1.jpg\" \/>\n\t<meta property=\"og:image:width\" content=\"2560\" \/>\n\t<meta property=\"og:image:height\" content=\"1706\" \/>\n\t<meta property=\"og:image:type\" content=\"image\/jpeg\" \/>\n<meta name=\"author\" content=\"Manuel Lorenzo\" \/>\n<meta name=\"twitter:card\" content=\"summary_large_image\" \/>\n<meta name=\"twitter:label1\" content=\"Escrito por\" \/>\n\t<meta name=\"twitter:data1\" content=\"Manuel Lorenzo\" \/>\n\t<meta name=\"twitter:label2\" content=\"Tiempo de lectura\" \/>\n\t<meta name=\"twitter:data2\" content=\"3 minutos\" \/>\n<script type=\"application\/ld+json\" class=\"yoast-schema-graph\">{\"@context\":\"https:\\\/\\\/schema.org\",\"@graph\":[{\"@type\":\"NewsArticle\",\"@id\":\"https:\\\/\\\/realidadturistica.com\\\/realtur\\\/incrementa-yucatan-su-conectividad-internacional-con-relanzamiento-del-vuelo-guatemala-merida\\\/#article\",\"isPartOf\":{\"@id\":\"https:\\\/\\\/realidadturistica.com\\\/realtur\\\/incrementa-yucatan-su-conectividad-internacional-con-relanzamiento-del-vuelo-guatemala-merida\\\/\"},\"author\":{\"name\":\"Manuel Lorenzo\",\"@id\":\"https:\\\/\\\/realidadturistica.com\\\/realtur\\\/#\\\/schema\\\/person\\\/46aa3c967b83697123b0ca020fb35e7c\"},\"headline\":\"Incrementa Yucat\u00e1n su conectividad internacional con relanzamiento del vuelo Guatemala-M\u00e9rida\",\"datePublished\":\"2026-09-04T03:10:16+00:00\",\"mainEntityOfPage\":{\"@id\":\"https:\\\/\\\/realidadturistica.com\\\/realtur\\\/incrementa-yucatan-su-conectividad-internacional-con-relanzamiento-del-vuelo-guatemala-merida\\\/\"},\"wordCount\":535,\"commentCount\":0,\"publisher\":{\"@id\":\"https:\\\/\\\/realidadturistica.com\\\/realtur\\\/#organization\"},\"image\":{\"@id\":\"https:\\\/\\\/realidadturistica.com\\\/realtur\\\/incrementa-yucatan-su-conectividad-internacional-con-relanzamiento-del-vuelo-guatemala-merida\\\/#primaryimage\"},\"thumbnailUrl\":\"https:\\\/\\\/realidadturistica.com\\\/realtur\\\/wp-content\\\/uploads\\\/2026\\\/09\\\/Unknown.jpg\",\"articleSection\":[\"Turismo\"],\"inLanguage\":\"es\",\"potentialAction\":[{\"@type\":\"CommentAction\",\"name\":\"Comment\",\"target\":[\"https:\\\/\\\/realidadturistica.com\\\/realtur\\\/incrementa-yucatan-su-conectividad-internacional-con-relanzamiento-del-vuelo-guatemala-merida\\\/#respond\"]}]},{\"@type\":\"WebPage\",\"@id\":\"https:\\\/\\\/realidadturistica.com\\\/realtur\\\/incrementa-yucatan-su-conectividad-internacional-con-relanzamiento-del-vuelo-guatemala-merida\\\/\",\"url\":\"https:\\\/\\\/realidadturistica.com\\\/realtur\\\/incrementa-yucatan-su-conectividad-internacional-con-relanzamiento-del-vuelo-guatemala-merida\\\/\",\"name\":\"Incrementa Yucat\u00e1n su conectividad internacional con relanzamiento del vuelo Guatemala-M\u00e9rida - Realidad Tur\u00edstica\",\"isPartOf\":{\"@id\":\"https:\\\/\\\/realidadturistica.com\\\/realtur\\\/#website\"},\"primaryImageOfPage\":{\"@id\":\"https:\\\/\\\/realidadturistica.com\\\/realtur\\\/incrementa-yucatan-su-conectividad-internacional-con-relanzamiento-del-vuelo-guatemala-merida\\\/#primaryimage\"},\"image\":{\"@id\":\"https:\\\/\\\/realidadturistica.com\\\/realtur\\\/incrementa-yucatan-su-conectividad-internacional-con-relanzamiento-del-vuelo-guatemala-merida\\\/#primaryimage\"},\"thumbnailUrl\":\"https:\\\/\\\/realidadturistica.com\\\/realtur\\\/wp-content\\\/uploads\\\/2026\\\/09\\\/Unknown.jpg\",\"datePublished\":\"2026-09-04T03:10:16+00:00\",\"description\":\"La ruta de TAG Airlines operar\u00e1 del 3 de noviembre de 2026 al 30 de enero de 2027, con tres frecuencias semanales para impulsar el intercambio tur\u00edstico entre Yucat\u00e1n y Guatemala.\",\"breadcrumb\":{\"@id\":\"https:\\\/\\\/realidadturistica.com\\\/realtur\\\/incrementa-yucatan-su-conectividad-internacional-con-relanzamiento-del-vuelo-guatemala-merida\\\/#breadcrumb\"},\"inLanguage\":\"es\",\"potentialAction\":[{\"@type\":\"ReadAction\",\"target\":[\"https:\\\/\\\/realidadturistica.com\\\/realtur\\\/incrementa-yucatan-su-conectividad-internacional-con-relanzamiento-del-vuelo-guatemala-merida\\\/\"]}]},{\"@type\":\"ImageObject\",\"inLanguage\":\"es\",\"@id\":\"https:\\\/\\\/realidadturistica.com\\\/realtur\\\/incrementa-yucatan-su-conectividad-internacional-con-relanzamiento-del-vuelo-guatemala-merida\\\/#primaryimage\",\"url\":\"https:\\\/\\\/realidadturistica.com\\\/realtur\\\/wp-content\\\/uploads\\\/2026\\\/09\\\/Unknown.jpg\",\"contentUrl\":\"https:\\\/\\\/realidadturistica.com\\\/realtur\\\/wp-content\\\/uploads\\\/2026\\\/09\\\/Unknown.jpg\",\"width\":2560,\"height\":1706},{\"@type\":\"BreadcrumbList\",\"@id\":\"https:\\\/\\\/realidadturistica.com\\\/realtur\\\/incrementa-yucatan-su-conectividad-internacional-con-relanzamiento-del-vuelo-guatemala-merida\\\/#breadcrumb\",\"itemListElement\":[{\"@type\":\"ListItem\",\"position\":1,\"name\":\"Portada\",\"item\":\"https:\\\/\\\/realidadturistica.com\\\/realtur\\\/\"},{\"@type\":\"ListItem\",\"position\":2,\"name\":\"Incrementa Yucat\u00e1n su conectividad internacional con relanzamiento del vuelo Guatemala-M\u00e9rida\"}]},{\"@type\":\"WebSite\",\"@id\":\"https:\\\/\\\/realidadturistica.com\\\/realtur\\\/#website\",\"url\":\"https:\\\/\\\/realidadturistica.com\\\/realtur\\\/\",\"name\":\"Realidad Tur\u00edstica\",\"description\":\"\",\"publisher\":{\"@id\":\"https:\\\/\\\/realidadturistica.com\\\/realtur\\\/#organization\"},\"potentialAction\":[{\"@type\":\"SearchAction\",\"target\":{\"@type\":\"EntryPoint\",\"urlTemplate\":\"https:\\\/\\\/realidadturistica.com\\\/realtur\\\/?s={search_term_string}\"},\"query-input\":{\"@type\":\"PropertyValueSpecification\",\"valueRequired\":true,\"valueName\":\"search_term_string\"}}],\"inLanguage\":\"es\"},{\"@type\":\"Organization\",\"@id\":\"https:\\\/\\\/realidadturistica.com\\\/realtur\\\/#organization\",\"name\":\"Realidad Tur\u00edstica\",\"alternateName\":\"Realtur\",\"url\":\"https:\\\/\\\/realidadturistica.com\\\/realtur\\\/\",\"logo\":{\"@type\":\"ImageObject\",\"inLanguage\":\"es\",\"@id\":\"https:\\\/\\\/realidadturistica.com\\\/realtur\\\/#\\\/schema\\\/logo\\\/image\\\/\",\"url\":\"https:\\\/\\\/realidadturistica.com\\\/realtur\\\/wp-content\\\/uploads\\\/2021\\\/12\\\/logotipo-realidad-turistica.png\",\"contentUrl\":\"https:\\\/\\\/realidadturistica.com\\\/realtur\\\/wp-content\\\/uploads\\\/2021\\\/12\\\/logotipo-realidad-turistica.png\",\"width\":1382,\"height\":629,\"caption\":\"Realidad Tur\u00edstica\"},\"image\":{\"@id\":\"https:\\\/\\\/realidadturistica.com\\\/realtur\\\/#\\\/schema\\\/logo\\\/image\\\/\"},\"sameAs\":[\"https:\\\/\\\/www.facebook.com\\\/realidadturistica\",\"https:\\\/\\\/www.instagram.com\\\/realidad_turistica\\\/\"]},{\"@type\":\"Person\",\"@id\":\"https:\\\/\\\/realidadturistica.com\\\/realtur\\\/#\\\/schema\\\/person\\\/46aa3c967b83697123b0ca020fb35e7c\",\"name\":\"Manuel Lorenzo\",\"image\":{\"@type\":\"ImageObject\",\"inLanguage\":\"es\",\"@id\":\"https:\\\/\\\/realidadturistica.com\\\/realtur\\\/wp-content\\\/uploads\\\/2026\\\/06\\\/cropped-manuel-lorenzo-avatar-96x96.jpg\",\"url\":\"https:\\\/\\\/realidadturistica.com\\\/realtur\\\/wp-content\\\/uploads\\\/2026\\\/06\\\/cropped-manuel-lorenzo-avatar-96x96.jpg\",\"contentUrl\":\"https:\\\/\\\/realidadturistica.com\\\/realtur\\\/wp-content\\\/uploads\\\/2026\\\/06\\\/cropped-manuel-lorenzo-avatar-96x96.jpg\",\"caption\":\"Manuel Lorenzo\"},\"description\":\"El Mtro. Manuel Lorenzo es un experimentado periodista y editor con s\u00f3lida trayectoria en el an\u00e1lisis y difusi\u00f3n de noticias nacionales e internacionales. Destaca su profundo conocimiento sobre el acontecer centroamericano y caribe\u00f1o, y de manera especial en el sector tur\u00edstico de M\u00e9xico. Licenciado en Derecho y Maestro en Estudios Sobre Estados Unidos de Norteam\u00e9rica por la Universidad de las Am\u00e9ricas, Puebla. Cuenta adem\u00e1s con postgrados en el Instituto Mat\u00edas Romero, centro de capacitaci\u00f3n de diplom\u00e1ticos de la Secretar\u00eda de Relaciones Exteriores de M\u00e9xico. Trabaj\u00f3 durante 10 a\u00f1os como corresponsal en la Gu\u00eda Interamericana de Turismo, la gu\u00eda tur\u00edstica m\u00e1s importante de Centroam\u00e9rica. Posteriormente, durante 20 a\u00f1os se desempe\u00f1\u00f3 como Editor Jefe del Peri\u00f3dico Digital Centroamericano y del Caribe, medio especializado en noticias pol\u00edticas, tur\u00edsticas, econ\u00f3micas y de negocios. Desde hace cinco a\u00f1os es Editor Jefe de Realidad Tur\u00edstica, medio digital mexicano especializado en turismo internacional y en particular de Yucat\u00e1n, destacando destinos y noticias del sureste mexicano.\",\"sameAs\":[\"https:\\\/\\\/realidadturistica.com\\\/realtur\\\/\",\"profile.php?id=61576165411521\"],\"url\":\"https:\\\/\\\/realidadturistica.com\\\/realtur\\\/author\\\/editor2\\\/\"}]}<\/script>\n<!-- \/ Yoast SEO plugin. -->","yoast_head_json":{"title":"Incrementa Yucat\u00e1n su conectividad internacional con relanzamiento del vuelo Guatemala-M\u00e9rida - Realidad Tur\u00edstica","description":"La ruta de TAG Airlines operar\u00e1 del 3 de noviembre de 2026 al 30 de enero de 2027, con tres frecuencias semanales para impulsar el intercambio tur\u00edstico entre Yucat\u00e1n y Guatemala.","robots":{"index":"index","follow":"follow","max-snippet":"max-snippet:-1","max-image-preview":"max-image-preview:large","max-video-preview":"max-video-preview:-1"},"canonical":"https:\/\/realidadturistica.com\/realtur\/incrementa-yucatan-su-conectividad-internacional-con-relanzamiento-del-vuelo-guatemala-merida\/","og_locale":"es_ES","og_type":"article","og_title":"Incrementa Yucat\u00e1n su conectividad internacional con relanzamiento del vuelo Guatemala-M\u00e9rida - Realidad Tur\u00edstica","og_description":"La ruta de TAG Airlines operar\u00e1 del 3 de noviembre de 2026 al 30 de enero de 2027, con tres frecuencias semanales para impulsar el intercambio tur\u00edstico entre Yucat\u00e1n y Guatemala.","og_url":"https:\/\/realidadturistica.com\/realtur\/incrementa-yucatan-su-conectividad-internacional-con-relanzamiento-del-vuelo-guatemala-merida\/","og_site_name":"Realidad Tur\u00edstica","article_publisher":"https:\/\/www.facebook.com\/realidadturistica","article_author":"profile.php?id=61576165411521","article_published_time":"2026-09-04T03:10:16+00:00","og_image":[{"width":2560,"height":1706,"url":"https:\/\/realidadturistica.com\/realtur\/wp-content\/uploads\/2026\/09\/Unknown1.jpg","type":"image\/jpeg"}],"author":"Manuel Lorenzo","twitter_card":"summary_large_image","twitter_misc":{"Escrito por":"Manuel Lorenzo","Tiempo de lectura":"3 minutos"},"schema":{"@context":"https:\/\/schema.org","@graph":[{"@type":"NewsArticle","@id":"https:\/\/realidadturistica.com\/realtur\/incrementa-yucatan-su-conectividad-internacional-con-relanzamiento-del-vuelo-guatemala-merida\/#article","isPartOf":{"@id":"https:\/\/realidadturistica.com\/realtur\/incrementa-yucatan-su-conectividad-internacional-con-relanzamiento-del-vuelo-guatemala-merida\/"},"author":{"name":"Manuel Lorenzo","@id":"https:\/\/realidadturistica.com\/realtur\/#\/schema\/person\/46aa3c967b83697123b0ca020fb35e7c"},"headline":"Incrementa Yucat\u00e1n su conectividad internacional con relanzamiento del vuelo Guatemala-M\u00e9rida","datePublished":"2026-09-04T03:10:16+00:00","mainEntityOfPage":{"@id":"https:\/\/realidadturistica.com\/realtur\/incrementa-yucatan-su-conectividad-internacional-con-relanzamiento-del-vuelo-guatemala-merida\/"},"wordCount":535,"commentCount":0,"publisher":{"@id":"https:\/\/realidadturistica.com\/realtur\/#organization"},"image":{"@id":"https:\/\/realidadturistica.com\/realtur\/incrementa-yucatan-su-conectividad-internacional-con-relanzamiento-del-vuelo-guatemala-merida\/#primaryimage"},"thumbnailUrl":"https:\/\/realidadturistica.com\/realtur\/wp-content\/uploads\/2026\/09\/Unknown.jpg","articleSection":["Turismo"],"inLanguage":"es","potentialAction":[{"@type":"CommentAction","name":"Comment","target":["https:\/\/realidadturistica.com\/realtur\/incrementa-yucatan-su-conectividad-internacional-con-relanzamiento-del-vuelo-guatemala-merida\/#respond"]}]},{"@type":"WebPage","@id":"https:\/\/realidadturistica.com\/realtur\/incrementa-yucatan-su-conectividad-internacional-con-relanzamiento-del-vuelo-guatemala-merida\/","url":"https:\/\/realidadturistica.com\/realtur\/incrementa-yucatan-su-conectividad-internacional-con-relanzamiento-del-vuelo-guatemala-merida\/","name":"Incrementa Yucat\u00e1n su conectividad internacional con relanzamiento del vuelo Guatemala-M\u00e9rida - Realidad Tur\u00edstica","isPartOf":{"@id":"https:\/\/realidadturistica.com\/realtur\/#website"},"primaryImageOfPage":{"@id":"https:\/\/realidadturistica.com\/realtur\/incrementa-yucatan-su-conectividad-internacional-con-relanzamiento-del-vuelo-guatemala-merida\/#primaryimage"},"image":{"@id":"https:\/\/realidadturistica.com\/realtur\/incrementa-yucatan-su-conectividad-internacional-con-relanzamiento-del-vuelo-guatemala-merida\/#primaryimage"},"thumbnailUrl":"https:\/\/realidadturistica.com\/realtur\/wp-content\/uploads\/2026\/09\/Unknown.jpg","datePublished":"2026-09-04T03:10:16+00:00","description":"La ruta de TAG Airlines operar\u00e1 del 3 de noviembre de 2026 al 30 de enero de 2027, con tres frecuencias semanales para impulsar el intercambio tur\u00edstico entre Yucat\u00e1n y Guatemala.","breadcrumb":{"@id":"https:\/\/realidadturistica.com\/realtur\/incrementa-yucatan-su-conectividad-internacional-con-relanzamiento-del-vuelo-guatemala-merida\/#breadcrumb"},"inLanguage":"es","potentialAction":[{"@type":"ReadAction","target":["https:\/\/realidadturistica.com\/realtur\/incrementa-yucatan-su-conectividad-internacional-con-relanzamiento-del-vuelo-guatemala-merida\/"]}]},{"@type":"ImageObject","inLanguage":"es","@id":"https:\/\/realidadturistica.com\/realtur\/incrementa-yucatan-su-conectividad-internacional-con-relanzamiento-del-vuelo-guatemala-merida\/#primaryimage","url":"https:\/\/realidadturistica.com\/realtur\/wp-content\/uploads\/2026\/09\/Unknown.jpg","contentUrl":"https:\/\/realidadturistica.com\/realtur\/wp-content\/uploads\/2026\/09\/Unknown.jpg","width":2560,"height":1706},{"@type":"BreadcrumbList","@id":"https:\/\/realidadturistica.com\/realtur\/incrementa-yucatan-su-conectividad-internacional-con-relanzamiento-del-vuelo-guatemala-merida\/#breadcrumb","itemListElement":[{"@type":"ListItem","position":1,"name":"Portada","item":"https:\/\/realidadturistica.com\/realtur\/"},{"@type":"ListItem","position":2,"name":"Incrementa Yucat\u00e1n su conectividad internacional con relanzamiento del vuelo Guatemala-M\u00e9rida"}]},{"@type":"WebSite","@id":"https:\/\/realidadturistica.com\/realtur\/#website","url":"https:\/\/realidadturistica.com\/realtur\/","name":"Realidad Tur\u00edstica","description":"","publisher":{"@id":"https:\/\/realidadturistica.com\/realtur\/#organization"},"potentialAction":[{"@type":"SearchAction","target":{"@type":"EntryPoint","urlTemplate":"https:\/\/realidadturistica.com\/realtur\/?s={search_term_string}"},"query-input":{"@type":"PropertyValueSpecification","valueRequired":true,"valueName":"search_term_string"}}],"inLanguage":"es"},{"@type":"Organization","@id":"https:\/\/realidadturistica.com\/realtur\/#organization","name":"Realidad Tur\u00edstica","alternateName":"Realtur","url":"https:\/\/realidadturistica.com\/realtur\/","logo":{"@type":"ImageObject","inLanguage":"es","@id":"https:\/\/realidadturistica.com\/realtur\/#\/schema\/logo\/image\/","url":"https:\/\/realidadturistica.com\/realtur\/wp-content\/uploads\/2021\/12\/logotipo-realidad-turistica.png","contentUrl":"https:\/\/realidadturistica.com\/realtur\/wp-content\/uploads\/2021\/12\/logotipo-realidad-turistica.png","width":1382,"height":629,"caption":"Realidad Tur\u00edstica"},"image":{"@id":"https:\/\/realidadturistica.com\/realtur\/#\/schema\/logo\/image\/"},"sameAs":["https:\/\/www.facebook.com\/realidadturistica","https:\/\/www.instagram.com\/realidad_turistica\/"]},{"@type":"Person","@id":"https:\/\/realidadturistica.com\/realtur\/#\/schema\/person\/46aa3c967b83697123b0ca020fb35e7c","name":"Manuel Lorenzo","image":{"@type":"ImageObject","inLanguage":"es","@id":"https:\/\/realidadturistica.com\/realtur\/wp-content\/uploads\/2026\/06\/cropped-manuel-lorenzo-avatar-96x96.jpg","url":"https:\/\/realidadturistica.com\/realtur\/wp-content\/uploads\/2026\/06\/cropped-manuel-lorenzo-avatar-96x96.jpg","contentUrl":"https:\/\/realidadturistica.com\/realtur\/wp-content\/uploads\/2026\/06\/cropped-manuel-lorenzo-avatar-96x96.jpg","caption":"Manuel Lorenzo"},"description":"El Mtro. Manuel Lorenzo es un experimentado periodista y editor con s\u00f3lida trayectoria en el an\u00e1lisis y difusi\u00f3n de noticias nacionales e internacionales. Destaca su profundo conocimiento sobre el acontecer centroamericano y caribe\u00f1o, y de manera especial en el sector tur\u00edstico de M\u00e9xico. Licenciado en Derecho y Maestro en Estudios Sobre Estados Unidos de Norteam\u00e9rica por la Universidad de las Am\u00e9ricas, Puebla. Cuenta adem\u00e1s con postgrados en el Instituto Mat\u00edas Romero, centro de capacitaci\u00f3n de diplom\u00e1ticos de la Secretar\u00eda de Relaciones Exteriores de M\u00e9xico. Trabaj\u00f3 durante 10 a\u00f1os como corresponsal en la Gu\u00eda Interamericana de Turismo, la gu\u00eda tur\u00edstica m\u00e1s importante de Centroam\u00e9rica. Posteriormente, durante 20 a\u00f1os se desempe\u00f1\u00f3 como Editor Jefe del Peri\u00f3dico Digital Centroamericano y del Caribe, medio especializado en noticias pol\u00edticas, tur\u00edsticas, econ\u00f3micas y de negocios. Desde hace cinco a\u00f1os es Editor Jefe de Realidad Tur\u00edstica, medio digital mexicano especializado en turismo internacional y en particular de Yucat\u00e1n, destacando destinos y noticias del sureste mexicano.","sameAs":["https:\/\/realidadturistica.com\/realtur\/","profile.php?id=61576165411521"],"url":"https:\/\/realidadturistica.com\/realtur\/author\/editor2\/"}]}},"_links":{"self":[{"href":"https:\/\/realidadturistica.com\/realtur\/wp-json\/wp\/v2\/posts\/12984","targetHints":{"allow":["GET"]}}],"collection":[{"href":"https:\/\/realidadturistica.com\/realtur\/wp-json\/wp\/v2\/posts"}],"about":[{"href":"https:\/\/realidadturistica.com\/realtur\/wp-json\/wp\/v2\/types\/post"}],"author":[{"embeddable":true,"href":"https:\/\/realidadturistica.com\/realtur\/wp-json\/wp\/v2\/users\/2"}],"replies":[{"embeddable":true,"href":"https:\/\/realidadturistica.com\/realtur\/wp-json\/wp\/v2\/comments?post=12984"}],"version-history":[{"count":1,"href":"https:\/\/realidadturistica.com\/realtur\/wp-json\/wp\/v2\/posts\/12984\/revisions"}],"predecessor-version":[{"id":12988,"href":"https:\/\/realidadturistica.com\/realtur\/wp-json\/wp\/v2\/posts\/12984\/revisions\/12988"}],"wp:featuredmedia":[{"embeddable":true,"href":"https:\/\/realidadturistica.com\/realtur\/wp-json\/wp\/v2\/media\/12985"}],"wp:attachment":[{"href":"https:\/\/realidadturistica.com\/realtur\/wp-json\/wp\/v2\/media?parent=12984"}],"wp:term":[{"taxonomy":"category","embeddable":true,"href":"https:\/\/realidadturistica.com\/realtur\/wp-json\/wp\/v2\/categories?post=12984"},{"taxonomy":"post_tag","embeddable":true,"href":"https:\/\/realidadturistica.com\/realtur\/wp-json\/wp\/v2\/tags?post=12984"}],"curies":[{"name":"wp","href":"https:\/\/api.w.org\/{rel}","templated":true}]}}