{"id":2584,"date":"2022-05-26T23:32:49","date_gmt":"2022-05-26T23:32:49","guid":{"rendered":"https:\/\/realidadturistica.com\/realtur\/?p=2584"},"modified":"2022-05-26T23:32:49","modified_gmt":"2022-05-26T23:32:49","slug":"convocan-primera-feria-internacional-de-turismo-medico-y-de-bienestar","status":"publish","type":"post","link":"https:\/\/realidadturistica.com\/realtur\/convocan-primera-feria-internacional-de-turismo-medico-y-de-bienestar\/","title":{"rendered":"Convocan Primera Feria Internacional de Turismo M\u00e9dico y de Bienestar"},"content":{"rendered":"\n<p>Cuba. Auspiciado por el Ministerio de Salud P\u00fablica de Cuba y la Comercializadora de Servicios M\u00e9dicos Cubanos S.A. se realiz\u00f3 en el Hotel Nacional de Cuba la convocatoria para la Primera Feria Internacional de Turismo M\u00e9dico y de Bienestar, que se llevar\u00e1 a cabo del 19 al 23 de octubre del 2022 en el recinto ferial de Pabexpo en La Habana.<\/p>\n\n\n\n<p>Este importante evento, el primero de su tipo en Cuba, se desarrollar\u00e1 en el marco de la XV Feria Salud para Todos, donde se exponen los principales logros de la medicina cubana.<\/p>\n\n\n\n<p>La 1ra Feria Internacional de Turismo M\u00e9dico y de Bienestar tiene como objetivo exponer las experiencias y avances del turismo de salud en Cuba dirigido al mercado internacional con vistas a potenciar su desarrollo.<\/p>\n\n\n\n<p>En este contexto se desarrollar\u00e1 tambi\u00e9n el 1er Seminario Internacional de Turismo M\u00e9dico y de Bienestar, donde especialistas y personal profesional intercambiar\u00e1n sobre el desarrollo del turismo de salud a nivel nacional e internacional, abordando temas como los modelos de comercializaci\u00f3n del turismo m\u00e9dico, las tendencias de desarrollo del turismo de bienestar, servicios postpandemia Covid-19, innovaciones, termalismo, modelos de gesti\u00f3n y turismo de salud inclusivo y sostenible, entre otros.<\/p>\n\n\n\n<figure class=\"wp-block-image size-large\"><img fetchpriority=\"high\" decoding=\"async\" width=\"1024\" height=\"450\" src=\"https:\/\/realidadturistica.com\/realtur\/wp-content\/uploads\/2022\/05\/20220520_093134-1200x527-1-1024x450.jpg\" alt=\"\" class=\"wp-image-2586\" srcset=\"https:\/\/realidadturistica.com\/realtur\/wp-content\/uploads\/2022\/05\/20220520_093134-1200x527-1-1024x450.jpg 1024w, https:\/\/realidadturistica.com\/realtur\/wp-content\/uploads\/2022\/05\/20220520_093134-1200x527-1-300x132.jpg 300w, https:\/\/realidadturistica.com\/realtur\/wp-content\/uploads\/2022\/05\/20220520_093134-1200x527-1-768x337.jpg 768w, https:\/\/realidadturistica.com\/realtur\/wp-content\/uploads\/2022\/05\/20220520_093134-1200x527-1.jpg 1200w\" sizes=\"(max-width: 1024px) 100vw, 1024px\" \/><\/figure>\n\n\n\n<p>Un espacio importante ser\u00e1 el 2do Foro Internacional de Inversi\u00f3n Extranjera en el sector de la salud, escenario propicio para presentar la cartera de oportunidades dirigida a busca la inversi\u00f3n for\u00e1nea en determinados servicios o especialidades donde Cuba tiene una importante experiencia y se requiere de su desarrollo. Se ofrecer\u00e1 una explicaci\u00f3n sobre las normas jur\u00eddicas asociadas a la inversi\u00f3n extranjera en Cuba y se llevar\u00e1 a cabo una ronda de negocios.<\/p>\n\n\n\n<p>La Dra. Yamila de Armas \u00c1guila, presidenta de la Comercializadora de Servicios M\u00e9dicos Cubanos expres\u00f3 las condiciones que tiene Cuba para el desarrollo de un turismo seguro y ofrecer una atenci\u00f3n m\u00e9dica con todas las condiciones necesarias. Reconoci\u00f3 el trabajo que durante a\u00f1os han desarrollado varias instituciones m\u00e9dicas en el desarrollo del turismo de salud, y que gracias a su trabajo el pa\u00eds cuenta con una importante red de servicios de este tipo.<\/p>\n\n\n\n<p>Gracias al trabajo de cient\u00edficos cubanos la medicina cubana expone una serie de programas de primer nivel que permiten mejorar la calidad de vida de los pacientes. Destacan las vacunas contra el c\u00e1ncer, las vacunas contra la Covid-19, terapias inmunol\u00f3gicas para el c\u00e1ncer de pulm\u00f3n, cabeza y cuello, tratamientos inmunol\u00f3gicos para el c\u00e1ncer de piel, tratamientos para las heridas y \u00falcera de dif\u00edcil cicatrizaci\u00f3n, terapias para el vit\u00edligo y soriasis, por solo citar algunos.<\/p>\n\n\n\n<p>La 1era Feria Internacional de Turismo M\u00e9dico y de Bienestar est\u00e1 dirigida a profesionales del sector de la salud y el turismo, instituciones m\u00e9dicas, hospitales y cl\u00ednicas, aseguradoras, agencias de viajes, proveedores de tecnolog\u00eda m\u00e9dica, transportistas y todos aquellos vinculados al turismo de salud.<\/p>\n\n\n\n<p>Estuvieron presentes en el lanzamiento el Lic. Antonio Carricarte, presidente de la C\u00e1mara de Comercio de la Rep\u00fablica de Cuba, el Lic. Luis Fernando Navarro, viceministro de Salud P\u00fablica, el Dr. Armando Garrido, presidente de MediCuba, la Dra. Yamila de Armas \u00c1guila, presidenta de la Comercializadora de Servicios M\u00e9dicos Cubanos, la Dra. Ileana Morales, directora de Ciencia e Innovaci\u00f3n del Ministerio de Salud P\u00fablica y Mar\u00eda del Carmen Orellana, viceministra de Turismo. Tambi\u00e9n se encontraban presentes una representaci\u00f3n de m\u00e9dicos y especialistas de las principales cl\u00ednicas internacionales del pa\u00eds, pioneras en el desarrollo del turismo de salud.<\/p>\n\n\n\n<p>Fuente: Realidad Tur\u00edstica.<\/p>\n","protected":false},"excerpt":{"rendered":"<p>Cuba. Auspiciado por el Ministerio de Salud P\u00fablica de Cuba y la Comercializadora de Servicios M\u00e9dicos Cubanos S.A. se realiz\u00f3 en el Hotel Nacional de&hellip;<\/p>\n","protected":false},"author":2,"featured_media":2585,"comment_status":"open","ping_status":"closed","sticky":false,"template":"","format":"standard","meta":{"content-type":"","_lmt_disableupdate":"","_lmt_disable":"","footnotes":""},"categories":[7],"tags":[],"class_list":["post-2584","post","type-post","status-publish","format-standard","has-post-thumbnail","hentry","category-turismo-salud"],"yoast_head":"<!-- This site is optimized with the Yoast SEO Premium plugin v27.4 (Yoast SEO v27.4) - https:\/\/yoast.com\/product\/yoast-seo-premium-wordpress\/ -->\n<title>Convocan Primera Feria Internacional de Turismo M\u00e9dico y de Bienestar - Realidad Tur\u00edstica<\/title>\n<meta name=\"robots\" content=\"index, follow, max-snippet:-1, max-image-preview:large, max-video-preview:-1\" \/>\n<link rel=\"canonical\" href=\"https:\/\/realidadturistica.com\/realtur\/convocan-primera-feria-internacional-de-turismo-medico-y-de-bienestar\/\" \/>\n<meta property=\"og:locale\" content=\"es_ES\" \/>\n<meta property=\"og:type\" content=\"article\" \/>\n<meta property=\"og:title\" content=\"Convocan Primera Feria Internacional de Turismo M\u00e9dico y de Bienestar\" \/>\n<meta property=\"og:description\" content=\"Cuba. Auspiciado por el Ministerio de Salud P\u00fablica de Cuba y la Comercializadora de Servicios M\u00e9dicos Cubanos S.A. se realiz\u00f3 en el Hotel Nacional de&hellip;\" \/>\n<meta property=\"og:url\" content=\"https:\/\/realidadturistica.com\/realtur\/convocan-primera-feria-internacional-de-turismo-medico-y-de-bienestar\/\" \/>\n<meta property=\"og:site_name\" content=\"Realidad Tur\u00edstica\" \/>\n<meta property=\"article:publisher\" content=\"https:\/\/www.facebook.com\/realidadturistica\" \/>\n<meta property=\"article:published_time\" content=\"2022-05-26T23:32:49+00:00\" \/>\n<meta property=\"og:image\" content=\"https:\/\/realidadturistica.com\/realtur\/wp-content\/uploads\/2022\/05\/Convocan-Primera.jpg\" \/>\n\t<meta property=\"og:image:width\" content=\"2560\" \/>\n\t<meta property=\"og:image:height\" content=\"1211\" \/>\n\t<meta property=\"og:image:type\" content=\"image\/jpeg\" \/>\n<meta name=\"author\" content=\"Editor\" \/>\n<meta name=\"twitter:card\" content=\"summary_large_image\" \/>\n<meta name=\"twitter:label1\" content=\"Escrito por\" \/>\n\t<meta name=\"twitter:data1\" content=\"Editor\" \/>\n\t<meta name=\"twitter:label2\" content=\"Tiempo de lectura\" \/>\n\t<meta name=\"twitter:data2\" content=\"3 minutos\" \/>\n<script type=\"application\/ld+json\" class=\"yoast-schema-graph\">{\"@context\":\"https:\\\/\\\/schema.org\",\"@graph\":[{\"@type\":\"Article\",\"@id\":\"https:\\\/\\\/realidadturistica.com\\\/realtur\\\/convocan-primera-feria-internacional-de-turismo-medico-y-de-bienestar\\\/#article\",\"isPartOf\":{\"@id\":\"https:\\\/\\\/realidadturistica.com\\\/realtur\\\/convocan-primera-feria-internacional-de-turismo-medico-y-de-bienestar\\\/\"},\"author\":{\"name\":\"Editor\",\"@id\":\"https:\\\/\\\/realidadturistica.com\\\/realtur\\\/#\\\/schema\\\/person\\\/ade671191202490fcf08ab21590de73e\"},\"headline\":\"Convocan Primera Feria Internacional de Turismo M\u00e9dico y de Bienestar\",\"datePublished\":\"2022-05-26T23:32:49+00:00\",\"mainEntityOfPage\":{\"@id\":\"https:\\\/\\\/realidadturistica.com\\\/realtur\\\/convocan-primera-feria-internacional-de-turismo-medico-y-de-bienestar\\\/\"},\"wordCount\":618,\"commentCount\":0,\"publisher\":{\"@id\":\"https:\\\/\\\/realidadturistica.com\\\/realtur\\\/#organization\"},\"image\":{\"@id\":\"https:\\\/\\\/realidadturistica.com\\\/realtur\\\/convocan-primera-feria-internacional-de-turismo-medico-y-de-bienestar\\\/#primaryimage\"},\"thumbnailUrl\":\"https:\\\/\\\/realidadturistica.com\\\/realtur\\\/wp-content\\\/uploads\\\/2022\\\/05\\\/Convocan-Primera.jpg\",\"articleSection\":[\"Salud para viajar\"],\"inLanguage\":\"es\",\"potentialAction\":[{\"@type\":\"CommentAction\",\"name\":\"Comment\",\"target\":[\"https:\\\/\\\/realidadturistica.com\\\/realtur\\\/convocan-primera-feria-internacional-de-turismo-medico-y-de-bienestar\\\/#respond\"]}]},{\"@type\":\"WebPage\",\"@id\":\"https:\\\/\\\/realidadturistica.com\\\/realtur\\\/convocan-primera-feria-internacional-de-turismo-medico-y-de-bienestar\\\/\",\"url\":\"https:\\\/\\\/realidadturistica.com\\\/realtur\\\/convocan-primera-feria-internacional-de-turismo-medico-y-de-bienestar\\\/\",\"name\":\"Convocan Primera Feria Internacional de Turismo M\u00e9dico y de Bienestar - Realidad Tur\u00edstica\",\"isPartOf\":{\"@id\":\"https:\\\/\\\/realidadturistica.com\\\/realtur\\\/#website\"},\"primaryImageOfPage\":{\"@id\":\"https:\\\/\\\/realidadturistica.com\\\/realtur\\\/convocan-primera-feria-internacional-de-turismo-medico-y-de-bienestar\\\/#primaryimage\"},\"image\":{\"@id\":\"https:\\\/\\\/realidadturistica.com\\\/realtur\\\/convocan-primera-feria-internacional-de-turismo-medico-y-de-bienestar\\\/#primaryimage\"},\"thumbnailUrl\":\"https:\\\/\\\/realidadturistica.com\\\/realtur\\\/wp-content\\\/uploads\\\/2022\\\/05\\\/Convocan-Primera.jpg\",\"datePublished\":\"2022-05-26T23:32:49+00:00\",\"breadcrumb\":{\"@id\":\"https:\\\/\\\/realidadturistica.com\\\/realtur\\\/convocan-primera-feria-internacional-de-turismo-medico-y-de-bienestar\\\/#breadcrumb\"},\"inLanguage\":\"es\",\"potentialAction\":[{\"@type\":\"ReadAction\",\"target\":[\"https:\\\/\\\/realidadturistica.com\\\/realtur\\\/convocan-primera-feria-internacional-de-turismo-medico-y-de-bienestar\\\/\"]}]},{\"@type\":\"ImageObject\",\"inLanguage\":\"es\",\"@id\":\"https:\\\/\\\/realidadturistica.com\\\/realtur\\\/convocan-primera-feria-internacional-de-turismo-medico-y-de-bienestar\\\/#primaryimage\",\"url\":\"https:\\\/\\\/realidadturistica.com\\\/realtur\\\/wp-content\\\/uploads\\\/2022\\\/05\\\/Convocan-Primera.jpg\",\"contentUrl\":\"https:\\\/\\\/realidadturistica.com\\\/realtur\\\/wp-content\\\/uploads\\\/2022\\\/05\\\/Convocan-Primera.jpg\",\"width\":2560,\"height\":1211},{\"@type\":\"BreadcrumbList\",\"@id\":\"https:\\\/\\\/realidadturistica.com\\\/realtur\\\/convocan-primera-feria-internacional-de-turismo-medico-y-de-bienestar\\\/#breadcrumb\",\"itemListElement\":[{\"@type\":\"ListItem\",\"position\":1,\"name\":\"Portada\",\"item\":\"https:\\\/\\\/realidadturistica.com\\\/realtur\\\/\"},{\"@type\":\"ListItem\",\"position\":2,\"name\":\"Convocan Primera Feria Internacional de Turismo M\u00e9dico y de Bienestar\"}]},{\"@type\":\"WebSite\",\"@id\":\"https:\\\/\\\/realidadturistica.com\\\/realtur\\\/#website\",\"url\":\"https:\\\/\\\/realidadturistica.com\\\/realtur\\\/\",\"name\":\"Realidad Tur\u00edstica\",\"description\":\"\",\"publisher\":{\"@id\":\"https:\\\/\\\/realidadturistica.com\\\/realtur\\\/#organization\"},\"potentialAction\":[{\"@type\":\"SearchAction\",\"target\":{\"@type\":\"EntryPoint\",\"urlTemplate\":\"https:\\\/\\\/realidadturistica.com\\\/realtur\\\/?s={search_term_string}\"},\"query-input\":{\"@type\":\"PropertyValueSpecification\",\"valueRequired\":true,\"valueName\":\"search_term_string\"}}],\"inLanguage\":\"es\"},{\"@type\":\"Organization\",\"@id\":\"https:\\\/\\\/realidadturistica.com\\\/realtur\\\/#organization\",\"name\":\"Realidad Tur\u00edstica\",\"url\":\"https:\\\/\\\/realidadturistica.com\\\/realtur\\\/\",\"logo\":{\"@type\":\"ImageObject\",\"inLanguage\":\"es\",\"@id\":\"https:\\\/\\\/realidadturistica.com\\\/realtur\\\/#\\\/schema\\\/logo\\\/image\\\/\",\"url\":\"https:\\\/\\\/realidadturistica.com\\\/realtur\\\/wp-content\\\/uploads\\\/2021\\\/12\\\/logotipo-realidad-turistica.png\",\"contentUrl\":\"https:\\\/\\\/realidadturistica.com\\\/realtur\\\/wp-content\\\/uploads\\\/2021\\\/12\\\/logotipo-realidad-turistica.png\",\"width\":1382,\"height\":629,\"caption\":\"Realidad Tur\u00edstica\"},\"image\":{\"@id\":\"https:\\\/\\\/realidadturistica.com\\\/realtur\\\/#\\\/schema\\\/logo\\\/image\\\/\"},\"sameAs\":[\"https:\\\/\\\/www.facebook.com\\\/realidadturistica\",\"https:\\\/\\\/www.instagram.com\\\/realidad_turistica\\\/\"]},{\"@type\":\"Person\",\"@id\":\"https:\\\/\\\/realidadturistica.com\\\/realtur\\\/#\\\/schema\\\/person\\\/ade671191202490fcf08ab21590de73e\",\"name\":\"Editor\",\"image\":{\"@type\":\"ImageObject\",\"inLanguage\":\"es\",\"@id\":\"https:\\\/\\\/realidadturistica.com\\\/realtur\\\/wp-content\\\/uploads\\\/2023\\\/09\\\/Editor_avatar_1693668634-96x96.png\",\"url\":\"https:\\\/\\\/realidadturistica.com\\\/realtur\\\/wp-content\\\/uploads\\\/2023\\\/09\\\/Editor_avatar_1693668634-96x96.png\",\"contentUrl\":\"https:\\\/\\\/realidadturistica.com\\\/realtur\\\/wp-content\\\/uploads\\\/2023\\\/09\\\/Editor_avatar_1693668634-96x96.png\",\"caption\":\"Editor\"},\"sameAs\":[\"https:\\\/\\\/realidadturistica.com\\\/realtur\"],\"url\":\"https:\\\/\\\/realidadturistica.com\\\/realtur\\\/author\\\/editor2\\\/\"}]}<\/script>\n<!-- \/ Yoast SEO Premium plugin. -->","yoast_head_json":{"title":"Convocan Primera Feria Internacional de Turismo M\u00e9dico y de Bienestar - Realidad Tur\u00edstica","robots":{"index":"index","follow":"follow","max-snippet":"max-snippet:-1","max-image-preview":"max-image-preview:large","max-video-preview":"max-video-preview:-1"},"canonical":"https:\/\/realidadturistica.com\/realtur\/convocan-primera-feria-internacional-de-turismo-medico-y-de-bienestar\/","og_locale":"es_ES","og_type":"article","og_title":"Convocan Primera Feria Internacional de Turismo M\u00e9dico y de Bienestar","og_description":"Cuba. Auspiciado por el Ministerio de Salud P\u00fablica de Cuba y la Comercializadora de Servicios M\u00e9dicos Cubanos S.A. se realiz\u00f3 en el Hotel Nacional de&hellip;","og_url":"https:\/\/realidadturistica.com\/realtur\/convocan-primera-feria-internacional-de-turismo-medico-y-de-bienestar\/","og_site_name":"Realidad Tur\u00edstica","article_publisher":"https:\/\/www.facebook.com\/realidadturistica","article_published_time":"2022-05-26T23:32:49+00:00","og_image":[{"width":2560,"height":1211,"url":"https:\/\/realidadturistica.com\/realtur\/wp-content\/uploads\/2022\/05\/Convocan-Primera.jpg","type":"image\/jpeg"}],"author":"Editor","twitter_card":"summary_large_image","twitter_misc":{"Escrito por":"Editor","Tiempo de lectura":"3 minutos"},"schema":{"@context":"https:\/\/schema.org","@graph":[{"@type":"Article","@id":"https:\/\/realidadturistica.com\/realtur\/convocan-primera-feria-internacional-de-turismo-medico-y-de-bienestar\/#article","isPartOf":{"@id":"https:\/\/realidadturistica.com\/realtur\/convocan-primera-feria-internacional-de-turismo-medico-y-de-bienestar\/"},"author":{"name":"Editor","@id":"https:\/\/realidadturistica.com\/realtur\/#\/schema\/person\/ade671191202490fcf08ab21590de73e"},"headline":"Convocan Primera Feria Internacional de Turismo M\u00e9dico y de Bienestar","datePublished":"2022-05-26T23:32:49+00:00","mainEntityOfPage":{"@id":"https:\/\/realidadturistica.com\/realtur\/convocan-primera-feria-internacional-de-turismo-medico-y-de-bienestar\/"},"wordCount":618,"commentCount":0,"publisher":{"@id":"https:\/\/realidadturistica.com\/realtur\/#organization"},"image":{"@id":"https:\/\/realidadturistica.com\/realtur\/convocan-primera-feria-internacional-de-turismo-medico-y-de-bienestar\/#primaryimage"},"thumbnailUrl":"https:\/\/realidadturistica.com\/realtur\/wp-content\/uploads\/2022\/05\/Convocan-Primera.jpg","articleSection":["Salud para viajar"],"inLanguage":"es","potentialAction":[{"@type":"CommentAction","name":"Comment","target":["https:\/\/realidadturistica.com\/realtur\/convocan-primera-feria-internacional-de-turismo-medico-y-de-bienestar\/#respond"]}]},{"@type":"WebPage","@id":"https:\/\/realidadturistica.com\/realtur\/convocan-primera-feria-internacional-de-turismo-medico-y-de-bienestar\/","url":"https:\/\/realidadturistica.com\/realtur\/convocan-primera-feria-internacional-de-turismo-medico-y-de-bienestar\/","name":"Convocan Primera Feria Internacional de Turismo M\u00e9dico y de Bienestar - Realidad Tur\u00edstica","isPartOf":{"@id":"https:\/\/realidadturistica.com\/realtur\/#website"},"primaryImageOfPage":{"@id":"https:\/\/realidadturistica.com\/realtur\/convocan-primera-feria-internacional-de-turismo-medico-y-de-bienestar\/#primaryimage"},"image":{"@id":"https:\/\/realidadturistica.com\/realtur\/convocan-primera-feria-internacional-de-turismo-medico-y-de-bienestar\/#primaryimage"},"thumbnailUrl":"https:\/\/realidadturistica.com\/realtur\/wp-content\/uploads\/2022\/05\/Convocan-Primera.jpg","datePublished":"2022-05-26T23:32:49+00:00","breadcrumb":{"@id":"https:\/\/realidadturistica.com\/realtur\/convocan-primera-feria-internacional-de-turismo-medico-y-de-bienestar\/#breadcrumb"},"inLanguage":"es","potentialAction":[{"@type":"ReadAction","target":["https:\/\/realidadturistica.com\/realtur\/convocan-primera-feria-internacional-de-turismo-medico-y-de-bienestar\/"]}]},{"@type":"ImageObject","inLanguage":"es","@id":"https:\/\/realidadturistica.com\/realtur\/convocan-primera-feria-internacional-de-turismo-medico-y-de-bienestar\/#primaryimage","url":"https:\/\/realidadturistica.com\/realtur\/wp-content\/uploads\/2022\/05\/Convocan-Primera.jpg","contentUrl":"https:\/\/realidadturistica.com\/realtur\/wp-content\/uploads\/2022\/05\/Convocan-Primera.jpg","width":2560,"height":1211},{"@type":"BreadcrumbList","@id":"https:\/\/realidadturistica.com\/realtur\/convocan-primera-feria-internacional-de-turismo-medico-y-de-bienestar\/#breadcrumb","itemListElement":[{"@type":"ListItem","position":1,"name":"Portada","item":"https:\/\/realidadturistica.com\/realtur\/"},{"@type":"ListItem","position":2,"name":"Convocan Primera Feria Internacional de Turismo M\u00e9dico y de Bienestar"}]},{"@type":"WebSite","@id":"https:\/\/realidadturistica.com\/realtur\/#website","url":"https:\/\/realidadturistica.com\/realtur\/","name":"Realidad Tur\u00edstica","description":"","publisher":{"@id":"https:\/\/realidadturistica.com\/realtur\/#organization"},"potentialAction":[{"@type":"SearchAction","target":{"@type":"EntryPoint","urlTemplate":"https:\/\/realidadturistica.com\/realtur\/?s={search_term_string}"},"query-input":{"@type":"PropertyValueSpecification","valueRequired":true,"valueName":"search_term_string"}}],"inLanguage":"es"},{"@type":"Organization","@id":"https:\/\/realidadturistica.com\/realtur\/#organization","name":"Realidad Tur\u00edstica","url":"https:\/\/realidadturistica.com\/realtur\/","logo":{"@type":"ImageObject","inLanguage":"es","@id":"https:\/\/realidadturistica.com\/realtur\/#\/schema\/logo\/image\/","url":"https:\/\/realidadturistica.com\/realtur\/wp-content\/uploads\/2021\/12\/logotipo-realidad-turistica.png","contentUrl":"https:\/\/realidadturistica.com\/realtur\/wp-content\/uploads\/2021\/12\/logotipo-realidad-turistica.png","width":1382,"height":629,"caption":"Realidad Tur\u00edstica"},"image":{"@id":"https:\/\/realidadturistica.com\/realtur\/#\/schema\/logo\/image\/"},"sameAs":["https:\/\/www.facebook.com\/realidadturistica","https:\/\/www.instagram.com\/realidad_turistica\/"]},{"@type":"Person","@id":"https:\/\/realidadturistica.com\/realtur\/#\/schema\/person\/ade671191202490fcf08ab21590de73e","name":"Editor","image":{"@type":"ImageObject","inLanguage":"es","@id":"https:\/\/realidadturistica.com\/realtur\/wp-content\/uploads\/2023\/09\/Editor_avatar_1693668634-96x96.png","url":"https:\/\/realidadturistica.com\/realtur\/wp-content\/uploads\/2023\/09\/Editor_avatar_1693668634-96x96.png","contentUrl":"https:\/\/realidadturistica.com\/realtur\/wp-content\/uploads\/2023\/09\/Editor_avatar_1693668634-96x96.png","caption":"Editor"},"sameAs":["https:\/\/realidadturistica.com\/realtur"],"url":"https:\/\/realidadturistica.com\/realtur\/author\/editor2\/"}]}},"_links":{"self":[{"href":"https:\/\/realidadturistica.com\/realtur\/wp-json\/wp\/v2\/posts\/2584","targetHints":{"allow":["GET"]}}],"collection":[{"href":"https:\/\/realidadturistica.com\/realtur\/wp-json\/wp\/v2\/posts"}],"about":[{"href":"https:\/\/realidadturistica.com\/realtur\/wp-json\/wp\/v2\/types\/post"}],"author":[{"embeddable":true,"href":"https:\/\/realidadturistica.com\/realtur\/wp-json\/wp\/v2\/users\/2"}],"replies":[{"embeddable":true,"href":"https:\/\/realidadturistica.com\/realtur\/wp-json\/wp\/v2\/comments?post=2584"}],"version-history":[{"count":0,"href":"https:\/\/realidadturistica.com\/realtur\/wp-json\/wp\/v2\/posts\/2584\/revisions"}],"wp:featuredmedia":[{"embeddable":true,"href":"https:\/\/realidadturistica.com\/realtur\/wp-json\/wp\/v2\/media\/2585"}],"wp:attachment":[{"href":"https:\/\/realidadturistica.com\/realtur\/wp-json\/wp\/v2\/media?parent=2584"}],"wp:term":[{"taxonomy":"category","embeddable":true,"href":"https:\/\/realidadturistica.com\/realtur\/wp-json\/wp\/v2\/categories?post=2584"},{"taxonomy":"post_tag","embeddable":true,"href":"https:\/\/realidadturistica.com\/realtur\/wp-json\/wp\/v2\/tags?post=2584"}],"curies":[{"name":"wp","href":"https:\/\/api.w.org\/{rel}","templated":true}]}}