{"id":2739,"date":"2022-07-14T11:30:40","date_gmt":"2022-07-14T11:30:40","guid":{"rendered":"https:\/\/realidadturistica.com\/realtur\/?p=2739"},"modified":"2022-07-14T11:30:40","modified_gmt":"2022-07-14T11:30:40","slug":"feria-alimentaria-en-guatemala-regresa-para-reactivar-la-industria-de-alimentos-y-bebidas-despues-de-dos-anos-de-pandemia","status":"publish","type":"post","link":"https:\/\/realidadturistica.com\/realtur\/feria-alimentaria-en-guatemala-regresa-para-reactivar-la-industria-de-alimentos-y-bebidas-despues-de-dos-anos-de-pandemia\/","title":{"rendered":"Feria Alimentaria en Guatemala regresa para reactivar La Industria De Alimentos y Bebidas, despu\u00e9s de dos a\u00f1os de Pandemia"},"content":{"rendered":"\n<p>Negocios, experiencias gastron\u00f3micas, tendencias y tecnolog\u00eda ser\u00e1n parte de la edici\u00f3n 2022, que se realizar\u00e1 del 5 al 7 de septiembre en el Expo Center de Tikal Futura y que ser\u00e1 parte de la celebraci\u00f3n de sus 25 a\u00f1os.<\/p>\n\n\n\n<p>Guatemala, 5 de julio de 2022.&nbsp; El Comit\u00e9 Organizador de la Feria Alimentaria anunci\u00f3 que despu\u00e9s de dos a\u00f1os de no realizarse debido a la pandemia, el evento m\u00e1s grande de Centroam\u00e9rica regresa con mucha informaci\u00f3n valiosa, oportunidad de negocios, y nuevas tendencias para todos aquellos que participan en el \u00e1mbito de alimentos y bebidas, con un objetivo claro: la reactivaci\u00f3n del sector.<\/p>\n\n\n\n<p>En su vig\u00e9simo quinto aniversario, la Feria Alimentaria confirma que es una de las industrias m\u00e1s resilientes de Guatemala, pues ha vivido un proceso de cambios y adaptaci\u00f3n en el negocio de alimentos y bebidas por el Covid-19.<\/p>\n\n\n\n<p>\u201cEl evento forma parte de la recuperaci\u00f3n de la industria en el marco de la situaci\u00f3n sanitaria por el covid-19, por lo que regresamos con un gran aprendizaje de fortaleza e innovaci\u00f3n. Fuimos una de las industrias m\u00e1s golpeadas, y quiero resaltar que no s\u00f3lo fueron hoteles y restaurantes, la pandemia afect\u00f3 a peque\u00f1as y grandes empresas fabricantes de materia prima, equipo, productos varios y servicios tercerizados que se derivan de la operaci\u00f3n; as\u00ed tambi\u00e9n academias culinarias, y muchos m\u00e1s modelos de negocios\u201d&nbsp; dice Carlos Mancilla, presidente del Comit\u00e9 Organizador.&nbsp;&nbsp; \u201cNuestro gremio necesita de Feria Alimentaria, los asistentes podr\u00e1n sacar provecho de m\u00faltiples actividades, foros, concursos, informaci\u00f3n sobre tendencias, y todo lo que necesiten de acuerdo a su \u00e1rea de desempe\u00f1o\u201d a\u00f1ade.<\/p>\n\n\n\n<p>Para el Comit\u00e9 Organizador, el objetivo es ofrecer las bases para que empresas, profesionales y estudiantes renazcan en una industria que a pesar de los contratiempos tiene mucho potencial por ofrecer.&nbsp; Resaltan que sigue siendo una de las industrias m\u00e1s grandes y activas de Guatemala, y que la crisis llev\u00f3 a la creaci\u00f3n de nuevas empresas, aplicaciones y servicios que hoy buscan fortalecerse a trav\u00e9s de tendencias de marketing&nbsp; tecnolog\u00eda, y por supuesto, actividades como Alimentaria, que son ideales no s\u00f3lo para dar a conocer productos, sino tambi\u00e9n para la generaci\u00f3n de clientes potenciales y crear networking.<\/p>\n\n\n\n<p>Durante 25 a\u00f1os, la Feria Alimentaria ha sido el evento \u00edcono e inspiraci\u00f3n de la gastronom\u00eda. Adem\u00e1s, tiene una estrecha relaci\u00f3n con el sector tur\u00edstico, a trav\u00e9s de una gran oferta de actividades y oportunidades de negocio para los micro, peque\u00f1os y grandes empresarios. Este a\u00f1o por ejemplo contar\u00e1 con 179 stands y la participar\u00e1n de 21 mipymes coordinadas por el Ministerio de Econom\u00eda.<\/p>\n\n\n\n<p>Asimismo, realizar\u00e1 el Congreso de Restaurantes, con tres d\u00edas llenos de aprendizaje, en donde se analizar\u00e1n las tendencias del sector, las nuevas experiencias y preferencias de los guatemaltecos y las estrategias post Covid para restaurantes.&nbsp; Todos estos temas ser\u00e1n desarrollados por importantes conferencistas de la regi\u00f3n y chefs nacionales e internacionales.<\/p>\n\n\n\n<p>El Comit\u00e9 Organizador tambi\u00e9n&nbsp; destac\u00f3 que la econom\u00eda del pa\u00eds necesita reestablecerse desde sus distintos \u00e1ngulos generadores de ingresos, siendo uno de ellos el turismo.&nbsp; De esa cuenta, la experiencia gastron\u00f3mica siempre ser\u00e1 un atractivo para potencializar la actividad tur\u00edstica de Guatemala, por ello, el Instituto Guatemalteco de Turismo participa activamente en este evento.<\/p>\n\n\n\n<p>\u201cEn el INGUAT somos conscientes que la industria de la alimentaci\u00f3n debe convertirse en un proceso colaborativo donde profesionales del sector, acad\u00e9mico, empresarios y consumidores act\u00faen de manera resiliente para que el alimento sea una fuente de satisfacci\u00f3n, identidad cultural, valor social y, sobre todo, una herramienta de promoci\u00f3n de la salud\u201d, resalt\u00f3 la Arquitecta Anayansy Rodr\u00edguez, Directora del Inguat.<\/p>\n\n\n\n<p>Feria Alimentaria reune a fabricantes de productos y equipo, a emprendedores que ofrecen diversidad de productos y servicios, restaurantes y una fuerte cantidad de profesionales que buscan actualizar sus conocimientos.&nbsp; Con relaci\u00f3n a la importancia de la capacitaci\u00f3n del sector, el Doctor Dennis Rodas, Gerente de Intecap resalt\u00f3: \u201cLa Instituci\u00f3n tiene 3 ejes estrat\u00e9gicos: la formaci\u00f3n y capacitaci\u00f3n, la asistencia t\u00e9cnica y la certificaci\u00f3n.&nbsp; En cada uno de ellos hemos logrado que nuestras carreras relacionadas a la Gastronom\u00eda, tengan una alta calidad, gran empleabilidad, pero, sobre todo, cada graduado del INTECAP se convierte en un embajador de la gastronom\u00eda guatemalteca alrededor del mundo. La tercera especialidad m\u00e1s demandada en INTECAP es gastronom\u00eda, con alrededor del 14% de nuestra demanda total de carreras certificables y 10% de las de corta duraci\u00f3n.&nbsp; Para el a\u00f1o 2021, formamos a casi 30,000 personas en diferentes \u00e1reas\u201d.<\/p>\n\n\n\n<p>La entrada a Feria Alimentaria tendr\u00e1 un costo de Q.30.00 por d\u00eda, y los precios del congreso pueden ser consultados a trav\u00e9s de la p\u00e1gina www.feriaalimentaria.com, Facebook: Alimentaria Guatemala o Instagram como Alimentaria Gt.<\/p>\n\n\n\n<p>#Alimentariagt2022<\/p>\n\n\n\n<p>Fuente: INGUAT.<\/p>\n","protected":false},"excerpt":{"rendered":"<p>Negocios, experiencias gastron\u00f3micas, tendencias y tecnolog\u00eda ser\u00e1n parte de la edici\u00f3n 2022, que se realizar\u00e1 del 5 al 7 de septiembre en el Expo Center&hellip;<\/p>\n","protected":false},"author":2,"featured_media":2740,"comment_status":"open","ping_status":"closed","sticky":false,"template":"","format":"standard","meta":{"content-type":"","_lmt_disableupdate":"","_lmt_disable":"","footnotes":""},"categories":[3],"tags":[],"class_list":["post-2739","post","type-post","status-publish","format-standard","has-post-thumbnail","hentry","category-cocina"],"yoast_head":"<!-- This site is optimized with the Yoast SEO Premium plugin v27.4 (Yoast SEO v27.4) - https:\/\/yoast.com\/product\/yoast-seo-premium-wordpress\/ -->\n<title>Feria Alimentaria en Guatemala regresa para reactivar La Industria De Alimentos y Bebidas, despu\u00e9s de dos a\u00f1os de Pandemia - Realidad Tur\u00edstica<\/title>\n<meta name=\"robots\" content=\"index, follow, max-snippet:-1, max-image-preview:large, max-video-preview:-1\" \/>\n<link rel=\"canonical\" href=\"https:\/\/realidadturistica.com\/realtur\/feria-alimentaria-en-guatemala-regresa-para-reactivar-la-industria-de-alimentos-y-bebidas-despues-de-dos-anos-de-pandemia\/\" \/>\n<meta property=\"og:locale\" content=\"es_ES\" \/>\n<meta property=\"og:type\" content=\"article\" \/>\n<meta property=\"og:title\" content=\"Feria Alimentaria en Guatemala regresa para reactivar La Industria De Alimentos y Bebidas, despu\u00e9s de dos a\u00f1os de Pandemia\" \/>\n<meta property=\"og:description\" content=\"Negocios, experiencias gastron\u00f3micas, tendencias y tecnolog\u00eda ser\u00e1n parte de la edici\u00f3n 2022, que se realizar\u00e1 del 5 al 7 de septiembre en el Expo Center&hellip;\" \/>\n<meta property=\"og:url\" content=\"https:\/\/realidadturistica.com\/realtur\/feria-alimentaria-en-guatemala-regresa-para-reactivar-la-industria-de-alimentos-y-bebidas-despues-de-dos-anos-de-pandemia\/\" \/>\n<meta property=\"og:site_name\" content=\"Realidad Tur\u00edstica\" \/>\n<meta property=\"article:publisher\" content=\"https:\/\/www.facebook.com\/realidadturistica\" \/>\n<meta property=\"article:published_time\" content=\"2022-07-14T11:30:40+00:00\" \/>\n<meta property=\"og:image\" content=\"https:\/\/realidadturistica.com\/realtur\/wp-content\/uploads\/2022\/07\/Feria-Alimentaria.jpeg\" \/>\n\t<meta property=\"og:image:width\" content=\"800\" \/>\n\t<meta property=\"og:image:height\" content=\"500\" \/>\n\t<meta property=\"og:image:type\" content=\"image\/jpeg\" \/>\n<meta name=\"author\" content=\"Editor\" \/>\n<meta name=\"twitter:card\" content=\"summary_large_image\" \/>\n<meta name=\"twitter:label1\" content=\"Escrito por\" \/>\n\t<meta name=\"twitter:data1\" content=\"Editor\" \/>\n\t<meta name=\"twitter:label2\" content=\"Tiempo de lectura\" \/>\n\t<meta name=\"twitter:data2\" content=\"4 minutos\" \/>\n<script type=\"application\/ld+json\" class=\"yoast-schema-graph\">{\"@context\":\"https:\\\/\\\/schema.org\",\"@graph\":[{\"@type\":\"Article\",\"@id\":\"https:\\\/\\\/realidadturistica.com\\\/realtur\\\/feria-alimentaria-en-guatemala-regresa-para-reactivar-la-industria-de-alimentos-y-bebidas-despues-de-dos-anos-de-pandemia\\\/#article\",\"isPartOf\":{\"@id\":\"https:\\\/\\\/realidadturistica.com\\\/realtur\\\/feria-alimentaria-en-guatemala-regresa-para-reactivar-la-industria-de-alimentos-y-bebidas-despues-de-dos-anos-de-pandemia\\\/\"},\"author\":{\"name\":\"Editor\",\"@id\":\"https:\\\/\\\/realidadturistica.com\\\/realtur\\\/#\\\/schema\\\/person\\\/ade671191202490fcf08ab21590de73e\"},\"headline\":\"Feria Alimentaria en Guatemala regresa para reactivar La Industria De Alimentos y Bebidas, despu\u00e9s de dos a\u00f1os de Pandemia\",\"datePublished\":\"2022-07-14T11:30:40+00:00\",\"mainEntityOfPage\":{\"@id\":\"https:\\\/\\\/realidadturistica.com\\\/realtur\\\/feria-alimentaria-en-guatemala-regresa-para-reactivar-la-industria-de-alimentos-y-bebidas-despues-de-dos-anos-de-pandemia\\\/\"},\"wordCount\":867,\"commentCount\":0,\"publisher\":{\"@id\":\"https:\\\/\\\/realidadturistica.com\\\/realtur\\\/#organization\"},\"image\":{\"@id\":\"https:\\\/\\\/realidadturistica.com\\\/realtur\\\/feria-alimentaria-en-guatemala-regresa-para-reactivar-la-industria-de-alimentos-y-bebidas-despues-de-dos-anos-de-pandemia\\\/#primaryimage\"},\"thumbnailUrl\":\"https:\\\/\\\/realidadturistica.com\\\/realtur\\\/wp-content\\\/uploads\\\/2022\\\/07\\\/Feria-Alimentaria.jpeg\",\"articleSection\":[\"Rinc\u00f3n de Cocina\"],\"inLanguage\":\"es\",\"potentialAction\":[{\"@type\":\"CommentAction\",\"name\":\"Comment\",\"target\":[\"https:\\\/\\\/realidadturistica.com\\\/realtur\\\/feria-alimentaria-en-guatemala-regresa-para-reactivar-la-industria-de-alimentos-y-bebidas-despues-de-dos-anos-de-pandemia\\\/#respond\"]}]},{\"@type\":\"WebPage\",\"@id\":\"https:\\\/\\\/realidadturistica.com\\\/realtur\\\/feria-alimentaria-en-guatemala-regresa-para-reactivar-la-industria-de-alimentos-y-bebidas-despues-de-dos-anos-de-pandemia\\\/\",\"url\":\"https:\\\/\\\/realidadturistica.com\\\/realtur\\\/feria-alimentaria-en-guatemala-regresa-para-reactivar-la-industria-de-alimentos-y-bebidas-despues-de-dos-anos-de-pandemia\\\/\",\"name\":\"Feria Alimentaria en Guatemala regresa para reactivar La Industria De Alimentos y Bebidas, despu\u00e9s de dos a\u00f1os de Pandemia - Realidad Tur\u00edstica\",\"isPartOf\":{\"@id\":\"https:\\\/\\\/realidadturistica.com\\\/realtur\\\/#website\"},\"primaryImageOfPage\":{\"@id\":\"https:\\\/\\\/realidadturistica.com\\\/realtur\\\/feria-alimentaria-en-guatemala-regresa-para-reactivar-la-industria-de-alimentos-y-bebidas-despues-de-dos-anos-de-pandemia\\\/#primaryimage\"},\"image\":{\"@id\":\"https:\\\/\\\/realidadturistica.com\\\/realtur\\\/feria-alimentaria-en-guatemala-regresa-para-reactivar-la-industria-de-alimentos-y-bebidas-despues-de-dos-anos-de-pandemia\\\/#primaryimage\"},\"thumbnailUrl\":\"https:\\\/\\\/realidadturistica.com\\\/realtur\\\/wp-content\\\/uploads\\\/2022\\\/07\\\/Feria-Alimentaria.jpeg\",\"datePublished\":\"2022-07-14T11:30:40+00:00\",\"breadcrumb\":{\"@id\":\"https:\\\/\\\/realidadturistica.com\\\/realtur\\\/feria-alimentaria-en-guatemala-regresa-para-reactivar-la-industria-de-alimentos-y-bebidas-despues-de-dos-anos-de-pandemia\\\/#breadcrumb\"},\"inLanguage\":\"es\",\"potentialAction\":[{\"@type\":\"ReadAction\",\"target\":[\"https:\\\/\\\/realidadturistica.com\\\/realtur\\\/feria-alimentaria-en-guatemala-regresa-para-reactivar-la-industria-de-alimentos-y-bebidas-despues-de-dos-anos-de-pandemia\\\/\"]}]},{\"@type\":\"ImageObject\",\"inLanguage\":\"es\",\"@id\":\"https:\\\/\\\/realidadturistica.com\\\/realtur\\\/feria-alimentaria-en-guatemala-regresa-para-reactivar-la-industria-de-alimentos-y-bebidas-despues-de-dos-anos-de-pandemia\\\/#primaryimage\",\"url\":\"https:\\\/\\\/realidadturistica.com\\\/realtur\\\/wp-content\\\/uploads\\\/2022\\\/07\\\/Feria-Alimentaria.jpeg\",\"contentUrl\":\"https:\\\/\\\/realidadturistica.com\\\/realtur\\\/wp-content\\\/uploads\\\/2022\\\/07\\\/Feria-Alimentaria.jpeg\",\"width\":800,\"height\":500},{\"@type\":\"BreadcrumbList\",\"@id\":\"https:\\\/\\\/realidadturistica.com\\\/realtur\\\/feria-alimentaria-en-guatemala-regresa-para-reactivar-la-industria-de-alimentos-y-bebidas-despues-de-dos-anos-de-pandemia\\\/#breadcrumb\",\"itemListElement\":[{\"@type\":\"ListItem\",\"position\":1,\"name\":\"Portada\",\"item\":\"https:\\\/\\\/realidadturistica.com\\\/realtur\\\/\"},{\"@type\":\"ListItem\",\"position\":2,\"name\":\"Feria Alimentaria en Guatemala regresa para reactivar La Industria De Alimentos y Bebidas, despu\u00e9s de dos a\u00f1os de Pandemia\"}]},{\"@type\":\"WebSite\",\"@id\":\"https:\\\/\\\/realidadturistica.com\\\/realtur\\\/#website\",\"url\":\"https:\\\/\\\/realidadturistica.com\\\/realtur\\\/\",\"name\":\"Realidad Tur\u00edstica\",\"description\":\"\",\"publisher\":{\"@id\":\"https:\\\/\\\/realidadturistica.com\\\/realtur\\\/#organization\"},\"potentialAction\":[{\"@type\":\"SearchAction\",\"target\":{\"@type\":\"EntryPoint\",\"urlTemplate\":\"https:\\\/\\\/realidadturistica.com\\\/realtur\\\/?s={search_term_string}\"},\"query-input\":{\"@type\":\"PropertyValueSpecification\",\"valueRequired\":true,\"valueName\":\"search_term_string\"}}],\"inLanguage\":\"es\"},{\"@type\":\"Organization\",\"@id\":\"https:\\\/\\\/realidadturistica.com\\\/realtur\\\/#organization\",\"name\":\"Realidad Tur\u00edstica\",\"url\":\"https:\\\/\\\/realidadturistica.com\\\/realtur\\\/\",\"logo\":{\"@type\":\"ImageObject\",\"inLanguage\":\"es\",\"@id\":\"https:\\\/\\\/realidadturistica.com\\\/realtur\\\/#\\\/schema\\\/logo\\\/image\\\/\",\"url\":\"https:\\\/\\\/realidadturistica.com\\\/realtur\\\/wp-content\\\/uploads\\\/2021\\\/12\\\/logotipo-realidad-turistica.png\",\"contentUrl\":\"https:\\\/\\\/realidadturistica.com\\\/realtur\\\/wp-content\\\/uploads\\\/2021\\\/12\\\/logotipo-realidad-turistica.png\",\"width\":1382,\"height\":629,\"caption\":\"Realidad Tur\u00edstica\"},\"image\":{\"@id\":\"https:\\\/\\\/realidadturistica.com\\\/realtur\\\/#\\\/schema\\\/logo\\\/image\\\/\"},\"sameAs\":[\"https:\\\/\\\/www.facebook.com\\\/realidadturistica\",\"https:\\\/\\\/www.instagram.com\\\/realidad_turistica\\\/\"]},{\"@type\":\"Person\",\"@id\":\"https:\\\/\\\/realidadturistica.com\\\/realtur\\\/#\\\/schema\\\/person\\\/ade671191202490fcf08ab21590de73e\",\"name\":\"Editor\",\"image\":{\"@type\":\"ImageObject\",\"inLanguage\":\"es\",\"@id\":\"https:\\\/\\\/realidadturistica.com\\\/realtur\\\/wp-content\\\/uploads\\\/2023\\\/09\\\/Editor_avatar_1693668634-96x96.png\",\"url\":\"https:\\\/\\\/realidadturistica.com\\\/realtur\\\/wp-content\\\/uploads\\\/2023\\\/09\\\/Editor_avatar_1693668634-96x96.png\",\"contentUrl\":\"https:\\\/\\\/realidadturistica.com\\\/realtur\\\/wp-content\\\/uploads\\\/2023\\\/09\\\/Editor_avatar_1693668634-96x96.png\",\"caption\":\"Editor\"},\"sameAs\":[\"https:\\\/\\\/realidadturistica.com\\\/realtur\"],\"url\":\"https:\\\/\\\/realidadturistica.com\\\/realtur\\\/author\\\/editor2\\\/\"}]}<\/script>\n<!-- \/ Yoast SEO Premium plugin. -->","yoast_head_json":{"title":"Feria Alimentaria en Guatemala regresa para reactivar La Industria De Alimentos y Bebidas, despu\u00e9s de dos a\u00f1os de Pandemia - Realidad Tur\u00edstica","robots":{"index":"index","follow":"follow","max-snippet":"max-snippet:-1","max-image-preview":"max-image-preview:large","max-video-preview":"max-video-preview:-1"},"canonical":"https:\/\/realidadturistica.com\/realtur\/feria-alimentaria-en-guatemala-regresa-para-reactivar-la-industria-de-alimentos-y-bebidas-despues-de-dos-anos-de-pandemia\/","og_locale":"es_ES","og_type":"article","og_title":"Feria Alimentaria en Guatemala regresa para reactivar La Industria De Alimentos y Bebidas, despu\u00e9s de dos a\u00f1os de Pandemia","og_description":"Negocios, experiencias gastron\u00f3micas, tendencias y tecnolog\u00eda ser\u00e1n parte de la edici\u00f3n 2022, que se realizar\u00e1 del 5 al 7 de septiembre en el Expo Center&hellip;","og_url":"https:\/\/realidadturistica.com\/realtur\/feria-alimentaria-en-guatemala-regresa-para-reactivar-la-industria-de-alimentos-y-bebidas-despues-de-dos-anos-de-pandemia\/","og_site_name":"Realidad Tur\u00edstica","article_publisher":"https:\/\/www.facebook.com\/realidadturistica","article_published_time":"2022-07-14T11:30:40+00:00","og_image":[{"width":800,"height":500,"url":"https:\/\/realidadturistica.com\/realtur\/wp-content\/uploads\/2022\/07\/Feria-Alimentaria.jpeg","type":"image\/jpeg"}],"author":"Editor","twitter_card":"summary_large_image","twitter_misc":{"Escrito por":"Editor","Tiempo de lectura":"4 minutos"},"schema":{"@context":"https:\/\/schema.org","@graph":[{"@type":"Article","@id":"https:\/\/realidadturistica.com\/realtur\/feria-alimentaria-en-guatemala-regresa-para-reactivar-la-industria-de-alimentos-y-bebidas-despues-de-dos-anos-de-pandemia\/#article","isPartOf":{"@id":"https:\/\/realidadturistica.com\/realtur\/feria-alimentaria-en-guatemala-regresa-para-reactivar-la-industria-de-alimentos-y-bebidas-despues-de-dos-anos-de-pandemia\/"},"author":{"name":"Editor","@id":"https:\/\/realidadturistica.com\/realtur\/#\/schema\/person\/ade671191202490fcf08ab21590de73e"},"headline":"Feria Alimentaria en Guatemala regresa para reactivar La Industria De Alimentos y Bebidas, despu\u00e9s de dos a\u00f1os de Pandemia","datePublished":"2022-07-14T11:30:40+00:00","mainEntityOfPage":{"@id":"https:\/\/realidadturistica.com\/realtur\/feria-alimentaria-en-guatemala-regresa-para-reactivar-la-industria-de-alimentos-y-bebidas-despues-de-dos-anos-de-pandemia\/"},"wordCount":867,"commentCount":0,"publisher":{"@id":"https:\/\/realidadturistica.com\/realtur\/#organization"},"image":{"@id":"https:\/\/realidadturistica.com\/realtur\/feria-alimentaria-en-guatemala-regresa-para-reactivar-la-industria-de-alimentos-y-bebidas-despues-de-dos-anos-de-pandemia\/#primaryimage"},"thumbnailUrl":"https:\/\/realidadturistica.com\/realtur\/wp-content\/uploads\/2022\/07\/Feria-Alimentaria.jpeg","articleSection":["Rinc\u00f3n de Cocina"],"inLanguage":"es","potentialAction":[{"@type":"CommentAction","name":"Comment","target":["https:\/\/realidadturistica.com\/realtur\/feria-alimentaria-en-guatemala-regresa-para-reactivar-la-industria-de-alimentos-y-bebidas-despues-de-dos-anos-de-pandemia\/#respond"]}]},{"@type":"WebPage","@id":"https:\/\/realidadturistica.com\/realtur\/feria-alimentaria-en-guatemala-regresa-para-reactivar-la-industria-de-alimentos-y-bebidas-despues-de-dos-anos-de-pandemia\/","url":"https:\/\/realidadturistica.com\/realtur\/feria-alimentaria-en-guatemala-regresa-para-reactivar-la-industria-de-alimentos-y-bebidas-despues-de-dos-anos-de-pandemia\/","name":"Feria Alimentaria en Guatemala regresa para reactivar La Industria De Alimentos y Bebidas, despu\u00e9s de dos a\u00f1os de Pandemia - Realidad Tur\u00edstica","isPartOf":{"@id":"https:\/\/realidadturistica.com\/realtur\/#website"},"primaryImageOfPage":{"@id":"https:\/\/realidadturistica.com\/realtur\/feria-alimentaria-en-guatemala-regresa-para-reactivar-la-industria-de-alimentos-y-bebidas-despues-de-dos-anos-de-pandemia\/#primaryimage"},"image":{"@id":"https:\/\/realidadturistica.com\/realtur\/feria-alimentaria-en-guatemala-regresa-para-reactivar-la-industria-de-alimentos-y-bebidas-despues-de-dos-anos-de-pandemia\/#primaryimage"},"thumbnailUrl":"https:\/\/realidadturistica.com\/realtur\/wp-content\/uploads\/2022\/07\/Feria-Alimentaria.jpeg","datePublished":"2022-07-14T11:30:40+00:00","breadcrumb":{"@id":"https:\/\/realidadturistica.com\/realtur\/feria-alimentaria-en-guatemala-regresa-para-reactivar-la-industria-de-alimentos-y-bebidas-despues-de-dos-anos-de-pandemia\/#breadcrumb"},"inLanguage":"es","potentialAction":[{"@type":"ReadAction","target":["https:\/\/realidadturistica.com\/realtur\/feria-alimentaria-en-guatemala-regresa-para-reactivar-la-industria-de-alimentos-y-bebidas-despues-de-dos-anos-de-pandemia\/"]}]},{"@type":"ImageObject","inLanguage":"es","@id":"https:\/\/realidadturistica.com\/realtur\/feria-alimentaria-en-guatemala-regresa-para-reactivar-la-industria-de-alimentos-y-bebidas-despues-de-dos-anos-de-pandemia\/#primaryimage","url":"https:\/\/realidadturistica.com\/realtur\/wp-content\/uploads\/2022\/07\/Feria-Alimentaria.jpeg","contentUrl":"https:\/\/realidadturistica.com\/realtur\/wp-content\/uploads\/2022\/07\/Feria-Alimentaria.jpeg","width":800,"height":500},{"@type":"BreadcrumbList","@id":"https:\/\/realidadturistica.com\/realtur\/feria-alimentaria-en-guatemala-regresa-para-reactivar-la-industria-de-alimentos-y-bebidas-despues-de-dos-anos-de-pandemia\/#breadcrumb","itemListElement":[{"@type":"ListItem","position":1,"name":"Portada","item":"https:\/\/realidadturistica.com\/realtur\/"},{"@type":"ListItem","position":2,"name":"Feria Alimentaria en Guatemala regresa para reactivar La Industria De Alimentos y Bebidas, despu\u00e9s de dos a\u00f1os de Pandemia"}]},{"@type":"WebSite","@id":"https:\/\/realidadturistica.com\/realtur\/#website","url":"https:\/\/realidadturistica.com\/realtur\/","name":"Realidad Tur\u00edstica","description":"","publisher":{"@id":"https:\/\/realidadturistica.com\/realtur\/#organization"},"potentialAction":[{"@type":"SearchAction","target":{"@type":"EntryPoint","urlTemplate":"https:\/\/realidadturistica.com\/realtur\/?s={search_term_string}"},"query-input":{"@type":"PropertyValueSpecification","valueRequired":true,"valueName":"search_term_string"}}],"inLanguage":"es"},{"@type":"Organization","@id":"https:\/\/realidadturistica.com\/realtur\/#organization","name":"Realidad Tur\u00edstica","url":"https:\/\/realidadturistica.com\/realtur\/","logo":{"@type":"ImageObject","inLanguage":"es","@id":"https:\/\/realidadturistica.com\/realtur\/#\/schema\/logo\/image\/","url":"https:\/\/realidadturistica.com\/realtur\/wp-content\/uploads\/2021\/12\/logotipo-realidad-turistica.png","contentUrl":"https:\/\/realidadturistica.com\/realtur\/wp-content\/uploads\/2021\/12\/logotipo-realidad-turistica.png","width":1382,"height":629,"caption":"Realidad Tur\u00edstica"},"image":{"@id":"https:\/\/realidadturistica.com\/realtur\/#\/schema\/logo\/image\/"},"sameAs":["https:\/\/www.facebook.com\/realidadturistica","https:\/\/www.instagram.com\/realidad_turistica\/"]},{"@type":"Person","@id":"https:\/\/realidadturistica.com\/realtur\/#\/schema\/person\/ade671191202490fcf08ab21590de73e","name":"Editor","image":{"@type":"ImageObject","inLanguage":"es","@id":"https:\/\/realidadturistica.com\/realtur\/wp-content\/uploads\/2023\/09\/Editor_avatar_1693668634-96x96.png","url":"https:\/\/realidadturistica.com\/realtur\/wp-content\/uploads\/2023\/09\/Editor_avatar_1693668634-96x96.png","contentUrl":"https:\/\/realidadturistica.com\/realtur\/wp-content\/uploads\/2023\/09\/Editor_avatar_1693668634-96x96.png","caption":"Editor"},"sameAs":["https:\/\/realidadturistica.com\/realtur"],"url":"https:\/\/realidadturistica.com\/realtur\/author\/editor2\/"}]}},"_links":{"self":[{"href":"https:\/\/realidadturistica.com\/realtur\/wp-json\/wp\/v2\/posts\/2739","targetHints":{"allow":["GET"]}}],"collection":[{"href":"https:\/\/realidadturistica.com\/realtur\/wp-json\/wp\/v2\/posts"}],"about":[{"href":"https:\/\/realidadturistica.com\/realtur\/wp-json\/wp\/v2\/types\/post"}],"author":[{"embeddable":true,"href":"https:\/\/realidadturistica.com\/realtur\/wp-json\/wp\/v2\/users\/2"}],"replies":[{"embeddable":true,"href":"https:\/\/realidadturistica.com\/realtur\/wp-json\/wp\/v2\/comments?post=2739"}],"version-history":[{"count":0,"href":"https:\/\/realidadturistica.com\/realtur\/wp-json\/wp\/v2\/posts\/2739\/revisions"}],"wp:featuredmedia":[{"embeddable":true,"href":"https:\/\/realidadturistica.com\/realtur\/wp-json\/wp\/v2\/media\/2740"}],"wp:attachment":[{"href":"https:\/\/realidadturistica.com\/realtur\/wp-json\/wp\/v2\/media?parent=2739"}],"wp:term":[{"taxonomy":"category","embeddable":true,"href":"https:\/\/realidadturistica.com\/realtur\/wp-json\/wp\/v2\/categories?post=2739"},{"taxonomy":"post_tag","embeddable":true,"href":"https:\/\/realidadturistica.com\/realtur\/wp-json\/wp\/v2\/tags?post=2739"}],"curies":[{"name":"wp","href":"https:\/\/api.w.org\/{rel}","templated":true}]}}