{"id":2767,"date":"2022-08-03T03:01:35","date_gmt":"2022-08-03T03:01:35","guid":{"rendered":"https:\/\/realidadturistica.com\/realtur\/?p=2767"},"modified":"2022-08-03T03:01:35","modified_gmt":"2022-08-03T03:01:35","slug":"se-incrementa-llegada-de-turistas-cubanos-a-rd","status":"publish","type":"post","link":"https:\/\/realidadturistica.com\/realtur\/se-incrementa-llegada-de-turistas-cubanos-a-rd\/","title":{"rendered":"Se incrementa llegada de turistas cubanos a RD"},"content":{"rendered":"\n<p>RD. Tras la aerol\u00ednea dominicana Sky Cana comenzar una operaci\u00f3n con turistas cubanos desde La Habana el pasado mes de junio por el Aeropuerto Internacional de Punta Cana, alrededor de 35, 295 nacionales cubanos han visitado RD entre junio y julio.<\/p>\n\n\n\n<p>El Ministerio de Turismo (Mitur), a trav\u00e9s de su informe \u00abResultados del Turismo Dominicano en Julio\u00bb, report\u00f3 que en junio 2022 17,163 cubanos llegaron al pa\u00eds y en julio 18,132, ya que en mayo la cantidad fue de 6,474.<\/p>\n\n\n\n<p>Los visitantes agotaron una estad\u00eda promedio de 7 d\u00edas.<\/p>\n\n\n\n<p>Al referido incremento en la visita de ciudadanos cubanos al pa\u00eds, el Mitur le llam\u00f3 \u00abRD como destino de encuentro\u00bb ya que las operaciones que realiza la aerol\u00ednea son tramitadas por el Ministerio de Relaciones Exteriores (Mirex), a trav\u00e9s del Consulado de RD en Cuba como parte del proceso de facilitaci\u00f3n del visado para auspiciar un reencuentro en Punta Cana.<\/p>\n\n\n\n<p>El informe del Mitur tambi\u00e9n indica que 32,118 visitantes cubanos residen en Estados Unidos, conformando un 52% de los pasajeros en edades de 35 a 60 a\u00f1os. Un 1,933 de Cuba, con edades comprendidas entre 35 a 60 conformando un 57% de los pasajeros, y 1,235 resto destinos.<\/p>\n\n\n\n<p>Se recuerda que con dicha operaci\u00f3n se estimaba una afluencia de casi 15,000 visitantes en la temporada de verano, pero al notar los resultados del informe, la cifra fue superada, a trav\u00e9s de las 30 frecuencias, una cada viernes, s\u00e1bado y domingo, que se realiza a trav\u00e9s de la agencia mayorista Yes Travel de Estados Unidos.<\/p>\n\n\n\n<p>Adem\u00e1s, el CEO de Sky Cana, Frank D\u00edaz, antes de iniciar las operaciones indic\u00f3 que: \u00abNos han solicitado frecuencia durante los viernes, s\u00e1bados y domingos para el encuentro familiar de cubanos que vengan a Punta Cana y nacionales cubanos residentes en Estados Unidos que vengan a reencontrarse con sus familiares a los que est\u00e1n imposibilitados a viajar a EEUU, utilizar\u00e1n a Rep\u00fablica Dominicana para hacer el reencuentro en el destino del Este\u00bb.<\/p>\n\n\n\n<p>Fuente: Arecoa<\/p>\n","protected":false},"excerpt":{"rendered":"<p>RD. Tras la aerol\u00ednea dominicana Sky Cana comenzar una operaci\u00f3n con turistas cubanos desde La Habana el pasado mes de junio por el Aeropuerto Internacional&hellip;<\/p>\n","protected":false},"author":2,"featured_media":2768,"comment_status":"open","ping_status":"closed","sticky":false,"template":"","format":"standard","meta":{"content-type":"","_lmt_disableupdate":"","_lmt_disable":"","footnotes":""},"categories":[6],"tags":[],"class_list":["post-2767","post","type-post","status-publish","format-standard","has-post-thumbnail","hentry","category-turismo"],"yoast_head":"<!-- This site is optimized with the Yoast SEO Premium plugin v27.4 (Yoast SEO v27.4) - https:\/\/yoast.com\/product\/yoast-seo-premium-wordpress\/ -->\n<title>Se incrementa llegada de turistas cubanos a RD - Realidad Tur\u00edstica<\/title>\n<meta name=\"robots\" content=\"index, follow, max-snippet:-1, max-image-preview:large, max-video-preview:-1\" \/>\n<link rel=\"canonical\" href=\"https:\/\/realidadturistica.com\/realtur\/se-incrementa-llegada-de-turistas-cubanos-a-rd\/\" \/>\n<meta property=\"og:locale\" content=\"es_ES\" \/>\n<meta property=\"og:type\" content=\"article\" \/>\n<meta property=\"og:title\" content=\"Se incrementa llegada de turistas cubanos a RD\" \/>\n<meta property=\"og:description\" content=\"RD. Tras la aerol\u00ednea dominicana Sky Cana comenzar una operaci\u00f3n con turistas cubanos desde La Habana el pasado mes de junio por el Aeropuerto Internacional&hellip;\" \/>\n<meta property=\"og:url\" content=\"https:\/\/realidadturistica.com\/realtur\/se-incrementa-llegada-de-turistas-cubanos-a-rd\/\" \/>\n<meta property=\"og:site_name\" content=\"Realidad Tur\u00edstica\" \/>\n<meta property=\"article:publisher\" content=\"https:\/\/www.facebook.com\/realidadturistica\" \/>\n<meta property=\"article:published_time\" content=\"2022-08-03T03:01:35+00:00\" \/>\n<meta property=\"og:image\" content=\"https:\/\/realidadturistica.com\/realtur\/wp-content\/uploads\/2022\/08\/Se-incrementa-llegada.jpg\" \/>\n\t<meta property=\"og:image:width\" content=\"1850\" \/>\n\t<meta property=\"og:image:height\" content=\"1234\" \/>\n\t<meta property=\"og:image:type\" content=\"image\/jpeg\" \/>\n<meta name=\"author\" content=\"Editor\" \/>\n<meta name=\"twitter:card\" content=\"summary_large_image\" \/>\n<meta name=\"twitter:label1\" content=\"Escrito por\" \/>\n\t<meta name=\"twitter:data1\" content=\"Editor\" \/>\n\t<meta name=\"twitter:label2\" content=\"Tiempo de lectura\" \/>\n\t<meta name=\"twitter:data2\" content=\"2 minutos\" \/>\n<script type=\"application\/ld+json\" class=\"yoast-schema-graph\">{\"@context\":\"https:\\\/\\\/schema.org\",\"@graph\":[{\"@type\":\"Article\",\"@id\":\"https:\\\/\\\/realidadturistica.com\\\/realtur\\\/se-incrementa-llegada-de-turistas-cubanos-a-rd\\\/#article\",\"isPartOf\":{\"@id\":\"https:\\\/\\\/realidadturistica.com\\\/realtur\\\/se-incrementa-llegada-de-turistas-cubanos-a-rd\\\/\"},\"author\":{\"name\":\"Editor\",\"@id\":\"https:\\\/\\\/realidadturistica.com\\\/realtur\\\/#\\\/schema\\\/person\\\/ade671191202490fcf08ab21590de73e\"},\"headline\":\"Se incrementa llegada de turistas cubanos a RD\",\"datePublished\":\"2022-08-03T03:01:35+00:00\",\"mainEntityOfPage\":{\"@id\":\"https:\\\/\\\/realidadturistica.com\\\/realtur\\\/se-incrementa-llegada-de-turistas-cubanos-a-rd\\\/\"},\"wordCount\":339,\"commentCount\":0,\"publisher\":{\"@id\":\"https:\\\/\\\/realidadturistica.com\\\/realtur\\\/#organization\"},\"image\":{\"@id\":\"https:\\\/\\\/realidadturistica.com\\\/realtur\\\/se-incrementa-llegada-de-turistas-cubanos-a-rd\\\/#primaryimage\"},\"thumbnailUrl\":\"https:\\\/\\\/realidadturistica.com\\\/realtur\\\/wp-content\\\/uploads\\\/2022\\\/08\\\/Se-incrementa-llegada.jpg\",\"articleSection\":[\"Turismo\"],\"inLanguage\":\"es\",\"potentialAction\":[{\"@type\":\"CommentAction\",\"name\":\"Comment\",\"target\":[\"https:\\\/\\\/realidadturistica.com\\\/realtur\\\/se-incrementa-llegada-de-turistas-cubanos-a-rd\\\/#respond\"]}]},{\"@type\":\"WebPage\",\"@id\":\"https:\\\/\\\/realidadturistica.com\\\/realtur\\\/se-incrementa-llegada-de-turistas-cubanos-a-rd\\\/\",\"url\":\"https:\\\/\\\/realidadturistica.com\\\/realtur\\\/se-incrementa-llegada-de-turistas-cubanos-a-rd\\\/\",\"name\":\"Se incrementa llegada de turistas cubanos a RD - Realidad Tur\u00edstica\",\"isPartOf\":{\"@id\":\"https:\\\/\\\/realidadturistica.com\\\/realtur\\\/#website\"},\"primaryImageOfPage\":{\"@id\":\"https:\\\/\\\/realidadturistica.com\\\/realtur\\\/se-incrementa-llegada-de-turistas-cubanos-a-rd\\\/#primaryimage\"},\"image\":{\"@id\":\"https:\\\/\\\/realidadturistica.com\\\/realtur\\\/se-incrementa-llegada-de-turistas-cubanos-a-rd\\\/#primaryimage\"},\"thumbnailUrl\":\"https:\\\/\\\/realidadturistica.com\\\/realtur\\\/wp-content\\\/uploads\\\/2022\\\/08\\\/Se-incrementa-llegada.jpg\",\"datePublished\":\"2022-08-03T03:01:35+00:00\",\"breadcrumb\":{\"@id\":\"https:\\\/\\\/realidadturistica.com\\\/realtur\\\/se-incrementa-llegada-de-turistas-cubanos-a-rd\\\/#breadcrumb\"},\"inLanguage\":\"es\",\"potentialAction\":[{\"@type\":\"ReadAction\",\"target\":[\"https:\\\/\\\/realidadturistica.com\\\/realtur\\\/se-incrementa-llegada-de-turistas-cubanos-a-rd\\\/\"]}]},{\"@type\":\"ImageObject\",\"inLanguage\":\"es\",\"@id\":\"https:\\\/\\\/realidadturistica.com\\\/realtur\\\/se-incrementa-llegada-de-turistas-cubanos-a-rd\\\/#primaryimage\",\"url\":\"https:\\\/\\\/realidadturistica.com\\\/realtur\\\/wp-content\\\/uploads\\\/2022\\\/08\\\/Se-incrementa-llegada.jpg\",\"contentUrl\":\"https:\\\/\\\/realidadturistica.com\\\/realtur\\\/wp-content\\\/uploads\\\/2022\\\/08\\\/Se-incrementa-llegada.jpg\",\"width\":1850,\"height\":1234},{\"@type\":\"BreadcrumbList\",\"@id\":\"https:\\\/\\\/realidadturistica.com\\\/realtur\\\/se-incrementa-llegada-de-turistas-cubanos-a-rd\\\/#breadcrumb\",\"itemListElement\":[{\"@type\":\"ListItem\",\"position\":1,\"name\":\"Portada\",\"item\":\"https:\\\/\\\/realidadturistica.com\\\/realtur\\\/\"},{\"@type\":\"ListItem\",\"position\":2,\"name\":\"Se incrementa llegada de turistas cubanos a RD\"}]},{\"@type\":\"WebSite\",\"@id\":\"https:\\\/\\\/realidadturistica.com\\\/realtur\\\/#website\",\"url\":\"https:\\\/\\\/realidadturistica.com\\\/realtur\\\/\",\"name\":\"Realidad Tur\u00edstica\",\"description\":\"\",\"publisher\":{\"@id\":\"https:\\\/\\\/realidadturistica.com\\\/realtur\\\/#organization\"},\"potentialAction\":[{\"@type\":\"SearchAction\",\"target\":{\"@type\":\"EntryPoint\",\"urlTemplate\":\"https:\\\/\\\/realidadturistica.com\\\/realtur\\\/?s={search_term_string}\"},\"query-input\":{\"@type\":\"PropertyValueSpecification\",\"valueRequired\":true,\"valueName\":\"search_term_string\"}}],\"inLanguage\":\"es\"},{\"@type\":\"Organization\",\"@id\":\"https:\\\/\\\/realidadturistica.com\\\/realtur\\\/#organization\",\"name\":\"Realidad Tur\u00edstica\",\"url\":\"https:\\\/\\\/realidadturistica.com\\\/realtur\\\/\",\"logo\":{\"@type\":\"ImageObject\",\"inLanguage\":\"es\",\"@id\":\"https:\\\/\\\/realidadturistica.com\\\/realtur\\\/#\\\/schema\\\/logo\\\/image\\\/\",\"url\":\"https:\\\/\\\/realidadturistica.com\\\/realtur\\\/wp-content\\\/uploads\\\/2021\\\/12\\\/logotipo-realidad-turistica.png\",\"contentUrl\":\"https:\\\/\\\/realidadturistica.com\\\/realtur\\\/wp-content\\\/uploads\\\/2021\\\/12\\\/logotipo-realidad-turistica.png\",\"width\":1382,\"height\":629,\"caption\":\"Realidad Tur\u00edstica\"},\"image\":{\"@id\":\"https:\\\/\\\/realidadturistica.com\\\/realtur\\\/#\\\/schema\\\/logo\\\/image\\\/\"},\"sameAs\":[\"https:\\\/\\\/www.facebook.com\\\/realidadturistica\",\"https:\\\/\\\/www.instagram.com\\\/realidad_turistica\\\/\"]},{\"@type\":\"Person\",\"@id\":\"https:\\\/\\\/realidadturistica.com\\\/realtur\\\/#\\\/schema\\\/person\\\/ade671191202490fcf08ab21590de73e\",\"name\":\"Editor\",\"image\":{\"@type\":\"ImageObject\",\"inLanguage\":\"es\",\"@id\":\"https:\\\/\\\/realidadturistica.com\\\/realtur\\\/wp-content\\\/uploads\\\/2023\\\/09\\\/Editor_avatar_1693668634-96x96.png\",\"url\":\"https:\\\/\\\/realidadturistica.com\\\/realtur\\\/wp-content\\\/uploads\\\/2023\\\/09\\\/Editor_avatar_1693668634-96x96.png\",\"contentUrl\":\"https:\\\/\\\/realidadturistica.com\\\/realtur\\\/wp-content\\\/uploads\\\/2023\\\/09\\\/Editor_avatar_1693668634-96x96.png\",\"caption\":\"Editor\"},\"sameAs\":[\"https:\\\/\\\/realidadturistica.com\\\/realtur\"],\"url\":\"https:\\\/\\\/realidadturistica.com\\\/realtur\\\/author\\\/editor2\\\/\"}]}<\/script>\n<!-- \/ Yoast SEO Premium plugin. -->","yoast_head_json":{"title":"Se incrementa llegada de turistas cubanos a RD - Realidad Tur\u00edstica","robots":{"index":"index","follow":"follow","max-snippet":"max-snippet:-1","max-image-preview":"max-image-preview:large","max-video-preview":"max-video-preview:-1"},"canonical":"https:\/\/realidadturistica.com\/realtur\/se-incrementa-llegada-de-turistas-cubanos-a-rd\/","og_locale":"es_ES","og_type":"article","og_title":"Se incrementa llegada de turistas cubanos a RD","og_description":"RD. Tras la aerol\u00ednea dominicana Sky Cana comenzar una operaci\u00f3n con turistas cubanos desde La Habana el pasado mes de junio por el Aeropuerto Internacional&hellip;","og_url":"https:\/\/realidadturistica.com\/realtur\/se-incrementa-llegada-de-turistas-cubanos-a-rd\/","og_site_name":"Realidad Tur\u00edstica","article_publisher":"https:\/\/www.facebook.com\/realidadturistica","article_published_time":"2022-08-03T03:01:35+00:00","og_image":[{"width":1850,"height":1234,"url":"https:\/\/realidadturistica.com\/realtur\/wp-content\/uploads\/2022\/08\/Se-incrementa-llegada.jpg","type":"image\/jpeg"}],"author":"Editor","twitter_card":"summary_large_image","twitter_misc":{"Escrito por":"Editor","Tiempo de lectura":"2 minutos"},"schema":{"@context":"https:\/\/schema.org","@graph":[{"@type":"Article","@id":"https:\/\/realidadturistica.com\/realtur\/se-incrementa-llegada-de-turistas-cubanos-a-rd\/#article","isPartOf":{"@id":"https:\/\/realidadturistica.com\/realtur\/se-incrementa-llegada-de-turistas-cubanos-a-rd\/"},"author":{"name":"Editor","@id":"https:\/\/realidadturistica.com\/realtur\/#\/schema\/person\/ade671191202490fcf08ab21590de73e"},"headline":"Se incrementa llegada de turistas cubanos a RD","datePublished":"2022-08-03T03:01:35+00:00","mainEntityOfPage":{"@id":"https:\/\/realidadturistica.com\/realtur\/se-incrementa-llegada-de-turistas-cubanos-a-rd\/"},"wordCount":339,"commentCount":0,"publisher":{"@id":"https:\/\/realidadturistica.com\/realtur\/#organization"},"image":{"@id":"https:\/\/realidadturistica.com\/realtur\/se-incrementa-llegada-de-turistas-cubanos-a-rd\/#primaryimage"},"thumbnailUrl":"https:\/\/realidadturistica.com\/realtur\/wp-content\/uploads\/2022\/08\/Se-incrementa-llegada.jpg","articleSection":["Turismo"],"inLanguage":"es","potentialAction":[{"@type":"CommentAction","name":"Comment","target":["https:\/\/realidadturistica.com\/realtur\/se-incrementa-llegada-de-turistas-cubanos-a-rd\/#respond"]}]},{"@type":"WebPage","@id":"https:\/\/realidadturistica.com\/realtur\/se-incrementa-llegada-de-turistas-cubanos-a-rd\/","url":"https:\/\/realidadturistica.com\/realtur\/se-incrementa-llegada-de-turistas-cubanos-a-rd\/","name":"Se incrementa llegada de turistas cubanos a RD - Realidad Tur\u00edstica","isPartOf":{"@id":"https:\/\/realidadturistica.com\/realtur\/#website"},"primaryImageOfPage":{"@id":"https:\/\/realidadturistica.com\/realtur\/se-incrementa-llegada-de-turistas-cubanos-a-rd\/#primaryimage"},"image":{"@id":"https:\/\/realidadturistica.com\/realtur\/se-incrementa-llegada-de-turistas-cubanos-a-rd\/#primaryimage"},"thumbnailUrl":"https:\/\/realidadturistica.com\/realtur\/wp-content\/uploads\/2022\/08\/Se-incrementa-llegada.jpg","datePublished":"2022-08-03T03:01:35+00:00","breadcrumb":{"@id":"https:\/\/realidadturistica.com\/realtur\/se-incrementa-llegada-de-turistas-cubanos-a-rd\/#breadcrumb"},"inLanguage":"es","potentialAction":[{"@type":"ReadAction","target":["https:\/\/realidadturistica.com\/realtur\/se-incrementa-llegada-de-turistas-cubanos-a-rd\/"]}]},{"@type":"ImageObject","inLanguage":"es","@id":"https:\/\/realidadturistica.com\/realtur\/se-incrementa-llegada-de-turistas-cubanos-a-rd\/#primaryimage","url":"https:\/\/realidadturistica.com\/realtur\/wp-content\/uploads\/2022\/08\/Se-incrementa-llegada.jpg","contentUrl":"https:\/\/realidadturistica.com\/realtur\/wp-content\/uploads\/2022\/08\/Se-incrementa-llegada.jpg","width":1850,"height":1234},{"@type":"BreadcrumbList","@id":"https:\/\/realidadturistica.com\/realtur\/se-incrementa-llegada-de-turistas-cubanos-a-rd\/#breadcrumb","itemListElement":[{"@type":"ListItem","position":1,"name":"Portada","item":"https:\/\/realidadturistica.com\/realtur\/"},{"@type":"ListItem","position":2,"name":"Se incrementa llegada de turistas cubanos a RD"}]},{"@type":"WebSite","@id":"https:\/\/realidadturistica.com\/realtur\/#website","url":"https:\/\/realidadturistica.com\/realtur\/","name":"Realidad Tur\u00edstica","description":"","publisher":{"@id":"https:\/\/realidadturistica.com\/realtur\/#organization"},"potentialAction":[{"@type":"SearchAction","target":{"@type":"EntryPoint","urlTemplate":"https:\/\/realidadturistica.com\/realtur\/?s={search_term_string}"},"query-input":{"@type":"PropertyValueSpecification","valueRequired":true,"valueName":"search_term_string"}}],"inLanguage":"es"},{"@type":"Organization","@id":"https:\/\/realidadturistica.com\/realtur\/#organization","name":"Realidad Tur\u00edstica","url":"https:\/\/realidadturistica.com\/realtur\/","logo":{"@type":"ImageObject","inLanguage":"es","@id":"https:\/\/realidadturistica.com\/realtur\/#\/schema\/logo\/image\/","url":"https:\/\/realidadturistica.com\/realtur\/wp-content\/uploads\/2021\/12\/logotipo-realidad-turistica.png","contentUrl":"https:\/\/realidadturistica.com\/realtur\/wp-content\/uploads\/2021\/12\/logotipo-realidad-turistica.png","width":1382,"height":629,"caption":"Realidad Tur\u00edstica"},"image":{"@id":"https:\/\/realidadturistica.com\/realtur\/#\/schema\/logo\/image\/"},"sameAs":["https:\/\/www.facebook.com\/realidadturistica","https:\/\/www.instagram.com\/realidad_turistica\/"]},{"@type":"Person","@id":"https:\/\/realidadturistica.com\/realtur\/#\/schema\/person\/ade671191202490fcf08ab21590de73e","name":"Editor","image":{"@type":"ImageObject","inLanguage":"es","@id":"https:\/\/realidadturistica.com\/realtur\/wp-content\/uploads\/2023\/09\/Editor_avatar_1693668634-96x96.png","url":"https:\/\/realidadturistica.com\/realtur\/wp-content\/uploads\/2023\/09\/Editor_avatar_1693668634-96x96.png","contentUrl":"https:\/\/realidadturistica.com\/realtur\/wp-content\/uploads\/2023\/09\/Editor_avatar_1693668634-96x96.png","caption":"Editor"},"sameAs":["https:\/\/realidadturistica.com\/realtur"],"url":"https:\/\/realidadturistica.com\/realtur\/author\/editor2\/"}]}},"_links":{"self":[{"href":"https:\/\/realidadturistica.com\/realtur\/wp-json\/wp\/v2\/posts\/2767","targetHints":{"allow":["GET"]}}],"collection":[{"href":"https:\/\/realidadturistica.com\/realtur\/wp-json\/wp\/v2\/posts"}],"about":[{"href":"https:\/\/realidadturistica.com\/realtur\/wp-json\/wp\/v2\/types\/post"}],"author":[{"embeddable":true,"href":"https:\/\/realidadturistica.com\/realtur\/wp-json\/wp\/v2\/users\/2"}],"replies":[{"embeddable":true,"href":"https:\/\/realidadturistica.com\/realtur\/wp-json\/wp\/v2\/comments?post=2767"}],"version-history":[{"count":0,"href":"https:\/\/realidadturistica.com\/realtur\/wp-json\/wp\/v2\/posts\/2767\/revisions"}],"wp:featuredmedia":[{"embeddable":true,"href":"https:\/\/realidadturistica.com\/realtur\/wp-json\/wp\/v2\/media\/2768"}],"wp:attachment":[{"href":"https:\/\/realidadturistica.com\/realtur\/wp-json\/wp\/v2\/media?parent=2767"}],"wp:term":[{"taxonomy":"category","embeddable":true,"href":"https:\/\/realidadturistica.com\/realtur\/wp-json\/wp\/v2\/categories?post=2767"},{"taxonomy":"post_tag","embeddable":true,"href":"https:\/\/realidadturistica.com\/realtur\/wp-json\/wp\/v2\/tags?post=2767"}],"curies":[{"name":"wp","href":"https:\/\/api.w.org\/{rel}","templated":true}]}}