{"id":2770,"date":"2022-08-03T03:05:43","date_gmt":"2022-08-03T03:05:43","guid":{"rendered":"https:\/\/realidadturistica.com\/realtur\/?p=2770"},"modified":"2022-08-03T03:05:43","modified_gmt":"2022-08-03T03:05:43","slug":"tren-maya-se-frena-en-quintana-roo-y-avanza-en-los-otros-tramos","status":"publish","type":"post","link":"https:\/\/realidadturistica.com\/realtur\/tren-maya-se-frena-en-quintana-roo-y-avanza-en-los-otros-tramos\/","title":{"rendered":"Tren Maya: se frena en Quintana Roo y avanza en los otros tramos"},"content":{"rendered":"\n<p>M\u00e9xico. Desde el mes de mayo, el tramo 5 del Tren Maya que corresponde al Estado de Quintana Roo se encuentra frenado mientras los dem\u00e1s avanzan de acuerdo con lo programado. Sin embargo, el presidente de M\u00e9xico Andr\u00e9s Manuel L\u00f3pez Obrador (AMLO), visit\u00f3 la zona y se dieron a conocer las estaciones que tendr\u00e1 el tramo, mientras Fonatur solo da avances de los otros cuatro.<\/p>\n\n\n\n<p>Pese a que contin\u00faan las suspensiones de la construcci\u00f3n del tramo 5 y a que todav\u00eda no existe una resoluci\u00f3n de lo que pueda pasar, se contabiliza que el Tren Maya tenga un total de 21 estaciones y 14 paraderos.<\/p>\n\n\n\n<p>El Tramo 5 norte entre Canc\u00fan \u2013 Playa del Carmen tendr\u00e1 las estaciones: Canc\u00fan Aeropuerto. Puerto Morelos, Playa del Carmen. Entre Playa del Carmen y Tulum las estaciones ser\u00e1n: Tulum, Tulum aeropuerto, con paraderos en Xcaret, Puerto Aventuras y Akumal, seg\u00fan lo recoge El Financiero.<\/p>\n\n\n\n<p>En la conferencia de este lunes, AMLO manifest\u00f3 que gestionar\u00e1 con el juez federal, Adri\u00e1n Novelo, la informaci\u00f3n donde se registra que el Tren Maya es un proyecto de seguridad nacional, con lo que se reiniciaron las obras en el Tramo 5.<\/p>\n\n\n\n<p>Como lo inform\u00f3 REPORTUR.mx, mientras AMLO y su administraci\u00f3n han asegurado que el Tren Maya ser\u00e1 inaugurado a finales de 2023, la realidad es que no ser\u00e1 posible por los retrasos en la obra, pues el Tramo 5 requiere de 24 meses para finalizar su construcci\u00f3n, es decir, estar\u00eda listo para el segundo semestre de 2024.<\/p>\n\n\n\n<p>Fuente: Reportur.mx<\/p>\n","protected":false},"excerpt":{"rendered":"<p>M\u00e9xico. Desde el mes de mayo, el tramo 5 del Tren Maya que corresponde al Estado de Quintana Roo se encuentra frenado mientras los dem\u00e1s&hellip;<\/p>\n","protected":false},"author":2,"featured_media":2771,"comment_status":"open","ping_status":"closed","sticky":false,"template":"","format":"standard","meta":{"content-type":"","_lmt_disableupdate":"","_lmt_disable":"","footnotes":""},"categories":[6],"tags":[],"class_list":["post-2770","post","type-post","status-publish","format-standard","has-post-thumbnail","hentry","category-turismo"],"yoast_head":"<!-- This site is optimized with the Yoast SEO Premium plugin v27.4 (Yoast SEO v27.5) - https:\/\/yoast.com\/product\/yoast-seo-premium-wordpress\/ -->\n<title>Tren Maya: se frena en Quintana Roo y avanza en los otros tramos - Realidad Tur\u00edstica<\/title>\n<meta name=\"robots\" content=\"index, follow, max-snippet:-1, max-image-preview:large, max-video-preview:-1\" \/>\n<link rel=\"canonical\" href=\"https:\/\/realidadturistica.com\/realtur\/tren-maya-se-frena-en-quintana-roo-y-avanza-en-los-otros-tramos\/\" \/>\n<meta property=\"og:locale\" content=\"es_ES\" \/>\n<meta property=\"og:type\" content=\"article\" \/>\n<meta property=\"og:title\" content=\"Tren Maya: se frena en Quintana Roo y avanza en los otros tramos\" \/>\n<meta property=\"og:description\" content=\"M\u00e9xico. Desde el mes de mayo, el tramo 5 del Tren Maya que corresponde al Estado de Quintana Roo se encuentra frenado mientras los dem\u00e1s&hellip;\" \/>\n<meta property=\"og:url\" content=\"https:\/\/realidadturistica.com\/realtur\/tren-maya-se-frena-en-quintana-roo-y-avanza-en-los-otros-tramos\/\" \/>\n<meta property=\"og:site_name\" content=\"Realidad Tur\u00edstica\" \/>\n<meta property=\"article:publisher\" content=\"https:\/\/www.facebook.com\/realidadturistica\" \/>\n<meta property=\"article:published_time\" content=\"2022-08-03T03:05:43+00:00\" \/>\n<meta property=\"og:image\" content=\"https:\/\/realidadturistica.com\/realtur\/wp-content\/uploads\/2022\/08\/Tren-Maya.jpg\" \/>\n\t<meta property=\"og:image:width\" content=\"640\" \/>\n\t<meta property=\"og:image:height\" content=\"398\" \/>\n\t<meta property=\"og:image:type\" content=\"image\/jpeg\" \/>\n<meta name=\"author\" content=\"Editor\" \/>\n<meta name=\"twitter:card\" content=\"summary_large_image\" \/>\n<meta name=\"twitter:label1\" content=\"Escrito por\" \/>\n\t<meta name=\"twitter:data1\" content=\"Editor\" \/>\n\t<meta name=\"twitter:label2\" content=\"Tiempo de lectura\" \/>\n\t<meta name=\"twitter:data2\" content=\"1 minuto\" \/>\n<script type=\"application\/ld+json\" class=\"yoast-schema-graph\">{\"@context\":\"https:\\\/\\\/schema.org\",\"@graph\":[{\"@type\":\"Article\",\"@id\":\"https:\\\/\\\/realidadturistica.com\\\/realtur\\\/tren-maya-se-frena-en-quintana-roo-y-avanza-en-los-otros-tramos\\\/#article\",\"isPartOf\":{\"@id\":\"https:\\\/\\\/realidadturistica.com\\\/realtur\\\/tren-maya-se-frena-en-quintana-roo-y-avanza-en-los-otros-tramos\\\/\"},\"author\":{\"name\":\"Editor\",\"@id\":\"https:\\\/\\\/realidadturistica.com\\\/realtur\\\/#\\\/schema\\\/person\\\/ade671191202490fcf08ab21590de73e\"},\"headline\":\"Tren Maya: se frena en Quintana Roo y avanza en los otros tramos\",\"datePublished\":\"2022-08-03T03:05:43+00:00\",\"mainEntityOfPage\":{\"@id\":\"https:\\\/\\\/realidadturistica.com\\\/realtur\\\/tren-maya-se-frena-en-quintana-roo-y-avanza-en-los-otros-tramos\\\/\"},\"wordCount\":272,\"commentCount\":0,\"publisher\":{\"@id\":\"https:\\\/\\\/realidadturistica.com\\\/realtur\\\/#organization\"},\"image\":{\"@id\":\"https:\\\/\\\/realidadturistica.com\\\/realtur\\\/tren-maya-se-frena-en-quintana-roo-y-avanza-en-los-otros-tramos\\\/#primaryimage\"},\"thumbnailUrl\":\"https:\\\/\\\/realidadturistica.com\\\/realtur\\\/wp-content\\\/uploads\\\/2022\\\/08\\\/Tren-Maya.jpg\",\"articleSection\":[\"Turismo\"],\"inLanguage\":\"es\",\"potentialAction\":[{\"@type\":\"CommentAction\",\"name\":\"Comment\",\"target\":[\"https:\\\/\\\/realidadturistica.com\\\/realtur\\\/tren-maya-se-frena-en-quintana-roo-y-avanza-en-los-otros-tramos\\\/#respond\"]}]},{\"@type\":\"WebPage\",\"@id\":\"https:\\\/\\\/realidadturistica.com\\\/realtur\\\/tren-maya-se-frena-en-quintana-roo-y-avanza-en-los-otros-tramos\\\/\",\"url\":\"https:\\\/\\\/realidadturistica.com\\\/realtur\\\/tren-maya-se-frena-en-quintana-roo-y-avanza-en-los-otros-tramos\\\/\",\"name\":\"Tren Maya: se frena en Quintana Roo y avanza en los otros tramos - Realidad Tur\u00edstica\",\"isPartOf\":{\"@id\":\"https:\\\/\\\/realidadturistica.com\\\/realtur\\\/#website\"},\"primaryImageOfPage\":{\"@id\":\"https:\\\/\\\/realidadturistica.com\\\/realtur\\\/tren-maya-se-frena-en-quintana-roo-y-avanza-en-los-otros-tramos\\\/#primaryimage\"},\"image\":{\"@id\":\"https:\\\/\\\/realidadturistica.com\\\/realtur\\\/tren-maya-se-frena-en-quintana-roo-y-avanza-en-los-otros-tramos\\\/#primaryimage\"},\"thumbnailUrl\":\"https:\\\/\\\/realidadturistica.com\\\/realtur\\\/wp-content\\\/uploads\\\/2022\\\/08\\\/Tren-Maya.jpg\",\"datePublished\":\"2022-08-03T03:05:43+00:00\",\"breadcrumb\":{\"@id\":\"https:\\\/\\\/realidadturistica.com\\\/realtur\\\/tren-maya-se-frena-en-quintana-roo-y-avanza-en-los-otros-tramos\\\/#breadcrumb\"},\"inLanguage\":\"es\",\"potentialAction\":[{\"@type\":\"ReadAction\",\"target\":[\"https:\\\/\\\/realidadturistica.com\\\/realtur\\\/tren-maya-se-frena-en-quintana-roo-y-avanza-en-los-otros-tramos\\\/\"]}]},{\"@type\":\"ImageObject\",\"inLanguage\":\"es\",\"@id\":\"https:\\\/\\\/realidadturistica.com\\\/realtur\\\/tren-maya-se-frena-en-quintana-roo-y-avanza-en-los-otros-tramos\\\/#primaryimage\",\"url\":\"https:\\\/\\\/realidadturistica.com\\\/realtur\\\/wp-content\\\/uploads\\\/2022\\\/08\\\/Tren-Maya.jpg\",\"contentUrl\":\"https:\\\/\\\/realidadturistica.com\\\/realtur\\\/wp-content\\\/uploads\\\/2022\\\/08\\\/Tren-Maya.jpg\",\"width\":640,\"height\":398},{\"@type\":\"BreadcrumbList\",\"@id\":\"https:\\\/\\\/realidadturistica.com\\\/realtur\\\/tren-maya-se-frena-en-quintana-roo-y-avanza-en-los-otros-tramos\\\/#breadcrumb\",\"itemListElement\":[{\"@type\":\"ListItem\",\"position\":1,\"name\":\"Portada\",\"item\":\"https:\\\/\\\/realidadturistica.com\\\/realtur\\\/\"},{\"@type\":\"ListItem\",\"position\":2,\"name\":\"Tren Maya: se frena en Quintana Roo y avanza en los otros tramos\"}]},{\"@type\":\"WebSite\",\"@id\":\"https:\\\/\\\/realidadturistica.com\\\/realtur\\\/#website\",\"url\":\"https:\\\/\\\/realidadturistica.com\\\/realtur\\\/\",\"name\":\"Realidad Tur\u00edstica\",\"description\":\"\",\"publisher\":{\"@id\":\"https:\\\/\\\/realidadturistica.com\\\/realtur\\\/#organization\"},\"potentialAction\":[{\"@type\":\"SearchAction\",\"target\":{\"@type\":\"EntryPoint\",\"urlTemplate\":\"https:\\\/\\\/realidadturistica.com\\\/realtur\\\/?s={search_term_string}\"},\"query-input\":{\"@type\":\"PropertyValueSpecification\",\"valueRequired\":true,\"valueName\":\"search_term_string\"}}],\"inLanguage\":\"es\"},{\"@type\":\"Organization\",\"@id\":\"https:\\\/\\\/realidadturistica.com\\\/realtur\\\/#organization\",\"name\":\"Realidad Tur\u00edstica\",\"url\":\"https:\\\/\\\/realidadturistica.com\\\/realtur\\\/\",\"logo\":{\"@type\":\"ImageObject\",\"inLanguage\":\"es\",\"@id\":\"https:\\\/\\\/realidadturistica.com\\\/realtur\\\/#\\\/schema\\\/logo\\\/image\\\/\",\"url\":\"https:\\\/\\\/realidadturistica.com\\\/realtur\\\/wp-content\\\/uploads\\\/2021\\\/12\\\/logotipo-realidad-turistica.png\",\"contentUrl\":\"https:\\\/\\\/realidadturistica.com\\\/realtur\\\/wp-content\\\/uploads\\\/2021\\\/12\\\/logotipo-realidad-turistica.png\",\"width\":1382,\"height\":629,\"caption\":\"Realidad Tur\u00edstica\"},\"image\":{\"@id\":\"https:\\\/\\\/realidadturistica.com\\\/realtur\\\/#\\\/schema\\\/logo\\\/image\\\/\"},\"sameAs\":[\"https:\\\/\\\/www.facebook.com\\\/realidadturistica\",\"https:\\\/\\\/www.instagram.com\\\/realidad_turistica\\\/\"]},{\"@type\":\"Person\",\"@id\":\"https:\\\/\\\/realidadturistica.com\\\/realtur\\\/#\\\/schema\\\/person\\\/ade671191202490fcf08ab21590de73e\",\"name\":\"Editor\",\"image\":{\"@type\":\"ImageObject\",\"inLanguage\":\"es\",\"@id\":\"https:\\\/\\\/realidadturistica.com\\\/realtur\\\/wp-content\\\/uploads\\\/2023\\\/09\\\/Editor_avatar_1693668634-96x96.png\",\"url\":\"https:\\\/\\\/realidadturistica.com\\\/realtur\\\/wp-content\\\/uploads\\\/2023\\\/09\\\/Editor_avatar_1693668634-96x96.png\",\"contentUrl\":\"https:\\\/\\\/realidadturistica.com\\\/realtur\\\/wp-content\\\/uploads\\\/2023\\\/09\\\/Editor_avatar_1693668634-96x96.png\",\"caption\":\"Editor\"},\"sameAs\":[\"https:\\\/\\\/realidadturistica.com\\\/realtur\"],\"url\":\"https:\\\/\\\/realidadturistica.com\\\/realtur\\\/author\\\/editor2\\\/\"}]}<\/script>\n<!-- \/ Yoast SEO Premium plugin. -->","yoast_head_json":{"title":"Tren Maya: se frena en Quintana Roo y avanza en los otros tramos - Realidad Tur\u00edstica","robots":{"index":"index","follow":"follow","max-snippet":"max-snippet:-1","max-image-preview":"max-image-preview:large","max-video-preview":"max-video-preview:-1"},"canonical":"https:\/\/realidadturistica.com\/realtur\/tren-maya-se-frena-en-quintana-roo-y-avanza-en-los-otros-tramos\/","og_locale":"es_ES","og_type":"article","og_title":"Tren Maya: se frena en Quintana Roo y avanza en los otros tramos","og_description":"M\u00e9xico. Desde el mes de mayo, el tramo 5 del Tren Maya que corresponde al Estado de Quintana Roo se encuentra frenado mientras los dem\u00e1s&hellip;","og_url":"https:\/\/realidadturistica.com\/realtur\/tren-maya-se-frena-en-quintana-roo-y-avanza-en-los-otros-tramos\/","og_site_name":"Realidad Tur\u00edstica","article_publisher":"https:\/\/www.facebook.com\/realidadturistica","article_published_time":"2022-08-03T03:05:43+00:00","og_image":[{"width":640,"height":398,"url":"https:\/\/realidadturistica.com\/realtur\/wp-content\/uploads\/2022\/08\/Tren-Maya.jpg","type":"image\/jpeg"}],"author":"Editor","twitter_card":"summary_large_image","twitter_misc":{"Escrito por":"Editor","Tiempo de lectura":"1 minuto"},"schema":{"@context":"https:\/\/schema.org","@graph":[{"@type":"Article","@id":"https:\/\/realidadturistica.com\/realtur\/tren-maya-se-frena-en-quintana-roo-y-avanza-en-los-otros-tramos\/#article","isPartOf":{"@id":"https:\/\/realidadturistica.com\/realtur\/tren-maya-se-frena-en-quintana-roo-y-avanza-en-los-otros-tramos\/"},"author":{"name":"Editor","@id":"https:\/\/realidadturistica.com\/realtur\/#\/schema\/person\/ade671191202490fcf08ab21590de73e"},"headline":"Tren Maya: se frena en Quintana Roo y avanza en los otros tramos","datePublished":"2022-08-03T03:05:43+00:00","mainEntityOfPage":{"@id":"https:\/\/realidadturistica.com\/realtur\/tren-maya-se-frena-en-quintana-roo-y-avanza-en-los-otros-tramos\/"},"wordCount":272,"commentCount":0,"publisher":{"@id":"https:\/\/realidadturistica.com\/realtur\/#organization"},"image":{"@id":"https:\/\/realidadturistica.com\/realtur\/tren-maya-se-frena-en-quintana-roo-y-avanza-en-los-otros-tramos\/#primaryimage"},"thumbnailUrl":"https:\/\/realidadturistica.com\/realtur\/wp-content\/uploads\/2022\/08\/Tren-Maya.jpg","articleSection":["Turismo"],"inLanguage":"es","potentialAction":[{"@type":"CommentAction","name":"Comment","target":["https:\/\/realidadturistica.com\/realtur\/tren-maya-se-frena-en-quintana-roo-y-avanza-en-los-otros-tramos\/#respond"]}]},{"@type":"WebPage","@id":"https:\/\/realidadturistica.com\/realtur\/tren-maya-se-frena-en-quintana-roo-y-avanza-en-los-otros-tramos\/","url":"https:\/\/realidadturistica.com\/realtur\/tren-maya-se-frena-en-quintana-roo-y-avanza-en-los-otros-tramos\/","name":"Tren Maya: se frena en Quintana Roo y avanza en los otros tramos - Realidad Tur\u00edstica","isPartOf":{"@id":"https:\/\/realidadturistica.com\/realtur\/#website"},"primaryImageOfPage":{"@id":"https:\/\/realidadturistica.com\/realtur\/tren-maya-se-frena-en-quintana-roo-y-avanza-en-los-otros-tramos\/#primaryimage"},"image":{"@id":"https:\/\/realidadturistica.com\/realtur\/tren-maya-se-frena-en-quintana-roo-y-avanza-en-los-otros-tramos\/#primaryimage"},"thumbnailUrl":"https:\/\/realidadturistica.com\/realtur\/wp-content\/uploads\/2022\/08\/Tren-Maya.jpg","datePublished":"2022-08-03T03:05:43+00:00","breadcrumb":{"@id":"https:\/\/realidadturistica.com\/realtur\/tren-maya-se-frena-en-quintana-roo-y-avanza-en-los-otros-tramos\/#breadcrumb"},"inLanguage":"es","potentialAction":[{"@type":"ReadAction","target":["https:\/\/realidadturistica.com\/realtur\/tren-maya-se-frena-en-quintana-roo-y-avanza-en-los-otros-tramos\/"]}]},{"@type":"ImageObject","inLanguage":"es","@id":"https:\/\/realidadturistica.com\/realtur\/tren-maya-se-frena-en-quintana-roo-y-avanza-en-los-otros-tramos\/#primaryimage","url":"https:\/\/realidadturistica.com\/realtur\/wp-content\/uploads\/2022\/08\/Tren-Maya.jpg","contentUrl":"https:\/\/realidadturistica.com\/realtur\/wp-content\/uploads\/2022\/08\/Tren-Maya.jpg","width":640,"height":398},{"@type":"BreadcrumbList","@id":"https:\/\/realidadturistica.com\/realtur\/tren-maya-se-frena-en-quintana-roo-y-avanza-en-los-otros-tramos\/#breadcrumb","itemListElement":[{"@type":"ListItem","position":1,"name":"Portada","item":"https:\/\/realidadturistica.com\/realtur\/"},{"@type":"ListItem","position":2,"name":"Tren Maya: se frena en Quintana Roo y avanza en los otros tramos"}]},{"@type":"WebSite","@id":"https:\/\/realidadturistica.com\/realtur\/#website","url":"https:\/\/realidadturistica.com\/realtur\/","name":"Realidad Tur\u00edstica","description":"","publisher":{"@id":"https:\/\/realidadturistica.com\/realtur\/#organization"},"potentialAction":[{"@type":"SearchAction","target":{"@type":"EntryPoint","urlTemplate":"https:\/\/realidadturistica.com\/realtur\/?s={search_term_string}"},"query-input":{"@type":"PropertyValueSpecification","valueRequired":true,"valueName":"search_term_string"}}],"inLanguage":"es"},{"@type":"Organization","@id":"https:\/\/realidadturistica.com\/realtur\/#organization","name":"Realidad Tur\u00edstica","url":"https:\/\/realidadturistica.com\/realtur\/","logo":{"@type":"ImageObject","inLanguage":"es","@id":"https:\/\/realidadturistica.com\/realtur\/#\/schema\/logo\/image\/","url":"https:\/\/realidadturistica.com\/realtur\/wp-content\/uploads\/2021\/12\/logotipo-realidad-turistica.png","contentUrl":"https:\/\/realidadturistica.com\/realtur\/wp-content\/uploads\/2021\/12\/logotipo-realidad-turistica.png","width":1382,"height":629,"caption":"Realidad Tur\u00edstica"},"image":{"@id":"https:\/\/realidadturistica.com\/realtur\/#\/schema\/logo\/image\/"},"sameAs":["https:\/\/www.facebook.com\/realidadturistica","https:\/\/www.instagram.com\/realidad_turistica\/"]},{"@type":"Person","@id":"https:\/\/realidadturistica.com\/realtur\/#\/schema\/person\/ade671191202490fcf08ab21590de73e","name":"Editor","image":{"@type":"ImageObject","inLanguage":"es","@id":"https:\/\/realidadturistica.com\/realtur\/wp-content\/uploads\/2023\/09\/Editor_avatar_1693668634-96x96.png","url":"https:\/\/realidadturistica.com\/realtur\/wp-content\/uploads\/2023\/09\/Editor_avatar_1693668634-96x96.png","contentUrl":"https:\/\/realidadturistica.com\/realtur\/wp-content\/uploads\/2023\/09\/Editor_avatar_1693668634-96x96.png","caption":"Editor"},"sameAs":["https:\/\/realidadturistica.com\/realtur"],"url":"https:\/\/realidadturistica.com\/realtur\/author\/editor2\/"}]}},"_links":{"self":[{"href":"https:\/\/realidadturistica.com\/realtur\/wp-json\/wp\/v2\/posts\/2770","targetHints":{"allow":["GET"]}}],"collection":[{"href":"https:\/\/realidadturistica.com\/realtur\/wp-json\/wp\/v2\/posts"}],"about":[{"href":"https:\/\/realidadturistica.com\/realtur\/wp-json\/wp\/v2\/types\/post"}],"author":[{"embeddable":true,"href":"https:\/\/realidadturistica.com\/realtur\/wp-json\/wp\/v2\/users\/2"}],"replies":[{"embeddable":true,"href":"https:\/\/realidadturistica.com\/realtur\/wp-json\/wp\/v2\/comments?post=2770"}],"version-history":[{"count":0,"href":"https:\/\/realidadturistica.com\/realtur\/wp-json\/wp\/v2\/posts\/2770\/revisions"}],"wp:featuredmedia":[{"embeddable":true,"href":"https:\/\/realidadturistica.com\/realtur\/wp-json\/wp\/v2\/media\/2771"}],"wp:attachment":[{"href":"https:\/\/realidadturistica.com\/realtur\/wp-json\/wp\/v2\/media?parent=2770"}],"wp:term":[{"taxonomy":"category","embeddable":true,"href":"https:\/\/realidadturistica.com\/realtur\/wp-json\/wp\/v2\/categories?post=2770"},{"taxonomy":"post_tag","embeddable":true,"href":"https:\/\/realidadturistica.com\/realtur\/wp-json\/wp\/v2\/tags?post=2770"}],"curies":[{"name":"wp","href":"https:\/\/api.w.org\/{rel}","templated":true}]}}