{"id":2882,"date":"2022-08-30T12:31:22","date_gmt":"2022-08-30T12:31:22","guid":{"rendered":"https:\/\/realidadturistica.com\/realtur\/?p=2882"},"modified":"2022-08-30T12:31:22","modified_gmt":"2022-08-30T12:31:22","slug":"la-aerolinea-air-europa-apuesta-por-la-modernizacion-de-su-flota","status":"publish","type":"post","link":"https:\/\/realidadturistica.com\/realtur\/la-aerolinea-air-europa-apuesta-por-la-modernizacion-de-su-flota\/","title":{"rendered":"La aerol\u00ednea Air Europa apuesta por la modernizaci\u00f3n de su flota"},"content":{"rendered":"\n<p>La aerol\u00ednea Air Europa contin\u00faa actualizando su flota. Esta vez ha logrado un acuerdo con AerCap Holdings N.V. para la incorporaci\u00f3n de 15 nuevas aeronaves. La compa\u00f1\u00eda se har\u00e1 con cinco Boeing 787-9 Dreamliner y diez Boeing 737 MAX. La entrega de las unidades comenzar\u00e1 a principios de 2024 y finalizar\u00e1 en 2026.<\/p>\n\n\n\n<p>Cabe destacar que Air Europa ser\u00e1 la primera aerol\u00ednea espa\u00f1ola e incluir en su flota el nuevo modelo Boeing 737 MAX, lo que le permitir\u00e1 optimizar el consumo de carburante y reducir las emisiones.<\/p>\n\n\n\n<p>\u00abCon esta transacci\u00f3n hist\u00f3rica para la aerol\u00ednea, estamos encantados de reafirmar nuestra confianza en el negocio y el equipo de gesti\u00f3n de Air Europa y les deseamos mucho \u00e9xito en su programa de modernizaci\u00f3n de la flota\u00bb, ha se\u00f1alado Peter Anderson, director comercial de AerCap. \u00abEl futuro es brillante para los programas Boeing 787 y MAX. Para Air Europa, estos aviones de nueva tecnolog\u00eda y bajo consumo de combustible proporcionar\u00e1n una mayor eficiencia de costes y les ayudar\u00e1n a cumplir sus compromisos de sostenibilidad. Agradecemos al equipo de Air Europa la confianza que ha depositado en AerCap, y estamos deseando trabajar juntos a medida que estos aviones cumplen su cometido\u00bb, indica.<\/p>\n\n\n\n<p>En los \u00faltimos a\u00f1os, la compal\u00eda a\u00e9rea ha apostado por la mejora continua de la sostenibilidad de la operativa y de su flota. Por ello, est\u00e1 focalizada en hacerse con modelos de la m\u00e1xima eficiencia y en la digitalizaci\u00f3n de procesos para mejorar el c\u00e1lculo de pesos, rutas y el consumo de combustible.<\/p>\n\n\n\n<p>Fuente: Nexotur.<\/p>\n","protected":false},"excerpt":{"rendered":"<p>La aerol\u00ednea Air Europa contin\u00faa actualizando su flota. Esta vez ha logrado un acuerdo con AerCap Holdings N.V. para la incorporaci\u00f3n de 15 nuevas aeronaves.&hellip;<\/p>\n","protected":false},"author":2,"featured_media":2883,"comment_status":"open","ping_status":"closed","sticky":false,"template":"","format":"standard","meta":{"content-type":"","_lmt_disableupdate":"","_lmt_disable":"","footnotes":""},"categories":[2],"tags":[],"class_list":["post-2882","post","type-post","status-publish","format-standard","has-post-thumbnail","hentry","category-aerolineas"],"yoast_head":"<!-- This site is optimized with the Yoast SEO Premium plugin v27.4 (Yoast SEO v27.5) - https:\/\/yoast.com\/product\/yoast-seo-premium-wordpress\/ -->\n<title>La aerol\u00ednea Air Europa apuesta por la modernizaci\u00f3n de su flota - Realidad Tur\u00edstica<\/title>\n<meta name=\"robots\" content=\"index, follow, max-snippet:-1, max-image-preview:large, max-video-preview:-1\" \/>\n<link rel=\"canonical\" href=\"https:\/\/realidadturistica.com\/realtur\/la-aerolinea-air-europa-apuesta-por-la-modernizacion-de-su-flota\/\" \/>\n<meta property=\"og:locale\" content=\"es_ES\" \/>\n<meta property=\"og:type\" content=\"article\" \/>\n<meta property=\"og:title\" content=\"La aerol\u00ednea Air Europa apuesta por la modernizaci\u00f3n de su flota\" \/>\n<meta property=\"og:description\" content=\"La aerol\u00ednea Air Europa contin\u00faa actualizando su flota. Esta vez ha logrado un acuerdo con AerCap Holdings N.V. para la incorporaci\u00f3n de 15 nuevas aeronaves.&hellip;\" \/>\n<meta property=\"og:url\" content=\"https:\/\/realidadturistica.com\/realtur\/la-aerolinea-air-europa-apuesta-por-la-modernizacion-de-su-flota\/\" \/>\n<meta property=\"og:site_name\" content=\"Realidad Tur\u00edstica\" \/>\n<meta property=\"article:publisher\" content=\"https:\/\/www.facebook.com\/realidadturistica\" \/>\n<meta property=\"article:published_time\" content=\"2022-08-30T12:31:22+00:00\" \/>\n<meta property=\"og:image\" content=\"https:\/\/realidadturistica.com\/realtur\/wp-content\/uploads\/2022\/08\/La-aerolinea.jpg\" \/>\n\t<meta property=\"og:image:width\" content=\"1100\" \/>\n\t<meta property=\"og:image:height\" content=\"725\" \/>\n\t<meta property=\"og:image:type\" content=\"image\/jpeg\" \/>\n<meta name=\"author\" content=\"Editor\" \/>\n<meta name=\"twitter:card\" content=\"summary_large_image\" \/>\n<meta name=\"twitter:label1\" content=\"Escrito por\" \/>\n\t<meta name=\"twitter:data1\" content=\"Editor\" \/>\n\t<meta name=\"twitter:label2\" content=\"Tiempo de lectura\" \/>\n\t<meta name=\"twitter:data2\" content=\"1 minuto\" \/>\n<script type=\"application\/ld+json\" class=\"yoast-schema-graph\">{\"@context\":\"https:\\\/\\\/schema.org\",\"@graph\":[{\"@type\":\"Article\",\"@id\":\"https:\\\/\\\/realidadturistica.com\\\/realtur\\\/la-aerolinea-air-europa-apuesta-por-la-modernizacion-de-su-flota\\\/#article\",\"isPartOf\":{\"@id\":\"https:\\\/\\\/realidadturistica.com\\\/realtur\\\/la-aerolinea-air-europa-apuesta-por-la-modernizacion-de-su-flota\\\/\"},\"author\":{\"name\":\"Editor\",\"@id\":\"https:\\\/\\\/realidadturistica.com\\\/realtur\\\/#\\\/schema\\\/person\\\/ade671191202490fcf08ab21590de73e\"},\"headline\":\"La aerol\u00ednea Air Europa apuesta por la modernizaci\u00f3n de su flota\",\"datePublished\":\"2022-08-30T12:31:22+00:00\",\"mainEntityOfPage\":{\"@id\":\"https:\\\/\\\/realidadturistica.com\\\/realtur\\\/la-aerolinea-air-europa-apuesta-por-la-modernizacion-de-su-flota\\\/\"},\"wordCount\":282,\"commentCount\":0,\"publisher\":{\"@id\":\"https:\\\/\\\/realidadturistica.com\\\/realtur\\\/#organization\"},\"image\":{\"@id\":\"https:\\\/\\\/realidadturistica.com\\\/realtur\\\/la-aerolinea-air-europa-apuesta-por-la-modernizacion-de-su-flota\\\/#primaryimage\"},\"thumbnailUrl\":\"https:\\\/\\\/realidadturistica.com\\\/realtur\\\/wp-content\\\/uploads\\\/2022\\\/08\\\/La-aerolinea.jpg\",\"articleSection\":[\"Volar con pasi\u00f3n\"],\"inLanguage\":\"es\",\"potentialAction\":[{\"@type\":\"CommentAction\",\"name\":\"Comment\",\"target\":[\"https:\\\/\\\/realidadturistica.com\\\/realtur\\\/la-aerolinea-air-europa-apuesta-por-la-modernizacion-de-su-flota\\\/#respond\"]}]},{\"@type\":\"WebPage\",\"@id\":\"https:\\\/\\\/realidadturistica.com\\\/realtur\\\/la-aerolinea-air-europa-apuesta-por-la-modernizacion-de-su-flota\\\/\",\"url\":\"https:\\\/\\\/realidadturistica.com\\\/realtur\\\/la-aerolinea-air-europa-apuesta-por-la-modernizacion-de-su-flota\\\/\",\"name\":\"La aerol\u00ednea Air Europa apuesta por la modernizaci\u00f3n de su flota - Realidad Tur\u00edstica\",\"isPartOf\":{\"@id\":\"https:\\\/\\\/realidadturistica.com\\\/realtur\\\/#website\"},\"primaryImageOfPage\":{\"@id\":\"https:\\\/\\\/realidadturistica.com\\\/realtur\\\/la-aerolinea-air-europa-apuesta-por-la-modernizacion-de-su-flota\\\/#primaryimage\"},\"image\":{\"@id\":\"https:\\\/\\\/realidadturistica.com\\\/realtur\\\/la-aerolinea-air-europa-apuesta-por-la-modernizacion-de-su-flota\\\/#primaryimage\"},\"thumbnailUrl\":\"https:\\\/\\\/realidadturistica.com\\\/realtur\\\/wp-content\\\/uploads\\\/2022\\\/08\\\/La-aerolinea.jpg\",\"datePublished\":\"2022-08-30T12:31:22+00:00\",\"breadcrumb\":{\"@id\":\"https:\\\/\\\/realidadturistica.com\\\/realtur\\\/la-aerolinea-air-europa-apuesta-por-la-modernizacion-de-su-flota\\\/#breadcrumb\"},\"inLanguage\":\"es\",\"potentialAction\":[{\"@type\":\"ReadAction\",\"target\":[\"https:\\\/\\\/realidadturistica.com\\\/realtur\\\/la-aerolinea-air-europa-apuesta-por-la-modernizacion-de-su-flota\\\/\"]}]},{\"@type\":\"ImageObject\",\"inLanguage\":\"es\",\"@id\":\"https:\\\/\\\/realidadturistica.com\\\/realtur\\\/la-aerolinea-air-europa-apuesta-por-la-modernizacion-de-su-flota\\\/#primaryimage\",\"url\":\"https:\\\/\\\/realidadturistica.com\\\/realtur\\\/wp-content\\\/uploads\\\/2022\\\/08\\\/La-aerolinea.jpg\",\"contentUrl\":\"https:\\\/\\\/realidadturistica.com\\\/realtur\\\/wp-content\\\/uploads\\\/2022\\\/08\\\/La-aerolinea.jpg\",\"width\":1100,\"height\":725},{\"@type\":\"BreadcrumbList\",\"@id\":\"https:\\\/\\\/realidadturistica.com\\\/realtur\\\/la-aerolinea-air-europa-apuesta-por-la-modernizacion-de-su-flota\\\/#breadcrumb\",\"itemListElement\":[{\"@type\":\"ListItem\",\"position\":1,\"name\":\"Portada\",\"item\":\"https:\\\/\\\/realidadturistica.com\\\/realtur\\\/\"},{\"@type\":\"ListItem\",\"position\":2,\"name\":\"La aerol\u00ednea Air Europa apuesta por la modernizaci\u00f3n de su flota\"}]},{\"@type\":\"WebSite\",\"@id\":\"https:\\\/\\\/realidadturistica.com\\\/realtur\\\/#website\",\"url\":\"https:\\\/\\\/realidadturistica.com\\\/realtur\\\/\",\"name\":\"Realidad Tur\u00edstica\",\"description\":\"\",\"publisher\":{\"@id\":\"https:\\\/\\\/realidadturistica.com\\\/realtur\\\/#organization\"},\"potentialAction\":[{\"@type\":\"SearchAction\",\"target\":{\"@type\":\"EntryPoint\",\"urlTemplate\":\"https:\\\/\\\/realidadturistica.com\\\/realtur\\\/?s={search_term_string}\"},\"query-input\":{\"@type\":\"PropertyValueSpecification\",\"valueRequired\":true,\"valueName\":\"search_term_string\"}}],\"inLanguage\":\"es\"},{\"@type\":\"Organization\",\"@id\":\"https:\\\/\\\/realidadturistica.com\\\/realtur\\\/#organization\",\"name\":\"Realidad Tur\u00edstica\",\"url\":\"https:\\\/\\\/realidadturistica.com\\\/realtur\\\/\",\"logo\":{\"@type\":\"ImageObject\",\"inLanguage\":\"es\",\"@id\":\"https:\\\/\\\/realidadturistica.com\\\/realtur\\\/#\\\/schema\\\/logo\\\/image\\\/\",\"url\":\"https:\\\/\\\/realidadturistica.com\\\/realtur\\\/wp-content\\\/uploads\\\/2021\\\/12\\\/logotipo-realidad-turistica.png\",\"contentUrl\":\"https:\\\/\\\/realidadturistica.com\\\/realtur\\\/wp-content\\\/uploads\\\/2021\\\/12\\\/logotipo-realidad-turistica.png\",\"width\":1382,\"height\":629,\"caption\":\"Realidad Tur\u00edstica\"},\"image\":{\"@id\":\"https:\\\/\\\/realidadturistica.com\\\/realtur\\\/#\\\/schema\\\/logo\\\/image\\\/\"},\"sameAs\":[\"https:\\\/\\\/www.facebook.com\\\/realidadturistica\",\"https:\\\/\\\/www.instagram.com\\\/realidad_turistica\\\/\"]},{\"@type\":\"Person\",\"@id\":\"https:\\\/\\\/realidadturistica.com\\\/realtur\\\/#\\\/schema\\\/person\\\/ade671191202490fcf08ab21590de73e\",\"name\":\"Editor\",\"image\":{\"@type\":\"ImageObject\",\"inLanguage\":\"es\",\"@id\":\"https:\\\/\\\/realidadturistica.com\\\/realtur\\\/wp-content\\\/uploads\\\/2023\\\/09\\\/Editor_avatar_1693668634-96x96.png\",\"url\":\"https:\\\/\\\/realidadturistica.com\\\/realtur\\\/wp-content\\\/uploads\\\/2023\\\/09\\\/Editor_avatar_1693668634-96x96.png\",\"contentUrl\":\"https:\\\/\\\/realidadturistica.com\\\/realtur\\\/wp-content\\\/uploads\\\/2023\\\/09\\\/Editor_avatar_1693668634-96x96.png\",\"caption\":\"Editor\"},\"sameAs\":[\"https:\\\/\\\/realidadturistica.com\\\/realtur\"],\"url\":\"https:\\\/\\\/realidadturistica.com\\\/realtur\\\/author\\\/editor2\\\/\"}]}<\/script>\n<!-- \/ Yoast SEO Premium plugin. -->","yoast_head_json":{"title":"La aerol\u00ednea Air Europa apuesta por la modernizaci\u00f3n de su flota - Realidad Tur\u00edstica","robots":{"index":"index","follow":"follow","max-snippet":"max-snippet:-1","max-image-preview":"max-image-preview:large","max-video-preview":"max-video-preview:-1"},"canonical":"https:\/\/realidadturistica.com\/realtur\/la-aerolinea-air-europa-apuesta-por-la-modernizacion-de-su-flota\/","og_locale":"es_ES","og_type":"article","og_title":"La aerol\u00ednea Air Europa apuesta por la modernizaci\u00f3n de su flota","og_description":"La aerol\u00ednea Air Europa contin\u00faa actualizando su flota. Esta vez ha logrado un acuerdo con AerCap Holdings N.V. para la incorporaci\u00f3n de 15 nuevas aeronaves.&hellip;","og_url":"https:\/\/realidadturistica.com\/realtur\/la-aerolinea-air-europa-apuesta-por-la-modernizacion-de-su-flota\/","og_site_name":"Realidad Tur\u00edstica","article_publisher":"https:\/\/www.facebook.com\/realidadturistica","article_published_time":"2022-08-30T12:31:22+00:00","og_image":[{"width":1100,"height":725,"url":"https:\/\/realidadturistica.com\/realtur\/wp-content\/uploads\/2022\/08\/La-aerolinea.jpg","type":"image\/jpeg"}],"author":"Editor","twitter_card":"summary_large_image","twitter_misc":{"Escrito por":"Editor","Tiempo de lectura":"1 minuto"},"schema":{"@context":"https:\/\/schema.org","@graph":[{"@type":"Article","@id":"https:\/\/realidadturistica.com\/realtur\/la-aerolinea-air-europa-apuesta-por-la-modernizacion-de-su-flota\/#article","isPartOf":{"@id":"https:\/\/realidadturistica.com\/realtur\/la-aerolinea-air-europa-apuesta-por-la-modernizacion-de-su-flota\/"},"author":{"name":"Editor","@id":"https:\/\/realidadturistica.com\/realtur\/#\/schema\/person\/ade671191202490fcf08ab21590de73e"},"headline":"La aerol\u00ednea Air Europa apuesta por la modernizaci\u00f3n de su flota","datePublished":"2022-08-30T12:31:22+00:00","mainEntityOfPage":{"@id":"https:\/\/realidadturistica.com\/realtur\/la-aerolinea-air-europa-apuesta-por-la-modernizacion-de-su-flota\/"},"wordCount":282,"commentCount":0,"publisher":{"@id":"https:\/\/realidadturistica.com\/realtur\/#organization"},"image":{"@id":"https:\/\/realidadturistica.com\/realtur\/la-aerolinea-air-europa-apuesta-por-la-modernizacion-de-su-flota\/#primaryimage"},"thumbnailUrl":"https:\/\/realidadturistica.com\/realtur\/wp-content\/uploads\/2022\/08\/La-aerolinea.jpg","articleSection":["Volar con pasi\u00f3n"],"inLanguage":"es","potentialAction":[{"@type":"CommentAction","name":"Comment","target":["https:\/\/realidadturistica.com\/realtur\/la-aerolinea-air-europa-apuesta-por-la-modernizacion-de-su-flota\/#respond"]}]},{"@type":"WebPage","@id":"https:\/\/realidadturistica.com\/realtur\/la-aerolinea-air-europa-apuesta-por-la-modernizacion-de-su-flota\/","url":"https:\/\/realidadturistica.com\/realtur\/la-aerolinea-air-europa-apuesta-por-la-modernizacion-de-su-flota\/","name":"La aerol\u00ednea Air Europa apuesta por la modernizaci\u00f3n de su flota - Realidad Tur\u00edstica","isPartOf":{"@id":"https:\/\/realidadturistica.com\/realtur\/#website"},"primaryImageOfPage":{"@id":"https:\/\/realidadturistica.com\/realtur\/la-aerolinea-air-europa-apuesta-por-la-modernizacion-de-su-flota\/#primaryimage"},"image":{"@id":"https:\/\/realidadturistica.com\/realtur\/la-aerolinea-air-europa-apuesta-por-la-modernizacion-de-su-flota\/#primaryimage"},"thumbnailUrl":"https:\/\/realidadturistica.com\/realtur\/wp-content\/uploads\/2022\/08\/La-aerolinea.jpg","datePublished":"2022-08-30T12:31:22+00:00","breadcrumb":{"@id":"https:\/\/realidadturistica.com\/realtur\/la-aerolinea-air-europa-apuesta-por-la-modernizacion-de-su-flota\/#breadcrumb"},"inLanguage":"es","potentialAction":[{"@type":"ReadAction","target":["https:\/\/realidadturistica.com\/realtur\/la-aerolinea-air-europa-apuesta-por-la-modernizacion-de-su-flota\/"]}]},{"@type":"ImageObject","inLanguage":"es","@id":"https:\/\/realidadturistica.com\/realtur\/la-aerolinea-air-europa-apuesta-por-la-modernizacion-de-su-flota\/#primaryimage","url":"https:\/\/realidadturistica.com\/realtur\/wp-content\/uploads\/2022\/08\/La-aerolinea.jpg","contentUrl":"https:\/\/realidadturistica.com\/realtur\/wp-content\/uploads\/2022\/08\/La-aerolinea.jpg","width":1100,"height":725},{"@type":"BreadcrumbList","@id":"https:\/\/realidadturistica.com\/realtur\/la-aerolinea-air-europa-apuesta-por-la-modernizacion-de-su-flota\/#breadcrumb","itemListElement":[{"@type":"ListItem","position":1,"name":"Portada","item":"https:\/\/realidadturistica.com\/realtur\/"},{"@type":"ListItem","position":2,"name":"La aerol\u00ednea Air Europa apuesta por la modernizaci\u00f3n de su flota"}]},{"@type":"WebSite","@id":"https:\/\/realidadturistica.com\/realtur\/#website","url":"https:\/\/realidadturistica.com\/realtur\/","name":"Realidad Tur\u00edstica","description":"","publisher":{"@id":"https:\/\/realidadturistica.com\/realtur\/#organization"},"potentialAction":[{"@type":"SearchAction","target":{"@type":"EntryPoint","urlTemplate":"https:\/\/realidadturistica.com\/realtur\/?s={search_term_string}"},"query-input":{"@type":"PropertyValueSpecification","valueRequired":true,"valueName":"search_term_string"}}],"inLanguage":"es"},{"@type":"Organization","@id":"https:\/\/realidadturistica.com\/realtur\/#organization","name":"Realidad Tur\u00edstica","url":"https:\/\/realidadturistica.com\/realtur\/","logo":{"@type":"ImageObject","inLanguage":"es","@id":"https:\/\/realidadturistica.com\/realtur\/#\/schema\/logo\/image\/","url":"https:\/\/realidadturistica.com\/realtur\/wp-content\/uploads\/2021\/12\/logotipo-realidad-turistica.png","contentUrl":"https:\/\/realidadturistica.com\/realtur\/wp-content\/uploads\/2021\/12\/logotipo-realidad-turistica.png","width":1382,"height":629,"caption":"Realidad Tur\u00edstica"},"image":{"@id":"https:\/\/realidadturistica.com\/realtur\/#\/schema\/logo\/image\/"},"sameAs":["https:\/\/www.facebook.com\/realidadturistica","https:\/\/www.instagram.com\/realidad_turistica\/"]},{"@type":"Person","@id":"https:\/\/realidadturistica.com\/realtur\/#\/schema\/person\/ade671191202490fcf08ab21590de73e","name":"Editor","image":{"@type":"ImageObject","inLanguage":"es","@id":"https:\/\/realidadturistica.com\/realtur\/wp-content\/uploads\/2023\/09\/Editor_avatar_1693668634-96x96.png","url":"https:\/\/realidadturistica.com\/realtur\/wp-content\/uploads\/2023\/09\/Editor_avatar_1693668634-96x96.png","contentUrl":"https:\/\/realidadturistica.com\/realtur\/wp-content\/uploads\/2023\/09\/Editor_avatar_1693668634-96x96.png","caption":"Editor"},"sameAs":["https:\/\/realidadturistica.com\/realtur"],"url":"https:\/\/realidadturistica.com\/realtur\/author\/editor2\/"}]}},"_links":{"self":[{"href":"https:\/\/realidadturistica.com\/realtur\/wp-json\/wp\/v2\/posts\/2882","targetHints":{"allow":["GET"]}}],"collection":[{"href":"https:\/\/realidadturistica.com\/realtur\/wp-json\/wp\/v2\/posts"}],"about":[{"href":"https:\/\/realidadturistica.com\/realtur\/wp-json\/wp\/v2\/types\/post"}],"author":[{"embeddable":true,"href":"https:\/\/realidadturistica.com\/realtur\/wp-json\/wp\/v2\/users\/2"}],"replies":[{"embeddable":true,"href":"https:\/\/realidadturistica.com\/realtur\/wp-json\/wp\/v2\/comments?post=2882"}],"version-history":[{"count":0,"href":"https:\/\/realidadturistica.com\/realtur\/wp-json\/wp\/v2\/posts\/2882\/revisions"}],"wp:featuredmedia":[{"embeddable":true,"href":"https:\/\/realidadturistica.com\/realtur\/wp-json\/wp\/v2\/media\/2883"}],"wp:attachment":[{"href":"https:\/\/realidadturistica.com\/realtur\/wp-json\/wp\/v2\/media?parent=2882"}],"wp:term":[{"taxonomy":"category","embeddable":true,"href":"https:\/\/realidadturistica.com\/realtur\/wp-json\/wp\/v2\/categories?post=2882"},{"taxonomy":"post_tag","embeddable":true,"href":"https:\/\/realidadturistica.com\/realtur\/wp-json\/wp\/v2\/tags?post=2882"}],"curies":[{"name":"wp","href":"https:\/\/api.w.org\/{rel}","templated":true}]}}