{"id":3061,"date":"2022-10-13T23:16:30","date_gmt":"2022-10-13T23:16:30","guid":{"rendered":"https:\/\/realidadturistica.com\/realtur\/?p=3061"},"modified":"2022-10-13T23:16:30","modified_gmt":"2022-10-13T23:16:30","slug":"importantes-personalidades-estaran-presente-en-la-iv-convencion-internacional-de-salud","status":"publish","type":"post","link":"https:\/\/realidadturistica.com\/realtur\/importantes-personalidades-estaran-presente-en-la-iv-convencion-internacional-de-salud\/","title":{"rendered":"Importantes personalidades estar\u00e1n presente en la IV Convenci\u00f3n Internacional de Salud"},"content":{"rendered":"\n<p>Cuba. Este 12 de octubre se llev\u00f3 a cabo en el Centro de Prensa Internacional del Minrex una conferencia de prensa con vistas a dar detalles sobre el desarrollo en Cuba de la IV Convenci\u00f3n Internacional de Salud, la XV Feria Comercial Salud para Todos y la I Feria Internacional de Turismo M\u00e9dico y Bienestar.<\/p>\n\n\n\n<p>Ileana Morales, directora nacional de Ciencia e Innovaci\u00f3n Tecnol\u00f3gica del Ministerio de Salud P\u00fablica de Cuba expres\u00f3 que a esta importante cita acudir\u00e1n medio centenar de ministros y viceministros de Salud de diferentes pa\u00edses, entre ellas la directora de la Organizaci\u00f3n Panamericana de la Salud (OPS), Carissa F. Etienne.<\/p>\n\n\n\n<p>En este contexto, la Dra. Morales destac\u00f3 que, durante la 75 Asamblea de la Organizaci\u00f3n Mundial de la Salud, que se desarroll\u00f3 este a\u00f1o, Carissa F. Etienne elogi\u00f3 el papel de Cuba en la lucha contra la Covid-19, reconociendo los esfuerzos desarrollados por la Mayor de las Antillas en la producci\u00f3n de vacunas nacionales que mitigaron la propagaci\u00f3n del virus.<\/p>\n\n\n\n<p>La cita se llevar\u00e1 a cabo del 17 al 21 de octubre en el recinto Pabexpo y contar\u00e1 adem\u00e1s con la presencia de unos dos mil participantes de 63 pa\u00edses, quienes tendr\u00e1n la posibilidad de intercambiar con especialistas cubanos, conocer de primera mano las novedades de salud desarrolladas en Cuba y establecer nexos comerciales.<\/p>\n\n\n\n<p>Un evento que ha despertado especial atenci\u00f3n es la I Feria Internacional de Turismo M\u00e9dico y Bienestar (FITSaludCuba), la cual permitir\u00e1 mostrar todo el potencial de salud de Cuba, que articulado con el desarrollo cient\u00edfico-biofarmac\u00e9utico y tur\u00edstico est\u00e1 dirigido a sanar y ofrecer la mayor calidad de vida del paciente.<\/p>\n\n\n\n<figure class=\"wp-block-image size-full\"><img fetchpriority=\"high\" decoding=\"async\" width=\"800\" height=\"600\" src=\"https:\/\/realidadturistica.com\/realtur\/wp-content\/uploads\/2022\/10\/Importantes-personalidades.jpg\" alt=\"\" class=\"wp-image-3063\" srcset=\"https:\/\/realidadturistica.com\/realtur\/wp-content\/uploads\/2022\/10\/Importantes-personalidades.jpg 800w, https:\/\/realidadturistica.com\/realtur\/wp-content\/uploads\/2022\/10\/Importantes-personalidades-300x225.jpg 300w, https:\/\/realidadturistica.com\/realtur\/wp-content\/uploads\/2022\/10\/Importantes-personalidades-768x576.jpg 768w\" sizes=\"(max-width: 800px) 100vw, 800px\" \/><\/figure>\n\n\n\n<p>Destacan los servicios postpandemia, innovaciones a nivel internacional, turismo de bienestar y termalismo inclusivo y sostenible, tendencias mundiales del mercado, modelos de gesti\u00f3n, redes de distribuci\u00f3n internacional y marketing orientado al desarrollo del sector.<\/p>\n\n\n\n<p>El evento en general pondr\u00e1 a la luz p\u00fablica todas las potenciales que ha desarrollado Cuba en el campo de la salud, lo cual unido a las condiciones y sus bondades tur\u00edsticas lo hace el destino ideal para el desarrollo de tratamientos m\u00e9dicos y bienestar familiar.<\/p>\n\n\n\n<p>Fuente: Realidad Tur\u00edstica.<\/p>\n","protected":false},"excerpt":{"rendered":"<p>Cuba. Este 12 de octubre se llev\u00f3 a cabo en el Centro de Prensa Internacional del Minrex una conferencia de prensa con vistas a dar&hellip;<\/p>\n","protected":false},"author":2,"featured_media":3062,"comment_status":"open","ping_status":"closed","sticky":false,"template":"","format":"standard","meta":{"content-type":"","_lmt_disableupdate":"","_lmt_disable":"","footnotes":""},"categories":[7],"tags":[],"class_list":["post-3061","post","type-post","status-publish","format-standard","has-post-thumbnail","hentry","category-turismo-salud"],"yoast_head":"<!-- This site is optimized with the Yoast SEO Premium plugin v27.4 (Yoast SEO v27.5) - https:\/\/yoast.com\/product\/yoast-seo-premium-wordpress\/ -->\n<title>Importantes personalidades estar\u00e1n presente en la IV Convenci\u00f3n Internacional de Salud - Realidad Tur\u00edstica<\/title>\n<meta name=\"robots\" content=\"index, follow, max-snippet:-1, max-image-preview:large, max-video-preview:-1\" \/>\n<link rel=\"canonical\" href=\"https:\/\/realidadturistica.com\/realtur\/importantes-personalidades-estaran-presente-en-la-iv-convencion-internacional-de-salud\/\" \/>\n<meta property=\"og:locale\" content=\"es_ES\" \/>\n<meta property=\"og:type\" content=\"article\" \/>\n<meta property=\"og:title\" content=\"Importantes personalidades estar\u00e1n presente en la IV Convenci\u00f3n Internacional de Salud\" \/>\n<meta property=\"og:description\" content=\"Cuba. Este 12 de octubre se llev\u00f3 a cabo en el Centro de Prensa Internacional del Minrex una conferencia de prensa con vistas a dar&hellip;\" \/>\n<meta property=\"og:url\" content=\"https:\/\/realidadturistica.com\/realtur\/importantes-personalidades-estaran-presente-en-la-iv-convencion-internacional-de-salud\/\" \/>\n<meta property=\"og:site_name\" content=\"Realidad Tur\u00edstica\" \/>\n<meta property=\"article:publisher\" content=\"https:\/\/www.facebook.com\/realidadturistica\" \/>\n<meta property=\"article:published_time\" content=\"2022-10-13T23:16:30+00:00\" \/>\n<meta property=\"og:image\" content=\"https:\/\/realidadturistica.com\/realtur\/wp-content\/uploads\/2022\/10\/311322220_5118570474914350_6728810636269185897_n.jpg\" \/>\n\t<meta property=\"og:image:width\" content=\"1040\" \/>\n\t<meta property=\"og:image:height\" content=\"780\" \/>\n\t<meta property=\"og:image:type\" content=\"image\/jpeg\" \/>\n<meta name=\"author\" content=\"Editor\" \/>\n<meta name=\"twitter:card\" content=\"summary_large_image\" \/>\n<meta name=\"twitter:label1\" content=\"Escrito por\" \/>\n\t<meta name=\"twitter:data1\" content=\"Editor\" \/>\n\t<meta name=\"twitter:label2\" content=\"Tiempo de lectura\" \/>\n\t<meta name=\"twitter:data2\" content=\"2 minutos\" \/>\n<script type=\"application\/ld+json\" class=\"yoast-schema-graph\">{\"@context\":\"https:\\\/\\\/schema.org\",\"@graph\":[{\"@type\":\"Article\",\"@id\":\"https:\\\/\\\/realidadturistica.com\\\/realtur\\\/importantes-personalidades-estaran-presente-en-la-iv-convencion-internacional-de-salud\\\/#article\",\"isPartOf\":{\"@id\":\"https:\\\/\\\/realidadturistica.com\\\/realtur\\\/importantes-personalidades-estaran-presente-en-la-iv-convencion-internacional-de-salud\\\/\"},\"author\":{\"name\":\"Editor\",\"@id\":\"https:\\\/\\\/realidadturistica.com\\\/realtur\\\/#\\\/schema\\\/person\\\/ade671191202490fcf08ab21590de73e\"},\"headline\":\"Importantes personalidades estar\u00e1n presente en la IV Convenci\u00f3n Internacional de Salud\",\"datePublished\":\"2022-10-13T23:16:30+00:00\",\"mainEntityOfPage\":{\"@id\":\"https:\\\/\\\/realidadturistica.com\\\/realtur\\\/importantes-personalidades-estaran-presente-en-la-iv-convencion-internacional-de-salud\\\/\"},\"wordCount\":385,\"commentCount\":0,\"publisher\":{\"@id\":\"https:\\\/\\\/realidadturistica.com\\\/realtur\\\/#organization\"},\"image\":{\"@id\":\"https:\\\/\\\/realidadturistica.com\\\/realtur\\\/importantes-personalidades-estaran-presente-en-la-iv-convencion-internacional-de-salud\\\/#primaryimage\"},\"thumbnailUrl\":\"https:\\\/\\\/realidadturistica.com\\\/realtur\\\/wp-content\\\/uploads\\\/2022\\\/10\\\/311322220_5118570474914350_6728810636269185897_n.jpg\",\"articleSection\":[\"Salud para viajar\"],\"inLanguage\":\"es\",\"potentialAction\":[{\"@type\":\"CommentAction\",\"name\":\"Comment\",\"target\":[\"https:\\\/\\\/realidadturistica.com\\\/realtur\\\/importantes-personalidades-estaran-presente-en-la-iv-convencion-internacional-de-salud\\\/#respond\"]}]},{\"@type\":\"WebPage\",\"@id\":\"https:\\\/\\\/realidadturistica.com\\\/realtur\\\/importantes-personalidades-estaran-presente-en-la-iv-convencion-internacional-de-salud\\\/\",\"url\":\"https:\\\/\\\/realidadturistica.com\\\/realtur\\\/importantes-personalidades-estaran-presente-en-la-iv-convencion-internacional-de-salud\\\/\",\"name\":\"Importantes personalidades estar\u00e1n presente en la IV Convenci\u00f3n Internacional de Salud - Realidad Tur\u00edstica\",\"isPartOf\":{\"@id\":\"https:\\\/\\\/realidadturistica.com\\\/realtur\\\/#website\"},\"primaryImageOfPage\":{\"@id\":\"https:\\\/\\\/realidadturistica.com\\\/realtur\\\/importantes-personalidades-estaran-presente-en-la-iv-convencion-internacional-de-salud\\\/#primaryimage\"},\"image\":{\"@id\":\"https:\\\/\\\/realidadturistica.com\\\/realtur\\\/importantes-personalidades-estaran-presente-en-la-iv-convencion-internacional-de-salud\\\/#primaryimage\"},\"thumbnailUrl\":\"https:\\\/\\\/realidadturistica.com\\\/realtur\\\/wp-content\\\/uploads\\\/2022\\\/10\\\/311322220_5118570474914350_6728810636269185897_n.jpg\",\"datePublished\":\"2022-10-13T23:16:30+00:00\",\"breadcrumb\":{\"@id\":\"https:\\\/\\\/realidadturistica.com\\\/realtur\\\/importantes-personalidades-estaran-presente-en-la-iv-convencion-internacional-de-salud\\\/#breadcrumb\"},\"inLanguage\":\"es\",\"potentialAction\":[{\"@type\":\"ReadAction\",\"target\":[\"https:\\\/\\\/realidadturistica.com\\\/realtur\\\/importantes-personalidades-estaran-presente-en-la-iv-convencion-internacional-de-salud\\\/\"]}]},{\"@type\":\"ImageObject\",\"inLanguage\":\"es\",\"@id\":\"https:\\\/\\\/realidadturistica.com\\\/realtur\\\/importantes-personalidades-estaran-presente-en-la-iv-convencion-internacional-de-salud\\\/#primaryimage\",\"url\":\"https:\\\/\\\/realidadturistica.com\\\/realtur\\\/wp-content\\\/uploads\\\/2022\\\/10\\\/311322220_5118570474914350_6728810636269185897_n.jpg\",\"contentUrl\":\"https:\\\/\\\/realidadturistica.com\\\/realtur\\\/wp-content\\\/uploads\\\/2022\\\/10\\\/311322220_5118570474914350_6728810636269185897_n.jpg\",\"width\":1040,\"height\":780},{\"@type\":\"BreadcrumbList\",\"@id\":\"https:\\\/\\\/realidadturistica.com\\\/realtur\\\/importantes-personalidades-estaran-presente-en-la-iv-convencion-internacional-de-salud\\\/#breadcrumb\",\"itemListElement\":[{\"@type\":\"ListItem\",\"position\":1,\"name\":\"Portada\",\"item\":\"https:\\\/\\\/realidadturistica.com\\\/realtur\\\/\"},{\"@type\":\"ListItem\",\"position\":2,\"name\":\"Importantes personalidades estar\u00e1n presente en la IV Convenci\u00f3n Internacional de Salud\"}]},{\"@type\":\"WebSite\",\"@id\":\"https:\\\/\\\/realidadturistica.com\\\/realtur\\\/#website\",\"url\":\"https:\\\/\\\/realidadturistica.com\\\/realtur\\\/\",\"name\":\"Realidad Tur\u00edstica\",\"description\":\"\",\"publisher\":{\"@id\":\"https:\\\/\\\/realidadturistica.com\\\/realtur\\\/#organization\"},\"potentialAction\":[{\"@type\":\"SearchAction\",\"target\":{\"@type\":\"EntryPoint\",\"urlTemplate\":\"https:\\\/\\\/realidadturistica.com\\\/realtur\\\/?s={search_term_string}\"},\"query-input\":{\"@type\":\"PropertyValueSpecification\",\"valueRequired\":true,\"valueName\":\"search_term_string\"}}],\"inLanguage\":\"es\"},{\"@type\":\"Organization\",\"@id\":\"https:\\\/\\\/realidadturistica.com\\\/realtur\\\/#organization\",\"name\":\"Realidad Tur\u00edstica\",\"url\":\"https:\\\/\\\/realidadturistica.com\\\/realtur\\\/\",\"logo\":{\"@type\":\"ImageObject\",\"inLanguage\":\"es\",\"@id\":\"https:\\\/\\\/realidadturistica.com\\\/realtur\\\/#\\\/schema\\\/logo\\\/image\\\/\",\"url\":\"https:\\\/\\\/realidadturistica.com\\\/realtur\\\/wp-content\\\/uploads\\\/2021\\\/12\\\/logotipo-realidad-turistica.png\",\"contentUrl\":\"https:\\\/\\\/realidadturistica.com\\\/realtur\\\/wp-content\\\/uploads\\\/2021\\\/12\\\/logotipo-realidad-turistica.png\",\"width\":1382,\"height\":629,\"caption\":\"Realidad Tur\u00edstica\"},\"image\":{\"@id\":\"https:\\\/\\\/realidadturistica.com\\\/realtur\\\/#\\\/schema\\\/logo\\\/image\\\/\"},\"sameAs\":[\"https:\\\/\\\/www.facebook.com\\\/realidadturistica\",\"https:\\\/\\\/www.instagram.com\\\/realidad_turistica\\\/\"]},{\"@type\":\"Person\",\"@id\":\"https:\\\/\\\/realidadturistica.com\\\/realtur\\\/#\\\/schema\\\/person\\\/ade671191202490fcf08ab21590de73e\",\"name\":\"Editor\",\"image\":{\"@type\":\"ImageObject\",\"inLanguage\":\"es\",\"@id\":\"https:\\\/\\\/realidadturistica.com\\\/realtur\\\/wp-content\\\/uploads\\\/2023\\\/09\\\/Editor_avatar_1693668634-96x96.png\",\"url\":\"https:\\\/\\\/realidadturistica.com\\\/realtur\\\/wp-content\\\/uploads\\\/2023\\\/09\\\/Editor_avatar_1693668634-96x96.png\",\"contentUrl\":\"https:\\\/\\\/realidadturistica.com\\\/realtur\\\/wp-content\\\/uploads\\\/2023\\\/09\\\/Editor_avatar_1693668634-96x96.png\",\"caption\":\"Editor\"},\"sameAs\":[\"https:\\\/\\\/realidadturistica.com\\\/realtur\"],\"url\":\"https:\\\/\\\/realidadturistica.com\\\/realtur\\\/author\\\/editor2\\\/\"}]}<\/script>\n<!-- \/ Yoast SEO Premium plugin. -->","yoast_head_json":{"title":"Importantes personalidades estar\u00e1n presente en la IV Convenci\u00f3n Internacional de Salud - Realidad Tur\u00edstica","robots":{"index":"index","follow":"follow","max-snippet":"max-snippet:-1","max-image-preview":"max-image-preview:large","max-video-preview":"max-video-preview:-1"},"canonical":"https:\/\/realidadturistica.com\/realtur\/importantes-personalidades-estaran-presente-en-la-iv-convencion-internacional-de-salud\/","og_locale":"es_ES","og_type":"article","og_title":"Importantes personalidades estar\u00e1n presente en la IV Convenci\u00f3n Internacional de Salud","og_description":"Cuba. Este 12 de octubre se llev\u00f3 a cabo en el Centro de Prensa Internacional del Minrex una conferencia de prensa con vistas a dar&hellip;","og_url":"https:\/\/realidadturistica.com\/realtur\/importantes-personalidades-estaran-presente-en-la-iv-convencion-internacional-de-salud\/","og_site_name":"Realidad Tur\u00edstica","article_publisher":"https:\/\/www.facebook.com\/realidadturistica","article_published_time":"2022-10-13T23:16:30+00:00","og_image":[{"width":1040,"height":780,"url":"https:\/\/realidadturistica.com\/realtur\/wp-content\/uploads\/2022\/10\/311322220_5118570474914350_6728810636269185897_n.jpg","type":"image\/jpeg"}],"author":"Editor","twitter_card":"summary_large_image","twitter_misc":{"Escrito por":"Editor","Tiempo de lectura":"2 minutos"},"schema":{"@context":"https:\/\/schema.org","@graph":[{"@type":"Article","@id":"https:\/\/realidadturistica.com\/realtur\/importantes-personalidades-estaran-presente-en-la-iv-convencion-internacional-de-salud\/#article","isPartOf":{"@id":"https:\/\/realidadturistica.com\/realtur\/importantes-personalidades-estaran-presente-en-la-iv-convencion-internacional-de-salud\/"},"author":{"name":"Editor","@id":"https:\/\/realidadturistica.com\/realtur\/#\/schema\/person\/ade671191202490fcf08ab21590de73e"},"headline":"Importantes personalidades estar\u00e1n presente en la IV Convenci\u00f3n Internacional de Salud","datePublished":"2022-10-13T23:16:30+00:00","mainEntityOfPage":{"@id":"https:\/\/realidadturistica.com\/realtur\/importantes-personalidades-estaran-presente-en-la-iv-convencion-internacional-de-salud\/"},"wordCount":385,"commentCount":0,"publisher":{"@id":"https:\/\/realidadturistica.com\/realtur\/#organization"},"image":{"@id":"https:\/\/realidadturistica.com\/realtur\/importantes-personalidades-estaran-presente-en-la-iv-convencion-internacional-de-salud\/#primaryimage"},"thumbnailUrl":"https:\/\/realidadturistica.com\/realtur\/wp-content\/uploads\/2022\/10\/311322220_5118570474914350_6728810636269185897_n.jpg","articleSection":["Salud para viajar"],"inLanguage":"es","potentialAction":[{"@type":"CommentAction","name":"Comment","target":["https:\/\/realidadturistica.com\/realtur\/importantes-personalidades-estaran-presente-en-la-iv-convencion-internacional-de-salud\/#respond"]}]},{"@type":"WebPage","@id":"https:\/\/realidadturistica.com\/realtur\/importantes-personalidades-estaran-presente-en-la-iv-convencion-internacional-de-salud\/","url":"https:\/\/realidadturistica.com\/realtur\/importantes-personalidades-estaran-presente-en-la-iv-convencion-internacional-de-salud\/","name":"Importantes personalidades estar\u00e1n presente en la IV Convenci\u00f3n Internacional de Salud - Realidad Tur\u00edstica","isPartOf":{"@id":"https:\/\/realidadturistica.com\/realtur\/#website"},"primaryImageOfPage":{"@id":"https:\/\/realidadturistica.com\/realtur\/importantes-personalidades-estaran-presente-en-la-iv-convencion-internacional-de-salud\/#primaryimage"},"image":{"@id":"https:\/\/realidadturistica.com\/realtur\/importantes-personalidades-estaran-presente-en-la-iv-convencion-internacional-de-salud\/#primaryimage"},"thumbnailUrl":"https:\/\/realidadturistica.com\/realtur\/wp-content\/uploads\/2022\/10\/311322220_5118570474914350_6728810636269185897_n.jpg","datePublished":"2022-10-13T23:16:30+00:00","breadcrumb":{"@id":"https:\/\/realidadturistica.com\/realtur\/importantes-personalidades-estaran-presente-en-la-iv-convencion-internacional-de-salud\/#breadcrumb"},"inLanguage":"es","potentialAction":[{"@type":"ReadAction","target":["https:\/\/realidadturistica.com\/realtur\/importantes-personalidades-estaran-presente-en-la-iv-convencion-internacional-de-salud\/"]}]},{"@type":"ImageObject","inLanguage":"es","@id":"https:\/\/realidadturistica.com\/realtur\/importantes-personalidades-estaran-presente-en-la-iv-convencion-internacional-de-salud\/#primaryimage","url":"https:\/\/realidadturistica.com\/realtur\/wp-content\/uploads\/2022\/10\/311322220_5118570474914350_6728810636269185897_n.jpg","contentUrl":"https:\/\/realidadturistica.com\/realtur\/wp-content\/uploads\/2022\/10\/311322220_5118570474914350_6728810636269185897_n.jpg","width":1040,"height":780},{"@type":"BreadcrumbList","@id":"https:\/\/realidadturistica.com\/realtur\/importantes-personalidades-estaran-presente-en-la-iv-convencion-internacional-de-salud\/#breadcrumb","itemListElement":[{"@type":"ListItem","position":1,"name":"Portada","item":"https:\/\/realidadturistica.com\/realtur\/"},{"@type":"ListItem","position":2,"name":"Importantes personalidades estar\u00e1n presente en la IV Convenci\u00f3n Internacional de Salud"}]},{"@type":"WebSite","@id":"https:\/\/realidadturistica.com\/realtur\/#website","url":"https:\/\/realidadturistica.com\/realtur\/","name":"Realidad Tur\u00edstica","description":"","publisher":{"@id":"https:\/\/realidadturistica.com\/realtur\/#organization"},"potentialAction":[{"@type":"SearchAction","target":{"@type":"EntryPoint","urlTemplate":"https:\/\/realidadturistica.com\/realtur\/?s={search_term_string}"},"query-input":{"@type":"PropertyValueSpecification","valueRequired":true,"valueName":"search_term_string"}}],"inLanguage":"es"},{"@type":"Organization","@id":"https:\/\/realidadturistica.com\/realtur\/#organization","name":"Realidad Tur\u00edstica","url":"https:\/\/realidadturistica.com\/realtur\/","logo":{"@type":"ImageObject","inLanguage":"es","@id":"https:\/\/realidadturistica.com\/realtur\/#\/schema\/logo\/image\/","url":"https:\/\/realidadturistica.com\/realtur\/wp-content\/uploads\/2021\/12\/logotipo-realidad-turistica.png","contentUrl":"https:\/\/realidadturistica.com\/realtur\/wp-content\/uploads\/2021\/12\/logotipo-realidad-turistica.png","width":1382,"height":629,"caption":"Realidad Tur\u00edstica"},"image":{"@id":"https:\/\/realidadturistica.com\/realtur\/#\/schema\/logo\/image\/"},"sameAs":["https:\/\/www.facebook.com\/realidadturistica","https:\/\/www.instagram.com\/realidad_turistica\/"]},{"@type":"Person","@id":"https:\/\/realidadturistica.com\/realtur\/#\/schema\/person\/ade671191202490fcf08ab21590de73e","name":"Editor","image":{"@type":"ImageObject","inLanguage":"es","@id":"https:\/\/realidadturistica.com\/realtur\/wp-content\/uploads\/2023\/09\/Editor_avatar_1693668634-96x96.png","url":"https:\/\/realidadturistica.com\/realtur\/wp-content\/uploads\/2023\/09\/Editor_avatar_1693668634-96x96.png","contentUrl":"https:\/\/realidadturistica.com\/realtur\/wp-content\/uploads\/2023\/09\/Editor_avatar_1693668634-96x96.png","caption":"Editor"},"sameAs":["https:\/\/realidadturistica.com\/realtur"],"url":"https:\/\/realidadturistica.com\/realtur\/author\/editor2\/"}]}},"_links":{"self":[{"href":"https:\/\/realidadturistica.com\/realtur\/wp-json\/wp\/v2\/posts\/3061","targetHints":{"allow":["GET"]}}],"collection":[{"href":"https:\/\/realidadturistica.com\/realtur\/wp-json\/wp\/v2\/posts"}],"about":[{"href":"https:\/\/realidadturistica.com\/realtur\/wp-json\/wp\/v2\/types\/post"}],"author":[{"embeddable":true,"href":"https:\/\/realidadturistica.com\/realtur\/wp-json\/wp\/v2\/users\/2"}],"replies":[{"embeddable":true,"href":"https:\/\/realidadturistica.com\/realtur\/wp-json\/wp\/v2\/comments?post=3061"}],"version-history":[{"count":0,"href":"https:\/\/realidadturistica.com\/realtur\/wp-json\/wp\/v2\/posts\/3061\/revisions"}],"wp:featuredmedia":[{"embeddable":true,"href":"https:\/\/realidadturistica.com\/realtur\/wp-json\/wp\/v2\/media\/3062"}],"wp:attachment":[{"href":"https:\/\/realidadturistica.com\/realtur\/wp-json\/wp\/v2\/media?parent=3061"}],"wp:term":[{"taxonomy":"category","embeddable":true,"href":"https:\/\/realidadturistica.com\/realtur\/wp-json\/wp\/v2\/categories?post=3061"},{"taxonomy":"post_tag","embeddable":true,"href":"https:\/\/realidadturistica.com\/realtur\/wp-json\/wp\/v2\/tags?post=3061"}],"curies":[{"name":"wp","href":"https:\/\/api.w.org\/{rel}","templated":true}]}}