{"id":3154,"date":"2022-10-25T10:18:53","date_gmt":"2022-10-25T10:18:53","guid":{"rendered":"https:\/\/realidadturistica.com\/realtur\/?p=3154"},"modified":"2022-10-25T10:18:53","modified_gmt":"2022-10-25T10:18:53","slug":"se-comentaba-que-el-mice-era-un-sector-acabado-y-que-tras-la-pandemia-seria-el-ultimo-en-recuperarse","status":"publish","type":"post","link":"https:\/\/realidadturistica.com\/realtur\/se-comentaba-que-el-mice-era-un-sector-acabado-y-que-tras-la-pandemia-seria-el-ultimo-en-recuperarse\/","title":{"rendered":"\u00abSe comentaba que el MICE era un sector acabado y que, tras la pandemia, ser\u00eda el \u00faltimo en recuperarse\u00bb"},"content":{"rendered":"\n<p>Zoilo Alem\u00e1n, director MICE Lopesan Hotel Management y director del Palacio de Congresos ExpoMeloneras, explica las claves para transformar al cliente MICE en vacacional.<\/p>\n\n\n\n<p>\u201cSe comentaba que esto era un sector acabado y, que tras la pandemia, ser\u00eda el \u00faltimo sector en recuperarse\u201d, se\u00f1ala Zoilo Alem\u00e1n, director MICE Lopesan Hotel Management y director del Palacio de Congresos Expomeloneras, en una entrevista para Tourinews.<\/p>\n\n\n\n<p>Expomeloneras, situado en el sur de Gran Canaria, cuenta con una gran experiencia en la organizaci\u00f3n de reuniones en el \u00e1mbito nacional e internacional. Con respecto a las perspectivas de futuro del sector MICE, Alem\u00e1n destaca que desde Lopesan Hotel Management ya trabajan las visitas de inspecci\u00f3n, presupuestos y bloqueos de habitaciones para el a\u00f1o 2026. \u201cNosotros trabajamos con muchos a\u00f1os vista, aunque hay directores comerciales que se quejan\u201d, ha explicado.<\/p>\n\n\n\n<p>Pregunta (P): Parece que ya se est\u00e1 recuperando el sector MICE en el Palacio de Congresos Expo Meloneras<\/p>\n\n\n\n<p>Respuesta (R): S\u00ed, efectivamente. Recientemente, celebramos un congreso sobre odontolog\u00eda y esta semana acogimos la pasarela Gran Canaria Swim Week by Moda C\u00e1lida 2022. Y no paramos, la verdad.<\/p>\n\n\n\n<p>P: \u00bfCu\u00e1l fue el grado de asistencia al congreso?<\/p>\n\n\n\n<p>R: Estaba lleno de stands y tuvimos aproximadamente unos 2.000 asistentes entre conferenciantes y personas que participaban en la parte comercial. Estamos muy contentos por la recuperaci\u00f3n que estamos teniendo.<\/p>\n\n\n\n<p>P: 2.000 personas en un congreso\u2026 \u00bfEsto ya es la normalidad?<\/p>\n\n\n\n<p>R: S\u00ed, de hecho, la semana pasada estuve en un &#8216;workshop&#8217; en Dubrovnik (Croacia) y nos movemos en esas cantidades, de 500 a 1.500 personas, es decir, ya estamos dentro de una normalidad en el sector MICE a nivel europeo.<\/p>\n\n\n\n<p>&nbsp;&nbsp;&nbsp; Esto es una segmentaci\u00f3n que consume recursos tur\u00edsticos, pero esto no es turismo\u00bb<\/p>\n\n\n\n<p>P: \u00bfEn qu\u00e9 fecha considera que se empez\u00f3 a recuperar el segmento tras la pandemia?<\/p>\n\n\n\n<p>R: Mayoritariamente, hubo una \u00e9poca en la que, incluso en mi propia compa\u00f1\u00eda, comentaban que esto era un sector acabado y que, tras la pandemia, era el \u00faltimo en recuperarse. Me gustar\u00eda contarte una peque\u00f1a historia que fue fundamental para el sector y para todos en general. Cuando el Grupo Lopesan \u2014encabezado por Eustasio L\u00f3pez\u2014cede el edificio al Servicio Canario de Salud en plena pandemia, en marzo de 2020, empezamos a trabajar con ellos para adecuarlo a las necesidades sanitarias. En el mes de junio, pudimos saber por parte del por entonces rector de la Universidad de Las Palmas de Gran Canaria, que ten\u00edan un problema para ubicar a todos los alumnos que se iban a examinar de la Evaluaci\u00f3n de Bachillerato para Acceso a la Universidad (EBAU); no se pod\u00eda realizar en ning\u00fan instituto porque no se pod\u00edan mantener las distancias. Perro hab\u00eda que celebrar la EBAU de forma presencial, por lo que lo llam\u00e9 y le coment\u00e9 que una opci\u00f3n era que les cedi\u00e9ramos el edificio. Esto se estudi\u00f3, tuvimos varias reuniones y, al final, lo hicimos.<\/p>\n\n\n\n<p>P: \u00bfCu\u00e1l fue el resultado?<\/p>\n\n\n\n<p>R: La EBAU fue todo un \u00e9xito y demostramos que se pod\u00eda trabajar manteniendo las distancias. A ra\u00edz de ah\u00ed, en pleno a\u00f1o 2020, convencimos al Cabildo de Gran Canaria y a IFEMA de que se pod\u00eda hacer Gran Canaria Moda C\u00e1lida. Se hizo sin p\u00fablico general, aunque hab\u00eda medios especializados y compradores. Adem\u00e1s, hicimos el Iberia Max F\u00f3rum y el Foro de Turismo Maspalomas Costa Canaria, con casi 700 personas manteniendo las distancias y con las medidas de prevenci\u00f3n. Ah\u00ed es cuando comienza a caminar el sector MICE. Es verdad que fue de forma paulatina porque \u00edbamos caminando, pero el sector MICE empez\u00f3 a despegar y, en enero de 2021, ya hab\u00eda una normalidad tremenda.<\/p>\n\n\n\n<p>&nbsp;&nbsp;&nbsp; Deber\u00edan ponerse las pilas para captar a ese perfil de cliente tanto las instituciones como todas las cadenas\u00bb<\/p>\n\n\n\n<p>P: \u00bfCu\u00e1les son las perspectivas para el futuro?<\/p>\n\n\n\n<p>R: Ya estoy con visitas de inspecci\u00f3n, presupuestos y bloqueos de habitaciones para el a\u00f1o 2026. Nosotros trabajamos a muchos a\u00f1os vista y, por tanto, aunque hay directores comerciales que se quejan, trabajar con nosotros es una gozada, porque damos, a a\u00f1os vista, toda una programaci\u00f3n para planificar.<\/p>\n\n\n\n<p>P: \u00bfSe refiere a directores comerciales de hoteles?<\/p>\n\n\n\n<p>R: Claro. Cuando surge el sector MICE la gente piensa que nosotros nacemos para cubrir la baja ocupaci\u00f3n de los hoteleros, como algo residual. No, esto es una segmentaci\u00f3n que consume recursos tur\u00edsticos, pero esto no es turismo. La gente que vino al congreso y se desplaz\u00f3 a Gran Canaria ven\u00eda a trabajar y a formarse, no ven\u00eda para ir a la playa. Ellos asistieron para vender su producto y, el que estaba en la sala, ven\u00eda a escuchar para seguir avanzando. Y, el que daba la ponencia, se le hab\u00eda pagado para venir. La gente estaba trabajando, no es un turista de congresos, como le llaman. Un congresista genera en tres d\u00edas lo que un cliente de touroperador en una semana. Esto no significa que estemos en contra de la touroperaci\u00f3n.<\/p>\n\n\n\n<p>Fuente: Tourinews.<\/p>\n","protected":false},"excerpt":{"rendered":"<p>Zoilo Alem\u00e1n, director MICE Lopesan Hotel Management y director del Palacio de Congresos ExpoMeloneras, explica las claves para transformar al cliente MICE en vacacional. \u201cSe&hellip;<\/p>\n","protected":false},"author":2,"featured_media":3155,"comment_status":"open","ping_status":"closed","sticky":false,"template":"","format":"standard","meta":{"content-type":"","_lmt_disableupdate":"","_lmt_disable":"","footnotes":""},"categories":[5],"tags":[],"class_list":["post-3154","post","type-post","status-publish","format-standard","has-post-thumbnail","hentry","category-mice"],"yoast_head":"<!-- This site is optimized with the Yoast SEO Premium plugin v27.4 (Yoast SEO v27.5) - https:\/\/yoast.com\/product\/yoast-seo-premium-wordpress\/ -->\n<title>&quot;Se comentaba que el MICE era un sector acabado y que, tras la pandemia, ser\u00eda el \u00faltimo en recuperarse&quot; - Realidad Tur\u00edstica<\/title>\n<meta name=\"robots\" content=\"index, follow, max-snippet:-1, max-image-preview:large, max-video-preview:-1\" \/>\n<link rel=\"canonical\" href=\"https:\/\/realidadturistica.com\/realtur\/se-comentaba-que-el-mice-era-un-sector-acabado-y-que-tras-la-pandemia-seria-el-ultimo-en-recuperarse\/\" \/>\n<meta property=\"og:locale\" content=\"es_ES\" \/>\n<meta property=\"og:type\" content=\"article\" \/>\n<meta property=\"og:title\" content=\"&quot;Se comentaba que el MICE era un sector acabado y que, tras la pandemia, ser\u00eda el \u00faltimo en recuperarse&quot;\" \/>\n<meta property=\"og:description\" content=\"Zoilo Alem\u00e1n, director MICE Lopesan Hotel Management y director del Palacio de Congresos ExpoMeloneras, explica las claves para transformar al cliente MICE en vacacional. \u201cSe&hellip;\" \/>\n<meta property=\"og:url\" content=\"https:\/\/realidadturistica.com\/realtur\/se-comentaba-que-el-mice-era-un-sector-acabado-y-que-tras-la-pandemia-seria-el-ultimo-en-recuperarse\/\" \/>\n<meta property=\"og:site_name\" content=\"Realidad Tur\u00edstica\" \/>\n<meta property=\"article:publisher\" content=\"https:\/\/www.facebook.com\/realidadturistica\" \/>\n<meta property=\"article:published_time\" content=\"2022-10-25T10:18:53+00:00\" \/>\n<meta property=\"og:image\" content=\"https:\/\/realidadturistica.com\/realtur\/wp-content\/uploads\/2022\/10\/Se-comentaba.jpeg\" \/>\n\t<meta property=\"og:image:width\" content=\"732\" \/>\n\t<meta property=\"og:image:height\" content=\"400\" \/>\n\t<meta property=\"og:image:type\" content=\"image\/jpeg\" \/>\n<meta name=\"author\" content=\"Editor\" \/>\n<meta name=\"twitter:card\" content=\"summary_large_image\" \/>\n<meta name=\"twitter:label1\" content=\"Escrito por\" \/>\n\t<meta name=\"twitter:data1\" content=\"Editor\" \/>\n\t<meta name=\"twitter:label2\" content=\"Tiempo de lectura\" \/>\n\t<meta name=\"twitter:data2\" content=\"4 minutos\" \/>\n<script type=\"application\/ld+json\" class=\"yoast-schema-graph\">{\"@context\":\"https:\\\/\\\/schema.org\",\"@graph\":[{\"@type\":\"Article\",\"@id\":\"https:\\\/\\\/realidadturistica.com\\\/realtur\\\/se-comentaba-que-el-mice-era-un-sector-acabado-y-que-tras-la-pandemia-seria-el-ultimo-en-recuperarse\\\/#article\",\"isPartOf\":{\"@id\":\"https:\\\/\\\/realidadturistica.com\\\/realtur\\\/se-comentaba-que-el-mice-era-un-sector-acabado-y-que-tras-la-pandemia-seria-el-ultimo-en-recuperarse\\\/\"},\"author\":{\"name\":\"Editor\",\"@id\":\"https:\\\/\\\/realidadturistica.com\\\/realtur\\\/#\\\/schema\\\/person\\\/ade671191202490fcf08ab21590de73e\"},\"headline\":\"\u00abSe comentaba que el MICE era un sector acabado y que, tras la pandemia, ser\u00eda el \u00faltimo en recuperarse\u00bb\",\"datePublished\":\"2022-10-25T10:18:53+00:00\",\"mainEntityOfPage\":{\"@id\":\"https:\\\/\\\/realidadturistica.com\\\/realtur\\\/se-comentaba-que-el-mice-era-un-sector-acabado-y-que-tras-la-pandemia-seria-el-ultimo-en-recuperarse\\\/\"},\"wordCount\":886,\"commentCount\":0,\"publisher\":{\"@id\":\"https:\\\/\\\/realidadturistica.com\\\/realtur\\\/#organization\"},\"image\":{\"@id\":\"https:\\\/\\\/realidadturistica.com\\\/realtur\\\/se-comentaba-que-el-mice-era-un-sector-acabado-y-que-tras-la-pandemia-seria-el-ultimo-en-recuperarse\\\/#primaryimage\"},\"thumbnailUrl\":\"https:\\\/\\\/realidadturistica.com\\\/realtur\\\/wp-content\\\/uploads\\\/2022\\\/10\\\/Se-comentaba.jpeg\",\"articleSection\":[\"MICE\"],\"inLanguage\":\"es\",\"potentialAction\":[{\"@type\":\"CommentAction\",\"name\":\"Comment\",\"target\":[\"https:\\\/\\\/realidadturistica.com\\\/realtur\\\/se-comentaba-que-el-mice-era-un-sector-acabado-y-que-tras-la-pandemia-seria-el-ultimo-en-recuperarse\\\/#respond\"]}]},{\"@type\":\"WebPage\",\"@id\":\"https:\\\/\\\/realidadturistica.com\\\/realtur\\\/se-comentaba-que-el-mice-era-un-sector-acabado-y-que-tras-la-pandemia-seria-el-ultimo-en-recuperarse\\\/\",\"url\":\"https:\\\/\\\/realidadturistica.com\\\/realtur\\\/se-comentaba-que-el-mice-era-un-sector-acabado-y-que-tras-la-pandemia-seria-el-ultimo-en-recuperarse\\\/\",\"name\":\"\\\"Se comentaba que el MICE era un sector acabado y que, tras la pandemia, ser\u00eda el \u00faltimo en recuperarse\\\" - Realidad Tur\u00edstica\",\"isPartOf\":{\"@id\":\"https:\\\/\\\/realidadturistica.com\\\/realtur\\\/#website\"},\"primaryImageOfPage\":{\"@id\":\"https:\\\/\\\/realidadturistica.com\\\/realtur\\\/se-comentaba-que-el-mice-era-un-sector-acabado-y-que-tras-la-pandemia-seria-el-ultimo-en-recuperarse\\\/#primaryimage\"},\"image\":{\"@id\":\"https:\\\/\\\/realidadturistica.com\\\/realtur\\\/se-comentaba-que-el-mice-era-un-sector-acabado-y-que-tras-la-pandemia-seria-el-ultimo-en-recuperarse\\\/#primaryimage\"},\"thumbnailUrl\":\"https:\\\/\\\/realidadturistica.com\\\/realtur\\\/wp-content\\\/uploads\\\/2022\\\/10\\\/Se-comentaba.jpeg\",\"datePublished\":\"2022-10-25T10:18:53+00:00\",\"breadcrumb\":{\"@id\":\"https:\\\/\\\/realidadturistica.com\\\/realtur\\\/se-comentaba-que-el-mice-era-un-sector-acabado-y-que-tras-la-pandemia-seria-el-ultimo-en-recuperarse\\\/#breadcrumb\"},\"inLanguage\":\"es\",\"potentialAction\":[{\"@type\":\"ReadAction\",\"target\":[\"https:\\\/\\\/realidadturistica.com\\\/realtur\\\/se-comentaba-que-el-mice-era-un-sector-acabado-y-que-tras-la-pandemia-seria-el-ultimo-en-recuperarse\\\/\"]}]},{\"@type\":\"ImageObject\",\"inLanguage\":\"es\",\"@id\":\"https:\\\/\\\/realidadturistica.com\\\/realtur\\\/se-comentaba-que-el-mice-era-un-sector-acabado-y-que-tras-la-pandemia-seria-el-ultimo-en-recuperarse\\\/#primaryimage\",\"url\":\"https:\\\/\\\/realidadturistica.com\\\/realtur\\\/wp-content\\\/uploads\\\/2022\\\/10\\\/Se-comentaba.jpeg\",\"contentUrl\":\"https:\\\/\\\/realidadturistica.com\\\/realtur\\\/wp-content\\\/uploads\\\/2022\\\/10\\\/Se-comentaba.jpeg\",\"width\":732,\"height\":400},{\"@type\":\"BreadcrumbList\",\"@id\":\"https:\\\/\\\/realidadturistica.com\\\/realtur\\\/se-comentaba-que-el-mice-era-un-sector-acabado-y-que-tras-la-pandemia-seria-el-ultimo-en-recuperarse\\\/#breadcrumb\",\"itemListElement\":[{\"@type\":\"ListItem\",\"position\":1,\"name\":\"Portada\",\"item\":\"https:\\\/\\\/realidadturistica.com\\\/realtur\\\/\"},{\"@type\":\"ListItem\",\"position\":2,\"name\":\"&#8220;Se comentaba que el MICE era un sector acabado y que, tras la pandemia, ser\u00eda el \u00faltimo en recuperarse&#8221;\"}]},{\"@type\":\"WebSite\",\"@id\":\"https:\\\/\\\/realidadturistica.com\\\/realtur\\\/#website\",\"url\":\"https:\\\/\\\/realidadturistica.com\\\/realtur\\\/\",\"name\":\"Realidad Tur\u00edstica\",\"description\":\"\",\"publisher\":{\"@id\":\"https:\\\/\\\/realidadturistica.com\\\/realtur\\\/#organization\"},\"potentialAction\":[{\"@type\":\"SearchAction\",\"target\":{\"@type\":\"EntryPoint\",\"urlTemplate\":\"https:\\\/\\\/realidadturistica.com\\\/realtur\\\/?s={search_term_string}\"},\"query-input\":{\"@type\":\"PropertyValueSpecification\",\"valueRequired\":true,\"valueName\":\"search_term_string\"}}],\"inLanguage\":\"es\"},{\"@type\":\"Organization\",\"@id\":\"https:\\\/\\\/realidadturistica.com\\\/realtur\\\/#organization\",\"name\":\"Realidad Tur\u00edstica\",\"url\":\"https:\\\/\\\/realidadturistica.com\\\/realtur\\\/\",\"logo\":{\"@type\":\"ImageObject\",\"inLanguage\":\"es\",\"@id\":\"https:\\\/\\\/realidadturistica.com\\\/realtur\\\/#\\\/schema\\\/logo\\\/image\\\/\",\"url\":\"https:\\\/\\\/realidadturistica.com\\\/realtur\\\/wp-content\\\/uploads\\\/2021\\\/12\\\/logotipo-realidad-turistica.png\",\"contentUrl\":\"https:\\\/\\\/realidadturistica.com\\\/realtur\\\/wp-content\\\/uploads\\\/2021\\\/12\\\/logotipo-realidad-turistica.png\",\"width\":1382,\"height\":629,\"caption\":\"Realidad Tur\u00edstica\"},\"image\":{\"@id\":\"https:\\\/\\\/realidadturistica.com\\\/realtur\\\/#\\\/schema\\\/logo\\\/image\\\/\"},\"sameAs\":[\"https:\\\/\\\/www.facebook.com\\\/realidadturistica\",\"https:\\\/\\\/www.instagram.com\\\/realidad_turistica\\\/\"]},{\"@type\":\"Person\",\"@id\":\"https:\\\/\\\/realidadturistica.com\\\/realtur\\\/#\\\/schema\\\/person\\\/ade671191202490fcf08ab21590de73e\",\"name\":\"Editor\",\"image\":{\"@type\":\"ImageObject\",\"inLanguage\":\"es\",\"@id\":\"https:\\\/\\\/realidadturistica.com\\\/realtur\\\/wp-content\\\/uploads\\\/2023\\\/09\\\/Editor_avatar_1693668634-96x96.png\",\"url\":\"https:\\\/\\\/realidadturistica.com\\\/realtur\\\/wp-content\\\/uploads\\\/2023\\\/09\\\/Editor_avatar_1693668634-96x96.png\",\"contentUrl\":\"https:\\\/\\\/realidadturistica.com\\\/realtur\\\/wp-content\\\/uploads\\\/2023\\\/09\\\/Editor_avatar_1693668634-96x96.png\",\"caption\":\"Editor\"},\"sameAs\":[\"https:\\\/\\\/realidadturistica.com\\\/realtur\"],\"url\":\"https:\\\/\\\/realidadturistica.com\\\/realtur\\\/author\\\/editor2\\\/\"}]}<\/script>\n<!-- \/ Yoast SEO Premium plugin. -->","yoast_head_json":{"title":"\"Se comentaba que el MICE era un sector acabado y que, tras la pandemia, ser\u00eda el \u00faltimo en recuperarse\" - Realidad Tur\u00edstica","robots":{"index":"index","follow":"follow","max-snippet":"max-snippet:-1","max-image-preview":"max-image-preview:large","max-video-preview":"max-video-preview:-1"},"canonical":"https:\/\/realidadturistica.com\/realtur\/se-comentaba-que-el-mice-era-un-sector-acabado-y-que-tras-la-pandemia-seria-el-ultimo-en-recuperarse\/","og_locale":"es_ES","og_type":"article","og_title":"\"Se comentaba que el MICE era un sector acabado y que, tras la pandemia, ser\u00eda el \u00faltimo en recuperarse\"","og_description":"Zoilo Alem\u00e1n, director MICE Lopesan Hotel Management y director del Palacio de Congresos ExpoMeloneras, explica las claves para transformar al cliente MICE en vacacional. \u201cSe&hellip;","og_url":"https:\/\/realidadturistica.com\/realtur\/se-comentaba-que-el-mice-era-un-sector-acabado-y-que-tras-la-pandemia-seria-el-ultimo-en-recuperarse\/","og_site_name":"Realidad Tur\u00edstica","article_publisher":"https:\/\/www.facebook.com\/realidadturistica","article_published_time":"2022-10-25T10:18:53+00:00","og_image":[{"width":732,"height":400,"url":"https:\/\/realidadturistica.com\/realtur\/wp-content\/uploads\/2022\/10\/Se-comentaba.jpeg","type":"image\/jpeg"}],"author":"Editor","twitter_card":"summary_large_image","twitter_misc":{"Escrito por":"Editor","Tiempo de lectura":"4 minutos"},"schema":{"@context":"https:\/\/schema.org","@graph":[{"@type":"Article","@id":"https:\/\/realidadturistica.com\/realtur\/se-comentaba-que-el-mice-era-un-sector-acabado-y-que-tras-la-pandemia-seria-el-ultimo-en-recuperarse\/#article","isPartOf":{"@id":"https:\/\/realidadturistica.com\/realtur\/se-comentaba-que-el-mice-era-un-sector-acabado-y-que-tras-la-pandemia-seria-el-ultimo-en-recuperarse\/"},"author":{"name":"Editor","@id":"https:\/\/realidadturistica.com\/realtur\/#\/schema\/person\/ade671191202490fcf08ab21590de73e"},"headline":"\u00abSe comentaba que el MICE era un sector acabado y que, tras la pandemia, ser\u00eda el \u00faltimo en recuperarse\u00bb","datePublished":"2022-10-25T10:18:53+00:00","mainEntityOfPage":{"@id":"https:\/\/realidadturistica.com\/realtur\/se-comentaba-que-el-mice-era-un-sector-acabado-y-que-tras-la-pandemia-seria-el-ultimo-en-recuperarse\/"},"wordCount":886,"commentCount":0,"publisher":{"@id":"https:\/\/realidadturistica.com\/realtur\/#organization"},"image":{"@id":"https:\/\/realidadturistica.com\/realtur\/se-comentaba-que-el-mice-era-un-sector-acabado-y-que-tras-la-pandemia-seria-el-ultimo-en-recuperarse\/#primaryimage"},"thumbnailUrl":"https:\/\/realidadturistica.com\/realtur\/wp-content\/uploads\/2022\/10\/Se-comentaba.jpeg","articleSection":["MICE"],"inLanguage":"es","potentialAction":[{"@type":"CommentAction","name":"Comment","target":["https:\/\/realidadturistica.com\/realtur\/se-comentaba-que-el-mice-era-un-sector-acabado-y-que-tras-la-pandemia-seria-el-ultimo-en-recuperarse\/#respond"]}]},{"@type":"WebPage","@id":"https:\/\/realidadturistica.com\/realtur\/se-comentaba-que-el-mice-era-un-sector-acabado-y-que-tras-la-pandemia-seria-el-ultimo-en-recuperarse\/","url":"https:\/\/realidadturistica.com\/realtur\/se-comentaba-que-el-mice-era-un-sector-acabado-y-que-tras-la-pandemia-seria-el-ultimo-en-recuperarse\/","name":"\"Se comentaba que el MICE era un sector acabado y que, tras la pandemia, ser\u00eda el \u00faltimo en recuperarse\" - Realidad Tur\u00edstica","isPartOf":{"@id":"https:\/\/realidadturistica.com\/realtur\/#website"},"primaryImageOfPage":{"@id":"https:\/\/realidadturistica.com\/realtur\/se-comentaba-que-el-mice-era-un-sector-acabado-y-que-tras-la-pandemia-seria-el-ultimo-en-recuperarse\/#primaryimage"},"image":{"@id":"https:\/\/realidadturistica.com\/realtur\/se-comentaba-que-el-mice-era-un-sector-acabado-y-que-tras-la-pandemia-seria-el-ultimo-en-recuperarse\/#primaryimage"},"thumbnailUrl":"https:\/\/realidadturistica.com\/realtur\/wp-content\/uploads\/2022\/10\/Se-comentaba.jpeg","datePublished":"2022-10-25T10:18:53+00:00","breadcrumb":{"@id":"https:\/\/realidadturistica.com\/realtur\/se-comentaba-que-el-mice-era-un-sector-acabado-y-que-tras-la-pandemia-seria-el-ultimo-en-recuperarse\/#breadcrumb"},"inLanguage":"es","potentialAction":[{"@type":"ReadAction","target":["https:\/\/realidadturistica.com\/realtur\/se-comentaba-que-el-mice-era-un-sector-acabado-y-que-tras-la-pandemia-seria-el-ultimo-en-recuperarse\/"]}]},{"@type":"ImageObject","inLanguage":"es","@id":"https:\/\/realidadturistica.com\/realtur\/se-comentaba-que-el-mice-era-un-sector-acabado-y-que-tras-la-pandemia-seria-el-ultimo-en-recuperarse\/#primaryimage","url":"https:\/\/realidadturistica.com\/realtur\/wp-content\/uploads\/2022\/10\/Se-comentaba.jpeg","contentUrl":"https:\/\/realidadturistica.com\/realtur\/wp-content\/uploads\/2022\/10\/Se-comentaba.jpeg","width":732,"height":400},{"@type":"BreadcrumbList","@id":"https:\/\/realidadturistica.com\/realtur\/se-comentaba-que-el-mice-era-un-sector-acabado-y-que-tras-la-pandemia-seria-el-ultimo-en-recuperarse\/#breadcrumb","itemListElement":[{"@type":"ListItem","position":1,"name":"Portada","item":"https:\/\/realidadturistica.com\/realtur\/"},{"@type":"ListItem","position":2,"name":"&#8220;Se comentaba que el MICE era un sector acabado y que, tras la pandemia, ser\u00eda el \u00faltimo en recuperarse&#8221;"}]},{"@type":"WebSite","@id":"https:\/\/realidadturistica.com\/realtur\/#website","url":"https:\/\/realidadturistica.com\/realtur\/","name":"Realidad Tur\u00edstica","description":"","publisher":{"@id":"https:\/\/realidadturistica.com\/realtur\/#organization"},"potentialAction":[{"@type":"SearchAction","target":{"@type":"EntryPoint","urlTemplate":"https:\/\/realidadturistica.com\/realtur\/?s={search_term_string}"},"query-input":{"@type":"PropertyValueSpecification","valueRequired":true,"valueName":"search_term_string"}}],"inLanguage":"es"},{"@type":"Organization","@id":"https:\/\/realidadturistica.com\/realtur\/#organization","name":"Realidad Tur\u00edstica","url":"https:\/\/realidadturistica.com\/realtur\/","logo":{"@type":"ImageObject","inLanguage":"es","@id":"https:\/\/realidadturistica.com\/realtur\/#\/schema\/logo\/image\/","url":"https:\/\/realidadturistica.com\/realtur\/wp-content\/uploads\/2021\/12\/logotipo-realidad-turistica.png","contentUrl":"https:\/\/realidadturistica.com\/realtur\/wp-content\/uploads\/2021\/12\/logotipo-realidad-turistica.png","width":1382,"height":629,"caption":"Realidad Tur\u00edstica"},"image":{"@id":"https:\/\/realidadturistica.com\/realtur\/#\/schema\/logo\/image\/"},"sameAs":["https:\/\/www.facebook.com\/realidadturistica","https:\/\/www.instagram.com\/realidad_turistica\/"]},{"@type":"Person","@id":"https:\/\/realidadturistica.com\/realtur\/#\/schema\/person\/ade671191202490fcf08ab21590de73e","name":"Editor","image":{"@type":"ImageObject","inLanguage":"es","@id":"https:\/\/realidadturistica.com\/realtur\/wp-content\/uploads\/2023\/09\/Editor_avatar_1693668634-96x96.png","url":"https:\/\/realidadturistica.com\/realtur\/wp-content\/uploads\/2023\/09\/Editor_avatar_1693668634-96x96.png","contentUrl":"https:\/\/realidadturistica.com\/realtur\/wp-content\/uploads\/2023\/09\/Editor_avatar_1693668634-96x96.png","caption":"Editor"},"sameAs":["https:\/\/realidadturistica.com\/realtur"],"url":"https:\/\/realidadturistica.com\/realtur\/author\/editor2\/"}]}},"_links":{"self":[{"href":"https:\/\/realidadturistica.com\/realtur\/wp-json\/wp\/v2\/posts\/3154","targetHints":{"allow":["GET"]}}],"collection":[{"href":"https:\/\/realidadturistica.com\/realtur\/wp-json\/wp\/v2\/posts"}],"about":[{"href":"https:\/\/realidadturistica.com\/realtur\/wp-json\/wp\/v2\/types\/post"}],"author":[{"embeddable":true,"href":"https:\/\/realidadturistica.com\/realtur\/wp-json\/wp\/v2\/users\/2"}],"replies":[{"embeddable":true,"href":"https:\/\/realidadturistica.com\/realtur\/wp-json\/wp\/v2\/comments?post=3154"}],"version-history":[{"count":0,"href":"https:\/\/realidadturistica.com\/realtur\/wp-json\/wp\/v2\/posts\/3154\/revisions"}],"wp:featuredmedia":[{"embeddable":true,"href":"https:\/\/realidadturistica.com\/realtur\/wp-json\/wp\/v2\/media\/3155"}],"wp:attachment":[{"href":"https:\/\/realidadturistica.com\/realtur\/wp-json\/wp\/v2\/media?parent=3154"}],"wp:term":[{"taxonomy":"category","embeddable":true,"href":"https:\/\/realidadturistica.com\/realtur\/wp-json\/wp\/v2\/categories?post=3154"},{"taxonomy":"post_tag","embeddable":true,"href":"https:\/\/realidadturistica.com\/realtur\/wp-json\/wp\/v2\/tags?post=3154"}],"curies":[{"name":"wp","href":"https:\/\/api.w.org\/{rel}","templated":true}]}}