{"id":3220,"date":"2022-10-30T21:55:39","date_gmt":"2022-10-30T21:55:39","guid":{"rendered":"https:\/\/realidadturistica.com\/realtur\/?p=3220"},"modified":"2022-10-30T21:55:39","modified_gmt":"2022-10-30T21:55:39","slug":"aeromexico-retoma-vuelos-regulares-a-cuba","status":"publish","type":"post","link":"https:\/\/realidadturistica.com\/realtur\/aeromexico-retoma-vuelos-regulares-a-cuba\/","title":{"rendered":"Aerom\u00e9xico retoma vuelos regulares a Cuba"},"content":{"rendered":"\n<p>Despu\u00e9s de m\u00e1s de dos a\u00f1os suspendidos producto de la Covid-19, este domingo la l\u00ednea mexicana Aerom\u00e9xico retom\u00f3 los vuelos regulares a Cuba, apostando de esta forma por el desarrollo de la conectividad entre los dos pa\u00edses.<\/p>\n\n\n\n<p>El embajador de M\u00e9xico en Cuba, el Excelent\u00edsimo Se\u00f1or Miguel Ignacio D\u00edaz Reynoso, manifest\u00f3 que \u201cla conectividad entre M\u00e9xico y Cuba ha sido siempre creciente, ambos pa\u00edses est\u00e1n haciendo un gran esfuerzo por mejorar la conectividad, incluso no solo la a\u00e9rea sino tambi\u00e9n la mar\u00edtima con los buques de carga. Es una buena noticia que vuelve Aerom\u00e9xico con la calidad, el esmero y profesionalismo que lo caracteriza, con la confianza que esto alentar\u00e1 los puentes entre los dos pa\u00edses\u201d. Dijo adem\u00e1s que aqu\u00ed se incluyen viajes de turismo, de reunificaci\u00f3n familiar, de negocios, en resumen, un restablecimiento de la vida normal, una noticia que ser\u00e1 bien recibida por el pueblo mexicano y cubano.<\/p>\n\n\n\n<figure class=\"wp-block-image size-full\"><img fetchpriority=\"high\" decoding=\"async\" width=\"800\" height=\"360\" src=\"https:\/\/realidadturistica.com\/realtur\/wp-content\/uploads\/2022\/10\/20221030_135656.jpg\" alt=\"\" class=\"wp-image-3222\" srcset=\"https:\/\/realidadturistica.com\/realtur\/wp-content\/uploads\/2022\/10\/20221030_135656.jpg 800w, https:\/\/realidadturistica.com\/realtur\/wp-content\/uploads\/2022\/10\/20221030_135656-300x135.jpg 300w, https:\/\/realidadturistica.com\/realtur\/wp-content\/uploads\/2022\/10\/20221030_135656-768x346.jpg 768w\" sizes=\"(max-width: 800px) 100vw, 800px\" \/><\/figure>\n\n\n\n<p>Por su parte el Sr. Fernando Esquela Ru\u00edz, director comercial para Latinoam\u00e9rica de Aerom\u00e9xico expres\u00f3 su satisfacci\u00f3n en regresar a Cuba, en un momento en que la aerol\u00ednea est\u00e1 recuperando actividades normales, negocios y turistas, lo cual es muy importante. La frecuencia ser\u00e1 diaria desde Ciudad de M\u00e9xico, en un avi\u00f3n Boeing 737-800, un equipo muy moderno y con un gran confort, con capacidad para 170 pasajeros.<\/p>\n\n\n\n<p>Uno de los pasajeros de vuelo, el Sr. Jos\u00e9 Carlos Cuesta, residente en el Distrito Federal&nbsp;&nbsp;&nbsp;&nbsp;&nbsp; manifest\u00f3 a este medio de prensa que \u201cel vuelo fue magn\u00edfico, que siempre volar con Aerom\u00e9xico es una garant\u00eda, que se sent\u00eda muy complacido por la atenci\u00f3n que le brindaron\u201d, precis\u00f3.<\/p>\n\n\n\n<p>Aerom\u00e9xico comenz\u00f3 a operar en Cuba desde el a\u00f1o 2011, pero en marzo del 2020 detuvo sus operaciones producto de la pandemia.<\/p>\n\n\n\n<p>Seg\u00fan cifras oficiales de la AFAC, durante el primer semestre del 2022 entre M\u00e9xico y Cuba se movilizaron 85.221 pasajeros con un factor de ocupaci\u00f3n del 50.1 porciento en 894 vuelos.<\/p>\n\n\n\n<figure class=\"wp-block-image size-full\"><img decoding=\"async\" width=\"800\" height=\"360\" src=\"https:\/\/realidadturistica.com\/realtur\/wp-content\/uploads\/2022\/10\/20221030_135050.jpg\" alt=\"\" class=\"wp-image-3223\" srcset=\"https:\/\/realidadturistica.com\/realtur\/wp-content\/uploads\/2022\/10\/20221030_135050.jpg 800w, https:\/\/realidadturistica.com\/realtur\/wp-content\/uploads\/2022\/10\/20221030_135050-300x135.jpg 300w, https:\/\/realidadturistica.com\/realtur\/wp-content\/uploads\/2022\/10\/20221030_135050-768x346.jpg 768w\" sizes=\"(max-width: 800px) 100vw, 800px\" \/><\/figure>\n\n\n\n<p>Estuvieron presentes en el recibimiento del vuelo, adem\u00e1s del Excelent\u00edsimo Se\u00f1or Embajador Miguel Ignacio D\u00edaz Reynoso y el Sr. Fernando Esquela Ruiz, director comercial para Latinoam\u00e9rica, David Galv\u00e1n Quintana, especialista en SR, RP nacional y centroam\u00e9rica de Aerom\u00e9xico, Orlando Nevot, director de Aeronavegaci\u00f3n del IACC, Dulce Mar\u00eda S\u00e1nchez y Gihana Galindo, del Ministerio de Turismo de Cuba, as\u00ed como prensa nacional e internacional.<\/p>\n\n\n\n<p>Fuente: Realidad Tur\u00edstica \/ <a href=\"https:\/\/newsinamerica.com\/pdcc\/turismo\/2022\/aeromexico-retoma-vuelos-regulares-a-cuba\/\" target=\"_blank\" rel=\"noreferrer noopener\">Peri\u00f3dico Digital Centroamericano y del Caribe.<\/a><\/p>\n","protected":false},"excerpt":{"rendered":"<p>Despu\u00e9s de m\u00e1s de dos a\u00f1os suspendidos producto de la Covid-19, este domingo la l\u00ednea mexicana Aerom\u00e9xico retom\u00f3 los vuelos regulares a Cuba, apostando de&hellip;<\/p>\n","protected":false},"author":2,"featured_media":3221,"comment_status":"open","ping_status":"closed","sticky":false,"template":"","format":"standard","meta":{"content-type":"","_lmt_disableupdate":"","_lmt_disable":"","footnotes":""},"categories":[2],"tags":[],"class_list":["post-3220","post","type-post","status-publish","format-standard","has-post-thumbnail","hentry","category-aerolineas"],"yoast_head":"<!-- This site is optimized with the Yoast SEO Premium plugin v27.4 (Yoast SEO v27.4) - https:\/\/yoast.com\/product\/yoast-seo-premium-wordpress\/ -->\n<title>Aerom\u00e9xico retoma vuelos regulares a Cuba - Realidad Tur\u00edstica<\/title>\n<meta name=\"robots\" content=\"index, follow, max-snippet:-1, max-image-preview:large, max-video-preview:-1\" \/>\n<link rel=\"canonical\" href=\"https:\/\/realidadturistica.com\/realtur\/aeromexico-retoma-vuelos-regulares-a-cuba\/\" \/>\n<meta property=\"og:locale\" content=\"es_ES\" \/>\n<meta property=\"og:type\" content=\"article\" \/>\n<meta property=\"og:title\" content=\"Aerom\u00e9xico retoma vuelos regulares a Cuba\" \/>\n<meta property=\"og:description\" content=\"Despu\u00e9s de m\u00e1s de dos a\u00f1os suspendidos producto de la Covid-19, este domingo la l\u00ednea mexicana Aerom\u00e9xico retom\u00f3 los vuelos regulares a Cuba, apostando de&hellip;\" \/>\n<meta property=\"og:url\" content=\"https:\/\/realidadturistica.com\/realtur\/aeromexico-retoma-vuelos-regulares-a-cuba\/\" \/>\n<meta property=\"og:site_name\" content=\"Realidad Tur\u00edstica\" \/>\n<meta property=\"article:publisher\" content=\"https:\/\/www.facebook.com\/realidadturistica\" \/>\n<meta property=\"article:published_time\" content=\"2022-10-30T21:55:39+00:00\" \/>\n<meta property=\"og:image\" content=\"https:\/\/realidadturistica.com\/realtur\/wp-content\/uploads\/2022\/10\/20221030_140714.jpg\" \/>\n\t<meta property=\"og:image:width\" content=\"800\" \/>\n\t<meta property=\"og:image:height\" content=\"360\" \/>\n\t<meta property=\"og:image:type\" content=\"image\/jpeg\" \/>\n<meta name=\"author\" content=\"Editor\" \/>\n<meta name=\"twitter:card\" content=\"summary_large_image\" \/>\n<meta name=\"twitter:label1\" content=\"Escrito por\" \/>\n\t<meta name=\"twitter:data1\" content=\"Editor\" \/>\n\t<meta name=\"twitter:label2\" content=\"Tiempo de lectura\" \/>\n\t<meta name=\"twitter:data2\" content=\"2 minutos\" \/>\n<script type=\"application\/ld+json\" class=\"yoast-schema-graph\">{\"@context\":\"https:\\\/\\\/schema.org\",\"@graph\":[{\"@type\":\"Article\",\"@id\":\"https:\\\/\\\/realidadturistica.com\\\/realtur\\\/aeromexico-retoma-vuelos-regulares-a-cuba\\\/#article\",\"isPartOf\":{\"@id\":\"https:\\\/\\\/realidadturistica.com\\\/realtur\\\/aeromexico-retoma-vuelos-regulares-a-cuba\\\/\"},\"author\":{\"name\":\"Editor\",\"@id\":\"https:\\\/\\\/realidadturistica.com\\\/realtur\\\/#\\\/schema\\\/person\\\/ade671191202490fcf08ab21590de73e\"},\"headline\":\"Aerom\u00e9xico retoma vuelos regulares a Cuba\",\"datePublished\":\"2022-10-30T21:55:39+00:00\",\"mainEntityOfPage\":{\"@id\":\"https:\\\/\\\/realidadturistica.com\\\/realtur\\\/aeromexico-retoma-vuelos-regulares-a-cuba\\\/\"},\"wordCount\":444,\"commentCount\":1,\"publisher\":{\"@id\":\"https:\\\/\\\/realidadturistica.com\\\/realtur\\\/#organization\"},\"image\":{\"@id\":\"https:\\\/\\\/realidadturistica.com\\\/realtur\\\/aeromexico-retoma-vuelos-regulares-a-cuba\\\/#primaryimage\"},\"thumbnailUrl\":\"https:\\\/\\\/realidadturistica.com\\\/realtur\\\/wp-content\\\/uploads\\\/2022\\\/10\\\/20221030_140714.jpg\",\"articleSection\":[\"Volar con pasi\u00f3n\"],\"inLanguage\":\"es\",\"potentialAction\":[{\"@type\":\"CommentAction\",\"name\":\"Comment\",\"target\":[\"https:\\\/\\\/realidadturistica.com\\\/realtur\\\/aeromexico-retoma-vuelos-regulares-a-cuba\\\/#respond\"]}]},{\"@type\":\"WebPage\",\"@id\":\"https:\\\/\\\/realidadturistica.com\\\/realtur\\\/aeromexico-retoma-vuelos-regulares-a-cuba\\\/\",\"url\":\"https:\\\/\\\/realidadturistica.com\\\/realtur\\\/aeromexico-retoma-vuelos-regulares-a-cuba\\\/\",\"name\":\"Aerom\u00e9xico retoma vuelos regulares a Cuba - Realidad Tur\u00edstica\",\"isPartOf\":{\"@id\":\"https:\\\/\\\/realidadturistica.com\\\/realtur\\\/#website\"},\"primaryImageOfPage\":{\"@id\":\"https:\\\/\\\/realidadturistica.com\\\/realtur\\\/aeromexico-retoma-vuelos-regulares-a-cuba\\\/#primaryimage\"},\"image\":{\"@id\":\"https:\\\/\\\/realidadturistica.com\\\/realtur\\\/aeromexico-retoma-vuelos-regulares-a-cuba\\\/#primaryimage\"},\"thumbnailUrl\":\"https:\\\/\\\/realidadturistica.com\\\/realtur\\\/wp-content\\\/uploads\\\/2022\\\/10\\\/20221030_140714.jpg\",\"datePublished\":\"2022-10-30T21:55:39+00:00\",\"breadcrumb\":{\"@id\":\"https:\\\/\\\/realidadturistica.com\\\/realtur\\\/aeromexico-retoma-vuelos-regulares-a-cuba\\\/#breadcrumb\"},\"inLanguage\":\"es\",\"potentialAction\":[{\"@type\":\"ReadAction\",\"target\":[\"https:\\\/\\\/realidadturistica.com\\\/realtur\\\/aeromexico-retoma-vuelos-regulares-a-cuba\\\/\"]}]},{\"@type\":\"ImageObject\",\"inLanguage\":\"es\",\"@id\":\"https:\\\/\\\/realidadturistica.com\\\/realtur\\\/aeromexico-retoma-vuelos-regulares-a-cuba\\\/#primaryimage\",\"url\":\"https:\\\/\\\/realidadturistica.com\\\/realtur\\\/wp-content\\\/uploads\\\/2022\\\/10\\\/20221030_140714.jpg\",\"contentUrl\":\"https:\\\/\\\/realidadturistica.com\\\/realtur\\\/wp-content\\\/uploads\\\/2022\\\/10\\\/20221030_140714.jpg\",\"width\":800,\"height\":360},{\"@type\":\"BreadcrumbList\",\"@id\":\"https:\\\/\\\/realidadturistica.com\\\/realtur\\\/aeromexico-retoma-vuelos-regulares-a-cuba\\\/#breadcrumb\",\"itemListElement\":[{\"@type\":\"ListItem\",\"position\":1,\"name\":\"Portada\",\"item\":\"https:\\\/\\\/realidadturistica.com\\\/realtur\\\/\"},{\"@type\":\"ListItem\",\"position\":2,\"name\":\"Aerom\u00e9xico retoma vuelos regulares a Cuba\"}]},{\"@type\":\"WebSite\",\"@id\":\"https:\\\/\\\/realidadturistica.com\\\/realtur\\\/#website\",\"url\":\"https:\\\/\\\/realidadturistica.com\\\/realtur\\\/\",\"name\":\"Realidad Tur\u00edstica\",\"description\":\"\",\"publisher\":{\"@id\":\"https:\\\/\\\/realidadturistica.com\\\/realtur\\\/#organization\"},\"potentialAction\":[{\"@type\":\"SearchAction\",\"target\":{\"@type\":\"EntryPoint\",\"urlTemplate\":\"https:\\\/\\\/realidadturistica.com\\\/realtur\\\/?s={search_term_string}\"},\"query-input\":{\"@type\":\"PropertyValueSpecification\",\"valueRequired\":true,\"valueName\":\"search_term_string\"}}],\"inLanguage\":\"es\"},{\"@type\":\"Organization\",\"@id\":\"https:\\\/\\\/realidadturistica.com\\\/realtur\\\/#organization\",\"name\":\"Realidad Tur\u00edstica\",\"url\":\"https:\\\/\\\/realidadturistica.com\\\/realtur\\\/\",\"logo\":{\"@type\":\"ImageObject\",\"inLanguage\":\"es\",\"@id\":\"https:\\\/\\\/realidadturistica.com\\\/realtur\\\/#\\\/schema\\\/logo\\\/image\\\/\",\"url\":\"https:\\\/\\\/realidadturistica.com\\\/realtur\\\/wp-content\\\/uploads\\\/2021\\\/12\\\/logotipo-realidad-turistica.png\",\"contentUrl\":\"https:\\\/\\\/realidadturistica.com\\\/realtur\\\/wp-content\\\/uploads\\\/2021\\\/12\\\/logotipo-realidad-turistica.png\",\"width\":1382,\"height\":629,\"caption\":\"Realidad Tur\u00edstica\"},\"image\":{\"@id\":\"https:\\\/\\\/realidadturistica.com\\\/realtur\\\/#\\\/schema\\\/logo\\\/image\\\/\"},\"sameAs\":[\"https:\\\/\\\/www.facebook.com\\\/realidadturistica\",\"https:\\\/\\\/www.instagram.com\\\/realidad_turistica\\\/\"]},{\"@type\":\"Person\",\"@id\":\"https:\\\/\\\/realidadturistica.com\\\/realtur\\\/#\\\/schema\\\/person\\\/ade671191202490fcf08ab21590de73e\",\"name\":\"Editor\",\"image\":{\"@type\":\"ImageObject\",\"inLanguage\":\"es\",\"@id\":\"https:\\\/\\\/realidadturistica.com\\\/realtur\\\/wp-content\\\/uploads\\\/2023\\\/09\\\/Editor_avatar_1693668634-96x96.png\",\"url\":\"https:\\\/\\\/realidadturistica.com\\\/realtur\\\/wp-content\\\/uploads\\\/2023\\\/09\\\/Editor_avatar_1693668634-96x96.png\",\"contentUrl\":\"https:\\\/\\\/realidadturistica.com\\\/realtur\\\/wp-content\\\/uploads\\\/2023\\\/09\\\/Editor_avatar_1693668634-96x96.png\",\"caption\":\"Editor\"},\"sameAs\":[\"https:\\\/\\\/realidadturistica.com\\\/realtur\"],\"url\":\"https:\\\/\\\/realidadturistica.com\\\/realtur\\\/author\\\/editor2\\\/\"}]}<\/script>\n<!-- \/ Yoast SEO Premium plugin. -->","yoast_head_json":{"title":"Aerom\u00e9xico retoma vuelos regulares a Cuba - Realidad Tur\u00edstica","robots":{"index":"index","follow":"follow","max-snippet":"max-snippet:-1","max-image-preview":"max-image-preview:large","max-video-preview":"max-video-preview:-1"},"canonical":"https:\/\/realidadturistica.com\/realtur\/aeromexico-retoma-vuelos-regulares-a-cuba\/","og_locale":"es_ES","og_type":"article","og_title":"Aerom\u00e9xico retoma vuelos regulares a Cuba","og_description":"Despu\u00e9s de m\u00e1s de dos a\u00f1os suspendidos producto de la Covid-19, este domingo la l\u00ednea mexicana Aerom\u00e9xico retom\u00f3 los vuelos regulares a Cuba, apostando de&hellip;","og_url":"https:\/\/realidadturistica.com\/realtur\/aeromexico-retoma-vuelos-regulares-a-cuba\/","og_site_name":"Realidad Tur\u00edstica","article_publisher":"https:\/\/www.facebook.com\/realidadturistica","article_published_time":"2022-10-30T21:55:39+00:00","og_image":[{"width":800,"height":360,"url":"https:\/\/realidadturistica.com\/realtur\/wp-content\/uploads\/2022\/10\/20221030_140714.jpg","type":"image\/jpeg"}],"author":"Editor","twitter_card":"summary_large_image","twitter_misc":{"Escrito por":"Editor","Tiempo de lectura":"2 minutos"},"schema":{"@context":"https:\/\/schema.org","@graph":[{"@type":"Article","@id":"https:\/\/realidadturistica.com\/realtur\/aeromexico-retoma-vuelos-regulares-a-cuba\/#article","isPartOf":{"@id":"https:\/\/realidadturistica.com\/realtur\/aeromexico-retoma-vuelos-regulares-a-cuba\/"},"author":{"name":"Editor","@id":"https:\/\/realidadturistica.com\/realtur\/#\/schema\/person\/ade671191202490fcf08ab21590de73e"},"headline":"Aerom\u00e9xico retoma vuelos regulares a Cuba","datePublished":"2022-10-30T21:55:39+00:00","mainEntityOfPage":{"@id":"https:\/\/realidadturistica.com\/realtur\/aeromexico-retoma-vuelos-regulares-a-cuba\/"},"wordCount":444,"commentCount":1,"publisher":{"@id":"https:\/\/realidadturistica.com\/realtur\/#organization"},"image":{"@id":"https:\/\/realidadturistica.com\/realtur\/aeromexico-retoma-vuelos-regulares-a-cuba\/#primaryimage"},"thumbnailUrl":"https:\/\/realidadturistica.com\/realtur\/wp-content\/uploads\/2022\/10\/20221030_140714.jpg","articleSection":["Volar con pasi\u00f3n"],"inLanguage":"es","potentialAction":[{"@type":"CommentAction","name":"Comment","target":["https:\/\/realidadturistica.com\/realtur\/aeromexico-retoma-vuelos-regulares-a-cuba\/#respond"]}]},{"@type":"WebPage","@id":"https:\/\/realidadturistica.com\/realtur\/aeromexico-retoma-vuelos-regulares-a-cuba\/","url":"https:\/\/realidadturistica.com\/realtur\/aeromexico-retoma-vuelos-regulares-a-cuba\/","name":"Aerom\u00e9xico retoma vuelos regulares a Cuba - Realidad Tur\u00edstica","isPartOf":{"@id":"https:\/\/realidadturistica.com\/realtur\/#website"},"primaryImageOfPage":{"@id":"https:\/\/realidadturistica.com\/realtur\/aeromexico-retoma-vuelos-regulares-a-cuba\/#primaryimage"},"image":{"@id":"https:\/\/realidadturistica.com\/realtur\/aeromexico-retoma-vuelos-regulares-a-cuba\/#primaryimage"},"thumbnailUrl":"https:\/\/realidadturistica.com\/realtur\/wp-content\/uploads\/2022\/10\/20221030_140714.jpg","datePublished":"2022-10-30T21:55:39+00:00","breadcrumb":{"@id":"https:\/\/realidadturistica.com\/realtur\/aeromexico-retoma-vuelos-regulares-a-cuba\/#breadcrumb"},"inLanguage":"es","potentialAction":[{"@type":"ReadAction","target":["https:\/\/realidadturistica.com\/realtur\/aeromexico-retoma-vuelos-regulares-a-cuba\/"]}]},{"@type":"ImageObject","inLanguage":"es","@id":"https:\/\/realidadturistica.com\/realtur\/aeromexico-retoma-vuelos-regulares-a-cuba\/#primaryimage","url":"https:\/\/realidadturistica.com\/realtur\/wp-content\/uploads\/2022\/10\/20221030_140714.jpg","contentUrl":"https:\/\/realidadturistica.com\/realtur\/wp-content\/uploads\/2022\/10\/20221030_140714.jpg","width":800,"height":360},{"@type":"BreadcrumbList","@id":"https:\/\/realidadturistica.com\/realtur\/aeromexico-retoma-vuelos-regulares-a-cuba\/#breadcrumb","itemListElement":[{"@type":"ListItem","position":1,"name":"Portada","item":"https:\/\/realidadturistica.com\/realtur\/"},{"@type":"ListItem","position":2,"name":"Aerom\u00e9xico retoma vuelos regulares a Cuba"}]},{"@type":"WebSite","@id":"https:\/\/realidadturistica.com\/realtur\/#website","url":"https:\/\/realidadturistica.com\/realtur\/","name":"Realidad Tur\u00edstica","description":"","publisher":{"@id":"https:\/\/realidadturistica.com\/realtur\/#organization"},"potentialAction":[{"@type":"SearchAction","target":{"@type":"EntryPoint","urlTemplate":"https:\/\/realidadturistica.com\/realtur\/?s={search_term_string}"},"query-input":{"@type":"PropertyValueSpecification","valueRequired":true,"valueName":"search_term_string"}}],"inLanguage":"es"},{"@type":"Organization","@id":"https:\/\/realidadturistica.com\/realtur\/#organization","name":"Realidad Tur\u00edstica","url":"https:\/\/realidadturistica.com\/realtur\/","logo":{"@type":"ImageObject","inLanguage":"es","@id":"https:\/\/realidadturistica.com\/realtur\/#\/schema\/logo\/image\/","url":"https:\/\/realidadturistica.com\/realtur\/wp-content\/uploads\/2021\/12\/logotipo-realidad-turistica.png","contentUrl":"https:\/\/realidadturistica.com\/realtur\/wp-content\/uploads\/2021\/12\/logotipo-realidad-turistica.png","width":1382,"height":629,"caption":"Realidad Tur\u00edstica"},"image":{"@id":"https:\/\/realidadturistica.com\/realtur\/#\/schema\/logo\/image\/"},"sameAs":["https:\/\/www.facebook.com\/realidadturistica","https:\/\/www.instagram.com\/realidad_turistica\/"]},{"@type":"Person","@id":"https:\/\/realidadturistica.com\/realtur\/#\/schema\/person\/ade671191202490fcf08ab21590de73e","name":"Editor","image":{"@type":"ImageObject","inLanguage":"es","@id":"https:\/\/realidadturistica.com\/realtur\/wp-content\/uploads\/2023\/09\/Editor_avatar_1693668634-96x96.png","url":"https:\/\/realidadturistica.com\/realtur\/wp-content\/uploads\/2023\/09\/Editor_avatar_1693668634-96x96.png","contentUrl":"https:\/\/realidadturistica.com\/realtur\/wp-content\/uploads\/2023\/09\/Editor_avatar_1693668634-96x96.png","caption":"Editor"},"sameAs":["https:\/\/realidadturistica.com\/realtur"],"url":"https:\/\/realidadturistica.com\/realtur\/author\/editor2\/"}]}},"_links":{"self":[{"href":"https:\/\/realidadturistica.com\/realtur\/wp-json\/wp\/v2\/posts\/3220","targetHints":{"allow":["GET"]}}],"collection":[{"href":"https:\/\/realidadturistica.com\/realtur\/wp-json\/wp\/v2\/posts"}],"about":[{"href":"https:\/\/realidadturistica.com\/realtur\/wp-json\/wp\/v2\/types\/post"}],"author":[{"embeddable":true,"href":"https:\/\/realidadturistica.com\/realtur\/wp-json\/wp\/v2\/users\/2"}],"replies":[{"embeddable":true,"href":"https:\/\/realidadturistica.com\/realtur\/wp-json\/wp\/v2\/comments?post=3220"}],"version-history":[{"count":0,"href":"https:\/\/realidadturistica.com\/realtur\/wp-json\/wp\/v2\/posts\/3220\/revisions"}],"wp:featuredmedia":[{"embeddable":true,"href":"https:\/\/realidadturistica.com\/realtur\/wp-json\/wp\/v2\/media\/3221"}],"wp:attachment":[{"href":"https:\/\/realidadturistica.com\/realtur\/wp-json\/wp\/v2\/media?parent=3220"}],"wp:term":[{"taxonomy":"category","embeddable":true,"href":"https:\/\/realidadturistica.com\/realtur\/wp-json\/wp\/v2\/categories?post=3220"},{"taxonomy":"post_tag","embeddable":true,"href":"https:\/\/realidadturistica.com\/realtur\/wp-json\/wp\/v2\/tags?post=3220"}],"curies":[{"name":"wp","href":"https:\/\/api.w.org\/{rel}","templated":true}]}}