{"id":3579,"date":"2023-01-02T03:10:51","date_gmt":"2023-01-02T03:10:51","guid":{"rendered":"https:\/\/realidadturistica.com\/realtur\/?p=3579"},"modified":"2023-01-02T03:10:51","modified_gmt":"2023-01-02T03:10:51","slug":"air-europa-pone-en-servicio-su-nuevo-boeing-787-8","status":"publish","type":"post","link":"https:\/\/realidadturistica.com\/realtur\/air-europa-pone-en-servicio-su-nuevo-boeing-787-8\/","title":{"rendered":"Air Europa pone en servicio su nuevo Boeing 787-8"},"content":{"rendered":"\n<p>Air Europa ha incorporado este a\u00f1o 10 aviones\u00a0 para sustituir a los dados de baja por la pandemia.<\/p>\n\n\n\n<p>El pasado 18 de diciembre llegaba a Madrid el quinto y \u00faltimo de los Boeing 787 que Air Europa ha alquilado a la aerol\u00ednea noruega Norse Atlantic. Se trata del avi\u00f3n n\u00famero de serie 35310\/153, el cual ha recibido la matr\u00edcula espa\u00f1ola EC-NZG.<\/p>\n\n\n\n<p>Desde Air Europa han se\u00f1alado sobre su llegada: \u201cLa incorporaci\u00f3n de este Boeing 787 adicional permite hacer frente al notable incremento de la actividad registrado a lo largo de todo el a\u00f1o, reflejado en la recuperaci\u00f3n de rutas y el incremento de frecuencias en las conexiones con algunos de los destinos m\u00e1s importantes para Air Europa. Asimismo, refuerza el s\u00f3lido papel estrat\u00e9gico de la compa\u00f1\u00eda en el hub de Madrid-Barajas, donde es un actor clave en la conectividad entre Europa y Am\u00e9rica\u201d.<\/p>\n\n\n\n<p>Estos cinco aviones (tres de la serie 8, a la que pertenece este \u00faltimo, y dos de la serie 9), han servido para reemplazar temporalmente los Airbus A330 que Air Europa estaba dando de baja cuando estall\u00f3 la pandemia del&nbsp; SARS-CoV-2, y a los Boeing 787 que iban a sustituir a estos. Boeing, por sus problemas de calidad de producci\u00f3n no pudo entregarlos, al parar las entregas la FAA. Dichos B-787 ser\u00e1n sustituidos (junto a los alquilados de Norse) por nuevos ejemplares para los que Air Europa cerr\u00f3 un nuevo contrato de leasing.<\/p>\n\n\n\n<p>Este quinto Boeing&nbsp; 787 entr\u00f3 en servicio el pasado d\u00eda 22 con un vuelo de Madrid y Barcelona, y, tras unos d\u00edas realizando vuelos europeos y a la Ciudad Condal, el 26 de diciembre efectu\u00f3 su primer servicio intercontinental, volando de Madrid a San Pedro Sula (Honduras).<\/p>\n\n\n\n<p>La llegada a la flota de Air Europa de este quinto B-787 se ha retrasado respecto a los otros cuatro,&nbsp; que entraron en servicio hace seis meses.<\/p>\n\n\n\n<p>El EC-NZG por el momento est\u00e1 pintado de blanco, sin t\u00edtulos, mientras que los dos B-787-9 lucen colores de Norse con t\u00edtulos de Air Europa, y los dos B-787-8 anteriores, solo los t\u00edtulos de Air Europa sobre un fuselaje blanco.<\/p>\n\n\n\n<p>Mientras tanto, su aerol\u00ednea hermana, Air Europa Express, sigue dando de baja sus Embraer E195, y ya solo cuenta con dos unidades. Pr\u00f3ximamente a\u00f1adir\u00e1 un segundo Boeing 737-800 (matriculado EC-NZN) a su flota, el cual est\u00e1 en estos momentos en el aeropuerto de Shannon (Irlanda). Se trata del avi\u00f3n n\u00famero de serie 40259\/4467, y que actualmente, hasta su entrega, porta la matr\u00edcula M-ABPA. Este avi\u00f3n fue entregado originalmente a Fly Dubai como A6-FEF.<\/p>\n\n\n\n<p>Fuente: FlyNews.<\/p>\n","protected":false},"excerpt":{"rendered":"<p>Air Europa ha incorporado este a\u00f1o 10 aviones\u00a0 para sustituir a los dados de baja por la pandemia. El pasado 18 de diciembre llegaba a&hellip;<\/p>\n","protected":false},"author":2,"featured_media":3580,"comment_status":"open","ping_status":"closed","sticky":false,"template":"","format":"standard","meta":{"content-type":"","_lmt_disableupdate":"","_lmt_disable":"","footnotes":""},"categories":[2],"tags":[],"class_list":["post-3579","post","type-post","status-publish","format-standard","has-post-thumbnail","hentry","category-aerolineas"],"yoast_head":"<!-- This site is optimized with the Yoast SEO Premium plugin v27.4 (Yoast SEO v27.4) - https:\/\/yoast.com\/product\/yoast-seo-premium-wordpress\/ -->\n<title>Air Europa pone en servicio su nuevo Boeing 787-8 - Realidad Tur\u00edstica<\/title>\n<meta name=\"robots\" content=\"index, follow, max-snippet:-1, max-image-preview:large, max-video-preview:-1\" \/>\n<link rel=\"canonical\" href=\"https:\/\/realidadturistica.com\/realtur\/air-europa-pone-en-servicio-su-nuevo-boeing-787-8\/\" \/>\n<meta property=\"og:locale\" content=\"es_ES\" \/>\n<meta property=\"og:type\" content=\"article\" \/>\n<meta property=\"og:title\" content=\"Air Europa pone en servicio su nuevo Boeing 787-8\" \/>\n<meta property=\"og:description\" content=\"Air Europa ha incorporado este a\u00f1o 10 aviones\u00a0 para sustituir a los dados de baja por la pandemia. El pasado 18 de diciembre llegaba a&hellip;\" \/>\n<meta property=\"og:url\" content=\"https:\/\/realidadturistica.com\/realtur\/air-europa-pone-en-servicio-su-nuevo-boeing-787-8\/\" \/>\n<meta property=\"og:site_name\" content=\"Realidad Tur\u00edstica\" \/>\n<meta property=\"article:publisher\" content=\"https:\/\/www.facebook.com\/realidadturistica\" \/>\n<meta property=\"article:published_time\" content=\"2023-01-02T03:10:51+00:00\" \/>\n<meta property=\"og:image\" content=\"https:\/\/realidadturistica.com\/realtur\/wp-content\/uploads\/2023\/01\/Air-Europa.jpg\" \/>\n\t<meta property=\"og:image:width\" content=\"1500\" \/>\n\t<meta property=\"og:image:height\" content=\"999\" \/>\n\t<meta property=\"og:image:type\" content=\"image\/jpeg\" \/>\n<meta name=\"author\" content=\"Editor\" \/>\n<meta name=\"twitter:card\" content=\"summary_large_image\" \/>\n<meta name=\"twitter:label1\" content=\"Escrito por\" \/>\n\t<meta name=\"twitter:data1\" content=\"Editor\" \/>\n\t<meta name=\"twitter:label2\" content=\"Tiempo de lectura\" \/>\n\t<meta name=\"twitter:data2\" content=\"2 minutos\" \/>\n<script type=\"application\/ld+json\" class=\"yoast-schema-graph\">{\"@context\":\"https:\\\/\\\/schema.org\",\"@graph\":[{\"@type\":\"Article\",\"@id\":\"https:\\\/\\\/realidadturistica.com\\\/realtur\\\/air-europa-pone-en-servicio-su-nuevo-boeing-787-8\\\/#article\",\"isPartOf\":{\"@id\":\"https:\\\/\\\/realidadturistica.com\\\/realtur\\\/air-europa-pone-en-servicio-su-nuevo-boeing-787-8\\\/\"},\"author\":{\"name\":\"Editor\",\"@id\":\"https:\\\/\\\/realidadturistica.com\\\/realtur\\\/#\\\/schema\\\/person\\\/ade671191202490fcf08ab21590de73e\"},\"headline\":\"Air Europa pone en servicio su nuevo Boeing 787-8\",\"datePublished\":\"2023-01-02T03:10:51+00:00\",\"mainEntityOfPage\":{\"@id\":\"https:\\\/\\\/realidadturistica.com\\\/realtur\\\/air-europa-pone-en-servicio-su-nuevo-boeing-787-8\\\/\"},\"wordCount\":457,\"commentCount\":0,\"publisher\":{\"@id\":\"https:\\\/\\\/realidadturistica.com\\\/realtur\\\/#organization\"},\"image\":{\"@id\":\"https:\\\/\\\/realidadturistica.com\\\/realtur\\\/air-europa-pone-en-servicio-su-nuevo-boeing-787-8\\\/#primaryimage\"},\"thumbnailUrl\":\"https:\\\/\\\/realidadturistica.com\\\/realtur\\\/wp-content\\\/uploads\\\/2023\\\/01\\\/Air-Europa.jpg\",\"articleSection\":[\"Volar con pasi\u00f3n\"],\"inLanguage\":\"es\",\"potentialAction\":[{\"@type\":\"CommentAction\",\"name\":\"Comment\",\"target\":[\"https:\\\/\\\/realidadturistica.com\\\/realtur\\\/air-europa-pone-en-servicio-su-nuevo-boeing-787-8\\\/#respond\"]}]},{\"@type\":\"WebPage\",\"@id\":\"https:\\\/\\\/realidadturistica.com\\\/realtur\\\/air-europa-pone-en-servicio-su-nuevo-boeing-787-8\\\/\",\"url\":\"https:\\\/\\\/realidadturistica.com\\\/realtur\\\/air-europa-pone-en-servicio-su-nuevo-boeing-787-8\\\/\",\"name\":\"Air Europa pone en servicio su nuevo Boeing 787-8 - Realidad Tur\u00edstica\",\"isPartOf\":{\"@id\":\"https:\\\/\\\/realidadturistica.com\\\/realtur\\\/#website\"},\"primaryImageOfPage\":{\"@id\":\"https:\\\/\\\/realidadturistica.com\\\/realtur\\\/air-europa-pone-en-servicio-su-nuevo-boeing-787-8\\\/#primaryimage\"},\"image\":{\"@id\":\"https:\\\/\\\/realidadturistica.com\\\/realtur\\\/air-europa-pone-en-servicio-su-nuevo-boeing-787-8\\\/#primaryimage\"},\"thumbnailUrl\":\"https:\\\/\\\/realidadturistica.com\\\/realtur\\\/wp-content\\\/uploads\\\/2023\\\/01\\\/Air-Europa.jpg\",\"datePublished\":\"2023-01-02T03:10:51+00:00\",\"breadcrumb\":{\"@id\":\"https:\\\/\\\/realidadturistica.com\\\/realtur\\\/air-europa-pone-en-servicio-su-nuevo-boeing-787-8\\\/#breadcrumb\"},\"inLanguage\":\"es\",\"potentialAction\":[{\"@type\":\"ReadAction\",\"target\":[\"https:\\\/\\\/realidadturistica.com\\\/realtur\\\/air-europa-pone-en-servicio-su-nuevo-boeing-787-8\\\/\"]}]},{\"@type\":\"ImageObject\",\"inLanguage\":\"es\",\"@id\":\"https:\\\/\\\/realidadturistica.com\\\/realtur\\\/air-europa-pone-en-servicio-su-nuevo-boeing-787-8\\\/#primaryimage\",\"url\":\"https:\\\/\\\/realidadturistica.com\\\/realtur\\\/wp-content\\\/uploads\\\/2023\\\/01\\\/Air-Europa.jpg\",\"contentUrl\":\"https:\\\/\\\/realidadturistica.com\\\/realtur\\\/wp-content\\\/uploads\\\/2023\\\/01\\\/Air-Europa.jpg\",\"width\":1500,\"height\":999},{\"@type\":\"BreadcrumbList\",\"@id\":\"https:\\\/\\\/realidadturistica.com\\\/realtur\\\/air-europa-pone-en-servicio-su-nuevo-boeing-787-8\\\/#breadcrumb\",\"itemListElement\":[{\"@type\":\"ListItem\",\"position\":1,\"name\":\"Portada\",\"item\":\"https:\\\/\\\/realidadturistica.com\\\/realtur\\\/\"},{\"@type\":\"ListItem\",\"position\":2,\"name\":\"Air Europa pone en servicio su nuevo Boeing 787-8\"}]},{\"@type\":\"WebSite\",\"@id\":\"https:\\\/\\\/realidadturistica.com\\\/realtur\\\/#website\",\"url\":\"https:\\\/\\\/realidadturistica.com\\\/realtur\\\/\",\"name\":\"Realidad Tur\u00edstica\",\"description\":\"\",\"publisher\":{\"@id\":\"https:\\\/\\\/realidadturistica.com\\\/realtur\\\/#organization\"},\"potentialAction\":[{\"@type\":\"SearchAction\",\"target\":{\"@type\":\"EntryPoint\",\"urlTemplate\":\"https:\\\/\\\/realidadturistica.com\\\/realtur\\\/?s={search_term_string}\"},\"query-input\":{\"@type\":\"PropertyValueSpecification\",\"valueRequired\":true,\"valueName\":\"search_term_string\"}}],\"inLanguage\":\"es\"},{\"@type\":\"Organization\",\"@id\":\"https:\\\/\\\/realidadturistica.com\\\/realtur\\\/#organization\",\"name\":\"Realidad Tur\u00edstica\",\"url\":\"https:\\\/\\\/realidadturistica.com\\\/realtur\\\/\",\"logo\":{\"@type\":\"ImageObject\",\"inLanguage\":\"es\",\"@id\":\"https:\\\/\\\/realidadturistica.com\\\/realtur\\\/#\\\/schema\\\/logo\\\/image\\\/\",\"url\":\"https:\\\/\\\/realidadturistica.com\\\/realtur\\\/wp-content\\\/uploads\\\/2021\\\/12\\\/logotipo-realidad-turistica.png\",\"contentUrl\":\"https:\\\/\\\/realidadturistica.com\\\/realtur\\\/wp-content\\\/uploads\\\/2021\\\/12\\\/logotipo-realidad-turistica.png\",\"width\":1382,\"height\":629,\"caption\":\"Realidad Tur\u00edstica\"},\"image\":{\"@id\":\"https:\\\/\\\/realidadturistica.com\\\/realtur\\\/#\\\/schema\\\/logo\\\/image\\\/\"},\"sameAs\":[\"https:\\\/\\\/www.facebook.com\\\/realidadturistica\",\"https:\\\/\\\/www.instagram.com\\\/realidad_turistica\\\/\"]},{\"@type\":\"Person\",\"@id\":\"https:\\\/\\\/realidadturistica.com\\\/realtur\\\/#\\\/schema\\\/person\\\/ade671191202490fcf08ab21590de73e\",\"name\":\"Editor\",\"image\":{\"@type\":\"ImageObject\",\"inLanguage\":\"es\",\"@id\":\"https:\\\/\\\/realidadturistica.com\\\/realtur\\\/wp-content\\\/uploads\\\/2023\\\/09\\\/Editor_avatar_1693668634-96x96.png\",\"url\":\"https:\\\/\\\/realidadturistica.com\\\/realtur\\\/wp-content\\\/uploads\\\/2023\\\/09\\\/Editor_avatar_1693668634-96x96.png\",\"contentUrl\":\"https:\\\/\\\/realidadturistica.com\\\/realtur\\\/wp-content\\\/uploads\\\/2023\\\/09\\\/Editor_avatar_1693668634-96x96.png\",\"caption\":\"Editor\"},\"sameAs\":[\"https:\\\/\\\/realidadturistica.com\\\/realtur\"],\"url\":\"https:\\\/\\\/realidadturistica.com\\\/realtur\\\/author\\\/editor2\\\/\"}]}<\/script>\n<!-- \/ Yoast SEO Premium plugin. -->","yoast_head_json":{"title":"Air Europa pone en servicio su nuevo Boeing 787-8 - Realidad Tur\u00edstica","robots":{"index":"index","follow":"follow","max-snippet":"max-snippet:-1","max-image-preview":"max-image-preview:large","max-video-preview":"max-video-preview:-1"},"canonical":"https:\/\/realidadturistica.com\/realtur\/air-europa-pone-en-servicio-su-nuevo-boeing-787-8\/","og_locale":"es_ES","og_type":"article","og_title":"Air Europa pone en servicio su nuevo Boeing 787-8","og_description":"Air Europa ha incorporado este a\u00f1o 10 aviones\u00a0 para sustituir a los dados de baja por la pandemia. El pasado 18 de diciembre llegaba a&hellip;","og_url":"https:\/\/realidadturistica.com\/realtur\/air-europa-pone-en-servicio-su-nuevo-boeing-787-8\/","og_site_name":"Realidad Tur\u00edstica","article_publisher":"https:\/\/www.facebook.com\/realidadturistica","article_published_time":"2023-01-02T03:10:51+00:00","og_image":[{"width":1500,"height":999,"url":"https:\/\/realidadturistica.com\/realtur\/wp-content\/uploads\/2023\/01\/Air-Europa.jpg","type":"image\/jpeg"}],"author":"Editor","twitter_card":"summary_large_image","twitter_misc":{"Escrito por":"Editor","Tiempo de lectura":"2 minutos"},"schema":{"@context":"https:\/\/schema.org","@graph":[{"@type":"Article","@id":"https:\/\/realidadturistica.com\/realtur\/air-europa-pone-en-servicio-su-nuevo-boeing-787-8\/#article","isPartOf":{"@id":"https:\/\/realidadturistica.com\/realtur\/air-europa-pone-en-servicio-su-nuevo-boeing-787-8\/"},"author":{"name":"Editor","@id":"https:\/\/realidadturistica.com\/realtur\/#\/schema\/person\/ade671191202490fcf08ab21590de73e"},"headline":"Air Europa pone en servicio su nuevo Boeing 787-8","datePublished":"2023-01-02T03:10:51+00:00","mainEntityOfPage":{"@id":"https:\/\/realidadturistica.com\/realtur\/air-europa-pone-en-servicio-su-nuevo-boeing-787-8\/"},"wordCount":457,"commentCount":0,"publisher":{"@id":"https:\/\/realidadturistica.com\/realtur\/#organization"},"image":{"@id":"https:\/\/realidadturistica.com\/realtur\/air-europa-pone-en-servicio-su-nuevo-boeing-787-8\/#primaryimage"},"thumbnailUrl":"https:\/\/realidadturistica.com\/realtur\/wp-content\/uploads\/2023\/01\/Air-Europa.jpg","articleSection":["Volar con pasi\u00f3n"],"inLanguage":"es","potentialAction":[{"@type":"CommentAction","name":"Comment","target":["https:\/\/realidadturistica.com\/realtur\/air-europa-pone-en-servicio-su-nuevo-boeing-787-8\/#respond"]}]},{"@type":"WebPage","@id":"https:\/\/realidadturistica.com\/realtur\/air-europa-pone-en-servicio-su-nuevo-boeing-787-8\/","url":"https:\/\/realidadturistica.com\/realtur\/air-europa-pone-en-servicio-su-nuevo-boeing-787-8\/","name":"Air Europa pone en servicio su nuevo Boeing 787-8 - Realidad Tur\u00edstica","isPartOf":{"@id":"https:\/\/realidadturistica.com\/realtur\/#website"},"primaryImageOfPage":{"@id":"https:\/\/realidadturistica.com\/realtur\/air-europa-pone-en-servicio-su-nuevo-boeing-787-8\/#primaryimage"},"image":{"@id":"https:\/\/realidadturistica.com\/realtur\/air-europa-pone-en-servicio-su-nuevo-boeing-787-8\/#primaryimage"},"thumbnailUrl":"https:\/\/realidadturistica.com\/realtur\/wp-content\/uploads\/2023\/01\/Air-Europa.jpg","datePublished":"2023-01-02T03:10:51+00:00","breadcrumb":{"@id":"https:\/\/realidadturistica.com\/realtur\/air-europa-pone-en-servicio-su-nuevo-boeing-787-8\/#breadcrumb"},"inLanguage":"es","potentialAction":[{"@type":"ReadAction","target":["https:\/\/realidadturistica.com\/realtur\/air-europa-pone-en-servicio-su-nuevo-boeing-787-8\/"]}]},{"@type":"ImageObject","inLanguage":"es","@id":"https:\/\/realidadturistica.com\/realtur\/air-europa-pone-en-servicio-su-nuevo-boeing-787-8\/#primaryimage","url":"https:\/\/realidadturistica.com\/realtur\/wp-content\/uploads\/2023\/01\/Air-Europa.jpg","contentUrl":"https:\/\/realidadturistica.com\/realtur\/wp-content\/uploads\/2023\/01\/Air-Europa.jpg","width":1500,"height":999},{"@type":"BreadcrumbList","@id":"https:\/\/realidadturistica.com\/realtur\/air-europa-pone-en-servicio-su-nuevo-boeing-787-8\/#breadcrumb","itemListElement":[{"@type":"ListItem","position":1,"name":"Portada","item":"https:\/\/realidadturistica.com\/realtur\/"},{"@type":"ListItem","position":2,"name":"Air Europa pone en servicio su nuevo Boeing 787-8"}]},{"@type":"WebSite","@id":"https:\/\/realidadturistica.com\/realtur\/#website","url":"https:\/\/realidadturistica.com\/realtur\/","name":"Realidad Tur\u00edstica","description":"","publisher":{"@id":"https:\/\/realidadturistica.com\/realtur\/#organization"},"potentialAction":[{"@type":"SearchAction","target":{"@type":"EntryPoint","urlTemplate":"https:\/\/realidadturistica.com\/realtur\/?s={search_term_string}"},"query-input":{"@type":"PropertyValueSpecification","valueRequired":true,"valueName":"search_term_string"}}],"inLanguage":"es"},{"@type":"Organization","@id":"https:\/\/realidadturistica.com\/realtur\/#organization","name":"Realidad Tur\u00edstica","url":"https:\/\/realidadturistica.com\/realtur\/","logo":{"@type":"ImageObject","inLanguage":"es","@id":"https:\/\/realidadturistica.com\/realtur\/#\/schema\/logo\/image\/","url":"https:\/\/realidadturistica.com\/realtur\/wp-content\/uploads\/2021\/12\/logotipo-realidad-turistica.png","contentUrl":"https:\/\/realidadturistica.com\/realtur\/wp-content\/uploads\/2021\/12\/logotipo-realidad-turistica.png","width":1382,"height":629,"caption":"Realidad Tur\u00edstica"},"image":{"@id":"https:\/\/realidadturistica.com\/realtur\/#\/schema\/logo\/image\/"},"sameAs":["https:\/\/www.facebook.com\/realidadturistica","https:\/\/www.instagram.com\/realidad_turistica\/"]},{"@type":"Person","@id":"https:\/\/realidadturistica.com\/realtur\/#\/schema\/person\/ade671191202490fcf08ab21590de73e","name":"Editor","image":{"@type":"ImageObject","inLanguage":"es","@id":"https:\/\/realidadturistica.com\/realtur\/wp-content\/uploads\/2023\/09\/Editor_avatar_1693668634-96x96.png","url":"https:\/\/realidadturistica.com\/realtur\/wp-content\/uploads\/2023\/09\/Editor_avatar_1693668634-96x96.png","contentUrl":"https:\/\/realidadturistica.com\/realtur\/wp-content\/uploads\/2023\/09\/Editor_avatar_1693668634-96x96.png","caption":"Editor"},"sameAs":["https:\/\/realidadturistica.com\/realtur"],"url":"https:\/\/realidadturistica.com\/realtur\/author\/editor2\/"}]}},"_links":{"self":[{"href":"https:\/\/realidadturistica.com\/realtur\/wp-json\/wp\/v2\/posts\/3579","targetHints":{"allow":["GET"]}}],"collection":[{"href":"https:\/\/realidadturistica.com\/realtur\/wp-json\/wp\/v2\/posts"}],"about":[{"href":"https:\/\/realidadturistica.com\/realtur\/wp-json\/wp\/v2\/types\/post"}],"author":[{"embeddable":true,"href":"https:\/\/realidadturistica.com\/realtur\/wp-json\/wp\/v2\/users\/2"}],"replies":[{"embeddable":true,"href":"https:\/\/realidadturistica.com\/realtur\/wp-json\/wp\/v2\/comments?post=3579"}],"version-history":[{"count":0,"href":"https:\/\/realidadturistica.com\/realtur\/wp-json\/wp\/v2\/posts\/3579\/revisions"}],"wp:featuredmedia":[{"embeddable":true,"href":"https:\/\/realidadturistica.com\/realtur\/wp-json\/wp\/v2\/media\/3580"}],"wp:attachment":[{"href":"https:\/\/realidadturistica.com\/realtur\/wp-json\/wp\/v2\/media?parent=3579"}],"wp:term":[{"taxonomy":"category","embeddable":true,"href":"https:\/\/realidadturistica.com\/realtur\/wp-json\/wp\/v2\/categories?post=3579"},{"taxonomy":"post_tag","embeddable":true,"href":"https:\/\/realidadturistica.com\/realtur\/wp-json\/wp\/v2\/tags?post=3579"}],"curies":[{"name":"wp","href":"https:\/\/api.w.org\/{rel}","templated":true}]}}