{"id":3633,"date":"2023-01-13T11:51:22","date_gmt":"2023-01-13T11:51:22","guid":{"rendered":"https:\/\/realidadturistica.com\/realtur\/?p=3633"},"modified":"2023-01-13T11:51:22","modified_gmt":"2023-01-13T11:51:22","slug":"la-justicia-ya-tiene-un-veredicto-sobre-la-continuidad-de-uber-en-el-caribe-mexicano","status":"publish","type":"post","link":"https:\/\/realidadturistica.com\/realtur\/la-justicia-ya-tiene-un-veredicto-sobre-la-continuidad-de-uber-en-el-caribe-mexicano\/","title":{"rendered":"La Justicia ya tiene un veredicto sobre la continuidad de Uber en el Caribe mexicano"},"content":{"rendered":"\n<p>M\u00e9xico. Uber gana. As\u00ed lo ha decidido el Poder Judicial de la Federaci\u00f3n en el estado mexicano de Quintana Roo. De esta forma, la popular plataforma de movilidad podr\u00e1 seguir operando en los destinos del Caribe mexicano \u2014como Canc\u00fan o Riviera Maya\u2014, a pesar de las continuadas protestas de los taxistas.<\/p>\n\n\n\n<p>\u201cRecibimos con agrado el fallo del Tercer Tribunal Colegiado del Vig\u00e9simo S\u00e9ptimo Circuito, que confirma un hecho innegable y fundamental: los servicios de movilidad intermediados a trav\u00e9s de la aplicaci\u00f3n de Uber no son transporte p\u00fablico y por ello no deben ser regulados como tal en el estado de Quintana Roo\u201d, han declarado desde la plataforma al diario Expansi\u00f3n.<\/p>\n\n\n\n<p>Fin al conflicto con taxistas<\/p>\n\n\n\n<p>La sentencia del tribunal acaba con el conflicto entre taxistas y conductores de Uber, que ya hab\u00eda terminado por enquistarse en los destinos tur\u00edsticos del Caribe mexicano, llegando a producirse incluso agresiones y amenazas.<\/p>\n\n\n\n<p>El argumento de los taxistas era que Uber ejerc\u00eda una competencia desleal, puesto que para operar como transportista p\u00fablico en M\u00e9xico se requiere la tramitaci\u00f3n de numerosos documentos, como por ejemplo una licencia. Sin embargo, ahora los jueces han declarado que Uber no es ning\u00fan servicio p\u00fablico. Eso s\u00ed, la plataforma deber\u00e1, por tanto, cumplir la regulaci\u00f3n como empresa privada.<\/p>\n\n\n\n<p>Fuente: Tourinews.<\/p>\n","protected":false},"excerpt":{"rendered":"<p>M\u00e9xico. Uber gana. As\u00ed lo ha decidido el Poder Judicial de la Federaci\u00f3n en el estado mexicano de Quintana Roo. De esta forma, la popular&hellip;<\/p>\n","protected":false},"author":2,"featured_media":3634,"comment_status":"open","ping_status":"closed","sticky":false,"template":"","format":"standard","meta":{"content-type":"","_lmt_disableupdate":"","_lmt_disable":"","footnotes":""},"categories":[4],"tags":[],"class_list":["post-3633","post","type-post","status-publish","format-standard","has-post-thumbnail","hentry","category-destinos"],"yoast_head":"<!-- This site is optimized with the Yoast SEO Premium plugin v27.4 (Yoast SEO v27.5) - https:\/\/yoast.com\/product\/yoast-seo-premium-wordpress\/ -->\n<title>La Justicia ya tiene un veredicto sobre la continuidad de Uber en el Caribe mexicano - Realidad Tur\u00edstica<\/title>\n<meta name=\"robots\" content=\"index, follow, max-snippet:-1, max-image-preview:large, max-video-preview:-1\" \/>\n<link rel=\"canonical\" href=\"https:\/\/realidadturistica.com\/realtur\/la-justicia-ya-tiene-un-veredicto-sobre-la-continuidad-de-uber-en-el-caribe-mexicano\/\" \/>\n<meta property=\"og:locale\" content=\"es_ES\" \/>\n<meta property=\"og:type\" content=\"article\" \/>\n<meta property=\"og:title\" content=\"La Justicia ya tiene un veredicto sobre la continuidad de Uber en el Caribe mexicano\" \/>\n<meta property=\"og:description\" content=\"M\u00e9xico. Uber gana. As\u00ed lo ha decidido el Poder Judicial de la Federaci\u00f3n en el estado mexicano de Quintana Roo. De esta forma, la popular&hellip;\" \/>\n<meta property=\"og:url\" content=\"https:\/\/realidadturistica.com\/realtur\/la-justicia-ya-tiene-un-veredicto-sobre-la-continuidad-de-uber-en-el-caribe-mexicano\/\" \/>\n<meta property=\"og:site_name\" content=\"Realidad Tur\u00edstica\" \/>\n<meta property=\"article:publisher\" content=\"https:\/\/www.facebook.com\/realidadturistica\" \/>\n<meta property=\"article:published_time\" content=\"2023-01-13T11:51:22+00:00\" \/>\n<meta property=\"og:image\" content=\"https:\/\/realidadturistica.com\/realtur\/wp-content\/uploads\/2023\/01\/uber-coche_4_732x400.jpeg\" \/>\n\t<meta property=\"og:image:width\" content=\"732\" \/>\n\t<meta property=\"og:image:height\" content=\"400\" \/>\n\t<meta property=\"og:image:type\" content=\"image\/jpeg\" \/>\n<meta name=\"author\" content=\"Editor\" \/>\n<meta name=\"twitter:card\" content=\"summary_large_image\" \/>\n<meta name=\"twitter:label1\" content=\"Escrito por\" \/>\n\t<meta name=\"twitter:data1\" content=\"Editor\" \/>\n\t<meta name=\"twitter:label2\" content=\"Tiempo de lectura\" \/>\n\t<meta name=\"twitter:data2\" content=\"1 minuto\" \/>\n<script type=\"application\/ld+json\" class=\"yoast-schema-graph\">{\"@context\":\"https:\\\/\\\/schema.org\",\"@graph\":[{\"@type\":\"Article\",\"@id\":\"https:\\\/\\\/realidadturistica.com\\\/realtur\\\/la-justicia-ya-tiene-un-veredicto-sobre-la-continuidad-de-uber-en-el-caribe-mexicano\\\/#article\",\"isPartOf\":{\"@id\":\"https:\\\/\\\/realidadturistica.com\\\/realtur\\\/la-justicia-ya-tiene-un-veredicto-sobre-la-continuidad-de-uber-en-el-caribe-mexicano\\\/\"},\"author\":{\"name\":\"Editor\",\"@id\":\"https:\\\/\\\/realidadturistica.com\\\/realtur\\\/#\\\/schema\\\/person\\\/ade671191202490fcf08ab21590de73e\"},\"headline\":\"La Justicia ya tiene un veredicto sobre la continuidad de Uber en el Caribe mexicano\",\"datePublished\":\"2023-01-13T11:51:22+00:00\",\"mainEntityOfPage\":{\"@id\":\"https:\\\/\\\/realidadturistica.com\\\/realtur\\\/la-justicia-ya-tiene-un-veredicto-sobre-la-continuidad-de-uber-en-el-caribe-mexicano\\\/\"},\"wordCount\":244,\"commentCount\":0,\"publisher\":{\"@id\":\"https:\\\/\\\/realidadturistica.com\\\/realtur\\\/#organization\"},\"image\":{\"@id\":\"https:\\\/\\\/realidadturistica.com\\\/realtur\\\/la-justicia-ya-tiene-un-veredicto-sobre-la-continuidad-de-uber-en-el-caribe-mexicano\\\/#primaryimage\"},\"thumbnailUrl\":\"https:\\\/\\\/realidadturistica.com\\\/realtur\\\/wp-content\\\/uploads\\\/2023\\\/01\\\/uber-coche_4_732x400.jpeg\",\"articleSection\":[\"Destinos M\u00e1gicos\"],\"inLanguage\":\"es\",\"potentialAction\":[{\"@type\":\"CommentAction\",\"name\":\"Comment\",\"target\":[\"https:\\\/\\\/realidadturistica.com\\\/realtur\\\/la-justicia-ya-tiene-un-veredicto-sobre-la-continuidad-de-uber-en-el-caribe-mexicano\\\/#respond\"]}]},{\"@type\":\"WebPage\",\"@id\":\"https:\\\/\\\/realidadturistica.com\\\/realtur\\\/la-justicia-ya-tiene-un-veredicto-sobre-la-continuidad-de-uber-en-el-caribe-mexicano\\\/\",\"url\":\"https:\\\/\\\/realidadturistica.com\\\/realtur\\\/la-justicia-ya-tiene-un-veredicto-sobre-la-continuidad-de-uber-en-el-caribe-mexicano\\\/\",\"name\":\"La Justicia ya tiene un veredicto sobre la continuidad de Uber en el Caribe mexicano - Realidad Tur\u00edstica\",\"isPartOf\":{\"@id\":\"https:\\\/\\\/realidadturistica.com\\\/realtur\\\/#website\"},\"primaryImageOfPage\":{\"@id\":\"https:\\\/\\\/realidadturistica.com\\\/realtur\\\/la-justicia-ya-tiene-un-veredicto-sobre-la-continuidad-de-uber-en-el-caribe-mexicano\\\/#primaryimage\"},\"image\":{\"@id\":\"https:\\\/\\\/realidadturistica.com\\\/realtur\\\/la-justicia-ya-tiene-un-veredicto-sobre-la-continuidad-de-uber-en-el-caribe-mexicano\\\/#primaryimage\"},\"thumbnailUrl\":\"https:\\\/\\\/realidadturistica.com\\\/realtur\\\/wp-content\\\/uploads\\\/2023\\\/01\\\/uber-coche_4_732x400.jpeg\",\"datePublished\":\"2023-01-13T11:51:22+00:00\",\"breadcrumb\":{\"@id\":\"https:\\\/\\\/realidadturistica.com\\\/realtur\\\/la-justicia-ya-tiene-un-veredicto-sobre-la-continuidad-de-uber-en-el-caribe-mexicano\\\/#breadcrumb\"},\"inLanguage\":\"es\",\"potentialAction\":[{\"@type\":\"ReadAction\",\"target\":[\"https:\\\/\\\/realidadturistica.com\\\/realtur\\\/la-justicia-ya-tiene-un-veredicto-sobre-la-continuidad-de-uber-en-el-caribe-mexicano\\\/\"]}]},{\"@type\":\"ImageObject\",\"inLanguage\":\"es\",\"@id\":\"https:\\\/\\\/realidadturistica.com\\\/realtur\\\/la-justicia-ya-tiene-un-veredicto-sobre-la-continuidad-de-uber-en-el-caribe-mexicano\\\/#primaryimage\",\"url\":\"https:\\\/\\\/realidadturistica.com\\\/realtur\\\/wp-content\\\/uploads\\\/2023\\\/01\\\/uber-coche_4_732x400.jpeg\",\"contentUrl\":\"https:\\\/\\\/realidadturistica.com\\\/realtur\\\/wp-content\\\/uploads\\\/2023\\\/01\\\/uber-coche_4_732x400.jpeg\",\"width\":732,\"height\":400},{\"@type\":\"BreadcrumbList\",\"@id\":\"https:\\\/\\\/realidadturistica.com\\\/realtur\\\/la-justicia-ya-tiene-un-veredicto-sobre-la-continuidad-de-uber-en-el-caribe-mexicano\\\/#breadcrumb\",\"itemListElement\":[{\"@type\":\"ListItem\",\"position\":1,\"name\":\"Portada\",\"item\":\"https:\\\/\\\/realidadturistica.com\\\/realtur\\\/\"},{\"@type\":\"ListItem\",\"position\":2,\"name\":\"La Justicia ya tiene un veredicto sobre la continuidad de Uber en el Caribe mexicano\"}]},{\"@type\":\"WebSite\",\"@id\":\"https:\\\/\\\/realidadturistica.com\\\/realtur\\\/#website\",\"url\":\"https:\\\/\\\/realidadturistica.com\\\/realtur\\\/\",\"name\":\"Realidad Tur\u00edstica\",\"description\":\"\",\"publisher\":{\"@id\":\"https:\\\/\\\/realidadturistica.com\\\/realtur\\\/#organization\"},\"potentialAction\":[{\"@type\":\"SearchAction\",\"target\":{\"@type\":\"EntryPoint\",\"urlTemplate\":\"https:\\\/\\\/realidadturistica.com\\\/realtur\\\/?s={search_term_string}\"},\"query-input\":{\"@type\":\"PropertyValueSpecification\",\"valueRequired\":true,\"valueName\":\"search_term_string\"}}],\"inLanguage\":\"es\"},{\"@type\":\"Organization\",\"@id\":\"https:\\\/\\\/realidadturistica.com\\\/realtur\\\/#organization\",\"name\":\"Realidad Tur\u00edstica\",\"url\":\"https:\\\/\\\/realidadturistica.com\\\/realtur\\\/\",\"logo\":{\"@type\":\"ImageObject\",\"inLanguage\":\"es\",\"@id\":\"https:\\\/\\\/realidadturistica.com\\\/realtur\\\/#\\\/schema\\\/logo\\\/image\\\/\",\"url\":\"https:\\\/\\\/realidadturistica.com\\\/realtur\\\/wp-content\\\/uploads\\\/2021\\\/12\\\/logotipo-realidad-turistica.png\",\"contentUrl\":\"https:\\\/\\\/realidadturistica.com\\\/realtur\\\/wp-content\\\/uploads\\\/2021\\\/12\\\/logotipo-realidad-turistica.png\",\"width\":1382,\"height\":629,\"caption\":\"Realidad Tur\u00edstica\"},\"image\":{\"@id\":\"https:\\\/\\\/realidadturistica.com\\\/realtur\\\/#\\\/schema\\\/logo\\\/image\\\/\"},\"sameAs\":[\"https:\\\/\\\/www.facebook.com\\\/realidadturistica\",\"https:\\\/\\\/www.instagram.com\\\/realidad_turistica\\\/\"]},{\"@type\":\"Person\",\"@id\":\"https:\\\/\\\/realidadturistica.com\\\/realtur\\\/#\\\/schema\\\/person\\\/ade671191202490fcf08ab21590de73e\",\"name\":\"Editor\",\"image\":{\"@type\":\"ImageObject\",\"inLanguage\":\"es\",\"@id\":\"https:\\\/\\\/realidadturistica.com\\\/realtur\\\/wp-content\\\/uploads\\\/2023\\\/09\\\/Editor_avatar_1693668634-96x96.png\",\"url\":\"https:\\\/\\\/realidadturistica.com\\\/realtur\\\/wp-content\\\/uploads\\\/2023\\\/09\\\/Editor_avatar_1693668634-96x96.png\",\"contentUrl\":\"https:\\\/\\\/realidadturistica.com\\\/realtur\\\/wp-content\\\/uploads\\\/2023\\\/09\\\/Editor_avatar_1693668634-96x96.png\",\"caption\":\"Editor\"},\"sameAs\":[\"https:\\\/\\\/realidadturistica.com\\\/realtur\"],\"url\":\"https:\\\/\\\/realidadturistica.com\\\/realtur\\\/author\\\/editor2\\\/\"}]}<\/script>\n<!-- \/ Yoast SEO Premium plugin. -->","yoast_head_json":{"title":"La Justicia ya tiene un veredicto sobre la continuidad de Uber en el Caribe mexicano - Realidad Tur\u00edstica","robots":{"index":"index","follow":"follow","max-snippet":"max-snippet:-1","max-image-preview":"max-image-preview:large","max-video-preview":"max-video-preview:-1"},"canonical":"https:\/\/realidadturistica.com\/realtur\/la-justicia-ya-tiene-un-veredicto-sobre-la-continuidad-de-uber-en-el-caribe-mexicano\/","og_locale":"es_ES","og_type":"article","og_title":"La Justicia ya tiene un veredicto sobre la continuidad de Uber en el Caribe mexicano","og_description":"M\u00e9xico. Uber gana. As\u00ed lo ha decidido el Poder Judicial de la Federaci\u00f3n en el estado mexicano de Quintana Roo. De esta forma, la popular&hellip;","og_url":"https:\/\/realidadturistica.com\/realtur\/la-justicia-ya-tiene-un-veredicto-sobre-la-continuidad-de-uber-en-el-caribe-mexicano\/","og_site_name":"Realidad Tur\u00edstica","article_publisher":"https:\/\/www.facebook.com\/realidadturistica","article_published_time":"2023-01-13T11:51:22+00:00","og_image":[{"width":732,"height":400,"url":"https:\/\/realidadturistica.com\/realtur\/wp-content\/uploads\/2023\/01\/uber-coche_4_732x400.jpeg","type":"image\/jpeg"}],"author":"Editor","twitter_card":"summary_large_image","twitter_misc":{"Escrito por":"Editor","Tiempo de lectura":"1 minuto"},"schema":{"@context":"https:\/\/schema.org","@graph":[{"@type":"Article","@id":"https:\/\/realidadturistica.com\/realtur\/la-justicia-ya-tiene-un-veredicto-sobre-la-continuidad-de-uber-en-el-caribe-mexicano\/#article","isPartOf":{"@id":"https:\/\/realidadturistica.com\/realtur\/la-justicia-ya-tiene-un-veredicto-sobre-la-continuidad-de-uber-en-el-caribe-mexicano\/"},"author":{"name":"Editor","@id":"https:\/\/realidadturistica.com\/realtur\/#\/schema\/person\/ade671191202490fcf08ab21590de73e"},"headline":"La Justicia ya tiene un veredicto sobre la continuidad de Uber en el Caribe mexicano","datePublished":"2023-01-13T11:51:22+00:00","mainEntityOfPage":{"@id":"https:\/\/realidadturistica.com\/realtur\/la-justicia-ya-tiene-un-veredicto-sobre-la-continuidad-de-uber-en-el-caribe-mexicano\/"},"wordCount":244,"commentCount":0,"publisher":{"@id":"https:\/\/realidadturistica.com\/realtur\/#organization"},"image":{"@id":"https:\/\/realidadturistica.com\/realtur\/la-justicia-ya-tiene-un-veredicto-sobre-la-continuidad-de-uber-en-el-caribe-mexicano\/#primaryimage"},"thumbnailUrl":"https:\/\/realidadturistica.com\/realtur\/wp-content\/uploads\/2023\/01\/uber-coche_4_732x400.jpeg","articleSection":["Destinos M\u00e1gicos"],"inLanguage":"es","potentialAction":[{"@type":"CommentAction","name":"Comment","target":["https:\/\/realidadturistica.com\/realtur\/la-justicia-ya-tiene-un-veredicto-sobre-la-continuidad-de-uber-en-el-caribe-mexicano\/#respond"]}]},{"@type":"WebPage","@id":"https:\/\/realidadturistica.com\/realtur\/la-justicia-ya-tiene-un-veredicto-sobre-la-continuidad-de-uber-en-el-caribe-mexicano\/","url":"https:\/\/realidadturistica.com\/realtur\/la-justicia-ya-tiene-un-veredicto-sobre-la-continuidad-de-uber-en-el-caribe-mexicano\/","name":"La Justicia ya tiene un veredicto sobre la continuidad de Uber en el Caribe mexicano - Realidad Tur\u00edstica","isPartOf":{"@id":"https:\/\/realidadturistica.com\/realtur\/#website"},"primaryImageOfPage":{"@id":"https:\/\/realidadturistica.com\/realtur\/la-justicia-ya-tiene-un-veredicto-sobre-la-continuidad-de-uber-en-el-caribe-mexicano\/#primaryimage"},"image":{"@id":"https:\/\/realidadturistica.com\/realtur\/la-justicia-ya-tiene-un-veredicto-sobre-la-continuidad-de-uber-en-el-caribe-mexicano\/#primaryimage"},"thumbnailUrl":"https:\/\/realidadturistica.com\/realtur\/wp-content\/uploads\/2023\/01\/uber-coche_4_732x400.jpeg","datePublished":"2023-01-13T11:51:22+00:00","breadcrumb":{"@id":"https:\/\/realidadturistica.com\/realtur\/la-justicia-ya-tiene-un-veredicto-sobre-la-continuidad-de-uber-en-el-caribe-mexicano\/#breadcrumb"},"inLanguage":"es","potentialAction":[{"@type":"ReadAction","target":["https:\/\/realidadturistica.com\/realtur\/la-justicia-ya-tiene-un-veredicto-sobre-la-continuidad-de-uber-en-el-caribe-mexicano\/"]}]},{"@type":"ImageObject","inLanguage":"es","@id":"https:\/\/realidadturistica.com\/realtur\/la-justicia-ya-tiene-un-veredicto-sobre-la-continuidad-de-uber-en-el-caribe-mexicano\/#primaryimage","url":"https:\/\/realidadturistica.com\/realtur\/wp-content\/uploads\/2023\/01\/uber-coche_4_732x400.jpeg","contentUrl":"https:\/\/realidadturistica.com\/realtur\/wp-content\/uploads\/2023\/01\/uber-coche_4_732x400.jpeg","width":732,"height":400},{"@type":"BreadcrumbList","@id":"https:\/\/realidadturistica.com\/realtur\/la-justicia-ya-tiene-un-veredicto-sobre-la-continuidad-de-uber-en-el-caribe-mexicano\/#breadcrumb","itemListElement":[{"@type":"ListItem","position":1,"name":"Portada","item":"https:\/\/realidadturistica.com\/realtur\/"},{"@type":"ListItem","position":2,"name":"La Justicia ya tiene un veredicto sobre la continuidad de Uber en el Caribe mexicano"}]},{"@type":"WebSite","@id":"https:\/\/realidadturistica.com\/realtur\/#website","url":"https:\/\/realidadturistica.com\/realtur\/","name":"Realidad Tur\u00edstica","description":"","publisher":{"@id":"https:\/\/realidadturistica.com\/realtur\/#organization"},"potentialAction":[{"@type":"SearchAction","target":{"@type":"EntryPoint","urlTemplate":"https:\/\/realidadturistica.com\/realtur\/?s={search_term_string}"},"query-input":{"@type":"PropertyValueSpecification","valueRequired":true,"valueName":"search_term_string"}}],"inLanguage":"es"},{"@type":"Organization","@id":"https:\/\/realidadturistica.com\/realtur\/#organization","name":"Realidad Tur\u00edstica","url":"https:\/\/realidadturistica.com\/realtur\/","logo":{"@type":"ImageObject","inLanguage":"es","@id":"https:\/\/realidadturistica.com\/realtur\/#\/schema\/logo\/image\/","url":"https:\/\/realidadturistica.com\/realtur\/wp-content\/uploads\/2021\/12\/logotipo-realidad-turistica.png","contentUrl":"https:\/\/realidadturistica.com\/realtur\/wp-content\/uploads\/2021\/12\/logotipo-realidad-turistica.png","width":1382,"height":629,"caption":"Realidad Tur\u00edstica"},"image":{"@id":"https:\/\/realidadturistica.com\/realtur\/#\/schema\/logo\/image\/"},"sameAs":["https:\/\/www.facebook.com\/realidadturistica","https:\/\/www.instagram.com\/realidad_turistica\/"]},{"@type":"Person","@id":"https:\/\/realidadturistica.com\/realtur\/#\/schema\/person\/ade671191202490fcf08ab21590de73e","name":"Editor","image":{"@type":"ImageObject","inLanguage":"es","@id":"https:\/\/realidadturistica.com\/realtur\/wp-content\/uploads\/2023\/09\/Editor_avatar_1693668634-96x96.png","url":"https:\/\/realidadturistica.com\/realtur\/wp-content\/uploads\/2023\/09\/Editor_avatar_1693668634-96x96.png","contentUrl":"https:\/\/realidadturistica.com\/realtur\/wp-content\/uploads\/2023\/09\/Editor_avatar_1693668634-96x96.png","caption":"Editor"},"sameAs":["https:\/\/realidadturistica.com\/realtur"],"url":"https:\/\/realidadturistica.com\/realtur\/author\/editor2\/"}]}},"_links":{"self":[{"href":"https:\/\/realidadturistica.com\/realtur\/wp-json\/wp\/v2\/posts\/3633","targetHints":{"allow":["GET"]}}],"collection":[{"href":"https:\/\/realidadturistica.com\/realtur\/wp-json\/wp\/v2\/posts"}],"about":[{"href":"https:\/\/realidadturistica.com\/realtur\/wp-json\/wp\/v2\/types\/post"}],"author":[{"embeddable":true,"href":"https:\/\/realidadturistica.com\/realtur\/wp-json\/wp\/v2\/users\/2"}],"replies":[{"embeddable":true,"href":"https:\/\/realidadturistica.com\/realtur\/wp-json\/wp\/v2\/comments?post=3633"}],"version-history":[{"count":0,"href":"https:\/\/realidadturistica.com\/realtur\/wp-json\/wp\/v2\/posts\/3633\/revisions"}],"wp:featuredmedia":[{"embeddable":true,"href":"https:\/\/realidadturistica.com\/realtur\/wp-json\/wp\/v2\/media\/3634"}],"wp:attachment":[{"href":"https:\/\/realidadturistica.com\/realtur\/wp-json\/wp\/v2\/media?parent=3633"}],"wp:term":[{"taxonomy":"category","embeddable":true,"href":"https:\/\/realidadturistica.com\/realtur\/wp-json\/wp\/v2\/categories?post=3633"},{"taxonomy":"post_tag","embeddable":true,"href":"https:\/\/realidadturistica.com\/realtur\/wp-json\/wp\/v2\/tags?post=3633"}],"curies":[{"name":"wp","href":"https:\/\/api.w.org\/{rel}","templated":true}]}}