{"id":3659,"date":"2023-01-17T13:07:11","date_gmt":"2023-01-17T13:07:11","guid":{"rendered":"https:\/\/realidadturistica.com\/realtur\/?p=3659"},"modified":"2023-01-17T13:07:11","modified_gmt":"2023-01-17T13:07:11","slug":"uber-debuta-en-chetumal-tras-la-pelea-con-taxistas-de-quintana-roo","status":"publish","type":"post","link":"https:\/\/realidadturistica.com\/realtur\/uber-debuta-en-chetumal-tras-la-pelea-con-taxistas-de-quintana-roo\/","title":{"rendered":"Uber debuta en Chetumal tras la pelea con taxistas de Quintana Roo"},"content":{"rendered":"\n<p>M\u00e9xico. El largo conflicto violento y judicial entre los taxistas de Quintana Roo y Uber comienza a apaciguarse ya que la plataforma recibi\u00f3 el aval del estado y comenz\u00f3 a funcionar en Chetumal.<\/p>\n\n\n\n<p>Aquellos conductores que quieran generar una ganancia extra pueden revisar los requisitos ingresando a uber.com\/drive o bien descargar la aplicaci\u00f3n de Uber Driver al tel\u00e9fono celular, ya sea en Android o en iOS.<\/p>\n\n\n\n<p>Una vez que el potencial socio conductor cumpla con los requisitos necesarios, podr\u00e1 empezar a hacer viajes con la aplicaci\u00f3n y generar mayores ganancias de manera flexible.<\/p>\n\n\n\n<p>La disponibilidad de Uber en Chetumal deriva de un amparo obtenido por la empresa el 11 de enero de 2023, en el cu\u00e1l se determina que los servicios prestados por los socios conductores a trav\u00e9s de la aplicaci\u00f3n son privados, y por lo tanto, no es necesaria una concesi\u00f3n de transporte p\u00fablico en este estado, como revel\u00f3 <em>REPORTUR.mx<\/em><\/p>\n\n\n\n<p>Fuente: Reportur.mx<\/p>\n","protected":false},"excerpt":{"rendered":"<p>M\u00e9xico. El largo conflicto violento y judicial entre los taxistas de Quintana Roo y Uber comienza a apaciguarse ya que la plataforma recibi\u00f3 el aval&hellip;<\/p>\n","protected":false},"author":2,"featured_media":3660,"comment_status":"open","ping_status":"closed","sticky":false,"template":"","format":"standard","meta":{"content-type":"","_lmt_disableupdate":"","_lmt_disable":"","footnotes":""},"categories":[4],"tags":[],"class_list":["post-3659","post","type-post","status-publish","format-standard","has-post-thumbnail","hentry","category-destinos"],"yoast_head":"<!-- This site is optimized with the Yoast SEO Premium plugin v27.4 (Yoast SEO v27.5) - https:\/\/yoast.com\/product\/yoast-seo-premium-wordpress\/ -->\n<title>Uber debuta en Chetumal tras la pelea con taxistas de Quintana Roo - Realidad Tur\u00edstica<\/title>\n<meta name=\"robots\" content=\"index, follow, max-snippet:-1, max-image-preview:large, max-video-preview:-1\" \/>\n<link rel=\"canonical\" href=\"https:\/\/realidadturistica.com\/realtur\/uber-debuta-en-chetumal-tras-la-pelea-con-taxistas-de-quintana-roo\/\" \/>\n<meta property=\"og:locale\" content=\"es_ES\" \/>\n<meta property=\"og:type\" content=\"article\" \/>\n<meta property=\"og:title\" content=\"Uber debuta en Chetumal tras la pelea con taxistas de Quintana Roo\" \/>\n<meta property=\"og:description\" content=\"M\u00e9xico. El largo conflicto violento y judicial entre los taxistas de Quintana Roo y Uber comienza a apaciguarse ya que la plataforma recibi\u00f3 el aval&hellip;\" \/>\n<meta property=\"og:url\" content=\"https:\/\/realidadturistica.com\/realtur\/uber-debuta-en-chetumal-tras-la-pelea-con-taxistas-de-quintana-roo\/\" \/>\n<meta property=\"og:site_name\" content=\"Realidad Tur\u00edstica\" \/>\n<meta property=\"article:publisher\" content=\"https:\/\/www.facebook.com\/realidadturistica\" \/>\n<meta property=\"article:published_time\" content=\"2023-01-17T13:07:11+00:00\" \/>\n<meta property=\"og:image\" content=\"https:\/\/realidadturistica.com\/realtur\/wp-content\/uploads\/2023\/01\/Uber-debuta.jpg\" \/>\n\t<meta property=\"og:image:width\" content=\"640\" \/>\n\t<meta property=\"og:image:height\" content=\"360\" \/>\n\t<meta property=\"og:image:type\" content=\"image\/jpeg\" \/>\n<meta name=\"author\" content=\"Editor\" \/>\n<meta name=\"twitter:card\" content=\"summary_large_image\" \/>\n<meta name=\"twitter:label1\" content=\"Escrito por\" \/>\n\t<meta name=\"twitter:data1\" content=\"Editor\" \/>\n\t<meta name=\"twitter:label2\" content=\"Tiempo de lectura\" \/>\n\t<meta name=\"twitter:data2\" content=\"1 minuto\" \/>\n<script type=\"application\/ld+json\" class=\"yoast-schema-graph\">{\"@context\":\"https:\\\/\\\/schema.org\",\"@graph\":[{\"@type\":\"Article\",\"@id\":\"https:\\\/\\\/realidadturistica.com\\\/realtur\\\/uber-debuta-en-chetumal-tras-la-pelea-con-taxistas-de-quintana-roo\\\/#article\",\"isPartOf\":{\"@id\":\"https:\\\/\\\/realidadturistica.com\\\/realtur\\\/uber-debuta-en-chetumal-tras-la-pelea-con-taxistas-de-quintana-roo\\\/\"},\"author\":{\"name\":\"Editor\",\"@id\":\"https:\\\/\\\/realidadturistica.com\\\/realtur\\\/#\\\/schema\\\/person\\\/ade671191202490fcf08ab21590de73e\"},\"headline\":\"Uber debuta en Chetumal tras la pelea con taxistas de Quintana Roo\",\"datePublished\":\"2023-01-17T13:07:11+00:00\",\"mainEntityOfPage\":{\"@id\":\"https:\\\/\\\/realidadturistica.com\\\/realtur\\\/uber-debuta-en-chetumal-tras-la-pelea-con-taxistas-de-quintana-roo\\\/\"},\"wordCount\":176,\"commentCount\":0,\"publisher\":{\"@id\":\"https:\\\/\\\/realidadturistica.com\\\/realtur\\\/#organization\"},\"image\":{\"@id\":\"https:\\\/\\\/realidadturistica.com\\\/realtur\\\/uber-debuta-en-chetumal-tras-la-pelea-con-taxistas-de-quintana-roo\\\/#primaryimage\"},\"thumbnailUrl\":\"https:\\\/\\\/realidadturistica.com\\\/realtur\\\/wp-content\\\/uploads\\\/2023\\\/01\\\/Uber-debuta.jpg\",\"articleSection\":[\"Destinos M\u00e1gicos\"],\"inLanguage\":\"es\",\"potentialAction\":[{\"@type\":\"CommentAction\",\"name\":\"Comment\",\"target\":[\"https:\\\/\\\/realidadturistica.com\\\/realtur\\\/uber-debuta-en-chetumal-tras-la-pelea-con-taxistas-de-quintana-roo\\\/#respond\"]}]},{\"@type\":\"WebPage\",\"@id\":\"https:\\\/\\\/realidadturistica.com\\\/realtur\\\/uber-debuta-en-chetumal-tras-la-pelea-con-taxistas-de-quintana-roo\\\/\",\"url\":\"https:\\\/\\\/realidadturistica.com\\\/realtur\\\/uber-debuta-en-chetumal-tras-la-pelea-con-taxistas-de-quintana-roo\\\/\",\"name\":\"Uber debuta en Chetumal tras la pelea con taxistas de Quintana Roo - Realidad Tur\u00edstica\",\"isPartOf\":{\"@id\":\"https:\\\/\\\/realidadturistica.com\\\/realtur\\\/#website\"},\"primaryImageOfPage\":{\"@id\":\"https:\\\/\\\/realidadturistica.com\\\/realtur\\\/uber-debuta-en-chetumal-tras-la-pelea-con-taxistas-de-quintana-roo\\\/#primaryimage\"},\"image\":{\"@id\":\"https:\\\/\\\/realidadturistica.com\\\/realtur\\\/uber-debuta-en-chetumal-tras-la-pelea-con-taxistas-de-quintana-roo\\\/#primaryimage\"},\"thumbnailUrl\":\"https:\\\/\\\/realidadturistica.com\\\/realtur\\\/wp-content\\\/uploads\\\/2023\\\/01\\\/Uber-debuta.jpg\",\"datePublished\":\"2023-01-17T13:07:11+00:00\",\"breadcrumb\":{\"@id\":\"https:\\\/\\\/realidadturistica.com\\\/realtur\\\/uber-debuta-en-chetumal-tras-la-pelea-con-taxistas-de-quintana-roo\\\/#breadcrumb\"},\"inLanguage\":\"es\",\"potentialAction\":[{\"@type\":\"ReadAction\",\"target\":[\"https:\\\/\\\/realidadturistica.com\\\/realtur\\\/uber-debuta-en-chetumal-tras-la-pelea-con-taxistas-de-quintana-roo\\\/\"]}]},{\"@type\":\"ImageObject\",\"inLanguage\":\"es\",\"@id\":\"https:\\\/\\\/realidadturistica.com\\\/realtur\\\/uber-debuta-en-chetumal-tras-la-pelea-con-taxistas-de-quintana-roo\\\/#primaryimage\",\"url\":\"https:\\\/\\\/realidadturistica.com\\\/realtur\\\/wp-content\\\/uploads\\\/2023\\\/01\\\/Uber-debuta.jpg\",\"contentUrl\":\"https:\\\/\\\/realidadturistica.com\\\/realtur\\\/wp-content\\\/uploads\\\/2023\\\/01\\\/Uber-debuta.jpg\",\"width\":640,\"height\":360},{\"@type\":\"BreadcrumbList\",\"@id\":\"https:\\\/\\\/realidadturistica.com\\\/realtur\\\/uber-debuta-en-chetumal-tras-la-pelea-con-taxistas-de-quintana-roo\\\/#breadcrumb\",\"itemListElement\":[{\"@type\":\"ListItem\",\"position\":1,\"name\":\"Portada\",\"item\":\"https:\\\/\\\/realidadturistica.com\\\/realtur\\\/\"},{\"@type\":\"ListItem\",\"position\":2,\"name\":\"Uber debuta en Chetumal tras la pelea con taxistas de Quintana Roo\"}]},{\"@type\":\"WebSite\",\"@id\":\"https:\\\/\\\/realidadturistica.com\\\/realtur\\\/#website\",\"url\":\"https:\\\/\\\/realidadturistica.com\\\/realtur\\\/\",\"name\":\"Realidad Tur\u00edstica\",\"description\":\"\",\"publisher\":{\"@id\":\"https:\\\/\\\/realidadturistica.com\\\/realtur\\\/#organization\"},\"potentialAction\":[{\"@type\":\"SearchAction\",\"target\":{\"@type\":\"EntryPoint\",\"urlTemplate\":\"https:\\\/\\\/realidadturistica.com\\\/realtur\\\/?s={search_term_string}\"},\"query-input\":{\"@type\":\"PropertyValueSpecification\",\"valueRequired\":true,\"valueName\":\"search_term_string\"}}],\"inLanguage\":\"es\"},{\"@type\":\"Organization\",\"@id\":\"https:\\\/\\\/realidadturistica.com\\\/realtur\\\/#organization\",\"name\":\"Realidad Tur\u00edstica\",\"url\":\"https:\\\/\\\/realidadturistica.com\\\/realtur\\\/\",\"logo\":{\"@type\":\"ImageObject\",\"inLanguage\":\"es\",\"@id\":\"https:\\\/\\\/realidadturistica.com\\\/realtur\\\/#\\\/schema\\\/logo\\\/image\\\/\",\"url\":\"https:\\\/\\\/realidadturistica.com\\\/realtur\\\/wp-content\\\/uploads\\\/2021\\\/12\\\/logotipo-realidad-turistica.png\",\"contentUrl\":\"https:\\\/\\\/realidadturistica.com\\\/realtur\\\/wp-content\\\/uploads\\\/2021\\\/12\\\/logotipo-realidad-turistica.png\",\"width\":1382,\"height\":629,\"caption\":\"Realidad Tur\u00edstica\"},\"image\":{\"@id\":\"https:\\\/\\\/realidadturistica.com\\\/realtur\\\/#\\\/schema\\\/logo\\\/image\\\/\"},\"sameAs\":[\"https:\\\/\\\/www.facebook.com\\\/realidadturistica\",\"https:\\\/\\\/www.instagram.com\\\/realidad_turistica\\\/\"]},{\"@type\":\"Person\",\"@id\":\"https:\\\/\\\/realidadturistica.com\\\/realtur\\\/#\\\/schema\\\/person\\\/ade671191202490fcf08ab21590de73e\",\"name\":\"Editor\",\"image\":{\"@type\":\"ImageObject\",\"inLanguage\":\"es\",\"@id\":\"https:\\\/\\\/realidadturistica.com\\\/realtur\\\/wp-content\\\/uploads\\\/2023\\\/09\\\/Editor_avatar_1693668634-96x96.png\",\"url\":\"https:\\\/\\\/realidadturistica.com\\\/realtur\\\/wp-content\\\/uploads\\\/2023\\\/09\\\/Editor_avatar_1693668634-96x96.png\",\"contentUrl\":\"https:\\\/\\\/realidadturistica.com\\\/realtur\\\/wp-content\\\/uploads\\\/2023\\\/09\\\/Editor_avatar_1693668634-96x96.png\",\"caption\":\"Editor\"},\"sameAs\":[\"https:\\\/\\\/realidadturistica.com\\\/realtur\"],\"url\":\"https:\\\/\\\/realidadturistica.com\\\/realtur\\\/author\\\/editor2\\\/\"}]}<\/script>\n<!-- \/ Yoast SEO Premium plugin. -->","yoast_head_json":{"title":"Uber debuta en Chetumal tras la pelea con taxistas de Quintana Roo - Realidad Tur\u00edstica","robots":{"index":"index","follow":"follow","max-snippet":"max-snippet:-1","max-image-preview":"max-image-preview:large","max-video-preview":"max-video-preview:-1"},"canonical":"https:\/\/realidadturistica.com\/realtur\/uber-debuta-en-chetumal-tras-la-pelea-con-taxistas-de-quintana-roo\/","og_locale":"es_ES","og_type":"article","og_title":"Uber debuta en Chetumal tras la pelea con taxistas de Quintana Roo","og_description":"M\u00e9xico. El largo conflicto violento y judicial entre los taxistas de Quintana Roo y Uber comienza a apaciguarse ya que la plataforma recibi\u00f3 el aval&hellip;","og_url":"https:\/\/realidadturistica.com\/realtur\/uber-debuta-en-chetumal-tras-la-pelea-con-taxistas-de-quintana-roo\/","og_site_name":"Realidad Tur\u00edstica","article_publisher":"https:\/\/www.facebook.com\/realidadturistica","article_published_time":"2023-01-17T13:07:11+00:00","og_image":[{"width":640,"height":360,"url":"https:\/\/realidadturistica.com\/realtur\/wp-content\/uploads\/2023\/01\/Uber-debuta.jpg","type":"image\/jpeg"}],"author":"Editor","twitter_card":"summary_large_image","twitter_misc":{"Escrito por":"Editor","Tiempo de lectura":"1 minuto"},"schema":{"@context":"https:\/\/schema.org","@graph":[{"@type":"Article","@id":"https:\/\/realidadturistica.com\/realtur\/uber-debuta-en-chetumal-tras-la-pelea-con-taxistas-de-quintana-roo\/#article","isPartOf":{"@id":"https:\/\/realidadturistica.com\/realtur\/uber-debuta-en-chetumal-tras-la-pelea-con-taxistas-de-quintana-roo\/"},"author":{"name":"Editor","@id":"https:\/\/realidadturistica.com\/realtur\/#\/schema\/person\/ade671191202490fcf08ab21590de73e"},"headline":"Uber debuta en Chetumal tras la pelea con taxistas de Quintana Roo","datePublished":"2023-01-17T13:07:11+00:00","mainEntityOfPage":{"@id":"https:\/\/realidadturistica.com\/realtur\/uber-debuta-en-chetumal-tras-la-pelea-con-taxistas-de-quintana-roo\/"},"wordCount":176,"commentCount":0,"publisher":{"@id":"https:\/\/realidadturistica.com\/realtur\/#organization"},"image":{"@id":"https:\/\/realidadturistica.com\/realtur\/uber-debuta-en-chetumal-tras-la-pelea-con-taxistas-de-quintana-roo\/#primaryimage"},"thumbnailUrl":"https:\/\/realidadturistica.com\/realtur\/wp-content\/uploads\/2023\/01\/Uber-debuta.jpg","articleSection":["Destinos M\u00e1gicos"],"inLanguage":"es","potentialAction":[{"@type":"CommentAction","name":"Comment","target":["https:\/\/realidadturistica.com\/realtur\/uber-debuta-en-chetumal-tras-la-pelea-con-taxistas-de-quintana-roo\/#respond"]}]},{"@type":"WebPage","@id":"https:\/\/realidadturistica.com\/realtur\/uber-debuta-en-chetumal-tras-la-pelea-con-taxistas-de-quintana-roo\/","url":"https:\/\/realidadturistica.com\/realtur\/uber-debuta-en-chetumal-tras-la-pelea-con-taxistas-de-quintana-roo\/","name":"Uber debuta en Chetumal tras la pelea con taxistas de Quintana Roo - Realidad Tur\u00edstica","isPartOf":{"@id":"https:\/\/realidadturistica.com\/realtur\/#website"},"primaryImageOfPage":{"@id":"https:\/\/realidadturistica.com\/realtur\/uber-debuta-en-chetumal-tras-la-pelea-con-taxistas-de-quintana-roo\/#primaryimage"},"image":{"@id":"https:\/\/realidadturistica.com\/realtur\/uber-debuta-en-chetumal-tras-la-pelea-con-taxistas-de-quintana-roo\/#primaryimage"},"thumbnailUrl":"https:\/\/realidadturistica.com\/realtur\/wp-content\/uploads\/2023\/01\/Uber-debuta.jpg","datePublished":"2023-01-17T13:07:11+00:00","breadcrumb":{"@id":"https:\/\/realidadturistica.com\/realtur\/uber-debuta-en-chetumal-tras-la-pelea-con-taxistas-de-quintana-roo\/#breadcrumb"},"inLanguage":"es","potentialAction":[{"@type":"ReadAction","target":["https:\/\/realidadturistica.com\/realtur\/uber-debuta-en-chetumal-tras-la-pelea-con-taxistas-de-quintana-roo\/"]}]},{"@type":"ImageObject","inLanguage":"es","@id":"https:\/\/realidadturistica.com\/realtur\/uber-debuta-en-chetumal-tras-la-pelea-con-taxistas-de-quintana-roo\/#primaryimage","url":"https:\/\/realidadturistica.com\/realtur\/wp-content\/uploads\/2023\/01\/Uber-debuta.jpg","contentUrl":"https:\/\/realidadturistica.com\/realtur\/wp-content\/uploads\/2023\/01\/Uber-debuta.jpg","width":640,"height":360},{"@type":"BreadcrumbList","@id":"https:\/\/realidadturistica.com\/realtur\/uber-debuta-en-chetumal-tras-la-pelea-con-taxistas-de-quintana-roo\/#breadcrumb","itemListElement":[{"@type":"ListItem","position":1,"name":"Portada","item":"https:\/\/realidadturistica.com\/realtur\/"},{"@type":"ListItem","position":2,"name":"Uber debuta en Chetumal tras la pelea con taxistas de Quintana Roo"}]},{"@type":"WebSite","@id":"https:\/\/realidadturistica.com\/realtur\/#website","url":"https:\/\/realidadturistica.com\/realtur\/","name":"Realidad Tur\u00edstica","description":"","publisher":{"@id":"https:\/\/realidadturistica.com\/realtur\/#organization"},"potentialAction":[{"@type":"SearchAction","target":{"@type":"EntryPoint","urlTemplate":"https:\/\/realidadturistica.com\/realtur\/?s={search_term_string}"},"query-input":{"@type":"PropertyValueSpecification","valueRequired":true,"valueName":"search_term_string"}}],"inLanguage":"es"},{"@type":"Organization","@id":"https:\/\/realidadturistica.com\/realtur\/#organization","name":"Realidad Tur\u00edstica","url":"https:\/\/realidadturistica.com\/realtur\/","logo":{"@type":"ImageObject","inLanguage":"es","@id":"https:\/\/realidadturistica.com\/realtur\/#\/schema\/logo\/image\/","url":"https:\/\/realidadturistica.com\/realtur\/wp-content\/uploads\/2021\/12\/logotipo-realidad-turistica.png","contentUrl":"https:\/\/realidadturistica.com\/realtur\/wp-content\/uploads\/2021\/12\/logotipo-realidad-turistica.png","width":1382,"height":629,"caption":"Realidad Tur\u00edstica"},"image":{"@id":"https:\/\/realidadturistica.com\/realtur\/#\/schema\/logo\/image\/"},"sameAs":["https:\/\/www.facebook.com\/realidadturistica","https:\/\/www.instagram.com\/realidad_turistica\/"]},{"@type":"Person","@id":"https:\/\/realidadturistica.com\/realtur\/#\/schema\/person\/ade671191202490fcf08ab21590de73e","name":"Editor","image":{"@type":"ImageObject","inLanguage":"es","@id":"https:\/\/realidadturistica.com\/realtur\/wp-content\/uploads\/2023\/09\/Editor_avatar_1693668634-96x96.png","url":"https:\/\/realidadturistica.com\/realtur\/wp-content\/uploads\/2023\/09\/Editor_avatar_1693668634-96x96.png","contentUrl":"https:\/\/realidadturistica.com\/realtur\/wp-content\/uploads\/2023\/09\/Editor_avatar_1693668634-96x96.png","caption":"Editor"},"sameAs":["https:\/\/realidadturistica.com\/realtur"],"url":"https:\/\/realidadturistica.com\/realtur\/author\/editor2\/"}]}},"_links":{"self":[{"href":"https:\/\/realidadturistica.com\/realtur\/wp-json\/wp\/v2\/posts\/3659","targetHints":{"allow":["GET"]}}],"collection":[{"href":"https:\/\/realidadturistica.com\/realtur\/wp-json\/wp\/v2\/posts"}],"about":[{"href":"https:\/\/realidadturistica.com\/realtur\/wp-json\/wp\/v2\/types\/post"}],"author":[{"embeddable":true,"href":"https:\/\/realidadturistica.com\/realtur\/wp-json\/wp\/v2\/users\/2"}],"replies":[{"embeddable":true,"href":"https:\/\/realidadturistica.com\/realtur\/wp-json\/wp\/v2\/comments?post=3659"}],"version-history":[{"count":0,"href":"https:\/\/realidadturistica.com\/realtur\/wp-json\/wp\/v2\/posts\/3659\/revisions"}],"wp:featuredmedia":[{"embeddable":true,"href":"https:\/\/realidadturistica.com\/realtur\/wp-json\/wp\/v2\/media\/3660"}],"wp:attachment":[{"href":"https:\/\/realidadturistica.com\/realtur\/wp-json\/wp\/v2\/media?parent=3659"}],"wp:term":[{"taxonomy":"category","embeddable":true,"href":"https:\/\/realidadturistica.com\/realtur\/wp-json\/wp\/v2\/categories?post=3659"},{"taxonomy":"post_tag","embeddable":true,"href":"https:\/\/realidadturistica.com\/realtur\/wp-json\/wp\/v2\/tags?post=3659"}],"curies":[{"name":"wp","href":"https:\/\/api.w.org\/{rel}","templated":true}]}}