{"id":3907,"date":"2023-02-21T12:26:42","date_gmt":"2023-02-21T12:26:42","guid":{"rendered":"https:\/\/realidadturistica.com\/realtur\/?p=3907"},"modified":"2023-02-21T12:26:42","modified_gmt":"2023-02-21T12:26:42","slug":"adquiere-mesa-airlines-su-primer-boeing-737-800","status":"publish","type":"post","link":"https:\/\/realidadturistica.com\/realtur\/adquiere-mesa-airlines-su-primer-boeing-737-800\/","title":{"rendered":"Adquiere Mesa Airlines su primer Boeing 737-800"},"content":{"rendered":"\n<p>Mesa Airlines recibi\u00f3 su primer B737-800 e inform\u00f3 que planea incluirlo en los procesos de gesti\u00f3n de operaciones para DHL Express en marzo de este a\u00f1o.<\/p>\n\n\n\n<p>El avi\u00f3n es propiedad de DHL Worldwide Express, y despu\u00e9s de un periodo de almacenamiento, la aeronave se reactiv\u00f3 para un vuelo de certificaci\u00f3n a Memphis International y de regreso el 13 de febrero de este a\u00f1o, seg\u00fan datos de Flightradar24.<\/p>\n\n\n\n<p>&nbsp;&nbsp;&nbsp; \u201cEsperamos que entre en servicio en marzo. Esto eleva nuestra flota de carga total a tres B737-400 y un B737-800 de pr\u00f3xima generaci\u00f3n\u201d, sostuvo Jonathan Ornstein, presidente y director ejecutivo de la matriz Mesa Air Group.<\/p>\n\n\n\n<p>El B737-800 es el avi\u00f3n m\u00e1s grande de Mesa Airlines. En virtud de un acuerdo de cinco a\u00f1os con DHL, ahora opera tres B737-400, de los cuales dos son propiedad del integrador, mientras que Mesa Airlines alquila el tercero a KF Cargo.<\/p>\n\n\n\n<p>Ornstein dijo que el avi\u00f3n aumentar\u00e1 el alcance del contrato a cuatro aviones, ya que adem\u00e1s la aerol\u00ednea est\u00e1 en conversaciones con DHL sobre el posible reemplazo de su \u00fanico B737-400, que no es propiedad de DHL, con otro -800.<\/p>\n\n\n\n<p>&nbsp;&nbsp;&nbsp; \u201cNo hemos estado satisfechos con el avi\u00f3n y tenemos conversaciones en curso con DHL para reemplazarlo, tal vez con un -800 m\u00e1s nuevo. Vamos a agregar el cuarto avi\u00f3n y luego buscaremos averiguar qu\u00e9 vamos a hacer\u201d, dijo Ornstein.<\/p>\n\n\n\n<p>La aerol\u00ednea oper\u00f3 como un proveedor de capacidad regional para las principales aerol\u00edneas de pasajeros y sigue siendo un socio importante de United Airlines, para la que opera ochenta aviones E175 bajo la bandera de United Express, con cuarenta CRJ900 vencidos.<\/p>\n\n\n\n<p>Los CRJ operan en nombre de American Airlines, pero la sociedad que genera p\u00e9rdidas est\u00e1 programada para finalizar el 3 de abril de 2023. La aerol\u00ednea dijo que hab\u00eda encontrado compradores para sus CRJ900 excedentes y sus motores, generando 70 millones de d\u00f3lares (mdd) y reducci\u00f3n de 90 mdd de deuda.<\/p>\n\n\n\n<p>&nbsp;&nbsp;&nbsp; \u201cEsperamos operar nuestras 24 l\u00edneas de vuelo actuales con American hasta el 28 de febrero, antes de reducir los vuelos durante marzo y cesar las operaciones de American el 3 de abril. Comenzaremos a operar CRJ900 para United el 3 de marzo y haremos la transici\u00f3n de todos los vuelos en mayo. Como se mencion\u00f3, United est\u00e1 cubriendo los gastos para reconfigurar y cambiar la marca del avi\u00f3n CRJ900\u201d, indic\u00f3 Brad Rich, vicepresidente ejecutivo y director de operaciones.<\/p>\n\n\n\n<p>Fuente: A21.<\/p>\n","protected":false},"excerpt":{"rendered":"<p>Mesa Airlines recibi\u00f3 su primer B737-800 e inform\u00f3 que planea incluirlo en los procesos de gesti\u00f3n de operaciones para DHL Express en marzo de este&hellip;<\/p>\n","protected":false},"author":2,"featured_media":3908,"comment_status":"open","ping_status":"closed","sticky":false,"template":"","format":"standard","meta":{"content-type":"","_lmt_disableupdate":"","_lmt_disable":"","footnotes":""},"categories":[2],"tags":[],"class_list":["post-3907","post","type-post","status-publish","format-standard","has-post-thumbnail","hentry","category-aerolineas"],"yoast_head":"<!-- This site is optimized with the Yoast SEO Premium plugin v27.4 (Yoast SEO v27.4) - https:\/\/yoast.com\/product\/yoast-seo-premium-wordpress\/ -->\n<title>Adquiere Mesa Airlines su primer Boeing 737-800 - Realidad Tur\u00edstica<\/title>\n<meta name=\"robots\" content=\"index, follow, max-snippet:-1, max-image-preview:large, max-video-preview:-1\" \/>\n<link rel=\"canonical\" href=\"https:\/\/realidadturistica.com\/realtur\/adquiere-mesa-airlines-su-primer-boeing-737-800\/\" \/>\n<meta property=\"og:locale\" content=\"es_ES\" \/>\n<meta property=\"og:type\" content=\"article\" \/>\n<meta property=\"og:title\" content=\"Adquiere Mesa Airlines su primer Boeing 737-800\" \/>\n<meta property=\"og:description\" content=\"Mesa Airlines recibi\u00f3 su primer B737-800 e inform\u00f3 que planea incluirlo en los procesos de gesti\u00f3n de operaciones para DHL Express en marzo de este&hellip;\" \/>\n<meta property=\"og:url\" content=\"https:\/\/realidadturistica.com\/realtur\/adquiere-mesa-airlines-su-primer-boeing-737-800\/\" \/>\n<meta property=\"og:site_name\" content=\"Realidad Tur\u00edstica\" \/>\n<meta property=\"article:publisher\" content=\"https:\/\/www.facebook.com\/realidadturistica\" \/>\n<meta property=\"article:published_time\" content=\"2023-02-21T12:26:42+00:00\" \/>\n<meta property=\"og:image\" content=\"https:\/\/realidadturistica.com\/realtur\/wp-content\/uploads\/2023\/02\/DSC0145-3.jpg\" \/>\n\t<meta property=\"og:image:width\" content=\"1200\" \/>\n\t<meta property=\"og:image:height\" content=\"804\" \/>\n\t<meta property=\"og:image:type\" content=\"image\/jpeg\" \/>\n<meta name=\"author\" content=\"Editor\" \/>\n<meta name=\"twitter:card\" content=\"summary_large_image\" \/>\n<meta name=\"twitter:label1\" content=\"Escrito por\" \/>\n\t<meta name=\"twitter:data1\" content=\"Editor\" \/>\n\t<meta name=\"twitter:label2\" content=\"Tiempo de lectura\" \/>\n\t<meta name=\"twitter:data2\" content=\"2 minutos\" \/>\n<script type=\"application\/ld+json\" class=\"yoast-schema-graph\">{\"@context\":\"https:\\\/\\\/schema.org\",\"@graph\":[{\"@type\":\"Article\",\"@id\":\"https:\\\/\\\/realidadturistica.com\\\/realtur\\\/adquiere-mesa-airlines-su-primer-boeing-737-800\\\/#article\",\"isPartOf\":{\"@id\":\"https:\\\/\\\/realidadturistica.com\\\/realtur\\\/adquiere-mesa-airlines-su-primer-boeing-737-800\\\/\"},\"author\":{\"name\":\"Editor\",\"@id\":\"https:\\\/\\\/realidadturistica.com\\\/realtur\\\/#\\\/schema\\\/person\\\/ade671191202490fcf08ab21590de73e\"},\"headline\":\"Adquiere Mesa Airlines su primer Boeing 737-800\",\"datePublished\":\"2023-02-21T12:26:42+00:00\",\"mainEntityOfPage\":{\"@id\":\"https:\\\/\\\/realidadturistica.com\\\/realtur\\\/adquiere-mesa-airlines-su-primer-boeing-737-800\\\/\"},\"wordCount\":437,\"commentCount\":0,\"publisher\":{\"@id\":\"https:\\\/\\\/realidadturistica.com\\\/realtur\\\/#organization\"},\"image\":{\"@id\":\"https:\\\/\\\/realidadturistica.com\\\/realtur\\\/adquiere-mesa-airlines-su-primer-boeing-737-800\\\/#primaryimage\"},\"thumbnailUrl\":\"https:\\\/\\\/realidadturistica.com\\\/realtur\\\/wp-content\\\/uploads\\\/2023\\\/02\\\/DSC0145-3.jpg\",\"articleSection\":[\"Volar con pasi\u00f3n\"],\"inLanguage\":\"es\",\"potentialAction\":[{\"@type\":\"CommentAction\",\"name\":\"Comment\",\"target\":[\"https:\\\/\\\/realidadturistica.com\\\/realtur\\\/adquiere-mesa-airlines-su-primer-boeing-737-800\\\/#respond\"]}]},{\"@type\":\"WebPage\",\"@id\":\"https:\\\/\\\/realidadturistica.com\\\/realtur\\\/adquiere-mesa-airlines-su-primer-boeing-737-800\\\/\",\"url\":\"https:\\\/\\\/realidadturistica.com\\\/realtur\\\/adquiere-mesa-airlines-su-primer-boeing-737-800\\\/\",\"name\":\"Adquiere Mesa Airlines su primer Boeing 737-800 - Realidad Tur\u00edstica\",\"isPartOf\":{\"@id\":\"https:\\\/\\\/realidadturistica.com\\\/realtur\\\/#website\"},\"primaryImageOfPage\":{\"@id\":\"https:\\\/\\\/realidadturistica.com\\\/realtur\\\/adquiere-mesa-airlines-su-primer-boeing-737-800\\\/#primaryimage\"},\"image\":{\"@id\":\"https:\\\/\\\/realidadturistica.com\\\/realtur\\\/adquiere-mesa-airlines-su-primer-boeing-737-800\\\/#primaryimage\"},\"thumbnailUrl\":\"https:\\\/\\\/realidadturistica.com\\\/realtur\\\/wp-content\\\/uploads\\\/2023\\\/02\\\/DSC0145-3.jpg\",\"datePublished\":\"2023-02-21T12:26:42+00:00\",\"breadcrumb\":{\"@id\":\"https:\\\/\\\/realidadturistica.com\\\/realtur\\\/adquiere-mesa-airlines-su-primer-boeing-737-800\\\/#breadcrumb\"},\"inLanguage\":\"es\",\"potentialAction\":[{\"@type\":\"ReadAction\",\"target\":[\"https:\\\/\\\/realidadturistica.com\\\/realtur\\\/adquiere-mesa-airlines-su-primer-boeing-737-800\\\/\"]}]},{\"@type\":\"ImageObject\",\"inLanguage\":\"es\",\"@id\":\"https:\\\/\\\/realidadturistica.com\\\/realtur\\\/adquiere-mesa-airlines-su-primer-boeing-737-800\\\/#primaryimage\",\"url\":\"https:\\\/\\\/realidadturistica.com\\\/realtur\\\/wp-content\\\/uploads\\\/2023\\\/02\\\/DSC0145-3.jpg\",\"contentUrl\":\"https:\\\/\\\/realidadturistica.com\\\/realtur\\\/wp-content\\\/uploads\\\/2023\\\/02\\\/DSC0145-3.jpg\",\"width\":1200,\"height\":804},{\"@type\":\"BreadcrumbList\",\"@id\":\"https:\\\/\\\/realidadturistica.com\\\/realtur\\\/adquiere-mesa-airlines-su-primer-boeing-737-800\\\/#breadcrumb\",\"itemListElement\":[{\"@type\":\"ListItem\",\"position\":1,\"name\":\"Portada\",\"item\":\"https:\\\/\\\/realidadturistica.com\\\/realtur\\\/\"},{\"@type\":\"ListItem\",\"position\":2,\"name\":\"Adquiere Mesa Airlines su primer Boeing 737-800\"}]},{\"@type\":\"WebSite\",\"@id\":\"https:\\\/\\\/realidadturistica.com\\\/realtur\\\/#website\",\"url\":\"https:\\\/\\\/realidadturistica.com\\\/realtur\\\/\",\"name\":\"Realidad Tur\u00edstica\",\"description\":\"\",\"publisher\":{\"@id\":\"https:\\\/\\\/realidadturistica.com\\\/realtur\\\/#organization\"},\"potentialAction\":[{\"@type\":\"SearchAction\",\"target\":{\"@type\":\"EntryPoint\",\"urlTemplate\":\"https:\\\/\\\/realidadturistica.com\\\/realtur\\\/?s={search_term_string}\"},\"query-input\":{\"@type\":\"PropertyValueSpecification\",\"valueRequired\":true,\"valueName\":\"search_term_string\"}}],\"inLanguage\":\"es\"},{\"@type\":\"Organization\",\"@id\":\"https:\\\/\\\/realidadturistica.com\\\/realtur\\\/#organization\",\"name\":\"Realidad Tur\u00edstica\",\"url\":\"https:\\\/\\\/realidadturistica.com\\\/realtur\\\/\",\"logo\":{\"@type\":\"ImageObject\",\"inLanguage\":\"es\",\"@id\":\"https:\\\/\\\/realidadturistica.com\\\/realtur\\\/#\\\/schema\\\/logo\\\/image\\\/\",\"url\":\"https:\\\/\\\/realidadturistica.com\\\/realtur\\\/wp-content\\\/uploads\\\/2021\\\/12\\\/logotipo-realidad-turistica.png\",\"contentUrl\":\"https:\\\/\\\/realidadturistica.com\\\/realtur\\\/wp-content\\\/uploads\\\/2021\\\/12\\\/logotipo-realidad-turistica.png\",\"width\":1382,\"height\":629,\"caption\":\"Realidad Tur\u00edstica\"},\"image\":{\"@id\":\"https:\\\/\\\/realidadturistica.com\\\/realtur\\\/#\\\/schema\\\/logo\\\/image\\\/\"},\"sameAs\":[\"https:\\\/\\\/www.facebook.com\\\/realidadturistica\",\"https:\\\/\\\/www.instagram.com\\\/realidad_turistica\\\/\"]},{\"@type\":\"Person\",\"@id\":\"https:\\\/\\\/realidadturistica.com\\\/realtur\\\/#\\\/schema\\\/person\\\/ade671191202490fcf08ab21590de73e\",\"name\":\"Editor\",\"image\":{\"@type\":\"ImageObject\",\"inLanguage\":\"es\",\"@id\":\"https:\\\/\\\/realidadturistica.com\\\/realtur\\\/wp-content\\\/uploads\\\/2023\\\/09\\\/Editor_avatar_1693668634-96x96.png\",\"url\":\"https:\\\/\\\/realidadturistica.com\\\/realtur\\\/wp-content\\\/uploads\\\/2023\\\/09\\\/Editor_avatar_1693668634-96x96.png\",\"contentUrl\":\"https:\\\/\\\/realidadturistica.com\\\/realtur\\\/wp-content\\\/uploads\\\/2023\\\/09\\\/Editor_avatar_1693668634-96x96.png\",\"caption\":\"Editor\"},\"sameAs\":[\"https:\\\/\\\/realidadturistica.com\\\/realtur\"],\"url\":\"https:\\\/\\\/realidadturistica.com\\\/realtur\\\/author\\\/editor2\\\/\"}]}<\/script>\n<!-- \/ Yoast SEO Premium plugin. -->","yoast_head_json":{"title":"Adquiere Mesa Airlines su primer Boeing 737-800 - Realidad Tur\u00edstica","robots":{"index":"index","follow":"follow","max-snippet":"max-snippet:-1","max-image-preview":"max-image-preview:large","max-video-preview":"max-video-preview:-1"},"canonical":"https:\/\/realidadturistica.com\/realtur\/adquiere-mesa-airlines-su-primer-boeing-737-800\/","og_locale":"es_ES","og_type":"article","og_title":"Adquiere Mesa Airlines su primer Boeing 737-800","og_description":"Mesa Airlines recibi\u00f3 su primer B737-800 e inform\u00f3 que planea incluirlo en los procesos de gesti\u00f3n de operaciones para DHL Express en marzo de este&hellip;","og_url":"https:\/\/realidadturistica.com\/realtur\/adquiere-mesa-airlines-su-primer-boeing-737-800\/","og_site_name":"Realidad Tur\u00edstica","article_publisher":"https:\/\/www.facebook.com\/realidadturistica","article_published_time":"2023-02-21T12:26:42+00:00","og_image":[{"width":1200,"height":804,"url":"https:\/\/realidadturistica.com\/realtur\/wp-content\/uploads\/2023\/02\/DSC0145-3.jpg","type":"image\/jpeg"}],"author":"Editor","twitter_card":"summary_large_image","twitter_misc":{"Escrito por":"Editor","Tiempo de lectura":"2 minutos"},"schema":{"@context":"https:\/\/schema.org","@graph":[{"@type":"Article","@id":"https:\/\/realidadturistica.com\/realtur\/adquiere-mesa-airlines-su-primer-boeing-737-800\/#article","isPartOf":{"@id":"https:\/\/realidadturistica.com\/realtur\/adquiere-mesa-airlines-su-primer-boeing-737-800\/"},"author":{"name":"Editor","@id":"https:\/\/realidadturistica.com\/realtur\/#\/schema\/person\/ade671191202490fcf08ab21590de73e"},"headline":"Adquiere Mesa Airlines su primer Boeing 737-800","datePublished":"2023-02-21T12:26:42+00:00","mainEntityOfPage":{"@id":"https:\/\/realidadturistica.com\/realtur\/adquiere-mesa-airlines-su-primer-boeing-737-800\/"},"wordCount":437,"commentCount":0,"publisher":{"@id":"https:\/\/realidadturistica.com\/realtur\/#organization"},"image":{"@id":"https:\/\/realidadturistica.com\/realtur\/adquiere-mesa-airlines-su-primer-boeing-737-800\/#primaryimage"},"thumbnailUrl":"https:\/\/realidadturistica.com\/realtur\/wp-content\/uploads\/2023\/02\/DSC0145-3.jpg","articleSection":["Volar con pasi\u00f3n"],"inLanguage":"es","potentialAction":[{"@type":"CommentAction","name":"Comment","target":["https:\/\/realidadturistica.com\/realtur\/adquiere-mesa-airlines-su-primer-boeing-737-800\/#respond"]}]},{"@type":"WebPage","@id":"https:\/\/realidadturistica.com\/realtur\/adquiere-mesa-airlines-su-primer-boeing-737-800\/","url":"https:\/\/realidadturistica.com\/realtur\/adquiere-mesa-airlines-su-primer-boeing-737-800\/","name":"Adquiere Mesa Airlines su primer Boeing 737-800 - Realidad Tur\u00edstica","isPartOf":{"@id":"https:\/\/realidadturistica.com\/realtur\/#website"},"primaryImageOfPage":{"@id":"https:\/\/realidadturistica.com\/realtur\/adquiere-mesa-airlines-su-primer-boeing-737-800\/#primaryimage"},"image":{"@id":"https:\/\/realidadturistica.com\/realtur\/adquiere-mesa-airlines-su-primer-boeing-737-800\/#primaryimage"},"thumbnailUrl":"https:\/\/realidadturistica.com\/realtur\/wp-content\/uploads\/2023\/02\/DSC0145-3.jpg","datePublished":"2023-02-21T12:26:42+00:00","breadcrumb":{"@id":"https:\/\/realidadturistica.com\/realtur\/adquiere-mesa-airlines-su-primer-boeing-737-800\/#breadcrumb"},"inLanguage":"es","potentialAction":[{"@type":"ReadAction","target":["https:\/\/realidadturistica.com\/realtur\/adquiere-mesa-airlines-su-primer-boeing-737-800\/"]}]},{"@type":"ImageObject","inLanguage":"es","@id":"https:\/\/realidadturistica.com\/realtur\/adquiere-mesa-airlines-su-primer-boeing-737-800\/#primaryimage","url":"https:\/\/realidadturistica.com\/realtur\/wp-content\/uploads\/2023\/02\/DSC0145-3.jpg","contentUrl":"https:\/\/realidadturistica.com\/realtur\/wp-content\/uploads\/2023\/02\/DSC0145-3.jpg","width":1200,"height":804},{"@type":"BreadcrumbList","@id":"https:\/\/realidadturistica.com\/realtur\/adquiere-mesa-airlines-su-primer-boeing-737-800\/#breadcrumb","itemListElement":[{"@type":"ListItem","position":1,"name":"Portada","item":"https:\/\/realidadturistica.com\/realtur\/"},{"@type":"ListItem","position":2,"name":"Adquiere Mesa Airlines su primer Boeing 737-800"}]},{"@type":"WebSite","@id":"https:\/\/realidadturistica.com\/realtur\/#website","url":"https:\/\/realidadturistica.com\/realtur\/","name":"Realidad Tur\u00edstica","description":"","publisher":{"@id":"https:\/\/realidadturistica.com\/realtur\/#organization"},"potentialAction":[{"@type":"SearchAction","target":{"@type":"EntryPoint","urlTemplate":"https:\/\/realidadturistica.com\/realtur\/?s={search_term_string}"},"query-input":{"@type":"PropertyValueSpecification","valueRequired":true,"valueName":"search_term_string"}}],"inLanguage":"es"},{"@type":"Organization","@id":"https:\/\/realidadturistica.com\/realtur\/#organization","name":"Realidad Tur\u00edstica","url":"https:\/\/realidadturistica.com\/realtur\/","logo":{"@type":"ImageObject","inLanguage":"es","@id":"https:\/\/realidadturistica.com\/realtur\/#\/schema\/logo\/image\/","url":"https:\/\/realidadturistica.com\/realtur\/wp-content\/uploads\/2021\/12\/logotipo-realidad-turistica.png","contentUrl":"https:\/\/realidadturistica.com\/realtur\/wp-content\/uploads\/2021\/12\/logotipo-realidad-turistica.png","width":1382,"height":629,"caption":"Realidad Tur\u00edstica"},"image":{"@id":"https:\/\/realidadturistica.com\/realtur\/#\/schema\/logo\/image\/"},"sameAs":["https:\/\/www.facebook.com\/realidadturistica","https:\/\/www.instagram.com\/realidad_turistica\/"]},{"@type":"Person","@id":"https:\/\/realidadturistica.com\/realtur\/#\/schema\/person\/ade671191202490fcf08ab21590de73e","name":"Editor","image":{"@type":"ImageObject","inLanguage":"es","@id":"https:\/\/realidadturistica.com\/realtur\/wp-content\/uploads\/2023\/09\/Editor_avatar_1693668634-96x96.png","url":"https:\/\/realidadturistica.com\/realtur\/wp-content\/uploads\/2023\/09\/Editor_avatar_1693668634-96x96.png","contentUrl":"https:\/\/realidadturistica.com\/realtur\/wp-content\/uploads\/2023\/09\/Editor_avatar_1693668634-96x96.png","caption":"Editor"},"sameAs":["https:\/\/realidadturistica.com\/realtur"],"url":"https:\/\/realidadturistica.com\/realtur\/author\/editor2\/"}]}},"_links":{"self":[{"href":"https:\/\/realidadturistica.com\/realtur\/wp-json\/wp\/v2\/posts\/3907","targetHints":{"allow":["GET"]}}],"collection":[{"href":"https:\/\/realidadturistica.com\/realtur\/wp-json\/wp\/v2\/posts"}],"about":[{"href":"https:\/\/realidadturistica.com\/realtur\/wp-json\/wp\/v2\/types\/post"}],"author":[{"embeddable":true,"href":"https:\/\/realidadturistica.com\/realtur\/wp-json\/wp\/v2\/users\/2"}],"replies":[{"embeddable":true,"href":"https:\/\/realidadturistica.com\/realtur\/wp-json\/wp\/v2\/comments?post=3907"}],"version-history":[{"count":0,"href":"https:\/\/realidadturistica.com\/realtur\/wp-json\/wp\/v2\/posts\/3907\/revisions"}],"wp:featuredmedia":[{"embeddable":true,"href":"https:\/\/realidadturistica.com\/realtur\/wp-json\/wp\/v2\/media\/3908"}],"wp:attachment":[{"href":"https:\/\/realidadturistica.com\/realtur\/wp-json\/wp\/v2\/media?parent=3907"}],"wp:term":[{"taxonomy":"category","embeddable":true,"href":"https:\/\/realidadturistica.com\/realtur\/wp-json\/wp\/v2\/categories?post=3907"},{"taxonomy":"post_tag","embeddable":true,"href":"https:\/\/realidadturistica.com\/realtur\/wp-json\/wp\/v2\/tags?post=3907"}],"curies":[{"name":"wp","href":"https:\/\/api.w.org\/{rel}","templated":true}]}}