{"id":3939,"date":"2023-03-01T03:55:18","date_gmt":"2023-03-01T03:55:18","guid":{"rendered":"https:\/\/realidadturistica.com\/realtur\/?p=3939"},"modified":"2023-03-01T03:55:18","modified_gmt":"2023-03-01T03:55:18","slug":"camberland-la-nueva-marca-hotelera-en-el-mercado-argentina","status":"publish","type":"post","link":"https:\/\/realidadturistica.com\/realtur\/camberland-la-nueva-marca-hotelera-en-el-mercado-argentina\/","title":{"rendered":"Camberland, la nueva marca hotelera en el mercado argentina"},"content":{"rendered":"\n<p>Argentina. Oficialmente y con la inauguraci\u00f3n el 23 de febrero de Camberland Resort &amp; Spa Ramallo del Grupo \u00c1rea SRL, cuyos directivos Alejandra Riveiro y Ezequiel Alfaro dijeron presente en el mercado hotelero argentino y que adem\u00e1s suman otro hotel pues son los directores del Howard Johnson en Ezeiza. Con la reapertura de este gigante que mira al r\u00edo Paran\u00e1 y que permaneci\u00f3 cerrado desde el a\u00f1o 2020 cuando se inici\u00f3 la pandemia y las restricciones sanitarias terminaron por cancelar sus actividades, la ciudad de Ramallo recupera un emblem\u00e1tico edificio hotelero.<\/p>\n\n\n\n<p>Luego de cortar cintas en Ramallo, se inform\u00f3 desde la firma que para esta apertura invirtieron m\u00e1s de 60 millones de pesos para poner puesta a punto al edificio cerrado por m\u00e1s de 2 a\u00f1os.<\/p>\n\n\n\n<p>El nuevo hotel cuenta con 58 habitaciones de distintas categor\u00edas, restaurant, piscina cubierta, gimnasio, piscina exterior con servicio de barra generar\u00e1 m\u00e1s de 30 puestos de trabajo directos, cont\u00f3 en referencia a los trabajadores que ya est\u00e1n cumpliendo tareas, algunos de los cuales tambi\u00e9n formaron parte de los equipos del hotel de la cadena norteamericana, y esta plantilla puede duplicarse en temporada alta o fechas de turismo extra large.<\/p>\n\n\n\n<p>\u201cEstamos muy esperanzados en esta nueva cadena, hemos trabajado con mucha seriedad y responsabilidad\u201d expres\u00f3 Riveiro que adem\u00e1s comento sobre el icono hotelero de la ciudad de Ramallo \u201chicimos una puesta en valor de todo el edificio, desde los cimientos, de cosas que tuvimos que rescatar para poner en valor, que estaban en desuso y en mal estado por el tiempo de cierre de pandemia. Despu\u00e9s trajimos&nbsp; mobiliario nuevo, se parquiz\u00f3 y se ha embellecido \u00edntegramente el hotel. Estaremos trayendo artistas consagrados para que expongan sus obras, algunas ya se pueden ver en las paredes.<\/p>\n\n\n\n<p>Ramallo, expres\u00f3 Alfaro, es para nosotros una ciudad con mucho potencial, por eso la propuesta de Grupo \u00c1rea, es convertirla en un destino que sea atractivo para la gente\u201d. Desde la direcci\u00f3n del hotel quieren aprovechar la cercan\u00eda a CABA y a muchas ciudades importantes de la provincia de Buenos Aires, Santa Fe y Entre R\u00edos. La idea de trabajo, expres\u00f3 Riveiro \u201ces trabajar mucho de lunes a jueves con clientes corporativos, como por ejemplo empresas, laboratorios, bancos, que presentan sus productos y todo eso sucede de lunes a jueves. De viernes a domingos nos convertiremos en un hotel familiar, momento donde hacemos y ofrecemos un mix de negocio, atractivo para todo lo que es corporativo y para la familia\u201d sintetiz\u00f3 la directiva.<\/p>\n\n\n\n<p>Desde el hotel est\u00e1n pensando organizar un Centro Hol\u00edstico donde se dicten actividades como yoga y otros tipos de actividades relacionadas con el bienestar personal, espacios que ser\u00e1n todos abiertos al p\u00fablico. \u201cNuestra idea es que el habitante de Ramallo encuentre en este lugar la posibilidad de venir a comer, de pasar un lindo fin de semana, de venir a pasar un d\u00eda de amigas, hacer un d\u00eda de spa, ofrecer noches rom\u00e1nticas, noches de boda, ya que tenemos un lindo sal\u00f3n para celebrar un casamiento, tenemos el rio enfrente. Queremos tener programas de agua, estamos viendo la posibilidad de tener una salida de pesca, queremos hacer paseos en lancha, estamos charlando bastante con la gente de Turismo para todas las actividades que tengan que ver con el r\u00edo porque entendemos que, tener el rio Paran\u00e1 enfrente, es un lujo\u201d asegur\u00f3 Alfaro.<\/p>\n\n\n\n<p>Porque se eligi\u00f3 Ramallo<\/p>\n\n\n\n<p>Alejandra Riveiro cont\u00f3 \u201cpersonalmente conozco a la familia Bonelli (los propietarios del ex Hotel Howard Johnson) desde hace varios a\u00f1os y conozco tambi\u00e9n a Daniela Vatti, una persona con much\u00edsima experiencia en hoteler\u00eda, profesional formada en Argentina y en el exterior y con qui\u00e9n estamos trabajando la apertura y puesta en marcha del hotel ya que ella fue parte del mismo desde sus or\u00edgenes. Nos acercamos, estuvimos conversando para ver c\u00f3mo nos pod\u00edamos poner de acuerdo y fue todo r\u00e1pido y sencillo, por lo que no quisimos dejar pasar esta oportunidad. El hotel se concesion\u00f3 por 10 a\u00f1os con opci\u00f3n de compra.<\/p>\n\n\n\n<p>Fuente:<\/p>\n","protected":false},"excerpt":{"rendered":"<p>Argentina. Oficialmente y con la inauguraci\u00f3n el 23 de febrero de Camberland Resort &amp; Spa Ramallo del Grupo \u00c1rea SRL, cuyos directivos Alejandra Riveiro y&hellip;<\/p>\n","protected":false},"author":2,"featured_media":3940,"comment_status":"open","ping_status":"closed","sticky":false,"template":"","format":"standard","meta":{"content-type":"","_lmt_disableupdate":"","_lmt_disable":"","footnotes":""},"categories":[4],"tags":[],"class_list":["post-3939","post","type-post","status-publish","format-standard","has-post-thumbnail","hentry","category-destinos"],"yoast_head":"<!-- This site is optimized with the Yoast SEO Premium plugin v27.4 (Yoast SEO v27.5) - https:\/\/yoast.com\/product\/yoast-seo-premium-wordpress\/ -->\n<title>Camberland, la nueva marca hotelera en el mercado argentina - Realidad Tur\u00edstica<\/title>\n<meta name=\"robots\" content=\"index, follow, max-snippet:-1, max-image-preview:large, max-video-preview:-1\" \/>\n<link rel=\"canonical\" href=\"https:\/\/realidadturistica.com\/realtur\/camberland-la-nueva-marca-hotelera-en-el-mercado-argentina\/\" \/>\n<meta property=\"og:locale\" content=\"es_ES\" \/>\n<meta property=\"og:type\" content=\"article\" \/>\n<meta property=\"og:title\" content=\"Camberland, la nueva marca hotelera en el mercado argentina\" \/>\n<meta property=\"og:description\" content=\"Argentina. Oficialmente y con la inauguraci\u00f3n el 23 de febrero de Camberland Resort &amp; Spa Ramallo del Grupo \u00c1rea SRL, cuyos directivos Alejandra Riveiro y&hellip;\" \/>\n<meta property=\"og:url\" content=\"https:\/\/realidadturistica.com\/realtur\/camberland-la-nueva-marca-hotelera-en-el-mercado-argentina\/\" \/>\n<meta property=\"og:site_name\" content=\"Realidad Tur\u00edstica\" \/>\n<meta property=\"article:publisher\" content=\"https:\/\/www.facebook.com\/realidadturistica\" \/>\n<meta property=\"article:published_time\" content=\"2023-03-01T03:55:18+00:00\" \/>\n<meta property=\"og:image\" content=\"https:\/\/realidadturistica.com\/realtur\/wp-content\/uploads\/2023\/03\/Camberland.jpg\" \/>\n\t<meta property=\"og:image:width\" content=\"620\" \/>\n\t<meta property=\"og:image:height\" content=\"190\" \/>\n\t<meta property=\"og:image:type\" content=\"image\/jpeg\" \/>\n<meta name=\"author\" content=\"Editor\" \/>\n<meta name=\"twitter:card\" content=\"summary_large_image\" \/>\n<meta name=\"twitter:label1\" content=\"Escrito por\" \/>\n\t<meta name=\"twitter:data1\" content=\"Editor\" \/>\n\t<meta name=\"twitter:label2\" content=\"Tiempo de lectura\" \/>\n\t<meta name=\"twitter:data2\" content=\"4 minutos\" \/>\n<script type=\"application\/ld+json\" class=\"yoast-schema-graph\">{\"@context\":\"https:\\\/\\\/schema.org\",\"@graph\":[{\"@type\":\"Article\",\"@id\":\"https:\\\/\\\/realidadturistica.com\\\/realtur\\\/camberland-la-nueva-marca-hotelera-en-el-mercado-argentina\\\/#article\",\"isPartOf\":{\"@id\":\"https:\\\/\\\/realidadturistica.com\\\/realtur\\\/camberland-la-nueva-marca-hotelera-en-el-mercado-argentina\\\/\"},\"author\":{\"name\":\"Editor\",\"@id\":\"https:\\\/\\\/realidadturistica.com\\\/realtur\\\/#\\\/schema\\\/person\\\/ade671191202490fcf08ab21590de73e\"},\"headline\":\"Camberland, la nueva marca hotelera en el mercado argentina\",\"datePublished\":\"2023-03-01T03:55:18+00:00\",\"mainEntityOfPage\":{\"@id\":\"https:\\\/\\\/realidadturistica.com\\\/realtur\\\/camberland-la-nueva-marca-hotelera-en-el-mercado-argentina\\\/\"},\"wordCount\":702,\"commentCount\":0,\"publisher\":{\"@id\":\"https:\\\/\\\/realidadturistica.com\\\/realtur\\\/#organization\"},\"image\":{\"@id\":\"https:\\\/\\\/realidadturistica.com\\\/realtur\\\/camberland-la-nueva-marca-hotelera-en-el-mercado-argentina\\\/#primaryimage\"},\"thumbnailUrl\":\"https:\\\/\\\/realidadturistica.com\\\/realtur\\\/wp-content\\\/uploads\\\/2023\\\/03\\\/Camberland.jpg\",\"articleSection\":[\"Destinos M\u00e1gicos\"],\"inLanguage\":\"es\",\"potentialAction\":[{\"@type\":\"CommentAction\",\"name\":\"Comment\",\"target\":[\"https:\\\/\\\/realidadturistica.com\\\/realtur\\\/camberland-la-nueva-marca-hotelera-en-el-mercado-argentina\\\/#respond\"]}]},{\"@type\":\"WebPage\",\"@id\":\"https:\\\/\\\/realidadturistica.com\\\/realtur\\\/camberland-la-nueva-marca-hotelera-en-el-mercado-argentina\\\/\",\"url\":\"https:\\\/\\\/realidadturistica.com\\\/realtur\\\/camberland-la-nueva-marca-hotelera-en-el-mercado-argentina\\\/\",\"name\":\"Camberland, la nueva marca hotelera en el mercado argentina - Realidad Tur\u00edstica\",\"isPartOf\":{\"@id\":\"https:\\\/\\\/realidadturistica.com\\\/realtur\\\/#website\"},\"primaryImageOfPage\":{\"@id\":\"https:\\\/\\\/realidadturistica.com\\\/realtur\\\/camberland-la-nueva-marca-hotelera-en-el-mercado-argentina\\\/#primaryimage\"},\"image\":{\"@id\":\"https:\\\/\\\/realidadturistica.com\\\/realtur\\\/camberland-la-nueva-marca-hotelera-en-el-mercado-argentina\\\/#primaryimage\"},\"thumbnailUrl\":\"https:\\\/\\\/realidadturistica.com\\\/realtur\\\/wp-content\\\/uploads\\\/2023\\\/03\\\/Camberland.jpg\",\"datePublished\":\"2023-03-01T03:55:18+00:00\",\"breadcrumb\":{\"@id\":\"https:\\\/\\\/realidadturistica.com\\\/realtur\\\/camberland-la-nueva-marca-hotelera-en-el-mercado-argentina\\\/#breadcrumb\"},\"inLanguage\":\"es\",\"potentialAction\":[{\"@type\":\"ReadAction\",\"target\":[\"https:\\\/\\\/realidadturistica.com\\\/realtur\\\/camberland-la-nueva-marca-hotelera-en-el-mercado-argentina\\\/\"]}]},{\"@type\":\"ImageObject\",\"inLanguage\":\"es\",\"@id\":\"https:\\\/\\\/realidadturistica.com\\\/realtur\\\/camberland-la-nueva-marca-hotelera-en-el-mercado-argentina\\\/#primaryimage\",\"url\":\"https:\\\/\\\/realidadturistica.com\\\/realtur\\\/wp-content\\\/uploads\\\/2023\\\/03\\\/Camberland.jpg\",\"contentUrl\":\"https:\\\/\\\/realidadturistica.com\\\/realtur\\\/wp-content\\\/uploads\\\/2023\\\/03\\\/Camberland.jpg\",\"width\":620,\"height\":190},{\"@type\":\"BreadcrumbList\",\"@id\":\"https:\\\/\\\/realidadturistica.com\\\/realtur\\\/camberland-la-nueva-marca-hotelera-en-el-mercado-argentina\\\/#breadcrumb\",\"itemListElement\":[{\"@type\":\"ListItem\",\"position\":1,\"name\":\"Portada\",\"item\":\"https:\\\/\\\/realidadturistica.com\\\/realtur\\\/\"},{\"@type\":\"ListItem\",\"position\":2,\"name\":\"Camberland, la nueva marca hotelera en el mercado argentina\"}]},{\"@type\":\"WebSite\",\"@id\":\"https:\\\/\\\/realidadturistica.com\\\/realtur\\\/#website\",\"url\":\"https:\\\/\\\/realidadturistica.com\\\/realtur\\\/\",\"name\":\"Realidad Tur\u00edstica\",\"description\":\"\",\"publisher\":{\"@id\":\"https:\\\/\\\/realidadturistica.com\\\/realtur\\\/#organization\"},\"potentialAction\":[{\"@type\":\"SearchAction\",\"target\":{\"@type\":\"EntryPoint\",\"urlTemplate\":\"https:\\\/\\\/realidadturistica.com\\\/realtur\\\/?s={search_term_string}\"},\"query-input\":{\"@type\":\"PropertyValueSpecification\",\"valueRequired\":true,\"valueName\":\"search_term_string\"}}],\"inLanguage\":\"es\"},{\"@type\":\"Organization\",\"@id\":\"https:\\\/\\\/realidadturistica.com\\\/realtur\\\/#organization\",\"name\":\"Realidad Tur\u00edstica\",\"url\":\"https:\\\/\\\/realidadturistica.com\\\/realtur\\\/\",\"logo\":{\"@type\":\"ImageObject\",\"inLanguage\":\"es\",\"@id\":\"https:\\\/\\\/realidadturistica.com\\\/realtur\\\/#\\\/schema\\\/logo\\\/image\\\/\",\"url\":\"https:\\\/\\\/realidadturistica.com\\\/realtur\\\/wp-content\\\/uploads\\\/2021\\\/12\\\/logotipo-realidad-turistica.png\",\"contentUrl\":\"https:\\\/\\\/realidadturistica.com\\\/realtur\\\/wp-content\\\/uploads\\\/2021\\\/12\\\/logotipo-realidad-turistica.png\",\"width\":1382,\"height\":629,\"caption\":\"Realidad Tur\u00edstica\"},\"image\":{\"@id\":\"https:\\\/\\\/realidadturistica.com\\\/realtur\\\/#\\\/schema\\\/logo\\\/image\\\/\"},\"sameAs\":[\"https:\\\/\\\/www.facebook.com\\\/realidadturistica\",\"https:\\\/\\\/www.instagram.com\\\/realidad_turistica\\\/\"]},{\"@type\":\"Person\",\"@id\":\"https:\\\/\\\/realidadturistica.com\\\/realtur\\\/#\\\/schema\\\/person\\\/ade671191202490fcf08ab21590de73e\",\"name\":\"Editor\",\"image\":{\"@type\":\"ImageObject\",\"inLanguage\":\"es\",\"@id\":\"https:\\\/\\\/realidadturistica.com\\\/realtur\\\/wp-content\\\/uploads\\\/2023\\\/09\\\/Editor_avatar_1693668634-96x96.png\",\"url\":\"https:\\\/\\\/realidadturistica.com\\\/realtur\\\/wp-content\\\/uploads\\\/2023\\\/09\\\/Editor_avatar_1693668634-96x96.png\",\"contentUrl\":\"https:\\\/\\\/realidadturistica.com\\\/realtur\\\/wp-content\\\/uploads\\\/2023\\\/09\\\/Editor_avatar_1693668634-96x96.png\",\"caption\":\"Editor\"},\"sameAs\":[\"https:\\\/\\\/realidadturistica.com\\\/realtur\"],\"url\":\"https:\\\/\\\/realidadturistica.com\\\/realtur\\\/author\\\/editor2\\\/\"}]}<\/script>\n<!-- \/ Yoast SEO Premium plugin. -->","yoast_head_json":{"title":"Camberland, la nueva marca hotelera en el mercado argentina - Realidad Tur\u00edstica","robots":{"index":"index","follow":"follow","max-snippet":"max-snippet:-1","max-image-preview":"max-image-preview:large","max-video-preview":"max-video-preview:-1"},"canonical":"https:\/\/realidadturistica.com\/realtur\/camberland-la-nueva-marca-hotelera-en-el-mercado-argentina\/","og_locale":"es_ES","og_type":"article","og_title":"Camberland, la nueva marca hotelera en el mercado argentina","og_description":"Argentina. Oficialmente y con la inauguraci\u00f3n el 23 de febrero de Camberland Resort &amp; Spa Ramallo del Grupo \u00c1rea SRL, cuyos directivos Alejandra Riveiro y&hellip;","og_url":"https:\/\/realidadturistica.com\/realtur\/camberland-la-nueva-marca-hotelera-en-el-mercado-argentina\/","og_site_name":"Realidad Tur\u00edstica","article_publisher":"https:\/\/www.facebook.com\/realidadturistica","article_published_time":"2023-03-01T03:55:18+00:00","og_image":[{"width":620,"height":190,"url":"https:\/\/realidadturistica.com\/realtur\/wp-content\/uploads\/2023\/03\/Camberland.jpg","type":"image\/jpeg"}],"author":"Editor","twitter_card":"summary_large_image","twitter_misc":{"Escrito por":"Editor","Tiempo de lectura":"4 minutos"},"schema":{"@context":"https:\/\/schema.org","@graph":[{"@type":"Article","@id":"https:\/\/realidadturistica.com\/realtur\/camberland-la-nueva-marca-hotelera-en-el-mercado-argentina\/#article","isPartOf":{"@id":"https:\/\/realidadturistica.com\/realtur\/camberland-la-nueva-marca-hotelera-en-el-mercado-argentina\/"},"author":{"name":"Editor","@id":"https:\/\/realidadturistica.com\/realtur\/#\/schema\/person\/ade671191202490fcf08ab21590de73e"},"headline":"Camberland, la nueva marca hotelera en el mercado argentina","datePublished":"2023-03-01T03:55:18+00:00","mainEntityOfPage":{"@id":"https:\/\/realidadturistica.com\/realtur\/camberland-la-nueva-marca-hotelera-en-el-mercado-argentina\/"},"wordCount":702,"commentCount":0,"publisher":{"@id":"https:\/\/realidadturistica.com\/realtur\/#organization"},"image":{"@id":"https:\/\/realidadturistica.com\/realtur\/camberland-la-nueva-marca-hotelera-en-el-mercado-argentina\/#primaryimage"},"thumbnailUrl":"https:\/\/realidadturistica.com\/realtur\/wp-content\/uploads\/2023\/03\/Camberland.jpg","articleSection":["Destinos M\u00e1gicos"],"inLanguage":"es","potentialAction":[{"@type":"CommentAction","name":"Comment","target":["https:\/\/realidadturistica.com\/realtur\/camberland-la-nueva-marca-hotelera-en-el-mercado-argentina\/#respond"]}]},{"@type":"WebPage","@id":"https:\/\/realidadturistica.com\/realtur\/camberland-la-nueva-marca-hotelera-en-el-mercado-argentina\/","url":"https:\/\/realidadturistica.com\/realtur\/camberland-la-nueva-marca-hotelera-en-el-mercado-argentina\/","name":"Camberland, la nueva marca hotelera en el mercado argentina - Realidad Tur\u00edstica","isPartOf":{"@id":"https:\/\/realidadturistica.com\/realtur\/#website"},"primaryImageOfPage":{"@id":"https:\/\/realidadturistica.com\/realtur\/camberland-la-nueva-marca-hotelera-en-el-mercado-argentina\/#primaryimage"},"image":{"@id":"https:\/\/realidadturistica.com\/realtur\/camberland-la-nueva-marca-hotelera-en-el-mercado-argentina\/#primaryimage"},"thumbnailUrl":"https:\/\/realidadturistica.com\/realtur\/wp-content\/uploads\/2023\/03\/Camberland.jpg","datePublished":"2023-03-01T03:55:18+00:00","breadcrumb":{"@id":"https:\/\/realidadturistica.com\/realtur\/camberland-la-nueva-marca-hotelera-en-el-mercado-argentina\/#breadcrumb"},"inLanguage":"es","potentialAction":[{"@type":"ReadAction","target":["https:\/\/realidadturistica.com\/realtur\/camberland-la-nueva-marca-hotelera-en-el-mercado-argentina\/"]}]},{"@type":"ImageObject","inLanguage":"es","@id":"https:\/\/realidadturistica.com\/realtur\/camberland-la-nueva-marca-hotelera-en-el-mercado-argentina\/#primaryimage","url":"https:\/\/realidadturistica.com\/realtur\/wp-content\/uploads\/2023\/03\/Camberland.jpg","contentUrl":"https:\/\/realidadturistica.com\/realtur\/wp-content\/uploads\/2023\/03\/Camberland.jpg","width":620,"height":190},{"@type":"BreadcrumbList","@id":"https:\/\/realidadturistica.com\/realtur\/camberland-la-nueva-marca-hotelera-en-el-mercado-argentina\/#breadcrumb","itemListElement":[{"@type":"ListItem","position":1,"name":"Portada","item":"https:\/\/realidadturistica.com\/realtur\/"},{"@type":"ListItem","position":2,"name":"Camberland, la nueva marca hotelera en el mercado argentina"}]},{"@type":"WebSite","@id":"https:\/\/realidadturistica.com\/realtur\/#website","url":"https:\/\/realidadturistica.com\/realtur\/","name":"Realidad Tur\u00edstica","description":"","publisher":{"@id":"https:\/\/realidadturistica.com\/realtur\/#organization"},"potentialAction":[{"@type":"SearchAction","target":{"@type":"EntryPoint","urlTemplate":"https:\/\/realidadturistica.com\/realtur\/?s={search_term_string}"},"query-input":{"@type":"PropertyValueSpecification","valueRequired":true,"valueName":"search_term_string"}}],"inLanguage":"es"},{"@type":"Organization","@id":"https:\/\/realidadturistica.com\/realtur\/#organization","name":"Realidad Tur\u00edstica","url":"https:\/\/realidadturistica.com\/realtur\/","logo":{"@type":"ImageObject","inLanguage":"es","@id":"https:\/\/realidadturistica.com\/realtur\/#\/schema\/logo\/image\/","url":"https:\/\/realidadturistica.com\/realtur\/wp-content\/uploads\/2021\/12\/logotipo-realidad-turistica.png","contentUrl":"https:\/\/realidadturistica.com\/realtur\/wp-content\/uploads\/2021\/12\/logotipo-realidad-turistica.png","width":1382,"height":629,"caption":"Realidad Tur\u00edstica"},"image":{"@id":"https:\/\/realidadturistica.com\/realtur\/#\/schema\/logo\/image\/"},"sameAs":["https:\/\/www.facebook.com\/realidadturistica","https:\/\/www.instagram.com\/realidad_turistica\/"]},{"@type":"Person","@id":"https:\/\/realidadturistica.com\/realtur\/#\/schema\/person\/ade671191202490fcf08ab21590de73e","name":"Editor","image":{"@type":"ImageObject","inLanguage":"es","@id":"https:\/\/realidadturistica.com\/realtur\/wp-content\/uploads\/2023\/09\/Editor_avatar_1693668634-96x96.png","url":"https:\/\/realidadturistica.com\/realtur\/wp-content\/uploads\/2023\/09\/Editor_avatar_1693668634-96x96.png","contentUrl":"https:\/\/realidadturistica.com\/realtur\/wp-content\/uploads\/2023\/09\/Editor_avatar_1693668634-96x96.png","caption":"Editor"},"sameAs":["https:\/\/realidadturistica.com\/realtur"],"url":"https:\/\/realidadturistica.com\/realtur\/author\/editor2\/"}]}},"_links":{"self":[{"href":"https:\/\/realidadturistica.com\/realtur\/wp-json\/wp\/v2\/posts\/3939","targetHints":{"allow":["GET"]}}],"collection":[{"href":"https:\/\/realidadturistica.com\/realtur\/wp-json\/wp\/v2\/posts"}],"about":[{"href":"https:\/\/realidadturistica.com\/realtur\/wp-json\/wp\/v2\/types\/post"}],"author":[{"embeddable":true,"href":"https:\/\/realidadturistica.com\/realtur\/wp-json\/wp\/v2\/users\/2"}],"replies":[{"embeddable":true,"href":"https:\/\/realidadturistica.com\/realtur\/wp-json\/wp\/v2\/comments?post=3939"}],"version-history":[{"count":0,"href":"https:\/\/realidadturistica.com\/realtur\/wp-json\/wp\/v2\/posts\/3939\/revisions"}],"wp:featuredmedia":[{"embeddable":true,"href":"https:\/\/realidadturistica.com\/realtur\/wp-json\/wp\/v2\/media\/3940"}],"wp:attachment":[{"href":"https:\/\/realidadturistica.com\/realtur\/wp-json\/wp\/v2\/media?parent=3939"}],"wp:term":[{"taxonomy":"category","embeddable":true,"href":"https:\/\/realidadturistica.com\/realtur\/wp-json\/wp\/v2\/categories?post=3939"},{"taxonomy":"post_tag","embeddable":true,"href":"https:\/\/realidadturistica.com\/realtur\/wp-json\/wp\/v2\/tags?post=3939"}],"curies":[{"name":"wp","href":"https:\/\/api.w.org\/{rel}","templated":true}]}}