{"id":3951,"date":"2023-03-01T04:11:28","date_gmt":"2023-03-01T04:11:28","guid":{"rendered":"https:\/\/realidadturistica.com\/realtur\/?p=3951"},"modified":"2023-03-01T04:11:28","modified_gmt":"2023-03-01T04:11:28","slug":"mas-de-3-millones-de-turistas-se-movilizaran-en-semana-santa","status":"publish","type":"post","link":"https:\/\/realidadturistica.com\/realtur\/mas-de-3-millones-de-turistas-se-movilizaran-en-semana-santa\/","title":{"rendered":"M\u00e1s de 3 millones de turistas se movilizar\u00e1n en Semana Santa"},"content":{"rendered":"\n<p>Guatemala. Diversas actividades interinstitucionales, conversatorios y exposiciones sobre tradiciones y gastronom\u00eda realizar\u00e1 el Instituto Guatemalteco de Turismo (Inguat) como parte del Plan de Acciones Durante la Semana Santa.<\/p>\n\n\n\n<p>Seg\u00fan proyecciones del Inguat, durante la conmemoraci\u00f3n se espera un movimiento de m\u00e1s de 3 millones de connacionales, que podr\u00edan dejar una derrama econ\u00f3mica de Q2.6 millardos, y alrededor de 130 mil extranjeros, que se traducir\u00e1n en Q636.5 millones.<\/p>\n\n\n\n<p>La Antigua Guatemala, Sacatep\u00e9quez, ser\u00eda el principal destino, seguido de Solol\u00e1, Pet\u00e9n, la regi\u00f3n de occidente, Retalhuleu, Izabal, las Verapaces, Esquipulas y las playas del Pac\u00edfico.&nbsp;<\/p>\n\n\n\n<p>Las autoridades estiman que los visitantes de Centroam\u00e9rica tendr\u00e1n una participaci\u00f3n del 77 por ciento en las llegadas; luego Norteam\u00e9rica, con 16 por ciento; as\u00ed como Europa, 5 por ciento, Suram\u00e9rica y el resto del mundo, con 1 por ciento.<\/p>\n\n\n\n<p>Los funcionarios destacaron la asistencia al turista en quioscos de informaci\u00f3n, por medio del Sistema Nacional de Prevenci\u00f3n en Semana Santa (Sinaprese), adem\u00e1s de acompa\u00f1amiento desde la frontera de Valle Nuevo, Jalpatagua, Jutiapa, hacia la capital. La promoci\u00f3n del pa\u00eds, previo a la Semana Mayor, consta de cinco misiones comerciales a El Salvador; Nueva York y Los \u00c1ngeles, Estados Unidos; Costa<\/p>\n\n\n\n<p>Rica, y M\u00e9rida, en M\u00e9xico.<\/p>\n\n\n\n<p>A la vez, se difundir\u00e1n mensajes en sectores estrat\u00e9gicos y en centros comerciales. La campa\u00f1a Disfruta tu tierra impulsar\u00e1 los destinos y el aspecto religioso. La gu\u00eda digital El Preg\u00f3n se enfocar\u00e1 en restaurantes, museos y parques, a fin de fomentar actividades culturales, que incluyen horarios y recorridos de procesiones de la Ciudad Colonial, Quetzaltenango, Totonicap\u00e1n, Alta Verapaz y la capital.<\/p>\n\n\n\n<p>Fuente: Diario de Centroam\u00e9rica.<\/p>\n","protected":false},"excerpt":{"rendered":"<p>Guatemala. Diversas actividades interinstitucionales, conversatorios y exposiciones sobre tradiciones y gastronom\u00eda realizar\u00e1 el Instituto Guatemalteco de Turismo (Inguat) como parte del Plan de Acciones Durante&hellip;<\/p>\n","protected":false},"author":2,"featured_media":3952,"comment_status":"open","ping_status":"closed","sticky":false,"template":"","format":"standard","meta":{"content-type":"","_lmt_disableupdate":"","_lmt_disable":"","footnotes":""},"categories":[6],"tags":[],"class_list":["post-3951","post","type-post","status-publish","format-standard","has-post-thumbnail","hentry","category-turismo"],"yoast_head":"<!-- This site is optimized with the Yoast SEO Premium plugin v27.4 (Yoast SEO v27.5) - https:\/\/yoast.com\/product\/yoast-seo-premium-wordpress\/ -->\n<title>M\u00e1s de 3 millones de turistas se movilizar\u00e1n en Semana Santa - Realidad Tur\u00edstica<\/title>\n<meta name=\"robots\" content=\"index, follow, max-snippet:-1, max-image-preview:large, max-video-preview:-1\" \/>\n<link rel=\"canonical\" href=\"https:\/\/realidadturistica.com\/realtur\/mas-de-3-millones-de-turistas-se-movilizaran-en-semana-santa\/\" \/>\n<meta property=\"og:locale\" content=\"es_ES\" \/>\n<meta property=\"og:type\" content=\"article\" \/>\n<meta property=\"og:title\" content=\"M\u00e1s de 3 millones de turistas se movilizar\u00e1n en Semana Santa\" \/>\n<meta property=\"og:description\" content=\"Guatemala. Diversas actividades interinstitucionales, conversatorios y exposiciones sobre tradiciones y gastronom\u00eda realizar\u00e1 el Instituto Guatemalteco de Turismo (Inguat) como parte del Plan de Acciones Durante&hellip;\" \/>\n<meta property=\"og:url\" content=\"https:\/\/realidadturistica.com\/realtur\/mas-de-3-millones-de-turistas-se-movilizaran-en-semana-santa\/\" \/>\n<meta property=\"og:site_name\" content=\"Realidad Tur\u00edstica\" \/>\n<meta property=\"article:publisher\" content=\"https:\/\/www.facebook.com\/realidadturistica\" \/>\n<meta property=\"article:published_time\" content=\"2023-03-01T04:11:28+00:00\" \/>\n<meta property=\"og:image\" content=\"https:\/\/realidadturistica.com\/realtur\/wp-content\/uploads\/2023\/03\/N1-F1-P3-HERBERT-GARCIA-scaled-1.webp\" \/>\n\t<meta property=\"og:image:width\" content=\"2560\" \/>\n\t<meta property=\"og:image:height\" content=\"1708\" \/>\n\t<meta property=\"og:image:type\" content=\"image\/webp\" \/>\n<meta name=\"author\" content=\"Editor\" \/>\n<meta name=\"twitter:card\" content=\"summary_large_image\" \/>\n<meta name=\"twitter:label1\" content=\"Escrito por\" \/>\n\t<meta name=\"twitter:data1\" content=\"Editor\" \/>\n\t<meta name=\"twitter:label2\" content=\"Tiempo de lectura\" \/>\n\t<meta name=\"twitter:data2\" content=\"2 minutos\" \/>\n<script type=\"application\/ld+json\" class=\"yoast-schema-graph\">{\"@context\":\"https:\\\/\\\/schema.org\",\"@graph\":[{\"@type\":\"Article\",\"@id\":\"https:\\\/\\\/realidadturistica.com\\\/realtur\\\/mas-de-3-millones-de-turistas-se-movilizaran-en-semana-santa\\\/#article\",\"isPartOf\":{\"@id\":\"https:\\\/\\\/realidadturistica.com\\\/realtur\\\/mas-de-3-millones-de-turistas-se-movilizaran-en-semana-santa\\\/\"},\"author\":{\"name\":\"Editor\",\"@id\":\"https:\\\/\\\/realidadturistica.com\\\/realtur\\\/#\\\/schema\\\/person\\\/ade671191202490fcf08ab21590de73e\"},\"headline\":\"M\u00e1s de 3 millones de turistas se movilizar\u00e1n en Semana Santa\",\"datePublished\":\"2023-03-01T04:11:28+00:00\",\"mainEntityOfPage\":{\"@id\":\"https:\\\/\\\/realidadturistica.com\\\/realtur\\\/mas-de-3-millones-de-turistas-se-movilizaran-en-semana-santa\\\/\"},\"wordCount\":303,\"commentCount\":0,\"publisher\":{\"@id\":\"https:\\\/\\\/realidadturistica.com\\\/realtur\\\/#organization\"},\"image\":{\"@id\":\"https:\\\/\\\/realidadturistica.com\\\/realtur\\\/mas-de-3-millones-de-turistas-se-movilizaran-en-semana-santa\\\/#primaryimage\"},\"thumbnailUrl\":\"https:\\\/\\\/realidadturistica.com\\\/realtur\\\/wp-content\\\/uploads\\\/2023\\\/03\\\/N1-F1-P3-HERBERT-GARCIA-scaled-1.webp\",\"articleSection\":[\"Turismo\"],\"inLanguage\":\"es\",\"potentialAction\":[{\"@type\":\"CommentAction\",\"name\":\"Comment\",\"target\":[\"https:\\\/\\\/realidadturistica.com\\\/realtur\\\/mas-de-3-millones-de-turistas-se-movilizaran-en-semana-santa\\\/#respond\"]}]},{\"@type\":\"WebPage\",\"@id\":\"https:\\\/\\\/realidadturistica.com\\\/realtur\\\/mas-de-3-millones-de-turistas-se-movilizaran-en-semana-santa\\\/\",\"url\":\"https:\\\/\\\/realidadturistica.com\\\/realtur\\\/mas-de-3-millones-de-turistas-se-movilizaran-en-semana-santa\\\/\",\"name\":\"M\u00e1s de 3 millones de turistas se movilizar\u00e1n en Semana Santa - Realidad Tur\u00edstica\",\"isPartOf\":{\"@id\":\"https:\\\/\\\/realidadturistica.com\\\/realtur\\\/#website\"},\"primaryImageOfPage\":{\"@id\":\"https:\\\/\\\/realidadturistica.com\\\/realtur\\\/mas-de-3-millones-de-turistas-se-movilizaran-en-semana-santa\\\/#primaryimage\"},\"image\":{\"@id\":\"https:\\\/\\\/realidadturistica.com\\\/realtur\\\/mas-de-3-millones-de-turistas-se-movilizaran-en-semana-santa\\\/#primaryimage\"},\"thumbnailUrl\":\"https:\\\/\\\/realidadturistica.com\\\/realtur\\\/wp-content\\\/uploads\\\/2023\\\/03\\\/N1-F1-P3-HERBERT-GARCIA-scaled-1.webp\",\"datePublished\":\"2023-03-01T04:11:28+00:00\",\"breadcrumb\":{\"@id\":\"https:\\\/\\\/realidadturistica.com\\\/realtur\\\/mas-de-3-millones-de-turistas-se-movilizaran-en-semana-santa\\\/#breadcrumb\"},\"inLanguage\":\"es\",\"potentialAction\":[{\"@type\":\"ReadAction\",\"target\":[\"https:\\\/\\\/realidadturistica.com\\\/realtur\\\/mas-de-3-millones-de-turistas-se-movilizaran-en-semana-santa\\\/\"]}]},{\"@type\":\"ImageObject\",\"inLanguage\":\"es\",\"@id\":\"https:\\\/\\\/realidadturistica.com\\\/realtur\\\/mas-de-3-millones-de-turistas-se-movilizaran-en-semana-santa\\\/#primaryimage\",\"url\":\"https:\\\/\\\/realidadturistica.com\\\/realtur\\\/wp-content\\\/uploads\\\/2023\\\/03\\\/N1-F1-P3-HERBERT-GARCIA-scaled-1.webp\",\"contentUrl\":\"https:\\\/\\\/realidadturistica.com\\\/realtur\\\/wp-content\\\/uploads\\\/2023\\\/03\\\/N1-F1-P3-HERBERT-GARCIA-scaled-1.webp\",\"width\":2560,\"height\":1708},{\"@type\":\"BreadcrumbList\",\"@id\":\"https:\\\/\\\/realidadturistica.com\\\/realtur\\\/mas-de-3-millones-de-turistas-se-movilizaran-en-semana-santa\\\/#breadcrumb\",\"itemListElement\":[{\"@type\":\"ListItem\",\"position\":1,\"name\":\"Portada\",\"item\":\"https:\\\/\\\/realidadturistica.com\\\/realtur\\\/\"},{\"@type\":\"ListItem\",\"position\":2,\"name\":\"M\u00e1s de 3 millones de turistas se movilizar\u00e1n en Semana Santa\"}]},{\"@type\":\"WebSite\",\"@id\":\"https:\\\/\\\/realidadturistica.com\\\/realtur\\\/#website\",\"url\":\"https:\\\/\\\/realidadturistica.com\\\/realtur\\\/\",\"name\":\"Realidad Tur\u00edstica\",\"description\":\"\",\"publisher\":{\"@id\":\"https:\\\/\\\/realidadturistica.com\\\/realtur\\\/#organization\"},\"potentialAction\":[{\"@type\":\"SearchAction\",\"target\":{\"@type\":\"EntryPoint\",\"urlTemplate\":\"https:\\\/\\\/realidadturistica.com\\\/realtur\\\/?s={search_term_string}\"},\"query-input\":{\"@type\":\"PropertyValueSpecification\",\"valueRequired\":true,\"valueName\":\"search_term_string\"}}],\"inLanguage\":\"es\"},{\"@type\":\"Organization\",\"@id\":\"https:\\\/\\\/realidadturistica.com\\\/realtur\\\/#organization\",\"name\":\"Realidad Tur\u00edstica\",\"url\":\"https:\\\/\\\/realidadturistica.com\\\/realtur\\\/\",\"logo\":{\"@type\":\"ImageObject\",\"inLanguage\":\"es\",\"@id\":\"https:\\\/\\\/realidadturistica.com\\\/realtur\\\/#\\\/schema\\\/logo\\\/image\\\/\",\"url\":\"https:\\\/\\\/realidadturistica.com\\\/realtur\\\/wp-content\\\/uploads\\\/2021\\\/12\\\/logotipo-realidad-turistica.png\",\"contentUrl\":\"https:\\\/\\\/realidadturistica.com\\\/realtur\\\/wp-content\\\/uploads\\\/2021\\\/12\\\/logotipo-realidad-turistica.png\",\"width\":1382,\"height\":629,\"caption\":\"Realidad Tur\u00edstica\"},\"image\":{\"@id\":\"https:\\\/\\\/realidadturistica.com\\\/realtur\\\/#\\\/schema\\\/logo\\\/image\\\/\"},\"sameAs\":[\"https:\\\/\\\/www.facebook.com\\\/realidadturistica\",\"https:\\\/\\\/www.instagram.com\\\/realidad_turistica\\\/\"]},{\"@type\":\"Person\",\"@id\":\"https:\\\/\\\/realidadturistica.com\\\/realtur\\\/#\\\/schema\\\/person\\\/ade671191202490fcf08ab21590de73e\",\"name\":\"Editor\",\"image\":{\"@type\":\"ImageObject\",\"inLanguage\":\"es\",\"@id\":\"https:\\\/\\\/realidadturistica.com\\\/realtur\\\/wp-content\\\/uploads\\\/2023\\\/09\\\/Editor_avatar_1693668634-96x96.png\",\"url\":\"https:\\\/\\\/realidadturistica.com\\\/realtur\\\/wp-content\\\/uploads\\\/2023\\\/09\\\/Editor_avatar_1693668634-96x96.png\",\"contentUrl\":\"https:\\\/\\\/realidadturistica.com\\\/realtur\\\/wp-content\\\/uploads\\\/2023\\\/09\\\/Editor_avatar_1693668634-96x96.png\",\"caption\":\"Editor\"},\"sameAs\":[\"https:\\\/\\\/realidadturistica.com\\\/realtur\"],\"url\":\"https:\\\/\\\/realidadturistica.com\\\/realtur\\\/author\\\/editor2\\\/\"}]}<\/script>\n<!-- \/ Yoast SEO Premium plugin. -->","yoast_head_json":{"title":"M\u00e1s de 3 millones de turistas se movilizar\u00e1n en Semana Santa - Realidad Tur\u00edstica","robots":{"index":"index","follow":"follow","max-snippet":"max-snippet:-1","max-image-preview":"max-image-preview:large","max-video-preview":"max-video-preview:-1"},"canonical":"https:\/\/realidadturistica.com\/realtur\/mas-de-3-millones-de-turistas-se-movilizaran-en-semana-santa\/","og_locale":"es_ES","og_type":"article","og_title":"M\u00e1s de 3 millones de turistas se movilizar\u00e1n en Semana Santa","og_description":"Guatemala. Diversas actividades interinstitucionales, conversatorios y exposiciones sobre tradiciones y gastronom\u00eda realizar\u00e1 el Instituto Guatemalteco de Turismo (Inguat) como parte del Plan de Acciones Durante&hellip;","og_url":"https:\/\/realidadturistica.com\/realtur\/mas-de-3-millones-de-turistas-se-movilizaran-en-semana-santa\/","og_site_name":"Realidad Tur\u00edstica","article_publisher":"https:\/\/www.facebook.com\/realidadturistica","article_published_time":"2023-03-01T04:11:28+00:00","og_image":[{"width":2560,"height":1708,"url":"https:\/\/realidadturistica.com\/realtur\/wp-content\/uploads\/2023\/03\/N1-F1-P3-HERBERT-GARCIA-scaled-1.webp","type":"image\/webp"}],"author":"Editor","twitter_card":"summary_large_image","twitter_misc":{"Escrito por":"Editor","Tiempo de lectura":"2 minutos"},"schema":{"@context":"https:\/\/schema.org","@graph":[{"@type":"Article","@id":"https:\/\/realidadturistica.com\/realtur\/mas-de-3-millones-de-turistas-se-movilizaran-en-semana-santa\/#article","isPartOf":{"@id":"https:\/\/realidadturistica.com\/realtur\/mas-de-3-millones-de-turistas-se-movilizaran-en-semana-santa\/"},"author":{"name":"Editor","@id":"https:\/\/realidadturistica.com\/realtur\/#\/schema\/person\/ade671191202490fcf08ab21590de73e"},"headline":"M\u00e1s de 3 millones de turistas se movilizar\u00e1n en Semana Santa","datePublished":"2023-03-01T04:11:28+00:00","mainEntityOfPage":{"@id":"https:\/\/realidadturistica.com\/realtur\/mas-de-3-millones-de-turistas-se-movilizaran-en-semana-santa\/"},"wordCount":303,"commentCount":0,"publisher":{"@id":"https:\/\/realidadturistica.com\/realtur\/#organization"},"image":{"@id":"https:\/\/realidadturistica.com\/realtur\/mas-de-3-millones-de-turistas-se-movilizaran-en-semana-santa\/#primaryimage"},"thumbnailUrl":"https:\/\/realidadturistica.com\/realtur\/wp-content\/uploads\/2023\/03\/N1-F1-P3-HERBERT-GARCIA-scaled-1.webp","articleSection":["Turismo"],"inLanguage":"es","potentialAction":[{"@type":"CommentAction","name":"Comment","target":["https:\/\/realidadturistica.com\/realtur\/mas-de-3-millones-de-turistas-se-movilizaran-en-semana-santa\/#respond"]}]},{"@type":"WebPage","@id":"https:\/\/realidadturistica.com\/realtur\/mas-de-3-millones-de-turistas-se-movilizaran-en-semana-santa\/","url":"https:\/\/realidadturistica.com\/realtur\/mas-de-3-millones-de-turistas-se-movilizaran-en-semana-santa\/","name":"M\u00e1s de 3 millones de turistas se movilizar\u00e1n en Semana Santa - Realidad Tur\u00edstica","isPartOf":{"@id":"https:\/\/realidadturistica.com\/realtur\/#website"},"primaryImageOfPage":{"@id":"https:\/\/realidadturistica.com\/realtur\/mas-de-3-millones-de-turistas-se-movilizaran-en-semana-santa\/#primaryimage"},"image":{"@id":"https:\/\/realidadturistica.com\/realtur\/mas-de-3-millones-de-turistas-se-movilizaran-en-semana-santa\/#primaryimage"},"thumbnailUrl":"https:\/\/realidadturistica.com\/realtur\/wp-content\/uploads\/2023\/03\/N1-F1-P3-HERBERT-GARCIA-scaled-1.webp","datePublished":"2023-03-01T04:11:28+00:00","breadcrumb":{"@id":"https:\/\/realidadturistica.com\/realtur\/mas-de-3-millones-de-turistas-se-movilizaran-en-semana-santa\/#breadcrumb"},"inLanguage":"es","potentialAction":[{"@type":"ReadAction","target":["https:\/\/realidadturistica.com\/realtur\/mas-de-3-millones-de-turistas-se-movilizaran-en-semana-santa\/"]}]},{"@type":"ImageObject","inLanguage":"es","@id":"https:\/\/realidadturistica.com\/realtur\/mas-de-3-millones-de-turistas-se-movilizaran-en-semana-santa\/#primaryimage","url":"https:\/\/realidadturistica.com\/realtur\/wp-content\/uploads\/2023\/03\/N1-F1-P3-HERBERT-GARCIA-scaled-1.webp","contentUrl":"https:\/\/realidadturistica.com\/realtur\/wp-content\/uploads\/2023\/03\/N1-F1-P3-HERBERT-GARCIA-scaled-1.webp","width":2560,"height":1708},{"@type":"BreadcrumbList","@id":"https:\/\/realidadturistica.com\/realtur\/mas-de-3-millones-de-turistas-se-movilizaran-en-semana-santa\/#breadcrumb","itemListElement":[{"@type":"ListItem","position":1,"name":"Portada","item":"https:\/\/realidadturistica.com\/realtur\/"},{"@type":"ListItem","position":2,"name":"M\u00e1s de 3 millones de turistas se movilizar\u00e1n en Semana Santa"}]},{"@type":"WebSite","@id":"https:\/\/realidadturistica.com\/realtur\/#website","url":"https:\/\/realidadturistica.com\/realtur\/","name":"Realidad Tur\u00edstica","description":"","publisher":{"@id":"https:\/\/realidadturistica.com\/realtur\/#organization"},"potentialAction":[{"@type":"SearchAction","target":{"@type":"EntryPoint","urlTemplate":"https:\/\/realidadturistica.com\/realtur\/?s={search_term_string}"},"query-input":{"@type":"PropertyValueSpecification","valueRequired":true,"valueName":"search_term_string"}}],"inLanguage":"es"},{"@type":"Organization","@id":"https:\/\/realidadturistica.com\/realtur\/#organization","name":"Realidad Tur\u00edstica","url":"https:\/\/realidadturistica.com\/realtur\/","logo":{"@type":"ImageObject","inLanguage":"es","@id":"https:\/\/realidadturistica.com\/realtur\/#\/schema\/logo\/image\/","url":"https:\/\/realidadturistica.com\/realtur\/wp-content\/uploads\/2021\/12\/logotipo-realidad-turistica.png","contentUrl":"https:\/\/realidadturistica.com\/realtur\/wp-content\/uploads\/2021\/12\/logotipo-realidad-turistica.png","width":1382,"height":629,"caption":"Realidad Tur\u00edstica"},"image":{"@id":"https:\/\/realidadturistica.com\/realtur\/#\/schema\/logo\/image\/"},"sameAs":["https:\/\/www.facebook.com\/realidadturistica","https:\/\/www.instagram.com\/realidad_turistica\/"]},{"@type":"Person","@id":"https:\/\/realidadturistica.com\/realtur\/#\/schema\/person\/ade671191202490fcf08ab21590de73e","name":"Editor","image":{"@type":"ImageObject","inLanguage":"es","@id":"https:\/\/realidadturistica.com\/realtur\/wp-content\/uploads\/2023\/09\/Editor_avatar_1693668634-96x96.png","url":"https:\/\/realidadturistica.com\/realtur\/wp-content\/uploads\/2023\/09\/Editor_avatar_1693668634-96x96.png","contentUrl":"https:\/\/realidadturistica.com\/realtur\/wp-content\/uploads\/2023\/09\/Editor_avatar_1693668634-96x96.png","caption":"Editor"},"sameAs":["https:\/\/realidadturistica.com\/realtur"],"url":"https:\/\/realidadturistica.com\/realtur\/author\/editor2\/"}]}},"_links":{"self":[{"href":"https:\/\/realidadturistica.com\/realtur\/wp-json\/wp\/v2\/posts\/3951","targetHints":{"allow":["GET"]}}],"collection":[{"href":"https:\/\/realidadturistica.com\/realtur\/wp-json\/wp\/v2\/posts"}],"about":[{"href":"https:\/\/realidadturistica.com\/realtur\/wp-json\/wp\/v2\/types\/post"}],"author":[{"embeddable":true,"href":"https:\/\/realidadturistica.com\/realtur\/wp-json\/wp\/v2\/users\/2"}],"replies":[{"embeddable":true,"href":"https:\/\/realidadturistica.com\/realtur\/wp-json\/wp\/v2\/comments?post=3951"}],"version-history":[{"count":0,"href":"https:\/\/realidadturistica.com\/realtur\/wp-json\/wp\/v2\/posts\/3951\/revisions"}],"wp:featuredmedia":[{"embeddable":true,"href":"https:\/\/realidadturistica.com\/realtur\/wp-json\/wp\/v2\/media\/3952"}],"wp:attachment":[{"href":"https:\/\/realidadturistica.com\/realtur\/wp-json\/wp\/v2\/media?parent=3951"}],"wp:term":[{"taxonomy":"category","embeddable":true,"href":"https:\/\/realidadturistica.com\/realtur\/wp-json\/wp\/v2\/categories?post=3951"},{"taxonomy":"post_tag","embeddable":true,"href":"https:\/\/realidadturistica.com\/realtur\/wp-json\/wp\/v2\/tags?post=3951"}],"curies":[{"name":"wp","href":"https:\/\/api.w.org\/{rel}","templated":true}]}}