{"id":3969,"date":"2023-03-04T03:09:17","date_gmt":"2023-03-04T03:09:17","guid":{"rendered":"https:\/\/realidadturistica.com\/realtur\/?p=3969"},"modified":"2023-03-04T03:09:17","modified_gmt":"2023-03-04T03:09:17","slug":"la-tia-glenda-de-la-oncologia","status":"publish","type":"post","link":"https:\/\/realidadturistica.com\/realtur\/la-tia-glenda-de-la-oncologia\/","title":{"rendered":"La t\u00eda Glenda de la oncolog\u00eda"},"content":{"rendered":"\n<p>Cuba. En ese fuego que cuece las ideas buenas, como defini\u00f3 Jos\u00e9 Mart\u00ed a la salud p\u00fablica,\u00a0 est\u00e1 inmersa la doctora Glenda G\u00f3mez Hern\u00e1ndez, una onc\u00f3loga que ama con pasi\u00f3n la pediatr\u00eda, pero estar hoy en un centro de cirug\u00eda\u00a0 de avanzada ha sido una escuela que ampl\u00eda por d\u00eda sus horizontes sobre procedimientos y calidad de vida asociados a una especialidad tan demandada en el mundo entero.<\/p>\n\n\n\n<p>Con esa mirada de futuro que le caracteriza&nbsp; habla de las ventajas de la cirug\u00eda laparosc\u00f3pica, tan ajena a los esquemas tradicionales de operaciones mutilantes y deformantes, &nbsp;\u201caunque&nbsp; cueste entender, incluso a profesionales,&nbsp; que tengan los mismos efectos, con m\u00e1s r\u00e1pida recuperaci\u00f3n y reinserci\u00f3n a la sociedad\u201d, afirma esta t\u00edpica doctora cubana que no presume de lo que hace.&nbsp;&nbsp;&nbsp;&nbsp;<\/p>\n\n\n\n<p>Describe con detalles la visi\u00f3n cient\u00edfica que le aporta el trabajo en equipo, pilar fundamental &nbsp;en el Centro Nacional de Cirug\u00eda de M\u00ednimo Acceso (CNCMA), donde labora desde 2015 en esa puerta de entrada que es la consulta de clasificaci\u00f3n, &nbsp;abierta de lunes a viernes en el horario matutino. Justo all\u00ed, donde da la bienvenida a los pacientes, &nbsp;conversamos largo rato del proceso.<\/p>\n\n\n\n<p>\u201cRecepcionamos los casos remitidos desde otras instituciones, &nbsp;ya vienen con sus estudios, aunque aqu\u00ed se pueden complementar, una vez que evaluamos, de conjunto con otras disciplinas m\u00e9dicas, y clasificamos los aptos para ser operados con las t\u00e9cnicas m\u00ednimamente invasivas. Luego de la etapa quir\u00fargica regresan con nosotros para el&nbsp; posterior tratamiento\u201d<\/p>\n\n\n\n<p>Aunque hay centros similares en todo el mundo, el de la Habana recibe a pacientes procedentes de otras latitudes atra\u00eddos por esa calidez humana que es el a,b,c&nbsp; all\u00ed y que destaca con orgullo&nbsp; esta fiel apasionada de la ciencia y de la \u00e9tica m\u00e9dica. &nbsp;&nbsp;Por v\u00eda internet llegan a la sala de servicios m\u00e9dicos internacionales y en ese contacto on line &nbsp;coordinan el ingreso, la cirug\u00eda y el seguimiento, si fuera necesario. La retroalimentaci\u00f3n en el sitio web habla por s\u00ed sola del grado de satisfacci\u00f3n<\/p>\n\n\n\n<p>Cuenta la doctora Glenda que las cirug\u00edas oncol\u00f3gicas de colon y recto, de urolog\u00eda y ginecol\u00f3gicas son las de m\u00e1s prevalencia entre las que realizan. Y con menor incidencia las de cabeza y cuello: &nbsp;\u201dPor esta v\u00eda \u2013especifica- conservar el esf\u00ednter anal, en el primer caso y el ri\u00f1\u00f3n, en el segundo, son beneficios que hablan de la fortaleza de estas t\u00e9cnicas en aras de la posterior calidad de vida. Por eso se dice que es la cirug\u00eda del futuro\u201d.<\/p>\n\n\n\n<p>Habla tambi\u00e9n de ese seguimiento prolongado en el tiempo al paciente oncol\u00f3gico, del que surge una familiaridad m\u00e1s all\u00e1 de la relaci\u00f3n profesional que en Glenda es parte de la satisfacci\u00f3n por saberse \u00fatil y agradecida. No por casualidad notamos que su n\u00famero de tel\u00e9fono est\u00e1 en funci\u00f3n de ello. Por esa v\u00eda &nbsp;les ayuda a sacar los turnos u otras citas y en la constante comunicaci\u00f3n por WhatsApp hasta puede tomar conductas para evitar un traslado innecesario hasta el hospital. Mejor no se puede describir el sentido humano que hay en ella. &nbsp;&nbsp;<\/p>\n\n\n\n<p>\u201cSon nuestros eternamente\u201d \u2013nos dice con cara de quien no acepta la redenci\u00f3n y apuesta siempre por hallar nuevos caminos. \u201cEse v\u00ednculo afectivo inspira una confianza en ellos determinante para su evoluci\u00f3n\u201d, dice m\u00e1s adelante. Nunca les damos de alta, m\u00e1s bien estratificamos cada caso seg\u00fan el estad\u00edo de la enfermedad y nos vemos y nos volvemos a ver reforzando esos valores.\u201d<\/p>\n\n\n\n<p>Mientras&nbsp; avanza la conversaci\u00f3n m\u00e1s se revela la&nbsp; vocaci\u00f3n por la medicina de quien cree y apuesta por las segundas oportunidades. \u201cEstuve un a\u00f1o en casa convaleciente de la enfermedad que padezco cuando me lleg\u00f3 la propuesta de reiniciar aqu\u00ed&nbsp; mi vida laboral\u201d, refiere.<\/p>\n\n\n\n<p>&nbsp;Vivir cerca y contar con el apoyo de su familia le permiti\u00f3 probar suerte &nbsp;\u201caunque \u2013confiesa- llegu\u00e9 convencida de que no ser\u00eda igual, no dejo de extra\u00f1ar a mis peque\u00f1os pacientes, algunos ya grandes con quienes sigo en contacto permanente. Y muestra la foto abrazada a Luciano, un joven de 16 a\u00f1os que comenz\u00f3 a atender cuando lleg\u00f3 a su consulta en coche, con solo un a\u00f1o de nacido,&nbsp; y quien sigue ah\u00ed como parte esencial en su vida, \u201cMe dice t\u00eda Glenda\u201d. Otras an\u00e9cdotas &nbsp;tambi\u00e9n afloran recuerdos inolvidables del tiempo que ejerci\u00f3 la oncolog\u00eda infantil.<\/p>\n\n\n\n<p>\u201cDesde que me gradu\u00e9 de Medicina en 2003 &nbsp;trabaj\u00e9 en el Instituto Nacional de Oncolog\u00eda mientras cursaba la especialidad\u201d nos narra.&nbsp; Lleg\u00f3 a dirigir los Servicios de Oncopediatr\u00eda. Todo el tiempo en constante lucha por vencer la enfermedad y devolver la risa a ni\u00f1os y padres. De esa etapa guarda Incontables pasajes que no puede olvidar: \u201cson muchas las tensiones, el estr\u00e9s y ese tacto especial que requieren las edades peque\u00f1as.&nbsp; Pero si no hubiera enfermado todav\u00eda estuviera all\u00ed\u201d, asegura muy enf\u00e1tica.<\/p>\n\n\n\n<p>La medicina cl\u00ednica, por la que se inclin\u00f3, encontr\u00f3 nuevas perspectivas y sue\u00f1os, ahora asociados a las t\u00e9cnicas de M\u00ednimo Acceso: \u201cEs un universo muy amplio. Se asocia a muchas especialidades y eso le exige estudio y constante actualizaci\u00f3n cient\u00edfica al especialista. Todo el tiempo est\u00e1s aprendiendo porque la ciencia avanza a una velocidad incre\u00edble\u201d, asiente quien tuvo en su padre un referente para elegir una carrera de tanta entrega.<\/p>\n\n\n\n<p>Para ello cuenta con una retaguardia en casa que encabeza un m\u00fasico con m\u00e1s de 22 a\u00f1os a su lado entre novios y casados, la madre y fiel amiga y dos&nbsp; hijos, de 11 y 10 a\u00f1os, \u201ccorte y pega de su padre &nbsp;por la energ\u00eda y simpat\u00eda que impregnan\u201d-asegura sonriente &nbsp;y se muestra alegre mostrando fotos de casa, de paseos y festejos cuando describe ese ambiente feliz del hogar, el mismo que le inspir\u00f3 el final a la entrevista: \u201cAdoro la Medicina, pero mi pasi\u00f3n predilecta es la familia.\u201d<\/p>\n\n\n\n<p>Fuente: Realidad Tur\u00edstica.<\/p>\n","protected":false},"excerpt":{"rendered":"<p>Cuba. En ese fuego que cuece las ideas buenas, como defini\u00f3 Jos\u00e9 Mart\u00ed a la salud p\u00fablica,\u00a0 est\u00e1 inmersa la doctora Glenda G\u00f3mez Hern\u00e1ndez, una&hellip;<\/p>\n","protected":false},"author":2,"featured_media":3970,"comment_status":"open","ping_status":"closed","sticky":false,"template":"","format":"standard","meta":{"content-type":"","_lmt_disableupdate":"","_lmt_disable":"","footnotes":""},"categories":[7],"tags":[],"class_list":["post-3969","post","type-post","status-publish","format-standard","has-post-thumbnail","hentry","category-turismo-salud"],"yoast_head":"<!-- This site is optimized with the Yoast SEO Premium plugin v27.4 (Yoast SEO v27.5) - https:\/\/yoast.com\/product\/yoast-seo-premium-wordpress\/ -->\n<title>La t\u00eda Glenda de la oncolog\u00eda - Realidad Tur\u00edstica<\/title>\n<meta name=\"robots\" content=\"index, follow, max-snippet:-1, max-image-preview:large, max-video-preview:-1\" \/>\n<link rel=\"canonical\" href=\"https:\/\/realidadturistica.com\/realtur\/la-tia-glenda-de-la-oncologia\/\" \/>\n<meta property=\"og:locale\" content=\"es_ES\" \/>\n<meta property=\"og:type\" content=\"article\" \/>\n<meta property=\"og:title\" content=\"La t\u00eda Glenda de la oncolog\u00eda\" \/>\n<meta property=\"og:description\" content=\"Cuba. En ese fuego que cuece las ideas buenas, como defini\u00f3 Jos\u00e9 Mart\u00ed a la salud p\u00fablica,\u00a0 est\u00e1 inmersa la doctora Glenda G\u00f3mez Hern\u00e1ndez, una&hellip;\" \/>\n<meta property=\"og:url\" content=\"https:\/\/realidadturistica.com\/realtur\/la-tia-glenda-de-la-oncologia\/\" \/>\n<meta property=\"og:site_name\" content=\"Realidad Tur\u00edstica\" \/>\n<meta property=\"article:publisher\" content=\"https:\/\/www.facebook.com\/realidadturistica\" \/>\n<meta property=\"article:published_time\" content=\"2023-03-04T03:09:17+00:00\" \/>\n<meta property=\"og:image\" content=\"https:\/\/realidadturistica.com\/realtur\/wp-content\/uploads\/2023\/03\/La-tia-Glenda.jpg\" \/>\n\t<meta property=\"og:image:width\" content=\"780\" \/>\n\t<meta property=\"og:image:height\" content=\"1040\" \/>\n\t<meta property=\"og:image:type\" content=\"image\/jpeg\" \/>\n<meta name=\"author\" content=\"Editor\" \/>\n<meta name=\"twitter:card\" content=\"summary_large_image\" \/>\n<meta name=\"twitter:label1\" content=\"Escrito por\" \/>\n\t<meta name=\"twitter:data1\" content=\"Editor\" \/>\n\t<meta name=\"twitter:label2\" content=\"Tiempo de lectura\" \/>\n\t<meta name=\"twitter:data2\" content=\"5 minutos\" \/>\n<script type=\"application\/ld+json\" class=\"yoast-schema-graph\">{\"@context\":\"https:\\\/\\\/schema.org\",\"@graph\":[{\"@type\":\"Article\",\"@id\":\"https:\\\/\\\/realidadturistica.com\\\/realtur\\\/la-tia-glenda-de-la-oncologia\\\/#article\",\"isPartOf\":{\"@id\":\"https:\\\/\\\/realidadturistica.com\\\/realtur\\\/la-tia-glenda-de-la-oncologia\\\/\"},\"author\":{\"name\":\"Editor\",\"@id\":\"https:\\\/\\\/realidadturistica.com\\\/realtur\\\/#\\\/schema\\\/person\\\/ade671191202490fcf08ab21590de73e\"},\"headline\":\"La t\u00eda Glenda de la oncolog\u00eda\",\"datePublished\":\"2023-03-04T03:09:17+00:00\",\"mainEntityOfPage\":{\"@id\":\"https:\\\/\\\/realidadturistica.com\\\/realtur\\\/la-tia-glenda-de-la-oncologia\\\/\"},\"wordCount\":1083,\"commentCount\":0,\"publisher\":{\"@id\":\"https:\\\/\\\/realidadturistica.com\\\/realtur\\\/#organization\"},\"image\":{\"@id\":\"https:\\\/\\\/realidadturistica.com\\\/realtur\\\/la-tia-glenda-de-la-oncologia\\\/#primaryimage\"},\"thumbnailUrl\":\"https:\\\/\\\/realidadturistica.com\\\/realtur\\\/wp-content\\\/uploads\\\/2023\\\/03\\\/La-tia-Glenda.jpg\",\"articleSection\":[\"Salud para viajar\"],\"inLanguage\":\"es\",\"potentialAction\":[{\"@type\":\"CommentAction\",\"name\":\"Comment\",\"target\":[\"https:\\\/\\\/realidadturistica.com\\\/realtur\\\/la-tia-glenda-de-la-oncologia\\\/#respond\"]}]},{\"@type\":\"WebPage\",\"@id\":\"https:\\\/\\\/realidadturistica.com\\\/realtur\\\/la-tia-glenda-de-la-oncologia\\\/\",\"url\":\"https:\\\/\\\/realidadturistica.com\\\/realtur\\\/la-tia-glenda-de-la-oncologia\\\/\",\"name\":\"La t\u00eda Glenda de la oncolog\u00eda - Realidad Tur\u00edstica\",\"isPartOf\":{\"@id\":\"https:\\\/\\\/realidadturistica.com\\\/realtur\\\/#website\"},\"primaryImageOfPage\":{\"@id\":\"https:\\\/\\\/realidadturistica.com\\\/realtur\\\/la-tia-glenda-de-la-oncologia\\\/#primaryimage\"},\"image\":{\"@id\":\"https:\\\/\\\/realidadturistica.com\\\/realtur\\\/la-tia-glenda-de-la-oncologia\\\/#primaryimage\"},\"thumbnailUrl\":\"https:\\\/\\\/realidadturistica.com\\\/realtur\\\/wp-content\\\/uploads\\\/2023\\\/03\\\/La-tia-Glenda.jpg\",\"datePublished\":\"2023-03-04T03:09:17+00:00\",\"breadcrumb\":{\"@id\":\"https:\\\/\\\/realidadturistica.com\\\/realtur\\\/la-tia-glenda-de-la-oncologia\\\/#breadcrumb\"},\"inLanguage\":\"es\",\"potentialAction\":[{\"@type\":\"ReadAction\",\"target\":[\"https:\\\/\\\/realidadturistica.com\\\/realtur\\\/la-tia-glenda-de-la-oncologia\\\/\"]}]},{\"@type\":\"ImageObject\",\"inLanguage\":\"es\",\"@id\":\"https:\\\/\\\/realidadturistica.com\\\/realtur\\\/la-tia-glenda-de-la-oncologia\\\/#primaryimage\",\"url\":\"https:\\\/\\\/realidadturistica.com\\\/realtur\\\/wp-content\\\/uploads\\\/2023\\\/03\\\/La-tia-Glenda.jpg\",\"contentUrl\":\"https:\\\/\\\/realidadturistica.com\\\/realtur\\\/wp-content\\\/uploads\\\/2023\\\/03\\\/La-tia-Glenda.jpg\",\"width\":780,\"height\":1040},{\"@type\":\"BreadcrumbList\",\"@id\":\"https:\\\/\\\/realidadturistica.com\\\/realtur\\\/la-tia-glenda-de-la-oncologia\\\/#breadcrumb\",\"itemListElement\":[{\"@type\":\"ListItem\",\"position\":1,\"name\":\"Portada\",\"item\":\"https:\\\/\\\/realidadturistica.com\\\/realtur\\\/\"},{\"@type\":\"ListItem\",\"position\":2,\"name\":\"La t\u00eda Glenda de la oncolog\u00eda\"}]},{\"@type\":\"WebSite\",\"@id\":\"https:\\\/\\\/realidadturistica.com\\\/realtur\\\/#website\",\"url\":\"https:\\\/\\\/realidadturistica.com\\\/realtur\\\/\",\"name\":\"Realidad Tur\u00edstica\",\"description\":\"\",\"publisher\":{\"@id\":\"https:\\\/\\\/realidadturistica.com\\\/realtur\\\/#organization\"},\"potentialAction\":[{\"@type\":\"SearchAction\",\"target\":{\"@type\":\"EntryPoint\",\"urlTemplate\":\"https:\\\/\\\/realidadturistica.com\\\/realtur\\\/?s={search_term_string}\"},\"query-input\":{\"@type\":\"PropertyValueSpecification\",\"valueRequired\":true,\"valueName\":\"search_term_string\"}}],\"inLanguage\":\"es\"},{\"@type\":\"Organization\",\"@id\":\"https:\\\/\\\/realidadturistica.com\\\/realtur\\\/#organization\",\"name\":\"Realidad Tur\u00edstica\",\"url\":\"https:\\\/\\\/realidadturistica.com\\\/realtur\\\/\",\"logo\":{\"@type\":\"ImageObject\",\"inLanguage\":\"es\",\"@id\":\"https:\\\/\\\/realidadturistica.com\\\/realtur\\\/#\\\/schema\\\/logo\\\/image\\\/\",\"url\":\"https:\\\/\\\/realidadturistica.com\\\/realtur\\\/wp-content\\\/uploads\\\/2021\\\/12\\\/logotipo-realidad-turistica.png\",\"contentUrl\":\"https:\\\/\\\/realidadturistica.com\\\/realtur\\\/wp-content\\\/uploads\\\/2021\\\/12\\\/logotipo-realidad-turistica.png\",\"width\":1382,\"height\":629,\"caption\":\"Realidad Tur\u00edstica\"},\"image\":{\"@id\":\"https:\\\/\\\/realidadturistica.com\\\/realtur\\\/#\\\/schema\\\/logo\\\/image\\\/\"},\"sameAs\":[\"https:\\\/\\\/www.facebook.com\\\/realidadturistica\",\"https:\\\/\\\/www.instagram.com\\\/realidad_turistica\\\/\"]},{\"@type\":\"Person\",\"@id\":\"https:\\\/\\\/realidadturistica.com\\\/realtur\\\/#\\\/schema\\\/person\\\/ade671191202490fcf08ab21590de73e\",\"name\":\"Editor\",\"image\":{\"@type\":\"ImageObject\",\"inLanguage\":\"es\",\"@id\":\"https:\\\/\\\/realidadturistica.com\\\/realtur\\\/wp-content\\\/uploads\\\/2023\\\/09\\\/Editor_avatar_1693668634-96x96.png\",\"url\":\"https:\\\/\\\/realidadturistica.com\\\/realtur\\\/wp-content\\\/uploads\\\/2023\\\/09\\\/Editor_avatar_1693668634-96x96.png\",\"contentUrl\":\"https:\\\/\\\/realidadturistica.com\\\/realtur\\\/wp-content\\\/uploads\\\/2023\\\/09\\\/Editor_avatar_1693668634-96x96.png\",\"caption\":\"Editor\"},\"sameAs\":[\"https:\\\/\\\/realidadturistica.com\\\/realtur\"],\"url\":\"https:\\\/\\\/realidadturistica.com\\\/realtur\\\/author\\\/editor2\\\/\"}]}<\/script>\n<!-- \/ Yoast SEO Premium plugin. -->","yoast_head_json":{"title":"La t\u00eda Glenda de la oncolog\u00eda - Realidad Tur\u00edstica","robots":{"index":"index","follow":"follow","max-snippet":"max-snippet:-1","max-image-preview":"max-image-preview:large","max-video-preview":"max-video-preview:-1"},"canonical":"https:\/\/realidadturistica.com\/realtur\/la-tia-glenda-de-la-oncologia\/","og_locale":"es_ES","og_type":"article","og_title":"La t\u00eda Glenda de la oncolog\u00eda","og_description":"Cuba. En ese fuego que cuece las ideas buenas, como defini\u00f3 Jos\u00e9 Mart\u00ed a la salud p\u00fablica,\u00a0 est\u00e1 inmersa la doctora Glenda G\u00f3mez Hern\u00e1ndez, una&hellip;","og_url":"https:\/\/realidadturistica.com\/realtur\/la-tia-glenda-de-la-oncologia\/","og_site_name":"Realidad Tur\u00edstica","article_publisher":"https:\/\/www.facebook.com\/realidadturistica","article_published_time":"2023-03-04T03:09:17+00:00","og_image":[{"width":780,"height":1040,"url":"https:\/\/realidadturistica.com\/realtur\/wp-content\/uploads\/2023\/03\/La-tia-Glenda.jpg","type":"image\/jpeg"}],"author":"Editor","twitter_card":"summary_large_image","twitter_misc":{"Escrito por":"Editor","Tiempo de lectura":"5 minutos"},"schema":{"@context":"https:\/\/schema.org","@graph":[{"@type":"Article","@id":"https:\/\/realidadturistica.com\/realtur\/la-tia-glenda-de-la-oncologia\/#article","isPartOf":{"@id":"https:\/\/realidadturistica.com\/realtur\/la-tia-glenda-de-la-oncologia\/"},"author":{"name":"Editor","@id":"https:\/\/realidadturistica.com\/realtur\/#\/schema\/person\/ade671191202490fcf08ab21590de73e"},"headline":"La t\u00eda Glenda de la oncolog\u00eda","datePublished":"2023-03-04T03:09:17+00:00","mainEntityOfPage":{"@id":"https:\/\/realidadturistica.com\/realtur\/la-tia-glenda-de-la-oncologia\/"},"wordCount":1083,"commentCount":0,"publisher":{"@id":"https:\/\/realidadturistica.com\/realtur\/#organization"},"image":{"@id":"https:\/\/realidadturistica.com\/realtur\/la-tia-glenda-de-la-oncologia\/#primaryimage"},"thumbnailUrl":"https:\/\/realidadturistica.com\/realtur\/wp-content\/uploads\/2023\/03\/La-tia-Glenda.jpg","articleSection":["Salud para viajar"],"inLanguage":"es","potentialAction":[{"@type":"CommentAction","name":"Comment","target":["https:\/\/realidadturistica.com\/realtur\/la-tia-glenda-de-la-oncologia\/#respond"]}]},{"@type":"WebPage","@id":"https:\/\/realidadturistica.com\/realtur\/la-tia-glenda-de-la-oncologia\/","url":"https:\/\/realidadturistica.com\/realtur\/la-tia-glenda-de-la-oncologia\/","name":"La t\u00eda Glenda de la oncolog\u00eda - Realidad Tur\u00edstica","isPartOf":{"@id":"https:\/\/realidadturistica.com\/realtur\/#website"},"primaryImageOfPage":{"@id":"https:\/\/realidadturistica.com\/realtur\/la-tia-glenda-de-la-oncologia\/#primaryimage"},"image":{"@id":"https:\/\/realidadturistica.com\/realtur\/la-tia-glenda-de-la-oncologia\/#primaryimage"},"thumbnailUrl":"https:\/\/realidadturistica.com\/realtur\/wp-content\/uploads\/2023\/03\/La-tia-Glenda.jpg","datePublished":"2023-03-04T03:09:17+00:00","breadcrumb":{"@id":"https:\/\/realidadturistica.com\/realtur\/la-tia-glenda-de-la-oncologia\/#breadcrumb"},"inLanguage":"es","potentialAction":[{"@type":"ReadAction","target":["https:\/\/realidadturistica.com\/realtur\/la-tia-glenda-de-la-oncologia\/"]}]},{"@type":"ImageObject","inLanguage":"es","@id":"https:\/\/realidadturistica.com\/realtur\/la-tia-glenda-de-la-oncologia\/#primaryimage","url":"https:\/\/realidadturistica.com\/realtur\/wp-content\/uploads\/2023\/03\/La-tia-Glenda.jpg","contentUrl":"https:\/\/realidadturistica.com\/realtur\/wp-content\/uploads\/2023\/03\/La-tia-Glenda.jpg","width":780,"height":1040},{"@type":"BreadcrumbList","@id":"https:\/\/realidadturistica.com\/realtur\/la-tia-glenda-de-la-oncologia\/#breadcrumb","itemListElement":[{"@type":"ListItem","position":1,"name":"Portada","item":"https:\/\/realidadturistica.com\/realtur\/"},{"@type":"ListItem","position":2,"name":"La t\u00eda Glenda de la oncolog\u00eda"}]},{"@type":"WebSite","@id":"https:\/\/realidadturistica.com\/realtur\/#website","url":"https:\/\/realidadturistica.com\/realtur\/","name":"Realidad Tur\u00edstica","description":"","publisher":{"@id":"https:\/\/realidadturistica.com\/realtur\/#organization"},"potentialAction":[{"@type":"SearchAction","target":{"@type":"EntryPoint","urlTemplate":"https:\/\/realidadturistica.com\/realtur\/?s={search_term_string}"},"query-input":{"@type":"PropertyValueSpecification","valueRequired":true,"valueName":"search_term_string"}}],"inLanguage":"es"},{"@type":"Organization","@id":"https:\/\/realidadturistica.com\/realtur\/#organization","name":"Realidad Tur\u00edstica","url":"https:\/\/realidadturistica.com\/realtur\/","logo":{"@type":"ImageObject","inLanguage":"es","@id":"https:\/\/realidadturistica.com\/realtur\/#\/schema\/logo\/image\/","url":"https:\/\/realidadturistica.com\/realtur\/wp-content\/uploads\/2021\/12\/logotipo-realidad-turistica.png","contentUrl":"https:\/\/realidadturistica.com\/realtur\/wp-content\/uploads\/2021\/12\/logotipo-realidad-turistica.png","width":1382,"height":629,"caption":"Realidad Tur\u00edstica"},"image":{"@id":"https:\/\/realidadturistica.com\/realtur\/#\/schema\/logo\/image\/"},"sameAs":["https:\/\/www.facebook.com\/realidadturistica","https:\/\/www.instagram.com\/realidad_turistica\/"]},{"@type":"Person","@id":"https:\/\/realidadturistica.com\/realtur\/#\/schema\/person\/ade671191202490fcf08ab21590de73e","name":"Editor","image":{"@type":"ImageObject","inLanguage":"es","@id":"https:\/\/realidadturistica.com\/realtur\/wp-content\/uploads\/2023\/09\/Editor_avatar_1693668634-96x96.png","url":"https:\/\/realidadturistica.com\/realtur\/wp-content\/uploads\/2023\/09\/Editor_avatar_1693668634-96x96.png","contentUrl":"https:\/\/realidadturistica.com\/realtur\/wp-content\/uploads\/2023\/09\/Editor_avatar_1693668634-96x96.png","caption":"Editor"},"sameAs":["https:\/\/realidadturistica.com\/realtur"],"url":"https:\/\/realidadturistica.com\/realtur\/author\/editor2\/"}]}},"_links":{"self":[{"href":"https:\/\/realidadturistica.com\/realtur\/wp-json\/wp\/v2\/posts\/3969","targetHints":{"allow":["GET"]}}],"collection":[{"href":"https:\/\/realidadturistica.com\/realtur\/wp-json\/wp\/v2\/posts"}],"about":[{"href":"https:\/\/realidadturistica.com\/realtur\/wp-json\/wp\/v2\/types\/post"}],"author":[{"embeddable":true,"href":"https:\/\/realidadturistica.com\/realtur\/wp-json\/wp\/v2\/users\/2"}],"replies":[{"embeddable":true,"href":"https:\/\/realidadturistica.com\/realtur\/wp-json\/wp\/v2\/comments?post=3969"}],"version-history":[{"count":0,"href":"https:\/\/realidadturistica.com\/realtur\/wp-json\/wp\/v2\/posts\/3969\/revisions"}],"wp:featuredmedia":[{"embeddable":true,"href":"https:\/\/realidadturistica.com\/realtur\/wp-json\/wp\/v2\/media\/3970"}],"wp:attachment":[{"href":"https:\/\/realidadturistica.com\/realtur\/wp-json\/wp\/v2\/media?parent=3969"}],"wp:term":[{"taxonomy":"category","embeddable":true,"href":"https:\/\/realidadturistica.com\/realtur\/wp-json\/wp\/v2\/categories?post=3969"},{"taxonomy":"post_tag","embeddable":true,"href":"https:\/\/realidadturistica.com\/realtur\/wp-json\/wp\/v2\/tags?post=3969"}],"curies":[{"name":"wp","href":"https:\/\/api.w.org\/{rel}","templated":true}]}}